{"id":76227,"date":"2023-05-17T16:35:42","date_gmt":"2023-05-17T14:35:42","guid":{"rendered":"https:\/\/exaudi.org\/?p=76227"},"modified":"2023-05-17T18:46:56","modified_gmt":"2023-05-17T16:46:56","slug":"catechesi-la-passione-per-levangelizzazione-lo-zelo-apostolico-del-credente","status":"publish","type":"post","link":"https:\/\/exaudi.org\/it\/catechesi-la-passione-per-levangelizzazione-lo-zelo-apostolico-del-credente\/","title":{"rendered":"La passione per l\u2019evangelizzazione: lo zelo apostolico del credente"},"content":{"rendered":"<audio class=\"wp-audio-shortcode\" id=\"audio-76227-1\" preload=\"none\" style=\"width: 100%;\" controls=\"controls\"><source type=\"audio\/mpeg\" src=\"https:\/\/exaudi.org\/wp-content\/uploads\/2023\/05\/La-passione-per-levangelizzazione-lo-zelo.mp3?_=1\" \/><a href=\"https:\/\/exaudi.org\/wp-content\/uploads\/2023\/05\/La-passione-per-levangelizzazione-lo-zelo.mp3\">https:\/\/exaudi.org\/wp-content\/uploads\/2023\/05\/La-passione-per-levangelizzazione-lo-zelo.mp3<\/a><\/audio>\n<p>L\u2019Udienza Generale di questa mattina si \u00e8 svolta alle ore 9.00 in Piazza San Pietro, dove il Santo Padre Francesco ha incontrato i gruppi di pellegrini e fedeli provenienti dall\u2019Italia e da ogni parte del mondo.<\/p>\n<p>Nel discorso in lingua italiana, il Papa, continuando il ciclo di catechesi\u00a0<i>La passione per l\u2019evangelizzazione: lo zelo apostolico del credente<\/i>, ha incentrato la Sua meditazione sul tema \u201cTestimoni: San Francesco Saverio\u201d (Lettura:<b>\u00a0<\/b><i>2 Cor<\/i>\u00a05,14-15.20).<\/p>\n<p>Dopo aver riassunto la Sua catechesi nelle diverse lingue, il Santo Padre ha indirizzato particolari espressioni di saluto ai fedeli presenti.<\/p>\n<p>L\u2019Udienza Generale si \u00e8 conclusa con la recita del\u00a0<i>Pater Noster<\/i>\u00a0e la Benedizione Apostolica.<\/p>\n<p><a name=\"vca\"><\/a><b><u>Catechesi del Santo Padre\u00a0<\/u><\/b><\/p>\n<p><b>Catechesi. La passione per l\u2019evangelizzazione: lo zelo apostolico del credente.\u00a013.\u00a0<i>Testimoni: San Francesco Saverio<\/i><\/b><\/p>\n<p>Cari Fratelli e sorelle, buongiorno!<\/p>\n<p>Proseguendo il nostro itinerario delle Catechesi con alcuni modelli esemplari di zelo apostolico\u2026 ricordiamo che stiamo parlando della evangelizzazione, dello zelo apostolico, del portare avanti il nome di Ges\u00f9, e ci sono nella storia tante donne e uomini che hanno fatto questo in modo esemplare. Oggi, per esempio, scegliamo, San Francesco Saverio: \u00e8 considerato, alcuni dicono, il pi\u00f9 grande missionario dei tempi moderni. Ma non si pu\u00f2 dire chi \u00e8 il pi\u00f9 grande, chi \u00e8 il pi\u00f9 piccolo, perch\u00e9 ci sono tanti missionari nascosti che anche oggi fanno tanto pi\u00f9 di San Francesco Saverio. E Saverio \u00e8 il Patrono delle missioni, come Santa Teresa del Bambin Ges\u00f9. Ma un missionario \u00e8 grande quando va. E ci sono tanti, tanti, sacerdoti, laici, suore, che vanno nelle missioni, anche dall\u2019Italia e tanti di voi. Io vedo, per esempio, quando mi presentano la storia di un sacerdote come candidato all\u2019episcopato: ha passato dieci nella missione in tale luogo\u2026 questo \u00e8 grande: uscire dalla patria per predicare il Vangelo. \u00c8 lo zelo apostolico. E questo noi dobbiamo coltivare tanto. E guardando la figura di questi uomini, di queste donne, impariamo.<\/p>\n<p>E San Francesco Saverio nasce in una famiglia nobile ma impoverita della Navarra, nel nord della Spagna, nel 1506. Va a studiare a Parigi \u2013 \u00e8 un giovane mondano, intelligente, bravo. L\u00ec incontra Ignazio di Loyola. Gli fa fare gli esercizi spirituali e cambia vita. E lui lascia tutta la sua carriera mondana per diventare missionario. Lui si fa gesuita, fa i voti. Poi diventa sacerdote, e va a evangelizzare, inviato in Oriente. In quel tempo i viaggi dei missionari in Oriente erano un invio verso mondi sconosciuti. E lui va, perch\u00e9 era pieno di zelo apostolico.<\/p>\n<p>Parte cos\u00ec il primo di una numerosa schiera di missionari appassionati dei tempi moderni, pronti a sopportare fatiche e pericoli immensi, a raggiungere terre e incontrare popoli di culture e lingue del tutto sconosciute, spinti solo dal fortissimo desiderio di far conoscere Ges\u00f9 Cristo e il suo Vangelo.<\/p>\n<p>In poco pi\u00f9 di undici anni compir\u00e0 un\u2019opera straordinaria. \u00c8 stato missionario undici anni pi\u00f9 o meno. I viaggi in nave a quel tempo erano durissimi, erano pericolosi. Molti morivano in viaggio per naufragi o malattie. Oggi purtroppo muoiono perch\u00e9 noi li lasciamo morire nel Mediterraneo\u2026 Saverio passa sulle navi oltre tre anni e mezzo, un terzo dell\u2019intera durata della sua missione. Sulle navi lui passa oltre tre anni e mezzo, per andare in India, poi dall\u2019India in Giappone.<\/p>\n<p>Arrivato a Goa, in India, la capitale dell\u2019Oriente portoghese, la capitale culturale e anche commerciale, Saverio vi pone la sua base, ma non si ferma l\u00ec. Va ad evangelizzare i poveri pescatori della costa meridionale dell\u2019India, insegnando catechismo e preghiere ai bambini, battezzando e curando i malati. Poi, durante una preghiera notturna presso la tomba dell\u2019apostolo San Bartolomeo, sente di dover andare oltre l\u2019India. Lascia in buone mani il lavoro gi\u00e0 avviato e salpa con coraggio per le Molucche, le isole pi\u00f9 lontane dell\u2019arcipelago indonesiano. Per questa gente non c\u2019erano orizzonti, loro andavano oltre\u2026 Un coraggio avevano questi santi missionari! Anche quelli di oggi, anche se non vanno in nave per tre mesi, vanno in aereo per 24 ore ma poi l\u00ec \u00e8 lo stesso. Si deve mettere l\u00ec, e fare tanti chilometri, addentrarsi nelle foreste. E Saverio, nelle Molucche, mette in versi il catechismo nella lingua locale e insegna a cantare il catechismo, perch\u00e9 con il canto lo si apprende meglio. Quali siano i suoi sentimenti lo capiamo dalle sue lettere. Scrive cos\u00ec: \u00abI pericoli e le sofferenze, accolti volontariamente e unicamente per amore e servizio di Dio nostro Signore, sono tesori ricchi di grandi consolazioni spirituali. Qui in pochi anni si potrebbero perdere gli occhi per le troppe lacrime di gioia!\u00bb (20 gennaio 1548). Piangeva di gioia vedendo l\u2019opera del Signore.<\/p>\n<p>Un giorno, in India, incontra un giapponese, che gli parla del suo lontano Paese, dove mai nessun missionario europeo si era ancora spinto. E Francesco Saverio aveva l\u2019inquietudine dell\u2019apostolo, di andare oltre, e decide di partire al pi\u00f9 presto, e ci arriva dopo un viaggio avventuroso sulla giunca di un cinese. I tre anni in Giappone sono durissimi, per il clima, le opposizioni e l\u2019ignoranza della lingua, ma anche qui i semi piantati daranno grandi frutti.<\/p>\n<p>Il grande sognatore, Saverio, in Giappone capisce che il Paese decisivo per la missione nell\u2019Asia era un altro: la Cina. con la sua cultura, la sua storia, la sua grandezza, esercitava di fatto un predominio su quella parte del mondo. Anche oggi la Cina \u00e8 proprio un polo culturale, con una storia grande, una storia bellissima. Perci\u00f2 egli torna a Goa e poco dopo s\u2019imbarca di nuovo sperando di poter entrare in Cina. Ma il suo disegno fallisce: egli muore alle porte della Cina, su un\u2019isola, la piccola isola di Sancian, davanti alle coste cinesi aspettando invano di poter sbarcare sulla terraferma vicino a Canton. Il 3 dicembre 1552, muore in totale abbandono, solo un cinese \u00e8 accanto a lui a vegliarlo. Cos\u00ec termina il viaggio terreno di Francesco Saverio. Era invecchiato, quanti anni aveva? Ottanta gi\u00e0? No\u2026Aveva soltanto quarantasei anni, aveva speso la vita nella missione, con lo zelo. Parte dalla Spagna colta e arriva al Paese pi\u00f9 colto del mondo in quel momento, la Cina, e muore davanti alla grande Cina, accompagnato da un cinese. Tutto un simbolo!<\/p>\n<p>La sua attivit\u00e0 intensissima \u00e8 stata sempre unita alla preghiera, all\u2019unione con Dio, mistica e contemplativa. Non lasci\u00f2 la preghiera mai, perch\u00e9 sapeva che l\u00ec c\u2019era la forza. Dovunque si trovava, aveva grande cura per i malati, i poveri e i bambini. Non era un missionario \u201caristocratico\u201d: andava sempre con i pi\u00f9 bisognosi, i bambini che erano i pi\u00f9 bisognosi di istruzione, di catechesi, i poveri, i malati: andava proprio alle frontiere dell\u2019assistenza dove \u00e8 cresciuto in grandezza. L\u2019amore di Cristo \u00e8 stato la forza che lo ha spinto sino ai confini pi\u00f9 lontani, con fatiche e pericoli continui, superando insuccessi, delusioni e scoraggiamenti, anzi, dandogli consolazione e gioia nel seguirlo e servirlo fino alla fine.<\/p>\n<p>San Francesco Saverio che ha fatto questa cosa tanto grande, in tanta povert\u00e0, e con tanto coraggio, ci dia un po\u2019 di questo zelo, di questo zelo per vivere il Vangelo e annunciare il Vangelo. Ai tanti giovani oggi che hanno un po\u2019 di inquietudine e non sanno che cosa fare con quella inquietudine, dico: guardate Francesco Saverio, guardate l\u2019orizzonte del mondo, guardate i popoli in tanta necessit\u00e0, guardate tanta gente che soffre, tanta gente che ha bisogno di Ges\u00f9. E andate, abbiate coraggio. Anche oggi ci sono giovani coraggiosi. Penso a tanti missionari per esempio nella Papua Nuova Guinea, penso ad amici miei, giovani, che stanno nella diocesi di Vanimo, e tutti quelli che sono andati ad evangelizzare sulla scia di Francesco Saverio. Che il Signore dia a tutti noi la gioia di evangelizzare, la gioia di portare avanti questo messaggio tanto bello che fa felici noi, e tutti.<\/p>\n<p><b><u>Sintesi della catechesi e saluti<\/u><\/b><\/p>\n<p>Rivolgo un cordiale benvenuto ai pellegrini di lingua italiana. In particolare, saluto l\u2019Azione Cattolica di Lecce con l\u2019Arcivescovo Mons. Michele Seccia: lo Spirito del Risorto vi aiuti a discernere i segni dei tempi, cos\u00ec da testimoniare il Vangelo con fedelt\u00e0 e gioia in ogni ambiente. Siate costruttori di fraternit\u00e0!<\/p>\n<p>Infine, come di consueto, mi rivolgo ai giovani, ai malati, agli anziani e agli sposi novelli. La Solennit\u00e0 dell\u2019Ascensione del Signore, che domani celebreremo, ci invita a guardare al momento in cui Ges\u00f9, prima di salire al cielo, affida agli Apostoli il mandato di portare il suo Messaggio di salvezza fino agli estremi confini della terra. Cari giovani \u2013 specialmente voi alunni di tante scuole oggi qui presenti \u2013 accogliendo il mandato missionario di Cristo, impegnatevi a mettere il vostro entusiasmo a servizio del Vangelo. Voi, cari malati e anziani, vivete uniti al Signore, nella certezza di offrire un contributo prezioso alla crescita del Regno di Dio nel mondo. E voi, cari sposi novelli, fate in modo che le vostre famiglie siano luoghi in cui si impara ad amare Dio e ad essere suoi testimoni nella gioia.<\/p>\n<p>E tutti noi preghiamo il Signore per l\u2019amata Ucraina: si soffre tanto, l\u00ec, si soffre tanto. Preghiamo per i feriti, per i bambini, per quelli che sono morti, perch\u00e9 torni la pace.<\/p>\n<p>A tutti voi la mia benedizione.<\/p>\n<p><iframe loading=\"lazy\" title=\"May 17 2023 General Audience Pope Francis\" width=\"500\" height=\"281\" src=\"https:\/\/www.youtube.com\/embed\/Ss8_MgWVDks?feature=oembed\" frameborder=\"0\" allow=\"accelerometer; autoplay; clipboard-write; encrypted-media; gyroscope; picture-in-picture; web-share\" referrerpolicy=\"strict-origin-when-cross-origin\" allowfullscreen><\/iframe><\/p>\n","protected":false},"excerpt":{"rendered":"<p>Catechesi: Meditazione del Papa sui Testimoni: San Francesco Saverio<\/p>\n","protected":false},"author":17,"featured_media":76226,"comment_status":"closed","ping_status":"closed","sticky":false,"template":"","format":"standard","meta":{"_acf_changed":false,"_crdt_document":"","inline_featured_image":false,"footnotes":""},"categories":[67,111],"tags":[580,2487,9203,251,579],"class_list":["post-76227","post","type-post","status-publish","format-standard","has-post-thumbnail","hentry","category-leone-xiv","category-udienza-generale","tag-catechesi","tag-featured-3","tag-francesco-saverio-2","tag-papa-francesco","tag-udienza-generale"],"acf":[],"yoast_head":"<!-- This site is optimized with the Yoast SEO plugin v27.4 - https:\/\/yoast.com\/product\/yoast-seo-wordpress\/ -->\n<title>La passione per l\u2019evangelizzazione: lo zelo apostolico del credente &#8211; Exaudi<\/title>\n<meta name=\"robots\" content=\"index, follow, max-snippet:-1, max-image-preview:large, max-video-preview:-1\" \/>\n<link rel=\"canonical\" href=\"https:\/\/exaudi.org\/it\/catechesi-la-passione-per-levangelizzazione-lo-zelo-apostolico-del-credente\/\" \/>\n<meta property=\"og:locale\" content=\"it_IT\" \/>\n<meta property=\"og:type\" content=\"article\" \/>\n<meta property=\"og:title\" content=\"La passione per l\u2019evangelizzazione: lo zelo apostolico del credente &#8211; Exaudi\" \/>\n<meta property=\"og:description\" content=\"Catechesi: Meditazione del Papa sui Testimoni: San Francesco Saverio\" \/>\n<meta property=\"og:url\" content=\"https:\/\/exaudi.org\/it\/catechesi-la-passione-per-levangelizzazione-lo-zelo-apostolico-del-credente\/\" \/>\n<meta property=\"og:site_name\" content=\"Exaudi\" \/>\n<meta property=\"article:publisher\" content=\"https:\/\/www.facebook.com\/ExaudiNews\" \/>\n<meta property=\"article:author\" content=\"https:\/\/www.facebook.com\/ExaudiNotizie\/\" \/>\n<meta property=\"article:published_time\" content=\"2023-05-17T14:35:42+00:00\" \/>\n<meta property=\"article:modified_time\" content=\"2023-05-17T16:46:56+00:00\" \/>\n<meta property=\"og:image\" content=\"https:\/\/exaudi.org\/wp-content\/uploads\/2023\/05\/Catequesis-del-Papa-17-mayo-2023.jpeg\" \/>\n\t<meta property=\"og:image:width\" content=\"800\" \/>\n\t<meta property=\"og:image:height\" content=\"533\" \/>\n\t<meta property=\"og:image:type\" content=\"image\/jpeg\" \/>\n<meta name=\"author\" content=\"Exaudi Redazione\" \/>\n<meta name=\"twitter:card\" content=\"summary_large_image\" \/>\n<meta name=\"twitter:creator\" content=\"@Exaudi_Notizie\" \/>\n<meta name=\"twitter:site\" content=\"@Exaudi_News\" \/>\n<meta name=\"twitter:label1\" content=\"Scritto da\" \/>\n\t<meta name=\"twitter:data1\" content=\"Exaudi Redazione\" \/>\n\t<meta name=\"twitter:label2\" content=\"Tempo di lettura stimato\" \/>\n\t<meta name=\"twitter:data2\" content=\"7 minuti\" \/>\n<script type=\"application\/ld+json\" class=\"yoast-schema-graph\">{\"@context\":\"https:\\\/\\\/schema.org\",\"@graph\":[{\"@type\":\"Article\",\"@id\":\"https:\\\/\\\/exaudi.org\\\/it\\\/catechesi-la-passione-per-levangelizzazione-lo-zelo-apostolico-del-credente\\\/#article\",\"isPartOf\":{\"@id\":\"https:\\\/\\\/exaudi.org\\\/it\\\/catechesi-la-passione-per-levangelizzazione-lo-zelo-apostolico-del-credente\\\/\"},\"author\":{\"name\":\"Exaudi Redazione\",\"@id\":\"https:\\\/\\\/exaudi.org\\\/#\\\/schema\\\/person\\\/e1ab6ed07c01774724dd96f925f3a5f0\"},\"headline\":\"La passione per l\u2019evangelizzazione: lo zelo apostolico del credente\",\"datePublished\":\"2023-05-17T14:35:42+00:00\",\"dateModified\":\"2023-05-17T16:46:56+00:00\",\"mainEntityOfPage\":{\"@id\":\"https:\\\/\\\/exaudi.org\\\/it\\\/catechesi-la-passione-per-levangelizzazione-lo-zelo-apostolico-del-credente\\\/\"},\"wordCount\":1547,\"image\":{\"@id\":\"https:\\\/\\\/exaudi.org\\\/it\\\/catechesi-la-passione-per-levangelizzazione-lo-zelo-apostolico-del-credente\\\/#primaryimage\"},\"thumbnailUrl\":\"https:\\\/\\\/exaudi.org\\\/wp-content\\\/uploads\\\/2023\\\/05\\\/Catequesis-del-Papa-17-mayo-2023.jpeg\",\"keywords\":[\"catechesi\",\"Featured\",\"Francesco Saverio\",\"Papa Francesco\",\"udienza generale\"],\"articleSection\":[\"Leone XIV\",\"Udienza generale\"],\"inLanguage\":\"it-IT\"},{\"@type\":\"WebPage\",\"@id\":\"https:\\\/\\\/exaudi.org\\\/it\\\/catechesi-la-passione-per-levangelizzazione-lo-zelo-apostolico-del-credente\\\/\",\"url\":\"https:\\\/\\\/exaudi.org\\\/it\\\/catechesi-la-passione-per-levangelizzazione-lo-zelo-apostolico-del-credente\\\/\",\"name\":\"La passione per l\u2019evangelizzazione: lo zelo apostolico del credente &#8211; Exaudi\",\"isPartOf\":{\"@id\":\"https:\\\/\\\/exaudi.org\\\/#website\"},\"primaryImageOfPage\":{\"@id\":\"https:\\\/\\\/exaudi.org\\\/it\\\/catechesi-la-passione-per-levangelizzazione-lo-zelo-apostolico-del-credente\\\/#primaryimage\"},\"image\":{\"@id\":\"https:\\\/\\\/exaudi.org\\\/it\\\/catechesi-la-passione-per-levangelizzazione-lo-zelo-apostolico-del-credente\\\/#primaryimage\"},\"thumbnailUrl\":\"https:\\\/\\\/exaudi.org\\\/wp-content\\\/uploads\\\/2023\\\/05\\\/Catequesis-del-Papa-17-mayo-2023.jpeg\",\"datePublished\":\"2023-05-17T14:35:42+00:00\",\"dateModified\":\"2023-05-17T16:46:56+00:00\",\"author\":{\"@id\":\"https:\\\/\\\/exaudi.org\\\/#\\\/schema\\\/person\\\/e1ab6ed07c01774724dd96f925f3a5f0\"},\"breadcrumb\":{\"@id\":\"https:\\\/\\\/exaudi.org\\\/it\\\/catechesi-la-passione-per-levangelizzazione-lo-zelo-apostolico-del-credente\\\/#breadcrumb\"},\"inLanguage\":\"it-IT\",\"potentialAction\":[{\"@type\":\"ReadAction\",\"target\":[\"https:\\\/\\\/exaudi.org\\\/it\\\/catechesi-la-passione-per-levangelizzazione-lo-zelo-apostolico-del-credente\\\/\"]}]},{\"@type\":\"ImageObject\",\"inLanguage\":\"it-IT\",\"@id\":\"https:\\\/\\\/exaudi.org\\\/it\\\/catechesi-la-passione-per-levangelizzazione-lo-zelo-apostolico-del-credente\\\/#primaryimage\",\"url\":\"https:\\\/\\\/exaudi.org\\\/wp-content\\\/uploads\\\/2023\\\/05\\\/Catequesis-del-Papa-17-mayo-2023.jpeg\",\"contentUrl\":\"https:\\\/\\\/exaudi.org\\\/wp-content\\\/uploads\\\/2023\\\/05\\\/Catequesis-del-Papa-17-mayo-2023.jpeg\",\"width\":800,\"height\":533,\"caption\":\"Vatican Media\"},{\"@type\":\"BreadcrumbList\",\"@id\":\"https:\\\/\\\/exaudi.org\\\/it\\\/catechesi-la-passione-per-levangelizzazione-lo-zelo-apostolico-del-credente\\\/#breadcrumb\",\"itemListElement\":[{\"@type\":\"ListItem\",\"position\":1,\"name\":\"Portada\",\"item\":\"https:\\\/\\\/exaudi.org\\\/it\\\/\"},{\"@type\":\"ListItem\",\"position\":2,\"name\":\"La passione per l\u2019evangelizzazione: lo zelo apostolico del credente\"}]},{\"@type\":\"WebSite\",\"@id\":\"https:\\\/\\\/exaudi.org\\\/#website\",\"url\":\"https:\\\/\\\/exaudi.org\\\/\",\"name\":\"Exaudi\",\"description\":\"News\",\"potentialAction\":[{\"@type\":\"SearchAction\",\"target\":{\"@type\":\"EntryPoint\",\"urlTemplate\":\"https:\\\/\\\/exaudi.org\\\/?s={search_term_string}\"},\"query-input\":{\"@type\":\"PropertyValueSpecification\",\"valueRequired\":true,\"valueName\":\"search_term_string\"}}],\"inLanguage\":\"it-IT\"},{\"@type\":\"Person\",\"@id\":\"https:\\\/\\\/exaudi.org\\\/#\\\/schema\\\/person\\\/e1ab6ed07c01774724dd96f925f3a5f0\",\"name\":\"Exaudi Redazione\",\"image\":{\"@type\":\"ImageObject\",\"inLanguage\":\"it-IT\",\"@id\":\"https:\\\/\\\/secure.gravatar.com\\\/avatar\\\/ad6774b3ada023bf5b939d64f45c94b3adf91502dd883507d469b4308a943bb3?s=96&d=mm&r=g\",\"url\":\"https:\\\/\\\/secure.gravatar.com\\\/avatar\\\/ad6774b3ada023bf5b939d64f45c94b3adf91502dd883507d469b4308a943bb3?s=96&d=mm&r=g\",\"contentUrl\":\"https:\\\/\\\/secure.gravatar.com\\\/avatar\\\/ad6774b3ada023bf5b939d64f45c94b3adf91502dd883507d469b4308a943bb3?s=96&d=mm&r=g\",\"caption\":\"Exaudi Redazione\"},\"description\":\"Che cosa \u00e8 Exaudi News? Exaudi News \u00e8 un agenzia cattolica internazionale che informa, istruisce e trasforma quotidianamente in spagnolo, inglese e italiano. Attraverso notizie, articoli di analisi e trasmissioni in diretta degli eventi del Papa, Exaudi cerca di rafforzare l'unit\u00e0 dei cristiani e di contribuire all'evangelizzazione del mondo, sempre guidato dalla dottrina sociale della Chiesa. Lavoriamo per portare la verit\u00e0 e i valori cristiani in ogni angolo del pianeta. Aiutaci a trasformare il mondo con Exaudi! Noi di Exaudi crediamo che l'evangelizzazione e l'informazione di qualit\u00e0 possano cambiare la vita. Per continuare la nostra missione ed espandere la nostra portata, abbiamo bisogno del tuo aiuto. Stiamo anche cercando persone motivate che vogliano unirsi al nostro team. Grazie al vostro sostegno raggiungeremo pi\u00f9 persone, diffonderemo il messaggio di Cristo e rafforzeremo l'unit\u00e0 dei cristiani. Vuoi unirti alla nostra missione? Per maggiori informazioni su come contribuire, visita Exaudi.org\\\/it o contattaci direttamente: info@exaudi.org Exaudi: informa, forma e trasforma.\",\"sameAs\":[\"https:\\\/\\\/www.facebook.com\\\/ExaudiNotizie\\\/\",\"https:\\\/\\\/www.instagram.com\\\/Exaudi_notizie\\\/\",\"https:\\\/\\\/x.com\\\/Exaudi_Notizie\",\"https:\\\/\\\/www.youtube.com\\\/@exaudicatholicnews\"],\"url\":\"https:\\\/\\\/exaudi.org\\\/it\\\/author\\\/dlvedi-org\\\/\"}]}<\/script>\n<!-- \/ Yoast SEO plugin. -->","yoast_head_json":{"title":"La passione per l\u2019evangelizzazione: lo zelo apostolico del credente &#8211; Exaudi","robots":{"index":"index","follow":"follow","max-snippet":"max-snippet:-1","max-image-preview":"max-image-preview:large","max-video-preview":"max-video-preview:-1"},"canonical":"https:\/\/exaudi.org\/it\/catechesi-la-passione-per-levangelizzazione-lo-zelo-apostolico-del-credente\/","og_locale":"it_IT","og_type":"article","og_title":"La passione per l\u2019evangelizzazione: lo zelo apostolico del credente &#8211; Exaudi","og_description":"Catechesi: Meditazione del Papa sui Testimoni: San Francesco Saverio","og_url":"https:\/\/exaudi.org\/it\/catechesi-la-passione-per-levangelizzazione-lo-zelo-apostolico-del-credente\/","og_site_name":"Exaudi","article_publisher":"https:\/\/www.facebook.com\/ExaudiNews","article_author":"https:\/\/www.facebook.com\/ExaudiNotizie\/","article_published_time":"2023-05-17T14:35:42+00:00","article_modified_time":"2023-05-17T16:46:56+00:00","og_image":[{"width":800,"height":533,"url":"https:\/\/exaudi.org\/wp-content\/uploads\/2023\/05\/Catequesis-del-Papa-17-mayo-2023.jpeg","type":"image\/jpeg"}],"author":"Exaudi Redazione","twitter_card":"summary_large_image","twitter_creator":"@Exaudi_Notizie","twitter_site":"@Exaudi_News","twitter_misc":{"Scritto da":"Exaudi Redazione","Tempo di lettura stimato":"7 minuti"},"schema":{"@context":"https:\/\/schema.org","@graph":[{"@type":"Article","@id":"https:\/\/exaudi.org\/it\/catechesi-la-passione-per-levangelizzazione-lo-zelo-apostolico-del-credente\/#article","isPartOf":{"@id":"https:\/\/exaudi.org\/it\/catechesi-la-passione-per-levangelizzazione-lo-zelo-apostolico-del-credente\/"},"author":{"name":"Exaudi Redazione","@id":"https:\/\/exaudi.org\/#\/schema\/person\/e1ab6ed07c01774724dd96f925f3a5f0"},"headline":"La passione per l\u2019evangelizzazione: lo zelo apostolico del credente","datePublished":"2023-05-17T14:35:42+00:00","dateModified":"2023-05-17T16:46:56+00:00","mainEntityOfPage":{"@id":"https:\/\/exaudi.org\/it\/catechesi-la-passione-per-levangelizzazione-lo-zelo-apostolico-del-credente\/"},"wordCount":1547,"image":{"@id":"https:\/\/exaudi.org\/it\/catechesi-la-passione-per-levangelizzazione-lo-zelo-apostolico-del-credente\/#primaryimage"},"thumbnailUrl":"https:\/\/exaudi.org\/wp-content\/uploads\/2023\/05\/Catequesis-del-Papa-17-mayo-2023.jpeg","keywords":["catechesi","Featured","Francesco Saverio","Papa Francesco","udienza generale"],"articleSection":["Leone XIV","Udienza generale"],"inLanguage":"it-IT"},{"@type":"WebPage","@id":"https:\/\/exaudi.org\/it\/catechesi-la-passione-per-levangelizzazione-lo-zelo-apostolico-del-credente\/","url":"https:\/\/exaudi.org\/it\/catechesi-la-passione-per-levangelizzazione-lo-zelo-apostolico-del-credente\/","name":"La passione per l\u2019evangelizzazione: lo zelo apostolico del credente &#8211; Exaudi","isPartOf":{"@id":"https:\/\/exaudi.org\/#website"},"primaryImageOfPage":{"@id":"https:\/\/exaudi.org\/it\/catechesi-la-passione-per-levangelizzazione-lo-zelo-apostolico-del-credente\/#primaryimage"},"image":{"@id":"https:\/\/exaudi.org\/it\/catechesi-la-passione-per-levangelizzazione-lo-zelo-apostolico-del-credente\/#primaryimage"},"thumbnailUrl":"https:\/\/exaudi.org\/wp-content\/uploads\/2023\/05\/Catequesis-del-Papa-17-mayo-2023.jpeg","datePublished":"2023-05-17T14:35:42+00:00","dateModified":"2023-05-17T16:46:56+00:00","author":{"@id":"https:\/\/exaudi.org\/#\/schema\/person\/e1ab6ed07c01774724dd96f925f3a5f0"},"breadcrumb":{"@id":"https:\/\/exaudi.org\/it\/catechesi-la-passione-per-levangelizzazione-lo-zelo-apostolico-del-credente\/#breadcrumb"},"inLanguage":"it-IT","potentialAction":[{"@type":"ReadAction","target":["https:\/\/exaudi.org\/it\/catechesi-la-passione-per-levangelizzazione-lo-zelo-apostolico-del-credente\/"]}]},{"@type":"ImageObject","inLanguage":"it-IT","@id":"https:\/\/exaudi.org\/it\/catechesi-la-passione-per-levangelizzazione-lo-zelo-apostolico-del-credente\/#primaryimage","url":"https:\/\/exaudi.org\/wp-content\/uploads\/2023\/05\/Catequesis-del-Papa-17-mayo-2023.jpeg","contentUrl":"https:\/\/exaudi.org\/wp-content\/uploads\/2023\/05\/Catequesis-del-Papa-17-mayo-2023.jpeg","width":800,"height":533,"caption":"Vatican Media"},{"@type":"BreadcrumbList","@id":"https:\/\/exaudi.org\/it\/catechesi-la-passione-per-levangelizzazione-lo-zelo-apostolico-del-credente\/#breadcrumb","itemListElement":[{"@type":"ListItem","position":1,"name":"Portada","item":"https:\/\/exaudi.org\/it\/"},{"@type":"ListItem","position":2,"name":"La passione per l\u2019evangelizzazione: lo zelo apostolico del credente"}]},{"@type":"WebSite","@id":"https:\/\/exaudi.org\/#website","url":"https:\/\/exaudi.org\/","name":"Exaudi","description":"News","potentialAction":[{"@type":"SearchAction","target":{"@type":"EntryPoint","urlTemplate":"https:\/\/exaudi.org\/?s={search_term_string}"},"query-input":{"@type":"PropertyValueSpecification","valueRequired":true,"valueName":"search_term_string"}}],"inLanguage":"it-IT"},{"@type":"Person","@id":"https:\/\/exaudi.org\/#\/schema\/person\/e1ab6ed07c01774724dd96f925f3a5f0","name":"Exaudi Redazione","image":{"@type":"ImageObject","inLanguage":"it-IT","@id":"https:\/\/secure.gravatar.com\/avatar\/ad6774b3ada023bf5b939d64f45c94b3adf91502dd883507d469b4308a943bb3?s=96&d=mm&r=g","url":"https:\/\/secure.gravatar.com\/avatar\/ad6774b3ada023bf5b939d64f45c94b3adf91502dd883507d469b4308a943bb3?s=96&d=mm&r=g","contentUrl":"https:\/\/secure.gravatar.com\/avatar\/ad6774b3ada023bf5b939d64f45c94b3adf91502dd883507d469b4308a943bb3?s=96&d=mm&r=g","caption":"Exaudi Redazione"},"description":"Che cosa \u00e8 Exaudi News? Exaudi News \u00e8 un agenzia cattolica internazionale che informa, istruisce e trasforma quotidianamente in spagnolo, inglese e italiano. Attraverso notizie, articoli di analisi e trasmissioni in diretta degli eventi del Papa, Exaudi cerca di rafforzare l'unit\u00e0 dei cristiani e di contribuire all'evangelizzazione del mondo, sempre guidato dalla dottrina sociale della Chiesa. Lavoriamo per portare la verit\u00e0 e i valori cristiani in ogni angolo del pianeta. Aiutaci a trasformare il mondo con Exaudi! Noi di Exaudi crediamo che l'evangelizzazione e l'informazione di qualit\u00e0 possano cambiare la vita. Per continuare la nostra missione ed espandere la nostra portata, abbiamo bisogno del tuo aiuto. Stiamo anche cercando persone motivate che vogliano unirsi al nostro team. Grazie al vostro sostegno raggiungeremo pi\u00f9 persone, diffonderemo il messaggio di Cristo e rafforzeremo l'unit\u00e0 dei cristiani. Vuoi unirti alla nostra missione? Per maggiori informazioni su come contribuire, visita Exaudi.org\/it o contattaci direttamente: info@exaudi.org Exaudi: informa, forma e trasforma.","sameAs":["https:\/\/www.facebook.com\/ExaudiNotizie\/","https:\/\/www.instagram.com\/Exaudi_notizie\/","https:\/\/x.com\/Exaudi_Notizie","https:\/\/www.youtube.com\/@exaudicatholicnews"],"url":"https:\/\/exaudi.org\/it\/author\/dlvedi-org\/"}]}},"jetpack_featured_media_url":"https:\/\/exaudi.org\/wp-content\/uploads\/2023\/05\/Catequesis-del-Papa-17-mayo-2023.jpeg","jetpack_shortlink":"https:\/\/wp.me\/pgKjF2-jPt","_links":{"self":[{"href":"https:\/\/exaudi.org\/it\/wp-json\/wp\/v2\/posts\/76227","targetHints":{"allow":["GET"]}}],"collection":[{"href":"https:\/\/exaudi.org\/it\/wp-json\/wp\/v2\/posts"}],"about":[{"href":"https:\/\/exaudi.org\/it\/wp-json\/wp\/v2\/types\/post"}],"author":[{"embeddable":true,"href":"https:\/\/exaudi.org\/it\/wp-json\/wp\/v2\/users\/17"}],"replies":[{"embeddable":true,"href":"https:\/\/exaudi.org\/it\/wp-json\/wp\/v2\/comments?post=76227"}],"version-history":[{"count":0,"href":"https:\/\/exaudi.org\/it\/wp-json\/wp\/v2\/posts\/76227\/revisions"}],"wp:featuredmedia":[{"embeddable":true,"href":"https:\/\/exaudi.org\/it\/wp-json\/wp\/v2\/media\/76226"}],"wp:attachment":[{"href":"https:\/\/exaudi.org\/it\/wp-json\/wp\/v2\/media?parent=76227"}],"wp:term":[{"taxonomy":"category","embeddable":true,"href":"https:\/\/exaudi.org\/it\/wp-json\/wp\/v2\/categories?post=76227"},{"taxonomy":"post_tag","embeddable":true,"href":"https:\/\/exaudi.org\/it\/wp-json\/wp\/v2\/tags?post=76227"}],"curies":[{"name":"wp","href":"https:\/\/api.w.org\/{rel}","templated":true}]}}