{"id":76017,"date":"2023-05-13T17:55:21","date_gmt":"2023-05-13T15:55:21","guid":{"rendered":"https:\/\/exaudi.org\/?p=76017"},"modified":"2023-05-13T17:55:21","modified_gmt":"2023-05-13T15:55:21","slug":"lincontro-tra-il-papa-e-il-presidente-zelensky","status":"publish","type":"post","link":"https:\/\/exaudi.org\/it\/lincontro-tra-il-papa-e-il-presidente-zelensky\/","title":{"rendered":"L\u2019incontro tra il Papa e il Presidente Zelensky"},"content":{"rendered":"<p><strong>Comunicazione ai giornalisti: Udienza Presidente Zelensky<\/strong><\/p>\n<div>L\u2019incontro tra il Papa e il Presidente \u00e8 durato circa 40 minuti.<\/div>\n<div data-marker=\"__QUOTED_TEXT__\">\n<div>\n<div><\/div>\n<div>I temi del colloquio sono riferibili alla situazione umanitaria e politica dell\u2019Ucraina provocata dalla guerra in corso.<\/div>\n<div><\/div>\n<div>Il Papa ha assicurato la sua preghiera costante, testimoniata dai suoi tanti appelli pubblici e dall\u2019invocazione continua al Signore per la pace, fin dal febbraio dello scorso anno.<\/div>\n<div><\/div>\n<div>Entrambi hanno convenuto sulla necessit\u00e0 di continuare gli sforzi umanitari a sostegno della popolazione. Il Papa ha sottolineato in particolare la necessit\u00e0 urgente di &#8220;gesti di umanit\u00e0\u201d nei confronti delle persone pi\u00f9 fragili, vittime innocenti del conflitto.<\/div>\n<\/div>\n<\/div>\n<p>&nbsp;<\/p>\n<p>&nbsp;<\/p>\n","protected":false},"excerpt":{"rendered":"<p>Situazione umanitaria e politica dell\u2019Ucraina<\/p>\n","protected":false},"author":17,"featured_media":67159,"comment_status":"closed","ping_status":"closed","sticky":false,"template":"","format":"standard","meta":{"_acf_changed":false,"_crdt_document":"","inline_featured_image":false,"footnotes":""},"categories":[115,67],"tags":[251,9156,1773,1843],"class_list":["post-76017","post","type-post","status-publish","format-standard","has-post-thumbnail","hentry","category-incontri","category-leone-xiv","tag-papa-francesco","tag-presidente-zelensky","tag-ucraina","tag-udienza"],"acf":[],"yoast_head":"<!-- This site is optimized with the Yoast SEO plugin v27.5 - https:\/\/yoast.com\/product\/yoast-seo-wordpress\/ -->\n<title>L\u2019incontro tra il Papa e il Presidente Zelensky &#8211; Exaudi<\/title>\n<meta name=\"robots\" content=\"index, follow, max-snippet:-1, max-image-preview:large, max-video-preview:-1\" \/>\n<link rel=\"canonical\" href=\"https:\/\/exaudi.org\/it\/lincontro-tra-il-papa-e-il-presidente-zelensky\/\" \/>\n<meta property=\"og:locale\" content=\"it_IT\" \/>\n<meta property=\"og:type\" content=\"article\" \/>\n<meta property=\"og:title\" content=\"L\u2019incontro tra il Papa e il Presidente Zelensky &#8211; Exaudi\" \/>\n<meta property=\"og:description\" content=\"Situazione umanitaria e politica dell\u2019Ucraina\" \/>\n<meta property=\"og:url\" content=\"https:\/\/exaudi.org\/it\/lincontro-tra-il-papa-e-il-presidente-zelensky\/\" \/>\n<meta property=\"og:site_name\" content=\"Exaudi\" \/>\n<meta property=\"article:publisher\" content=\"https:\/\/www.facebook.com\/ExaudiNews\" \/>\n<meta property=\"article:author\" content=\"https:\/\/www.facebook.com\/ExaudiNotizie\/\" \/>\n<meta property=\"article:published_time\" content=\"2023-05-13T15:55:21+00:00\" \/>\n<meta property=\"og:image\" content=\"https:\/\/exaudi.org\/wp-content\/uploads\/2022\/12\/DALL\u00b7E-2022-12-15-18.24.40-ukranian-flag-with-a-cloudy-dark-sky-behind-e1671125189707.png\" \/>\n\t<meta property=\"og:image:width\" content=\"1024\" \/>\n\t<meta property=\"og:image:height\" content=\"1024\" \/>\n\t<meta property=\"og:image:type\" content=\"image\/png\" \/>\n<meta name=\"author\" content=\"Exaudi Redazione\" \/>\n<meta name=\"twitter:card\" content=\"summary_large_image\" \/>\n<meta name=\"twitter:creator\" content=\"@Exaudi_Notizie\" \/>\n<meta name=\"twitter:site\" content=\"@Exaudi_News\" \/>\n<meta name=\"twitter:label1\" content=\"Scritto da\" \/>\n\t<meta name=\"twitter:data1\" content=\"Exaudi Redazione\" \/>\n\t<meta name=\"twitter:label2\" content=\"Tempo di lettura stimato\" \/>\n\t<meta name=\"twitter:data2\" content=\"1 minuto\" \/>\n<script type=\"application\/ld+json\" class=\"yoast-schema-graph\">{\"@context\":\"https:\\\/\\\/schema.org\",\"@graph\":[{\"@type\":\"Article\",\"@id\":\"https:\\\/\\\/exaudi.org\\\/it\\\/lincontro-tra-il-papa-e-il-presidente-zelensky\\\/#article\",\"isPartOf\":{\"@id\":\"https:\\\/\\\/exaudi.org\\\/it\\\/lincontro-tra-il-papa-e-il-presidente-zelensky\\\/\"},\"author\":{\"name\":\"Exaudi Redazione\",\"@id\":\"https:\\\/\\\/exaudi.org\\\/#\\\/schema\\\/person\\\/e1ab6ed07c01774724dd96f925f3a5f0\"},\"headline\":\"L\u2019incontro tra il Papa e il Presidente Zelensky\",\"datePublished\":\"2023-05-13T15:55:21+00:00\",\"mainEntityOfPage\":{\"@id\":\"https:\\\/\\\/exaudi.org\\\/it\\\/lincontro-tra-il-papa-e-il-presidente-zelensky\\\/\"},\"wordCount\":112,\"image\":{\"@id\":\"https:\\\/\\\/exaudi.org\\\/it\\\/lincontro-tra-il-papa-e-il-presidente-zelensky\\\/#primaryimage\"},\"thumbnailUrl\":\"https:\\\/\\\/exaudi.org\\\/wp-content\\\/uploads\\\/2022\\\/12\\\/DALL\u00b7E-2022-12-15-18.24.40-ukranian-flag-with-a-cloudy-dark-sky-behind-e1671125189707.png\",\"keywords\":[\"Papa Francesco\",\"Presidente Zelensky\",\"Ucraina\",\"udienza\"],\"articleSection\":[\"Incontri\",\"Leone XIV\"],\"inLanguage\":\"it-IT\"},{\"@type\":\"WebPage\",\"@id\":\"https:\\\/\\\/exaudi.org\\\/it\\\/lincontro-tra-il-papa-e-il-presidente-zelensky\\\/\",\"url\":\"https:\\\/\\\/exaudi.org\\\/it\\\/lincontro-tra-il-papa-e-il-presidente-zelensky\\\/\",\"name\":\"L\u2019incontro tra il Papa e il Presidente Zelensky &#8211; Exaudi\",\"isPartOf\":{\"@id\":\"https:\\\/\\\/exaudi.org\\\/#website\"},\"primaryImageOfPage\":{\"@id\":\"https:\\\/\\\/exaudi.org\\\/it\\\/lincontro-tra-il-papa-e-il-presidente-zelensky\\\/#primaryimage\"},\"image\":{\"@id\":\"https:\\\/\\\/exaudi.org\\\/it\\\/lincontro-tra-il-papa-e-il-presidente-zelensky\\\/#primaryimage\"},\"thumbnailUrl\":\"https:\\\/\\\/exaudi.org\\\/wp-content\\\/uploads\\\/2022\\\/12\\\/DALL\u00b7E-2022-12-15-18.24.40-ukranian-flag-with-a-cloudy-dark-sky-behind-e1671125189707.png\",\"datePublished\":\"2023-05-13T15:55:21+00:00\",\"author\":{\"@id\":\"https:\\\/\\\/exaudi.org\\\/#\\\/schema\\\/person\\\/e1ab6ed07c01774724dd96f925f3a5f0\"},\"breadcrumb\":{\"@id\":\"https:\\\/\\\/exaudi.org\\\/it\\\/lincontro-tra-il-papa-e-il-presidente-zelensky\\\/#breadcrumb\"},\"inLanguage\":\"it-IT\",\"potentialAction\":[{\"@type\":\"ReadAction\",\"target\":[\"https:\\\/\\\/exaudi.org\\\/it\\\/lincontro-tra-il-papa-e-il-presidente-zelensky\\\/\"]}]},{\"@type\":\"ImageObject\",\"inLanguage\":\"it-IT\",\"@id\":\"https:\\\/\\\/exaudi.org\\\/it\\\/lincontro-tra-il-papa-e-il-presidente-zelensky\\\/#primaryimage\",\"url\":\"https:\\\/\\\/exaudi.org\\\/wp-content\\\/uploads\\\/2022\\\/12\\\/DALL\u00b7E-2022-12-15-18.24.40-ukranian-flag-with-a-cloudy-dark-sky-behind-e1671125189707.png\",\"contentUrl\":\"https:\\\/\\\/exaudi.org\\\/wp-content\\\/uploads\\\/2022\\\/12\\\/DALL\u00b7E-2022-12-15-18.24.40-ukranian-flag-with-a-cloudy-dark-sky-behind-e1671125189707.png\",\"width\":1024,\"height\":1024},{\"@type\":\"BreadcrumbList\",\"@id\":\"https:\\\/\\\/exaudi.org\\\/it\\\/lincontro-tra-il-papa-e-il-presidente-zelensky\\\/#breadcrumb\",\"itemListElement\":[{\"@type\":\"ListItem\",\"position\":1,\"name\":\"Portada\",\"item\":\"https:\\\/\\\/exaudi.org\\\/it\\\/\"},{\"@type\":\"ListItem\",\"position\":2,\"name\":\"L\u2019incontro tra il Papa e il Presidente Zelensky\"}]},{\"@type\":\"WebSite\",\"@id\":\"https:\\\/\\\/exaudi.org\\\/#website\",\"url\":\"https:\\\/\\\/exaudi.org\\\/\",\"name\":\"Exaudi\",\"description\":\"News\",\"potentialAction\":[{\"@type\":\"SearchAction\",\"target\":{\"@type\":\"EntryPoint\",\"urlTemplate\":\"https:\\\/\\\/exaudi.org\\\/?s={search_term_string}\"},\"query-input\":{\"@type\":\"PropertyValueSpecification\",\"valueRequired\":true,\"valueName\":\"search_term_string\"}}],\"inLanguage\":\"it-IT\"},{\"@type\":\"Person\",\"@id\":\"https:\\\/\\\/exaudi.org\\\/#\\\/schema\\\/person\\\/e1ab6ed07c01774724dd96f925f3a5f0\",\"name\":\"Exaudi Redazione\",\"image\":{\"@type\":\"ImageObject\",\"inLanguage\":\"it-IT\",\"@id\":\"https:\\\/\\\/secure.gravatar.com\\\/avatar\\\/ad6774b3ada023bf5b939d64f45c94b3adf91502dd883507d469b4308a943bb3?s=96&d=mm&r=g\",\"url\":\"https:\\\/\\\/secure.gravatar.com\\\/avatar\\\/ad6774b3ada023bf5b939d64f45c94b3adf91502dd883507d469b4308a943bb3?s=96&d=mm&r=g\",\"contentUrl\":\"https:\\\/\\\/secure.gravatar.com\\\/avatar\\\/ad6774b3ada023bf5b939d64f45c94b3adf91502dd883507d469b4308a943bb3?s=96&d=mm&r=g\",\"caption\":\"Exaudi Redazione\"},\"description\":\"Che cosa \u00e8 Exaudi News? Exaudi News \u00e8 un agenzia cattolica internazionale che informa, istruisce e trasforma quotidianamente in spagnolo, inglese e italiano. Attraverso notizie, articoli di analisi e trasmissioni in diretta degli eventi del Papa, Exaudi cerca di rafforzare l'unit\u00e0 dei cristiani e di contribuire all'evangelizzazione del mondo, sempre guidato dalla dottrina sociale della Chiesa. Lavoriamo per portare la verit\u00e0 e i valori cristiani in ogni angolo del pianeta. Aiutaci a trasformare il mondo con Exaudi! Noi di Exaudi crediamo che l'evangelizzazione e l'informazione di qualit\u00e0 possano cambiare la vita. Per continuare la nostra missione ed espandere la nostra portata, abbiamo bisogno del tuo aiuto. Stiamo anche cercando persone motivate che vogliano unirsi al nostro team. Grazie al vostro sostegno raggiungeremo pi\u00f9 persone, diffonderemo il messaggio di Cristo e rafforzeremo l'unit\u00e0 dei cristiani. Vuoi unirti alla nostra missione? Per maggiori informazioni su come contribuire, visita Exaudi.org\\\/it o contattaci direttamente: info@exaudi.org Exaudi: informa, forma e trasforma.\",\"sameAs\":[\"https:\\\/\\\/www.facebook.com\\\/ExaudiNotizie\\\/\",\"https:\\\/\\\/www.instagram.com\\\/Exaudi_notizie\\\/\",\"https:\\\/\\\/x.com\\\/Exaudi_Notizie\",\"https:\\\/\\\/www.youtube.com\\\/@exaudicatholicnews\"],\"url\":\"https:\\\/\\\/exaudi.org\\\/it\\\/author\\\/dlvedi-org\\\/\"}]}<\/script>\n<!-- \/ Yoast SEO plugin. -->","yoast_head_json":{"title":"L\u2019incontro tra il Papa e il Presidente Zelensky &#8211; Exaudi","robots":{"index":"index","follow":"follow","max-snippet":"max-snippet:-1","max-image-preview":"max-image-preview:large","max-video-preview":"max-video-preview:-1"},"canonical":"https:\/\/exaudi.org\/it\/lincontro-tra-il-papa-e-il-presidente-zelensky\/","og_locale":"it_IT","og_type":"article","og_title":"L\u2019incontro tra il Papa e il Presidente Zelensky &#8211; Exaudi","og_description":"Situazione umanitaria e politica dell\u2019Ucraina","og_url":"https:\/\/exaudi.org\/it\/lincontro-tra-il-papa-e-il-presidente-zelensky\/","og_site_name":"Exaudi","article_publisher":"https:\/\/www.facebook.com\/ExaudiNews","article_author":"https:\/\/www.facebook.com\/ExaudiNotizie\/","article_published_time":"2023-05-13T15:55:21+00:00","og_image":[{"width":1024,"height":1024,"url":"https:\/\/exaudi.org\/wp-content\/uploads\/2022\/12\/DALL\u00b7E-2022-12-15-18.24.40-ukranian-flag-with-a-cloudy-dark-sky-behind-e1671125189707.png","type":"image\/png"}],"author":"Exaudi Redazione","twitter_card":"summary_large_image","twitter_creator":"@Exaudi_Notizie","twitter_site":"@Exaudi_News","twitter_misc":{"Scritto da":"Exaudi Redazione","Tempo di lettura stimato":"1 minuto"},"schema":{"@context":"https:\/\/schema.org","@graph":[{"@type":"Article","@id":"https:\/\/exaudi.org\/it\/lincontro-tra-il-papa-e-il-presidente-zelensky\/#article","isPartOf":{"@id":"https:\/\/exaudi.org\/it\/lincontro-tra-il-papa-e-il-presidente-zelensky\/"},"author":{"name":"Exaudi Redazione","@id":"https:\/\/exaudi.org\/#\/schema\/person\/e1ab6ed07c01774724dd96f925f3a5f0"},"headline":"L\u2019incontro tra il Papa e il Presidente Zelensky","datePublished":"2023-05-13T15:55:21+00:00","mainEntityOfPage":{"@id":"https:\/\/exaudi.org\/it\/lincontro-tra-il-papa-e-il-presidente-zelensky\/"},"wordCount":112,"image":{"@id":"https:\/\/exaudi.org\/it\/lincontro-tra-il-papa-e-il-presidente-zelensky\/#primaryimage"},"thumbnailUrl":"https:\/\/exaudi.org\/wp-content\/uploads\/2022\/12\/DALL\u00b7E-2022-12-15-18.24.40-ukranian-flag-with-a-cloudy-dark-sky-behind-e1671125189707.png","keywords":["Papa Francesco","Presidente Zelensky","Ucraina","udienza"],"articleSection":["Incontri","Leone XIV"],"inLanguage":"it-IT"},{"@type":"WebPage","@id":"https:\/\/exaudi.org\/it\/lincontro-tra-il-papa-e-il-presidente-zelensky\/","url":"https:\/\/exaudi.org\/it\/lincontro-tra-il-papa-e-il-presidente-zelensky\/","name":"L\u2019incontro tra il Papa e il Presidente Zelensky &#8211; Exaudi","isPartOf":{"@id":"https:\/\/exaudi.org\/#website"},"primaryImageOfPage":{"@id":"https:\/\/exaudi.org\/it\/lincontro-tra-il-papa-e-il-presidente-zelensky\/#primaryimage"},"image":{"@id":"https:\/\/exaudi.org\/it\/lincontro-tra-il-papa-e-il-presidente-zelensky\/#primaryimage"},"thumbnailUrl":"https:\/\/exaudi.org\/wp-content\/uploads\/2022\/12\/DALL\u00b7E-2022-12-15-18.24.40-ukranian-flag-with-a-cloudy-dark-sky-behind-e1671125189707.png","datePublished":"2023-05-13T15:55:21+00:00","author":{"@id":"https:\/\/exaudi.org\/#\/schema\/person\/e1ab6ed07c01774724dd96f925f3a5f0"},"breadcrumb":{"@id":"https:\/\/exaudi.org\/it\/lincontro-tra-il-papa-e-il-presidente-zelensky\/#breadcrumb"},"inLanguage":"it-IT","potentialAction":[{"@type":"ReadAction","target":["https:\/\/exaudi.org\/it\/lincontro-tra-il-papa-e-il-presidente-zelensky\/"]}]},{"@type":"ImageObject","inLanguage":"it-IT","@id":"https:\/\/exaudi.org\/it\/lincontro-tra-il-papa-e-il-presidente-zelensky\/#primaryimage","url":"https:\/\/exaudi.org\/wp-content\/uploads\/2022\/12\/DALL\u00b7E-2022-12-15-18.24.40-ukranian-flag-with-a-cloudy-dark-sky-behind-e1671125189707.png","contentUrl":"https:\/\/exaudi.org\/wp-content\/uploads\/2022\/12\/DALL\u00b7E-2022-12-15-18.24.40-ukranian-flag-with-a-cloudy-dark-sky-behind-e1671125189707.png","width":1024,"height":1024},{"@type":"BreadcrumbList","@id":"https:\/\/exaudi.org\/it\/lincontro-tra-il-papa-e-il-presidente-zelensky\/#breadcrumb","itemListElement":[{"@type":"ListItem","position":1,"name":"Portada","item":"https:\/\/exaudi.org\/it\/"},{"@type":"ListItem","position":2,"name":"L\u2019incontro tra il Papa e il Presidente Zelensky"}]},{"@type":"WebSite","@id":"https:\/\/exaudi.org\/#website","url":"https:\/\/exaudi.org\/","name":"Exaudi","description":"News","potentialAction":[{"@type":"SearchAction","target":{"@type":"EntryPoint","urlTemplate":"https:\/\/exaudi.org\/?s={search_term_string}"},"query-input":{"@type":"PropertyValueSpecification","valueRequired":true,"valueName":"search_term_string"}}],"inLanguage":"it-IT"},{"@type":"Person","@id":"https:\/\/exaudi.org\/#\/schema\/person\/e1ab6ed07c01774724dd96f925f3a5f0","name":"Exaudi Redazione","image":{"@type":"ImageObject","inLanguage":"it-IT","@id":"https:\/\/secure.gravatar.com\/avatar\/ad6774b3ada023bf5b939d64f45c94b3adf91502dd883507d469b4308a943bb3?s=96&d=mm&r=g","url":"https:\/\/secure.gravatar.com\/avatar\/ad6774b3ada023bf5b939d64f45c94b3adf91502dd883507d469b4308a943bb3?s=96&d=mm&r=g","contentUrl":"https:\/\/secure.gravatar.com\/avatar\/ad6774b3ada023bf5b939d64f45c94b3adf91502dd883507d469b4308a943bb3?s=96&d=mm&r=g","caption":"Exaudi Redazione"},"description":"Che cosa \u00e8 Exaudi News? Exaudi News \u00e8 un agenzia cattolica internazionale che informa, istruisce e trasforma quotidianamente in spagnolo, inglese e italiano. Attraverso notizie, articoli di analisi e trasmissioni in diretta degli eventi del Papa, Exaudi cerca di rafforzare l'unit\u00e0 dei cristiani e di contribuire all'evangelizzazione del mondo, sempre guidato dalla dottrina sociale della Chiesa. Lavoriamo per portare la verit\u00e0 e i valori cristiani in ogni angolo del pianeta. Aiutaci a trasformare il mondo con Exaudi! Noi di Exaudi crediamo che l'evangelizzazione e l'informazione di qualit\u00e0 possano cambiare la vita. Per continuare la nostra missione ed espandere la nostra portata, abbiamo bisogno del tuo aiuto. Stiamo anche cercando persone motivate che vogliano unirsi al nostro team. Grazie al vostro sostegno raggiungeremo pi\u00f9 persone, diffonderemo il messaggio di Cristo e rafforzeremo l'unit\u00e0 dei cristiani. Vuoi unirti alla nostra missione? Per maggiori informazioni su come contribuire, visita Exaudi.org\/it o contattaci direttamente: info@exaudi.org Exaudi: informa, forma e trasforma.","sameAs":["https:\/\/www.facebook.com\/ExaudiNotizie\/","https:\/\/www.instagram.com\/Exaudi_notizie\/","https:\/\/x.com\/Exaudi_Notizie","https:\/\/www.youtube.com\/@exaudicatholicnews"],"url":"https:\/\/exaudi.org\/it\/author\/dlvedi-org\/"}]}},"jetpack_featured_media_url":"https:\/\/exaudi.org\/wp-content\/uploads\/2022\/12\/DALL\u00b7E-2022-12-15-18.24.40-ukranian-flag-with-a-cloudy-dark-sky-behind-e1671125189707.png","jetpack_shortlink":"https:\/\/wp.me\/pgKjF2-jM5","_links":{"self":[{"href":"https:\/\/exaudi.org\/it\/wp-json\/wp\/v2\/posts\/76017","targetHints":{"allow":["GET"]}}],"collection":[{"href":"https:\/\/exaudi.org\/it\/wp-json\/wp\/v2\/posts"}],"about":[{"href":"https:\/\/exaudi.org\/it\/wp-json\/wp\/v2\/types\/post"}],"author":[{"embeddable":true,"href":"https:\/\/exaudi.org\/it\/wp-json\/wp\/v2\/users\/17"}],"replies":[{"embeddable":true,"href":"https:\/\/exaudi.org\/it\/wp-json\/wp\/v2\/comments?post=76017"}],"version-history":[{"count":0,"href":"https:\/\/exaudi.org\/it\/wp-json\/wp\/v2\/posts\/76017\/revisions"}],"wp:featuredmedia":[{"embeddable":true,"href":"https:\/\/exaudi.org\/it\/wp-json\/wp\/v2\/media\/67159"}],"wp:attachment":[{"href":"https:\/\/exaudi.org\/it\/wp-json\/wp\/v2\/media?parent=76017"}],"wp:term":[{"taxonomy":"category","embeddable":true,"href":"https:\/\/exaudi.org\/it\/wp-json\/wp\/v2\/categories?post=76017"},{"taxonomy":"post_tag","embeddable":true,"href":"https:\/\/exaudi.org\/it\/wp-json\/wp\/v2\/tags?post=76017"}],"curies":[{"name":"wp","href":"https:\/\/api.w.org\/{rel}","templated":true}]}}