{"id":75909,"date":"2023-05-11T19:52:10","date_gmt":"2023-05-11T17:52:10","guid":{"rendered":"https:\/\/exaudi.org\/?p=75909"},"modified":"2023-05-11T19:52:10","modified_gmt":"2023-05-11T17:52:10","slug":"mai-la-guerra-ha-dato-sollievo-alla-vita-degli-esseri-umani","status":"publish","type":"post","link":"https:\/\/exaudi.org\/it\/mai-la-guerra-ha-dato-sollievo-alla-vita-degli-esseri-umani\/","title":{"rendered":"&#8220;Mai la guerra ha dato sollievo alla vita degli esseri umani&#8221;"},"content":{"rendered":"<p>Pubblichiamo di seguito il Messaggio che il Santo Padre Francesco ha inviato ai partecipanti al Convegno internazionale &#8220;Pace tra le genti. A 60 anni dalla\u00a0<i>Pacem in Terris<\/i>&#8221; promosso dalla Pontificia Universit\u00e0 Lateranense e dal Dicastero per lo Sviluppo Umano Integrale (11-12 maggio 2023):<\/p>\n<p><b><u>Messaggio del Santo Padre<\/u><\/b><\/p>\n<p>Mai la guerra ha dato sollievo alla vita degli esseri umani, mai ha saputo guidare il loro cammino nella storia, n\u00e9 \u00e8 riuscita a risolvere conflitti e contrapposizioni emersi nel loro agire. Gli effetti della guerra sono le vittime, le distruzioni, la perdita di umanit\u00e0, l\u2019intolleranza, fino alla negazione della possibilit\u00e0 di guardare al domani con rinnovata fiducia.<\/p>\n<p>La pace invece, quale concreto obiettivo, resta nell\u2019animo e nelle aspirazioni dell\u2019intera famiglia umana, di ogni popolo e di ogni persona. \u00c8 questo l\u2019insegnamento che ancora oggi possiamo trarre dal messaggio che San Giovanni XXIII ha voluto lanciare al mondo con l\u2019enciclica\u00a0<i>Pacem in Terris.\u00a0<\/i>Un messaggio positivo e costruttivo che ricorda come edificare la pace significhi, anzitutto, l\u2019impegno a strutturare una politica ispirata a valori autenticamente umani che l\u2019Enciclica riassume nella verit\u00e0, nella giustizia, nell\u2019amore e nella libert\u00e0.<\/p>\n<p>Eppure, trascorsi sessant\u2019anni, l\u2019umanit\u00e0 non sembra aver fatto tesoro di quanto la pace sia necessaria, di quanto bene essa \u00e8 portatrice. Uno sguardo al nostro quotidiano, infatti, mostra come l\u2019egoismo di pochi e gli interessi sempre pi\u00f9 limitati di alcuni inducono a pensare di poter trovare nelle armi la soluzione a tanti problemi o a nuove esigenze, come pure a quei conflitti che emergono nella realt\u00e0 della vita delle Nazioni.<\/p>\n<p>Se le regole dei rapporti internazionali hanno limitato l\u2019uso della forza e il superamento del sottosviluppo che \u00e8 uno degli obiettivi dell\u2019azione internazionale, il desiderio di potenza \u00e8 ancora, purtroppo, criterio di giudizio ed elemento di attivit\u00e0 nei rapporti tra gli Stati. E questo si manifesta nelle diverse regioni con effetti devastanti sulle persone e sui loro affetti, senza risparmiare le infrastrutture e l\u2019ambiente naturale.<\/p>\n<p>In questo momento, l\u2019aumento di risorse economiche per gli armamenti \u00e8 ritornato ad essere strumento delle relazioni tra gli Stati, mostrando che la pace \u00e8 possibile e realizzabile solo se fondata su un equilibrio del loro possesso. Tutto questo genera paura e terrore e rischia di travolgere la sicurezza poich\u00e9 dimentica come \u201cun fatto imprevedibile e incontrollabile possa far scoccare la scintilla che mette in moto l\u2019apparato bellico\u201d (<i>Pacem in Terris<\/i>, 60).<\/p>\n<p>Si rende necessaria una profonda riforma delle strutture multilaterali che gli Stati hanno creato per gestire la sicurezza e garantire la pace, ma che sono ormai prive della libert\u00e0 e della possibilit\u00e0 di azione. Non basta che esse proclamino la pace se non sono dotate della capacit\u00e0 autonoma di promuovere e attuare azioni concrete, poich\u00e9 rischiano di non essere a servizio del bene comune, ma solo strumenti di parte.<\/p>\n<p>Come ben spiega l\u2019Enciclica, agli Stati, chiamati per loro natura al servizio delle rispettive comunit\u00e0, spetta di operare seguendo il metodo della libert\u00e0 e a rispondere alle esigenze della giustizia, sapendo per\u00f2 che \u201cil problema dell\u2019adeguazione della realt\u00e0 sociale alle esigenze obiettive della giustizia \u00e8 problema che non ammette mai una soluzione definitiva\u201d (<i>Pacem in Terris<\/i>, 81).<\/p>\n<p>Queste brevi annotazioni vogliono contribuire all\u2019obiettivo di approfondimento dell\u2019Enciclica che la Pontificia Universit\u00e0 Lateranense e il Dicastero per lo Sviluppo Umano Integrale hanno promosso.<\/p>\n<p>Affido all\u2019Universit\u00e0 il compito di approfondire il metodo di educazione alla pace, per una formazione non solo adeguata, ma ininterrotta. Una vera formazione scientifica, infatti, \u00e8 frutto di studio e ricerca, di approfondimento, di aggiornamenti e di esercizi pratici: questa deve essere la strada da percorrere per aprire nuovi orizzonti e superare forme didattiche e organizzative ormai superate e non pi\u00f9 adeguate alla nostra era.<\/p>\n<p>Sono certo che il Ciclo di studi in Scienze delle Pace da me istituito alla Lateranense, contribuir\u00e0 a formare le giovani generazioni a questi obiettivi, per favorire quella cultura dell\u2019incontro che \u00e8 la base di una comunit\u00e0 umana modellata secondo la fraternit\u00e0, che \u00e8 poi norma dell\u2019agire per edificare la pace.<\/p>\n<p><i>Dal Vaticano, 11 maggio 2023<\/i><\/p>\n<p>FRANCESCO<\/p>\n","protected":false},"excerpt":{"rendered":"<p>Il Papa ai partecipanti al Convegno internazionale &#8220;Pace tra le genti&#8221;<\/p>\n","protected":false},"author":17,"featured_media":55543,"comment_status":"closed","ping_status":"closed","sticky":false,"template":"","format":"standard","meta":{"_acf_changed":false,"_crdt_document":"","inline_featured_image":false,"footnotes":""},"categories":[67,117],"tags":[785,688,9135,251,4952],"class_list":["post-75909","post","type-post","status-publish","format-standard","has-post-thumbnail","hentry","category-leone-xiv","category-messaggi","tag-guerra","tag-pace","tag-pacem-in-terris-2","tag-papa-francesco","tag-trending-it"],"acf":[],"yoast_head":"<!-- This site is optimized with the Yoast SEO plugin v27.5 - https:\/\/yoast.com\/product\/yoast-seo-wordpress\/ -->\n<title>&quot;Mai la guerra ha dato sollievo alla vita degli esseri umani&quot; &#8211; Exaudi<\/title>\n<meta name=\"robots\" content=\"index, follow, max-snippet:-1, max-image-preview:large, max-video-preview:-1\" \/>\n<link rel=\"canonical\" href=\"https:\/\/exaudi.org\/it\/mai-la-guerra-ha-dato-sollievo-alla-vita-degli-esseri-umani\/\" \/>\n<meta property=\"og:locale\" content=\"it_IT\" \/>\n<meta property=\"og:type\" content=\"article\" \/>\n<meta property=\"og:title\" content=\"&quot;Mai la guerra ha dato sollievo alla vita degli esseri umani&quot; &#8211; Exaudi\" \/>\n<meta property=\"og:description\" content=\"Il Papa ai partecipanti al Convegno internazionale &quot;Pace tra le genti&quot;\" \/>\n<meta property=\"og:url\" content=\"https:\/\/exaudi.org\/it\/mai-la-guerra-ha-dato-sollievo-alla-vita-degli-esseri-umani\/\" \/>\n<meta property=\"og:site_name\" content=\"Exaudi\" \/>\n<meta property=\"article:publisher\" content=\"https:\/\/www.facebook.com\/ExaudiNews\" \/>\n<meta property=\"article:author\" content=\"https:\/\/www.facebook.com\/ExaudiNotizie\/\" \/>\n<meta property=\"article:published_time\" content=\"2023-05-11T17:52:10+00:00\" \/>\n<meta property=\"og:image\" content=\"https:\/\/exaudi.org\/wp-content\/uploads\/2022\/04\/Guerra-en-Ucrania-Ayuda-a-la-Iglesia-Necesitada-ACN.jpg\" \/>\n\t<meta property=\"og:image:width\" content=\"1500\" \/>\n\t<meta property=\"og:image:height\" content=\"1000\" \/>\n\t<meta property=\"og:image:type\" content=\"image\/jpeg\" \/>\n<meta name=\"author\" content=\"Exaudi Redazione\" \/>\n<meta name=\"twitter:card\" content=\"summary_large_image\" \/>\n<meta name=\"twitter:creator\" content=\"@Exaudi_Notizie\" \/>\n<meta name=\"twitter:site\" content=\"@Exaudi_News\" \/>\n<meta name=\"twitter:label1\" content=\"Scritto da\" \/>\n\t<meta name=\"twitter:data1\" content=\"Exaudi Redazione\" \/>\n\t<meta name=\"twitter:label2\" content=\"Tempo di lettura stimato\" \/>\n\t<meta name=\"twitter:data2\" content=\"3 minuti\" \/>\n<script type=\"application\/ld+json\" class=\"yoast-schema-graph\">{\"@context\":\"https:\\\/\\\/schema.org\",\"@graph\":[{\"@type\":\"Article\",\"@id\":\"https:\\\/\\\/exaudi.org\\\/it\\\/mai-la-guerra-ha-dato-sollievo-alla-vita-degli-esseri-umani\\\/#article\",\"isPartOf\":{\"@id\":\"https:\\\/\\\/exaudi.org\\\/it\\\/mai-la-guerra-ha-dato-sollievo-alla-vita-degli-esseri-umani\\\/\"},\"author\":{\"name\":\"Exaudi Redazione\",\"@id\":\"https:\\\/\\\/exaudi.org\\\/#\\\/schema\\\/person\\\/e1ab6ed07c01774724dd96f925f3a5f0\"},\"headline\":\"&#8220;Mai la guerra ha dato sollievo alla vita degli esseri umani&#8221;\",\"datePublished\":\"2023-05-11T17:52:10+00:00\",\"mainEntityOfPage\":{\"@id\":\"https:\\\/\\\/exaudi.org\\\/it\\\/mai-la-guerra-ha-dato-sollievo-alla-vita-degli-esseri-umani\\\/\"},\"wordCount\":681,\"image\":{\"@id\":\"https:\\\/\\\/exaudi.org\\\/it\\\/mai-la-guerra-ha-dato-sollievo-alla-vita-degli-esseri-umani\\\/#primaryimage\"},\"thumbnailUrl\":\"https:\\\/\\\/exaudi.org\\\/wp-content\\\/uploads\\\/2022\\\/04\\\/Guerra-en-Ucrania-Ayuda-a-la-Iglesia-Necesitada-ACN.jpg\",\"keywords\":[\"guerra\",\"pace\",\"Pacem in Terris\",\"Papa Francesco\",\"Trending\"],\"articleSection\":[\"Leone XIV\",\"Messaggi\"],\"inLanguage\":\"it-IT\"},{\"@type\":\"WebPage\",\"@id\":\"https:\\\/\\\/exaudi.org\\\/it\\\/mai-la-guerra-ha-dato-sollievo-alla-vita-degli-esseri-umani\\\/\",\"url\":\"https:\\\/\\\/exaudi.org\\\/it\\\/mai-la-guerra-ha-dato-sollievo-alla-vita-degli-esseri-umani\\\/\",\"name\":\"\\\"Mai la guerra ha dato sollievo alla vita degli esseri umani\\\" &#8211; Exaudi\",\"isPartOf\":{\"@id\":\"https:\\\/\\\/exaudi.org\\\/#website\"},\"primaryImageOfPage\":{\"@id\":\"https:\\\/\\\/exaudi.org\\\/it\\\/mai-la-guerra-ha-dato-sollievo-alla-vita-degli-esseri-umani\\\/#primaryimage\"},\"image\":{\"@id\":\"https:\\\/\\\/exaudi.org\\\/it\\\/mai-la-guerra-ha-dato-sollievo-alla-vita-degli-esseri-umani\\\/#primaryimage\"},\"thumbnailUrl\":\"https:\\\/\\\/exaudi.org\\\/wp-content\\\/uploads\\\/2022\\\/04\\\/Guerra-en-Ucrania-Ayuda-a-la-Iglesia-Necesitada-ACN.jpg\",\"datePublished\":\"2023-05-11T17:52:10+00:00\",\"author\":{\"@id\":\"https:\\\/\\\/exaudi.org\\\/#\\\/schema\\\/person\\\/e1ab6ed07c01774724dd96f925f3a5f0\"},\"breadcrumb\":{\"@id\":\"https:\\\/\\\/exaudi.org\\\/it\\\/mai-la-guerra-ha-dato-sollievo-alla-vita-degli-esseri-umani\\\/#breadcrumb\"},\"inLanguage\":\"it-IT\",\"potentialAction\":[{\"@type\":\"ReadAction\",\"target\":[\"https:\\\/\\\/exaudi.org\\\/it\\\/mai-la-guerra-ha-dato-sollievo-alla-vita-degli-esseri-umani\\\/\"]}]},{\"@type\":\"ImageObject\",\"inLanguage\":\"it-IT\",\"@id\":\"https:\\\/\\\/exaudi.org\\\/it\\\/mai-la-guerra-ha-dato-sollievo-alla-vita-degli-esseri-umani\\\/#primaryimage\",\"url\":\"https:\\\/\\\/exaudi.org\\\/wp-content\\\/uploads\\\/2022\\\/04\\\/Guerra-en-Ucrania-Ayuda-a-la-Iglesia-Necesitada-ACN.jpg\",\"contentUrl\":\"https:\\\/\\\/exaudi.org\\\/wp-content\\\/uploads\\\/2022\\\/04\\\/Guerra-en-Ucrania-Ayuda-a-la-Iglesia-Necesitada-ACN.jpg\",\"width\":1500,\"height\":1000,\"caption\":\"\u00a9 Ayuda a la Iglesia Necesitada (ACN)\"},{\"@type\":\"BreadcrumbList\",\"@id\":\"https:\\\/\\\/exaudi.org\\\/it\\\/mai-la-guerra-ha-dato-sollievo-alla-vita-degli-esseri-umani\\\/#breadcrumb\",\"itemListElement\":[{\"@type\":\"ListItem\",\"position\":1,\"name\":\"Portada\",\"item\":\"https:\\\/\\\/exaudi.org\\\/it\\\/\"},{\"@type\":\"ListItem\",\"position\":2,\"name\":\"&#8220;Mai la guerra ha dato sollievo alla vita degli esseri umani&#8221;\"}]},{\"@type\":\"WebSite\",\"@id\":\"https:\\\/\\\/exaudi.org\\\/#website\",\"url\":\"https:\\\/\\\/exaudi.org\\\/\",\"name\":\"Exaudi\",\"description\":\"News\",\"potentialAction\":[{\"@type\":\"SearchAction\",\"target\":{\"@type\":\"EntryPoint\",\"urlTemplate\":\"https:\\\/\\\/exaudi.org\\\/?s={search_term_string}\"},\"query-input\":{\"@type\":\"PropertyValueSpecification\",\"valueRequired\":true,\"valueName\":\"search_term_string\"}}],\"inLanguage\":\"it-IT\"},{\"@type\":\"Person\",\"@id\":\"https:\\\/\\\/exaudi.org\\\/#\\\/schema\\\/person\\\/e1ab6ed07c01774724dd96f925f3a5f0\",\"name\":\"Exaudi Redazione\",\"image\":{\"@type\":\"ImageObject\",\"inLanguage\":\"it-IT\",\"@id\":\"https:\\\/\\\/secure.gravatar.com\\\/avatar\\\/ad6774b3ada023bf5b939d64f45c94b3adf91502dd883507d469b4308a943bb3?s=96&d=mm&r=g\",\"url\":\"https:\\\/\\\/secure.gravatar.com\\\/avatar\\\/ad6774b3ada023bf5b939d64f45c94b3adf91502dd883507d469b4308a943bb3?s=96&d=mm&r=g\",\"contentUrl\":\"https:\\\/\\\/secure.gravatar.com\\\/avatar\\\/ad6774b3ada023bf5b939d64f45c94b3adf91502dd883507d469b4308a943bb3?s=96&d=mm&r=g\",\"caption\":\"Exaudi Redazione\"},\"description\":\"Che cosa \u00e8 Exaudi News? Exaudi News \u00e8 un agenzia cattolica internazionale che informa, istruisce e trasforma quotidianamente in spagnolo, inglese e italiano. Attraverso notizie, articoli di analisi e trasmissioni in diretta degli eventi del Papa, Exaudi cerca di rafforzare l'unit\u00e0 dei cristiani e di contribuire all'evangelizzazione del mondo, sempre guidato dalla dottrina sociale della Chiesa. Lavoriamo per portare la verit\u00e0 e i valori cristiani in ogni angolo del pianeta. Aiutaci a trasformare il mondo con Exaudi! Noi di Exaudi crediamo che l'evangelizzazione e l'informazione di qualit\u00e0 possano cambiare la vita. Per continuare la nostra missione ed espandere la nostra portata, abbiamo bisogno del tuo aiuto. Stiamo anche cercando persone motivate che vogliano unirsi al nostro team. Grazie al vostro sostegno raggiungeremo pi\u00f9 persone, diffonderemo il messaggio di Cristo e rafforzeremo l'unit\u00e0 dei cristiani. Vuoi unirti alla nostra missione? Per maggiori informazioni su come contribuire, visita Exaudi.org\\\/it o contattaci direttamente: info@exaudi.org Exaudi: informa, forma e trasforma.\",\"sameAs\":[\"https:\\\/\\\/www.facebook.com\\\/ExaudiNotizie\\\/\",\"https:\\\/\\\/www.instagram.com\\\/Exaudi_notizie\\\/\",\"https:\\\/\\\/x.com\\\/Exaudi_Notizie\",\"https:\\\/\\\/www.youtube.com\\\/@exaudicatholicnews\"],\"url\":\"https:\\\/\\\/exaudi.org\\\/it\\\/author\\\/dlvedi-org\\\/\"}]}<\/script>\n<!-- \/ Yoast SEO plugin. -->","yoast_head_json":{"title":"\"Mai la guerra ha dato sollievo alla vita degli esseri umani\" &#8211; Exaudi","robots":{"index":"index","follow":"follow","max-snippet":"max-snippet:-1","max-image-preview":"max-image-preview:large","max-video-preview":"max-video-preview:-1"},"canonical":"https:\/\/exaudi.org\/it\/mai-la-guerra-ha-dato-sollievo-alla-vita-degli-esseri-umani\/","og_locale":"it_IT","og_type":"article","og_title":"\"Mai la guerra ha dato sollievo alla vita degli esseri umani\" &#8211; Exaudi","og_description":"Il Papa ai partecipanti al Convegno internazionale \"Pace tra le genti\"","og_url":"https:\/\/exaudi.org\/it\/mai-la-guerra-ha-dato-sollievo-alla-vita-degli-esseri-umani\/","og_site_name":"Exaudi","article_publisher":"https:\/\/www.facebook.com\/ExaudiNews","article_author":"https:\/\/www.facebook.com\/ExaudiNotizie\/","article_published_time":"2023-05-11T17:52:10+00:00","og_image":[{"width":1500,"height":1000,"url":"https:\/\/exaudi.org\/wp-content\/uploads\/2022\/04\/Guerra-en-Ucrania-Ayuda-a-la-Iglesia-Necesitada-ACN.jpg","type":"image\/jpeg"}],"author":"Exaudi Redazione","twitter_card":"summary_large_image","twitter_creator":"@Exaudi_Notizie","twitter_site":"@Exaudi_News","twitter_misc":{"Scritto da":"Exaudi Redazione","Tempo di lettura stimato":"3 minuti"},"schema":{"@context":"https:\/\/schema.org","@graph":[{"@type":"Article","@id":"https:\/\/exaudi.org\/it\/mai-la-guerra-ha-dato-sollievo-alla-vita-degli-esseri-umani\/#article","isPartOf":{"@id":"https:\/\/exaudi.org\/it\/mai-la-guerra-ha-dato-sollievo-alla-vita-degli-esseri-umani\/"},"author":{"name":"Exaudi Redazione","@id":"https:\/\/exaudi.org\/#\/schema\/person\/e1ab6ed07c01774724dd96f925f3a5f0"},"headline":"&#8220;Mai la guerra ha dato sollievo alla vita degli esseri umani&#8221;","datePublished":"2023-05-11T17:52:10+00:00","mainEntityOfPage":{"@id":"https:\/\/exaudi.org\/it\/mai-la-guerra-ha-dato-sollievo-alla-vita-degli-esseri-umani\/"},"wordCount":681,"image":{"@id":"https:\/\/exaudi.org\/it\/mai-la-guerra-ha-dato-sollievo-alla-vita-degli-esseri-umani\/#primaryimage"},"thumbnailUrl":"https:\/\/exaudi.org\/wp-content\/uploads\/2022\/04\/Guerra-en-Ucrania-Ayuda-a-la-Iglesia-Necesitada-ACN.jpg","keywords":["guerra","pace","Pacem in Terris","Papa Francesco","Trending"],"articleSection":["Leone XIV","Messaggi"],"inLanguage":"it-IT"},{"@type":"WebPage","@id":"https:\/\/exaudi.org\/it\/mai-la-guerra-ha-dato-sollievo-alla-vita-degli-esseri-umani\/","url":"https:\/\/exaudi.org\/it\/mai-la-guerra-ha-dato-sollievo-alla-vita-degli-esseri-umani\/","name":"\"Mai la guerra ha dato sollievo alla vita degli esseri umani\" &#8211; Exaudi","isPartOf":{"@id":"https:\/\/exaudi.org\/#website"},"primaryImageOfPage":{"@id":"https:\/\/exaudi.org\/it\/mai-la-guerra-ha-dato-sollievo-alla-vita-degli-esseri-umani\/#primaryimage"},"image":{"@id":"https:\/\/exaudi.org\/it\/mai-la-guerra-ha-dato-sollievo-alla-vita-degli-esseri-umani\/#primaryimage"},"thumbnailUrl":"https:\/\/exaudi.org\/wp-content\/uploads\/2022\/04\/Guerra-en-Ucrania-Ayuda-a-la-Iglesia-Necesitada-ACN.jpg","datePublished":"2023-05-11T17:52:10+00:00","author":{"@id":"https:\/\/exaudi.org\/#\/schema\/person\/e1ab6ed07c01774724dd96f925f3a5f0"},"breadcrumb":{"@id":"https:\/\/exaudi.org\/it\/mai-la-guerra-ha-dato-sollievo-alla-vita-degli-esseri-umani\/#breadcrumb"},"inLanguage":"it-IT","potentialAction":[{"@type":"ReadAction","target":["https:\/\/exaudi.org\/it\/mai-la-guerra-ha-dato-sollievo-alla-vita-degli-esseri-umani\/"]}]},{"@type":"ImageObject","inLanguage":"it-IT","@id":"https:\/\/exaudi.org\/it\/mai-la-guerra-ha-dato-sollievo-alla-vita-degli-esseri-umani\/#primaryimage","url":"https:\/\/exaudi.org\/wp-content\/uploads\/2022\/04\/Guerra-en-Ucrania-Ayuda-a-la-Iglesia-Necesitada-ACN.jpg","contentUrl":"https:\/\/exaudi.org\/wp-content\/uploads\/2022\/04\/Guerra-en-Ucrania-Ayuda-a-la-Iglesia-Necesitada-ACN.jpg","width":1500,"height":1000,"caption":"\u00a9 Ayuda a la Iglesia Necesitada (ACN)"},{"@type":"BreadcrumbList","@id":"https:\/\/exaudi.org\/it\/mai-la-guerra-ha-dato-sollievo-alla-vita-degli-esseri-umani\/#breadcrumb","itemListElement":[{"@type":"ListItem","position":1,"name":"Portada","item":"https:\/\/exaudi.org\/it\/"},{"@type":"ListItem","position":2,"name":"&#8220;Mai la guerra ha dato sollievo alla vita degli esseri umani&#8221;"}]},{"@type":"WebSite","@id":"https:\/\/exaudi.org\/#website","url":"https:\/\/exaudi.org\/","name":"Exaudi","description":"News","potentialAction":[{"@type":"SearchAction","target":{"@type":"EntryPoint","urlTemplate":"https:\/\/exaudi.org\/?s={search_term_string}"},"query-input":{"@type":"PropertyValueSpecification","valueRequired":true,"valueName":"search_term_string"}}],"inLanguage":"it-IT"},{"@type":"Person","@id":"https:\/\/exaudi.org\/#\/schema\/person\/e1ab6ed07c01774724dd96f925f3a5f0","name":"Exaudi Redazione","image":{"@type":"ImageObject","inLanguage":"it-IT","@id":"https:\/\/secure.gravatar.com\/avatar\/ad6774b3ada023bf5b939d64f45c94b3adf91502dd883507d469b4308a943bb3?s=96&d=mm&r=g","url":"https:\/\/secure.gravatar.com\/avatar\/ad6774b3ada023bf5b939d64f45c94b3adf91502dd883507d469b4308a943bb3?s=96&d=mm&r=g","contentUrl":"https:\/\/secure.gravatar.com\/avatar\/ad6774b3ada023bf5b939d64f45c94b3adf91502dd883507d469b4308a943bb3?s=96&d=mm&r=g","caption":"Exaudi Redazione"},"description":"Che cosa \u00e8 Exaudi News? Exaudi News \u00e8 un agenzia cattolica internazionale che informa, istruisce e trasforma quotidianamente in spagnolo, inglese e italiano. Attraverso notizie, articoli di analisi e trasmissioni in diretta degli eventi del Papa, Exaudi cerca di rafforzare l'unit\u00e0 dei cristiani e di contribuire all'evangelizzazione del mondo, sempre guidato dalla dottrina sociale della Chiesa. Lavoriamo per portare la verit\u00e0 e i valori cristiani in ogni angolo del pianeta. Aiutaci a trasformare il mondo con Exaudi! Noi di Exaudi crediamo che l'evangelizzazione e l'informazione di qualit\u00e0 possano cambiare la vita. Per continuare la nostra missione ed espandere la nostra portata, abbiamo bisogno del tuo aiuto. Stiamo anche cercando persone motivate che vogliano unirsi al nostro team. Grazie al vostro sostegno raggiungeremo pi\u00f9 persone, diffonderemo il messaggio di Cristo e rafforzeremo l'unit\u00e0 dei cristiani. Vuoi unirti alla nostra missione? Per maggiori informazioni su come contribuire, visita Exaudi.org\/it o contattaci direttamente: info@exaudi.org Exaudi: informa, forma e trasforma.","sameAs":["https:\/\/www.facebook.com\/ExaudiNotizie\/","https:\/\/www.instagram.com\/Exaudi_notizie\/","https:\/\/x.com\/Exaudi_Notizie","https:\/\/www.youtube.com\/@exaudicatholicnews"],"url":"https:\/\/exaudi.org\/it\/author\/dlvedi-org\/"}]}},"jetpack_featured_media_url":"https:\/\/exaudi.org\/wp-content\/uploads\/2022\/04\/Guerra-en-Ucrania-Ayuda-a-la-Iglesia-Necesitada-ACN.jpg","jetpack_shortlink":"https:\/\/wp.me\/pgKjF2-jKl","_links":{"self":[{"href":"https:\/\/exaudi.org\/it\/wp-json\/wp\/v2\/posts\/75909","targetHints":{"allow":["GET"]}}],"collection":[{"href":"https:\/\/exaudi.org\/it\/wp-json\/wp\/v2\/posts"}],"about":[{"href":"https:\/\/exaudi.org\/it\/wp-json\/wp\/v2\/types\/post"}],"author":[{"embeddable":true,"href":"https:\/\/exaudi.org\/it\/wp-json\/wp\/v2\/users\/17"}],"replies":[{"embeddable":true,"href":"https:\/\/exaudi.org\/it\/wp-json\/wp\/v2\/comments?post=75909"}],"version-history":[{"count":0,"href":"https:\/\/exaudi.org\/it\/wp-json\/wp\/v2\/posts\/75909\/revisions"}],"wp:featuredmedia":[{"embeddable":true,"href":"https:\/\/exaudi.org\/it\/wp-json\/wp\/v2\/media\/55543"}],"wp:attachment":[{"href":"https:\/\/exaudi.org\/it\/wp-json\/wp\/v2\/media?parent=75909"}],"wp:term":[{"taxonomy":"category","embeddable":true,"href":"https:\/\/exaudi.org\/it\/wp-json\/wp\/v2\/categories?post=75909"},{"taxonomy":"post_tag","embeddable":true,"href":"https:\/\/exaudi.org\/it\/wp-json\/wp\/v2\/tags?post=75909"}],"curies":[{"name":"wp","href":"https:\/\/api.w.org\/{rel}","templated":true}]}}