{"id":75803,"date":"2023-05-09T19:19:28","date_gmt":"2023-05-09T17:19:28","guid":{"rendered":"https:\/\/exaudi.org\/?p=75803"},"modified":"2023-05-09T19:25:36","modified_gmt":"2023-05-09T17:25:36","slug":"giubileo-2025-obiettivi-raggiunti-e-progetti","status":"publish","type":"post","link":"https:\/\/exaudi.org\/it\/giubileo-2025-obiettivi-raggiunti-e-progetti\/","title":{"rendered":"\u201cGiubileo 2025: obiettivi raggiunti e progetti\u201d"},"content":{"rendered":"<p>Alle ore 11.30 di questa mattina, ha avuto luogo in diretta\u00a0<i>streaming<\/i>\u00a0dalla Sala Stampa della Santa Sede, Sala San Pio X, Via dell\u2019Ospedale 1, la Conferenza Stampa\u00a0<b>\u201cGiubileo 2025: obiettivi raggiunti e progetti\u201d.<\/b><\/p>\n<p>Sono intervenuti: S.E. Mons. Rino Fisichella, Pro-Prefetto del Dicastero per l\u2019Evangelizzazione, Sezione per le Questioni Fondamentali dell\u2019Evangelizzazione nel Mondo; e Mons. Graham Bell, Sottosegretario del Dicastero per l\u2019Evangelizzazione, Sezione per le Questioni Fondamentali dell\u2019Evangelizzazione nel Mondo.<\/p>\n<p><strong>La Conferenza Stampa in diretta streaming in lingua originale sul canale Youtube di Vatican News, collegandosi al sito:<\/strong>L<\/p>\n<p><a href=\"https:\/\/youtu.be\/rWVJov-d4s0\">https:\/\/youtu.be\/rWVJov-d4s0<\/a><\/p>\n<p>Ne riportiamo di seguito gli interventi:<\/p>\n<p><a name=\"fisi\"><\/a><b><u>Interventi di\u00a0<i>S.E. Mons. Fisichella e di Mons. Bell<\/i><\/u><\/b><\/p>\n<p><b>S.E. Mons. Rino Fisichella \u2013\u00a0<\/b><i>Pro-Prefetto del Dicastero per l\u2019Evangelizzazione, Sezione per le Questioni Fondamentali dell\u2019Evangelizzazione nel Mondo<\/i><\/p>\n<p>Come si ricorder\u00e0, l\u201911 febbraio del 2022, Papa Francesco mi scrisse una Lettera con la quale incaricava l\u2019allora Pontificio Consiglio per la Promozione della Nuova Evangelizzazione della preparazione e celebrazione del Giubileo ordinario del 2025.<\/p>\n<p>A partire da quel momento ci siamo rimboccati le maniche, perch\u00e9 il tempo a disposizione per un simile evento \u00e8 sempre molto ristretto, nonostante tutti sappiamo che ogni 25 anni si celebra un Giubileo. Sono iniziati, anzitutto, i rapporti con il Governo Italiano, con la Regione Lazio e il Comune di Roma. Queste collaborazioni si sono sviluppate e intensificate a partire dalla nomina del Commissario Governativo e dell\u2019istituzione dell\u2019Agenzia Giubileo 2025. La Santa Sede ha proposto alcuni progetti per facilitare l\u2019accoglienza dei milioni di pellegrini che giungeranno a Roma per l\u2019occasione giubilare che hanno trovato riscontro nelle istanze civili.<\/p>\n<p>Si \u00e8 dato cos\u00ec avvio a una serie di Tavoli programmatici e operativi che periodicamente vedono impegnati il Dicastero con il Governo Italiano e il Commissario Governativo nel confronto per la realizzazione delle opere strutturali necessarie per la citt\u00e0, ma anche per la risoluzione delle problematiche tipiche legate all\u2019accoglienza quali la sicurezza, la sanit\u00e0, i trasporti, il volontariato e quanto altro diventa necessario per un sicuro svolgimento del Giubileo. Il primo incontro bilaterale, che si \u00e8 svolto nella sala del Concistoro lo scorso 19 aprile 2023, ha permesso di verificare la fattiva collaborazione, e il comune intendimento, per la riuscita positiva del prossimo Giubileo.<\/p>\n<p>Questo percorso impegnativo, che comporta la capacit\u00e0 di saper guardare insieme anche se da prospettive differenti, trover\u00e0 presto riscontro nell\u2019avvio dei lavori che terranno occupata la citt\u00e0 di Roma nei prossimi mesi. Certamente si comprendono le difficolt\u00e0 che dovranno affrontare i cittadini e i turisti, che saranno costretti a utilizzare percorsi alternativi per spostarsi in citt\u00e0, a causa della presenza dei cantieri. Ma siamo altrettanto sicuri che tutti potremo ben presto, una volta ultimati i lavori, vivere in una citt\u00e0 ancora pi\u00f9 bella, pi\u00f9 accogliente, rinnovata nelle sue opere artistiche e pi\u00f9 facilmente godibile da tutti, per i percorsi migliorativi e le nuove infrastrutture che verranno integrate nel tessuto cittadino.<\/p>\n<p>Questa fase preparatoria pi\u00f9 tecnica ma, come si pu\u00f2 immaginare, ugualmente necessaria, procede in parallelo a quella pi\u00f9 strettamente legata alla celebrazione dell\u2019evento giubilare. Il Dicastero, infatti, sta camminando a marce forzate per la preparazione dell\u2019Anno santo, realizzando alcune iniziative di cui mi fa piacere poter condividere i primi risultati raggiunti. Sono alcuni obiettivi che sembrano ovvi, ma sono fondamentali per il raggiungimento di risultati positivi per lo svolgimento giubilare.<\/p>\n<p>Si sono istituite nei mesi scorsi quattro Commissioni e un Comitato tecnico che hanno sostenuto il Dicastero nel delineare il programma generale. Innanzitutto la Commissione pastorale, un gruppo di lavoro composto dai rappresentanti di ogni Dicastero della Curia Romana e dai referenti pastorali di alcune realt\u00e0 ecclesiali, con vescovi, sacerdoti, persone consacrate e laici, che ha lo scopo di promuovere iniziative in particolare nelle Chiese locali per la preparazione pi\u00f9 immediata al Giubileo.<\/p>\n<p>La Commissione culturale contribuisce all\u2019elaborazione di attivit\u00e0 culturali di vario genere, tra cui mostre, concerti e rappresentazioni, che affiancheranno e arricchiranno l\u2019esperienza spirituale dei pellegrini. Un compito particolare inoltre \u00e8 quello di valutare i tanti progetti che giungono, per giudicare la coerenza con l\u2019evento giubilare e la loro fattiva realizzazione. D\u2019altronde Roma \u00e8 da sempre un richiamo culturale, e nostro scopo \u00e8 che il pellegrino diventi anche turista, cos\u00ec come il turista possa essere affascinato dall\u2019esperienza del pellegrino. Posso gi\u00e0 annunciare una prossima iniziativa in tal senso. Dal primo settembre all\u20198 ottobre 2023 sar\u00e0 visitabile, nella chiesa di Sant\u2019Agnese in Agone, una mostra con opere del grande artista rinascimentale spagnolo,<i>\u00a0El Greco.\u00a0<\/i>Opere che non hanno mai lasciato la Spagna e che sono messe a disposizione proprio per questa circostanza, quasi a dare l\u2019inizio ufficiale alle iniziative culturali. Questo primo \u201cevento-segno\u201d aiuter\u00e0 il visitatore a riflettere sul tema della \u201csperanza in Cristo\u201d, che aiuta l\u2019essere umano a risollevarsi dalle sue miserie con la prospettiva della Vita eterna. Nella mostra si potr\u00e0 ammirare un trittico teologico, costituito dai tre capolavori di\u00a0<i>El Greco<\/i>, come\u00a0<i>Il Battesimo<\/i>, Il\u00a0<i>Cristo abbracciato alla Croce\u00a0<\/i>e Il<i>\u00a0Salvatore Benedicente<\/i>.<\/p>\n<p>Nel dicembre scorso la Quinta Edizione della mostra \u201c100 Presepi in Vaticano\u201d, ha avuto l\u2019obiettivo di inserirsi nelle iniziative giubilari. Un grande successo per l\u2019Esposizione internazionale nel Colonnato del Bernini, che ha visto la presenza di pi\u00f9 di 120 mila persone. Desideriamo il pi\u00f9 possibile che queste manifestazioni siano ad accesso gratuito, in modo da favorire la partecipazione dei cittadini nella contemplazione della bellezza che consente un rapporto migliore con la citt\u00e0 e le persone.<\/p>\n<p>La Commissione per la comunicazione riunisce giornalisti di varie testate, accademici ed esperti dei nuovi media, per il supporto del Dicastero sul piano informativo e comunicativo.<\/p>\n<p>Infine, ma non per ultima, la Commissione ecumenica che fornir\u00e0, non solo supporto per il dialogo interreligioso sul grande tema della Speranza, ma contribuisce con il Dicastero all\u2019organizzazione delle celebrazioni per il 17.esimo anniversario del Concilio di Nicea che cade proprio nel 2025. Una scadenza altamente significativa per tutti i cristiani, perch\u00e9 a Nicea si svolse il primo Concilio cristologico. Nella parte operativa il Dicastero sar\u00e0 sostenuto dal Comitato tecnico, che si occupa di dare indicazioni sulla logistica degli eventi giubilari, la gestione delle Basiliche, la sicurezza, la sanit\u00e0, i volontari.<\/p>\n<p>Un ulteriore obiettivo raggiunto \u00e8 stato quello del coinvolgimento delle Diocesi di tutto il mondo. Abbiamo gi\u00e0 incontrato i 212 delegati delle Diocesi italiane e i 90 rappresentanti di tutte le Conferenze Episcopali, con lo scopo di creare un raccordo tra il Dicastero e le istanze locali, e avere il pieno coinvolgimento delle realt\u00e0 locali. Sar\u00e0 uno scambio fecondo per la conoscenza delle iniziative universali e quelle locali che trovano riscontro in una partecipazione comunitaria.<\/p>\n<p>In preparazione all\u2019Anno Giubilare, Papa Francesco ha chiesto che il 2023 fosse dedicato alla riscoperta delle quattro Costituzioni del Concilio Vaticano II, per i 60 anni dall\u2019apertura dei lavori. Come si pu\u00f2 ricordare il Santo Padre ha presieduto una solenne celebrazione l\u201911 ottobre scorso, alla presenza di alcuni sacerdoti che avevano sperimentato direttamente il Vaticano II. Per aiutare le Chiese locali nei percorsi di catechesi, formazione umana e soprattutto cristiana, e dare la possibilit\u00e0 ai pi\u00f9 giovani di conoscere e riscoprire i contenuti centrali del Concilio, il Dicastero ha pubblicato lo scorso dicembre i \u201cQuaderni del Concilio\u201d. Una collana di 35 volumetti, sui contenuti di\u00a0<i>Dei Verbum, Sacrosanctum Concilium, Lumen gentium, Gaudium et Spes<\/i>, pensati come sussidi molto agili, proprio per permettere una maggiore diffusione dei testi nella comunit\u00e0 cristiana. I \u201cQuaderni\u201d sono gi\u00e0 stati tradotti in lingua spagnola dalla Conferenza Episcopale con il titolo \u201cCuadernos del Concilio\u201d, e sono in fase di traduzione anche da parte della Conferenza Episcopale messicana, brasiliana, ceca, rumena, albanese, in Portogallo e in India.<\/p>\n<p>Il prossimo anno, il 2024, sempre su richiesta di Papa Francesco, sar\u00e0 dedicato alla Preghiera. La Chiesa si mette in cammino verso il Giubileo con l\u2019intento di promuovere la centralit\u00e0 della Preghiera, personale e comunitaria. Stiamo studiando la possibilit\u00e0 di una \u201cScuola di Preghiera\u201d, con percorsi tali da coprire il grande mondo della Preghiera. In pi\u00f9, per vivere al meglio questo anno, il Dicastero pubblicher\u00e0 una serie di strumenti che abbiamo chiamato &#8220;Appunti sulla preghiera&#8221;, per rimettere al centro il nostro rapporto con il Signore, quasi volendo imparare ogni giorno a saper pregare nella maniera coerente, sostenuti dalla grande tradizione cristiana.<\/p>\n<p>\u00abPellegrini di speranza\u00bb, come si sa, \u00e8 il motto del Giubileo ordinario 2025. Il suo significato \u00e8 stato descritto direttamente dal Santo Padre nella lettera dell\u201911 febbraio a cui si \u00e8 accennato. Nella conferenza stampa del 28 giugno 2022, \u00e8 stato presentato il logo ufficiale dell\u2019Anno giubilare. Rappresenta l\u2019umanit\u00e0 che giunge dai quattro angoli della Terra nell\u2019atto di stringersi alla Croce. La croce \u00e8 a forma di vela, uno dei segni della Speranza cristiana che porta con s\u00e9 la certezza della vittoria del bene sul male. Una vela che si impone sul mare mosso dalle vicende della vita. La croce termina a forma di ancora, altro simbolo della speranza che porta fiducia e sicurezza nella vita.<\/p>\n<p>Un ulteriore obiettivo \u00e8 stato raggiunto con la conclusione del Concorso internazionale che si \u00e8 concluso lo scorso 25 marzo 2023, riguardo l\u2019Inno ufficiale del Giubileo. Hanno partecipato 270 persone provenienti da 38 Paesi differenti. Una curiosit\u00e0: l\u2019et\u00e0 media dei compositori che hanno partecipato al concorso \u00e8 di circa 48 anni. Il testo, che doveva essere musicato, \u00e8 stato scritto dal prof. Pierangelo Sequeri, teologo e musicologo che ha composto testi conosciuti a livello mondiale. Una Commissione internazionale convocata a Roma lo scorso 18 aprile u.s., dopo una seria analisi degli spartiti musicali, presentati ovviamente in forma anonima, ha rivolto la sua attenzione sul testo vincitore del concorso. Mi fa particolarmente piacere in questa circostanza comunicare ufficialmente il nome del vincitore. Si tratta del Maestro Francesco Meneghello, di Mantova, a cui va il nostro ringraziamento, apprezzamento e la gratitudine. Per l\u2019occasione di questa conferenza la Pontificia Cappella musicale \u201cSistina\u201d ha registrato una prima edizione dell\u2019inno che vi presentiamo in anteprima.<\/p>\n<p>*<sup>.<\/sup>*<sup>.<\/sup>*<\/p>\n<p><b>Mons. Graham Bell \u2013\u00a0<\/b><i>Sottosegretario del Dicastero per l\u2019Evangelizzazione, Sezione per le Questioni Fondamentali dell\u2019Evangelizzazione nel Mondo<\/i><\/p>\n<p>Un\u2019ulteriore tappa significativa \u00e8 data dal sito del Giubileo che sar\u00e0 attivo al pubblico da domani al link\u00a0<u><a href=\"http:\/\/www.iubilaeum2025.va\" rel=\"nofollow\">http:\/\/www.iubilaeum2025.va<\/a><\/u>. Il portale in 9 lingue \u00e8 funzionale e presenta gi\u00e0 alcuni tra i contenuti pi\u00f9 importanti per conoscere l\u2019evento giubilare. Si tratta di una finestra sul Giubileo agile e facilmente utilizzabile da tutti, ragazzi, giovani e adulti. Possiamo gi\u00e0 guardare direttamente la versione italiana. Nella home page un video di presentazione, preparato da Rai Vaticano che ringraziamo sinceramente non solo per il dono dei video, ma anche per i vari servizi che nei mesi scorsi ha realizzato per introdurre il grande pubblico all\u2019evento giubilare. A partire da settembre, cliccando sul pulsante \u201cPartecipa\u201d sar\u00e0 gi\u00e0 possibile iscriversi agli eventi e al pellegrinaggio verso la Porta Santa. Fino a quando non sar\u00e0 attiva la piattaforma d\u2019iscrizione nella home si trover\u00e0 il video di presentazione.<\/p>\n<p>Scorrendo in basso si trovano le informazioni sulla Porta Santa di San Pietro e le altre Basiliche, come pure i segni del Giubileo e tutte le notizie in corso di aggiornamento quotidiano. Accanto alle notizie, la sezione con gli eventi, dove saranno messe sempre in evidenza le iniziative pi\u00f9 immediate in modo da rendere il servizio sempre attuale. Tornando al men\u00f9 in alto, si trovano le ultime notizie sulla fase preparatoria del Giubileo, con i lavori delle Commissioni e la possibilit\u00e0 di consultare i nomi dei delegati del Giubileo per le Diocesi d\u2019Italia e le Conferenze Episcopali internazionali. Viene offerta anche la possibilit\u00e0 di organizzare il proprio pellegrinaggio all\u2019interno della citt\u00e0, con tre pellegrinaggi proposti: quello tradizionale di San Filippo Neri con le Sette chiese; il pellegrinaggio sulle chiese dedicate alle Donne dottori della Chiesa e patrone d\u2019Europa;\u00a0<i>l\u2019Iter Europaeum<\/i>, cio\u00e8 le 28 Chiese che richiamano a 27 Paesi europei, pi\u00f9 la chiesa che intende rappresentare l\u2019Unione europea. Sono in preparazione degli strumenti per introdurre meglio in questi percorsi, e per favorire la conoscenza delle opere d\u2019arte presenti nelle chiese. Un impegno importante realizzato in accordo con il Ministero del Turismo, che favorir\u00e0 la riscoperta di tanti luoghi spesso sconosciuti agli stessi turisti.<\/p>\n<p>Da settembre sar\u00e0 attiva l\u2019Area del pellegrino, la pagina personale a cui si accede dopo aver effettuato l\u2019iscrizione. All\u2019atto dell\u2019iscrizione, il pellegrino, dopo aver inserito i dati richiesti, ricever\u00e0 la \u201cCarta del pellegrino\u201d, in versione digitale, con un Qr code personale necessario per avere accesso agli eventi giubilari e per organizzare il pellegrinaggio verso la Porta Santa. L\u2019utilizzo sar\u00e0 destinato non solo ai singoli, ma anche a quanti organizzano i pellegrinaggi in gruppi parrocchiali, diocesani o altro. La Carta del pellegrino avr\u00e0 anche una seconda funzione. Con una piccola offerta il pellegrino potr\u00e0 acquistare la Carta del pellegrino che offrir\u00e0 alcuni servizi, permettendo di usufruire di particolari sconti per il periodo del pellegrinaggio. In questi mesi si stanno perfezionando alcuni servizi nell\u2019ambito dei trasporti, della ristorazione, dell\u2019accoglienza, con le rispettive categorie di riferimento.<\/p>\n<p>Da settembre saranno ufficialmente attive e disponibili anche le pagine social e la nuova App del Giubileo 2025,<i>\u00a0iubilaeum2025<\/i>, giovanile, fresca e agile. Dall\u2019applicazione, che sar\u00e0 scaricabile per iOs e android, si potr\u00e0 accedere a tutte le notizie gi\u00e0 presenti sul sito web, ma l\u2019interfaccia dell\u2019app render\u00e0 pi\u00f9 semplice e rapida l\u2019iscrizione agli eventi giubilari, con la possibilit\u00e0 di ricevere informazioni personalizzate. L\u2019utente potr\u00e0 salvare gli eventi a cui \u00e8 interessato, accedere pi\u00f9 velocemente alla propria area personalizzata, disporre del Qr code per i tempi del pellegrinaggio alla Porta Santa e, ovviamente, nel caso sia stata acquistata la Carta Servizi, per accedere alle opportunit\u00e0 offerte. L\u2019app, in sostanza, consentir\u00e0 al pellegrino una pi\u00f9 rapida acquisizione delle informazioni sul Giubileo, faciliter\u00e0 il procedimento dell\u2019iscrizione e render\u00e0 pi\u00f9 veloce l\u2019organizzazione dei pellegrinaggi interni alla citt\u00e0, oltre a consentire la comunicazione diretta tra il pellegrino e il Dicastero.<\/p>\n<p>*<sup>.<\/sup>*<sup>.<\/sup>*<\/p>\n<p><b>S.E. Mons. Rino Fisichella \u2013\u00a0<\/b><i>Pro-Prefetto del Dicastero per l\u2019Evangelizzazione, Sezione per le Questioni Fondamentali dell\u2019Evangelizzazione nel Mondo<\/i><\/p>\n<p>Arriviamo ora all\u2019obiettivo pi\u00f9 delicato che riguarda il Calendario dell\u2019Anno santo. Per la data di apertura e di chiusura si dovr\u00e0 attendere la Bolla di indizione del Giubileo, che verr\u00e0 pubblicata secondo tradizione per la festa dell\u2019Ascensione, il prossimo 9 maggio 2024. Il Giubileo ordinario inizier\u00e0 con l\u2019apertura della Porta Santa della Basilica di San Pietro nel mese di dicembre 2024. Nel dossier stampa che abbiamo preparato, il calendario riguarda solo i \u201cgrandi eventi giubilari\u201d. Sono quegli eventi che per loro natura attirano un grande concorso di popolo a Roma. Penso in particolare al Giubileo dei giovani, dei movimenti, confraternite, catechisti, del mondo del lavoro, della scuola. Insomma un calendario che richiede una preparazione pi\u00f9 dettagliata per consentire uno svolgimento coerente con l\u2019esperienza di fede. Oltre a questi eventi che coinvolgeranno verosimilmente milioni di pellegrini da tutto il mondo, nel calendario non vengono segnalate le centinaia di manifestazioni giubilari che vedono coinvolte le diocesi, i gruppi parrocchiali, le singole associazioni e i singoli pellegrini. Ai pellegrini comunque sar\u00e0 sufficiente iscriversi sulla piattaforma a cui si accede dal sito per interloquire con il Dicastero e avere accoglienza. D\u2019altronde, come si sa, il modo di mettersi in viaggio si \u00e8 modificato e dobbiamo essere pronti per dare la dovuta accoglienza ai gruppi come ai singoli. Per facilitare questa organizzazione, ai gruppi molto numerosi, come ad esempio le diocesi, e per garantire l\u2019accoglienza, sar\u00e0 richiesto di contattare direttamente il Dicastero.<\/p>\n<p>In conclusione, posso comunicare che a partire dal prossimo primo giugno, nei locali di via della Conciliazione 7, sar\u00e0 inaugurato il Centro Pellegrini &#8211; Info Point. Un punto di riferimento aperto a quanti desiderano essere informati sull\u2019Anno giubilare, le modalit\u00e0 di partecipazione, come pure avere notizie su come diventare volontari o organizzare il proprio pellegrinaggio.<\/p>\n<p>Scrive Papa Francesco: \u00abDobbiamo tenere accesa la fiaccola della speranza che ci \u00e8 stata donata, e fare di tutto perch\u00e9 ognuno riacquisti la forza e la certezza di guardare al futuro con animo aperto, cuore fiducioso e mente lungimirante\u00bb. Queste parole ci hanno aiutato in questi mesi scorsi, nella preparazione di tante iniziative. Continueremo ancora a farci compagnia nei prossimi mesi dove ci attendono altre scadenze significative. Desideriamo tutti che l\u2019annuncio di speranza che proviene dal prossimo Giubileo possa essere reale, concreto e tangibile attraverso tanti segni di solidariet\u00e0 che aiuteranno a recuperare uno sguardo pi\u00f9 sereno e fiducioso sulle relazioni personali e interpersonali, portando un contributo per un mondo pi\u00f9 umano e una trasmissione di generazione in generazione della viva tradizione della nostra fede.<\/p>\n<p><strong>Di seguito:<\/strong><\/p>\n<p>1) link per scaricare il dossier stampa in lingua italiana, inglese, spagnola, francese e portoghese: <a href=\"https:\/\/we.tl\/t-SiRgHotavg\">https:\/\/we.tl\/t-SiRgHotavg<\/a><\/p>\n<p>2) link per scaricare l\u2019inno e il video: <a href=\"https:\/\/we.tl\/t-rCX9igpd4R\">https:\/\/we.tl\/t-rCX9igpd4R<\/a><\/p>\n<p>&nbsp;<\/p>\n<h1 class=\"style-scope ytd-watch-metadata\"><\/h1>\n","protected":false},"excerpt":{"rendered":"<p>Conferenza Stampa intervenuti: S.E. Mons. Rino Fisichella e Mons. Graham Bell<\/p>\n","protected":false},"author":17,"featured_media":62288,"comment_status":"closed","ping_status":"closed","sticky":false,"template":"","format":"standard","meta":{"_acf_changed":false,"_crdt_document":"","inline_featured_image":false,"footnotes":""},"categories":[131],"tags":[9070,4952],"class_list":["post-75803","post","type-post","status-publish","format-standard","has-post-thumbnail","hentry","category-vaticano","tag-giubileo-2025-2","tag-trending-it"],"acf":[],"yoast_head":"<!-- This site is optimized with the Yoast SEO plugin v27.5 - https:\/\/yoast.com\/product\/yoast-seo-wordpress\/ -->\n<title>\u201cGiubileo 2025: obiettivi raggiunti e progetti\u201d &#8211; Exaudi<\/title>\n<meta name=\"robots\" content=\"index, follow, max-snippet:-1, max-image-preview:large, max-video-preview:-1\" \/>\n<link rel=\"canonical\" href=\"https:\/\/exaudi.org\/it\/giubileo-2025-obiettivi-raggiunti-e-progetti\/\" \/>\n<meta property=\"og:locale\" content=\"it_IT\" \/>\n<meta property=\"og:type\" content=\"article\" \/>\n<meta property=\"og:title\" content=\"\u201cGiubileo 2025: obiettivi raggiunti e progetti\u201d &#8211; Exaudi\" \/>\n<meta property=\"og:description\" content=\"Conferenza Stampa intervenuti: S.E. Mons. Rino Fisichella e Mons. Graham Bell\" \/>\n<meta property=\"og:url\" content=\"https:\/\/exaudi.org\/it\/giubileo-2025-obiettivi-raggiunti-e-progetti\/\" \/>\n<meta property=\"og:site_name\" content=\"Exaudi\" \/>\n<meta property=\"article:publisher\" content=\"https:\/\/www.facebook.com\/ExaudiNews\" \/>\n<meta property=\"article:author\" content=\"https:\/\/www.facebook.com\/ExaudiNotizie\/\" \/>\n<meta property=\"article:published_time\" content=\"2023-05-09T17:19:28+00:00\" \/>\n<meta property=\"article:modified_time\" content=\"2023-05-09T17:25:36+00:00\" \/>\n<meta property=\"og:image\" content=\"https:\/\/exaudi.org\/wp-content\/uploads\/2022\/09\/cq5dam.thumbnail.cropped.1000.563-1.jpeg\" \/>\n\t<meta property=\"og:image:width\" content=\"1000\" \/>\n\t<meta property=\"og:image:height\" content=\"563\" \/>\n\t<meta property=\"og:image:type\" content=\"image\/jpeg\" \/>\n<meta name=\"author\" content=\"Exaudi Redazione\" \/>\n<meta name=\"twitter:card\" content=\"summary_large_image\" \/>\n<meta name=\"twitter:creator\" content=\"@Exaudi_Notizie\" \/>\n<meta name=\"twitter:site\" content=\"@Exaudi_News\" \/>\n<meta name=\"twitter:label1\" content=\"Scritto da\" \/>\n\t<meta name=\"twitter:data1\" content=\"Exaudi Redazione\" \/>\n\t<meta name=\"twitter:label2\" content=\"Tempo di lettura stimato\" \/>\n\t<meta name=\"twitter:data2\" content=\"13 minuti\" \/>\n<script type=\"application\/ld+json\" class=\"yoast-schema-graph\">{\"@context\":\"https:\\\/\\\/schema.org\",\"@graph\":[{\"@type\":\"Article\",\"@id\":\"https:\\\/\\\/exaudi.org\\\/it\\\/giubileo-2025-obiettivi-raggiunti-e-progetti\\\/#article\",\"isPartOf\":{\"@id\":\"https:\\\/\\\/exaudi.org\\\/it\\\/giubileo-2025-obiettivi-raggiunti-e-progetti\\\/\"},\"author\":{\"name\":\"Exaudi Redazione\",\"@id\":\"https:\\\/\\\/exaudi.org\\\/#\\\/schema\\\/person\\\/e1ab6ed07c01774724dd96f925f3a5f0\"},\"headline\":\"\u201cGiubileo 2025: obiettivi raggiunti e progetti\u201d\",\"datePublished\":\"2023-05-09T17:19:28+00:00\",\"dateModified\":\"2023-05-09T17:25:36+00:00\",\"mainEntityOfPage\":{\"@id\":\"https:\\\/\\\/exaudi.org\\\/it\\\/giubileo-2025-obiettivi-raggiunti-e-progetti\\\/\"},\"wordCount\":2762,\"image\":{\"@id\":\"https:\\\/\\\/exaudi.org\\\/it\\\/giubileo-2025-obiettivi-raggiunti-e-progetti\\\/#primaryimage\"},\"thumbnailUrl\":\"https:\\\/\\\/exaudi.org\\\/wp-content\\\/uploads\\\/2022\\\/09\\\/cq5dam.thumbnail.cropped.1000.563-1.jpeg\",\"keywords\":[\"Giubileo 2025\",\"Trending\"],\"articleSection\":[\"Vaticano\"],\"inLanguage\":\"it-IT\"},{\"@type\":\"WebPage\",\"@id\":\"https:\\\/\\\/exaudi.org\\\/it\\\/giubileo-2025-obiettivi-raggiunti-e-progetti\\\/\",\"url\":\"https:\\\/\\\/exaudi.org\\\/it\\\/giubileo-2025-obiettivi-raggiunti-e-progetti\\\/\",\"name\":\"\u201cGiubileo 2025: obiettivi raggiunti e progetti\u201d &#8211; Exaudi\",\"isPartOf\":{\"@id\":\"https:\\\/\\\/exaudi.org\\\/#website\"},\"primaryImageOfPage\":{\"@id\":\"https:\\\/\\\/exaudi.org\\\/it\\\/giubileo-2025-obiettivi-raggiunti-e-progetti\\\/#primaryimage\"},\"image\":{\"@id\":\"https:\\\/\\\/exaudi.org\\\/it\\\/giubileo-2025-obiettivi-raggiunti-e-progetti\\\/#primaryimage\"},\"thumbnailUrl\":\"https:\\\/\\\/exaudi.org\\\/wp-content\\\/uploads\\\/2022\\\/09\\\/cq5dam.thumbnail.cropped.1000.563-1.jpeg\",\"datePublished\":\"2023-05-09T17:19:28+00:00\",\"dateModified\":\"2023-05-09T17:25:36+00:00\",\"author\":{\"@id\":\"https:\\\/\\\/exaudi.org\\\/#\\\/schema\\\/person\\\/e1ab6ed07c01774724dd96f925f3a5f0\"},\"breadcrumb\":{\"@id\":\"https:\\\/\\\/exaudi.org\\\/it\\\/giubileo-2025-obiettivi-raggiunti-e-progetti\\\/#breadcrumb\"},\"inLanguage\":\"it-IT\",\"potentialAction\":[{\"@type\":\"ReadAction\",\"target\":[\"https:\\\/\\\/exaudi.org\\\/it\\\/giubileo-2025-obiettivi-raggiunti-e-progetti\\\/\"]}]},{\"@type\":\"ImageObject\",\"inLanguage\":\"it-IT\",\"@id\":\"https:\\\/\\\/exaudi.org\\\/it\\\/giubileo-2025-obiettivi-raggiunti-e-progetti\\\/#primaryimage\",\"url\":\"https:\\\/\\\/exaudi.org\\\/wp-content\\\/uploads\\\/2022\\\/09\\\/cq5dam.thumbnail.cropped.1000.563-1.jpeg\",\"contentUrl\":\"https:\\\/\\\/exaudi.org\\\/wp-content\\\/uploads\\\/2022\\\/09\\\/cq5dam.thumbnail.cropped.1000.563-1.jpeg\",\"width\":1000,\"height\":563,\"caption\":\"\u00a9 Vatican News\"},{\"@type\":\"BreadcrumbList\",\"@id\":\"https:\\\/\\\/exaudi.org\\\/it\\\/giubileo-2025-obiettivi-raggiunti-e-progetti\\\/#breadcrumb\",\"itemListElement\":[{\"@type\":\"ListItem\",\"position\":1,\"name\":\"Portada\",\"item\":\"https:\\\/\\\/exaudi.org\\\/it\\\/\"},{\"@type\":\"ListItem\",\"position\":2,\"name\":\"\u201cGiubileo 2025: obiettivi raggiunti e progetti\u201d\"}]},{\"@type\":\"WebSite\",\"@id\":\"https:\\\/\\\/exaudi.org\\\/#website\",\"url\":\"https:\\\/\\\/exaudi.org\\\/\",\"name\":\"Exaudi\",\"description\":\"News\",\"potentialAction\":[{\"@type\":\"SearchAction\",\"target\":{\"@type\":\"EntryPoint\",\"urlTemplate\":\"https:\\\/\\\/exaudi.org\\\/?s={search_term_string}\"},\"query-input\":{\"@type\":\"PropertyValueSpecification\",\"valueRequired\":true,\"valueName\":\"search_term_string\"}}],\"inLanguage\":\"it-IT\"},{\"@type\":\"Person\",\"@id\":\"https:\\\/\\\/exaudi.org\\\/#\\\/schema\\\/person\\\/e1ab6ed07c01774724dd96f925f3a5f0\",\"name\":\"Exaudi Redazione\",\"image\":{\"@type\":\"ImageObject\",\"inLanguage\":\"it-IT\",\"@id\":\"https:\\\/\\\/secure.gravatar.com\\\/avatar\\\/ad6774b3ada023bf5b939d64f45c94b3adf91502dd883507d469b4308a943bb3?s=96&d=mm&r=g\",\"url\":\"https:\\\/\\\/secure.gravatar.com\\\/avatar\\\/ad6774b3ada023bf5b939d64f45c94b3adf91502dd883507d469b4308a943bb3?s=96&d=mm&r=g\",\"contentUrl\":\"https:\\\/\\\/secure.gravatar.com\\\/avatar\\\/ad6774b3ada023bf5b939d64f45c94b3adf91502dd883507d469b4308a943bb3?s=96&d=mm&r=g\",\"caption\":\"Exaudi Redazione\"},\"description\":\"Che cosa \u00e8 Exaudi News? Exaudi News \u00e8 un agenzia cattolica internazionale che informa, istruisce e trasforma quotidianamente in spagnolo, inglese e italiano. Attraverso notizie, articoli di analisi e trasmissioni in diretta degli eventi del Papa, Exaudi cerca di rafforzare l'unit\u00e0 dei cristiani e di contribuire all'evangelizzazione del mondo, sempre guidato dalla dottrina sociale della Chiesa. Lavoriamo per portare la verit\u00e0 e i valori cristiani in ogni angolo del pianeta. Aiutaci a trasformare il mondo con Exaudi! Noi di Exaudi crediamo che l'evangelizzazione e l'informazione di qualit\u00e0 possano cambiare la vita. Per continuare la nostra missione ed espandere la nostra portata, abbiamo bisogno del tuo aiuto. Stiamo anche cercando persone motivate che vogliano unirsi al nostro team. Grazie al vostro sostegno raggiungeremo pi\u00f9 persone, diffonderemo il messaggio di Cristo e rafforzeremo l'unit\u00e0 dei cristiani. Vuoi unirti alla nostra missione? Per maggiori informazioni su come contribuire, visita Exaudi.org\\\/it o contattaci direttamente: info@exaudi.org Exaudi: informa, forma e trasforma.\",\"sameAs\":[\"https:\\\/\\\/www.facebook.com\\\/ExaudiNotizie\\\/\",\"https:\\\/\\\/www.instagram.com\\\/Exaudi_notizie\\\/\",\"https:\\\/\\\/x.com\\\/Exaudi_Notizie\",\"https:\\\/\\\/www.youtube.com\\\/@exaudicatholicnews\"],\"url\":\"https:\\\/\\\/exaudi.org\\\/it\\\/author\\\/dlvedi-org\\\/\"}]}<\/script>\n<!-- \/ Yoast SEO plugin. -->","yoast_head_json":{"title":"\u201cGiubileo 2025: obiettivi raggiunti e progetti\u201d &#8211; Exaudi","robots":{"index":"index","follow":"follow","max-snippet":"max-snippet:-1","max-image-preview":"max-image-preview:large","max-video-preview":"max-video-preview:-1"},"canonical":"https:\/\/exaudi.org\/it\/giubileo-2025-obiettivi-raggiunti-e-progetti\/","og_locale":"it_IT","og_type":"article","og_title":"\u201cGiubileo 2025: obiettivi raggiunti e progetti\u201d &#8211; Exaudi","og_description":"Conferenza Stampa intervenuti: S.E. Mons. Rino Fisichella e Mons. Graham Bell","og_url":"https:\/\/exaudi.org\/it\/giubileo-2025-obiettivi-raggiunti-e-progetti\/","og_site_name":"Exaudi","article_publisher":"https:\/\/www.facebook.com\/ExaudiNews","article_author":"https:\/\/www.facebook.com\/ExaudiNotizie\/","article_published_time":"2023-05-09T17:19:28+00:00","article_modified_time":"2023-05-09T17:25:36+00:00","og_image":[{"width":1000,"height":563,"url":"https:\/\/exaudi.org\/wp-content\/uploads\/2022\/09\/cq5dam.thumbnail.cropped.1000.563-1.jpeg","type":"image\/jpeg"}],"author":"Exaudi Redazione","twitter_card":"summary_large_image","twitter_creator":"@Exaudi_Notizie","twitter_site":"@Exaudi_News","twitter_misc":{"Scritto da":"Exaudi Redazione","Tempo di lettura stimato":"13 minuti"},"schema":{"@context":"https:\/\/schema.org","@graph":[{"@type":"Article","@id":"https:\/\/exaudi.org\/it\/giubileo-2025-obiettivi-raggiunti-e-progetti\/#article","isPartOf":{"@id":"https:\/\/exaudi.org\/it\/giubileo-2025-obiettivi-raggiunti-e-progetti\/"},"author":{"name":"Exaudi Redazione","@id":"https:\/\/exaudi.org\/#\/schema\/person\/e1ab6ed07c01774724dd96f925f3a5f0"},"headline":"\u201cGiubileo 2025: obiettivi raggiunti e progetti\u201d","datePublished":"2023-05-09T17:19:28+00:00","dateModified":"2023-05-09T17:25:36+00:00","mainEntityOfPage":{"@id":"https:\/\/exaudi.org\/it\/giubileo-2025-obiettivi-raggiunti-e-progetti\/"},"wordCount":2762,"image":{"@id":"https:\/\/exaudi.org\/it\/giubileo-2025-obiettivi-raggiunti-e-progetti\/#primaryimage"},"thumbnailUrl":"https:\/\/exaudi.org\/wp-content\/uploads\/2022\/09\/cq5dam.thumbnail.cropped.1000.563-1.jpeg","keywords":["Giubileo 2025","Trending"],"articleSection":["Vaticano"],"inLanguage":"it-IT"},{"@type":"WebPage","@id":"https:\/\/exaudi.org\/it\/giubileo-2025-obiettivi-raggiunti-e-progetti\/","url":"https:\/\/exaudi.org\/it\/giubileo-2025-obiettivi-raggiunti-e-progetti\/","name":"\u201cGiubileo 2025: obiettivi raggiunti e progetti\u201d &#8211; Exaudi","isPartOf":{"@id":"https:\/\/exaudi.org\/#website"},"primaryImageOfPage":{"@id":"https:\/\/exaudi.org\/it\/giubileo-2025-obiettivi-raggiunti-e-progetti\/#primaryimage"},"image":{"@id":"https:\/\/exaudi.org\/it\/giubileo-2025-obiettivi-raggiunti-e-progetti\/#primaryimage"},"thumbnailUrl":"https:\/\/exaudi.org\/wp-content\/uploads\/2022\/09\/cq5dam.thumbnail.cropped.1000.563-1.jpeg","datePublished":"2023-05-09T17:19:28+00:00","dateModified":"2023-05-09T17:25:36+00:00","author":{"@id":"https:\/\/exaudi.org\/#\/schema\/person\/e1ab6ed07c01774724dd96f925f3a5f0"},"breadcrumb":{"@id":"https:\/\/exaudi.org\/it\/giubileo-2025-obiettivi-raggiunti-e-progetti\/#breadcrumb"},"inLanguage":"it-IT","potentialAction":[{"@type":"ReadAction","target":["https:\/\/exaudi.org\/it\/giubileo-2025-obiettivi-raggiunti-e-progetti\/"]}]},{"@type":"ImageObject","inLanguage":"it-IT","@id":"https:\/\/exaudi.org\/it\/giubileo-2025-obiettivi-raggiunti-e-progetti\/#primaryimage","url":"https:\/\/exaudi.org\/wp-content\/uploads\/2022\/09\/cq5dam.thumbnail.cropped.1000.563-1.jpeg","contentUrl":"https:\/\/exaudi.org\/wp-content\/uploads\/2022\/09\/cq5dam.thumbnail.cropped.1000.563-1.jpeg","width":1000,"height":563,"caption":"\u00a9 Vatican News"},{"@type":"BreadcrumbList","@id":"https:\/\/exaudi.org\/it\/giubileo-2025-obiettivi-raggiunti-e-progetti\/#breadcrumb","itemListElement":[{"@type":"ListItem","position":1,"name":"Portada","item":"https:\/\/exaudi.org\/it\/"},{"@type":"ListItem","position":2,"name":"\u201cGiubileo 2025: obiettivi raggiunti e progetti\u201d"}]},{"@type":"WebSite","@id":"https:\/\/exaudi.org\/#website","url":"https:\/\/exaudi.org\/","name":"Exaudi","description":"News","potentialAction":[{"@type":"SearchAction","target":{"@type":"EntryPoint","urlTemplate":"https:\/\/exaudi.org\/?s={search_term_string}"},"query-input":{"@type":"PropertyValueSpecification","valueRequired":true,"valueName":"search_term_string"}}],"inLanguage":"it-IT"},{"@type":"Person","@id":"https:\/\/exaudi.org\/#\/schema\/person\/e1ab6ed07c01774724dd96f925f3a5f0","name":"Exaudi Redazione","image":{"@type":"ImageObject","inLanguage":"it-IT","@id":"https:\/\/secure.gravatar.com\/avatar\/ad6774b3ada023bf5b939d64f45c94b3adf91502dd883507d469b4308a943bb3?s=96&d=mm&r=g","url":"https:\/\/secure.gravatar.com\/avatar\/ad6774b3ada023bf5b939d64f45c94b3adf91502dd883507d469b4308a943bb3?s=96&d=mm&r=g","contentUrl":"https:\/\/secure.gravatar.com\/avatar\/ad6774b3ada023bf5b939d64f45c94b3adf91502dd883507d469b4308a943bb3?s=96&d=mm&r=g","caption":"Exaudi Redazione"},"description":"Che cosa \u00e8 Exaudi News? Exaudi News \u00e8 un agenzia cattolica internazionale che informa, istruisce e trasforma quotidianamente in spagnolo, inglese e italiano. Attraverso notizie, articoli di analisi e trasmissioni in diretta degli eventi del Papa, Exaudi cerca di rafforzare l'unit\u00e0 dei cristiani e di contribuire all'evangelizzazione del mondo, sempre guidato dalla dottrina sociale della Chiesa. Lavoriamo per portare la verit\u00e0 e i valori cristiani in ogni angolo del pianeta. Aiutaci a trasformare il mondo con Exaudi! Noi di Exaudi crediamo che l'evangelizzazione e l'informazione di qualit\u00e0 possano cambiare la vita. Per continuare la nostra missione ed espandere la nostra portata, abbiamo bisogno del tuo aiuto. Stiamo anche cercando persone motivate che vogliano unirsi al nostro team. Grazie al vostro sostegno raggiungeremo pi\u00f9 persone, diffonderemo il messaggio di Cristo e rafforzeremo l'unit\u00e0 dei cristiani. Vuoi unirti alla nostra missione? Per maggiori informazioni su come contribuire, visita Exaudi.org\/it o contattaci direttamente: info@exaudi.org Exaudi: informa, forma e trasforma.","sameAs":["https:\/\/www.facebook.com\/ExaudiNotizie\/","https:\/\/www.instagram.com\/Exaudi_notizie\/","https:\/\/x.com\/Exaudi_Notizie","https:\/\/www.youtube.com\/@exaudicatholicnews"],"url":"https:\/\/exaudi.org\/it\/author\/dlvedi-org\/"}]}},"jetpack_featured_media_url":"https:\/\/exaudi.org\/wp-content\/uploads\/2022\/09\/cq5dam.thumbnail.cropped.1000.563-1.jpeg","jetpack_shortlink":"https:\/\/wp.me\/pgKjF2-jID","_links":{"self":[{"href":"https:\/\/exaudi.org\/it\/wp-json\/wp\/v2\/posts\/75803","targetHints":{"allow":["GET"]}}],"collection":[{"href":"https:\/\/exaudi.org\/it\/wp-json\/wp\/v2\/posts"}],"about":[{"href":"https:\/\/exaudi.org\/it\/wp-json\/wp\/v2\/types\/post"}],"author":[{"embeddable":true,"href":"https:\/\/exaudi.org\/it\/wp-json\/wp\/v2\/users\/17"}],"replies":[{"embeddable":true,"href":"https:\/\/exaudi.org\/it\/wp-json\/wp\/v2\/comments?post=75803"}],"version-history":[{"count":0,"href":"https:\/\/exaudi.org\/it\/wp-json\/wp\/v2\/posts\/75803\/revisions"}],"wp:featuredmedia":[{"embeddable":true,"href":"https:\/\/exaudi.org\/it\/wp-json\/wp\/v2\/media\/62288"}],"wp:attachment":[{"href":"https:\/\/exaudi.org\/it\/wp-json\/wp\/v2\/media?parent=75803"}],"wp:term":[{"taxonomy":"category","embeddable":true,"href":"https:\/\/exaudi.org\/it\/wp-json\/wp\/v2\/categories?post=75803"},{"taxonomy":"post_tag","embeddable":true,"href":"https:\/\/exaudi.org\/it\/wp-json\/wp\/v2\/tags?post=75803"}],"curies":[{"name":"wp","href":"https:\/\/api.w.org\/{rel}","templated":true}]}}