{"id":75706,"date":"2023-05-08T16:43:56","date_gmt":"2023-05-08T14:43:56","guid":{"rendered":"https:\/\/exaudi.org\/?p=75706"},"modified":"2023-05-09T13:48:30","modified_gmt":"2023-05-09T11:48:30","slug":"non-rinunciate-al-vostro-coraggio-coltivatela-e-fatene-del-vostro-apostolato","status":"publish","type":"post","link":"https:\/\/exaudi.org\/it\/non-rinunciate-al-vostro-coraggio-coltivatela-e-fatene-del-vostro-apostolato\/","title":{"rendered":"&#8220;Non rinunciate al vostro coraggio, coltivatela e fatene del vostro apostolato&#8221;"},"content":{"rendered":"<audio class=\"wp-audio-shortcode\" id=\"audio-75706-1\" preload=\"none\" style=\"width: 100%;\" controls=\"controls\"><source type=\"audio\/mpeg\" src=\"https:\/\/exaudi.org\/wp-content\/uploads\/2023\/05\/Non-rinunciate-al-vostro-coraggio-coltivatela-e.mp3?_=1\" \/><a href=\"https:\/\/exaudi.org\/wp-content\/uploads\/2023\/05\/Non-rinunciate-al-vostro-coraggio-coltivatela-e.mp3\">https:\/\/exaudi.org\/wp-content\/uploads\/2023\/05\/Non-rinunciate-al-vostro-coraggio-coltivatela-e.mp3<\/a><\/audio>\n<p>Questa mattina, nel Palazzo Apostolico Vaticano, il Santo Padre Francesco ha ricevuto in Udienza la Congregazione dello Spirito Santo sotto la protezione del Cuore Immacolato di Maria (Spiritani).<\/p>\n<p>Pubblichiamo di seguito il discorso che il Papa ha rivolto ai presenti nel corso dell\u2019incontro:<\/p>\n<p><b><u>Discorso del Santo Padre<\/u><\/b><\/p>\n<p>Cari fratelli e sorelle, buongiorno e benvenuti!<\/p>\n<p>Ringrazio il Superiore Generale per le parole che mi ha rivolto; saluto i membri del Consiglio e tutti voi.<\/p>\n<p>Sono contento di questo incontro, in cui condivido con voi la gioia per i centosettantacinque anni dalla vostra\u00a0<i>rifondazione<\/i>, con la fusione di due istituti religiosi.<\/p>\n<p>Vorrei prendere spunto, per una breve riflessione, dal passo del profeta Isaia che avete scelto come guida nella vostra Congregazione: \u00abEcco, io faccio una cosa nuova\u00bb (43,19). \u00c8 una parola molto bella, e fa parte di un testo che inizia cos\u00ec: \u00abNon temere [Israele], perch\u00e9 io ti ho redento, ti ho chiamato per nome; tu mi appartieni\u00bb (<i>Is<\/i>\u00a043,1). Quando sento questo mi viene in mente la mano di Dio che accarezza, accarezza il popolo, accarezza ognuno di voi: il Dio tenero che accarezza sempre. Mi fermo su queste parole perch\u00e9 mi pare rispecchino molto bene alcuni valori fondamentali del vostro carisma: coraggio, apertura e abbandono all\u2019azione dello Spirito perch\u00e9\u00a0<i>faccia una cosa nuova<\/i>.<\/p>\n<p><img loading=\"lazy\" decoding=\"async\" class=\"size-medium wp-image-75710 alignleft\" src=\"https:\/\/exaudi.org\/wp-content\/uploads\/2023\/05\/cq5dam.web_.800.800-6-200x300.jpeg\" alt=\"\" width=\"200\" height=\"300\" srcset=\"https:\/\/exaudi.org\/wp-content\/uploads\/2023\/05\/cq5dam.web_.800.800-6-200x300.jpeg 200w, https:\/\/exaudi.org\/wp-content\/uploads\/2023\/05\/cq5dam.web_.800.800-6-500x750.jpeg 500w, https:\/\/exaudi.org\/wp-content\/uploads\/2023\/05\/cq5dam.web_.800.800-6-293x440.jpeg 293w, https:\/\/exaudi.org\/wp-content\/uploads\/2023\/05\/cq5dam.web_.800.800-6-390x585.jpeg 390w, https:\/\/exaudi.org\/wp-content\/uploads\/2023\/05\/cq5dam.web_.800.800-6.jpeg 533w\" sizes=\"auto, (max-width: 200px) 100vw, 200px\" \/>Sono valori evidenti gi\u00e0 nella storia della vostra prima fondazione: un giovane diacono, con dodici compagni di seminario, spinto dallo Spirito, con coraggio si lancia in una inaspettata avventura. Rinuncia alla prospettiva di un futuro tranquillo \u2013 poteva essere un buon sacerdote di famiglia agiata \u2013 per una missione ancora tutta da scoprire, esponendosi a sacrifici, incomprensioni e opposizioni, con una salute molto fragile che lo porter\u00e0 a una morte precoce, prima ancora di poter vedere pienamente coronato il suo sogno. Tanti imprevisti, che per\u00f2 la sua docilit\u00e0 all\u2019azione dello Spirito trasforma in \u201cs\u00ec\u201d coraggiosi, grazie ai quali Dio comincia ogni volta<i>\u00a0qualcosa di nuovo<\/i>\u00a0in lui, e attraverso di lui anche in altri.<\/p>\n<p>Il suo esempio trova infatti conferma nei fratelli che ne continuano l\u2019opera, pronti a rispondere a nuovi segni dei tempi, abbracciando prima il servizio ai seminaristi poveri, poi le missioni popolari e infine anche l\u2019annuncio\u00a0<i>ad gentes<\/i>\u00a0in varie parti del mondo, senza lasciarsi intimorire nemmeno dalla persecuzione religiosa scatenata dalla rivoluzione francese.<\/p>\n<p>Una storia bella e ricca, di cui oggi per\u00f2 ricordiamo un ulteriore momento speciale, in cui tutto ancora una volta si rimette in gioco. \u00c8 la\u00a0<i>seconda fondazione,<\/i>\u00a0quella del 1848, in cui lo Spirito Santo chiede alla comunit\u00e0 di condividere tutti i frutti del suo passato in uno scenario nuovo. \u00c8 tempo di unirsi a nuovi compagni, quelli della Societ\u00e0 del Sacro Cuore di Maria, anch\u2019essi missionari, ma con una storia diversa. Per farlo \u00e8 certamente necessario superare timori e gelosie, e i fratelli delle due famiglie accettano la sfida, unendo le loro forze e condividendo quello che hanno in un nuovo inizio.<\/p>\n<p>Oggi, dopo oltre un secolo e mezzo, vediamo che la Provvidenza ha premiato la loro generosa e coraggiosa docilit\u00e0 allo Spirito: siete presenti in sessanta Paesi nei cinque continenti, con circa duemilaseicento religiosi e il coinvolgimento di tanti laici. Grazie alla vostra disponibilit\u00e0 a cambiare e alla vostra perseveranza, siete rimasti fedeli allo spirito delle origini: evangelizzare i poveri, accettare le missioni dove nessun altro vuole andare, prediligere il servizio ai pi\u00f9 abbandonati, rispettare popoli e culture, formare clero e laici locali per uno sviluppo umano integrale, il tutto in fraternit\u00e0 e semplicit\u00e0 di vita e in assiduit\u00e0 di preghiera. Per favore, quest\u2019ultima cosa \u00e8 importante: pregare, non lasciare la preghiera. E non solo la preghiera formale, no, pregare! Pregare sul serio! Realizzate cos\u00ec quella che il Venerabile Libermann chiamava \u201cunione pratica\u201d nel servizio, frutto di una docilit\u00e0 abituale allo Spirito Santo e fondamento di ogni missione.<\/p>\n<p>Il vostro carisma, aperto e rispettoso, \u00e8 particolarmente prezioso oggi, in un mondo in cui la sfida dell\u2019interculturalit\u00e0 e dell\u2019inclusione \u00e8 viva e urgente, dentro la Chiesa e fuori di essa. Per questo vi dico: non rinunciate al vostro coraggio e alla vostra libert\u00e0 interiore, coltivatela e fatene un tratto vivo del vostro apostolato. Sono tanti gli uomini e le donne che ancora hanno bisogno del Vangelo, non solo nelle cosiddette \u201cterre di missione\u201d, ma anche nel vecchio e stanco occidente. Guardate ognuno con gli occhi di Ges\u00f9, che desidera incontrare tutti \u2013 tutti! Non dimenticare questo: tutti \u2013 facendosi vicino specialmente ai pi\u00f9 poveri, toccandoli con le sue mani, fissando il suo sguardo nel loro. E per portare a ciascuno il soffio fresco e vitale del suo Spirito, che \u00e8 il vero \u00abprotagonista della missione\u00bb (cfr S. Giovanni Paolo II, Enc.\u00a0<i>Redemptoris missio<\/i>, 30), lasciatevi guidare da Lui, perch\u00e9 \u00abnon c\u2019\u00e8 maggior libert\u00e0 che quella di lasciarsi portare dallo Spirito, rinunciando a calcolare e a controllare tutto\u00bb (Esort. ap.\u00a0<i>Evangelii gaudium<\/i>, 280). Permettetegli di illuminarvi, di orientarvi, di spingervi dove desidera, senza porre condizioni, senza escludere nessuno, perch\u00e9 \u00e8 Lui che sa ci\u00f2 di cui c\u2019\u00e8 bisogno in ogni epoca e in ogni momento (cfr\u00a0<i>ibid.<\/i>).<\/p>\n<p>Questa \u00e8 stata la grande intuizione dei vostri fondatori e la bella testimonianza di tanti fratelli e sorelle che vi hanno preceduto. E questo \u00e8 anche l\u2019augurio e l\u2019invito che vi rivolgo oggi. La Madonna vi accompagni. Vi benedico tutti di cuore e vi chiedo per favore di pregare per me. Grazie!<\/p>\n","protected":false},"excerpt":{"rendered":"<p>Le parole di Papa Francesco all&#8217;udienza agli Spiritualisti<\/p>\n","protected":false},"author":17,"featured_media":75707,"comment_status":"closed","ping_status":"closed","sticky":false,"template":"","format":"standard","meta":{"_acf_changed":false,"_crdt_document":"","inline_featured_image":false,"footnotes":""},"categories":[67],"tags":[251,9100,4952,1843],"class_list":["post-75706","post","type-post","status-publish","format-standard","has-post-thumbnail","hentry","category-leone-xiv","tag-papa-francesco","tag-spiritualisti","tag-trending-it","tag-udienza"],"acf":[],"yoast_head":"<!-- This site is optimized with the Yoast SEO plugin v27.4 - https:\/\/yoast.com\/product\/yoast-seo-wordpress\/ -->\n<title>&quot;Non rinunciate al vostro coraggio, coltivatela e fatene del vostro apostolato&quot; &#8211; Exaudi<\/title>\n<meta name=\"robots\" content=\"index, follow, max-snippet:-1, max-image-preview:large, max-video-preview:-1\" \/>\n<link rel=\"canonical\" href=\"https:\/\/exaudi.org\/it\/non-rinunciate-al-vostro-coraggio-coltivatela-e-fatene-del-vostro-apostolato\/\" \/>\n<meta property=\"og:locale\" content=\"it_IT\" \/>\n<meta property=\"og:type\" content=\"article\" \/>\n<meta property=\"og:title\" content=\"&quot;Non rinunciate al vostro coraggio, coltivatela e fatene del vostro apostolato&quot; &#8211; Exaudi\" \/>\n<meta property=\"og:description\" content=\"Le parole di Papa Francesco all&#039;udienza agli Spiritualisti\" \/>\n<meta property=\"og:url\" content=\"https:\/\/exaudi.org\/it\/non-rinunciate-al-vostro-coraggio-coltivatela-e-fatene-del-vostro-apostolato\/\" \/>\n<meta property=\"og:site_name\" content=\"Exaudi\" \/>\n<meta property=\"article:publisher\" content=\"https:\/\/www.facebook.com\/ExaudiNews\" \/>\n<meta property=\"article:author\" content=\"https:\/\/www.facebook.com\/ExaudiNotizie\/\" \/>\n<meta property=\"article:published_time\" content=\"2023-05-08T14:43:56+00:00\" \/>\n<meta property=\"article:modified_time\" content=\"2023-05-09T11:48:30+00:00\" \/>\n<meta property=\"og:image\" content=\"https:\/\/exaudi.org\/wp-content\/uploads\/2023\/05\/cq5dam.web_.800.800-1-3.jpeg\" \/>\n\t<meta property=\"og:image:width\" content=\"800\" \/>\n\t<meta property=\"og:image:height\" content=\"533\" \/>\n\t<meta property=\"og:image:type\" content=\"image\/jpeg\" \/>\n<meta name=\"author\" content=\"Exaudi Redazione\" \/>\n<meta name=\"twitter:card\" content=\"summary_large_image\" \/>\n<meta name=\"twitter:creator\" content=\"@Exaudi_Notizie\" \/>\n<meta name=\"twitter:site\" content=\"@Exaudi_News\" \/>\n<meta name=\"twitter:label1\" content=\"Scritto da\" \/>\n\t<meta name=\"twitter:data1\" content=\"Exaudi Redazione\" \/>\n\t<meta name=\"twitter:label2\" content=\"Tempo di lettura stimato\" \/>\n\t<meta name=\"twitter:data2\" content=\"5 minuti\" \/>\n<script type=\"application\/ld+json\" class=\"yoast-schema-graph\">{\"@context\":\"https:\\\/\\\/schema.org\",\"@graph\":[{\"@type\":\"Article\",\"@id\":\"https:\\\/\\\/exaudi.org\\\/it\\\/non-rinunciate-al-vostro-coraggio-coltivatela-e-fatene-del-vostro-apostolato\\\/#article\",\"isPartOf\":{\"@id\":\"https:\\\/\\\/exaudi.org\\\/it\\\/non-rinunciate-al-vostro-coraggio-coltivatela-e-fatene-del-vostro-apostolato\\\/\"},\"author\":{\"name\":\"Exaudi Redazione\",\"@id\":\"https:\\\/\\\/exaudi.org\\\/#\\\/schema\\\/person\\\/e1ab6ed07c01774724dd96f925f3a5f0\"},\"headline\":\"&#8220;Non rinunciate al vostro coraggio, coltivatela e fatene del vostro apostolato&#8221;\",\"datePublished\":\"2023-05-08T14:43:56+00:00\",\"dateModified\":\"2023-05-09T11:48:30+00:00\",\"mainEntityOfPage\":{\"@id\":\"https:\\\/\\\/exaudi.org\\\/it\\\/non-rinunciate-al-vostro-coraggio-coltivatela-e-fatene-del-vostro-apostolato\\\/\"},\"wordCount\":902,\"image\":{\"@id\":\"https:\\\/\\\/exaudi.org\\\/it\\\/non-rinunciate-al-vostro-coraggio-coltivatela-e-fatene-del-vostro-apostolato\\\/#primaryimage\"},\"thumbnailUrl\":\"https:\\\/\\\/exaudi.org\\\/wp-content\\\/uploads\\\/2023\\\/05\\\/cq5dam.web_.800.800-1-3.jpeg\",\"keywords\":[\"Papa Francesco\",\"Spiritualisti\",\"Trending\",\"udienza\"],\"articleSection\":[\"Leone XIV\"],\"inLanguage\":\"it-IT\"},{\"@type\":\"WebPage\",\"@id\":\"https:\\\/\\\/exaudi.org\\\/it\\\/non-rinunciate-al-vostro-coraggio-coltivatela-e-fatene-del-vostro-apostolato\\\/\",\"url\":\"https:\\\/\\\/exaudi.org\\\/it\\\/non-rinunciate-al-vostro-coraggio-coltivatela-e-fatene-del-vostro-apostolato\\\/\",\"name\":\"\\\"Non rinunciate al vostro coraggio, coltivatela e fatene del vostro apostolato\\\" &#8211; Exaudi\",\"isPartOf\":{\"@id\":\"https:\\\/\\\/exaudi.org\\\/#website\"},\"primaryImageOfPage\":{\"@id\":\"https:\\\/\\\/exaudi.org\\\/it\\\/non-rinunciate-al-vostro-coraggio-coltivatela-e-fatene-del-vostro-apostolato\\\/#primaryimage\"},\"image\":{\"@id\":\"https:\\\/\\\/exaudi.org\\\/it\\\/non-rinunciate-al-vostro-coraggio-coltivatela-e-fatene-del-vostro-apostolato\\\/#primaryimage\"},\"thumbnailUrl\":\"https:\\\/\\\/exaudi.org\\\/wp-content\\\/uploads\\\/2023\\\/05\\\/cq5dam.web_.800.800-1-3.jpeg\",\"datePublished\":\"2023-05-08T14:43:56+00:00\",\"dateModified\":\"2023-05-09T11:48:30+00:00\",\"author\":{\"@id\":\"https:\\\/\\\/exaudi.org\\\/#\\\/schema\\\/person\\\/e1ab6ed07c01774724dd96f925f3a5f0\"},\"breadcrumb\":{\"@id\":\"https:\\\/\\\/exaudi.org\\\/it\\\/non-rinunciate-al-vostro-coraggio-coltivatela-e-fatene-del-vostro-apostolato\\\/#breadcrumb\"},\"inLanguage\":\"it-IT\",\"potentialAction\":[{\"@type\":\"ReadAction\",\"target\":[\"https:\\\/\\\/exaudi.org\\\/it\\\/non-rinunciate-al-vostro-coraggio-coltivatela-e-fatene-del-vostro-apostolato\\\/\"]}]},{\"@type\":\"ImageObject\",\"inLanguage\":\"it-IT\",\"@id\":\"https:\\\/\\\/exaudi.org\\\/it\\\/non-rinunciate-al-vostro-coraggio-coltivatela-e-fatene-del-vostro-apostolato\\\/#primaryimage\",\"url\":\"https:\\\/\\\/exaudi.org\\\/wp-content\\\/uploads\\\/2023\\\/05\\\/cq5dam.web_.800.800-1-3.jpeg\",\"contentUrl\":\"https:\\\/\\\/exaudi.org\\\/wp-content\\\/uploads\\\/2023\\\/05\\\/cq5dam.web_.800.800-1-3.jpeg\",\"width\":800,\"height\":533,\"caption\":\"Vatican Media\"},{\"@type\":\"BreadcrumbList\",\"@id\":\"https:\\\/\\\/exaudi.org\\\/it\\\/non-rinunciate-al-vostro-coraggio-coltivatela-e-fatene-del-vostro-apostolato\\\/#breadcrumb\",\"itemListElement\":[{\"@type\":\"ListItem\",\"position\":1,\"name\":\"Portada\",\"item\":\"https:\\\/\\\/exaudi.org\\\/it\\\/\"},{\"@type\":\"ListItem\",\"position\":2,\"name\":\"&#8220;Non rinunciate al vostro coraggio, coltivatela e fatene del vostro apostolato&#8221;\"}]},{\"@type\":\"WebSite\",\"@id\":\"https:\\\/\\\/exaudi.org\\\/#website\",\"url\":\"https:\\\/\\\/exaudi.org\\\/\",\"name\":\"Exaudi\",\"description\":\"News\",\"potentialAction\":[{\"@type\":\"SearchAction\",\"target\":{\"@type\":\"EntryPoint\",\"urlTemplate\":\"https:\\\/\\\/exaudi.org\\\/?s={search_term_string}\"},\"query-input\":{\"@type\":\"PropertyValueSpecification\",\"valueRequired\":true,\"valueName\":\"search_term_string\"}}],\"inLanguage\":\"it-IT\"},{\"@type\":\"Person\",\"@id\":\"https:\\\/\\\/exaudi.org\\\/#\\\/schema\\\/person\\\/e1ab6ed07c01774724dd96f925f3a5f0\",\"name\":\"Exaudi Redazione\",\"image\":{\"@type\":\"ImageObject\",\"inLanguage\":\"it-IT\",\"@id\":\"https:\\\/\\\/secure.gravatar.com\\\/avatar\\\/ad6774b3ada023bf5b939d64f45c94b3adf91502dd883507d469b4308a943bb3?s=96&d=mm&r=g\",\"url\":\"https:\\\/\\\/secure.gravatar.com\\\/avatar\\\/ad6774b3ada023bf5b939d64f45c94b3adf91502dd883507d469b4308a943bb3?s=96&d=mm&r=g\",\"contentUrl\":\"https:\\\/\\\/secure.gravatar.com\\\/avatar\\\/ad6774b3ada023bf5b939d64f45c94b3adf91502dd883507d469b4308a943bb3?s=96&d=mm&r=g\",\"caption\":\"Exaudi Redazione\"},\"description\":\"Che cosa \u00e8 Exaudi News? Exaudi News \u00e8 un agenzia cattolica internazionale che informa, istruisce e trasforma quotidianamente in spagnolo, inglese e italiano. Attraverso notizie, articoli di analisi e trasmissioni in diretta degli eventi del Papa, Exaudi cerca di rafforzare l'unit\u00e0 dei cristiani e di contribuire all'evangelizzazione del mondo, sempre guidato dalla dottrina sociale della Chiesa. Lavoriamo per portare la verit\u00e0 e i valori cristiani in ogni angolo del pianeta. Aiutaci a trasformare il mondo con Exaudi! Noi di Exaudi crediamo che l'evangelizzazione e l'informazione di qualit\u00e0 possano cambiare la vita. Per continuare la nostra missione ed espandere la nostra portata, abbiamo bisogno del tuo aiuto. Stiamo anche cercando persone motivate che vogliano unirsi al nostro team. Grazie al vostro sostegno raggiungeremo pi\u00f9 persone, diffonderemo il messaggio di Cristo e rafforzeremo l'unit\u00e0 dei cristiani. Vuoi unirti alla nostra missione? Per maggiori informazioni su come contribuire, visita Exaudi.org\\\/it o contattaci direttamente: info@exaudi.org Exaudi: informa, forma e trasforma.\",\"sameAs\":[\"https:\\\/\\\/www.facebook.com\\\/ExaudiNotizie\\\/\",\"https:\\\/\\\/www.instagram.com\\\/Exaudi_notizie\\\/\",\"https:\\\/\\\/x.com\\\/Exaudi_Notizie\",\"https:\\\/\\\/www.youtube.com\\\/@exaudicatholicnews\"],\"url\":\"https:\\\/\\\/exaudi.org\\\/it\\\/author\\\/dlvedi-org\\\/\"}]}<\/script>\n<!-- \/ Yoast SEO plugin. -->","yoast_head_json":{"title":"\"Non rinunciate al vostro coraggio, coltivatela e fatene del vostro apostolato\" &#8211; Exaudi","robots":{"index":"index","follow":"follow","max-snippet":"max-snippet:-1","max-image-preview":"max-image-preview:large","max-video-preview":"max-video-preview:-1"},"canonical":"https:\/\/exaudi.org\/it\/non-rinunciate-al-vostro-coraggio-coltivatela-e-fatene-del-vostro-apostolato\/","og_locale":"it_IT","og_type":"article","og_title":"\"Non rinunciate al vostro coraggio, coltivatela e fatene del vostro apostolato\" &#8211; Exaudi","og_description":"Le parole di Papa Francesco all'udienza agli Spiritualisti","og_url":"https:\/\/exaudi.org\/it\/non-rinunciate-al-vostro-coraggio-coltivatela-e-fatene-del-vostro-apostolato\/","og_site_name":"Exaudi","article_publisher":"https:\/\/www.facebook.com\/ExaudiNews","article_author":"https:\/\/www.facebook.com\/ExaudiNotizie\/","article_published_time":"2023-05-08T14:43:56+00:00","article_modified_time":"2023-05-09T11:48:30+00:00","og_image":[{"width":800,"height":533,"url":"https:\/\/exaudi.org\/wp-content\/uploads\/2023\/05\/cq5dam.web_.800.800-1-3.jpeg","type":"image\/jpeg"}],"author":"Exaudi Redazione","twitter_card":"summary_large_image","twitter_creator":"@Exaudi_Notizie","twitter_site":"@Exaudi_News","twitter_misc":{"Scritto da":"Exaudi Redazione","Tempo di lettura stimato":"5 minuti"},"schema":{"@context":"https:\/\/schema.org","@graph":[{"@type":"Article","@id":"https:\/\/exaudi.org\/it\/non-rinunciate-al-vostro-coraggio-coltivatela-e-fatene-del-vostro-apostolato\/#article","isPartOf":{"@id":"https:\/\/exaudi.org\/it\/non-rinunciate-al-vostro-coraggio-coltivatela-e-fatene-del-vostro-apostolato\/"},"author":{"name":"Exaudi Redazione","@id":"https:\/\/exaudi.org\/#\/schema\/person\/e1ab6ed07c01774724dd96f925f3a5f0"},"headline":"&#8220;Non rinunciate al vostro coraggio, coltivatela e fatene del vostro apostolato&#8221;","datePublished":"2023-05-08T14:43:56+00:00","dateModified":"2023-05-09T11:48:30+00:00","mainEntityOfPage":{"@id":"https:\/\/exaudi.org\/it\/non-rinunciate-al-vostro-coraggio-coltivatela-e-fatene-del-vostro-apostolato\/"},"wordCount":902,"image":{"@id":"https:\/\/exaudi.org\/it\/non-rinunciate-al-vostro-coraggio-coltivatela-e-fatene-del-vostro-apostolato\/#primaryimage"},"thumbnailUrl":"https:\/\/exaudi.org\/wp-content\/uploads\/2023\/05\/cq5dam.web_.800.800-1-3.jpeg","keywords":["Papa Francesco","Spiritualisti","Trending","udienza"],"articleSection":["Leone XIV"],"inLanguage":"it-IT"},{"@type":"WebPage","@id":"https:\/\/exaudi.org\/it\/non-rinunciate-al-vostro-coraggio-coltivatela-e-fatene-del-vostro-apostolato\/","url":"https:\/\/exaudi.org\/it\/non-rinunciate-al-vostro-coraggio-coltivatela-e-fatene-del-vostro-apostolato\/","name":"\"Non rinunciate al vostro coraggio, coltivatela e fatene del vostro apostolato\" &#8211; Exaudi","isPartOf":{"@id":"https:\/\/exaudi.org\/#website"},"primaryImageOfPage":{"@id":"https:\/\/exaudi.org\/it\/non-rinunciate-al-vostro-coraggio-coltivatela-e-fatene-del-vostro-apostolato\/#primaryimage"},"image":{"@id":"https:\/\/exaudi.org\/it\/non-rinunciate-al-vostro-coraggio-coltivatela-e-fatene-del-vostro-apostolato\/#primaryimage"},"thumbnailUrl":"https:\/\/exaudi.org\/wp-content\/uploads\/2023\/05\/cq5dam.web_.800.800-1-3.jpeg","datePublished":"2023-05-08T14:43:56+00:00","dateModified":"2023-05-09T11:48:30+00:00","author":{"@id":"https:\/\/exaudi.org\/#\/schema\/person\/e1ab6ed07c01774724dd96f925f3a5f0"},"breadcrumb":{"@id":"https:\/\/exaudi.org\/it\/non-rinunciate-al-vostro-coraggio-coltivatela-e-fatene-del-vostro-apostolato\/#breadcrumb"},"inLanguage":"it-IT","potentialAction":[{"@type":"ReadAction","target":["https:\/\/exaudi.org\/it\/non-rinunciate-al-vostro-coraggio-coltivatela-e-fatene-del-vostro-apostolato\/"]}]},{"@type":"ImageObject","inLanguage":"it-IT","@id":"https:\/\/exaudi.org\/it\/non-rinunciate-al-vostro-coraggio-coltivatela-e-fatene-del-vostro-apostolato\/#primaryimage","url":"https:\/\/exaudi.org\/wp-content\/uploads\/2023\/05\/cq5dam.web_.800.800-1-3.jpeg","contentUrl":"https:\/\/exaudi.org\/wp-content\/uploads\/2023\/05\/cq5dam.web_.800.800-1-3.jpeg","width":800,"height":533,"caption":"Vatican Media"},{"@type":"BreadcrumbList","@id":"https:\/\/exaudi.org\/it\/non-rinunciate-al-vostro-coraggio-coltivatela-e-fatene-del-vostro-apostolato\/#breadcrumb","itemListElement":[{"@type":"ListItem","position":1,"name":"Portada","item":"https:\/\/exaudi.org\/it\/"},{"@type":"ListItem","position":2,"name":"&#8220;Non rinunciate al vostro coraggio, coltivatela e fatene del vostro apostolato&#8221;"}]},{"@type":"WebSite","@id":"https:\/\/exaudi.org\/#website","url":"https:\/\/exaudi.org\/","name":"Exaudi","description":"News","potentialAction":[{"@type":"SearchAction","target":{"@type":"EntryPoint","urlTemplate":"https:\/\/exaudi.org\/?s={search_term_string}"},"query-input":{"@type":"PropertyValueSpecification","valueRequired":true,"valueName":"search_term_string"}}],"inLanguage":"it-IT"},{"@type":"Person","@id":"https:\/\/exaudi.org\/#\/schema\/person\/e1ab6ed07c01774724dd96f925f3a5f0","name":"Exaudi Redazione","image":{"@type":"ImageObject","inLanguage":"it-IT","@id":"https:\/\/secure.gravatar.com\/avatar\/ad6774b3ada023bf5b939d64f45c94b3adf91502dd883507d469b4308a943bb3?s=96&d=mm&r=g","url":"https:\/\/secure.gravatar.com\/avatar\/ad6774b3ada023bf5b939d64f45c94b3adf91502dd883507d469b4308a943bb3?s=96&d=mm&r=g","contentUrl":"https:\/\/secure.gravatar.com\/avatar\/ad6774b3ada023bf5b939d64f45c94b3adf91502dd883507d469b4308a943bb3?s=96&d=mm&r=g","caption":"Exaudi Redazione"},"description":"Che cosa \u00e8 Exaudi News? Exaudi News \u00e8 un agenzia cattolica internazionale che informa, istruisce e trasforma quotidianamente in spagnolo, inglese e italiano. Attraverso notizie, articoli di analisi e trasmissioni in diretta degli eventi del Papa, Exaudi cerca di rafforzare l'unit\u00e0 dei cristiani e di contribuire all'evangelizzazione del mondo, sempre guidato dalla dottrina sociale della Chiesa. Lavoriamo per portare la verit\u00e0 e i valori cristiani in ogni angolo del pianeta. Aiutaci a trasformare il mondo con Exaudi! Noi di Exaudi crediamo che l'evangelizzazione e l'informazione di qualit\u00e0 possano cambiare la vita. Per continuare la nostra missione ed espandere la nostra portata, abbiamo bisogno del tuo aiuto. Stiamo anche cercando persone motivate che vogliano unirsi al nostro team. Grazie al vostro sostegno raggiungeremo pi\u00f9 persone, diffonderemo il messaggio di Cristo e rafforzeremo l'unit\u00e0 dei cristiani. Vuoi unirti alla nostra missione? Per maggiori informazioni su come contribuire, visita Exaudi.org\/it o contattaci direttamente: info@exaudi.org Exaudi: informa, forma e trasforma.","sameAs":["https:\/\/www.facebook.com\/ExaudiNotizie\/","https:\/\/www.instagram.com\/Exaudi_notizie\/","https:\/\/x.com\/Exaudi_Notizie","https:\/\/www.youtube.com\/@exaudicatholicnews"],"url":"https:\/\/exaudi.org\/it\/author\/dlvedi-org\/"}]}},"jetpack_featured_media_url":"https:\/\/exaudi.org\/wp-content\/uploads\/2023\/05\/cq5dam.web_.800.800-1-3.jpeg","jetpack_shortlink":"https:\/\/wp.me\/pgKjF2-jH4","_links":{"self":[{"href":"https:\/\/exaudi.org\/it\/wp-json\/wp\/v2\/posts\/75706","targetHints":{"allow":["GET"]}}],"collection":[{"href":"https:\/\/exaudi.org\/it\/wp-json\/wp\/v2\/posts"}],"about":[{"href":"https:\/\/exaudi.org\/it\/wp-json\/wp\/v2\/types\/post"}],"author":[{"embeddable":true,"href":"https:\/\/exaudi.org\/it\/wp-json\/wp\/v2\/users\/17"}],"replies":[{"embeddable":true,"href":"https:\/\/exaudi.org\/it\/wp-json\/wp\/v2\/comments?post=75706"}],"version-history":[{"count":0,"href":"https:\/\/exaudi.org\/it\/wp-json\/wp\/v2\/posts\/75706\/revisions"}],"wp:featuredmedia":[{"embeddable":true,"href":"https:\/\/exaudi.org\/it\/wp-json\/wp\/v2\/media\/75707"}],"wp:attachment":[{"href":"https:\/\/exaudi.org\/it\/wp-json\/wp\/v2\/media?parent=75706"}],"wp:term":[{"taxonomy":"category","embeddable":true,"href":"https:\/\/exaudi.org\/it\/wp-json\/wp\/v2\/categories?post=75706"},{"taxonomy":"post_tag","embeddable":true,"href":"https:\/\/exaudi.org\/it\/wp-json\/wp\/v2\/tags?post=75706"}],"curies":[{"name":"wp","href":"https:\/\/api.w.org\/{rel}","templated":true}]}}