{"id":75657,"date":"2023-05-07T19:21:12","date_gmt":"2023-05-07T17:21:12","guid":{"rendered":"https:\/\/exaudi.org\/?p=75657"},"modified":"2023-05-09T13:45:14","modified_gmt":"2023-05-09T11:45:14","slug":"preghiamo-il-rosario-chiedendo-alla-vergine-santa-per-pace","status":"publish","type":"post","link":"https:\/\/exaudi.org\/it\/preghiamo-il-rosario-chiedendo-alla-vergine-santa-per-pace\/","title":{"rendered":"&#8220;Preghiamo il Rosario chiedendo alla Vergine Santa per pace&#8221;"},"content":{"rendered":"<audio class=\"wp-audio-shortcode\" id=\"audio-75657-1\" preload=\"none\" style=\"width: 100%;\" controls=\"controls\"><source type=\"audio\/mpeg\" src=\"https:\/\/exaudi.org\/wp-content\/uploads\/2023\/05\/Preghiamo-il-Rosario-chiedendo-alla-Vergine.mp3?_=1\" \/><a href=\"https:\/\/exaudi.org\/wp-content\/uploads\/2023\/05\/Preghiamo-il-Rosario-chiedendo-alla-Vergine.mp3\">https:\/\/exaudi.org\/wp-content\/uploads\/2023\/05\/Preghiamo-il-Rosario-chiedendo-alla-Vergine.mp3<\/a><\/audio>\n<p>Papa Francesco, dopo la preghiera del Regina Caeli di questa domenica, 7 maggio 2023, ha chiesto, in questa preghiera, di recitare il Rosario chiedendo alla Santa Vergine il dono della pace,<\/p>\n<p>Queste le parole del Papa dopo la preghiera mariana, fornite dalla Sala Stampa della Santa Sede:<\/p>\n<p>***<\/p>\n<h3><strong>Dopo il Regina Caeli<\/strong><\/h3>\n<p>Cari fratelli e sorelle!<\/p>\n<p>Ieri si sono celebrate due Beatificazioni. A Montevideo, in Uruguay, \u00e8 stato beatificato il Vescovo Jacinto Vera, vissuto nel secolo XIX. Pastore che si prese cura del suo popolo, testimoni\u00f2 il Vangelo con generoso slancio missionario, favorendo la riconciliazione sociale nel clima teso della guerra civile. A Granada, in Spagna, \u00e8 stata beatificata la giovane Maria de la Concepci\u00f3n Barrecheguren y Garc\u00eda. Costretta a letto da una grave malattia, sopport\u00f2 le sofferenze con grande forza spirituale, suscitando in tutti ammirazione e consolazione. Mor\u00ec nel 1927 a 22 anni. Un applauso ai due Beati!<\/p>\n<p>Saluto di cuore tutti voi, romani e pellegrini dell\u2019Italia e di tanti Paesi, in particolare i fedeli provenienti da Australia, Spagna, Inghilterra e gli studenti del Collegio San Tommaso di Lisbona.<\/p>\n<p>Saluto l\u2019Associazione\u00a0<i>Meter<\/i>\u00a0e il suo fondatore don Fortunato Di Noto, che portano avanti l\u2019impegno per prevenire e contrastare la violenza sui minori; celebrano oggi la 27\u00aa Giornata dei Bambini Vittime; da 30 anni difendono l\u2019infanzia dai soprusi e dalle violenze. Vi sono vicino, fratelli e sorelle e vi accompagno con la preghiera e il mio affetto. Non stancatevi mai di stare dalla parte di chi \u00e8 vittima, l\u00ec c\u2019\u00e8 Cristo Bambino che vi aspetta, grazie!<\/p>\n<p>Saluto il gruppo di malati di fibromialgia dell\u2019Area Medica del Vicariato di Roma; le Suore di San Giuseppe Benedetto Cottolengo; l\u2019Associazione Laici della Misericordia; la Famiglia Camilliana Laica; i fedeli di Pozzuoli, Caraglio e Valle Grana; i Cori di Empoli e Ponte Buggianese.<\/p>\n<p>Un saluto speciale va alle nuove Guardie Svizzere, ai loro familiari e amici e alle Autorit\u00e0 elvetiche che hanno preso parte ai festeggiamenti di questo benemerito Corpo. Un applauso alle Guardie, tutti!<\/p>\n<p>Domani a Pompei sar\u00e0 elevata la tradizionale Supplica alla Madonna del Rosario, in quel Santuario che il Beato Bartolo Longo volle dedicare alla pace. In questo mese di maggio preghiamo il Rosario chiedendo alla Vergine Santa il dono della pace, in particolare per la martoriata Ucraina. Possano i responsabili delle Nazioni ascoltare il desiderio della gente che soffre e vuole la pace!<\/p>\n<p>A tutti auguro una buona domenica. Per favore, non dimenticatevi di pregare per me. Buon pranzo e arrivederci!<\/p>\n","protected":false},"excerpt":{"rendered":"<p>Le parole del Santo Padre dopo la preghiera mariana<\/p>\n","protected":false},"author":17,"featured_media":52675,"comment_status":"closed","ping_status":"closed","sticky":false,"template":"","format":"standard","meta":{"_acf_changed":false,"_crdt_document":"","inline_featured_image":false,"footnotes":""},"categories":[67,1386],"tags":[2487,9093],"class_list":["post-75657","post","type-post","status-publish","format-standard","has-post-thumbnail","hentry","category-leone-xiv","category-regina-coeli-it","tag-featured-3","tag-regina-caeli-7-maggio-2023"],"acf":[],"yoast_head":"<!-- This site is optimized with the Yoast SEO plugin v27.4 - https:\/\/yoast.com\/product\/yoast-seo-wordpress\/ -->\n<title>&quot;Preghiamo il Rosario chiedendo alla Vergine Santa per pace&quot; &#8211; Exaudi<\/title>\n<meta name=\"robots\" content=\"index, follow, max-snippet:-1, max-image-preview:large, max-video-preview:-1\" \/>\n<link rel=\"canonical\" href=\"https:\/\/exaudi.org\/it\/preghiamo-il-rosario-chiedendo-alla-vergine-santa-per-pace\/\" \/>\n<meta property=\"og:locale\" content=\"it_IT\" \/>\n<meta property=\"og:type\" content=\"article\" \/>\n<meta property=\"og:title\" content=\"&quot;Preghiamo il Rosario chiedendo alla Vergine Santa per pace&quot; &#8211; Exaudi\" \/>\n<meta property=\"og:description\" content=\"Le parole del Santo Padre dopo la preghiera mariana\" \/>\n<meta property=\"og:url\" content=\"https:\/\/exaudi.org\/it\/preghiamo-il-rosario-chiedendo-alla-vergine-santa-per-pace\/\" \/>\n<meta property=\"og:site_name\" content=\"Exaudi\" \/>\n<meta property=\"article:publisher\" content=\"https:\/\/www.facebook.com\/ExaudiNews\" \/>\n<meta property=\"article:author\" content=\"https:\/\/www.facebook.com\/ExaudiNotizie\/\" \/>\n<meta property=\"article:published_time\" content=\"2023-05-07T17:21:12+00:00\" \/>\n<meta property=\"article:modified_time\" content=\"2023-05-09T11:45:14+00:00\" \/>\n<meta property=\"og:image\" content=\"https:\/\/exaudi.org\/wp-content\/uploads\/2022\/02\/telegramapapaciclonmadagascar-scaled.jpg\" \/>\n\t<meta property=\"og:image:width\" content=\"2166\" \/>\n\t<meta property=\"og:image:height\" content=\"2560\" \/>\n\t<meta property=\"og:image:type\" content=\"image\/jpeg\" \/>\n<meta name=\"author\" content=\"Exaudi Redazione\" \/>\n<meta name=\"twitter:card\" content=\"summary_large_image\" \/>\n<meta name=\"twitter:creator\" content=\"@Exaudi_Notizie\" \/>\n<meta name=\"twitter:site\" content=\"@Exaudi_News\" \/>\n<meta name=\"twitter:label1\" content=\"Scritto da\" \/>\n\t<meta name=\"twitter:data1\" content=\"Exaudi Redazione\" \/>\n\t<meta name=\"twitter:label2\" content=\"Tempo di lettura stimato\" \/>\n\t<meta name=\"twitter:data2\" content=\"2 minuti\" \/>\n<script type=\"application\/ld+json\" class=\"yoast-schema-graph\">{\"@context\":\"https:\\\/\\\/schema.org\",\"@graph\":[{\"@type\":\"Article\",\"@id\":\"https:\\\/\\\/exaudi.org\\\/it\\\/preghiamo-il-rosario-chiedendo-alla-vergine-santa-per-pace\\\/#article\",\"isPartOf\":{\"@id\":\"https:\\\/\\\/exaudi.org\\\/it\\\/preghiamo-il-rosario-chiedendo-alla-vergine-santa-per-pace\\\/\"},\"author\":{\"name\":\"Exaudi Redazione\",\"@id\":\"https:\\\/\\\/exaudi.org\\\/#\\\/schema\\\/person\\\/e1ab6ed07c01774724dd96f925f3a5f0\"},\"headline\":\"&#8220;Preghiamo il Rosario chiedendo alla Vergine Santa per pace&#8221;\",\"datePublished\":\"2023-05-07T17:21:12+00:00\",\"dateModified\":\"2023-05-09T11:45:14+00:00\",\"mainEntityOfPage\":{\"@id\":\"https:\\\/\\\/exaudi.org\\\/it\\\/preghiamo-il-rosario-chiedendo-alla-vergine-santa-per-pace\\\/\"},\"wordCount\":428,\"image\":{\"@id\":\"https:\\\/\\\/exaudi.org\\\/it\\\/preghiamo-il-rosario-chiedendo-alla-vergine-santa-per-pace\\\/#primaryimage\"},\"thumbnailUrl\":\"https:\\\/\\\/exaudi.org\\\/wp-content\\\/uploads\\\/2022\\\/02\\\/telegramapapaciclonmadagascar-scaled.jpg\",\"keywords\":[\"Featured\",\"Regina Caeli 7 maggio 2023\"],\"articleSection\":[\"Leone XIV\",\"Regina Coeli\"],\"inLanguage\":\"it-IT\"},{\"@type\":\"WebPage\",\"@id\":\"https:\\\/\\\/exaudi.org\\\/it\\\/preghiamo-il-rosario-chiedendo-alla-vergine-santa-per-pace\\\/\",\"url\":\"https:\\\/\\\/exaudi.org\\\/it\\\/preghiamo-il-rosario-chiedendo-alla-vergine-santa-per-pace\\\/\",\"name\":\"\\\"Preghiamo il Rosario chiedendo alla Vergine Santa per pace\\\" &#8211; Exaudi\",\"isPartOf\":{\"@id\":\"https:\\\/\\\/exaudi.org\\\/#website\"},\"primaryImageOfPage\":{\"@id\":\"https:\\\/\\\/exaudi.org\\\/it\\\/preghiamo-il-rosario-chiedendo-alla-vergine-santa-per-pace\\\/#primaryimage\"},\"image\":{\"@id\":\"https:\\\/\\\/exaudi.org\\\/it\\\/preghiamo-il-rosario-chiedendo-alla-vergine-santa-per-pace\\\/#primaryimage\"},\"thumbnailUrl\":\"https:\\\/\\\/exaudi.org\\\/wp-content\\\/uploads\\\/2022\\\/02\\\/telegramapapaciclonmadagascar-scaled.jpg\",\"datePublished\":\"2023-05-07T17:21:12+00:00\",\"dateModified\":\"2023-05-09T11:45:14+00:00\",\"author\":{\"@id\":\"https:\\\/\\\/exaudi.org\\\/#\\\/schema\\\/person\\\/e1ab6ed07c01774724dd96f925f3a5f0\"},\"breadcrumb\":{\"@id\":\"https:\\\/\\\/exaudi.org\\\/it\\\/preghiamo-il-rosario-chiedendo-alla-vergine-santa-per-pace\\\/#breadcrumb\"},\"inLanguage\":\"it-IT\",\"potentialAction\":[{\"@type\":\"ReadAction\",\"target\":[\"https:\\\/\\\/exaudi.org\\\/it\\\/preghiamo-il-rosario-chiedendo-alla-vergine-santa-per-pace\\\/\"]}]},{\"@type\":\"ImageObject\",\"inLanguage\":\"it-IT\",\"@id\":\"https:\\\/\\\/exaudi.org\\\/it\\\/preghiamo-il-rosario-chiedendo-alla-vergine-santa-per-pace\\\/#primaryimage\",\"url\":\"https:\\\/\\\/exaudi.org\\\/wp-content\\\/uploads\\\/2022\\\/02\\\/telegramapapaciclonmadagascar-scaled.jpg\",\"contentUrl\":\"https:\\\/\\\/exaudi.org\\\/wp-content\\\/uploads\\\/2022\\\/02\\\/telegramapapaciclonmadagascar-scaled.jpg\",\"width\":2166,\"height\":2560,\"caption\":\"Vatican Media\"},{\"@type\":\"BreadcrumbList\",\"@id\":\"https:\\\/\\\/exaudi.org\\\/it\\\/preghiamo-il-rosario-chiedendo-alla-vergine-santa-per-pace\\\/#breadcrumb\",\"itemListElement\":[{\"@type\":\"ListItem\",\"position\":1,\"name\":\"Portada\",\"item\":\"https:\\\/\\\/exaudi.org\\\/it\\\/\"},{\"@type\":\"ListItem\",\"position\":2,\"name\":\"&#8220;Preghiamo il Rosario chiedendo alla Vergine Santa per pace&#8221;\"}]},{\"@type\":\"WebSite\",\"@id\":\"https:\\\/\\\/exaudi.org\\\/#website\",\"url\":\"https:\\\/\\\/exaudi.org\\\/\",\"name\":\"Exaudi\",\"description\":\"News\",\"potentialAction\":[{\"@type\":\"SearchAction\",\"target\":{\"@type\":\"EntryPoint\",\"urlTemplate\":\"https:\\\/\\\/exaudi.org\\\/?s={search_term_string}\"},\"query-input\":{\"@type\":\"PropertyValueSpecification\",\"valueRequired\":true,\"valueName\":\"search_term_string\"}}],\"inLanguage\":\"it-IT\"},{\"@type\":\"Person\",\"@id\":\"https:\\\/\\\/exaudi.org\\\/#\\\/schema\\\/person\\\/e1ab6ed07c01774724dd96f925f3a5f0\",\"name\":\"Exaudi Redazione\",\"image\":{\"@type\":\"ImageObject\",\"inLanguage\":\"it-IT\",\"@id\":\"https:\\\/\\\/secure.gravatar.com\\\/avatar\\\/ad6774b3ada023bf5b939d64f45c94b3adf91502dd883507d469b4308a943bb3?s=96&d=mm&r=g\",\"url\":\"https:\\\/\\\/secure.gravatar.com\\\/avatar\\\/ad6774b3ada023bf5b939d64f45c94b3adf91502dd883507d469b4308a943bb3?s=96&d=mm&r=g\",\"contentUrl\":\"https:\\\/\\\/secure.gravatar.com\\\/avatar\\\/ad6774b3ada023bf5b939d64f45c94b3adf91502dd883507d469b4308a943bb3?s=96&d=mm&r=g\",\"caption\":\"Exaudi Redazione\"},\"description\":\"Che cosa \u00e8 Exaudi News? Exaudi News \u00e8 un agenzia cattolica internazionale che informa, istruisce e trasforma quotidianamente in spagnolo, inglese e italiano. Attraverso notizie, articoli di analisi e trasmissioni in diretta degli eventi del Papa, Exaudi cerca di rafforzare l'unit\u00e0 dei cristiani e di contribuire all'evangelizzazione del mondo, sempre guidato dalla dottrina sociale della Chiesa. Lavoriamo per portare la verit\u00e0 e i valori cristiani in ogni angolo del pianeta. Aiutaci a trasformare il mondo con Exaudi! Noi di Exaudi crediamo che l'evangelizzazione e l'informazione di qualit\u00e0 possano cambiare la vita. Per continuare la nostra missione ed espandere la nostra portata, abbiamo bisogno del tuo aiuto. Stiamo anche cercando persone motivate che vogliano unirsi al nostro team. Grazie al vostro sostegno raggiungeremo pi\u00f9 persone, diffonderemo il messaggio di Cristo e rafforzeremo l'unit\u00e0 dei cristiani. Vuoi unirti alla nostra missione? Per maggiori informazioni su come contribuire, visita Exaudi.org\\\/it o contattaci direttamente: info@exaudi.org Exaudi: informa, forma e trasforma.\",\"sameAs\":[\"https:\\\/\\\/www.facebook.com\\\/ExaudiNotizie\\\/\",\"https:\\\/\\\/www.instagram.com\\\/Exaudi_notizie\\\/\",\"https:\\\/\\\/x.com\\\/Exaudi_Notizie\",\"https:\\\/\\\/www.youtube.com\\\/@exaudicatholicnews\"],\"url\":\"https:\\\/\\\/exaudi.org\\\/it\\\/author\\\/dlvedi-org\\\/\"}]}<\/script>\n<!-- \/ Yoast SEO plugin. -->","yoast_head_json":{"title":"\"Preghiamo il Rosario chiedendo alla Vergine Santa per pace\" &#8211; Exaudi","robots":{"index":"index","follow":"follow","max-snippet":"max-snippet:-1","max-image-preview":"max-image-preview:large","max-video-preview":"max-video-preview:-1"},"canonical":"https:\/\/exaudi.org\/it\/preghiamo-il-rosario-chiedendo-alla-vergine-santa-per-pace\/","og_locale":"it_IT","og_type":"article","og_title":"\"Preghiamo il Rosario chiedendo alla Vergine Santa per pace\" &#8211; Exaudi","og_description":"Le parole del Santo Padre dopo la preghiera mariana","og_url":"https:\/\/exaudi.org\/it\/preghiamo-il-rosario-chiedendo-alla-vergine-santa-per-pace\/","og_site_name":"Exaudi","article_publisher":"https:\/\/www.facebook.com\/ExaudiNews","article_author":"https:\/\/www.facebook.com\/ExaudiNotizie\/","article_published_time":"2023-05-07T17:21:12+00:00","article_modified_time":"2023-05-09T11:45:14+00:00","og_image":[{"width":2166,"height":2560,"url":"https:\/\/exaudi.org\/wp-content\/uploads\/2022\/02\/telegramapapaciclonmadagascar-scaled.jpg","type":"image\/jpeg"}],"author":"Exaudi Redazione","twitter_card":"summary_large_image","twitter_creator":"@Exaudi_Notizie","twitter_site":"@Exaudi_News","twitter_misc":{"Scritto da":"Exaudi Redazione","Tempo di lettura stimato":"2 minuti"},"schema":{"@context":"https:\/\/schema.org","@graph":[{"@type":"Article","@id":"https:\/\/exaudi.org\/it\/preghiamo-il-rosario-chiedendo-alla-vergine-santa-per-pace\/#article","isPartOf":{"@id":"https:\/\/exaudi.org\/it\/preghiamo-il-rosario-chiedendo-alla-vergine-santa-per-pace\/"},"author":{"name":"Exaudi Redazione","@id":"https:\/\/exaudi.org\/#\/schema\/person\/e1ab6ed07c01774724dd96f925f3a5f0"},"headline":"&#8220;Preghiamo il Rosario chiedendo alla Vergine Santa per pace&#8221;","datePublished":"2023-05-07T17:21:12+00:00","dateModified":"2023-05-09T11:45:14+00:00","mainEntityOfPage":{"@id":"https:\/\/exaudi.org\/it\/preghiamo-il-rosario-chiedendo-alla-vergine-santa-per-pace\/"},"wordCount":428,"image":{"@id":"https:\/\/exaudi.org\/it\/preghiamo-il-rosario-chiedendo-alla-vergine-santa-per-pace\/#primaryimage"},"thumbnailUrl":"https:\/\/exaudi.org\/wp-content\/uploads\/2022\/02\/telegramapapaciclonmadagascar-scaled.jpg","keywords":["Featured","Regina Caeli 7 maggio 2023"],"articleSection":["Leone XIV","Regina Coeli"],"inLanguage":"it-IT"},{"@type":"WebPage","@id":"https:\/\/exaudi.org\/it\/preghiamo-il-rosario-chiedendo-alla-vergine-santa-per-pace\/","url":"https:\/\/exaudi.org\/it\/preghiamo-il-rosario-chiedendo-alla-vergine-santa-per-pace\/","name":"\"Preghiamo il Rosario chiedendo alla Vergine Santa per pace\" &#8211; Exaudi","isPartOf":{"@id":"https:\/\/exaudi.org\/#website"},"primaryImageOfPage":{"@id":"https:\/\/exaudi.org\/it\/preghiamo-il-rosario-chiedendo-alla-vergine-santa-per-pace\/#primaryimage"},"image":{"@id":"https:\/\/exaudi.org\/it\/preghiamo-il-rosario-chiedendo-alla-vergine-santa-per-pace\/#primaryimage"},"thumbnailUrl":"https:\/\/exaudi.org\/wp-content\/uploads\/2022\/02\/telegramapapaciclonmadagascar-scaled.jpg","datePublished":"2023-05-07T17:21:12+00:00","dateModified":"2023-05-09T11:45:14+00:00","author":{"@id":"https:\/\/exaudi.org\/#\/schema\/person\/e1ab6ed07c01774724dd96f925f3a5f0"},"breadcrumb":{"@id":"https:\/\/exaudi.org\/it\/preghiamo-il-rosario-chiedendo-alla-vergine-santa-per-pace\/#breadcrumb"},"inLanguage":"it-IT","potentialAction":[{"@type":"ReadAction","target":["https:\/\/exaudi.org\/it\/preghiamo-il-rosario-chiedendo-alla-vergine-santa-per-pace\/"]}]},{"@type":"ImageObject","inLanguage":"it-IT","@id":"https:\/\/exaudi.org\/it\/preghiamo-il-rosario-chiedendo-alla-vergine-santa-per-pace\/#primaryimage","url":"https:\/\/exaudi.org\/wp-content\/uploads\/2022\/02\/telegramapapaciclonmadagascar-scaled.jpg","contentUrl":"https:\/\/exaudi.org\/wp-content\/uploads\/2022\/02\/telegramapapaciclonmadagascar-scaled.jpg","width":2166,"height":2560,"caption":"Vatican Media"},{"@type":"BreadcrumbList","@id":"https:\/\/exaudi.org\/it\/preghiamo-il-rosario-chiedendo-alla-vergine-santa-per-pace\/#breadcrumb","itemListElement":[{"@type":"ListItem","position":1,"name":"Portada","item":"https:\/\/exaudi.org\/it\/"},{"@type":"ListItem","position":2,"name":"&#8220;Preghiamo il Rosario chiedendo alla Vergine Santa per pace&#8221;"}]},{"@type":"WebSite","@id":"https:\/\/exaudi.org\/#website","url":"https:\/\/exaudi.org\/","name":"Exaudi","description":"News","potentialAction":[{"@type":"SearchAction","target":{"@type":"EntryPoint","urlTemplate":"https:\/\/exaudi.org\/?s={search_term_string}"},"query-input":{"@type":"PropertyValueSpecification","valueRequired":true,"valueName":"search_term_string"}}],"inLanguage":"it-IT"},{"@type":"Person","@id":"https:\/\/exaudi.org\/#\/schema\/person\/e1ab6ed07c01774724dd96f925f3a5f0","name":"Exaudi Redazione","image":{"@type":"ImageObject","inLanguage":"it-IT","@id":"https:\/\/secure.gravatar.com\/avatar\/ad6774b3ada023bf5b939d64f45c94b3adf91502dd883507d469b4308a943bb3?s=96&d=mm&r=g","url":"https:\/\/secure.gravatar.com\/avatar\/ad6774b3ada023bf5b939d64f45c94b3adf91502dd883507d469b4308a943bb3?s=96&d=mm&r=g","contentUrl":"https:\/\/secure.gravatar.com\/avatar\/ad6774b3ada023bf5b939d64f45c94b3adf91502dd883507d469b4308a943bb3?s=96&d=mm&r=g","caption":"Exaudi Redazione"},"description":"Che cosa \u00e8 Exaudi News? Exaudi News \u00e8 un agenzia cattolica internazionale che informa, istruisce e trasforma quotidianamente in spagnolo, inglese e italiano. Attraverso notizie, articoli di analisi e trasmissioni in diretta degli eventi del Papa, Exaudi cerca di rafforzare l'unit\u00e0 dei cristiani e di contribuire all'evangelizzazione del mondo, sempre guidato dalla dottrina sociale della Chiesa. Lavoriamo per portare la verit\u00e0 e i valori cristiani in ogni angolo del pianeta. Aiutaci a trasformare il mondo con Exaudi! Noi di Exaudi crediamo che l'evangelizzazione e l'informazione di qualit\u00e0 possano cambiare la vita. Per continuare la nostra missione ed espandere la nostra portata, abbiamo bisogno del tuo aiuto. Stiamo anche cercando persone motivate che vogliano unirsi al nostro team. Grazie al vostro sostegno raggiungeremo pi\u00f9 persone, diffonderemo il messaggio di Cristo e rafforzeremo l'unit\u00e0 dei cristiani. Vuoi unirti alla nostra missione? Per maggiori informazioni su come contribuire, visita Exaudi.org\/it o contattaci direttamente: info@exaudi.org Exaudi: informa, forma e trasforma.","sameAs":["https:\/\/www.facebook.com\/ExaudiNotizie\/","https:\/\/www.instagram.com\/Exaudi_notizie\/","https:\/\/x.com\/Exaudi_Notizie","https:\/\/www.youtube.com\/@exaudicatholicnews"],"url":"https:\/\/exaudi.org\/it\/author\/dlvedi-org\/"}]}},"jetpack_featured_media_url":"https:\/\/exaudi.org\/wp-content\/uploads\/2022\/02\/telegramapapaciclonmadagascar-scaled.jpg","jetpack_shortlink":"https:\/\/wp.me\/pgKjF2-jGh","_links":{"self":[{"href":"https:\/\/exaudi.org\/it\/wp-json\/wp\/v2\/posts\/75657","targetHints":{"allow":["GET"]}}],"collection":[{"href":"https:\/\/exaudi.org\/it\/wp-json\/wp\/v2\/posts"}],"about":[{"href":"https:\/\/exaudi.org\/it\/wp-json\/wp\/v2\/types\/post"}],"author":[{"embeddable":true,"href":"https:\/\/exaudi.org\/it\/wp-json\/wp\/v2\/users\/17"}],"replies":[{"embeddable":true,"href":"https:\/\/exaudi.org\/it\/wp-json\/wp\/v2\/comments?post=75657"}],"version-history":[{"count":0,"href":"https:\/\/exaudi.org\/it\/wp-json\/wp\/v2\/posts\/75657\/revisions"}],"wp:featuredmedia":[{"embeddable":true,"href":"https:\/\/exaudi.org\/it\/wp-json\/wp\/v2\/media\/52675"}],"wp:attachment":[{"href":"https:\/\/exaudi.org\/it\/wp-json\/wp\/v2\/media?parent=75657"}],"wp:term":[{"taxonomy":"category","embeddable":true,"href":"https:\/\/exaudi.org\/it\/wp-json\/wp\/v2\/categories?post=75657"},{"taxonomy":"post_tag","embeddable":true,"href":"https:\/\/exaudi.org\/it\/wp-json\/wp\/v2\/tags?post=75657"}],"curies":[{"name":"wp","href":"https:\/\/api.w.org\/{rel}","templated":true}]}}