{"id":75653,"date":"2023-05-07T18:48:31","date_gmt":"2023-05-07T16:48:31","guid":{"rendered":"https:\/\/exaudi.org\/?p=75653"},"modified":"2023-05-07T18:48:31","modified_gmt":"2023-05-07T16:48:31","slug":"gesu-e-la-via-che-conduce-alla-felicita-che-non-perisce","status":"publish","type":"post","link":"https:\/\/exaudi.org\/it\/gesu-e-la-via-che-conduce-alla-felicita-che-non-perisce\/","title":{"rendered":"&#8220;Ges\u00f9 \u00e8 la via che conduce alla felicit\u00e0 che non perisce&#8221;"},"content":{"rendered":"<p>Alle ore 12 di oggi, il Santo Padre Francesco si \u00e8 affacciato alla finestra dello studio nel Palazzo Apostolico Vaticano per recitare il\u00a0<i>Regina Caeli<\/i>\u00a0con i fedeli ed i pellegrini riuniti in Piazza San Pietro.<\/p>\n<p>Queste le parole del Papa nell\u2019introdurre la preghiera mariana:<\/p>\n<p>&nbsp;<\/p>\n<p><a name=\"prima\"><\/a><b><u>Prima del\u00a0<i>Regina Caeli<\/i><\/u><\/b><\/p>\n<p>Cari fratelli e sorelle, buongiorno!<\/p>\n<p>Il Vangelo della Liturgia odierna (<i>Gv<\/i>\u00a014,1-12) \u00e8 tratto dall\u2019ultimo discorso di Ges\u00f9 prima della sua morte. Il cuore dei discepoli \u00e8 turbato, ma il Signore rivolge loro parole rassicuranti, invitandoli a\u00a0<i>non avere paura<\/i>, non abbiate paura: Egli, infatti, non li sta abbandonando, ma va a preparare un posto per loro e a guidarli verso quella meta. Il Signore oggi indica cos\u00ec a tutti noi il meraviglioso luogo\u00a0<i>dove andare<\/i>, e, allo stesso tempo, ci dice\u00a0<i>come andarci<\/i>, ci mostra la via da percorrere. Ci dice\u00a0<i>dove andare<\/i>\u00a0e\u00a0<i>come andarci<\/i>.<\/p>\n<p>Anzitutto,\u00a0<i>dove andare<\/i>. Ges\u00f9 vede il turbamento dei discepoli, vede la loro paura di essere abbandonati, proprio come capita a noi quando siamo costretti a separarci da qualcuno a cui vogliamo bene. E allora dice: \u00abVado a prepararvi un posto [\u2026], perch\u00e9 dove sono io siate anche voi\u00bb (vv. 2-3). Ges\u00f9 usa l\u2019immagine familiare della casa, luogo delle relazioni e dell\u2019intimit\u00e0. Nella casa del Padre \u2013 dice ai suoi amici e ad ognuno di noi \u2013 c\u2019\u00e8 spazio per te, tu sei il benvenuto, sarai accolto per sempre dal calore di un abbraccio, e io sono in Cielo a prepararti un posto! Ci prepara quell\u2019abbraccio col Padre, il posto per tutta l\u2019eternit\u00e0.<\/p>\n<p>Fratelli e sorelle, questa Parola \u00e8 fonte di consolazione, \u00e8 fonte di speranza per noi. Ges\u00f9 non si \u00e8 separato da noi ma ci ha aperto la strada, anticipando la nostra destinazione finale: l\u2019incontro con Dio Padre, nel cui cuore c\u2019\u00e8 un posto per ognuno di noi. Allora, quando sperimentiamo la fatica, lo smarrimento e persino il fallimento, ricordiamo dove \u00e8 diretta la nostra vita. Non dobbiamo perdere di vista la meta, anche se oggi corriamo il rischio di scordarcelo, di dimenticare le domande finali, quelle importanti: dove andiamo? Verso dove camminiamo? Per cosa vale la pena vivere? Senza queste domande, schiacciamo la vita solo sul presente, pensiamo che dobbiamo goderla il pi\u00f9 possibile e finiamo per vivere alla giornata, senza uno scopo, senza un traguardo. La nostra patria, invece, \u00e8 in cielo (cfr\u00a0<i>Fil<\/i>\u00a03,20), non dimentichiamo la grandezza e la bellezza della meta!<\/p>\n<p>Una volta scoperta la meta, anche noi, come l\u2019apostolo Tommaso nel Vangelo di oggi, ci chiediamo:\u00a0<i>come andarci<\/i>, qual \u00e8 la strada? A volte, soprattutto quando ci sono grandi problemi da affrontare e c\u2019\u00e8 la sensazione che il male sia pi\u00f9 forte, e viene da chiedersi: che cosa devo fare, quale via devo seguire? Ascoltiamo la risposta di Ges\u00f9: \u00abIo sono la via, la verit\u00e0 e la vita\u00bb (<i>Gv<\/i>\u00a014,6). \u201cIo sono la via\u201d. Ges\u00f9 stesso \u00e8\u00a0<i>la via<\/i>\u00a0da seguire per vivere nella<i>\u00a0verit\u00e0<\/i>\u00a0e avere\u00a0<i>la vita<\/i>\u00a0in abbondanza. Lui \u00e8 la via e dunque la fede in Lui non \u00e8 un \u201cpacchetto di idee\u201d da credere, ma una strada da percorrere, un viaggio da compiere, un cammino con Lui. \u00c8 seguire Ges\u00f9, perch\u00e9 Egli \u00e8 la via che conduce alla felicit\u00e0 che non tramonta. Seguire Ges\u00f9 e imitarlo, specialmente con gesti di vicinanza e misericordia verso gli altri. Ecco la bussola per raggiungere il Cielo: amare Ges\u00f9, la via, diventando segni del suo amore in terra.<\/p>\n<p>Fratelli e sorelle, viviamo il presente, prendiamo in mano il presente ma non lasciamoci travolgere: guardiamo in alto, guardiamo al Cielo, ricordiamoci la meta, pensiamo che siamo chiamati all\u2019eternit\u00e0, all\u2019incontro con Dio. E, dal Cielo al cuore, rinnoviamo oggi la scelta di Ges\u00f9, la scelta di amarlo e di camminare dietro a Lui. La Vergine Maria, che seguendo Ges\u00f9 \u00e8 gi\u00e0 arrivata alla meta, sostenga la nostra speranza.<\/p>\n<p><iframe loading=\"lazy\" title=\"May 7 2023 Regina Caeli prayer Pope Francis\" width=\"500\" height=\"281\" src=\"https:\/\/www.youtube.com\/embed\/J662SMA2jOk?feature=oembed\" frameborder=\"0\" allow=\"accelerometer; autoplay; clipboard-write; encrypted-media; gyroscope; picture-in-picture; web-share\" referrerpolicy=\"strict-origin-when-cross-origin\" allowfullscreen><\/iframe><\/p>\n","protected":false},"excerpt":{"rendered":"<p>Le parole del Santo Padre prima del Regina Coeli<\/p>\n","protected":false},"author":17,"featured_media":15918,"comment_status":"closed","ping_status":"closed","sticky":false,"template":"","format":"standard","meta":{"_acf_changed":false,"_crdt_document":"","inline_featured_image":false,"footnotes":""},"categories":[67,1386],"tags":[2487,9093],"class_list":["post-75653","post","type-post","status-publish","format-standard","has-post-thumbnail","hentry","category-leone-xiv","category-regina-coeli-it","tag-featured-3","tag-regina-caeli-7-maggio-2023"],"acf":[],"yoast_head":"<!-- This site is optimized with the Yoast SEO plugin v27.4 - https:\/\/yoast.com\/product\/yoast-seo-wordpress\/ -->\n<title>&quot;Ges\u00f9 \u00e8 la via che conduce alla felicit\u00e0 che non perisce&quot; &#8211; Exaudi<\/title>\n<meta name=\"robots\" content=\"index, follow, max-snippet:-1, max-image-preview:large, max-video-preview:-1\" \/>\n<link rel=\"canonical\" href=\"https:\/\/exaudi.org\/it\/gesu-e-la-via-che-conduce-alla-felicita-che-non-perisce\/\" \/>\n<meta property=\"og:locale\" content=\"it_IT\" \/>\n<meta property=\"og:type\" content=\"article\" \/>\n<meta property=\"og:title\" content=\"&quot;Ges\u00f9 \u00e8 la via che conduce alla felicit\u00e0 che non perisce&quot; &#8211; Exaudi\" \/>\n<meta property=\"og:description\" content=\"Le parole del Santo Padre prima del Regina Coeli\" \/>\n<meta property=\"og:url\" content=\"https:\/\/exaudi.org\/it\/gesu-e-la-via-che-conduce-alla-felicita-che-non-perisce\/\" \/>\n<meta property=\"og:site_name\" content=\"Exaudi\" \/>\n<meta property=\"article:publisher\" content=\"https:\/\/www.facebook.com\/ExaudiNews\" \/>\n<meta property=\"article:author\" content=\"https:\/\/www.facebook.com\/ExaudiNotizie\/\" \/>\n<meta property=\"article:published_time\" content=\"2023-05-07T16:48:31+00:00\" \/>\n<meta property=\"og:image\" content=\"https:\/\/exaudi.org\/wp-content\/uploads\/2021\/05\/Regina-Coeli-scaled.jpg\" \/>\n\t<meta property=\"og:image:width\" content=\"2560\" \/>\n\t<meta property=\"og:image:height\" content=\"1535\" \/>\n\t<meta property=\"og:image:type\" content=\"image\/jpeg\" \/>\n<meta name=\"author\" content=\"Exaudi Redazione\" \/>\n<meta name=\"twitter:card\" content=\"summary_large_image\" \/>\n<meta name=\"twitter:creator\" content=\"@Exaudi_Notizie\" \/>\n<meta name=\"twitter:site\" content=\"@Exaudi_News\" \/>\n<meta name=\"twitter:label1\" content=\"Scritto da\" \/>\n\t<meta name=\"twitter:data1\" content=\"Exaudi Redazione\" \/>\n\t<meta name=\"twitter:label2\" content=\"Tempo di lettura stimato\" \/>\n\t<meta name=\"twitter:data2\" content=\"3 minuti\" \/>\n<script type=\"application\/ld+json\" class=\"yoast-schema-graph\">{\"@context\":\"https:\\\/\\\/schema.org\",\"@graph\":[{\"@type\":\"Article\",\"@id\":\"https:\\\/\\\/exaudi.org\\\/it\\\/gesu-e-la-via-che-conduce-alla-felicita-che-non-perisce\\\/#article\",\"isPartOf\":{\"@id\":\"https:\\\/\\\/exaudi.org\\\/it\\\/gesu-e-la-via-che-conduce-alla-felicita-che-non-perisce\\\/\"},\"author\":{\"name\":\"Exaudi Redazione\",\"@id\":\"https:\\\/\\\/exaudi.org\\\/#\\\/schema\\\/person\\\/e1ab6ed07c01774724dd96f925f3a5f0\"},\"headline\":\"&#8220;Ges\u00f9 \u00e8 la via che conduce alla felicit\u00e0 che non perisce&#8221;\",\"datePublished\":\"2023-05-07T16:48:31+00:00\",\"mainEntityOfPage\":{\"@id\":\"https:\\\/\\\/exaudi.org\\\/it\\\/gesu-e-la-via-che-conduce-alla-felicita-che-non-perisce\\\/\"},\"wordCount\":648,\"image\":{\"@id\":\"https:\\\/\\\/exaudi.org\\\/it\\\/gesu-e-la-via-che-conduce-alla-felicita-che-non-perisce\\\/#primaryimage\"},\"thumbnailUrl\":\"https:\\\/\\\/exaudi.org\\\/wp-content\\\/uploads\\\/2021\\\/05\\\/Regina-Coeli-scaled.jpg\",\"keywords\":[\"Featured\",\"Regina Caeli 7 maggio 2023\"],\"articleSection\":[\"Leone XIV\",\"Regina Coeli\"],\"inLanguage\":\"it-IT\"},{\"@type\":\"WebPage\",\"@id\":\"https:\\\/\\\/exaudi.org\\\/it\\\/gesu-e-la-via-che-conduce-alla-felicita-che-non-perisce\\\/\",\"url\":\"https:\\\/\\\/exaudi.org\\\/it\\\/gesu-e-la-via-che-conduce-alla-felicita-che-non-perisce\\\/\",\"name\":\"\\\"Ges\u00f9 \u00e8 la via che conduce alla felicit\u00e0 che non perisce\\\" &#8211; Exaudi\",\"isPartOf\":{\"@id\":\"https:\\\/\\\/exaudi.org\\\/#website\"},\"primaryImageOfPage\":{\"@id\":\"https:\\\/\\\/exaudi.org\\\/it\\\/gesu-e-la-via-che-conduce-alla-felicita-che-non-perisce\\\/#primaryimage\"},\"image\":{\"@id\":\"https:\\\/\\\/exaudi.org\\\/it\\\/gesu-e-la-via-che-conduce-alla-felicita-che-non-perisce\\\/#primaryimage\"},\"thumbnailUrl\":\"https:\\\/\\\/exaudi.org\\\/wp-content\\\/uploads\\\/2021\\\/05\\\/Regina-Coeli-scaled.jpg\",\"datePublished\":\"2023-05-07T16:48:31+00:00\",\"author\":{\"@id\":\"https:\\\/\\\/exaudi.org\\\/#\\\/schema\\\/person\\\/e1ab6ed07c01774724dd96f925f3a5f0\"},\"breadcrumb\":{\"@id\":\"https:\\\/\\\/exaudi.org\\\/it\\\/gesu-e-la-via-che-conduce-alla-felicita-che-non-perisce\\\/#breadcrumb\"},\"inLanguage\":\"it-IT\",\"potentialAction\":[{\"@type\":\"ReadAction\",\"target\":[\"https:\\\/\\\/exaudi.org\\\/it\\\/gesu-e-la-via-che-conduce-alla-felicita-che-non-perisce\\\/\"]}]},{\"@type\":\"ImageObject\",\"inLanguage\":\"it-IT\",\"@id\":\"https:\\\/\\\/exaudi.org\\\/it\\\/gesu-e-la-via-che-conduce-alla-felicita-che-non-perisce\\\/#primaryimage\",\"url\":\"https:\\\/\\\/exaudi.org\\\/wp-content\\\/uploads\\\/2021\\\/05\\\/Regina-Coeli-scaled.jpg\",\"contentUrl\":\"https:\\\/\\\/exaudi.org\\\/wp-content\\\/uploads\\\/2021\\\/05\\\/Regina-Coeli-scaled.jpg\",\"width\":2560,\"height\":1535,\"caption\":\"\u00a9 Vatican Media\"},{\"@type\":\"BreadcrumbList\",\"@id\":\"https:\\\/\\\/exaudi.org\\\/it\\\/gesu-e-la-via-che-conduce-alla-felicita-che-non-perisce\\\/#breadcrumb\",\"itemListElement\":[{\"@type\":\"ListItem\",\"position\":1,\"name\":\"Portada\",\"item\":\"https:\\\/\\\/exaudi.org\\\/it\\\/\"},{\"@type\":\"ListItem\",\"position\":2,\"name\":\"&#8220;Ges\u00f9 \u00e8 la via che conduce alla felicit\u00e0 che non perisce&#8221;\"}]},{\"@type\":\"WebSite\",\"@id\":\"https:\\\/\\\/exaudi.org\\\/#website\",\"url\":\"https:\\\/\\\/exaudi.org\\\/\",\"name\":\"Exaudi\",\"description\":\"News\",\"potentialAction\":[{\"@type\":\"SearchAction\",\"target\":{\"@type\":\"EntryPoint\",\"urlTemplate\":\"https:\\\/\\\/exaudi.org\\\/?s={search_term_string}\"},\"query-input\":{\"@type\":\"PropertyValueSpecification\",\"valueRequired\":true,\"valueName\":\"search_term_string\"}}],\"inLanguage\":\"it-IT\"},{\"@type\":\"Person\",\"@id\":\"https:\\\/\\\/exaudi.org\\\/#\\\/schema\\\/person\\\/e1ab6ed07c01774724dd96f925f3a5f0\",\"name\":\"Exaudi Redazione\",\"image\":{\"@type\":\"ImageObject\",\"inLanguage\":\"it-IT\",\"@id\":\"https:\\\/\\\/secure.gravatar.com\\\/avatar\\\/ad6774b3ada023bf5b939d64f45c94b3adf91502dd883507d469b4308a943bb3?s=96&d=mm&r=g\",\"url\":\"https:\\\/\\\/secure.gravatar.com\\\/avatar\\\/ad6774b3ada023bf5b939d64f45c94b3adf91502dd883507d469b4308a943bb3?s=96&d=mm&r=g\",\"contentUrl\":\"https:\\\/\\\/secure.gravatar.com\\\/avatar\\\/ad6774b3ada023bf5b939d64f45c94b3adf91502dd883507d469b4308a943bb3?s=96&d=mm&r=g\",\"caption\":\"Exaudi Redazione\"},\"description\":\"Che cosa \u00e8 Exaudi News? Exaudi News \u00e8 un agenzia cattolica internazionale che informa, istruisce e trasforma quotidianamente in spagnolo, inglese e italiano. Attraverso notizie, articoli di analisi e trasmissioni in diretta degli eventi del Papa, Exaudi cerca di rafforzare l'unit\u00e0 dei cristiani e di contribuire all'evangelizzazione del mondo, sempre guidato dalla dottrina sociale della Chiesa. Lavoriamo per portare la verit\u00e0 e i valori cristiani in ogni angolo del pianeta. Aiutaci a trasformare il mondo con Exaudi! Noi di Exaudi crediamo che l'evangelizzazione e l'informazione di qualit\u00e0 possano cambiare la vita. Per continuare la nostra missione ed espandere la nostra portata, abbiamo bisogno del tuo aiuto. Stiamo anche cercando persone motivate che vogliano unirsi al nostro team. Grazie al vostro sostegno raggiungeremo pi\u00f9 persone, diffonderemo il messaggio di Cristo e rafforzeremo l'unit\u00e0 dei cristiani. Vuoi unirti alla nostra missione? Per maggiori informazioni su come contribuire, visita Exaudi.org\\\/it o contattaci direttamente: info@exaudi.org Exaudi: informa, forma e trasforma.\",\"sameAs\":[\"https:\\\/\\\/www.facebook.com\\\/ExaudiNotizie\\\/\",\"https:\\\/\\\/www.instagram.com\\\/Exaudi_notizie\\\/\",\"https:\\\/\\\/x.com\\\/Exaudi_Notizie\",\"https:\\\/\\\/www.youtube.com\\\/@exaudicatholicnews\"],\"url\":\"https:\\\/\\\/exaudi.org\\\/it\\\/author\\\/dlvedi-org\\\/\"}]}<\/script>\n<!-- \/ Yoast SEO plugin. -->","yoast_head_json":{"title":"\"Ges\u00f9 \u00e8 la via che conduce alla felicit\u00e0 che non perisce\" &#8211; Exaudi","robots":{"index":"index","follow":"follow","max-snippet":"max-snippet:-1","max-image-preview":"max-image-preview:large","max-video-preview":"max-video-preview:-1"},"canonical":"https:\/\/exaudi.org\/it\/gesu-e-la-via-che-conduce-alla-felicita-che-non-perisce\/","og_locale":"it_IT","og_type":"article","og_title":"\"Ges\u00f9 \u00e8 la via che conduce alla felicit\u00e0 che non perisce\" &#8211; Exaudi","og_description":"Le parole del Santo Padre prima del Regina Coeli","og_url":"https:\/\/exaudi.org\/it\/gesu-e-la-via-che-conduce-alla-felicita-che-non-perisce\/","og_site_name":"Exaudi","article_publisher":"https:\/\/www.facebook.com\/ExaudiNews","article_author":"https:\/\/www.facebook.com\/ExaudiNotizie\/","article_published_time":"2023-05-07T16:48:31+00:00","og_image":[{"width":2560,"height":1535,"url":"https:\/\/exaudi.org\/wp-content\/uploads\/2021\/05\/Regina-Coeli-scaled.jpg","type":"image\/jpeg"}],"author":"Exaudi Redazione","twitter_card":"summary_large_image","twitter_creator":"@Exaudi_Notizie","twitter_site":"@Exaudi_News","twitter_misc":{"Scritto da":"Exaudi Redazione","Tempo di lettura stimato":"3 minuti"},"schema":{"@context":"https:\/\/schema.org","@graph":[{"@type":"Article","@id":"https:\/\/exaudi.org\/it\/gesu-e-la-via-che-conduce-alla-felicita-che-non-perisce\/#article","isPartOf":{"@id":"https:\/\/exaudi.org\/it\/gesu-e-la-via-che-conduce-alla-felicita-che-non-perisce\/"},"author":{"name":"Exaudi Redazione","@id":"https:\/\/exaudi.org\/#\/schema\/person\/e1ab6ed07c01774724dd96f925f3a5f0"},"headline":"&#8220;Ges\u00f9 \u00e8 la via che conduce alla felicit\u00e0 che non perisce&#8221;","datePublished":"2023-05-07T16:48:31+00:00","mainEntityOfPage":{"@id":"https:\/\/exaudi.org\/it\/gesu-e-la-via-che-conduce-alla-felicita-che-non-perisce\/"},"wordCount":648,"image":{"@id":"https:\/\/exaudi.org\/it\/gesu-e-la-via-che-conduce-alla-felicita-che-non-perisce\/#primaryimage"},"thumbnailUrl":"https:\/\/exaudi.org\/wp-content\/uploads\/2021\/05\/Regina-Coeli-scaled.jpg","keywords":["Featured","Regina Caeli 7 maggio 2023"],"articleSection":["Leone XIV","Regina Coeli"],"inLanguage":"it-IT"},{"@type":"WebPage","@id":"https:\/\/exaudi.org\/it\/gesu-e-la-via-che-conduce-alla-felicita-che-non-perisce\/","url":"https:\/\/exaudi.org\/it\/gesu-e-la-via-che-conduce-alla-felicita-che-non-perisce\/","name":"\"Ges\u00f9 \u00e8 la via che conduce alla felicit\u00e0 che non perisce\" &#8211; Exaudi","isPartOf":{"@id":"https:\/\/exaudi.org\/#website"},"primaryImageOfPage":{"@id":"https:\/\/exaudi.org\/it\/gesu-e-la-via-che-conduce-alla-felicita-che-non-perisce\/#primaryimage"},"image":{"@id":"https:\/\/exaudi.org\/it\/gesu-e-la-via-che-conduce-alla-felicita-che-non-perisce\/#primaryimage"},"thumbnailUrl":"https:\/\/exaudi.org\/wp-content\/uploads\/2021\/05\/Regina-Coeli-scaled.jpg","datePublished":"2023-05-07T16:48:31+00:00","author":{"@id":"https:\/\/exaudi.org\/#\/schema\/person\/e1ab6ed07c01774724dd96f925f3a5f0"},"breadcrumb":{"@id":"https:\/\/exaudi.org\/it\/gesu-e-la-via-che-conduce-alla-felicita-che-non-perisce\/#breadcrumb"},"inLanguage":"it-IT","potentialAction":[{"@type":"ReadAction","target":["https:\/\/exaudi.org\/it\/gesu-e-la-via-che-conduce-alla-felicita-che-non-perisce\/"]}]},{"@type":"ImageObject","inLanguage":"it-IT","@id":"https:\/\/exaudi.org\/it\/gesu-e-la-via-che-conduce-alla-felicita-che-non-perisce\/#primaryimage","url":"https:\/\/exaudi.org\/wp-content\/uploads\/2021\/05\/Regina-Coeli-scaled.jpg","contentUrl":"https:\/\/exaudi.org\/wp-content\/uploads\/2021\/05\/Regina-Coeli-scaled.jpg","width":2560,"height":1535,"caption":"\u00a9 Vatican Media"},{"@type":"BreadcrumbList","@id":"https:\/\/exaudi.org\/it\/gesu-e-la-via-che-conduce-alla-felicita-che-non-perisce\/#breadcrumb","itemListElement":[{"@type":"ListItem","position":1,"name":"Portada","item":"https:\/\/exaudi.org\/it\/"},{"@type":"ListItem","position":2,"name":"&#8220;Ges\u00f9 \u00e8 la via che conduce alla felicit\u00e0 che non perisce&#8221;"}]},{"@type":"WebSite","@id":"https:\/\/exaudi.org\/#website","url":"https:\/\/exaudi.org\/","name":"Exaudi","description":"News","potentialAction":[{"@type":"SearchAction","target":{"@type":"EntryPoint","urlTemplate":"https:\/\/exaudi.org\/?s={search_term_string}"},"query-input":{"@type":"PropertyValueSpecification","valueRequired":true,"valueName":"search_term_string"}}],"inLanguage":"it-IT"},{"@type":"Person","@id":"https:\/\/exaudi.org\/#\/schema\/person\/e1ab6ed07c01774724dd96f925f3a5f0","name":"Exaudi Redazione","image":{"@type":"ImageObject","inLanguage":"it-IT","@id":"https:\/\/secure.gravatar.com\/avatar\/ad6774b3ada023bf5b939d64f45c94b3adf91502dd883507d469b4308a943bb3?s=96&d=mm&r=g","url":"https:\/\/secure.gravatar.com\/avatar\/ad6774b3ada023bf5b939d64f45c94b3adf91502dd883507d469b4308a943bb3?s=96&d=mm&r=g","contentUrl":"https:\/\/secure.gravatar.com\/avatar\/ad6774b3ada023bf5b939d64f45c94b3adf91502dd883507d469b4308a943bb3?s=96&d=mm&r=g","caption":"Exaudi Redazione"},"description":"Che cosa \u00e8 Exaudi News? Exaudi News \u00e8 un agenzia cattolica internazionale che informa, istruisce e trasforma quotidianamente in spagnolo, inglese e italiano. Attraverso notizie, articoli di analisi e trasmissioni in diretta degli eventi del Papa, Exaudi cerca di rafforzare l'unit\u00e0 dei cristiani e di contribuire all'evangelizzazione del mondo, sempre guidato dalla dottrina sociale della Chiesa. Lavoriamo per portare la verit\u00e0 e i valori cristiani in ogni angolo del pianeta. Aiutaci a trasformare il mondo con Exaudi! Noi di Exaudi crediamo che l'evangelizzazione e l'informazione di qualit\u00e0 possano cambiare la vita. Per continuare la nostra missione ed espandere la nostra portata, abbiamo bisogno del tuo aiuto. Stiamo anche cercando persone motivate che vogliano unirsi al nostro team. Grazie al vostro sostegno raggiungeremo pi\u00f9 persone, diffonderemo il messaggio di Cristo e rafforzeremo l'unit\u00e0 dei cristiani. Vuoi unirti alla nostra missione? Per maggiori informazioni su come contribuire, visita Exaudi.org\/it o contattaci direttamente: info@exaudi.org Exaudi: informa, forma e trasforma.","sameAs":["https:\/\/www.facebook.com\/ExaudiNotizie\/","https:\/\/www.instagram.com\/Exaudi_notizie\/","https:\/\/x.com\/Exaudi_Notizie","https:\/\/www.youtube.com\/@exaudicatholicnews"],"url":"https:\/\/exaudi.org\/it\/author\/dlvedi-org\/"}]}},"jetpack_featured_media_url":"https:\/\/exaudi.org\/wp-content\/uploads\/2021\/05\/Regina-Coeli-scaled.jpg","jetpack_shortlink":"https:\/\/wp.me\/pgKjF2-jGd","_links":{"self":[{"href":"https:\/\/exaudi.org\/it\/wp-json\/wp\/v2\/posts\/75653","targetHints":{"allow":["GET"]}}],"collection":[{"href":"https:\/\/exaudi.org\/it\/wp-json\/wp\/v2\/posts"}],"about":[{"href":"https:\/\/exaudi.org\/it\/wp-json\/wp\/v2\/types\/post"}],"author":[{"embeddable":true,"href":"https:\/\/exaudi.org\/it\/wp-json\/wp\/v2\/users\/17"}],"replies":[{"embeddable":true,"href":"https:\/\/exaudi.org\/it\/wp-json\/wp\/v2\/comments?post=75653"}],"version-history":[{"count":0,"href":"https:\/\/exaudi.org\/it\/wp-json\/wp\/v2\/posts\/75653\/revisions"}],"wp:featuredmedia":[{"embeddable":true,"href":"https:\/\/exaudi.org\/it\/wp-json\/wp\/v2\/media\/15918"}],"wp:attachment":[{"href":"https:\/\/exaudi.org\/it\/wp-json\/wp\/v2\/media?parent=75653"}],"wp:term":[{"taxonomy":"category","embeddable":true,"href":"https:\/\/exaudi.org\/it\/wp-json\/wp\/v2\/categories?post=75653"},{"taxonomy":"post_tag","embeddable":true,"href":"https:\/\/exaudi.org\/it\/wp-json\/wp\/v2\/tags?post=75653"}],"curies":[{"name":"wp","href":"https:\/\/api.w.org\/{rel}","templated":true}]}}