{"id":75535,"date":"2023-05-04T18:40:11","date_gmt":"2023-05-04T16:40:11","guid":{"rendered":"https:\/\/exaudi.org\/?p=75535"},"modified":"2023-05-04T18:46:43","modified_gmt":"2023-05-04T16:46:43","slug":"forti-inondazioni-avvenute-in-rwanda","status":"publish","type":"post","link":"https:\/\/exaudi.org\/it\/forti-inondazioni-avvenute-in-rwanda\/","title":{"rendered":"Forti inondazioni avvenute in Rwanda"},"content":{"rendered":"<p>Pubblichiamo di seguito il telegramma di cordoglio per le vittime delle forti inondazioni avvenute in Rwanda, inviato &#8211; a nome del Santo Padre Francesco &#8211; dal Cardinale Segretario di Stato Pietro Parolin al Nunzio Apostolico del Paese, S.E. Mons. Arnaldo Catalan:<\/p>\n<p><b><u>Telegramma<\/u><\/b><\/p>\n<p>IL REVERENDISSIMO<br \/>\nARNALDO CATALANO<br \/>\nNUNZIO APOSTOLICO IN RUANDA<br \/>\nKIGALI<\/p>\n<p>SUA SANTIT\u00c0 PAPA FRANCESCO HA APPRESO CON PROFONDO DOLORE LA NOTIZIA DELLA PERDITA DI VITE UMANE E DELLA DISTRUZIONE CAUSATE DALLE RECENTI INONDAZIONI NELLE PROVINCE OCCIDENTALI E SETTENTRIONALI DEL RWANDA E DESIDERA ESPRIMERE LA SUA VICINANZA SPIRITUALE A TUTTI COLORO CHE SOFFRONO IN SEGUITO A QUESTO DISASTRO. SUA SANTIT\u00c0 OFFRE INOLTRE LA POSSIBILIT\u00c0 DI PREGARE PER I MORTI, I FERITI E GLI SFOLLATI, NONCH\u00c9 PER COLORO CHE SONO IMPEGNATI NEGLI SFORZI DI RECUPERO. COME SEGNO DELLA SUA VICINANZA SPIRITUALE, IL SANTO PADRE INVOCA VOLENTIERI SU TUTTO IL POPOLO DEL RWANDA LE BENEDIZIONI DI DIO ONNIPOTENTE PER LA FORZA E LA PACE.<\/p>\n<p>CARDINALE PIETRO PAROLIN<\/p>\n<p>SEGRETARIO DI STATO<\/p>\n<p>[Testo originale: inglese]<\/p>\n","protected":false},"excerpt":{"rendered":"<p>Telegramma del Santo Padre<\/p>\n","protected":false},"author":17,"featured_media":75542,"comment_status":"closed","ping_status":"closed","sticky":false,"template":"","format":"standard","meta":{"_acf_changed":false,"_crdt_document":"","inline_featured_image":false,"footnotes":""},"categories":[67],"tags":[9075,6856],"class_list":["post-75535","post","type-post","status-publish","format-standard","has-post-thumbnail","hentry","category-leone-xiv","tag-rwanda-2","tag-telegramma-del-papa"],"acf":[],"yoast_head":"<!-- This site is optimized with the Yoast SEO plugin v27.5 - https:\/\/yoast.com\/product\/yoast-seo-wordpress\/ -->\n<title>Forti inondazioni avvenute in Rwanda &#8211; Exaudi<\/title>\n<meta name=\"robots\" content=\"index, follow, max-snippet:-1, max-image-preview:large, max-video-preview:-1\" \/>\n<link rel=\"canonical\" href=\"https:\/\/exaudi.org\/it\/forti-inondazioni-avvenute-in-rwanda\/\" \/>\n<meta property=\"og:locale\" content=\"it_IT\" \/>\n<meta property=\"og:type\" content=\"article\" \/>\n<meta property=\"og:title\" content=\"Forti inondazioni avvenute in Rwanda &#8211; Exaudi\" \/>\n<meta property=\"og:description\" content=\"Telegramma del Santo Padre\" \/>\n<meta property=\"og:url\" content=\"https:\/\/exaudi.org\/it\/forti-inondazioni-avvenute-in-rwanda\/\" \/>\n<meta property=\"og:site_name\" content=\"Exaudi\" \/>\n<meta property=\"article:publisher\" content=\"https:\/\/www.facebook.com\/ExaudiNews\" \/>\n<meta property=\"article:author\" content=\"https:\/\/www.facebook.com\/ExaudiNotizie\/\" \/>\n<meta property=\"article:published_time\" content=\"2023-05-04T16:40:11+00:00\" \/>\n<meta property=\"article:modified_time\" content=\"2023-05-04T16:46:43+00:00\" \/>\n<meta property=\"og:image\" content=\"https:\/\/exaudi.org\/wp-content\/uploads\/2023\/05\/6453435fc7bf6.jpg\" \/>\n\t<meta property=\"og:image:width\" content=\"1220\" \/>\n\t<meta property=\"og:image:height\" content=\"686\" \/>\n\t<meta property=\"og:image:type\" content=\"image\/jpeg\" \/>\n<meta name=\"author\" content=\"Exaudi Redazione\" \/>\n<meta name=\"twitter:card\" content=\"summary_large_image\" \/>\n<meta name=\"twitter:creator\" content=\"@Exaudi_Notizie\" \/>\n<meta name=\"twitter:site\" content=\"@Exaudi_News\" \/>\n<meta name=\"twitter:label1\" content=\"Scritto da\" \/>\n\t<meta name=\"twitter:data1\" content=\"Exaudi Redazione\" \/>\n\t<meta name=\"twitter:label2\" content=\"Tempo di lettura stimato\" \/>\n\t<meta name=\"twitter:data2\" content=\"1 minuto\" \/>\n<script type=\"application\/ld+json\" class=\"yoast-schema-graph\">{\"@context\":\"https:\\\/\\\/schema.org\",\"@graph\":[{\"@type\":\"Article\",\"@id\":\"https:\\\/\\\/exaudi.org\\\/it\\\/forti-inondazioni-avvenute-in-rwanda\\\/#article\",\"isPartOf\":{\"@id\":\"https:\\\/\\\/exaudi.org\\\/it\\\/forti-inondazioni-avvenute-in-rwanda\\\/\"},\"author\":{\"name\":\"Exaudi Redazione\",\"@id\":\"https:\\\/\\\/exaudi.org\\\/#\\\/schema\\\/person\\\/e1ab6ed07c01774724dd96f925f3a5f0\"},\"headline\":\"Forti inondazioni avvenute in Rwanda\",\"datePublished\":\"2023-05-04T16:40:11+00:00\",\"dateModified\":\"2023-05-04T16:46:43+00:00\",\"mainEntityOfPage\":{\"@id\":\"https:\\\/\\\/exaudi.org\\\/it\\\/forti-inondazioni-avvenute-in-rwanda\\\/\"},\"wordCount\":167,\"image\":{\"@id\":\"https:\\\/\\\/exaudi.org\\\/it\\\/forti-inondazioni-avvenute-in-rwanda\\\/#primaryimage\"},\"thumbnailUrl\":\"https:\\\/\\\/exaudi.org\\\/wp-content\\\/uploads\\\/2023\\\/05\\\/6453435fc7bf6.jpg\",\"keywords\":[\"Rwanda\",\"Telegramma del Papa\"],\"articleSection\":[\"Leone XIV\"],\"inLanguage\":\"it-IT\"},{\"@type\":\"WebPage\",\"@id\":\"https:\\\/\\\/exaudi.org\\\/it\\\/forti-inondazioni-avvenute-in-rwanda\\\/\",\"url\":\"https:\\\/\\\/exaudi.org\\\/it\\\/forti-inondazioni-avvenute-in-rwanda\\\/\",\"name\":\"Forti inondazioni avvenute in Rwanda &#8211; Exaudi\",\"isPartOf\":{\"@id\":\"https:\\\/\\\/exaudi.org\\\/#website\"},\"primaryImageOfPage\":{\"@id\":\"https:\\\/\\\/exaudi.org\\\/it\\\/forti-inondazioni-avvenute-in-rwanda\\\/#primaryimage\"},\"image\":{\"@id\":\"https:\\\/\\\/exaudi.org\\\/it\\\/forti-inondazioni-avvenute-in-rwanda\\\/#primaryimage\"},\"thumbnailUrl\":\"https:\\\/\\\/exaudi.org\\\/wp-content\\\/uploads\\\/2023\\\/05\\\/6453435fc7bf6.jpg\",\"datePublished\":\"2023-05-04T16:40:11+00:00\",\"dateModified\":\"2023-05-04T16:46:43+00:00\",\"author\":{\"@id\":\"https:\\\/\\\/exaudi.org\\\/#\\\/schema\\\/person\\\/e1ab6ed07c01774724dd96f925f3a5f0\"},\"breadcrumb\":{\"@id\":\"https:\\\/\\\/exaudi.org\\\/it\\\/forti-inondazioni-avvenute-in-rwanda\\\/#breadcrumb\"},\"inLanguage\":\"it-IT\",\"potentialAction\":[{\"@type\":\"ReadAction\",\"target\":[\"https:\\\/\\\/exaudi.org\\\/it\\\/forti-inondazioni-avvenute-in-rwanda\\\/\"]}]},{\"@type\":\"ImageObject\",\"inLanguage\":\"it-IT\",\"@id\":\"https:\\\/\\\/exaudi.org\\\/it\\\/forti-inondazioni-avvenute-in-rwanda\\\/#primaryimage\",\"url\":\"https:\\\/\\\/exaudi.org\\\/wp-content\\\/uploads\\\/2023\\\/05\\\/6453435fc7bf6.jpg\",\"contentUrl\":\"https:\\\/\\\/exaudi.org\\\/wp-content\\\/uploads\\\/2023\\\/05\\\/6453435fc7bf6.jpg\",\"width\":1220,\"height\":686,\"caption\":\"TRT\"},{\"@type\":\"BreadcrumbList\",\"@id\":\"https:\\\/\\\/exaudi.org\\\/it\\\/forti-inondazioni-avvenute-in-rwanda\\\/#breadcrumb\",\"itemListElement\":[{\"@type\":\"ListItem\",\"position\":1,\"name\":\"Portada\",\"item\":\"https:\\\/\\\/exaudi.org\\\/it\\\/\"},{\"@type\":\"ListItem\",\"position\":2,\"name\":\"Forti inondazioni avvenute in Rwanda\"}]},{\"@type\":\"WebSite\",\"@id\":\"https:\\\/\\\/exaudi.org\\\/#website\",\"url\":\"https:\\\/\\\/exaudi.org\\\/\",\"name\":\"Exaudi\",\"description\":\"News\",\"potentialAction\":[{\"@type\":\"SearchAction\",\"target\":{\"@type\":\"EntryPoint\",\"urlTemplate\":\"https:\\\/\\\/exaudi.org\\\/?s={search_term_string}\"},\"query-input\":{\"@type\":\"PropertyValueSpecification\",\"valueRequired\":true,\"valueName\":\"search_term_string\"}}],\"inLanguage\":\"it-IT\"},{\"@type\":\"Person\",\"@id\":\"https:\\\/\\\/exaudi.org\\\/#\\\/schema\\\/person\\\/e1ab6ed07c01774724dd96f925f3a5f0\",\"name\":\"Exaudi Redazione\",\"image\":{\"@type\":\"ImageObject\",\"inLanguage\":\"it-IT\",\"@id\":\"https:\\\/\\\/secure.gravatar.com\\\/avatar\\\/ad6774b3ada023bf5b939d64f45c94b3adf91502dd883507d469b4308a943bb3?s=96&d=mm&r=g\",\"url\":\"https:\\\/\\\/secure.gravatar.com\\\/avatar\\\/ad6774b3ada023bf5b939d64f45c94b3adf91502dd883507d469b4308a943bb3?s=96&d=mm&r=g\",\"contentUrl\":\"https:\\\/\\\/secure.gravatar.com\\\/avatar\\\/ad6774b3ada023bf5b939d64f45c94b3adf91502dd883507d469b4308a943bb3?s=96&d=mm&r=g\",\"caption\":\"Exaudi Redazione\"},\"description\":\"Che cosa \u00e8 Exaudi News? Exaudi News \u00e8 un agenzia cattolica internazionale che informa, istruisce e trasforma quotidianamente in spagnolo, inglese e italiano. Attraverso notizie, articoli di analisi e trasmissioni in diretta degli eventi del Papa, Exaudi cerca di rafforzare l'unit\u00e0 dei cristiani e di contribuire all'evangelizzazione del mondo, sempre guidato dalla dottrina sociale della Chiesa. Lavoriamo per portare la verit\u00e0 e i valori cristiani in ogni angolo del pianeta. Aiutaci a trasformare il mondo con Exaudi! Noi di Exaudi crediamo che l'evangelizzazione e l'informazione di qualit\u00e0 possano cambiare la vita. Per continuare la nostra missione ed espandere la nostra portata, abbiamo bisogno del tuo aiuto. Stiamo anche cercando persone motivate che vogliano unirsi al nostro team. Grazie al vostro sostegno raggiungeremo pi\u00f9 persone, diffonderemo il messaggio di Cristo e rafforzeremo l'unit\u00e0 dei cristiani. Vuoi unirti alla nostra missione? Per maggiori informazioni su come contribuire, visita Exaudi.org\\\/it o contattaci direttamente: info@exaudi.org Exaudi: informa, forma e trasforma.\",\"sameAs\":[\"https:\\\/\\\/www.facebook.com\\\/ExaudiNotizie\\\/\",\"https:\\\/\\\/www.instagram.com\\\/Exaudi_notizie\\\/\",\"https:\\\/\\\/x.com\\\/Exaudi_Notizie\",\"https:\\\/\\\/www.youtube.com\\\/@exaudicatholicnews\"],\"url\":\"https:\\\/\\\/exaudi.org\\\/it\\\/author\\\/dlvedi-org\\\/\"}]}<\/script>\n<!-- \/ Yoast SEO plugin. -->","yoast_head_json":{"title":"Forti inondazioni avvenute in Rwanda &#8211; Exaudi","robots":{"index":"index","follow":"follow","max-snippet":"max-snippet:-1","max-image-preview":"max-image-preview:large","max-video-preview":"max-video-preview:-1"},"canonical":"https:\/\/exaudi.org\/it\/forti-inondazioni-avvenute-in-rwanda\/","og_locale":"it_IT","og_type":"article","og_title":"Forti inondazioni avvenute in Rwanda &#8211; Exaudi","og_description":"Telegramma del Santo Padre","og_url":"https:\/\/exaudi.org\/it\/forti-inondazioni-avvenute-in-rwanda\/","og_site_name":"Exaudi","article_publisher":"https:\/\/www.facebook.com\/ExaudiNews","article_author":"https:\/\/www.facebook.com\/ExaudiNotizie\/","article_published_time":"2023-05-04T16:40:11+00:00","article_modified_time":"2023-05-04T16:46:43+00:00","og_image":[{"width":1220,"height":686,"url":"https:\/\/exaudi.org\/wp-content\/uploads\/2023\/05\/6453435fc7bf6.jpg","type":"image\/jpeg"}],"author":"Exaudi Redazione","twitter_card":"summary_large_image","twitter_creator":"@Exaudi_Notizie","twitter_site":"@Exaudi_News","twitter_misc":{"Scritto da":"Exaudi Redazione","Tempo di lettura stimato":"1 minuto"},"schema":{"@context":"https:\/\/schema.org","@graph":[{"@type":"Article","@id":"https:\/\/exaudi.org\/it\/forti-inondazioni-avvenute-in-rwanda\/#article","isPartOf":{"@id":"https:\/\/exaudi.org\/it\/forti-inondazioni-avvenute-in-rwanda\/"},"author":{"name":"Exaudi Redazione","@id":"https:\/\/exaudi.org\/#\/schema\/person\/e1ab6ed07c01774724dd96f925f3a5f0"},"headline":"Forti inondazioni avvenute in Rwanda","datePublished":"2023-05-04T16:40:11+00:00","dateModified":"2023-05-04T16:46:43+00:00","mainEntityOfPage":{"@id":"https:\/\/exaudi.org\/it\/forti-inondazioni-avvenute-in-rwanda\/"},"wordCount":167,"image":{"@id":"https:\/\/exaudi.org\/it\/forti-inondazioni-avvenute-in-rwanda\/#primaryimage"},"thumbnailUrl":"https:\/\/exaudi.org\/wp-content\/uploads\/2023\/05\/6453435fc7bf6.jpg","keywords":["Rwanda","Telegramma del Papa"],"articleSection":["Leone XIV"],"inLanguage":"it-IT"},{"@type":"WebPage","@id":"https:\/\/exaudi.org\/it\/forti-inondazioni-avvenute-in-rwanda\/","url":"https:\/\/exaudi.org\/it\/forti-inondazioni-avvenute-in-rwanda\/","name":"Forti inondazioni avvenute in Rwanda &#8211; Exaudi","isPartOf":{"@id":"https:\/\/exaudi.org\/#website"},"primaryImageOfPage":{"@id":"https:\/\/exaudi.org\/it\/forti-inondazioni-avvenute-in-rwanda\/#primaryimage"},"image":{"@id":"https:\/\/exaudi.org\/it\/forti-inondazioni-avvenute-in-rwanda\/#primaryimage"},"thumbnailUrl":"https:\/\/exaudi.org\/wp-content\/uploads\/2023\/05\/6453435fc7bf6.jpg","datePublished":"2023-05-04T16:40:11+00:00","dateModified":"2023-05-04T16:46:43+00:00","author":{"@id":"https:\/\/exaudi.org\/#\/schema\/person\/e1ab6ed07c01774724dd96f925f3a5f0"},"breadcrumb":{"@id":"https:\/\/exaudi.org\/it\/forti-inondazioni-avvenute-in-rwanda\/#breadcrumb"},"inLanguage":"it-IT","potentialAction":[{"@type":"ReadAction","target":["https:\/\/exaudi.org\/it\/forti-inondazioni-avvenute-in-rwanda\/"]}]},{"@type":"ImageObject","inLanguage":"it-IT","@id":"https:\/\/exaudi.org\/it\/forti-inondazioni-avvenute-in-rwanda\/#primaryimage","url":"https:\/\/exaudi.org\/wp-content\/uploads\/2023\/05\/6453435fc7bf6.jpg","contentUrl":"https:\/\/exaudi.org\/wp-content\/uploads\/2023\/05\/6453435fc7bf6.jpg","width":1220,"height":686,"caption":"TRT"},{"@type":"BreadcrumbList","@id":"https:\/\/exaudi.org\/it\/forti-inondazioni-avvenute-in-rwanda\/#breadcrumb","itemListElement":[{"@type":"ListItem","position":1,"name":"Portada","item":"https:\/\/exaudi.org\/it\/"},{"@type":"ListItem","position":2,"name":"Forti inondazioni avvenute in Rwanda"}]},{"@type":"WebSite","@id":"https:\/\/exaudi.org\/#website","url":"https:\/\/exaudi.org\/","name":"Exaudi","description":"News","potentialAction":[{"@type":"SearchAction","target":{"@type":"EntryPoint","urlTemplate":"https:\/\/exaudi.org\/?s={search_term_string}"},"query-input":{"@type":"PropertyValueSpecification","valueRequired":true,"valueName":"search_term_string"}}],"inLanguage":"it-IT"},{"@type":"Person","@id":"https:\/\/exaudi.org\/#\/schema\/person\/e1ab6ed07c01774724dd96f925f3a5f0","name":"Exaudi Redazione","image":{"@type":"ImageObject","inLanguage":"it-IT","@id":"https:\/\/secure.gravatar.com\/avatar\/ad6774b3ada023bf5b939d64f45c94b3adf91502dd883507d469b4308a943bb3?s=96&d=mm&r=g","url":"https:\/\/secure.gravatar.com\/avatar\/ad6774b3ada023bf5b939d64f45c94b3adf91502dd883507d469b4308a943bb3?s=96&d=mm&r=g","contentUrl":"https:\/\/secure.gravatar.com\/avatar\/ad6774b3ada023bf5b939d64f45c94b3adf91502dd883507d469b4308a943bb3?s=96&d=mm&r=g","caption":"Exaudi Redazione"},"description":"Che cosa \u00e8 Exaudi News? Exaudi News \u00e8 un agenzia cattolica internazionale che informa, istruisce e trasforma quotidianamente in spagnolo, inglese e italiano. Attraverso notizie, articoli di analisi e trasmissioni in diretta degli eventi del Papa, Exaudi cerca di rafforzare l'unit\u00e0 dei cristiani e di contribuire all'evangelizzazione del mondo, sempre guidato dalla dottrina sociale della Chiesa. Lavoriamo per portare la verit\u00e0 e i valori cristiani in ogni angolo del pianeta. Aiutaci a trasformare il mondo con Exaudi! Noi di Exaudi crediamo che l'evangelizzazione e l'informazione di qualit\u00e0 possano cambiare la vita. Per continuare la nostra missione ed espandere la nostra portata, abbiamo bisogno del tuo aiuto. Stiamo anche cercando persone motivate che vogliano unirsi al nostro team. Grazie al vostro sostegno raggiungeremo pi\u00f9 persone, diffonderemo il messaggio di Cristo e rafforzeremo l'unit\u00e0 dei cristiani. Vuoi unirti alla nostra missione? Per maggiori informazioni su come contribuire, visita Exaudi.org\/it o contattaci direttamente: info@exaudi.org Exaudi: informa, forma e trasforma.","sameAs":["https:\/\/www.facebook.com\/ExaudiNotizie\/","https:\/\/www.instagram.com\/Exaudi_notizie\/","https:\/\/x.com\/Exaudi_Notizie","https:\/\/www.youtube.com\/@exaudicatholicnews"],"url":"https:\/\/exaudi.org\/it\/author\/dlvedi-org\/"}]}},"jetpack_featured_media_url":"https:\/\/exaudi.org\/wp-content\/uploads\/2023\/05\/6453435fc7bf6.jpg","jetpack_shortlink":"https:\/\/wp.me\/pgKjF2-jEj","_links":{"self":[{"href":"https:\/\/exaudi.org\/it\/wp-json\/wp\/v2\/posts\/75535","targetHints":{"allow":["GET"]}}],"collection":[{"href":"https:\/\/exaudi.org\/it\/wp-json\/wp\/v2\/posts"}],"about":[{"href":"https:\/\/exaudi.org\/it\/wp-json\/wp\/v2\/types\/post"}],"author":[{"embeddable":true,"href":"https:\/\/exaudi.org\/it\/wp-json\/wp\/v2\/users\/17"}],"replies":[{"embeddable":true,"href":"https:\/\/exaudi.org\/it\/wp-json\/wp\/v2\/comments?post=75535"}],"version-history":[{"count":0,"href":"https:\/\/exaudi.org\/it\/wp-json\/wp\/v2\/posts\/75535\/revisions"}],"wp:featuredmedia":[{"embeddable":true,"href":"https:\/\/exaudi.org\/it\/wp-json\/wp\/v2\/media\/75542"}],"wp:attachment":[{"href":"https:\/\/exaudi.org\/it\/wp-json\/wp\/v2\/media?parent=75535"}],"wp:term":[{"taxonomy":"category","embeddable":true,"href":"https:\/\/exaudi.org\/it\/wp-json\/wp\/v2\/categories?post=75535"},{"taxonomy":"post_tag","embeddable":true,"href":"https:\/\/exaudi.org\/it\/wp-json\/wp\/v2\/tags?post=75535"}],"curies":[{"name":"wp","href":"https:\/\/api.w.org\/{rel}","templated":true}]}}