{"id":75454,"date":"2023-05-03T16:45:36","date_gmt":"2023-05-03T14:45:36","guid":{"rendered":"https:\/\/exaudi.org\/?p=75454"},"modified":"2023-05-04T17:03:06","modified_gmt":"2023-05-04T15:03:06","slug":"in-ungheria-ho-trovato-un-popolo-con-profonde-radici-cristiane","status":"publish","type":"post","link":"https:\/\/exaudi.org\/it\/in-ungheria-ho-trovato-un-popolo-con-profonde-radici-cristiane\/","title":{"rendered":"&#8220;In Ungheria ho trovato un popolo con profonde radici cristiane&#8221;"},"content":{"rendered":"<p>L\u2019Udienza Generale di questa mattina si \u00e8 svolta alle ore 9.00 in Piazza San Pietro, dove il Santo Padre Francesco ha incontrato i gruppi di pellegrini e fedeli provenienti dall\u2019Italia e da ogni parte del mondo.<\/p>\n<p>Nel discorso in lingua italiana, il Papa ha incentrato la Sua meditazione sul Suo recente Viaggio Apostolico in Ungheria.<\/p>\n<p>Dopo aver riassunto la Sua catechesi nelle diverse lingue, il Santo Padre ha indirizzato particolari espressioni di saluto ai fedeli presenti.<\/p>\n<p>L\u2019Udienza Generale si \u00e8 conclusa con la recita del Pater Noster e la Benedizione Apostolica.<\/p>\n<h3><strong>Catechesi. Il Viaggio in Ungheria<\/strong><\/h3>\n<p>Cari fratelli e sorelle, buongiorno!<\/p>\n<p>Tre giorni fa sono rientrato dal viaggio in Ungheria. Desidero ringraziare tutti coloro che hanno preparato e accompagnato questa visita con la preghiera, e rinnovare la mia riconoscenza alle Autorit\u00e0, alla Chiesa locale e al popolo ungherese, un popolo coraggioso e ricco di memoria. Durante la mia permanenza a Budapest ho potuto avvertire l\u2019affetto di tutti gli ungheresi. Oggi vorrei parlarvi di questa visita attraverso due immagini: le radici e i ponti.<\/p>\n<p>Le radici. Mi sono recato pellegrino presso un popolo la cui storia \u2013 come disse San Giovanni Paolo II \u2013 \u00e8 stata segnata da \u00abmolti santi ed eroi, attorniati da schiere di gente umile e laboriosa\u00bb (Discorso in occasione della cerimonia di benvenuto, Budapest, 6 settembre 1996). \u00c8 proprio vero: ho visto tanta gente semplice e laboriosa custodire con fierezza il legame con le proprie radici. E tra queste radici, come hanno evidenziato le testimonianze durante gli incontri con la Chiesa locale e con i giovani, ci sono anzitutto i santi: santi che hanno dato la vita per il popolo, santi che hanno testimoniato il Vangelo dell\u2019amore e che sono stati luci nei momenti di buio; tanti santi del passato che oggi esortano a superare il rischio del disfattismo e la paura del domani, ricordando che Cristo \u00e8 il nostro futuro. I santi ci ricordano questo: Cristo \u00e8 il nostro futuro.<\/p>\n<p>Le solide radici cristiane del popolo ungherese sono state per\u00f2 messe alla prova. La loro fede \u00e8 stata provata al fuoco. Durante la persecuzione ateista del \u2018900, infatti, i cristiani sono stati colpiti violentemente, con Vescovi, preti, religiosi e laici uccisi o privati della libert\u00e0. E mentre si tentava di tagliare l\u2019albero della fede, le radici sono rimaste intatte: \u00e8 restata una Chiesa nascosta, ma viva, forte, con la forza del Vangelo. E in Ungheria questa ultima persecuzione, oppressione comunista era stata preceduta da quella nazista, con la tragica deportazione di tanta popolazione ebraica. Ma in quell\u2019atroce genocidio tanti si distinsero per la resistenza e la capacit\u00e0 di proteggere le vittime, e questo fu possibile perch\u00e9 le radici del vivere insieme erano salde. Noi a Roma abbiamo una brava poetessa ungherese che ha passato tutte queste prove e racconta ai giovani il bisogno di lottare per un ideale, per non essere vinti dalle persecuzioni, dallo scoramento. Questa poetessa oggi fa 92 anni: tanti auguri, Edith Bruck!<\/p>\n<p>Ma anche oggi, come emerso negli incontri con i giovani e con il mondo della cultura, la libert\u00e0 \u00e8 minacciata. Come? Soprattutto con i guanti bianchi, da un consumismo che anestetizza, per cui ci si accontenta di un po\u2019 di benessere materiale e, dimentichi del passato, si \u201cgalleggia\u201d in un presente fatto a misura d\u2019individuo. Questa \u00e8 la persecuzione pericolosa della mondanit\u00e0, portata avanti dal consumismo. Ma quando l\u2019unica cosa che conta \u00e8 pensare a s\u00e9 e fare quel che pare e piace, le radici soffocano. \u00c8 un problema che riguarda l\u2019Europa intera, dove il dedicarsi agli altri, il sentirsi comunit\u00e0, sentire la bellezza di sognare insieme e di creare famiglie numerose sono in crisi. L\u2019Europa intera \u00e8 in crisi. Riflettiamo allora sull\u2019importanza di custodire le radici, perch\u00e9 solo andando in profondit\u00e0 i rami cresceranno verso l\u2019alto e produrranno frutti. Ognuno di noi pu\u00f2 chiedersi, anche come popolo, ognuno di noi: quali sono le radici pi\u00f9 importanti della mia vita? Dove sono radicato? Ne faccio memoria, me ne prendo cura?<\/p>\n<p>Dopo le radici ecco la seconda immagine: i ponti. Budapest, nata 150 anni fa dall\u2019unione di tre citt\u00e0, \u00e8 celebre per i ponti che la attraversano e ne uniscono le parti. Ci\u00f2 ha richiamato, specialmente negli incontri con le Autorit\u00e0, l\u2019importanza di costruire ponti di pace tra popoli diversi. \u00c8, in particolare, la vocazione dell\u2019Europa, chiamata, quale \u201cpontiere di pace\u201d, a includere le differenze e ad accogliere chi bussa alle sue porte. Bello, in questo senso, il ponte umanitario creato per tanti rifugiati dalla vicina Ucraina, che ho potuto incontrare, ammirando anche la grande rete di carit\u00e0 della Chiesa ungherese.<\/p>\n<p>Il Paese \u00e8 poi molto impegnato nel costruire \u201cponti per il domani\u201d: \u00e8 grande la sua attenzione per la cura ecologica \u2013 e questa \u00e8 una cosa molto, molto bella dell\u2019Ungheria \u2013 la cura ecologica e per un futuro sostenibile, e si lavora per edificare ponti tra le generazioni, tra gli anziani e i giovani, sfida oggi irrinunciabile per tutti. Ci sono inoltre ponti che la Chiesa, come emerso nell\u2019apposito incontro, \u00e8 chiamata a tendere verso l\u2019uomo d\u2019oggi, perch\u00e9 l\u2019annuncio di Cristo non pu\u00f2 consistere solo nella ripetizione del passato, ma ha sempre bisogno di essere aggiornato, cos\u00ec da aiutare le donne e gli uomini del nostro tempo a riscoprire Ges\u00f9. E, infine, ricordando con gratitudine i bei momenti liturgici, la preghiera con la comunit\u00e0 greco-cattolica e la solenne Celebrazione eucaristica tanto partecipata, penso alla bellezza di creare ponti tra i credenti: domenica a Messa erano presenti cristiani di vari riti e Paesi, e di diverse confessioni, che in Ungheria lavorano bene insieme. Costruire ponti, ponti di armonia e ponti di unit\u00e0.<\/p>\n<p>Mi ha colpito, in questa visita, l\u2019importanza della musica, che \u00e8 un tratto caratteristico della cultura ungherese.<\/p>\n<p>Mi piace infine ricordare, all\u2019inizio del mese di maggio, che gli Ungheresi sono molto devoti alla Santa Madre di Dio. Consacrati a lei dal primo re, santo Stefano, per rispetto erano soliti rivolgersi a lei senza pronunciarne il nome, chiamandola solo con i titoli della regina. Alla Regina d\u2019Ungheria affidiamo dunque quel caro Paese, alla Regina della pace affidiamo la costruzione di ponti nel mondo, alla Regina del cielo, che acclamiamo in questo tempo pasquale, affidiamo i nostri cuori perch\u00e9 siano radicati nell\u2019amore di Dio.<\/p>\n<p>_________________________________________________<\/p>\n<h3><strong>Saluti<\/strong><\/h3>\n<p>Rivolgo un cordiale benvenuto ai pellegrini di lingua italiana. In particolare, saluto i partecipanti al Seminario promosso dall\u2019Universit\u00e0 della Santa Croce, la Confraternita del Beato Angelo da Furci, le parrocchie di Carditello, San Severino Lucano e Teverola. Saluto poi le religiose e i religiosi presenti, incoraggiandoli a vivere con gioia la loro consacrazione al Signore e il servizio ai fratelli.<\/p>\n<p>Infine, come di consueto, mi rivolgo ai giovani, ai malati, agli anziani e agli sposi novelli. In questo mese di maggio da poco iniziato, vi invito a rinnovare la devozione alla Madonna. Vi incoraggio a conoscere pi\u00f9 profondamente Maria, a entrare in intimit\u00e0 con lei, per accoglierla come Madre spirituale e modello di fedelt\u00e0 a Cristo.<\/p>\n<p>A Lei, Madre di consolazione e Regina della pace, affido la martoriata popolazione ucraina.<\/p>\n<p>A tutti voi la mia benedizione.<\/p>\n<p><iframe loading=\"lazy\" title=\"Audiencia General - 03 mayo 2023 - Papa Francisco\" width=\"500\" height=\"281\" src=\"https:\/\/www.youtube.com\/embed\/Z9Sr8Be3ABo?feature=oembed\" frameborder=\"0\" allow=\"accelerometer; autoplay; clipboard-write; encrypted-media; gyroscope; picture-in-picture; web-share\" referrerpolicy=\"strict-origin-when-cross-origin\" allowfullscreen><\/iframe><\/p>\n","protected":false},"excerpt":{"rendered":"<p>il Papa ha incentrato la Sua meditazione sul Suo recente Viaggio Apostolico<\/p>\n","protected":false},"author":17,"featured_media":75459,"comment_status":"closed","ping_status":"closed","sticky":false,"template":"","format":"standard","meta":{"_acf_changed":false,"_crdt_document":"","inline_featured_image":false,"footnotes":""},"categories":[67,111],"tags":[580,2487,251,579,4056],"class_list":["post-75454","post","type-post","status-publish","format-standard","has-post-thumbnail","hentry","category-leone-xiv","category-udienza-generale","tag-catechesi","tag-featured-3","tag-papa-francesco","tag-udienza-generale","tag-ungheria"],"acf":[],"yoast_head":"<!-- This site is optimized with the Yoast SEO plugin v27.4 - https:\/\/yoast.com\/product\/yoast-seo-wordpress\/ -->\n<title>&quot;In Ungheria ho trovato un popolo con profonde radici cristiane&quot; &#8211; Exaudi<\/title>\n<meta name=\"robots\" content=\"index, follow, max-snippet:-1, max-image-preview:large, max-video-preview:-1\" \/>\n<link rel=\"canonical\" href=\"https:\/\/exaudi.org\/it\/in-ungheria-ho-trovato-un-popolo-con-profonde-radici-cristiane\/\" \/>\n<meta property=\"og:locale\" content=\"it_IT\" \/>\n<meta property=\"og:type\" content=\"article\" \/>\n<meta property=\"og:title\" content=\"&quot;In Ungheria ho trovato un popolo con profonde radici cristiane&quot; &#8211; Exaudi\" \/>\n<meta property=\"og:description\" content=\"il Papa ha incentrato la Sua meditazione sul Suo recente Viaggio Apostolico\" \/>\n<meta property=\"og:url\" content=\"https:\/\/exaudi.org\/it\/in-ungheria-ho-trovato-un-popolo-con-profonde-radici-cristiane\/\" \/>\n<meta property=\"og:site_name\" content=\"Exaudi\" \/>\n<meta property=\"article:publisher\" content=\"https:\/\/www.facebook.com\/ExaudiNews\" \/>\n<meta property=\"article:author\" content=\"https:\/\/www.facebook.com\/ExaudiNotizie\/\" \/>\n<meta property=\"article:published_time\" content=\"2023-05-03T14:45:36+00:00\" \/>\n<meta property=\"article:modified_time\" content=\"2023-05-04T15:03:06+00:00\" \/>\n<meta property=\"og:image\" content=\"https:\/\/exaudi.org\/wp-content\/uploads\/2023\/05\/cq5dam.web_.800.800-1.jpeg\" \/>\n\t<meta property=\"og:image:width\" content=\"800\" \/>\n\t<meta property=\"og:image:height\" content=\"533\" \/>\n\t<meta property=\"og:image:type\" content=\"image\/jpeg\" \/>\n<meta name=\"author\" content=\"Exaudi Redazione\" \/>\n<meta name=\"twitter:card\" content=\"summary_large_image\" \/>\n<meta name=\"twitter:creator\" content=\"@Exaudi_Notizie\" \/>\n<meta name=\"twitter:site\" content=\"@Exaudi_News\" \/>\n<meta name=\"twitter:label1\" content=\"Scritto da\" \/>\n\t<meta name=\"twitter:data1\" content=\"Exaudi Redazione\" \/>\n\t<meta name=\"twitter:label2\" content=\"Tempo di lettura stimato\" \/>\n\t<meta name=\"twitter:data2\" content=\"6 minuti\" \/>\n<script type=\"application\/ld+json\" class=\"yoast-schema-graph\">{\"@context\":\"https:\\\/\\\/schema.org\",\"@graph\":[{\"@type\":\"Article\",\"@id\":\"https:\\\/\\\/exaudi.org\\\/it\\\/in-ungheria-ho-trovato-un-popolo-con-profonde-radici-cristiane\\\/#article\",\"isPartOf\":{\"@id\":\"https:\\\/\\\/exaudi.org\\\/it\\\/in-ungheria-ho-trovato-un-popolo-con-profonde-radici-cristiane\\\/\"},\"author\":{\"name\":\"Exaudi Redazione\",\"@id\":\"https:\\\/\\\/exaudi.org\\\/#\\\/schema\\\/person\\\/e1ab6ed07c01774724dd96f925f3a5f0\"},\"headline\":\"&#8220;In Ungheria ho trovato un popolo con profonde radici cristiane&#8221;\",\"datePublished\":\"2023-05-03T14:45:36+00:00\",\"dateModified\":\"2023-05-04T15:03:06+00:00\",\"mainEntityOfPage\":{\"@id\":\"https:\\\/\\\/exaudi.org\\\/it\\\/in-ungheria-ho-trovato-un-popolo-con-profonde-radici-cristiane\\\/\"},\"wordCount\":1187,\"image\":{\"@id\":\"https:\\\/\\\/exaudi.org\\\/it\\\/in-ungheria-ho-trovato-un-popolo-con-profonde-radici-cristiane\\\/#primaryimage\"},\"thumbnailUrl\":\"https:\\\/\\\/exaudi.org\\\/wp-content\\\/uploads\\\/2023\\\/05\\\/cq5dam.web_.800.800-1.jpeg\",\"keywords\":[\"catechesi\",\"Featured\",\"Papa Francesco\",\"udienza generale\",\"Ungheria\"],\"articleSection\":[\"Leone XIV\",\"Udienza generale\"],\"inLanguage\":\"it-IT\"},{\"@type\":\"WebPage\",\"@id\":\"https:\\\/\\\/exaudi.org\\\/it\\\/in-ungheria-ho-trovato-un-popolo-con-profonde-radici-cristiane\\\/\",\"url\":\"https:\\\/\\\/exaudi.org\\\/it\\\/in-ungheria-ho-trovato-un-popolo-con-profonde-radici-cristiane\\\/\",\"name\":\"\\\"In Ungheria ho trovato un popolo con profonde radici cristiane\\\" &#8211; Exaudi\",\"isPartOf\":{\"@id\":\"https:\\\/\\\/exaudi.org\\\/#website\"},\"primaryImageOfPage\":{\"@id\":\"https:\\\/\\\/exaudi.org\\\/it\\\/in-ungheria-ho-trovato-un-popolo-con-profonde-radici-cristiane\\\/#primaryimage\"},\"image\":{\"@id\":\"https:\\\/\\\/exaudi.org\\\/it\\\/in-ungheria-ho-trovato-un-popolo-con-profonde-radici-cristiane\\\/#primaryimage\"},\"thumbnailUrl\":\"https:\\\/\\\/exaudi.org\\\/wp-content\\\/uploads\\\/2023\\\/05\\\/cq5dam.web_.800.800-1.jpeg\",\"datePublished\":\"2023-05-03T14:45:36+00:00\",\"dateModified\":\"2023-05-04T15:03:06+00:00\",\"author\":{\"@id\":\"https:\\\/\\\/exaudi.org\\\/#\\\/schema\\\/person\\\/e1ab6ed07c01774724dd96f925f3a5f0\"},\"breadcrumb\":{\"@id\":\"https:\\\/\\\/exaudi.org\\\/it\\\/in-ungheria-ho-trovato-un-popolo-con-profonde-radici-cristiane\\\/#breadcrumb\"},\"inLanguage\":\"it-IT\",\"potentialAction\":[{\"@type\":\"ReadAction\",\"target\":[\"https:\\\/\\\/exaudi.org\\\/it\\\/in-ungheria-ho-trovato-un-popolo-con-profonde-radici-cristiane\\\/\"]}]},{\"@type\":\"ImageObject\",\"inLanguage\":\"it-IT\",\"@id\":\"https:\\\/\\\/exaudi.org\\\/it\\\/in-ungheria-ho-trovato-un-popolo-con-profonde-radici-cristiane\\\/#primaryimage\",\"url\":\"https:\\\/\\\/exaudi.org\\\/wp-content\\\/uploads\\\/2023\\\/05\\\/cq5dam.web_.800.800-1.jpeg\",\"contentUrl\":\"https:\\\/\\\/exaudi.org\\\/wp-content\\\/uploads\\\/2023\\\/05\\\/cq5dam.web_.800.800-1.jpeg\",\"width\":800,\"height\":533,\"caption\":\"Vatican Media\"},{\"@type\":\"BreadcrumbList\",\"@id\":\"https:\\\/\\\/exaudi.org\\\/it\\\/in-ungheria-ho-trovato-un-popolo-con-profonde-radici-cristiane\\\/#breadcrumb\",\"itemListElement\":[{\"@type\":\"ListItem\",\"position\":1,\"name\":\"Portada\",\"item\":\"https:\\\/\\\/exaudi.org\\\/it\\\/\"},{\"@type\":\"ListItem\",\"position\":2,\"name\":\"&#8220;In Ungheria ho trovato un popolo con profonde radici cristiane&#8221;\"}]},{\"@type\":\"WebSite\",\"@id\":\"https:\\\/\\\/exaudi.org\\\/#website\",\"url\":\"https:\\\/\\\/exaudi.org\\\/\",\"name\":\"Exaudi\",\"description\":\"News\",\"potentialAction\":[{\"@type\":\"SearchAction\",\"target\":{\"@type\":\"EntryPoint\",\"urlTemplate\":\"https:\\\/\\\/exaudi.org\\\/?s={search_term_string}\"},\"query-input\":{\"@type\":\"PropertyValueSpecification\",\"valueRequired\":true,\"valueName\":\"search_term_string\"}}],\"inLanguage\":\"it-IT\"},{\"@type\":\"Person\",\"@id\":\"https:\\\/\\\/exaudi.org\\\/#\\\/schema\\\/person\\\/e1ab6ed07c01774724dd96f925f3a5f0\",\"name\":\"Exaudi Redazione\",\"image\":{\"@type\":\"ImageObject\",\"inLanguage\":\"it-IT\",\"@id\":\"https:\\\/\\\/secure.gravatar.com\\\/avatar\\\/ad6774b3ada023bf5b939d64f45c94b3adf91502dd883507d469b4308a943bb3?s=96&d=mm&r=g\",\"url\":\"https:\\\/\\\/secure.gravatar.com\\\/avatar\\\/ad6774b3ada023bf5b939d64f45c94b3adf91502dd883507d469b4308a943bb3?s=96&d=mm&r=g\",\"contentUrl\":\"https:\\\/\\\/secure.gravatar.com\\\/avatar\\\/ad6774b3ada023bf5b939d64f45c94b3adf91502dd883507d469b4308a943bb3?s=96&d=mm&r=g\",\"caption\":\"Exaudi Redazione\"},\"description\":\"Che cosa \u00e8 Exaudi News? Exaudi News \u00e8 un agenzia cattolica internazionale che informa, istruisce e trasforma quotidianamente in spagnolo, inglese e italiano. Attraverso notizie, articoli di analisi e trasmissioni in diretta degli eventi del Papa, Exaudi cerca di rafforzare l'unit\u00e0 dei cristiani e di contribuire all'evangelizzazione del mondo, sempre guidato dalla dottrina sociale della Chiesa. Lavoriamo per portare la verit\u00e0 e i valori cristiani in ogni angolo del pianeta. Aiutaci a trasformare il mondo con Exaudi! Noi di Exaudi crediamo che l'evangelizzazione e l'informazione di qualit\u00e0 possano cambiare la vita. Per continuare la nostra missione ed espandere la nostra portata, abbiamo bisogno del tuo aiuto. Stiamo anche cercando persone motivate che vogliano unirsi al nostro team. Grazie al vostro sostegno raggiungeremo pi\u00f9 persone, diffonderemo il messaggio di Cristo e rafforzeremo l'unit\u00e0 dei cristiani. Vuoi unirti alla nostra missione? Per maggiori informazioni su come contribuire, visita Exaudi.org\\\/it o contattaci direttamente: info@exaudi.org Exaudi: informa, forma e trasforma.\",\"sameAs\":[\"https:\\\/\\\/www.facebook.com\\\/ExaudiNotizie\\\/\",\"https:\\\/\\\/www.instagram.com\\\/Exaudi_notizie\\\/\",\"https:\\\/\\\/x.com\\\/Exaudi_Notizie\",\"https:\\\/\\\/www.youtube.com\\\/@exaudicatholicnews\"],\"url\":\"https:\\\/\\\/exaudi.org\\\/it\\\/author\\\/dlvedi-org\\\/\"}]}<\/script>\n<!-- \/ Yoast SEO plugin. -->","yoast_head_json":{"title":"\"In Ungheria ho trovato un popolo con profonde radici cristiane\" &#8211; Exaudi","robots":{"index":"index","follow":"follow","max-snippet":"max-snippet:-1","max-image-preview":"max-image-preview:large","max-video-preview":"max-video-preview:-1"},"canonical":"https:\/\/exaudi.org\/it\/in-ungheria-ho-trovato-un-popolo-con-profonde-radici-cristiane\/","og_locale":"it_IT","og_type":"article","og_title":"\"In Ungheria ho trovato un popolo con profonde radici cristiane\" &#8211; Exaudi","og_description":"il Papa ha incentrato la Sua meditazione sul Suo recente Viaggio Apostolico","og_url":"https:\/\/exaudi.org\/it\/in-ungheria-ho-trovato-un-popolo-con-profonde-radici-cristiane\/","og_site_name":"Exaudi","article_publisher":"https:\/\/www.facebook.com\/ExaudiNews","article_author":"https:\/\/www.facebook.com\/ExaudiNotizie\/","article_published_time":"2023-05-03T14:45:36+00:00","article_modified_time":"2023-05-04T15:03:06+00:00","og_image":[{"width":800,"height":533,"url":"https:\/\/exaudi.org\/wp-content\/uploads\/2023\/05\/cq5dam.web_.800.800-1.jpeg","type":"image\/jpeg"}],"author":"Exaudi Redazione","twitter_card":"summary_large_image","twitter_creator":"@Exaudi_Notizie","twitter_site":"@Exaudi_News","twitter_misc":{"Scritto da":"Exaudi Redazione","Tempo di lettura stimato":"6 minuti"},"schema":{"@context":"https:\/\/schema.org","@graph":[{"@type":"Article","@id":"https:\/\/exaudi.org\/it\/in-ungheria-ho-trovato-un-popolo-con-profonde-radici-cristiane\/#article","isPartOf":{"@id":"https:\/\/exaudi.org\/it\/in-ungheria-ho-trovato-un-popolo-con-profonde-radici-cristiane\/"},"author":{"name":"Exaudi Redazione","@id":"https:\/\/exaudi.org\/#\/schema\/person\/e1ab6ed07c01774724dd96f925f3a5f0"},"headline":"&#8220;In Ungheria ho trovato un popolo con profonde radici cristiane&#8221;","datePublished":"2023-05-03T14:45:36+00:00","dateModified":"2023-05-04T15:03:06+00:00","mainEntityOfPage":{"@id":"https:\/\/exaudi.org\/it\/in-ungheria-ho-trovato-un-popolo-con-profonde-radici-cristiane\/"},"wordCount":1187,"image":{"@id":"https:\/\/exaudi.org\/it\/in-ungheria-ho-trovato-un-popolo-con-profonde-radici-cristiane\/#primaryimage"},"thumbnailUrl":"https:\/\/exaudi.org\/wp-content\/uploads\/2023\/05\/cq5dam.web_.800.800-1.jpeg","keywords":["catechesi","Featured","Papa Francesco","udienza generale","Ungheria"],"articleSection":["Leone XIV","Udienza generale"],"inLanguage":"it-IT"},{"@type":"WebPage","@id":"https:\/\/exaudi.org\/it\/in-ungheria-ho-trovato-un-popolo-con-profonde-radici-cristiane\/","url":"https:\/\/exaudi.org\/it\/in-ungheria-ho-trovato-un-popolo-con-profonde-radici-cristiane\/","name":"\"In Ungheria ho trovato un popolo con profonde radici cristiane\" &#8211; Exaudi","isPartOf":{"@id":"https:\/\/exaudi.org\/#website"},"primaryImageOfPage":{"@id":"https:\/\/exaudi.org\/it\/in-ungheria-ho-trovato-un-popolo-con-profonde-radici-cristiane\/#primaryimage"},"image":{"@id":"https:\/\/exaudi.org\/it\/in-ungheria-ho-trovato-un-popolo-con-profonde-radici-cristiane\/#primaryimage"},"thumbnailUrl":"https:\/\/exaudi.org\/wp-content\/uploads\/2023\/05\/cq5dam.web_.800.800-1.jpeg","datePublished":"2023-05-03T14:45:36+00:00","dateModified":"2023-05-04T15:03:06+00:00","author":{"@id":"https:\/\/exaudi.org\/#\/schema\/person\/e1ab6ed07c01774724dd96f925f3a5f0"},"breadcrumb":{"@id":"https:\/\/exaudi.org\/it\/in-ungheria-ho-trovato-un-popolo-con-profonde-radici-cristiane\/#breadcrumb"},"inLanguage":"it-IT","potentialAction":[{"@type":"ReadAction","target":["https:\/\/exaudi.org\/it\/in-ungheria-ho-trovato-un-popolo-con-profonde-radici-cristiane\/"]}]},{"@type":"ImageObject","inLanguage":"it-IT","@id":"https:\/\/exaudi.org\/it\/in-ungheria-ho-trovato-un-popolo-con-profonde-radici-cristiane\/#primaryimage","url":"https:\/\/exaudi.org\/wp-content\/uploads\/2023\/05\/cq5dam.web_.800.800-1.jpeg","contentUrl":"https:\/\/exaudi.org\/wp-content\/uploads\/2023\/05\/cq5dam.web_.800.800-1.jpeg","width":800,"height":533,"caption":"Vatican Media"},{"@type":"BreadcrumbList","@id":"https:\/\/exaudi.org\/it\/in-ungheria-ho-trovato-un-popolo-con-profonde-radici-cristiane\/#breadcrumb","itemListElement":[{"@type":"ListItem","position":1,"name":"Portada","item":"https:\/\/exaudi.org\/it\/"},{"@type":"ListItem","position":2,"name":"&#8220;In Ungheria ho trovato un popolo con profonde radici cristiane&#8221;"}]},{"@type":"WebSite","@id":"https:\/\/exaudi.org\/#website","url":"https:\/\/exaudi.org\/","name":"Exaudi","description":"News","potentialAction":[{"@type":"SearchAction","target":{"@type":"EntryPoint","urlTemplate":"https:\/\/exaudi.org\/?s={search_term_string}"},"query-input":{"@type":"PropertyValueSpecification","valueRequired":true,"valueName":"search_term_string"}}],"inLanguage":"it-IT"},{"@type":"Person","@id":"https:\/\/exaudi.org\/#\/schema\/person\/e1ab6ed07c01774724dd96f925f3a5f0","name":"Exaudi Redazione","image":{"@type":"ImageObject","inLanguage":"it-IT","@id":"https:\/\/secure.gravatar.com\/avatar\/ad6774b3ada023bf5b939d64f45c94b3adf91502dd883507d469b4308a943bb3?s=96&d=mm&r=g","url":"https:\/\/secure.gravatar.com\/avatar\/ad6774b3ada023bf5b939d64f45c94b3adf91502dd883507d469b4308a943bb3?s=96&d=mm&r=g","contentUrl":"https:\/\/secure.gravatar.com\/avatar\/ad6774b3ada023bf5b939d64f45c94b3adf91502dd883507d469b4308a943bb3?s=96&d=mm&r=g","caption":"Exaudi Redazione"},"description":"Che cosa \u00e8 Exaudi News? Exaudi News \u00e8 un agenzia cattolica internazionale che informa, istruisce e trasforma quotidianamente in spagnolo, inglese e italiano. Attraverso notizie, articoli di analisi e trasmissioni in diretta degli eventi del Papa, Exaudi cerca di rafforzare l'unit\u00e0 dei cristiani e di contribuire all'evangelizzazione del mondo, sempre guidato dalla dottrina sociale della Chiesa. Lavoriamo per portare la verit\u00e0 e i valori cristiani in ogni angolo del pianeta. Aiutaci a trasformare il mondo con Exaudi! Noi di Exaudi crediamo che l'evangelizzazione e l'informazione di qualit\u00e0 possano cambiare la vita. Per continuare la nostra missione ed espandere la nostra portata, abbiamo bisogno del tuo aiuto. Stiamo anche cercando persone motivate che vogliano unirsi al nostro team. Grazie al vostro sostegno raggiungeremo pi\u00f9 persone, diffonderemo il messaggio di Cristo e rafforzeremo l'unit\u00e0 dei cristiani. Vuoi unirti alla nostra missione? Per maggiori informazioni su come contribuire, visita Exaudi.org\/it o contattaci direttamente: info@exaudi.org Exaudi: informa, forma e trasforma.","sameAs":["https:\/\/www.facebook.com\/ExaudiNotizie\/","https:\/\/www.instagram.com\/Exaudi_notizie\/","https:\/\/x.com\/Exaudi_Notizie","https:\/\/www.youtube.com\/@exaudicatholicnews"],"url":"https:\/\/exaudi.org\/it\/author\/dlvedi-org\/"}]}},"jetpack_featured_media_url":"https:\/\/exaudi.org\/wp-content\/uploads\/2023\/05\/cq5dam.web_.800.800-1.jpeg","jetpack_shortlink":"https:\/\/wp.me\/pgKjF2-jD0","_links":{"self":[{"href":"https:\/\/exaudi.org\/it\/wp-json\/wp\/v2\/posts\/75454","targetHints":{"allow":["GET"]}}],"collection":[{"href":"https:\/\/exaudi.org\/it\/wp-json\/wp\/v2\/posts"}],"about":[{"href":"https:\/\/exaudi.org\/it\/wp-json\/wp\/v2\/types\/post"}],"author":[{"embeddable":true,"href":"https:\/\/exaudi.org\/it\/wp-json\/wp\/v2\/users\/17"}],"replies":[{"embeddable":true,"href":"https:\/\/exaudi.org\/it\/wp-json\/wp\/v2\/comments?post=75454"}],"version-history":[{"count":0,"href":"https:\/\/exaudi.org\/it\/wp-json\/wp\/v2\/posts\/75454\/revisions"}],"wp:featuredmedia":[{"embeddable":true,"href":"https:\/\/exaudi.org\/it\/wp-json\/wp\/v2\/media\/75459"}],"wp:attachment":[{"href":"https:\/\/exaudi.org\/it\/wp-json\/wp\/v2\/media?parent=75454"}],"wp:term":[{"taxonomy":"category","embeddable":true,"href":"https:\/\/exaudi.org\/it\/wp-json\/wp\/v2\/categories?post=75454"},{"taxonomy":"post_tag","embeddable":true,"href":"https:\/\/exaudi.org\/it\/wp-json\/wp\/v2\/tags?post=75454"}],"curies":[{"name":"wp","href":"https:\/\/api.w.org\/{rel}","templated":true}]}}