{"id":75371,"date":"2023-05-02T17:38:40","date_gmt":"2023-05-02T15:38:40","guid":{"rendered":"https:\/\/exaudi.org\/?p=75371"},"modified":"2023-05-02T17:38:40","modified_gmt":"2023-05-02T15:38:40","slug":"presentazione-della-mostra-fotografica-womens-cry","status":"publish","type":"post","link":"https:\/\/exaudi.org\/it\/presentazione-della-mostra-fotografica-womens-cry\/","title":{"rendered":"Presentazione della mostra fotografica \u201cWomen\u2019s Cry\u201d"},"content":{"rendered":"<p>Alle ore 11.00 di questa mattina, ha avuto luogo in diretta streaming dalla Sala Stampa della Santa Sede la Conferenza Stampa di presentazione della mostra fotografica \u201cWomen\u2019s Cry\u201d, che verr\u00e0 ospitata nel mese di maggio nel colonnato di sinistra di Piazza San Pietro, in Vaticano.<\/p>\n<p>Sono intervenuti: il Dott. Paolo Ruffini, Prefetto del Dicastero per la Comunicazione della Santa Sede; la Dott.ssa Maria Lia Zervino, Presidente Generale dell\u2019Unione Mondiale delle Organizzazioni Femminili Cattoliche UMOFC-WUCWO; e la Dott.ssa Lia Giovanazzi Beltrami, regista, produttrice, art director, ideatrice e curatrice della mostra fotografica \u201cWomen\u2019s Cry\u201d.<\/p>\n<p>Ne riportiamo di seguito gli interventi:<\/p>\n<p><iframe loading=\"lazy\" title=\"Conferenza Stampa di presentazione della mostra fotografica \u201cWomen\u2019s Cry\u201d\" width=\"500\" height=\"281\" src=\"https:\/\/www.youtube.com\/embed\/msNkaHlNdkE?feature=oembed\" frameborder=\"0\" allow=\"accelerometer; autoplay; clipboard-write; encrypted-media; gyroscope; picture-in-picture; web-share\" referrerpolicy=\"strict-origin-when-cross-origin\" allowfullscreen><\/iframe><\/p>\n<p><b><u>Intervento del Dott. Paolo Ruffini<\/u><\/b><\/p>\n<p>Buon giorno, e grazie di essere qui.<\/p>\n<p>La mostra che presentiamo oggi, con Lia Zervino e l\u2019Unione Mondiale delle Organizzazioni Femminili Cattoliche, \u00e8 essa stessa (come il suo titolo) un grido contro l\u2019indifferenza.<\/p>\n<p>Nasce da un\u2019idea e con la direzione artistica di Lia e Marianna Beltrami, per l\u2019Osservatorio Mondiale delle Donne \u2013 UMOFC WUCWO, con la collaborazione del Dicastero per la Comunicazione della Santa Sede.<\/p>\n<p>L\u2019agenzia\u00a0<i>HandShake,<\/i>\u00a0ne ha reso possibile la realizzazione.<\/p>\n<p>La prima esposizione della mostra si terr\u00e0 nel colonnato di sinistra di Piazza San Pietro. Da oggi (la inaugureremo tra poco) al 29 maggio.<\/p>\n<p>Otto fotografe e fotografi di diverse parti del mondo. Ventisei scatti che ci dicono un solo messaggio. Riscopriamoci sorelle e fratelli tutti, parte di uno stesso destino.<\/p>\n<p>Perch\u00e9 il Dicastero per la Comunicazione? Mi potreste domandare.<\/p>\n<p>La risposta \u00e8 nel dovere di ogni comunicatore di usare tutti i linguaggi per essere ascoltato.<\/p>\n<p>Le foto a volte riescono a guardarci dentro, ad aprire a noi stessi gli occhi del nostro cuore, a trasformarci svelandoci il segreto del vedere oltre l\u2019apparenza.<\/p>\n<p>Il loro \u00e8 un grido silenzioso che squarcia l\u2019apatia. Che coglie la sofferenza, e la fa urlare. Che svela la bellezza. E la fa rinascere.<\/p>\n<p>Sono testimonianza oculare di una sofferenza e di un riscatto possibile.<\/p>\n<p>Il grido delle donne che esse ritraggono merita di essere ascoltato.<\/p>\n<p>Ci chiede di guardare il mondo con i loro occhi. E di guardare anche dentro noi stessi.<\/p>\n<p>Donne e uomini di comunicazione ci domandiamo tutti, spesso, come sia possibile non vedere; passare incuranti accanto alla bellezza, e accanto al dolore, senza esserne toccati; accanto alla verit\u00e0 e alla menzogna quasi senza pi\u00f9 la capacit\u00e0 di distinguerle.<\/p>\n<p>Eppure \u00e8 la comunicazione che nutre i nostri pensieri, i nostri sguardi.<\/p>\n<p>Per questo occorre trovare con creativit\u00e0 il modo di riprendere in mano il nostro destino. Il modo per ripetere e fare nostre, e non dimenticare queste parole della\u00a0<i>Fratelli tutti<\/i>: \u00abdoppiamente povere sono le donne che soffrono situazioni di esclusione, maltrattamento e violenza, perch\u00e9 spesso si trovano con minori possibilit\u00e0 di difendere i loro diritti\u00bb.<\/p>\n<p>Il modo per non rimuovere la consapevolezza &#8211; sono ancora parole del Papa nella\u00a0<i>Fratelli tutti<\/i>\u00a0&#8211; che \u201cancora oggi milioni di persone \u2013 bambini, uomini e donne di ogni et\u00e0 \u2013 vengono private della libert\u00e0 e costrette a vivere in condizioni assimilabili a quelle della schiavit\u00f9. [\u2026]\u201d. Che ancora \u201coggi come ieri, alla radice della schiavit\u00f9 si trova una concezione della persona umana che ammette la possibilit\u00e0 di trattarla come un oggetto. [\u2026]\u201d.<\/p>\n<p>Una strada diversa c\u2019\u00e8, ci sarebbe. Ma ha bisogno di esser vista.<\/p>\n<p>Come ha scritto Papa Francesco nel Messaggio nella Giornata mondiale per le Comunicazioni Sociali del 2020,\u00a0<i>noi siamo intessuti di ci\u00f2 che vediamo, di ci\u00f2 che ascoltiamo, di ci\u00f2 che raccontiamo con le parole e con le immagini<\/i>.<\/p>\n<p>Ma corriamo anche il rischio di aver consumato e logorato tutto, parole e immagini.<\/p>\n<p>Viviamo un paradosso. Sappiamo tutto, o quasi. E non sappiamo nulla. Vediamo tutto, o quasi. E non vediamo nulla.<\/p>\n<p>Come ha scritto il Cardinale Martini nella sua Lettera pastorale\u00a0<i>Effat\u00e0<\/i>\u00a0di fronte alla nuova Babele del nostro tempo, ci troviamo a domandarci: \u00e8 ancora possibile incontrarsi? Inserire in una civilt\u00e0 confusa luoghi e modi di incontro autentico? \u00c8 possibile comunicare oggi nella famiglia, nella societ\u00e0, nella Chiesa, nel rapporto interpersonale? Come essere presenti nel mondo dei mass-media senza essere travolti da fiumi di parole e da un mare di immagini? Come educarsi al comunicare autentico anche in una civilt\u00e0 di massa e di comunicazioni di massa?<\/p>\n<p>Le immagini che compongono la mostra \u201cIl grido delle donne\u201d hanno la forza, il potere di costringerci a fermarci, a vedere. Di stupirci e di imprimere un dinamismo. Non sono statiche. Non congelano l\u2019istante. Reclamano un cambiamento, innanzitutto in chi le guarda. Mettono in moto qualcosa che non si ferma. E che \u00e8 sicuramente diverso per ciascun visitatore, per ogni sguardo. Esse ci interrogano. Non offrono risposte. Ma ci mettono davanti alla nostra cecit\u00e0. Lacerano la corazza di ipocrisia che ci avvolge. Ci lasciano senza parole, ma cambiati. Davvero fratelli e sorelle tutti. Capaci di vedere con il cuore.<\/p>\n<p>\u201cGuardare\u201d \u2013 ripete il Papa &#8211; \u201cnon \u00e8 solo vedere, \u00e8 di pi\u00f9, comporta anche l\u2019intenzione, la volont\u00e0. La compassione del patire con, del condividere. Per questo \u00e8 uno dei verbi dell\u2019amore\u201d.<\/p>\n<p>Questo ci insegna il grido delle donne. Saper vedere il bene, per farlo crescere. Saper vedere il male per non rimanerne prigionieri, per riscattarlo.<\/p>\n<p>Mi \u00e8 capitato altre volte di citare, a questo proposito, un passaggio bellissimo e struggente di Italo Calvino ne\u00a0<i>Le citt\u00e0 invisibili<\/i>. \u00abL&#8217;inferno dei viventi non \u00e8 qualcosa che sar\u00e0; se ce n\u2019\u00e8 uno, \u00e8 quello che \u00e8 gi\u00e0 qui, l\u2019inferno che abitiamo tutti i giorni, che formiamo stando insieme. Due modi ci sono per non soffrirne. Il primo riesce facile a molti: accettare l&#8217;inferno e diventarne parte fino al punto di non vederlo pi\u00f9. Il secondo \u00e8 rischioso ed esige attenzione e apprendimento continui: cercare e saper riconoscere chi e cosa, in mezzo all&#8217;inferno, non \u00e8 inferno, e farlo durare, e dargli lo spazio\u00bb.<\/p>\n<p>Questo compito tocca anche agli artisti e alla loro arte.<\/p>\n<p>Ha scritto Asaf Ud Daula, uno dei fotografi che rende questa mostra unica: \u201cIl mio scopo essenziale \u00e8 catturare i momenti della vita e dare loro un significato rendendoli statici nel tempo. Una foto esiste indipendentemente dal tempo e dallo spazio; \u00e8 immune al tempo che passa. Di conseguenza, una foto cattura la bellezza che si trova in un singolo momento e con essa ne cattura la meraviglia\u201d.<\/p>\n<p>E cos\u00ec anche Silvia Tenenti, che racconta: \u201cSono partita dalle difficolt\u00e0 del vivere dal punto di vista ambientale e climatico per raccontare azioni di vita quotidiane. Protagonisti sono quindi luoghi e donne ai margini, che vivono nella depressione desertica della Dancalia etiopica, nell\u2019inaccessibile isola di Socotra (Yemen), sui remoti altipiani della Mongolia occidentale, ai confini con la Siberia. Il mio \u00e8 un messaggio per soffermarsi a riflettere sulla condizione femminile, sugli squilibri e sulle disgregazioni che anche nelle societ\u00e0 del benessere diffuso e non solo in quelle estreme, rendono ancora difficile l\u2019affermazione sociale delle donne\u00bb.<\/p>\n<p>Gli artisti sanno come rompere gli schemi, vincere gli stereotipi. La loro creativit\u00e0 ci scruta, sa come smuovere qualcosa nel profondo, dentro di noi. Dicendoci:\u00a0<i>ma tu cosa vedi, cosa vedi ora in questa foto, e cosa non vedi nella tua vita?<\/i><\/p>\n<p>Queste foto ci mostrano un cammino, e con le parole di Papa Francesco ci domandano se stiamo camminando nella speranza o nella rassegnazione; ci mostrano la fragilit\u00e0 per chiederci di cosa ci prendiamo cura; ci mostrano le diversit\u00e0 religiose e culturali per chiedere a Dio di prepararci all\u2019incontro con gli altri; ci commuovono con il miracolo della vita nascente per dirci che la vita sussiste dove c\u2019\u00e8 legame, comunione fratellanza.<\/p>\n<p>Guardare queste foto \u2013 rileggere le frasi della\u00a0<i>Fratelli tutti<\/i>\u00a0che le accompagnano &#8211; ci aiuter\u00e0 a riscoprire come siamo fragili, eppure grandi. Come siamo diversi, eppure uguali. Apparentemente lontani eppure uniti da un unico destino. Fratelli e sorelle tutti.<\/p>\n<p>[00706-IT.01] [Testo originale: Italiano]<\/p>\n<p><a name=\"zervino\"><\/a><b><u>Intervento della Dott.ssa Maria Lia Zervino<\/u><\/b><\/p>\n<p>Forse si potrebbe dire che Ges\u00f9 ha avuto una certa predilezione per le donne, non solo per sua Mamma, ma anche per la Samaritana, la peccatrice, la vedova di Naim, Maria Maddalena&#8230;. Allora, com\u2019\u00e8 possibile che tante donne nel mondo di oggi sperimentino che la Chiesa non le ama, non sta dalla loro parte come ha fatto Ges\u00f9?<\/p>\n<p>Quel che \u00e8 certo \u00e8 che questa mostra, negli abbracci aperti del colonnato di Piazza San Pietro, \u00e8 un segno di come la Chiesa oggi voglia abbracciare tutte le donne del mondo, credenti e non, e dare loro visibilit\u00e0, per trasformare, migliorare la loro vita, quella delle loro famiglie, quella dei loro popoli.<\/p>\n<p>L&#8217;<i>Osservatorio Mondiale delle Donne<\/i>\u00a0dell\u2019Unione Mondiale delle Organizzazioni Femminili Cattoliche (UWCWO) cerca di dare visibilit\u00e0 alle donne che, per molti, sono invisibili. E nella mostra \u201cWomen&#8217;s Cry\u201d lo fa attraverso la bellezza, grazie a Lia e Marianna Beltrami e ad altri 8 artisti, i fotografi. La bellezza non bussa alla porta per entrare in noi, ma il suo messaggio irrompe direttamente quando \u00e8 un\u2019opera d\u2019arte, come in questo caso.<\/p>\n<p>Camminando insieme al Dicastero per la Comunicazione, abbiamo capito che queste 26 istantanee di donne, provenienti da diverse periferie del pianeta, con le loro azioni e la loro resilienza, mostrano, come in uno specchio, frasi di\u00a0<i>Fratelli tutti<\/i>, di Papa Francesco. Quindi, magari \u201cWomen\u2019s Cry\u201d possa generare in ognuno di noi una sinergia trasformatrice, che abbia come orizzonte la fraternit\u00e0 umana.<\/p>\n<p>Ringrazio la nostra\u00a0<i>partnership<\/i>\u00a0\u201c<i>Handshake\u201d<\/i>, senza il cui sostegno non avremmo potuto fare la mostra e anche tutti giornalisti partecipanti.<\/p>\n<p>[00707-IT.01] [Testo originale: Italiano]<\/p>\n<p><a name=\"beltrami\"><\/a><b><u>Intervento della Dott.ssa Lia Giovanazzi Beltrami<\/u><\/b><\/p>\n<p>L\u2019dea della mostra \u201cWomen&#8217;s Cry\u201d nasce nell\u2019ambito di \u201cEmotions to Generate Change\u201d, il luogo-non-luogo dove l\u2019arte tocca le emozioni pi\u00f9 profonde e porta a un cambiamento personale e sociale.<\/p>\n<p>In un mondo segnato dalle divisioni profonde, l\u2019arte pu\u00f2 offrire uno spazio aperto, una casa comune dove fare sintesi, dove ritrovarsi come umanit\u00e0 unita e in armonia.<\/p>\n<p>Parlando di donne, la frattura si fa ancora pi\u00f9 profonda, ed \u00e8 per questo che abbiamo affidato alla fotografia il compito di creare una nuova armonia.<\/p>\n<p>Con l\u2019<i>Osservatorio Mondiale delle Donne<\/i>, siamo partite per cercare gli scatti giusti, abbiamo incontrato molte delle donne ritratte e abbiamo provato a raccontare la loro storia, dall\u2019Amazzonia al Bangladesh, dalla Turchia al Togo, dalla Grecia al confine ucraino.<\/p>\n<p>Ogni inquadratura racconta s\u00ec un dramma, ma porta dentro una profonda speranza.<\/p>\n<p>8 fotografe e fotografi hanno realizzato 26 scatti, dove ogni immagine ci porta in un mondo di donne forti e fragili, che portano pesi enormi, ma che ci raccontano la bellezza.<\/p>\n<p>La mostra \u00e8 frutto di un lungo viaggio nel mondo che Marianna e io abbiamo percorso per interpretare lo sguardo del\u00a0<i>Women\u2019s Observatory<\/i>\u00a0e di Maria Lia Zervino.<\/p>\n<p>Fondamentale il rapporto con il Dicastero per la Comunicazione, in particolare con il Prefetto Paolo Ruffini, perch\u00e9 questa non vuole essere una mostra \u201csolo\u201d artistica, ma vuole essere al servizio della comunicazione.<\/p>\n<p>Il ringraziamento a\u00a0<i>Handshake<\/i>, qui con la Presidente Petra Dizdar, non \u00e8 formale: abbiamo camminato insieme nell\u2019ultimo anno e mezzo, portando l\u2019arte della fotografia e il messaggio profondo nel mondo. Come sentirete, continueremo a farlo insieme. Ringrazio anche la Provincia di Trento che ha donato tutti i supporti e ha fatto l\u2019allestimento.<\/p>\n<p>Ora vi presentiamo le fotografe e i fotografi, alcuni famosi nel mondo, altri viaggiatori dello spirito.<\/p>\n<p>Avete visto senz\u2019altro la grande foto sulle colonne di piazza San Pietro, le donne vietnamite che riparano le reti. \u00c8 della coraggiosa fotografa turca Ne\u0219e Ari, che sar\u00e0 con noi negli eventi della settimana prossima.<\/p>\n<p>Il poster presenta il grido delle donne in Togo, di Sebastiano Rossitto. Dal Bangladesh Asaf Ud Daula, premiato da\u00a0<i>Forbes<\/i>\u00a0come miglior fotografo green al mondo (dopo essere stato scoperto per il padiglione Santa Sede a Milano Expo 2015). Luca Catalano Gonzaga, qui presente in sala, pluri premiato a livello mondiale. Vassilis Ikoutas, da Rodi che ci raggiunger\u00e0 per il taglio del nastro. Ferran Paredes Rubio, direttore della fotografia catalano. Giuseppe Caridi, qui presente in sala, viaggiatore dello spirito, ha toccato quasi tutti i Paesi del mondo. Caterina Borgato, esploratrice, sempre attenta all\u2019umanit\u00e0 e al mondo delle donne sconosciute, e la grande fotografa Silvia Tenenti. Le grafiche sono di Mauro Radici e la musica del video di Alberto Beltrami, sempre compagno di spedizione.<\/p>\n<p>Ogni foto che vedrete racconta una storia profonda. Vedrete delle ragazzine che ballano in mezzo a una violenta favela del Brasile. Fanno parte dello spettacolo\u00a0<i>Laudato si\u2019<\/i>, Lo spazio della vita sulla terra. Saranno qui il 24 maggio, a ballare tra le foto della mostra, spiegando il progetto di riscatto. Porteranno al Papa il copricapo blu, che vedrete nella foto di Maria Ausiliadora, fatto dalle donne indigene dell\u2019Amazzonia in ringraziamento per la sua vicinanza indispensabile alla sopravvivenza.<\/p>\n<p>Perch\u00e9 l\u2019arte diventa ancora pi\u00f9 bella quando crea un impatto sociale, quando le emozioni generano il cambiamento.<\/p>\n<p>&nbsp;<\/p>\n<p>&nbsp;<\/p>\n<p>&nbsp;<\/p>\n<p>&nbsp;<\/p>\n<p>&nbsp;<\/p>\n<p>&nbsp;<\/p>\n<p>&nbsp;<\/p>\n<p>&nbsp;<\/p>\n<p>&nbsp;<\/p>\n<p>&nbsp;<\/p>\n<p>&nbsp;<\/p>\n<p>&nbsp;<\/p>\n<p>&nbsp;<\/p>\n<p>&nbsp;<\/p>\n<p>&nbsp;<\/p>\n<p>&nbsp;<\/p>\n<p>&nbsp;<\/p>\n<p>&nbsp;<\/p>\n<p>&nbsp;<\/p>\n<p>&nbsp;<\/p>\n<p>&nbsp;<\/p>\n<p>&nbsp;<\/p>\n<p>&nbsp;<\/p>\n<p>&nbsp;<\/p>\n<p>&nbsp;<\/p>\n<p>&nbsp;<\/p>\n<p>&nbsp;<\/p>\n<p>&nbsp;<\/p>\n<p>&nbsp;<\/p>\n<p>&nbsp;<\/p>\n","protected":false},"excerpt":{"rendered":"<p>Sono intervenuti: Dott. Paolo Ruffini, Dott.ssa Maria Lia Zervino e Dott.ssa Lia Giovanazzi Beltrami<\/p>\n","protected":false},"author":17,"featured_media":75372,"comment_status":"closed","ping_status":"closed","sticky":false,"template":"","format":"standard","meta":{"_acf_changed":false,"_crdt_document":"","inline_featured_image":false,"footnotes":""},"categories":[131],"tags":[8637,266],"class_list":["post-75371","post","type-post","status-publish","format-standard","has-post-thumbnail","hentry","category-vaticano","tag-mostra-fotografica","tag-vaticano"],"acf":[],"yoast_head":"<!-- This site is optimized with the Yoast SEO plugin v27.4 - https:\/\/yoast.com\/product\/yoast-seo-wordpress\/ -->\n<title>Presentazione della mostra fotografica \u201cWomen\u2019s Cry\u201d &#8211; Exaudi<\/title>\n<meta name=\"robots\" content=\"index, follow, max-snippet:-1, max-image-preview:large, max-video-preview:-1\" \/>\n<link rel=\"canonical\" href=\"https:\/\/exaudi.org\/it\/presentazione-della-mostra-fotografica-womens-cry\/\" \/>\n<meta property=\"og:locale\" content=\"it_IT\" \/>\n<meta property=\"og:type\" content=\"article\" \/>\n<meta property=\"og:title\" content=\"Presentazione della mostra fotografica \u201cWomen\u2019s Cry\u201d &#8211; Exaudi\" \/>\n<meta property=\"og:description\" content=\"Sono intervenuti: Dott. Paolo Ruffini, Dott.ssa Maria Lia Zervino e Dott.ssa Lia Giovanazzi Beltrami\" \/>\n<meta property=\"og:url\" content=\"https:\/\/exaudi.org\/it\/presentazione-della-mostra-fotografica-womens-cry\/\" \/>\n<meta property=\"og:site_name\" content=\"Exaudi\" \/>\n<meta property=\"article:publisher\" content=\"https:\/\/www.facebook.com\/ExaudiNews\" \/>\n<meta property=\"article:author\" content=\"https:\/\/www.facebook.com\/ExaudiNotizie\/\" \/>\n<meta property=\"article:published_time\" content=\"2023-05-02T15:38:40+00:00\" \/>\n<meta property=\"og:image\" content=\"https:\/\/exaudi.org\/wp-content\/uploads\/2023\/05\/thumbnail_IMG_20230502_103146.jpg\" \/>\n\t<meta property=\"og:image:width\" content=\"1280\" \/>\n\t<meta property=\"og:image:height\" content=\"658\" \/>\n\t<meta property=\"og:image:type\" content=\"image\/jpeg\" \/>\n<meta name=\"author\" content=\"Exaudi Redazione\" \/>\n<meta name=\"twitter:card\" content=\"summary_large_image\" \/>\n<meta name=\"twitter:creator\" content=\"@Exaudi_Notizie\" \/>\n<meta name=\"twitter:site\" content=\"@Exaudi_News\" \/>\n<meta name=\"twitter:label1\" content=\"Scritto da\" \/>\n\t<meta name=\"twitter:data1\" content=\"Exaudi Redazione\" \/>\n\t<meta name=\"twitter:label2\" content=\"Tempo di lettura stimato\" \/>\n\t<meta name=\"twitter:data2\" content=\"10 minuti\" \/>\n<script type=\"application\/ld+json\" class=\"yoast-schema-graph\">{\"@context\":\"https:\\\/\\\/schema.org\",\"@graph\":[{\"@type\":\"Article\",\"@id\":\"https:\\\/\\\/exaudi.org\\\/it\\\/presentazione-della-mostra-fotografica-womens-cry\\\/#article\",\"isPartOf\":{\"@id\":\"https:\\\/\\\/exaudi.org\\\/it\\\/presentazione-della-mostra-fotografica-womens-cry\\\/\"},\"author\":{\"name\":\"Exaudi Redazione\",\"@id\":\"https:\\\/\\\/exaudi.org\\\/#\\\/schema\\\/person\\\/e1ab6ed07c01774724dd96f925f3a5f0\"},\"headline\":\"Presentazione della mostra fotografica \u201cWomen\u2019s Cry\u201d\",\"datePublished\":\"2023-05-02T15:38:40+00:00\",\"mainEntityOfPage\":{\"@id\":\"https:\\\/\\\/exaudi.org\\\/it\\\/presentazione-della-mostra-fotografica-womens-cry\\\/\"},\"wordCount\":2148,\"image\":{\"@id\":\"https:\\\/\\\/exaudi.org\\\/it\\\/presentazione-della-mostra-fotografica-womens-cry\\\/#primaryimage\"},\"thumbnailUrl\":\"https:\\\/\\\/exaudi.org\\\/wp-content\\\/uploads\\\/2023\\\/05\\\/thumbnail_IMG_20230502_103146.jpg\",\"keywords\":[\"Mostra fotografica\",\"Vaticano\"],\"articleSection\":[\"Vaticano\"],\"inLanguage\":\"it-IT\"},{\"@type\":\"WebPage\",\"@id\":\"https:\\\/\\\/exaudi.org\\\/it\\\/presentazione-della-mostra-fotografica-womens-cry\\\/\",\"url\":\"https:\\\/\\\/exaudi.org\\\/it\\\/presentazione-della-mostra-fotografica-womens-cry\\\/\",\"name\":\"Presentazione della mostra fotografica \u201cWomen\u2019s Cry\u201d &#8211; Exaudi\",\"isPartOf\":{\"@id\":\"https:\\\/\\\/exaudi.org\\\/#website\"},\"primaryImageOfPage\":{\"@id\":\"https:\\\/\\\/exaudi.org\\\/it\\\/presentazione-della-mostra-fotografica-womens-cry\\\/#primaryimage\"},\"image\":{\"@id\":\"https:\\\/\\\/exaudi.org\\\/it\\\/presentazione-della-mostra-fotografica-womens-cry\\\/#primaryimage\"},\"thumbnailUrl\":\"https:\\\/\\\/exaudi.org\\\/wp-content\\\/uploads\\\/2023\\\/05\\\/thumbnail_IMG_20230502_103146.jpg\",\"datePublished\":\"2023-05-02T15:38:40+00:00\",\"author\":{\"@id\":\"https:\\\/\\\/exaudi.org\\\/#\\\/schema\\\/person\\\/e1ab6ed07c01774724dd96f925f3a5f0\"},\"breadcrumb\":{\"@id\":\"https:\\\/\\\/exaudi.org\\\/it\\\/presentazione-della-mostra-fotografica-womens-cry\\\/#breadcrumb\"},\"inLanguage\":\"it-IT\",\"potentialAction\":[{\"@type\":\"ReadAction\",\"target\":[\"https:\\\/\\\/exaudi.org\\\/it\\\/presentazione-della-mostra-fotografica-womens-cry\\\/\"]}]},{\"@type\":\"ImageObject\",\"inLanguage\":\"it-IT\",\"@id\":\"https:\\\/\\\/exaudi.org\\\/it\\\/presentazione-della-mostra-fotografica-womens-cry\\\/#primaryimage\",\"url\":\"https:\\\/\\\/exaudi.org\\\/wp-content\\\/uploads\\\/2023\\\/05\\\/thumbnail_IMG_20230502_103146.jpg\",\"contentUrl\":\"https:\\\/\\\/exaudi.org\\\/wp-content\\\/uploads\\\/2023\\\/05\\\/thumbnail_IMG_20230502_103146.jpg\",\"width\":1280,\"height\":658},{\"@type\":\"BreadcrumbList\",\"@id\":\"https:\\\/\\\/exaudi.org\\\/it\\\/presentazione-della-mostra-fotografica-womens-cry\\\/#breadcrumb\",\"itemListElement\":[{\"@type\":\"ListItem\",\"position\":1,\"name\":\"Portada\",\"item\":\"https:\\\/\\\/exaudi.org\\\/it\\\/\"},{\"@type\":\"ListItem\",\"position\":2,\"name\":\"Presentazione della mostra fotografica \u201cWomen\u2019s Cry\u201d\"}]},{\"@type\":\"WebSite\",\"@id\":\"https:\\\/\\\/exaudi.org\\\/#website\",\"url\":\"https:\\\/\\\/exaudi.org\\\/\",\"name\":\"Exaudi\",\"description\":\"News\",\"potentialAction\":[{\"@type\":\"SearchAction\",\"target\":{\"@type\":\"EntryPoint\",\"urlTemplate\":\"https:\\\/\\\/exaudi.org\\\/?s={search_term_string}\"},\"query-input\":{\"@type\":\"PropertyValueSpecification\",\"valueRequired\":true,\"valueName\":\"search_term_string\"}}],\"inLanguage\":\"it-IT\"},{\"@type\":\"Person\",\"@id\":\"https:\\\/\\\/exaudi.org\\\/#\\\/schema\\\/person\\\/e1ab6ed07c01774724dd96f925f3a5f0\",\"name\":\"Exaudi Redazione\",\"image\":{\"@type\":\"ImageObject\",\"inLanguage\":\"it-IT\",\"@id\":\"https:\\\/\\\/secure.gravatar.com\\\/avatar\\\/ad6774b3ada023bf5b939d64f45c94b3adf91502dd883507d469b4308a943bb3?s=96&d=mm&r=g\",\"url\":\"https:\\\/\\\/secure.gravatar.com\\\/avatar\\\/ad6774b3ada023bf5b939d64f45c94b3adf91502dd883507d469b4308a943bb3?s=96&d=mm&r=g\",\"contentUrl\":\"https:\\\/\\\/secure.gravatar.com\\\/avatar\\\/ad6774b3ada023bf5b939d64f45c94b3adf91502dd883507d469b4308a943bb3?s=96&d=mm&r=g\",\"caption\":\"Exaudi Redazione\"},\"description\":\"Che cosa \u00e8 Exaudi News? Exaudi News \u00e8 un agenzia cattolica internazionale che informa, istruisce e trasforma quotidianamente in spagnolo, inglese e italiano. Attraverso notizie, articoli di analisi e trasmissioni in diretta degli eventi del Papa, Exaudi cerca di rafforzare l'unit\u00e0 dei cristiani e di contribuire all'evangelizzazione del mondo, sempre guidato dalla dottrina sociale della Chiesa. Lavoriamo per portare la verit\u00e0 e i valori cristiani in ogni angolo del pianeta. Aiutaci a trasformare il mondo con Exaudi! Noi di Exaudi crediamo che l'evangelizzazione e l'informazione di qualit\u00e0 possano cambiare la vita. Per continuare la nostra missione ed espandere la nostra portata, abbiamo bisogno del tuo aiuto. Stiamo anche cercando persone motivate che vogliano unirsi al nostro team. Grazie al vostro sostegno raggiungeremo pi\u00f9 persone, diffonderemo il messaggio di Cristo e rafforzeremo l'unit\u00e0 dei cristiani. Vuoi unirti alla nostra missione? Per maggiori informazioni su come contribuire, visita Exaudi.org\\\/it o contattaci direttamente: info@exaudi.org Exaudi: informa, forma e trasforma.\",\"sameAs\":[\"https:\\\/\\\/www.facebook.com\\\/ExaudiNotizie\\\/\",\"https:\\\/\\\/www.instagram.com\\\/Exaudi_notizie\\\/\",\"https:\\\/\\\/x.com\\\/Exaudi_Notizie\",\"https:\\\/\\\/www.youtube.com\\\/@exaudicatholicnews\"],\"url\":\"https:\\\/\\\/exaudi.org\\\/it\\\/author\\\/dlvedi-org\\\/\"}]}<\/script>\n<!-- \/ Yoast SEO plugin. -->","yoast_head_json":{"title":"Presentazione della mostra fotografica \u201cWomen\u2019s Cry\u201d &#8211; Exaudi","robots":{"index":"index","follow":"follow","max-snippet":"max-snippet:-1","max-image-preview":"max-image-preview:large","max-video-preview":"max-video-preview:-1"},"canonical":"https:\/\/exaudi.org\/it\/presentazione-della-mostra-fotografica-womens-cry\/","og_locale":"it_IT","og_type":"article","og_title":"Presentazione della mostra fotografica \u201cWomen\u2019s Cry\u201d &#8211; Exaudi","og_description":"Sono intervenuti: Dott. Paolo Ruffini, Dott.ssa Maria Lia Zervino e Dott.ssa Lia Giovanazzi Beltrami","og_url":"https:\/\/exaudi.org\/it\/presentazione-della-mostra-fotografica-womens-cry\/","og_site_name":"Exaudi","article_publisher":"https:\/\/www.facebook.com\/ExaudiNews","article_author":"https:\/\/www.facebook.com\/ExaudiNotizie\/","article_published_time":"2023-05-02T15:38:40+00:00","og_image":[{"width":1280,"height":658,"url":"https:\/\/exaudi.org\/wp-content\/uploads\/2023\/05\/thumbnail_IMG_20230502_103146.jpg","type":"image\/jpeg"}],"author":"Exaudi Redazione","twitter_card":"summary_large_image","twitter_creator":"@Exaudi_Notizie","twitter_site":"@Exaudi_News","twitter_misc":{"Scritto da":"Exaudi Redazione","Tempo di lettura stimato":"10 minuti"},"schema":{"@context":"https:\/\/schema.org","@graph":[{"@type":"Article","@id":"https:\/\/exaudi.org\/it\/presentazione-della-mostra-fotografica-womens-cry\/#article","isPartOf":{"@id":"https:\/\/exaudi.org\/it\/presentazione-della-mostra-fotografica-womens-cry\/"},"author":{"name":"Exaudi Redazione","@id":"https:\/\/exaudi.org\/#\/schema\/person\/e1ab6ed07c01774724dd96f925f3a5f0"},"headline":"Presentazione della mostra fotografica \u201cWomen\u2019s Cry\u201d","datePublished":"2023-05-02T15:38:40+00:00","mainEntityOfPage":{"@id":"https:\/\/exaudi.org\/it\/presentazione-della-mostra-fotografica-womens-cry\/"},"wordCount":2148,"image":{"@id":"https:\/\/exaudi.org\/it\/presentazione-della-mostra-fotografica-womens-cry\/#primaryimage"},"thumbnailUrl":"https:\/\/exaudi.org\/wp-content\/uploads\/2023\/05\/thumbnail_IMG_20230502_103146.jpg","keywords":["Mostra fotografica","Vaticano"],"articleSection":["Vaticano"],"inLanguage":"it-IT"},{"@type":"WebPage","@id":"https:\/\/exaudi.org\/it\/presentazione-della-mostra-fotografica-womens-cry\/","url":"https:\/\/exaudi.org\/it\/presentazione-della-mostra-fotografica-womens-cry\/","name":"Presentazione della mostra fotografica \u201cWomen\u2019s Cry\u201d &#8211; Exaudi","isPartOf":{"@id":"https:\/\/exaudi.org\/#website"},"primaryImageOfPage":{"@id":"https:\/\/exaudi.org\/it\/presentazione-della-mostra-fotografica-womens-cry\/#primaryimage"},"image":{"@id":"https:\/\/exaudi.org\/it\/presentazione-della-mostra-fotografica-womens-cry\/#primaryimage"},"thumbnailUrl":"https:\/\/exaudi.org\/wp-content\/uploads\/2023\/05\/thumbnail_IMG_20230502_103146.jpg","datePublished":"2023-05-02T15:38:40+00:00","author":{"@id":"https:\/\/exaudi.org\/#\/schema\/person\/e1ab6ed07c01774724dd96f925f3a5f0"},"breadcrumb":{"@id":"https:\/\/exaudi.org\/it\/presentazione-della-mostra-fotografica-womens-cry\/#breadcrumb"},"inLanguage":"it-IT","potentialAction":[{"@type":"ReadAction","target":["https:\/\/exaudi.org\/it\/presentazione-della-mostra-fotografica-womens-cry\/"]}]},{"@type":"ImageObject","inLanguage":"it-IT","@id":"https:\/\/exaudi.org\/it\/presentazione-della-mostra-fotografica-womens-cry\/#primaryimage","url":"https:\/\/exaudi.org\/wp-content\/uploads\/2023\/05\/thumbnail_IMG_20230502_103146.jpg","contentUrl":"https:\/\/exaudi.org\/wp-content\/uploads\/2023\/05\/thumbnail_IMG_20230502_103146.jpg","width":1280,"height":658},{"@type":"BreadcrumbList","@id":"https:\/\/exaudi.org\/it\/presentazione-della-mostra-fotografica-womens-cry\/#breadcrumb","itemListElement":[{"@type":"ListItem","position":1,"name":"Portada","item":"https:\/\/exaudi.org\/it\/"},{"@type":"ListItem","position":2,"name":"Presentazione della mostra fotografica \u201cWomen\u2019s Cry\u201d"}]},{"@type":"WebSite","@id":"https:\/\/exaudi.org\/#website","url":"https:\/\/exaudi.org\/","name":"Exaudi","description":"News","potentialAction":[{"@type":"SearchAction","target":{"@type":"EntryPoint","urlTemplate":"https:\/\/exaudi.org\/?s={search_term_string}"},"query-input":{"@type":"PropertyValueSpecification","valueRequired":true,"valueName":"search_term_string"}}],"inLanguage":"it-IT"},{"@type":"Person","@id":"https:\/\/exaudi.org\/#\/schema\/person\/e1ab6ed07c01774724dd96f925f3a5f0","name":"Exaudi Redazione","image":{"@type":"ImageObject","inLanguage":"it-IT","@id":"https:\/\/secure.gravatar.com\/avatar\/ad6774b3ada023bf5b939d64f45c94b3adf91502dd883507d469b4308a943bb3?s=96&d=mm&r=g","url":"https:\/\/secure.gravatar.com\/avatar\/ad6774b3ada023bf5b939d64f45c94b3adf91502dd883507d469b4308a943bb3?s=96&d=mm&r=g","contentUrl":"https:\/\/secure.gravatar.com\/avatar\/ad6774b3ada023bf5b939d64f45c94b3adf91502dd883507d469b4308a943bb3?s=96&d=mm&r=g","caption":"Exaudi Redazione"},"description":"Che cosa \u00e8 Exaudi News? Exaudi News \u00e8 un agenzia cattolica internazionale che informa, istruisce e trasforma quotidianamente in spagnolo, inglese e italiano. Attraverso notizie, articoli di analisi e trasmissioni in diretta degli eventi del Papa, Exaudi cerca di rafforzare l'unit\u00e0 dei cristiani e di contribuire all'evangelizzazione del mondo, sempre guidato dalla dottrina sociale della Chiesa. Lavoriamo per portare la verit\u00e0 e i valori cristiani in ogni angolo del pianeta. Aiutaci a trasformare il mondo con Exaudi! Noi di Exaudi crediamo che l'evangelizzazione e l'informazione di qualit\u00e0 possano cambiare la vita. Per continuare la nostra missione ed espandere la nostra portata, abbiamo bisogno del tuo aiuto. Stiamo anche cercando persone motivate che vogliano unirsi al nostro team. Grazie al vostro sostegno raggiungeremo pi\u00f9 persone, diffonderemo il messaggio di Cristo e rafforzeremo l'unit\u00e0 dei cristiani. Vuoi unirti alla nostra missione? Per maggiori informazioni su come contribuire, visita Exaudi.org\/it o contattaci direttamente: info@exaudi.org Exaudi: informa, forma e trasforma.","sameAs":["https:\/\/www.facebook.com\/ExaudiNotizie\/","https:\/\/www.instagram.com\/Exaudi_notizie\/","https:\/\/x.com\/Exaudi_Notizie","https:\/\/www.youtube.com\/@exaudicatholicnews"],"url":"https:\/\/exaudi.org\/it\/author\/dlvedi-org\/"}]}},"jetpack_featured_media_url":"https:\/\/exaudi.org\/wp-content\/uploads\/2023\/05\/thumbnail_IMG_20230502_103146.jpg","jetpack_shortlink":"https:\/\/wp.me\/pgKjF2-jBF","_links":{"self":[{"href":"https:\/\/exaudi.org\/it\/wp-json\/wp\/v2\/posts\/75371","targetHints":{"allow":["GET"]}}],"collection":[{"href":"https:\/\/exaudi.org\/it\/wp-json\/wp\/v2\/posts"}],"about":[{"href":"https:\/\/exaudi.org\/it\/wp-json\/wp\/v2\/types\/post"}],"author":[{"embeddable":true,"href":"https:\/\/exaudi.org\/it\/wp-json\/wp\/v2\/users\/17"}],"replies":[{"embeddable":true,"href":"https:\/\/exaudi.org\/it\/wp-json\/wp\/v2\/comments?post=75371"}],"version-history":[{"count":0,"href":"https:\/\/exaudi.org\/it\/wp-json\/wp\/v2\/posts\/75371\/revisions"}],"wp:featuredmedia":[{"embeddable":true,"href":"https:\/\/exaudi.org\/it\/wp-json\/wp\/v2\/media\/75372"}],"wp:attachment":[{"href":"https:\/\/exaudi.org\/it\/wp-json\/wp\/v2\/media?parent=75371"}],"wp:term":[{"taxonomy":"category","embeddable":true,"href":"https:\/\/exaudi.org\/it\/wp-json\/wp\/v2\/categories?post=75371"},{"taxonomy":"post_tag","embeddable":true,"href":"https:\/\/exaudi.org\/it\/wp-json\/wp\/v2\/tags?post=75371"}],"curies":[{"name":"wp","href":"https:\/\/api.w.org\/{rel}","templated":true}]}}