{"id":75312,"date":"2023-04-30T20:18:59","date_gmt":"2023-04-30T18:18:59","guid":{"rendered":"https:\/\/exaudi.org\/?p=75312"},"modified":"2023-04-30T20:18:59","modified_gmt":"2023-04-30T18:18:59","slug":"ungheria-cerimonia-di-addio-del-papa","status":"publish","type":"post","link":"https:\/\/exaudi.org\/it\/ungheria-cerimonia-di-addio-del-papa\/","title":{"rendered":"Ungheria: cerimonia di addio del Papa"},"content":{"rendered":"<div class=\"notizia\">\n<div class=\"notizie bullnews\">\n<p><b><u>Cerimonia di congedo dall\u2019Ungheria presso l\u2019Aeroporto Internazionale\u00a0<i>Ferenc Liszt<\/i>\u00a0di Budapest<\/u><\/b><\/p>\n<p>Al termine dell\u2019Incontro con il mondo universitario e della cultura presso l\u2019Universit\u00e0 Cattolica\u00a0<i>P\u00e9ter P\u00e1zm\u00e1ny<\/i>, il Santo Padre Francesco si \u00e8 trasferito all\u2019Aeroporto Internazionale\u00a0<i>Ferenc Liszt<\/i>\u00a0di Budapest per la cerimonia di congedo dall\u2019Ungheria.<\/p>\n<p>Al Suo arrivo, il Papa \u00e8 stato accolto dalla Presidente della Repubblica, S.E. la Signora Katalin Nov\u00e1k, ai piedi dell\u2019aereo. Quindi, dopo il saluto delle rispettive Delegazioni e del Seguito locale, Papa Francesco \u00e8 salito a bordo di un A320 neo\/ITA Airways ed \u00e8 partito per far rientro in Italia.<\/p>\n<p>L\u2019aereo con a bordo il Santo Padre di ritorno dal Viaggio Apostolico in Ungheria, decollato dall\u2019Aeroporto Internazionale\u00a0<i>Ferenc Liszt<\/i>\u00a0di Budapest alle ore 18.08, \u00e8 atterrato all\u2019Aeroporto Internazionale\u00a0<i>Leonardo da Vinci<\/i>\u00a0di Roma Fiumicino alle ore 19.25.<\/p>\n<p><a name=\"TELE\"><\/a><b><u>Telegramma alla Presidente della Repubblica di Ungheria<\/u><\/b><\/p>\n<p>Subito dopo la partenza in aereo da Budapest, il Santo Padre Francesco ha fatto pervenire alla Presidente della Repubblica, S.E. la Signora Katalin Nov\u00e1k, il seguente telegramma:<\/p>\n<p>SUA ECCELLENZA KATALIN NOV\u00c1K<br \/>\nPRESIDENTE DELL&#8217;UNGHERIA<br \/>\nBUDAPEST<\/p>\n<p>NEL LASCIARE L&#8217;UNGHERIA A CONCLUSIONE DEL MIO VIAGGIO APOSTOLICO, ESPRIMO ANCORA UNA VOLTA LA MIA PI\u00d9 SENTITA GRATITUDINE A SUA ECCELLENZA, ALLE AUTORIT\u00c0 CIVILI E A TUTTI I SUOI CONCITTADINI PER LA CALOROSA ACCOGLIENZA E LA GENTILE OSPITALIT\u00c0. CON LA RINNOVATA ASSICURAZIONE DELLE MIE PREGHIERE, INVOCO SULLA NAZIONE LE BENEDIZIONI DI DIO ONNIPOTENTE PER L&#8217;UNIT\u00c0, LA FRATERNIT\u00c0 E LA PACE.<\/p>\n<p>FRANCESCO PP.<\/p>\n<p>[Original text: English]<\/p>\n<p><a name=\"capi\"><\/a><b><u>Telegrammi ai Capi di Stato nel volo aereo da Budapest a Roma<\/u><\/b><\/p>\n<p>Nel corso del viaggio aereo da Budapest a Roma, sorvolando la Croazia e rientrando in Italia, Papa Francesco ha fatto pervenire ai rispettivi Capi di Stato i seguenti telegrammi:<\/p>\n<p><b><i>Sorvolo Croazia<\/i><\/b><\/p>\n<p>SUA ECCELLENZA ZORAN MILANOVI\u0106<br \/>\nPRESIDENTE DELLA REPUBBLICA DI CROAZIA<br \/>\nZAGABRIA<\/p>\n<p>SORVOLANDO IL VOSTRO PAESE DOPO IL MIO VIAGGIO APOSTOLICO IN UNGHERIA, RINNOVO VOLENTIERI IL MIO MESSAGGIO DI AUGURI A VOSTRA ECCELLENZA E AL POPOLO CROATO E VI ASSICURO LE MIE PREGHIERE PER IL BENESSERE DELLA NAZIONE.<\/p>\n<p>FRANCESCO PP.<\/p>\n<p>Original text: English]<\/p>\n<p><b><i>Italia \u2013 arrivo<\/i><\/b><\/p>\n<p>A SUA ECCELLENZA<br \/>\nON. SERGIO MATTARELLA<br \/>\nPRESIDENTE DELLA REPUBBLICA ITALIANA<br \/>\nPALAZZO DEL QUIRINALE 00187 ROMA<\/p>\n<p>AL RIENTRO DAL MIO VIAGGIO APOSTOLICO IN UNGHERIA, DOVE HO INCONTRATO PERSONE DESIDEROSE DI COSTRUIRE SULLA BASE DEI VALORI EVANGELICI LA CONVIVENZA CIVILE E LA PACE TRA I POPOLI, FORMULO DI CUORE PER LEI, SIGNOR PRESIDENTE, E PER LA CARA NAZIONE ITALIANA, FERVIDI AUSPICI DI SERENIT\u00c0 E PROSPERIT\u00c0, ASSICURANDO LA MIA COSTANTE PREGHIERA.<\/p>\n<p>FRANCISCUS PP.<\/p>\n<\/div>\n<\/div>\n<div class=\"notizia\">\n<div class=\"parsys par_libero\"><\/div>\n<\/div>\n<hr \/>\n","protected":false},"excerpt":{"rendered":"<p>Ritorno dal viaggio apostolico a Roma<\/p>\n","protected":false},"author":17,"featured_media":75313,"comment_status":"closed","ping_status":"closed","sticky":false,"template":"","format":"standard","meta":{"_acf_changed":false,"_crdt_document":"","inline_featured_image":false,"footnotes":""},"categories":[67,125],"tags":[251,1044,4952,4056],"class_list":["post-75312","post","type-post","status-publish","format-standard","has-post-thumbnail","hentry","category-leone-xiv","category-viaggi-papali","tag-papa-francesco","tag-roma","tag-trending-it","tag-ungheria"],"acf":[],"yoast_head":"<!-- This site is optimized with the Yoast SEO plugin v27.4 - https:\/\/yoast.com\/product\/yoast-seo-wordpress\/ -->\n<title>Ungheria: cerimonia di addio del Papa &#8211; Exaudi<\/title>\n<meta name=\"robots\" content=\"index, follow, max-snippet:-1, max-image-preview:large, max-video-preview:-1\" \/>\n<link rel=\"canonical\" href=\"https:\/\/exaudi.org\/it\/ungheria-cerimonia-di-addio-del-papa\/\" \/>\n<meta property=\"og:locale\" content=\"it_IT\" \/>\n<meta property=\"og:type\" content=\"article\" \/>\n<meta property=\"og:title\" content=\"Ungheria: cerimonia di addio del Papa &#8211; Exaudi\" \/>\n<meta property=\"og:description\" content=\"Ritorno dal viaggio apostolico a Roma\" \/>\n<meta property=\"og:url\" content=\"https:\/\/exaudi.org\/it\/ungheria-cerimonia-di-addio-del-papa\/\" \/>\n<meta property=\"og:site_name\" content=\"Exaudi\" \/>\n<meta property=\"article:publisher\" content=\"https:\/\/www.facebook.com\/ExaudiNews\" \/>\n<meta property=\"article:author\" content=\"https:\/\/www.facebook.com\/ExaudiNotizie\/\" \/>\n<meta property=\"article:published_time\" content=\"2023-04-30T18:18:59+00:00\" \/>\n<meta property=\"og:image\" content=\"https:\/\/exaudi.org\/wp-content\/uploads\/2023\/04\/cq5dam.thumbnail.cropped.750.422-25.jpeg\" \/>\n\t<meta property=\"og:image:width\" content=\"750\" \/>\n\t<meta property=\"og:image:height\" content=\"422\" \/>\n\t<meta property=\"og:image:type\" content=\"image\/jpeg\" \/>\n<meta name=\"author\" content=\"Exaudi Redazione\" \/>\n<meta name=\"twitter:card\" content=\"summary_large_image\" \/>\n<meta name=\"twitter:creator\" content=\"@Exaudi_Notizie\" \/>\n<meta name=\"twitter:site\" content=\"@Exaudi_News\" \/>\n<meta name=\"twitter:label1\" content=\"Scritto da\" \/>\n\t<meta name=\"twitter:data1\" content=\"Exaudi Redazione\" \/>\n\t<meta name=\"twitter:label2\" content=\"Tempo di lettura stimato\" \/>\n\t<meta name=\"twitter:data2\" content=\"2 minuti\" \/>\n<script type=\"application\/ld+json\" class=\"yoast-schema-graph\">{\"@context\":\"https:\\\/\\\/schema.org\",\"@graph\":[{\"@type\":\"Article\",\"@id\":\"https:\\\/\\\/exaudi.org\\\/it\\\/ungheria-cerimonia-di-addio-del-papa\\\/#article\",\"isPartOf\":{\"@id\":\"https:\\\/\\\/exaudi.org\\\/it\\\/ungheria-cerimonia-di-addio-del-papa\\\/\"},\"author\":{\"name\":\"Exaudi Redazione\",\"@id\":\"https:\\\/\\\/exaudi.org\\\/#\\\/schema\\\/person\\\/e1ab6ed07c01774724dd96f925f3a5f0\"},\"headline\":\"Ungheria: cerimonia di addio del Papa\",\"datePublished\":\"2023-04-30T18:18:59+00:00\",\"mainEntityOfPage\":{\"@id\":\"https:\\\/\\\/exaudi.org\\\/it\\\/ungheria-cerimonia-di-addio-del-papa\\\/\"},\"wordCount\":424,\"image\":{\"@id\":\"https:\\\/\\\/exaudi.org\\\/it\\\/ungheria-cerimonia-di-addio-del-papa\\\/#primaryimage\"},\"thumbnailUrl\":\"https:\\\/\\\/exaudi.org\\\/wp-content\\\/uploads\\\/2023\\\/04\\\/cq5dam.thumbnail.cropped.750.422-25.jpeg\",\"keywords\":[\"Papa Francesco\",\"Roma\",\"Trending\",\"Ungheria\"],\"articleSection\":[\"Leone XIV\",\"Viaggi papali\"],\"inLanguage\":\"it-IT\"},{\"@type\":\"WebPage\",\"@id\":\"https:\\\/\\\/exaudi.org\\\/it\\\/ungheria-cerimonia-di-addio-del-papa\\\/\",\"url\":\"https:\\\/\\\/exaudi.org\\\/it\\\/ungheria-cerimonia-di-addio-del-papa\\\/\",\"name\":\"Ungheria: cerimonia di addio del Papa &#8211; Exaudi\",\"isPartOf\":{\"@id\":\"https:\\\/\\\/exaudi.org\\\/#website\"},\"primaryImageOfPage\":{\"@id\":\"https:\\\/\\\/exaudi.org\\\/it\\\/ungheria-cerimonia-di-addio-del-papa\\\/#primaryimage\"},\"image\":{\"@id\":\"https:\\\/\\\/exaudi.org\\\/it\\\/ungheria-cerimonia-di-addio-del-papa\\\/#primaryimage\"},\"thumbnailUrl\":\"https:\\\/\\\/exaudi.org\\\/wp-content\\\/uploads\\\/2023\\\/04\\\/cq5dam.thumbnail.cropped.750.422-25.jpeg\",\"datePublished\":\"2023-04-30T18:18:59+00:00\",\"author\":{\"@id\":\"https:\\\/\\\/exaudi.org\\\/#\\\/schema\\\/person\\\/e1ab6ed07c01774724dd96f925f3a5f0\"},\"breadcrumb\":{\"@id\":\"https:\\\/\\\/exaudi.org\\\/it\\\/ungheria-cerimonia-di-addio-del-papa\\\/#breadcrumb\"},\"inLanguage\":\"it-IT\",\"potentialAction\":[{\"@type\":\"ReadAction\",\"target\":[\"https:\\\/\\\/exaudi.org\\\/it\\\/ungheria-cerimonia-di-addio-del-papa\\\/\"]}]},{\"@type\":\"ImageObject\",\"inLanguage\":\"it-IT\",\"@id\":\"https:\\\/\\\/exaudi.org\\\/it\\\/ungheria-cerimonia-di-addio-del-papa\\\/#primaryimage\",\"url\":\"https:\\\/\\\/exaudi.org\\\/wp-content\\\/uploads\\\/2023\\\/04\\\/cq5dam.thumbnail.cropped.750.422-25.jpeg\",\"contentUrl\":\"https:\\\/\\\/exaudi.org\\\/wp-content\\\/uploads\\\/2023\\\/04\\\/cq5dam.thumbnail.cropped.750.422-25.jpeg\",\"width\":750,\"height\":422,\"caption\":\"Vatican News\"},{\"@type\":\"BreadcrumbList\",\"@id\":\"https:\\\/\\\/exaudi.org\\\/it\\\/ungheria-cerimonia-di-addio-del-papa\\\/#breadcrumb\",\"itemListElement\":[{\"@type\":\"ListItem\",\"position\":1,\"name\":\"Portada\",\"item\":\"https:\\\/\\\/exaudi.org\\\/it\\\/\"},{\"@type\":\"ListItem\",\"position\":2,\"name\":\"Ungheria: cerimonia di addio del Papa\"}]},{\"@type\":\"WebSite\",\"@id\":\"https:\\\/\\\/exaudi.org\\\/#website\",\"url\":\"https:\\\/\\\/exaudi.org\\\/\",\"name\":\"Exaudi\",\"description\":\"News\",\"potentialAction\":[{\"@type\":\"SearchAction\",\"target\":{\"@type\":\"EntryPoint\",\"urlTemplate\":\"https:\\\/\\\/exaudi.org\\\/?s={search_term_string}\"},\"query-input\":{\"@type\":\"PropertyValueSpecification\",\"valueRequired\":true,\"valueName\":\"search_term_string\"}}],\"inLanguage\":\"it-IT\"},{\"@type\":\"Person\",\"@id\":\"https:\\\/\\\/exaudi.org\\\/#\\\/schema\\\/person\\\/e1ab6ed07c01774724dd96f925f3a5f0\",\"name\":\"Exaudi Redazione\",\"image\":{\"@type\":\"ImageObject\",\"inLanguage\":\"it-IT\",\"@id\":\"https:\\\/\\\/secure.gravatar.com\\\/avatar\\\/ad6774b3ada023bf5b939d64f45c94b3adf91502dd883507d469b4308a943bb3?s=96&d=mm&r=g\",\"url\":\"https:\\\/\\\/secure.gravatar.com\\\/avatar\\\/ad6774b3ada023bf5b939d64f45c94b3adf91502dd883507d469b4308a943bb3?s=96&d=mm&r=g\",\"contentUrl\":\"https:\\\/\\\/secure.gravatar.com\\\/avatar\\\/ad6774b3ada023bf5b939d64f45c94b3adf91502dd883507d469b4308a943bb3?s=96&d=mm&r=g\",\"caption\":\"Exaudi Redazione\"},\"description\":\"Che cosa \u00e8 Exaudi News? Exaudi News \u00e8 un agenzia cattolica internazionale che informa, istruisce e trasforma quotidianamente in spagnolo, inglese e italiano. Attraverso notizie, articoli di analisi e trasmissioni in diretta degli eventi del Papa, Exaudi cerca di rafforzare l'unit\u00e0 dei cristiani e di contribuire all'evangelizzazione del mondo, sempre guidato dalla dottrina sociale della Chiesa. Lavoriamo per portare la verit\u00e0 e i valori cristiani in ogni angolo del pianeta. Aiutaci a trasformare il mondo con Exaudi! Noi di Exaudi crediamo che l'evangelizzazione e l'informazione di qualit\u00e0 possano cambiare la vita. Per continuare la nostra missione ed espandere la nostra portata, abbiamo bisogno del tuo aiuto. Stiamo anche cercando persone motivate che vogliano unirsi al nostro team. Grazie al vostro sostegno raggiungeremo pi\u00f9 persone, diffonderemo il messaggio di Cristo e rafforzeremo l'unit\u00e0 dei cristiani. Vuoi unirti alla nostra missione? Per maggiori informazioni su come contribuire, visita Exaudi.org\\\/it o contattaci direttamente: info@exaudi.org Exaudi: informa, forma e trasforma.\",\"sameAs\":[\"https:\\\/\\\/www.facebook.com\\\/ExaudiNotizie\\\/\",\"https:\\\/\\\/www.instagram.com\\\/Exaudi_notizie\\\/\",\"https:\\\/\\\/x.com\\\/Exaudi_Notizie\",\"https:\\\/\\\/www.youtube.com\\\/@exaudicatholicnews\"],\"url\":\"https:\\\/\\\/exaudi.org\\\/it\\\/author\\\/dlvedi-org\\\/\"}]}<\/script>\n<!-- \/ Yoast SEO plugin. -->","yoast_head_json":{"title":"Ungheria: cerimonia di addio del Papa &#8211; Exaudi","robots":{"index":"index","follow":"follow","max-snippet":"max-snippet:-1","max-image-preview":"max-image-preview:large","max-video-preview":"max-video-preview:-1"},"canonical":"https:\/\/exaudi.org\/it\/ungheria-cerimonia-di-addio-del-papa\/","og_locale":"it_IT","og_type":"article","og_title":"Ungheria: cerimonia di addio del Papa &#8211; Exaudi","og_description":"Ritorno dal viaggio apostolico a Roma","og_url":"https:\/\/exaudi.org\/it\/ungheria-cerimonia-di-addio-del-papa\/","og_site_name":"Exaudi","article_publisher":"https:\/\/www.facebook.com\/ExaudiNews","article_author":"https:\/\/www.facebook.com\/ExaudiNotizie\/","article_published_time":"2023-04-30T18:18:59+00:00","og_image":[{"width":750,"height":422,"url":"https:\/\/exaudi.org\/wp-content\/uploads\/2023\/04\/cq5dam.thumbnail.cropped.750.422-25.jpeg","type":"image\/jpeg"}],"author":"Exaudi Redazione","twitter_card":"summary_large_image","twitter_creator":"@Exaudi_Notizie","twitter_site":"@Exaudi_News","twitter_misc":{"Scritto da":"Exaudi Redazione","Tempo di lettura stimato":"2 minuti"},"schema":{"@context":"https:\/\/schema.org","@graph":[{"@type":"Article","@id":"https:\/\/exaudi.org\/it\/ungheria-cerimonia-di-addio-del-papa\/#article","isPartOf":{"@id":"https:\/\/exaudi.org\/it\/ungheria-cerimonia-di-addio-del-papa\/"},"author":{"name":"Exaudi Redazione","@id":"https:\/\/exaudi.org\/#\/schema\/person\/e1ab6ed07c01774724dd96f925f3a5f0"},"headline":"Ungheria: cerimonia di addio del Papa","datePublished":"2023-04-30T18:18:59+00:00","mainEntityOfPage":{"@id":"https:\/\/exaudi.org\/it\/ungheria-cerimonia-di-addio-del-papa\/"},"wordCount":424,"image":{"@id":"https:\/\/exaudi.org\/it\/ungheria-cerimonia-di-addio-del-papa\/#primaryimage"},"thumbnailUrl":"https:\/\/exaudi.org\/wp-content\/uploads\/2023\/04\/cq5dam.thumbnail.cropped.750.422-25.jpeg","keywords":["Papa Francesco","Roma","Trending","Ungheria"],"articleSection":["Leone XIV","Viaggi papali"],"inLanguage":"it-IT"},{"@type":"WebPage","@id":"https:\/\/exaudi.org\/it\/ungheria-cerimonia-di-addio-del-papa\/","url":"https:\/\/exaudi.org\/it\/ungheria-cerimonia-di-addio-del-papa\/","name":"Ungheria: cerimonia di addio del Papa &#8211; Exaudi","isPartOf":{"@id":"https:\/\/exaudi.org\/#website"},"primaryImageOfPage":{"@id":"https:\/\/exaudi.org\/it\/ungheria-cerimonia-di-addio-del-papa\/#primaryimage"},"image":{"@id":"https:\/\/exaudi.org\/it\/ungheria-cerimonia-di-addio-del-papa\/#primaryimage"},"thumbnailUrl":"https:\/\/exaudi.org\/wp-content\/uploads\/2023\/04\/cq5dam.thumbnail.cropped.750.422-25.jpeg","datePublished":"2023-04-30T18:18:59+00:00","author":{"@id":"https:\/\/exaudi.org\/#\/schema\/person\/e1ab6ed07c01774724dd96f925f3a5f0"},"breadcrumb":{"@id":"https:\/\/exaudi.org\/it\/ungheria-cerimonia-di-addio-del-papa\/#breadcrumb"},"inLanguage":"it-IT","potentialAction":[{"@type":"ReadAction","target":["https:\/\/exaudi.org\/it\/ungheria-cerimonia-di-addio-del-papa\/"]}]},{"@type":"ImageObject","inLanguage":"it-IT","@id":"https:\/\/exaudi.org\/it\/ungheria-cerimonia-di-addio-del-papa\/#primaryimage","url":"https:\/\/exaudi.org\/wp-content\/uploads\/2023\/04\/cq5dam.thumbnail.cropped.750.422-25.jpeg","contentUrl":"https:\/\/exaudi.org\/wp-content\/uploads\/2023\/04\/cq5dam.thumbnail.cropped.750.422-25.jpeg","width":750,"height":422,"caption":"Vatican News"},{"@type":"BreadcrumbList","@id":"https:\/\/exaudi.org\/it\/ungheria-cerimonia-di-addio-del-papa\/#breadcrumb","itemListElement":[{"@type":"ListItem","position":1,"name":"Portada","item":"https:\/\/exaudi.org\/it\/"},{"@type":"ListItem","position":2,"name":"Ungheria: cerimonia di addio del Papa"}]},{"@type":"WebSite","@id":"https:\/\/exaudi.org\/#website","url":"https:\/\/exaudi.org\/","name":"Exaudi","description":"News","potentialAction":[{"@type":"SearchAction","target":{"@type":"EntryPoint","urlTemplate":"https:\/\/exaudi.org\/?s={search_term_string}"},"query-input":{"@type":"PropertyValueSpecification","valueRequired":true,"valueName":"search_term_string"}}],"inLanguage":"it-IT"},{"@type":"Person","@id":"https:\/\/exaudi.org\/#\/schema\/person\/e1ab6ed07c01774724dd96f925f3a5f0","name":"Exaudi Redazione","image":{"@type":"ImageObject","inLanguage":"it-IT","@id":"https:\/\/secure.gravatar.com\/avatar\/ad6774b3ada023bf5b939d64f45c94b3adf91502dd883507d469b4308a943bb3?s=96&d=mm&r=g","url":"https:\/\/secure.gravatar.com\/avatar\/ad6774b3ada023bf5b939d64f45c94b3adf91502dd883507d469b4308a943bb3?s=96&d=mm&r=g","contentUrl":"https:\/\/secure.gravatar.com\/avatar\/ad6774b3ada023bf5b939d64f45c94b3adf91502dd883507d469b4308a943bb3?s=96&d=mm&r=g","caption":"Exaudi Redazione"},"description":"Che cosa \u00e8 Exaudi News? Exaudi News \u00e8 un agenzia cattolica internazionale che informa, istruisce e trasforma quotidianamente in spagnolo, inglese e italiano. Attraverso notizie, articoli di analisi e trasmissioni in diretta degli eventi del Papa, Exaudi cerca di rafforzare l'unit\u00e0 dei cristiani e di contribuire all'evangelizzazione del mondo, sempre guidato dalla dottrina sociale della Chiesa. Lavoriamo per portare la verit\u00e0 e i valori cristiani in ogni angolo del pianeta. Aiutaci a trasformare il mondo con Exaudi! Noi di Exaudi crediamo che l'evangelizzazione e l'informazione di qualit\u00e0 possano cambiare la vita. Per continuare la nostra missione ed espandere la nostra portata, abbiamo bisogno del tuo aiuto. Stiamo anche cercando persone motivate che vogliano unirsi al nostro team. Grazie al vostro sostegno raggiungeremo pi\u00f9 persone, diffonderemo il messaggio di Cristo e rafforzeremo l'unit\u00e0 dei cristiani. Vuoi unirti alla nostra missione? Per maggiori informazioni su come contribuire, visita Exaudi.org\/it o contattaci direttamente: info@exaudi.org Exaudi: informa, forma e trasforma.","sameAs":["https:\/\/www.facebook.com\/ExaudiNotizie\/","https:\/\/www.instagram.com\/Exaudi_notizie\/","https:\/\/x.com\/Exaudi_Notizie","https:\/\/www.youtube.com\/@exaudicatholicnews"],"url":"https:\/\/exaudi.org\/it\/author\/dlvedi-org\/"}]}},"jetpack_featured_media_url":"https:\/\/exaudi.org\/wp-content\/uploads\/2023\/04\/cq5dam.thumbnail.cropped.750.422-25.jpeg","jetpack_shortlink":"https:\/\/wp.me\/pgKjF2-jAI","_links":{"self":[{"href":"https:\/\/exaudi.org\/it\/wp-json\/wp\/v2\/posts\/75312","targetHints":{"allow":["GET"]}}],"collection":[{"href":"https:\/\/exaudi.org\/it\/wp-json\/wp\/v2\/posts"}],"about":[{"href":"https:\/\/exaudi.org\/it\/wp-json\/wp\/v2\/types\/post"}],"author":[{"embeddable":true,"href":"https:\/\/exaudi.org\/it\/wp-json\/wp\/v2\/users\/17"}],"replies":[{"embeddable":true,"href":"https:\/\/exaudi.org\/it\/wp-json\/wp\/v2\/comments?post=75312"}],"version-history":[{"count":0,"href":"https:\/\/exaudi.org\/it\/wp-json\/wp\/v2\/posts\/75312\/revisions"}],"wp:featuredmedia":[{"embeddable":true,"href":"https:\/\/exaudi.org\/it\/wp-json\/wp\/v2\/media\/75313"}],"wp:attachment":[{"href":"https:\/\/exaudi.org\/it\/wp-json\/wp\/v2\/media?parent=75312"}],"wp:term":[{"taxonomy":"category","embeddable":true,"href":"https:\/\/exaudi.org\/it\/wp-json\/wp\/v2\/categories?post=75312"},{"taxonomy":"post_tag","embeddable":true,"href":"https:\/\/exaudi.org\/it\/wp-json\/wp\/v2\/tags?post=75312"}],"curies":[{"name":"wp","href":"https:\/\/api.w.org\/{rel}","templated":true}]}}