{"id":75302,"date":"2023-04-30T20:01:57","date_gmt":"2023-04-30T18:01:57","guid":{"rendered":"https:\/\/exaudi.org\/?p=75302"},"modified":"2023-04-30T20:01:57","modified_gmt":"2023-04-30T18:01:57","slug":"papa-anche-oggi-ce-un-rischio-di-ideologia","status":"publish","type":"post","link":"https:\/\/exaudi.org\/it\/papa-anche-oggi-ce-un-rischio-di-ideologia\/","title":{"rendered":"Papa: Anche oggi c&#8217;\u00e8 un rischio di ideologia"},"content":{"rendered":"<p>Questo pomeriggio, dopo essersi congedato dal Personale e dai benefattori della Nunziatura Apostolica di Budapest, il Santo Padre Francesco si \u00e8 recato all\u2019Universit\u00e0 Cattolica\u00a0<i>P\u00e9ter P\u00e1zm\u00e1ny\u00a0<\/i>dove, presso la Facolt\u00e0 di Informatica e di Scienze Bioniche, ha avuto luogo l\u2019Incontro con il mondo universitario e della cultura.<\/p>\n<p>Al Suo arrivo, alle ore 16.00, il Papa \u00e8 stato accolto all\u2019ingresso dal Rettore Magnifico e dal Decano della Facolt\u00e0. Quindi insieme si sono diretti verso il podio dove ha avuto luogo l\u2019incontro.<\/p>\n<p>Dopo il saluto di benvenuto di Mons. Prof. G\u00e9za Kuminetz, Rettore Magnifico dell\u2019Universit\u00e0 Cattolica\u00a0<i>\u201cP\u00e9ter P\u00e1zm\u00e1ny<\/i>\u201d, l\u2019esecuzione di un intermezzo musicale e le testimonianze di un professore e di una studentessa, il Papa ha pronunciato il Suo discorso.<\/p>\n<p>Al termine, dopo la consegna di un dono al Santo Padre, la recita del Padre Nostro e la benedizione finale, il Papa ha salutato alcuni dei presenti. Quindi ha lasciato l\u2019Universit\u00e0 Cattolica\u00a0<i>P\u00e9ter P\u00e1zm\u00e1ny\u00a0<\/i>e si \u00e8 trasferito in auto all\u2019Aeroporto Internazionale\u00a0<i>Ferenc Liszt<\/i>\u00a0di Budapest per la cerimonia di congedo dall\u2019Ungheria.<\/p>\n<p>Pubblichiamo di seguito il discorso che il Papa ha pronunciato nel corso dell\u2019incontro:<\/p>\n<p><a name=\"ita\"><\/a><a name=\"di\"><\/a><b><u>Discorso del Santo Padre<\/u><\/b><\/p>\n<p>Cari fratelli e sorelle, buon pomeriggio!<\/p>\n<p>Saluto ciascuno di voi e ringrazio per le belle parole che sono state dette e sulle quali mi soffermer\u00f2 tra poco. Questo \u00e8 l\u2019ultimo incontro della mia visita in Ungheria e, con il cuore grato, mi piace pensare al corso del Danubio, che collega questo Paese a molti altri, unendone, oltre alla geografia, anche la storia. La cultura, in un certo senso, \u00e8 come un grande fiume: collega e percorre varie regioni della vita e della storia mettendole in relazione, permette di navigare nel mondo e di abbracciare Paesi e terre lontane, disseta la mente, irriga l\u2019anima, fa crescere la societ\u00e0. La stessa parola cultura deriva dal verbo coltivare: il sapere comporta una semina quotidiana che, immergendosi nei solchi della realt\u00e0, porta frutto.<\/p>\n<p>Cent\u2019anni fa Romano Guardini, grande intellettuale e uomo di fede, proprio mentre si trovava immerso in un paesaggio reso unico dalla bellezza delle acque, ebbe una feconda intuizione culturale. Scrisse: \u00abIn questi giorni ho pi\u00f9 che mai compreso che vi sono due forme di conoscenza [\u2026], l\u2019una conduce ad immergersi nell\u2019oggetto e nel suo contesto, per cui l\u2019uomo che vuol conoscere cerca di vivere in lui; l\u2019altra, al contrario, raduna le cose, le decompone, le ordina in caselle, ne acquista padronanza e possesso, le domina\u00bb (Lettere dal Lago di Como. La tecnica e l\u2019uomo, Brescia 2022, 55). Distingue tra una conoscenza umile e relazionale, la quale \u00e8 come \u201cun regnare che si ottiene per mezzo del servire; un creare secondo la natura, che non oltrepassa i limiti stabiliti\u201d (cfr p. 57), e un\u2019altra modalit\u00e0 di sapere, che \u00abnon osserva, ma analizza [\u2026] non s\u2019immerge pi\u00f9 nell\u2019oggetto, lo afferra\u00bb (p. 56).<\/p>\n<p>Ed ecco che in questo secondo modo di conoscere \u00able energie e le sostanze sono fatte convergere ad un unico fine: la macchina\u00bb (p. 58), e \u00abcos\u00ec si sviluppa una tecnica dell\u2019assoggettamento dell\u2019essere vivente\u00bb (pp. 59-60). Guardini non demonizza la tecnica, la quale permette di vivere meglio, di comunicare e avere molti vantaggi, ma avverte il rischio che essa diventi regolatrice, se non dominatrice, della vita. In tal senso vedeva un grande pericolo: \u00abL\u2019uomo perde tutti i legami interiori che gli procurano un senso organico della misura e delle forme di espressione in armonia con la natura\u00bb e, \u00abmentre nel suo essere interiore egli \u00e8 divenuto senza contorni, senza misura, senza direzione, egli stabilisce arbitrariamente i suoi fini e costringe le forze della natura, da lui dominate, ad attuarli\u00bb (p. 60). E lasciava ai posteri una domanda inquietante: \u00abCosa ne sar\u00e0 della vita se essa finir\u00e0 sotto questo giogo? [&#8230;] Cosa accadr\u00e0 [\u2026] quando ci troveremo davanti al prevalere degli imperativi della tecnica? La vita, ormai, \u00e8 inquadrata in un sistema di macchine. [\u2026] In un tale sistema, la vita pu\u00f2 rimanere vivente?\u00bb (p. 61).<\/p>\n<p>La vita pu\u00f2 rimanere vivente? \u00c8 una questione che, specialmente in questo luogo, dove si approfondiscono l\u2019informatica e le \u201cscienze bioniche\u201d, \u00e8 bene porsi. Infatti, quanto intravisto da Guardini appare evidente ai nostri giorni: pensiamo alla crisi ecologica, con la natura che sta semplicemente reagendo all\u2019uso strumentale che ne abbiamo fatto. Pensiamo alla mancanza di limiti, alla logica del \u201csi pu\u00f2 fare dunque \u00e8 lecito\u201d. Pensiamo anche alla volont\u00e0 di mettere al centro di tutto non la persona e le sue relazioni, ma l\u2019individuo centrato sui propri bisogni, avido di guadagnare e vorace di afferrare la realt\u00e0. E pensiamo di conseguenza all\u2019erosione dei legami comunitari, per cui la solitudine e la paura, da condizioni esistenziali, paiono tramutarsi in condizioni sociali. Quanti individui isolati, molto \u201csocial\u201d e poco sociali, ricorrono, come in un circolo vizioso, alle consolazioni della tecnica come a riempitivi del vuoto che avvertono, correndo in modo ancora pi\u00f9 frenetico mentre, succubi di un capitalismo selvaggio, sentono come pi\u00f9 dolorose le proprie debolezze, in una societ\u00e0 dove la velocit\u00e0 esteriore va di pari passo con la fragilit\u00e0 interiore. Questo \u00e8 il dramma. Dicendo ci\u00f2 non voglio ingenerare pessimismo \u2013 sarebbe contrario alla fede che ho la gioia di professare \u2013, ma riflettere su questa \u201ctracotanza di essere e di avere\u201d, che gi\u00e0 agli albori della cultura europea Omero vedeva come minacciosa e che il paradigma tecnocratico esaspera, con un certo uso degli algoritmi che pu\u00f2 rappresentare un ulteriore rischio di destabilizzazione dell\u2019umano.<\/p>\n<p>In un romanzo che ho pi\u00f9 volte citato, Il padrone del mondo, di Robert Benson, si osserva \u00abche complessit\u00e0 meccanica non \u00e8 sinonimo di vera grandezza e che nell\u2019esteriorit\u00e0 pi\u00f9 fastosa si nasconde pi\u00f9 sottile l\u2019insidia\u00bb (Verona 2014, 24-25). In questo libro, in un certo senso \u201cprofetico\u201d, scritto pi\u00f9 di un secolo fa, viene descritto un futuro dominato dalla tecnica e nel quale tutto, in nome del progresso, viene uniformato: ovunque si predica un nuovo \u201cumanitarismo\u201d che annulla le differenze, azzerando le vite dei popoli e abolendo le religioni. Abolendo le differenze, tutte. Ideologie opposte convergono in una omologazione che colonizza ideologicamente. Questo \u00e8 il dramma, la colonizzazione ideologica; l\u2019uomo, a contatto con le macchine, si appiattisce sempre di pi\u00f9, mentre il vivere comune diventa triste e rarefatto. In quel mondo progredito ma cupo, descritto da Benson, dove tutti sembrano insensibili e anestetizzati, pare ovvio scartare i malati e applicare l\u2019eutanasia, cos\u00ec come abolire le lingue e le culture nazionali per raggiungere la pace universale, che in realt\u00e0 si trasforma in una persecuzione fondata sull\u2019imposizione del consenso, tanto da far affermare a un protagonista che \u00abil mondo sembra in balia di una vitalit\u00e0 perversa, che corrompe e confonde ogni cosa\u00bb (p. 145).<\/p>\n<p>Mi sono protratto in questa disamina a tinte fosche perch\u00e9 proprio in tale contesto meglio risplendono i ruoli della cultura e dell\u2019universit\u00e0. L\u2019universit\u00e0 \u00e8 infatti, come indica il nome stesso, il luogo dove il pensiero nasce, cresce e matura aperto e sinfonico; non monocorde, non chiuso: aperto e sinfonico. \u00c8 il \u201ctempio\u201d dove la conoscenza \u00e8 chiamata a liberarsi dai confini angusti dell\u2019avere e del possedere per diventare cultura, cio\u00e8, \u201ccoltivazione\u201d dell\u2019uomo e delle sue relazioni fondanti: con il trascendente, con la societ\u00e0, con la storia, con il creato. Afferma in proposito il Concilio Vaticano II: \u00abLa cultura deve mirare alla perfezione integrale della persona umana, al bene della comunit\u00e0 e di tutta la societ\u00e0 umana. Perci\u00f2 \u00e8 necessario coltivare lo spirito in modo che si sviluppino le facolt\u00e0 dell\u2019ammirazione, dell\u2019intuizione, della contemplazione, e si diventi capaci di formarsi un giudizio personale e di coltivare il senso religioso, morale e sociale\u00bb (Cost. past. Gaudium et spes, 59). Gi\u00e0 nei tempi antichi si diceva che l\u2019inizio del filosofare \u00e8 l\u2019ammirazione, la capacit\u00e0 di ammirazione. In questa prospettiva ho molto apprezzato le vostre parole. Le sue, Monsignor Rettore, quando ha detto che \u00abin ogni vero scienziato c\u2019\u00e8 qualcosa dello scriba, del sacerdote, del profeta e del mistico\u00bb; e ancora che \u00abcon l\u2019aiuto della scienza non vogliamo solo capire, vogliamo anche fare la cosa giusta, cio\u00e8 costruire una civilt\u00e0 umana e solidale, una cultura e un ambiente sostenibili. \u00c8 con il cuore umile che possiamo salire non solo sul monte del Signore, ma anche sul monte della scienza\u00bb.<\/p>\n<p>\u00c8 vero: i grandi intellettuali, infatti, sono umili. Il mistero della vita, d\u2019altronde, si svela a chi sa entrare nelle piccole cose. \u00c8 bello in proposito quanto ci ha detto Dorottya: \u00abScoprendo sempre pi\u00f9 piccoli dettagli ci immergiamo nella complessit\u00e0 dell\u2019opera di Dio\u00bb. Cos\u00ec intesa, la cultura davvero rappresenta la salvaguardia dell\u2019umano. Immerge nella contemplazione e plasma persone che non sono in balia delle mode del momento, ma ben radicate nella realt\u00e0 delle cose. E che, umili discepole del sapere, sentono di dover essere aperte e comunicative, mai rigide e combattive. Chi ama la cultura, infatti, non si sente mai arrivato e a posto, ma porta in s\u00e9 una sana inquietudine. Ricerca, interroga, rischia, esplora; sa uscire dalle proprie certezze per avventurarsi con umilt\u00e0 nel mistero della vita, che si sposa con l\u2019inquietudine, non con l\u2019abitudine; che si apre alle altre culture e avverte il bisogno di condividere il sapere. Questo \u00e8 lo spirito dell\u2019universit\u00e0, e vi ringrazio perch\u00e9 lo vivete cos\u00ec; come ci ha detto il Professor Major, il quale ha raccontato la bellezza di cooperare con altre realt\u00e0 educative, attraverso programmi di ricerca condivisi e anche accogliendo studenti provenienti da altre regioni del mondo, come il Medio Oriente, in particolare dalla martoriata Siria. \u00c8 aprendosi agli altri che si conosce meglio s\u00e9 stessi. L\u2019apertura, aprirsi agli altri \u00e8 come uno specchio: mi fa conoscere meglio me stesso.<\/p>\n<p>La cultura ci accompagna a conoscere noi stessi. Lo ricorda il pensiero classico, che non deve mai tramontare. Vengono alla mente le celebri parole dell\u2019oracolo di Delfi: \u00abConosci te stesso\u00bb. \u00c8 una delle due frasi-guida che vorrei lasciarvi in conclusione. Ma che cosa significa conosci te stesso? Vuol dire saper riconoscere i propri limiti e, di conseguenza, arginare la propria presunzione di autosufficienza. Ci fa bene, perch\u00e9 \u00e8 anzitutto riconoscendoci creature che diventiamo creativi, immergendoci nel mondo anzich\u00e9 dominandolo. E mentre il pensiero tecnocratico insegue un progresso che non ammette limiti, l\u2019uomo reale \u00e8 fatto anche di fragilit\u00e0, ed \u00e8 spesso proprio l\u00ec che comprende di essere dipendente da Dio e connesso con gli altri e con il creato. La frase dell\u2019oracolo di Delfi invita dunque a una conoscenza che, partendo dall\u2019umilt\u00e0, partendo dal limite, partendo dall\u2019umilt\u00e0 del limite scopre le proprie meravigliose potenzialit\u00e0, che vanno ben oltre quelle della tecnica. Conoscere s\u00e9 stessi, in altre parole, chiede di tenere insieme, in una dialettica virtuosa, la fragilit\u00e0 e la grandezza dell\u2019uomo. Dallo stupore di questo contrasto sorge la cultura: mai appagata e sempre in ricerca, inquieta e comunitaria, disciplinata nella sua finitezza e aperta all\u2019assoluto. Vi auguro di coltivare questa appassionante scoperta della verit\u00e0!<\/p>\n<p>La seconda frase-guida si riferisce proprio alla verit\u00e0. \u00c8 una frase di Ges\u00f9 Cristo: \u00abLa verit\u00e0 vi far\u00e0 liberi\u00bb (Gv 8,32). L\u2019Ungheria ha visto il susseguirsi di ideologie che si imponevano come verit\u00e0, ma non davano libert\u00e0. E anche oggi il rischio non \u00e8 scomparso: penso al passaggio dal comunismo al consumismo. Ad accomunare entrambi gli \u201cismi\u201d c\u2019\u00e8 una falsa idea di libert\u00e0; quella del comunismo era una \u201clibert\u00e0\u201d costretta, limitata da fuori, decisa da qualcun altro; quella del consumismo \u00e8 una \u201clibert\u00e0\u201d libertina, edonista, appiattita su di s\u00e9, che rende schiavi dei consumi e delle cose. E quanto \u00e8 facile passare dai limiti imposti al pensare, come nel comunismo, al pensarsi senza limiti, come nel consumismo! Da una libert\u00e0 frenata a una libert\u00e0 senza freni. Ges\u00f9 invece offre una via d\u2019uscita, dicendo che \u00e8 vero ci\u00f2 che libera, quello che libera l\u2019uomo dalle sue dipendenze e dalle sue chiusure. La chiave per accedere a questa verit\u00e0 \u00e8 un conoscere mai slegato dall\u2019amore, relazionale, umile e aperto, concreto e comunitario, coraggioso e costruttivo. \u00c8 questo che le Universit\u00e0 sono chiamate a coltivare e la fede ad alimentare. Auguro dunque a questa e ad ogni Universit\u00e0 di essere un centro di universalit\u00e0 e di libert\u00e0, un cantiere fecondo di umanesimo, un laboratorio di speranza. Vi benedico di cuore e vi ringrazio per quanto fate. Grazie tante!<\/p>\n<p><iframe loading=\"lazy\" title=\"Budapest, Meeting with the Academic and Cultural World, 30 April 2023, Pope Francis\" width=\"500\" height=\"281\" src=\"https:\/\/www.youtube.com\/embed\/iPI27VOg0qg?feature=oembed\" frameborder=\"0\" allow=\"accelerometer; autoplay; clipboard-write; encrypted-media; gyroscope; picture-in-picture; web-share\" referrerpolicy=\"strict-origin-when-cross-origin\" allowfullscreen><\/iframe><\/p>\n","protected":false},"excerpt":{"rendered":"<p>Incontro con il Mondo universitario e della cultura<\/p>\n","protected":false},"author":17,"featured_media":75303,"comment_status":"closed","ping_status":"closed","sticky":false,"template":"","format":"standard","meta":{"_acf_changed":false,"_crdt_document":"","inline_featured_image":false,"footnotes":""},"categories":[123,67,125],"tags":[9025,9034,251,4952],"class_list":["post-75302","post","type-post","status-publish","format-standard","has-post-thumbnail","hentry","category-discorsi","category-leone-xiv","category-viaggi-papali","tag-41-viaggio-apostolico","tag-mondo-universitario-e-della-cultura","tag-papa-francesco","tag-trending-it"],"acf":[],"yoast_head":"<!-- This site is optimized with the Yoast SEO plugin v27.5 - https:\/\/yoast.com\/product\/yoast-seo-wordpress\/ -->\n<title>Papa: Anche oggi c&#039;\u00e8 un rischio di ideologia &#8211; Exaudi<\/title>\n<meta name=\"robots\" content=\"index, follow, max-snippet:-1, max-image-preview:large, max-video-preview:-1\" \/>\n<link rel=\"canonical\" href=\"https:\/\/exaudi.org\/it\/papa-anche-oggi-ce-un-rischio-di-ideologia\/\" \/>\n<meta property=\"og:locale\" content=\"it_IT\" \/>\n<meta property=\"og:type\" content=\"article\" \/>\n<meta property=\"og:title\" content=\"Papa: Anche oggi c&#039;\u00e8 un rischio di ideologia &#8211; Exaudi\" \/>\n<meta property=\"og:description\" content=\"Incontro con il Mondo universitario e della cultura\" \/>\n<meta property=\"og:url\" content=\"https:\/\/exaudi.org\/it\/papa-anche-oggi-ce-un-rischio-di-ideologia\/\" \/>\n<meta property=\"og:site_name\" content=\"Exaudi\" \/>\n<meta property=\"article:publisher\" content=\"https:\/\/www.facebook.com\/ExaudiNews\" \/>\n<meta property=\"article:author\" content=\"https:\/\/www.facebook.com\/ExaudiNotizie\/\" \/>\n<meta property=\"article:published_time\" content=\"2023-04-30T18:01:57+00:00\" \/>\n<meta property=\"og:image\" content=\"https:\/\/exaudi.org\/wp-content\/uploads\/2023\/04\/cq5dam.web_.800.800-16.jpeg\" \/>\n\t<meta property=\"og:image:width\" content=\"800\" \/>\n\t<meta property=\"og:image:height\" content=\"533\" \/>\n\t<meta property=\"og:image:type\" content=\"image\/jpeg\" \/>\n<meta name=\"author\" content=\"Exaudi Redazione\" \/>\n<meta name=\"twitter:card\" content=\"summary_large_image\" \/>\n<meta name=\"twitter:creator\" content=\"@Exaudi_Notizie\" \/>\n<meta name=\"twitter:site\" content=\"@Exaudi_News\" \/>\n<meta name=\"twitter:label1\" content=\"Scritto da\" \/>\n\t<meta name=\"twitter:data1\" content=\"Exaudi Redazione\" \/>\n\t<meta name=\"twitter:label2\" content=\"Tempo di lettura stimato\" \/>\n\t<meta name=\"twitter:data2\" content=\"10 minuti\" \/>\n<script type=\"application\/ld+json\" class=\"yoast-schema-graph\">{\"@context\":\"https:\\\/\\\/schema.org\",\"@graph\":[{\"@type\":\"Article\",\"@id\":\"https:\\\/\\\/exaudi.org\\\/it\\\/papa-anche-oggi-ce-un-rischio-di-ideologia\\\/#article\",\"isPartOf\":{\"@id\":\"https:\\\/\\\/exaudi.org\\\/it\\\/papa-anche-oggi-ce-un-rischio-di-ideologia\\\/\"},\"author\":{\"name\":\"Exaudi Redazione\",\"@id\":\"https:\\\/\\\/exaudi.org\\\/#\\\/schema\\\/person\\\/e1ab6ed07c01774724dd96f925f3a5f0\"},\"headline\":\"Papa: Anche oggi c&#8217;\u00e8 un rischio di ideologia\",\"datePublished\":\"2023-04-30T18:01:57+00:00\",\"mainEntityOfPage\":{\"@id\":\"https:\\\/\\\/exaudi.org\\\/it\\\/papa-anche-oggi-ce-un-rischio-di-ideologia\\\/\"},\"wordCount\":2041,\"image\":{\"@id\":\"https:\\\/\\\/exaudi.org\\\/it\\\/papa-anche-oggi-ce-un-rischio-di-ideologia\\\/#primaryimage\"},\"thumbnailUrl\":\"https:\\\/\\\/exaudi.org\\\/wp-content\\\/uploads\\\/2023\\\/04\\\/cq5dam.web_.800.800-16.jpeg\",\"keywords\":[\"41\u00b0 viaggio apostolico\",\"Mondo universitario e della cultura\",\"Papa Francesco\",\"Trending\"],\"articleSection\":[\"Discorsi\",\"Leone XIV\",\"Viaggi papali\"],\"inLanguage\":\"it-IT\"},{\"@type\":\"WebPage\",\"@id\":\"https:\\\/\\\/exaudi.org\\\/it\\\/papa-anche-oggi-ce-un-rischio-di-ideologia\\\/\",\"url\":\"https:\\\/\\\/exaudi.org\\\/it\\\/papa-anche-oggi-ce-un-rischio-di-ideologia\\\/\",\"name\":\"Papa: Anche oggi c'\u00e8 un rischio di ideologia &#8211; Exaudi\",\"isPartOf\":{\"@id\":\"https:\\\/\\\/exaudi.org\\\/#website\"},\"primaryImageOfPage\":{\"@id\":\"https:\\\/\\\/exaudi.org\\\/it\\\/papa-anche-oggi-ce-un-rischio-di-ideologia\\\/#primaryimage\"},\"image\":{\"@id\":\"https:\\\/\\\/exaudi.org\\\/it\\\/papa-anche-oggi-ce-un-rischio-di-ideologia\\\/#primaryimage\"},\"thumbnailUrl\":\"https:\\\/\\\/exaudi.org\\\/wp-content\\\/uploads\\\/2023\\\/04\\\/cq5dam.web_.800.800-16.jpeg\",\"datePublished\":\"2023-04-30T18:01:57+00:00\",\"author\":{\"@id\":\"https:\\\/\\\/exaudi.org\\\/#\\\/schema\\\/person\\\/e1ab6ed07c01774724dd96f925f3a5f0\"},\"breadcrumb\":{\"@id\":\"https:\\\/\\\/exaudi.org\\\/it\\\/papa-anche-oggi-ce-un-rischio-di-ideologia\\\/#breadcrumb\"},\"inLanguage\":\"it-IT\",\"potentialAction\":[{\"@type\":\"ReadAction\",\"target\":[\"https:\\\/\\\/exaudi.org\\\/it\\\/papa-anche-oggi-ce-un-rischio-di-ideologia\\\/\"]}]},{\"@type\":\"ImageObject\",\"inLanguage\":\"it-IT\",\"@id\":\"https:\\\/\\\/exaudi.org\\\/it\\\/papa-anche-oggi-ce-un-rischio-di-ideologia\\\/#primaryimage\",\"url\":\"https:\\\/\\\/exaudi.org\\\/wp-content\\\/uploads\\\/2023\\\/04\\\/cq5dam.web_.800.800-16.jpeg\",\"contentUrl\":\"https:\\\/\\\/exaudi.org\\\/wp-content\\\/uploads\\\/2023\\\/04\\\/cq5dam.web_.800.800-16.jpeg\",\"width\":800,\"height\":533,\"caption\":\"Vatican Media\"},{\"@type\":\"BreadcrumbList\",\"@id\":\"https:\\\/\\\/exaudi.org\\\/it\\\/papa-anche-oggi-ce-un-rischio-di-ideologia\\\/#breadcrumb\",\"itemListElement\":[{\"@type\":\"ListItem\",\"position\":1,\"name\":\"Portada\",\"item\":\"https:\\\/\\\/exaudi.org\\\/it\\\/\"},{\"@type\":\"ListItem\",\"position\":2,\"name\":\"Papa: Anche oggi c&#8217;\u00e8 un rischio di ideologia\"}]},{\"@type\":\"WebSite\",\"@id\":\"https:\\\/\\\/exaudi.org\\\/#website\",\"url\":\"https:\\\/\\\/exaudi.org\\\/\",\"name\":\"Exaudi\",\"description\":\"News\",\"potentialAction\":[{\"@type\":\"SearchAction\",\"target\":{\"@type\":\"EntryPoint\",\"urlTemplate\":\"https:\\\/\\\/exaudi.org\\\/?s={search_term_string}\"},\"query-input\":{\"@type\":\"PropertyValueSpecification\",\"valueRequired\":true,\"valueName\":\"search_term_string\"}}],\"inLanguage\":\"it-IT\"},{\"@type\":\"Person\",\"@id\":\"https:\\\/\\\/exaudi.org\\\/#\\\/schema\\\/person\\\/e1ab6ed07c01774724dd96f925f3a5f0\",\"name\":\"Exaudi Redazione\",\"image\":{\"@type\":\"ImageObject\",\"inLanguage\":\"it-IT\",\"@id\":\"https:\\\/\\\/secure.gravatar.com\\\/avatar\\\/ad6774b3ada023bf5b939d64f45c94b3adf91502dd883507d469b4308a943bb3?s=96&d=mm&r=g\",\"url\":\"https:\\\/\\\/secure.gravatar.com\\\/avatar\\\/ad6774b3ada023bf5b939d64f45c94b3adf91502dd883507d469b4308a943bb3?s=96&d=mm&r=g\",\"contentUrl\":\"https:\\\/\\\/secure.gravatar.com\\\/avatar\\\/ad6774b3ada023bf5b939d64f45c94b3adf91502dd883507d469b4308a943bb3?s=96&d=mm&r=g\",\"caption\":\"Exaudi Redazione\"},\"description\":\"Che cosa \u00e8 Exaudi News? Exaudi News \u00e8 un agenzia cattolica internazionale che informa, istruisce e trasforma quotidianamente in spagnolo, inglese e italiano. Attraverso notizie, articoli di analisi e trasmissioni in diretta degli eventi del Papa, Exaudi cerca di rafforzare l'unit\u00e0 dei cristiani e di contribuire all'evangelizzazione del mondo, sempre guidato dalla dottrina sociale della Chiesa. Lavoriamo per portare la verit\u00e0 e i valori cristiani in ogni angolo del pianeta. Aiutaci a trasformare il mondo con Exaudi! Noi di Exaudi crediamo che l'evangelizzazione e l'informazione di qualit\u00e0 possano cambiare la vita. Per continuare la nostra missione ed espandere la nostra portata, abbiamo bisogno del tuo aiuto. Stiamo anche cercando persone motivate che vogliano unirsi al nostro team. Grazie al vostro sostegno raggiungeremo pi\u00f9 persone, diffonderemo il messaggio di Cristo e rafforzeremo l'unit\u00e0 dei cristiani. Vuoi unirti alla nostra missione? Per maggiori informazioni su come contribuire, visita Exaudi.org\\\/it o contattaci direttamente: info@exaudi.org Exaudi: informa, forma e trasforma.\",\"sameAs\":[\"https:\\\/\\\/www.facebook.com\\\/ExaudiNotizie\\\/\",\"https:\\\/\\\/www.instagram.com\\\/Exaudi_notizie\\\/\",\"https:\\\/\\\/x.com\\\/Exaudi_Notizie\",\"https:\\\/\\\/www.youtube.com\\\/@exaudicatholicnews\"],\"url\":\"https:\\\/\\\/exaudi.org\\\/it\\\/author\\\/dlvedi-org\\\/\"}]}<\/script>\n<!-- \/ Yoast SEO plugin. -->","yoast_head_json":{"title":"Papa: Anche oggi c'\u00e8 un rischio di ideologia &#8211; Exaudi","robots":{"index":"index","follow":"follow","max-snippet":"max-snippet:-1","max-image-preview":"max-image-preview:large","max-video-preview":"max-video-preview:-1"},"canonical":"https:\/\/exaudi.org\/it\/papa-anche-oggi-ce-un-rischio-di-ideologia\/","og_locale":"it_IT","og_type":"article","og_title":"Papa: Anche oggi c'\u00e8 un rischio di ideologia &#8211; Exaudi","og_description":"Incontro con il Mondo universitario e della cultura","og_url":"https:\/\/exaudi.org\/it\/papa-anche-oggi-ce-un-rischio-di-ideologia\/","og_site_name":"Exaudi","article_publisher":"https:\/\/www.facebook.com\/ExaudiNews","article_author":"https:\/\/www.facebook.com\/ExaudiNotizie\/","article_published_time":"2023-04-30T18:01:57+00:00","og_image":[{"width":800,"height":533,"url":"https:\/\/exaudi.org\/wp-content\/uploads\/2023\/04\/cq5dam.web_.800.800-16.jpeg","type":"image\/jpeg"}],"author":"Exaudi Redazione","twitter_card":"summary_large_image","twitter_creator":"@Exaudi_Notizie","twitter_site":"@Exaudi_News","twitter_misc":{"Scritto da":"Exaudi Redazione","Tempo di lettura stimato":"10 minuti"},"schema":{"@context":"https:\/\/schema.org","@graph":[{"@type":"Article","@id":"https:\/\/exaudi.org\/it\/papa-anche-oggi-ce-un-rischio-di-ideologia\/#article","isPartOf":{"@id":"https:\/\/exaudi.org\/it\/papa-anche-oggi-ce-un-rischio-di-ideologia\/"},"author":{"name":"Exaudi Redazione","@id":"https:\/\/exaudi.org\/#\/schema\/person\/e1ab6ed07c01774724dd96f925f3a5f0"},"headline":"Papa: Anche oggi c&#8217;\u00e8 un rischio di ideologia","datePublished":"2023-04-30T18:01:57+00:00","mainEntityOfPage":{"@id":"https:\/\/exaudi.org\/it\/papa-anche-oggi-ce-un-rischio-di-ideologia\/"},"wordCount":2041,"image":{"@id":"https:\/\/exaudi.org\/it\/papa-anche-oggi-ce-un-rischio-di-ideologia\/#primaryimage"},"thumbnailUrl":"https:\/\/exaudi.org\/wp-content\/uploads\/2023\/04\/cq5dam.web_.800.800-16.jpeg","keywords":["41\u00b0 viaggio apostolico","Mondo universitario e della cultura","Papa Francesco","Trending"],"articleSection":["Discorsi","Leone XIV","Viaggi papali"],"inLanguage":"it-IT"},{"@type":"WebPage","@id":"https:\/\/exaudi.org\/it\/papa-anche-oggi-ce-un-rischio-di-ideologia\/","url":"https:\/\/exaudi.org\/it\/papa-anche-oggi-ce-un-rischio-di-ideologia\/","name":"Papa: Anche oggi c'\u00e8 un rischio di ideologia &#8211; Exaudi","isPartOf":{"@id":"https:\/\/exaudi.org\/#website"},"primaryImageOfPage":{"@id":"https:\/\/exaudi.org\/it\/papa-anche-oggi-ce-un-rischio-di-ideologia\/#primaryimage"},"image":{"@id":"https:\/\/exaudi.org\/it\/papa-anche-oggi-ce-un-rischio-di-ideologia\/#primaryimage"},"thumbnailUrl":"https:\/\/exaudi.org\/wp-content\/uploads\/2023\/04\/cq5dam.web_.800.800-16.jpeg","datePublished":"2023-04-30T18:01:57+00:00","author":{"@id":"https:\/\/exaudi.org\/#\/schema\/person\/e1ab6ed07c01774724dd96f925f3a5f0"},"breadcrumb":{"@id":"https:\/\/exaudi.org\/it\/papa-anche-oggi-ce-un-rischio-di-ideologia\/#breadcrumb"},"inLanguage":"it-IT","potentialAction":[{"@type":"ReadAction","target":["https:\/\/exaudi.org\/it\/papa-anche-oggi-ce-un-rischio-di-ideologia\/"]}]},{"@type":"ImageObject","inLanguage":"it-IT","@id":"https:\/\/exaudi.org\/it\/papa-anche-oggi-ce-un-rischio-di-ideologia\/#primaryimage","url":"https:\/\/exaudi.org\/wp-content\/uploads\/2023\/04\/cq5dam.web_.800.800-16.jpeg","contentUrl":"https:\/\/exaudi.org\/wp-content\/uploads\/2023\/04\/cq5dam.web_.800.800-16.jpeg","width":800,"height":533,"caption":"Vatican Media"},{"@type":"BreadcrumbList","@id":"https:\/\/exaudi.org\/it\/papa-anche-oggi-ce-un-rischio-di-ideologia\/#breadcrumb","itemListElement":[{"@type":"ListItem","position":1,"name":"Portada","item":"https:\/\/exaudi.org\/it\/"},{"@type":"ListItem","position":2,"name":"Papa: Anche oggi c&#8217;\u00e8 un rischio di ideologia"}]},{"@type":"WebSite","@id":"https:\/\/exaudi.org\/#website","url":"https:\/\/exaudi.org\/","name":"Exaudi","description":"News","potentialAction":[{"@type":"SearchAction","target":{"@type":"EntryPoint","urlTemplate":"https:\/\/exaudi.org\/?s={search_term_string}"},"query-input":{"@type":"PropertyValueSpecification","valueRequired":true,"valueName":"search_term_string"}}],"inLanguage":"it-IT"},{"@type":"Person","@id":"https:\/\/exaudi.org\/#\/schema\/person\/e1ab6ed07c01774724dd96f925f3a5f0","name":"Exaudi Redazione","image":{"@type":"ImageObject","inLanguage":"it-IT","@id":"https:\/\/secure.gravatar.com\/avatar\/ad6774b3ada023bf5b939d64f45c94b3adf91502dd883507d469b4308a943bb3?s=96&d=mm&r=g","url":"https:\/\/secure.gravatar.com\/avatar\/ad6774b3ada023bf5b939d64f45c94b3adf91502dd883507d469b4308a943bb3?s=96&d=mm&r=g","contentUrl":"https:\/\/secure.gravatar.com\/avatar\/ad6774b3ada023bf5b939d64f45c94b3adf91502dd883507d469b4308a943bb3?s=96&d=mm&r=g","caption":"Exaudi Redazione"},"description":"Che cosa \u00e8 Exaudi News? Exaudi News \u00e8 un agenzia cattolica internazionale che informa, istruisce e trasforma quotidianamente in spagnolo, inglese e italiano. Attraverso notizie, articoli di analisi e trasmissioni in diretta degli eventi del Papa, Exaudi cerca di rafforzare l'unit\u00e0 dei cristiani e di contribuire all'evangelizzazione del mondo, sempre guidato dalla dottrina sociale della Chiesa. Lavoriamo per portare la verit\u00e0 e i valori cristiani in ogni angolo del pianeta. Aiutaci a trasformare il mondo con Exaudi! Noi di Exaudi crediamo che l'evangelizzazione e l'informazione di qualit\u00e0 possano cambiare la vita. Per continuare la nostra missione ed espandere la nostra portata, abbiamo bisogno del tuo aiuto. Stiamo anche cercando persone motivate che vogliano unirsi al nostro team. Grazie al vostro sostegno raggiungeremo pi\u00f9 persone, diffonderemo il messaggio di Cristo e rafforzeremo l'unit\u00e0 dei cristiani. Vuoi unirti alla nostra missione? Per maggiori informazioni su come contribuire, visita Exaudi.org\/it o contattaci direttamente: info@exaudi.org Exaudi: informa, forma e trasforma.","sameAs":["https:\/\/www.facebook.com\/ExaudiNotizie\/","https:\/\/www.instagram.com\/Exaudi_notizie\/","https:\/\/x.com\/Exaudi_Notizie","https:\/\/www.youtube.com\/@exaudicatholicnews"],"url":"https:\/\/exaudi.org\/it\/author\/dlvedi-org\/"}]}},"jetpack_featured_media_url":"https:\/\/exaudi.org\/wp-content\/uploads\/2023\/04\/cq5dam.web_.800.800-16.jpeg","jetpack_shortlink":"https:\/\/wp.me\/pgKjF2-jAy","_links":{"self":[{"href":"https:\/\/exaudi.org\/it\/wp-json\/wp\/v2\/posts\/75302","targetHints":{"allow":["GET"]}}],"collection":[{"href":"https:\/\/exaudi.org\/it\/wp-json\/wp\/v2\/posts"}],"about":[{"href":"https:\/\/exaudi.org\/it\/wp-json\/wp\/v2\/types\/post"}],"author":[{"embeddable":true,"href":"https:\/\/exaudi.org\/it\/wp-json\/wp\/v2\/users\/17"}],"replies":[{"embeddable":true,"href":"https:\/\/exaudi.org\/it\/wp-json\/wp\/v2\/comments?post=75302"}],"version-history":[{"count":0,"href":"https:\/\/exaudi.org\/it\/wp-json\/wp\/v2\/posts\/75302\/revisions"}],"wp:featuredmedia":[{"embeddable":true,"href":"https:\/\/exaudi.org\/it\/wp-json\/wp\/v2\/media\/75303"}],"wp:attachment":[{"href":"https:\/\/exaudi.org\/it\/wp-json\/wp\/v2\/media?parent=75302"}],"wp:term":[{"taxonomy":"category","embeddable":true,"href":"https:\/\/exaudi.org\/it\/wp-json\/wp\/v2\/categories?post=75302"},{"taxonomy":"post_tag","embeddable":true,"href":"https:\/\/exaudi.org\/it\/wp-json\/wp\/v2\/tags?post=75302"}],"curies":[{"name":"wp","href":"https:\/\/api.w.org\/{rel}","templated":true}]}}