{"id":75297,"date":"2023-04-30T19:37:15","date_gmt":"2023-04-30T17:37:15","guid":{"rendered":"https:\/\/exaudi.org\/?p=75297"},"modified":"2023-04-30T19:45:45","modified_gmt":"2023-04-30T17:45:45","slug":"dare-ai-giovani-un-futuro-di-pace-e-speranza-non-di-guerra","status":"publish","type":"post","link":"https:\/\/exaudi.org\/it\/dare-ai-giovani-un-futuro-di-pace-e-speranza-non-di-guerra\/","title":{"rendered":"&#8220;Dare ai giovani un futuro di pace e speranza, non di guerra&#8221;"},"content":{"rendered":"<p>Ringrazio il Cardinale Erd\u0151 per le sue parole. Saluto la Signora Presidente, il Primo Ministro e le Autorit\u00e0 presenti. Ormai prossimo a rientrare a Roma, desidero esprimere riconoscenza a loro, ai fratelli Vescovi, ai sacerdoti, alle consacrate e ai consacrati e a tutto l\u2019amato popolo ungherese per l\u2019accoglienza e per l\u2019affetto che ho provato in questi giorni. Ed esprimo gratitudine a chi \u00e8 giunto qui da lontano e a chi ha tanto, e tanto bene, lavorato per questa visita. A tutti dico:\u00a0<i>k\u00f6sz\u00f6n\u00f6m<\/i>,\u00a0<i>Isten fizesse!\u00a0<\/i>[grazie, Dio vi ricompensi!] Un ricordo speciale per gli ammalati e per gli anziani, per chi non ha potuto essere qui, per chi si sente solo e per chi ha smarrito la fede in Dio e la speranza nella vita. Vi sono vicino, prego per voi e vi benedico.<\/p>\n<p>Saluto i Diplomatici e i fratelli e le sorelle di altre confessioni cristiane. Grazie per la vostra presenza e grazie perch\u00e9 in questo Paese confessioni e religioni diverse si incontrano e si sostengono a vicenda. Il Cardinale Erd\u0151 ha detto che qui si vive \u00abal confine orientale della cristianit\u00e0 occidentale da mille anni\u00bb. \u00c8 bello che i confini non rappresentino frontiere che separano, ma zone di contatto; e che i credenti in Cristo mettano al primo posto la carit\u00e0 che unisce e non le differenze storiche, culturali e religiose che dividono. Ci accomuna il Vangelo ed \u00e8 tornando l\u00ec, alle sorgenti, che il cammino tra i cristiani proseguir\u00e0 secondo la volont\u00e0 di Ges\u00f9, Buon Pastore che ci vuole uniti in un solo gregge.<\/p>\n<p>Ci rivolgiamo ora alla Madonna. A lei,\u00a0<i>Magna Domina Hungarorum<\/i>, che invocate come Regina e Patrona, affido tutti gli ungheresi. E da questa grande citt\u00e0 e da questo nobile Paese vorrei riporre nel suo cuore la fede e il futuro dell\u2019intero Continente europeo, a cui ho pensato in questi giorni, e in modo particolare la causa della pace. Santa Vergine, guarda ai popoli che pi\u00f9 soffrono. Guarda soprattutto al vicino martoriato popolo ucraino e al popolo russo, a te consacrati. Tu sei la Regina della pace, infondi nei cuori degli uomini e dei responsabili delle Nazioni il desiderio di costruire la pace, di dare alle giovani generazioni un futuro di speranza, non di guerra; un avvenire pieno di culle, non di tombe; un mondo di fratelli, non di muri.<\/p>\n<p>Noi guardiamo a te, Santa Madre di Dio: dopo la risurrezione di Ges\u00f9 hai accompagnato i primi passi della comunit\u00e0 cristiana, rendendola perseverante e concorde nella preghiera (cfr\u00a0<i>At<\/i>\u00a01,14). Cos\u00ec hai tenuto insieme i credenti, custodendo l\u2019unit\u00e0 con il tuo esempio docile e servizievole. Ti preghiamo per la Chiesa in Europa, perch\u00e9 ritrovi la forza della preghiera, perch\u00e9 riscopra in te l\u2019umilt\u00e0 e l\u2019obbedienza, l\u2019ardore della testimonianza e la bellezza dell\u2019annuncio. A te affidiamo questa Chiesa e questo Paese. Tu, che hai esultato per il tuo Figlio risorto, riempi i nostri cuori della sua gioia. Cari fratelli e sorelle, questo vi auguro, di diffondere la gioia di Cristo:\u00a0<i>Isten \u00e9ltessen<\/i>! [Auguri!]. Grato per questi giorni, vi porto nel cuore e vi chiedo di pregare per me.\u00a0<i>Isten \u00e1ld meg a magyart<\/i>! [Dio benedica gli ungheresi!]<\/p>\n<p><iframe loading=\"lazy\" title=\"30 April 2023, Budapest, Holy Mass and the Regina Caeli | Pope Francis\" width=\"500\" height=\"281\" src=\"https:\/\/www.youtube.com\/embed\/08Io_JMvWY4?feature=oembed\" frameborder=\"0\" allow=\"accelerometer; autoplay; clipboard-write; encrypted-media; gyroscope; picture-in-picture; web-share\" referrerpolicy=\"strict-origin-when-cross-origin\" allowfullscreen><\/iframe><\/p>\n","protected":false},"excerpt":{"rendered":"<p>Viaggio Apostolico in Ungheria: Regina Caeli<\/p>\n","protected":false},"author":17,"featured_media":75282,"comment_status":"closed","ping_status":"closed","sticky":false,"template":"","format":"standard","meta":{"_acf_changed":false,"_crdt_document":"","inline_featured_image":false,"footnotes":""},"categories":[67,1386,125],"tags":[9025,785,688,9033,483,4952],"class_list":["post-75297","post","type-post","status-publish","format-standard","has-post-thumbnail","hentry","category-leone-xiv","category-regina-coeli-it","category-viaggi-papali","tag-41-viaggio-apostolico","tag-guerra","tag-pace","tag-regina-caeli-30-aprile-2023","tag-speranza","tag-trending-it"],"acf":[],"yoast_head":"<!-- This site is optimized with the Yoast SEO plugin v27.4 - https:\/\/yoast.com\/product\/yoast-seo-wordpress\/ -->\n<title>&quot;Dare ai giovani un futuro di pace e speranza, non di guerra&quot; &#8211; Exaudi<\/title>\n<meta name=\"robots\" content=\"index, follow, max-snippet:-1, max-image-preview:large, max-video-preview:-1\" \/>\n<link rel=\"canonical\" href=\"https:\/\/exaudi.org\/it\/dare-ai-giovani-un-futuro-di-pace-e-speranza-non-di-guerra\/\" \/>\n<meta property=\"og:locale\" content=\"it_IT\" \/>\n<meta property=\"og:type\" content=\"article\" \/>\n<meta property=\"og:title\" content=\"&quot;Dare ai giovani un futuro di pace e speranza, non di guerra&quot; &#8211; Exaudi\" \/>\n<meta property=\"og:description\" content=\"Viaggio Apostolico in Ungheria: Regina Caeli\" \/>\n<meta property=\"og:url\" content=\"https:\/\/exaudi.org\/it\/dare-ai-giovani-un-futuro-di-pace-e-speranza-non-di-guerra\/\" \/>\n<meta property=\"og:site_name\" content=\"Exaudi\" \/>\n<meta property=\"article:publisher\" content=\"https:\/\/www.facebook.com\/ExaudiNews\" \/>\n<meta property=\"article:author\" content=\"https:\/\/www.facebook.com\/ExaudiNotizie\/\" \/>\n<meta property=\"article:published_time\" content=\"2023-04-30T17:37:15+00:00\" \/>\n<meta property=\"article:modified_time\" content=\"2023-04-30T17:45:45+00:00\" \/>\n<meta property=\"og:image\" content=\"https:\/\/exaudi.org\/wp-content\/uploads\/2023\/04\/cq5dam.thumbnail.cropped.750.422-1-18.jpeg\" \/>\n\t<meta property=\"og:image:width\" content=\"750\" \/>\n\t<meta property=\"og:image:height\" content=\"422\" \/>\n\t<meta property=\"og:image:type\" content=\"image\/jpeg\" \/>\n<meta name=\"author\" content=\"Exaudi Redazione\" \/>\n<meta name=\"twitter:card\" content=\"summary_large_image\" \/>\n<meta name=\"twitter:creator\" content=\"@Exaudi_Notizie\" \/>\n<meta name=\"twitter:site\" content=\"@Exaudi_News\" \/>\n<meta name=\"twitter:label1\" content=\"Scritto da\" \/>\n\t<meta name=\"twitter:data1\" content=\"Exaudi Redazione\" \/>\n\t<meta name=\"twitter:label2\" content=\"Tempo di lettura stimato\" \/>\n\t<meta name=\"twitter:data2\" content=\"3 minuti\" \/>\n<script type=\"application\/ld+json\" class=\"yoast-schema-graph\">{\"@context\":\"https:\\\/\\\/schema.org\",\"@graph\":[{\"@type\":\"Article\",\"@id\":\"https:\\\/\\\/exaudi.org\\\/it\\\/dare-ai-giovani-un-futuro-di-pace-e-speranza-non-di-guerra\\\/#article\",\"isPartOf\":{\"@id\":\"https:\\\/\\\/exaudi.org\\\/it\\\/dare-ai-giovani-un-futuro-di-pace-e-speranza-non-di-guerra\\\/\"},\"author\":{\"name\":\"Exaudi Redazione\",\"@id\":\"https:\\\/\\\/exaudi.org\\\/#\\\/schema\\\/person\\\/e1ab6ed07c01774724dd96f925f3a5f0\"},\"headline\":\"&#8220;Dare ai giovani un futuro di pace e speranza, non di guerra&#8221;\",\"datePublished\":\"2023-04-30T17:37:15+00:00\",\"dateModified\":\"2023-04-30T17:45:45+00:00\",\"mainEntityOfPage\":{\"@id\":\"https:\\\/\\\/exaudi.org\\\/it\\\/dare-ai-giovani-un-futuro-di-pace-e-speranza-non-di-guerra\\\/\"},\"wordCount\":549,\"image\":{\"@id\":\"https:\\\/\\\/exaudi.org\\\/it\\\/dare-ai-giovani-un-futuro-di-pace-e-speranza-non-di-guerra\\\/#primaryimage\"},\"thumbnailUrl\":\"https:\\\/\\\/exaudi.org\\\/wp-content\\\/uploads\\\/2023\\\/04\\\/cq5dam.thumbnail.cropped.750.422-1-18.jpeg\",\"keywords\":[\"41\u00b0 viaggio apostolico\",\"guerra\",\"pace\",\"Regina Caeli 30 aprile 2023\",\"speranza\",\"Trending\"],\"articleSection\":[\"Leone XIV\",\"Regina Coeli\",\"Viaggi papali\"],\"inLanguage\":\"it-IT\"},{\"@type\":\"WebPage\",\"@id\":\"https:\\\/\\\/exaudi.org\\\/it\\\/dare-ai-giovani-un-futuro-di-pace-e-speranza-non-di-guerra\\\/\",\"url\":\"https:\\\/\\\/exaudi.org\\\/it\\\/dare-ai-giovani-un-futuro-di-pace-e-speranza-non-di-guerra\\\/\",\"name\":\"\\\"Dare ai giovani un futuro di pace e speranza, non di guerra\\\" &#8211; Exaudi\",\"isPartOf\":{\"@id\":\"https:\\\/\\\/exaudi.org\\\/#website\"},\"primaryImageOfPage\":{\"@id\":\"https:\\\/\\\/exaudi.org\\\/it\\\/dare-ai-giovani-un-futuro-di-pace-e-speranza-non-di-guerra\\\/#primaryimage\"},\"image\":{\"@id\":\"https:\\\/\\\/exaudi.org\\\/it\\\/dare-ai-giovani-un-futuro-di-pace-e-speranza-non-di-guerra\\\/#primaryimage\"},\"thumbnailUrl\":\"https:\\\/\\\/exaudi.org\\\/wp-content\\\/uploads\\\/2023\\\/04\\\/cq5dam.thumbnail.cropped.750.422-1-18.jpeg\",\"datePublished\":\"2023-04-30T17:37:15+00:00\",\"dateModified\":\"2023-04-30T17:45:45+00:00\",\"author\":{\"@id\":\"https:\\\/\\\/exaudi.org\\\/#\\\/schema\\\/person\\\/e1ab6ed07c01774724dd96f925f3a5f0\"},\"breadcrumb\":{\"@id\":\"https:\\\/\\\/exaudi.org\\\/it\\\/dare-ai-giovani-un-futuro-di-pace-e-speranza-non-di-guerra\\\/#breadcrumb\"},\"inLanguage\":\"it-IT\",\"potentialAction\":[{\"@type\":\"ReadAction\",\"target\":[\"https:\\\/\\\/exaudi.org\\\/it\\\/dare-ai-giovani-un-futuro-di-pace-e-speranza-non-di-guerra\\\/\"]}]},{\"@type\":\"ImageObject\",\"inLanguage\":\"it-IT\",\"@id\":\"https:\\\/\\\/exaudi.org\\\/it\\\/dare-ai-giovani-un-futuro-di-pace-e-speranza-non-di-guerra\\\/#primaryimage\",\"url\":\"https:\\\/\\\/exaudi.org\\\/wp-content\\\/uploads\\\/2023\\\/04\\\/cq5dam.thumbnail.cropped.750.422-1-18.jpeg\",\"contentUrl\":\"https:\\\/\\\/exaudi.org\\\/wp-content\\\/uploads\\\/2023\\\/04\\\/cq5dam.thumbnail.cropped.750.422-1-18.jpeg\",\"width\":750,\"height\":422,\"caption\":\"(C) Vatican Media\"},{\"@type\":\"BreadcrumbList\",\"@id\":\"https:\\\/\\\/exaudi.org\\\/it\\\/dare-ai-giovani-un-futuro-di-pace-e-speranza-non-di-guerra\\\/#breadcrumb\",\"itemListElement\":[{\"@type\":\"ListItem\",\"position\":1,\"name\":\"Portada\",\"item\":\"https:\\\/\\\/exaudi.org\\\/it\\\/\"},{\"@type\":\"ListItem\",\"position\":2,\"name\":\"&#8220;Dare ai giovani un futuro di pace e speranza, non di guerra&#8221;\"}]},{\"@type\":\"WebSite\",\"@id\":\"https:\\\/\\\/exaudi.org\\\/#website\",\"url\":\"https:\\\/\\\/exaudi.org\\\/\",\"name\":\"Exaudi\",\"description\":\"News\",\"potentialAction\":[{\"@type\":\"SearchAction\",\"target\":{\"@type\":\"EntryPoint\",\"urlTemplate\":\"https:\\\/\\\/exaudi.org\\\/?s={search_term_string}\"},\"query-input\":{\"@type\":\"PropertyValueSpecification\",\"valueRequired\":true,\"valueName\":\"search_term_string\"}}],\"inLanguage\":\"it-IT\"},{\"@type\":\"Person\",\"@id\":\"https:\\\/\\\/exaudi.org\\\/#\\\/schema\\\/person\\\/e1ab6ed07c01774724dd96f925f3a5f0\",\"name\":\"Exaudi Redazione\",\"image\":{\"@type\":\"ImageObject\",\"inLanguage\":\"it-IT\",\"@id\":\"https:\\\/\\\/secure.gravatar.com\\\/avatar\\\/ad6774b3ada023bf5b939d64f45c94b3adf91502dd883507d469b4308a943bb3?s=96&d=mm&r=g\",\"url\":\"https:\\\/\\\/secure.gravatar.com\\\/avatar\\\/ad6774b3ada023bf5b939d64f45c94b3adf91502dd883507d469b4308a943bb3?s=96&d=mm&r=g\",\"contentUrl\":\"https:\\\/\\\/secure.gravatar.com\\\/avatar\\\/ad6774b3ada023bf5b939d64f45c94b3adf91502dd883507d469b4308a943bb3?s=96&d=mm&r=g\",\"caption\":\"Exaudi Redazione\"},\"description\":\"Che cosa \u00e8 Exaudi News? Exaudi News \u00e8 un agenzia cattolica internazionale che informa, istruisce e trasforma quotidianamente in spagnolo, inglese e italiano. Attraverso notizie, articoli di analisi e trasmissioni in diretta degli eventi del Papa, Exaudi cerca di rafforzare l'unit\u00e0 dei cristiani e di contribuire all'evangelizzazione del mondo, sempre guidato dalla dottrina sociale della Chiesa. Lavoriamo per portare la verit\u00e0 e i valori cristiani in ogni angolo del pianeta. Aiutaci a trasformare il mondo con Exaudi! Noi di Exaudi crediamo che l'evangelizzazione e l'informazione di qualit\u00e0 possano cambiare la vita. Per continuare la nostra missione ed espandere la nostra portata, abbiamo bisogno del tuo aiuto. Stiamo anche cercando persone motivate che vogliano unirsi al nostro team. Grazie al vostro sostegno raggiungeremo pi\u00f9 persone, diffonderemo il messaggio di Cristo e rafforzeremo l'unit\u00e0 dei cristiani. Vuoi unirti alla nostra missione? Per maggiori informazioni su come contribuire, visita Exaudi.org\\\/it o contattaci direttamente: info@exaudi.org Exaudi: informa, forma e trasforma.\",\"sameAs\":[\"https:\\\/\\\/www.facebook.com\\\/ExaudiNotizie\\\/\",\"https:\\\/\\\/www.instagram.com\\\/Exaudi_notizie\\\/\",\"https:\\\/\\\/x.com\\\/Exaudi_Notizie\",\"https:\\\/\\\/www.youtube.com\\\/@exaudicatholicnews\"],\"url\":\"https:\\\/\\\/exaudi.org\\\/it\\\/author\\\/dlvedi-org\\\/\"}]}<\/script>\n<!-- \/ Yoast SEO plugin. -->","yoast_head_json":{"title":"\"Dare ai giovani un futuro di pace e speranza, non di guerra\" &#8211; Exaudi","robots":{"index":"index","follow":"follow","max-snippet":"max-snippet:-1","max-image-preview":"max-image-preview:large","max-video-preview":"max-video-preview:-1"},"canonical":"https:\/\/exaudi.org\/it\/dare-ai-giovani-un-futuro-di-pace-e-speranza-non-di-guerra\/","og_locale":"it_IT","og_type":"article","og_title":"\"Dare ai giovani un futuro di pace e speranza, non di guerra\" &#8211; Exaudi","og_description":"Viaggio Apostolico in Ungheria: Regina Caeli","og_url":"https:\/\/exaudi.org\/it\/dare-ai-giovani-un-futuro-di-pace-e-speranza-non-di-guerra\/","og_site_name":"Exaudi","article_publisher":"https:\/\/www.facebook.com\/ExaudiNews","article_author":"https:\/\/www.facebook.com\/ExaudiNotizie\/","article_published_time":"2023-04-30T17:37:15+00:00","article_modified_time":"2023-04-30T17:45:45+00:00","og_image":[{"width":750,"height":422,"url":"https:\/\/exaudi.org\/wp-content\/uploads\/2023\/04\/cq5dam.thumbnail.cropped.750.422-1-18.jpeg","type":"image\/jpeg"}],"author":"Exaudi Redazione","twitter_card":"summary_large_image","twitter_creator":"@Exaudi_Notizie","twitter_site":"@Exaudi_News","twitter_misc":{"Scritto da":"Exaudi Redazione","Tempo di lettura stimato":"3 minuti"},"schema":{"@context":"https:\/\/schema.org","@graph":[{"@type":"Article","@id":"https:\/\/exaudi.org\/it\/dare-ai-giovani-un-futuro-di-pace-e-speranza-non-di-guerra\/#article","isPartOf":{"@id":"https:\/\/exaudi.org\/it\/dare-ai-giovani-un-futuro-di-pace-e-speranza-non-di-guerra\/"},"author":{"name":"Exaudi Redazione","@id":"https:\/\/exaudi.org\/#\/schema\/person\/e1ab6ed07c01774724dd96f925f3a5f0"},"headline":"&#8220;Dare ai giovani un futuro di pace e speranza, non di guerra&#8221;","datePublished":"2023-04-30T17:37:15+00:00","dateModified":"2023-04-30T17:45:45+00:00","mainEntityOfPage":{"@id":"https:\/\/exaudi.org\/it\/dare-ai-giovani-un-futuro-di-pace-e-speranza-non-di-guerra\/"},"wordCount":549,"image":{"@id":"https:\/\/exaudi.org\/it\/dare-ai-giovani-un-futuro-di-pace-e-speranza-non-di-guerra\/#primaryimage"},"thumbnailUrl":"https:\/\/exaudi.org\/wp-content\/uploads\/2023\/04\/cq5dam.thumbnail.cropped.750.422-1-18.jpeg","keywords":["41\u00b0 viaggio apostolico","guerra","pace","Regina Caeli 30 aprile 2023","speranza","Trending"],"articleSection":["Leone XIV","Regina Coeli","Viaggi papali"],"inLanguage":"it-IT"},{"@type":"WebPage","@id":"https:\/\/exaudi.org\/it\/dare-ai-giovani-un-futuro-di-pace-e-speranza-non-di-guerra\/","url":"https:\/\/exaudi.org\/it\/dare-ai-giovani-un-futuro-di-pace-e-speranza-non-di-guerra\/","name":"\"Dare ai giovani un futuro di pace e speranza, non di guerra\" &#8211; Exaudi","isPartOf":{"@id":"https:\/\/exaudi.org\/#website"},"primaryImageOfPage":{"@id":"https:\/\/exaudi.org\/it\/dare-ai-giovani-un-futuro-di-pace-e-speranza-non-di-guerra\/#primaryimage"},"image":{"@id":"https:\/\/exaudi.org\/it\/dare-ai-giovani-un-futuro-di-pace-e-speranza-non-di-guerra\/#primaryimage"},"thumbnailUrl":"https:\/\/exaudi.org\/wp-content\/uploads\/2023\/04\/cq5dam.thumbnail.cropped.750.422-1-18.jpeg","datePublished":"2023-04-30T17:37:15+00:00","dateModified":"2023-04-30T17:45:45+00:00","author":{"@id":"https:\/\/exaudi.org\/#\/schema\/person\/e1ab6ed07c01774724dd96f925f3a5f0"},"breadcrumb":{"@id":"https:\/\/exaudi.org\/it\/dare-ai-giovani-un-futuro-di-pace-e-speranza-non-di-guerra\/#breadcrumb"},"inLanguage":"it-IT","potentialAction":[{"@type":"ReadAction","target":["https:\/\/exaudi.org\/it\/dare-ai-giovani-un-futuro-di-pace-e-speranza-non-di-guerra\/"]}]},{"@type":"ImageObject","inLanguage":"it-IT","@id":"https:\/\/exaudi.org\/it\/dare-ai-giovani-un-futuro-di-pace-e-speranza-non-di-guerra\/#primaryimage","url":"https:\/\/exaudi.org\/wp-content\/uploads\/2023\/04\/cq5dam.thumbnail.cropped.750.422-1-18.jpeg","contentUrl":"https:\/\/exaudi.org\/wp-content\/uploads\/2023\/04\/cq5dam.thumbnail.cropped.750.422-1-18.jpeg","width":750,"height":422,"caption":"(C) Vatican Media"},{"@type":"BreadcrumbList","@id":"https:\/\/exaudi.org\/it\/dare-ai-giovani-un-futuro-di-pace-e-speranza-non-di-guerra\/#breadcrumb","itemListElement":[{"@type":"ListItem","position":1,"name":"Portada","item":"https:\/\/exaudi.org\/it\/"},{"@type":"ListItem","position":2,"name":"&#8220;Dare ai giovani un futuro di pace e speranza, non di guerra&#8221;"}]},{"@type":"WebSite","@id":"https:\/\/exaudi.org\/#website","url":"https:\/\/exaudi.org\/","name":"Exaudi","description":"News","potentialAction":[{"@type":"SearchAction","target":{"@type":"EntryPoint","urlTemplate":"https:\/\/exaudi.org\/?s={search_term_string}"},"query-input":{"@type":"PropertyValueSpecification","valueRequired":true,"valueName":"search_term_string"}}],"inLanguage":"it-IT"},{"@type":"Person","@id":"https:\/\/exaudi.org\/#\/schema\/person\/e1ab6ed07c01774724dd96f925f3a5f0","name":"Exaudi Redazione","image":{"@type":"ImageObject","inLanguage":"it-IT","@id":"https:\/\/secure.gravatar.com\/avatar\/ad6774b3ada023bf5b939d64f45c94b3adf91502dd883507d469b4308a943bb3?s=96&d=mm&r=g","url":"https:\/\/secure.gravatar.com\/avatar\/ad6774b3ada023bf5b939d64f45c94b3adf91502dd883507d469b4308a943bb3?s=96&d=mm&r=g","contentUrl":"https:\/\/secure.gravatar.com\/avatar\/ad6774b3ada023bf5b939d64f45c94b3adf91502dd883507d469b4308a943bb3?s=96&d=mm&r=g","caption":"Exaudi Redazione"},"description":"Che cosa \u00e8 Exaudi News? Exaudi News \u00e8 un agenzia cattolica internazionale che informa, istruisce e trasforma quotidianamente in spagnolo, inglese e italiano. Attraverso notizie, articoli di analisi e trasmissioni in diretta degli eventi del Papa, Exaudi cerca di rafforzare l'unit\u00e0 dei cristiani e di contribuire all'evangelizzazione del mondo, sempre guidato dalla dottrina sociale della Chiesa. Lavoriamo per portare la verit\u00e0 e i valori cristiani in ogni angolo del pianeta. Aiutaci a trasformare il mondo con Exaudi! Noi di Exaudi crediamo che l'evangelizzazione e l'informazione di qualit\u00e0 possano cambiare la vita. Per continuare la nostra missione ed espandere la nostra portata, abbiamo bisogno del tuo aiuto. Stiamo anche cercando persone motivate che vogliano unirsi al nostro team. Grazie al vostro sostegno raggiungeremo pi\u00f9 persone, diffonderemo il messaggio di Cristo e rafforzeremo l'unit\u00e0 dei cristiani. Vuoi unirti alla nostra missione? Per maggiori informazioni su come contribuire, visita Exaudi.org\/it o contattaci direttamente: info@exaudi.org Exaudi: informa, forma e trasforma.","sameAs":["https:\/\/www.facebook.com\/ExaudiNotizie\/","https:\/\/www.instagram.com\/Exaudi_notizie\/","https:\/\/x.com\/Exaudi_Notizie","https:\/\/www.youtube.com\/@exaudicatholicnews"],"url":"https:\/\/exaudi.org\/it\/author\/dlvedi-org\/"}]}},"jetpack_featured_media_url":"https:\/\/exaudi.org\/wp-content\/uploads\/2023\/04\/cq5dam.thumbnail.cropped.750.422-1-18.jpeg","jetpack_shortlink":"https:\/\/wp.me\/pgKjF2-jAt","_links":{"self":[{"href":"https:\/\/exaudi.org\/it\/wp-json\/wp\/v2\/posts\/75297","targetHints":{"allow":["GET"]}}],"collection":[{"href":"https:\/\/exaudi.org\/it\/wp-json\/wp\/v2\/posts"}],"about":[{"href":"https:\/\/exaudi.org\/it\/wp-json\/wp\/v2\/types\/post"}],"author":[{"embeddable":true,"href":"https:\/\/exaudi.org\/it\/wp-json\/wp\/v2\/users\/17"}],"replies":[{"embeddable":true,"href":"https:\/\/exaudi.org\/it\/wp-json\/wp\/v2\/comments?post=75297"}],"version-history":[{"count":0,"href":"https:\/\/exaudi.org\/it\/wp-json\/wp\/v2\/posts\/75297\/revisions"}],"wp:featuredmedia":[{"embeddable":true,"href":"https:\/\/exaudi.org\/it\/wp-json\/wp\/v2\/media\/75282"}],"wp:attachment":[{"href":"https:\/\/exaudi.org\/it\/wp-json\/wp\/v2\/media?parent=75297"}],"wp:term":[{"taxonomy":"category","embeddable":true,"href":"https:\/\/exaudi.org\/it\/wp-json\/wp\/v2\/categories?post=75297"},{"taxonomy":"post_tag","embeddable":true,"href":"https:\/\/exaudi.org\/it\/wp-json\/wp\/v2\/tags?post=75297"}],"curies":[{"name":"wp","href":"https:\/\/api.w.org\/{rel}","templated":true}]}}