{"id":75129,"date":"2023-04-28T16:13:37","date_gmt":"2023-04-28T14:13:37","guid":{"rendered":"https:\/\/exaudi.org\/?p=75129"},"modified":"2023-04-28T16:13:37","modified_gmt":"2023-04-28T14:13:37","slug":"viaggio-apostolico-di-papa-francesco-in-ungheria-2","status":"publish","type":"post","link":"https:\/\/exaudi.org\/it\/viaggio-apostolico-di-papa-francesco-in-ungheria-2\/","title":{"rendered":"Viaggio Apostolico di Papa Francesco in Ungheria"},"content":{"rendered":"<p><b><u>Accoglienza Ufficiale all\u2019Aeroporto Internazionale di Budapest<\/u><\/b><\/p>\n<p>Al Suo arrivo all\u2019Aeroporto Internazionale\u00a0<i>Ferenc Liszt<\/i>\u00a0di Budapest, il Santo Padre Francesco \u00e8 stato accolto dal Vice-Primo Ministro della Repubblica di Ungheria, S.E. il Signor Zsolt Semj\u00e9n. Due bambini in abito tradizionale gli hanno offerto il pane e il sale.<\/p>\n<p>Quindi, dopo la presentazione delle Delegazioni locali, il Papa e il Vice-Primo Ministro si sono recati presso\u00a0<i>la Sala Vip<\/i>\u00a0dell\u2019Aeroporto per un breve incontro.<\/p>\n<p>Al termine, Papa Francesco si \u00e8 trasferito in auto al Palazzo S\u00e1ndor per la Cerimonia di Benvenuto, la Visita di cortesia alla Presidente della Repubblica e l\u2019incontro con il Primo Ministro.<\/p>\n<p><img loading=\"lazy\" decoding=\"async\" class=\"size-medium wp-image-75130 alignleft\" src=\"https:\/\/exaudi.org\/wp-content\/uploads\/2023\/04\/cq5dam.web_.800.800-14-300x200.jpeg\" alt=\"\" width=\"300\" height=\"200\" srcset=\"https:\/\/exaudi.org\/wp-content\/uploads\/2023\/04\/cq5dam.web_.800.800-14-300x200.jpeg 300w, https:\/\/exaudi.org\/wp-content\/uploads\/2023\/04\/cq5dam.web_.800.800-14-770x513.jpeg 770w, https:\/\/exaudi.org\/wp-content\/uploads\/2023\/04\/cq5dam.web_.800.800-14-360x240.jpeg?crop=1 360w, https:\/\/exaudi.org\/wp-content\/uploads\/2023\/04\/cq5dam.web_.800.800-14-500x333.jpeg 500w, https:\/\/exaudi.org\/wp-content\/uploads\/2023\/04\/cq5dam.web_.800.800-14-370x247.jpeg 370w, https:\/\/exaudi.org\/wp-content\/uploads\/2023\/04\/cq5dam.web_.800.800-14-293x195.jpeg 293w, https:\/\/exaudi.org\/wp-content\/uploads\/2023\/04\/cq5dam.web_.800.800-14-120x80.jpeg 120w, https:\/\/exaudi.org\/wp-content\/uploads\/2023\/04\/cq5dam.web_.800.800-14-240x160.jpeg 240w, https:\/\/exaudi.org\/wp-content\/uploads\/2023\/04\/cq5dam.web_.800.800-14-390x260.jpeg 390w, https:\/\/exaudi.org\/wp-content\/uploads\/2023\/04\/cq5dam.web_.800.800-14.jpeg 800w\" sizes=\"auto, (max-width: 300px) 100vw, 300px\" \/><\/p>\n<p><a name=\"benvenuto\"><\/a><b><u>Cerimonia di Benvenuto, Visita di cortesia alla Presidente della Repubblica e Incontro con il Primo Ministro presso il Palazzo S\u00e1ndor<\/u><\/b><\/p>\n<p>Alle ore 11.15, il Santo Padre \u00e8 giunto al Palazzo S\u00e1ndor dove ha avuto luogo la Cerimonia Ufficiale di Benvenuto.<\/p>\n<p>Al Suo arrivo<b>\u00a0<\/b>il Papa \u00e8 stato accolto dalla Presidente della Repubblica di Ungheria, S.E. la Signora Katalin Nov\u00e1k, nel piazzale antistante il Palazzo.<\/p>\n<p>Dopo la presentazione delle rispettive Delegazioni, l\u2019onore alle bandiere, l\u2019esecuzione degli inni e la Guardia d\u2019Onore, il Papa e la Presidente hanno raggiunto la\u00a0<i>Sala Empire\u00a0<\/i>per la foto Ufficiale e la Firma del Libro d\u2019Onore. Quindi si sono diretti nella\u00a0<i>Sala Blu,\u00a0<\/i>dove, dopo lo scambio dei doni, si \u00e8 svolto l\u2019incontro privato e la presentazione della famiglia.<\/p>\n<p>Parallelamente, nell\u2019adiacente sala, ha avuto luogo un incontro tra il Cardinale Segretario di Stato e il Primo Ministro, alla presenza del Sostituto della Segreteria di Stato, del Segretario per i Rapporti con gli Stati e le Organizzazioni Internazionali, del Nunzio Apostolico e del Consigliere della Nunziatura.<\/p>\n<p>Al termine della visita di cortesia, la Presidente ha accompagnato il Papa nella\u00a0<i>Sala Maria Teresa<\/i>\u00a0dove si \u00e8 svolto un breve incontro privato con il Primo Ministro della Repubblica di Ungheria, S.E. il Signor Viktor Orb\u00e1n, e i familiari.<\/p>\n<p>Quindi, il Papa si \u00e8 recato nella\u00a0<i>Sala dell\u2019ex Monastero Carmelitano<\/i>\u00a0per l\u2019Incontro con le Autorit\u00e0, la Societ\u00e0 Civile e il Corpo Diplomatico.<\/p>\n<p><img loading=\"lazy\" decoding=\"async\" class=\"size-medium wp-image-75133 alignright\" src=\"https:\/\/exaudi.org\/wp-content\/uploads\/2023\/04\/cq5dam.web_.800.800-1-7-300x200.jpeg\" alt=\"\" width=\"300\" height=\"200\" srcset=\"https:\/\/exaudi.org\/wp-content\/uploads\/2023\/04\/cq5dam.web_.800.800-1-7-300x200.jpeg 300w, https:\/\/exaudi.org\/wp-content\/uploads\/2023\/04\/cq5dam.web_.800.800-1-7-770x513.jpeg 770w, https:\/\/exaudi.org\/wp-content\/uploads\/2023\/04\/cq5dam.web_.800.800-1-7-360x240.jpeg?crop=1 360w, https:\/\/exaudi.org\/wp-content\/uploads\/2023\/04\/cq5dam.web_.800.800-1-7-500x333.jpeg 500w, https:\/\/exaudi.org\/wp-content\/uploads\/2023\/04\/cq5dam.web_.800.800-1-7-370x247.jpeg 370w, https:\/\/exaudi.org\/wp-content\/uploads\/2023\/04\/cq5dam.web_.800.800-1-7-293x195.jpeg 293w, https:\/\/exaudi.org\/wp-content\/uploads\/2023\/04\/cq5dam.web_.800.800-1-7-120x80.jpeg 120w, https:\/\/exaudi.org\/wp-content\/uploads\/2023\/04\/cq5dam.web_.800.800-1-7-240x160.jpeg 240w, https:\/\/exaudi.org\/wp-content\/uploads\/2023\/04\/cq5dam.web_.800.800-1-7-390x260.jpeg 390w, https:\/\/exaudi.org\/wp-content\/uploads\/2023\/04\/cq5dam.web_.800.800-1-7.jpeg 800w\" sizes=\"auto, (max-width: 300px) 100vw, 300px\" \/><\/p>\n<p><a name=\"autorita\"><\/a><b><u>Incontro con le Autorit\u00e0, la Societ\u00e0 Civile e il Corpo Diplomatico presso il Palazzo S\u00e1ndor<\/u><\/b><\/p>\n<p>Alle ore 12.50, nella\u00a0<i>Sala dell\u2019ex Monastero Carmelitano<\/i>\u00a0presso il Palazzo S\u00e1ndor, il Santo Padre Francesco ha incontrato le Autorit\u00e0 politiche e religiose, i Rappresentanti della Societ\u00e0 Civile e della Cultura e i Membri del Corpo Diplomatico.<\/p>\n<p>Dopo il discorso della Presidente della Repubblica di Ungheria, S.E. la Signora Katalin Nov\u00e1k, il Papa ha pronunciato il Suo discorso.<\/p>\n<p>Al termine dell\u2019Incontro con le Autorit\u00e0, accompagnato dalla Presidente e dal Primo Ministro, il Santo Padre si \u00e8 recato sul terrazzo dietro l\u2019ex Convento dei Carmelitani, da cui si vede la sottostante citt\u00e0 di Budapest.<\/p>\n<p>Quindi Papa Francesco si \u00e8 trasferito in auto alla Nunziatura Apostolica dove, al Suo arrivo, \u00e8 stato accolto dal Personale della Rappresentanza Pontificia.<\/p>\n<p>Pubblichiamo di seguito il discorso che il Papa ha pronunciato nel corso dell\u2019Incontro con le Autorit\u00e0, la Societ\u00e0 Civile e il Corpo Diplomatico:<\/p>\n<p><iframe loading=\"lazy\" title=\"Budapest, Meeting with Authorities, 28 April 2023, Pope Francis\" width=\"500\" height=\"281\" src=\"https:\/\/www.youtube.com\/embed\/5yQDbTmUNBQ?feature=oembed\" frameborder=\"0\" allow=\"accelerometer; autoplay; clipboard-write; encrypted-media; gyroscope; picture-in-picture; web-share\" referrerpolicy=\"strict-origin-when-cross-origin\" allowfullscreen><\/iframe><\/p>\n<p><a name=\"ita\"><\/a><b><u>Discorso del Santo Padre<\/u><\/b><\/p>\n<p>Signora Presidente della Repubblica,<br \/>\nSignor Primo Ministro,<br \/>\ndistinti Membri del Governo e del Corpo diplomatico,<br \/>\nillustri Autorit\u00e0 e Rappresentanti della societ\u00e0 civile,<br \/>\nSignore e Signori!<\/p>\n<p>Vi saluto cordialmente e ringrazio la Signora Presidente per l\u2019accoglienza e anche per le sue gentili e profonde parole. La politica nasce dalla citt\u00e0, dalla\u00a0<i>polis<\/i>, dalla passione concreta per il vivere insieme garantendo diritti e rispettando doveri. Poche citt\u00e0 ci aiutano a riflettere su questo come Budapest, che non \u00e8 solo una capitale signorile e vitale, ma un luogo centrale nella storia: testimone di svolte significative lungo i secoli, \u00e8 chiamata ad essere protagonista del presente e del futuro; qui, come scrisse un vostro grande poeta, \u00absi abbracciano le morbide onde del Danubio, che \u00e8 passato, presente e futuro\u00bb (A. J\u00f3zsef,\u00a0<i>Al Danubio<\/i>). Vorrei dunque condividere alcuni pensieri, prendendo spunto da Budapest in quanto\u00a0<i>citt\u00e0 di storia<\/i>,\u00a0<i>citt\u00e0 di ponti\u00a0<\/i>e\u00a0<i>citt\u00e0 di santi<\/i>.<\/p>\n<p>1.<i>\u00a0Citt\u00e0 di storia<\/i>. Questa capitale ha origini antiche, come testimoniano i resti di epoca celtica e romana. Il suo splendore ci riporta per\u00f2 alla modernit\u00e0, quando fu capitale dell\u2019Impero austro-ungarico lungo quel periodo di pace noto come belle \u00e9poque, che si estese dagli anni della sua fondazione fino alla prima guerra mondiale. Sorta in tempo di pace, ha conosciuto dolorosi conflitti: non solo invasioni di tempi lontani ma, nello scorso secolo, violenze e oppressioni provocate dalle dittature nazista e comunista \u2013 come scordare il 1956? E, durante la seconda guerra mondiale, la deportazione di decine e decine di migliaia di abitanti, con la restante popolazione di origine ebraica rinchiusa nel ghetto e sottoposta a numerosi eccidi. In tale contesto ci sono stati molti giusti valorosi \u2013 penso al Nunzio Angelo Rotta, per esempio \u2013, tanta resilienza e grande impegno nel ricostruire, cos\u00ec che Budapest oggi \u00e8 una delle citt\u00e0 europee con la maggior percentuale di popolazione ebraica, centro di un Paese che conosce il valore della libert\u00e0 e che, dopo aver pagato un alto prezzo alle dittature, porta in s\u00e9 la missione di custodire il tesoro della democrazia e il sogno della pace.<\/p>\n<p>A tale riguardo, vorrei tornare sulla fondazione di Budapest, che quest\u2019anno si celebra solennemente. Essa avvenne infatti 150 anni fa, nel 1873, dall\u2019unione di tre citt\u00e0: Buda e \u00d3buda a ovest del Danubio con Pest, situata sulla riva opposta. La nascita di questa grande capitale nel cuore del continente richiama il cammino unitario intrapreso dall\u2019Europa, nella quale l\u2019Ungheria trova il proprio alveo vitale. Nel dopoguerra l\u2019Europa ha rappresentato, insieme alle Nazioni Unite, la grande speranza, nel comune obiettivo che un pi\u00f9 stretto legame fra le Nazioni prevenisse ulteriori conflitti. Purtroppo non \u00e8 stato cos\u00ec. Nel mondo in cui viviamo, tuttavia, la passione per la politica comunitaria e per la multilateralit\u00e0 sembra un bel ricordo del passato: pare di assistere al triste tramonto del sogno corale di pace, mentre si fanno spazio i solisti della guerra. In generale, sembra essersi disgregato negli animi l\u2019entusiasmo di edificare una comunit\u00e0 delle nazioni pacifica e stabile, mentre si marcano le zone, si segnano le differenze, tornano a ruggire i nazionalismi e si esasperano giudizi e toni nei confronti degli altri. A livello internazionale pare persino che la politica abbia come effetto quello di infiammare gli animi anzich\u00e9 di risolvere i problemi, dimentica della maturit\u00e0 raggiunta dopo gli orrori della guerra e regredita a una sorta di infantilismo bellico. Ma la pace non verr\u00e0 mai dal perseguimento dei propri interessi strategici, bens\u00ec da politiche capaci di guardare all\u2019insieme, allo sviluppo di tutti: attente alle persone, ai poveri e al domani; non solo al potere, ai guadagni e alle opportunit\u00e0 del presente.<\/p>\n<p>In questo frangente storico l\u2019Europa \u00e8 fondamentale. Perch\u00e9 essa, grazie alla sua storia, rappresenta\u00a0<i>la memoria dell\u2019umanit\u00e0<\/i>\u00a0ed \u00e8 perci\u00f2 chiamata a interpretare il ruolo che le corrisponde: quello di unire i distanti, di accogliere al suo interno i popoli e di non lasciare nessuno per sempre nemico. \u00c8 dunque essenziale\u00a0<i>ritrovare l\u2019anima europea<\/i>: l\u2019entusiasmo e il sogno dei padri fondatori, statisti che hanno saputo guardare oltre il proprio tempo, oltre i confini nazionali e i bisogni immediati, generando diplomazie capaci di ricucire l\u2019unit\u00e0, non di allargare gli strappi. Penso a quando De Gasperi, a una tavola rotonda cui parteciparono anche Schuman e Adenauer, disse: \u00ab\u00c8 per se stessa, non per opporla ad altri, che noi preconizziamo l\u2019Europa unita\u2026 lavoriamo per l\u2019unit\u00e0, non per la divisione\u00bb (<i>Intervento alla Tavola rotonda d\u2019Europa,<\/i>\u00a0Roma, 13 ottobre 1953). E ancora, a quanto disse Schuman: \u00abIl contributo che un\u2019Europa organizzata e vitale pu\u00f2 apportare alla civilt\u00e0 \u00e8 indispensabile per il mantenimento di relazioni pacifiche\u00bb, in quanto \u2013 parole memorabili! \u2013 \u00abla pace mondiale non potr\u00e0 essere salvaguardata se non con\u00a0<i>sforzi creativi<\/i>, proporzionali ai pericoli che la minacciano\u00bb (<i>Dichiarazione Schuman<\/i>, 9 maggio 1950). In questa fase storica i pericoli sono tanti; ma, mi chiedo, anche pensando alla martoriata Ucraina, dove sono gli sforzi creativi di pace?<\/p>\n<p>2. Budapest \u00e8\u00a0<i>citt\u00e0 di ponti<\/i>. Vista dall\u2019alto, \u201cla perla del Danubio\u201d mostra la sua peculiarit\u00e0 proprio grazie ai ponti che ne uniscono le parti, armonizzandone la configurazione a quella del grande fiume. Quest\u2019armonia con l\u2019ambiente mi porta a complimentarmi per la cura ecologica che questo Paese persegue con grande impegno. Ma i ponti, che congiungono realt\u00e0 diverse, suggeriscono pure di riflettere sull\u2019importanza di un\u2019unit\u00e0 che non significhi uniformit\u00e0. A Budapest ci\u00f2 emerge dalla notevole variet\u00e0 delle circoscrizioni che la compongono, pi\u00f9 di venti. Anche l\u2019Europa dei ventisette, costruita per creare ponti tra le nazioni, necessita del contributo di tutti senza sminuire la singolarit\u00e0 di alcuno. Al riguardo un padre fondatore preconizzava: \u00abL\u2019Europa esister\u00e0 e nulla sar\u00e0 perduto di quanto fece la gloria e la felicit\u00e0 di ogni nazione. \u00c8 proprio in una societ\u00e0 pi\u00f9 vasta, in un\u2019armonia pi\u00f9 potente, che l\u2019individuo pu\u00f2 affermarsi\u00bb (<i>Intervento cit.<\/i>). C\u2019\u00e8 bisogno di questa armonia: di un insieme che non appiattisca le parti e di parti che si sentano ben integrate nell\u2019insieme, ma conservando la propria identit\u00e0. \u00c8 significativo in proposito quanto afferma la Costituzione ungherese: \u00abLa libert\u00e0 individuale pu\u00f2 svilupparsi solo nella collaborazione con gli altri\u00bb; e ancora: \u00abRiteniamo che la nostra cultura nazionale sia un ricco contributo alla multicolore unit\u00e0 europea\u00bb.<\/p>\n<p>Penso dunque a un\u2019Europa che non sia ostaggio delle parti, diventando preda di populismi autoreferenziali, ma che nemmeno si trasformi in una realt\u00e0 fluida, se non gassosa, in una sorta di sovranazionalismo astratto, dimentico della vita dei popoli. \u00c8 questa la via nefasta delle \u201ccolonizzazioni ideologiche\u201d, che eliminano le differenze, come nel caso della cosiddetta cultura gender, o antepongono alla realt\u00e0 della vita concetti riduttivi di libert\u00e0, ad esempio vantando come conquista un insensato \u201cdiritto all\u2019aborto\u201d, che \u00e8 sempre una tragica sconfitta. Che bello invece costruire un\u2019Europa centrata sulla persona e sui popoli, dove vi siano politiche effettive per la natalit\u00e0 e la famiglia \u2013 abbiamo Paesi in Europa con l\u2019et\u00e0 media di 46-48 anni \u2013, perseguite con attenzione in questo Paese, dove nazioni diverse siano una famiglia in cui si custodiscono la crescita e la singolarit\u00e0 di ciascuno. Il ponte pi\u00f9 celebre di Budapest, quello delle catene, ci aiuta a immaginare un\u2019Europa simile, formata da tanti grandi anelli diversi, che trovano la propria saldezza nel formare insieme solidi legami. In ci\u00f2 la fede cristiana \u00e8 di aiuto e l\u2019Ungheria pu\u00f2 fare da \u201cpontiere\u201d, avvalendosi del suo specifico carattere ecumenico: qui diverse Confessioni convivono senza antagonismi \u2013 ricordo la riunione che ho avuto con loro un anno e mezzo fa \u2013, collaborando rispettosamente, con spirito costruttivo. Con la mente e il cuore mi dirigo all\u2019Abbazia di Pannonhalma, uno dei grandi monumenti spirituali di questo Paese, luogo di preghiera e ponte di fraternit\u00e0.<\/p>\n<p>3. E questo mi porta a considerare l\u2019ultimo aspetto: Budapest\u00a0<i>citt\u00e0 di santi<\/i>\u00a0\u2013 la Signora Presidente ha parlato di Santa Elisabetta \u2013, come ci suggerisce anche il nuovo quadro posto in questa sala. Il pensiero non pu\u00f2 che andare a Santo Stefano, primo re d\u2019Ungheria, vissuto in un\u2019epoca nella quale i cristiani in Europa erano in piena comunione; la sua statua, all\u2019interno del Castello di Buda, sovrasta e protegge la citt\u00e0, mentre la Basilica dedicatagli nel cuore della Capitale \u00e8, insieme con quella di Esztergom, l\u2019edificio religioso pi\u00f9 imponente del Paese. Dunque la storia ungherese nasce segnata dalla santit\u00e0, e non solo di un re, bens\u00ec di un\u2019intera famiglia: sua moglie, la Beata Gisella, e il figlio sant\u2019Emerico. Questi ricevette dal padre alcune raccomandazioni, che costituiscono una sorta di testamento per il popolo magiaro. Oggi mi hanno promesso di regalarmi il tomo, lo aspetto! Vi leggiamo parole molto attuali: \u00abTi raccomando di essere gentile non solo verso la tua famiglia e parentela, o con i potenti e i benestanti, o con il tuo prossimo e con i tuoi abitanti, ma anche con gli stranieri\u00bb. Santo Stefano motiva tutto ci\u00f2 con genuino spirito cristiano, scrivendo: \u00ab\u00c8 la pratica dell\u2019amore che conduce alla felicit\u00e0 suprema\u00bb. E chiosa dicendo: \u00abSii mite per non combattere mai la verit\u00e0\u00bb (<i>Ammonimenti<\/i>, X). In tal modo coniuga inseparabilmente verit\u00e0 e mitezza. \u00c8 un grande insegnamento di fede: i valori cristiani non possono essere testimoniati attraverso rigidit\u00e0 e chiusure, perch\u00e9 la verit\u00e0 di Cristo comporta mitezza, comporta gentilezza, nello spirito delle Beatitudini. Si radica qui quella bont\u00e0 popolare ungherese, rivelata da certe espressioni del parlare comune, come ad esempio: \u201c<i>j\u00f3nak lenni j\u00f3<\/i>\u201d [\u00e8 bene essere buoni] e \u201c<i>jobb adni mint kapni<\/i>\u201d [\u00e8 meglio dare che ricevere].<\/p>\n<p>Da ci\u00f2 traspare non solo la ricchezza di una solida identit\u00e0, ma la necessit\u00e0 di apertura agli altri, come riconosce la Costituzione quando dichiara: \u00abRispettiamo la libert\u00e0 e la cultura degli altri popoli, ci impegniamo a collaborare con tutte le nazioni del mondo\u00bb. Essa afferma ancora: \u00abLe minoranze nazionali che vivono con noi fanno parte della comunit\u00e0 politica ungherese e sono parti costitutive dello Stato\u00bb, e si propone l\u2019impegno \u00abper la cura e la protezione [\u2026] delle lingue e delle culture delle minoranze nazionali in Ungheria\u00bb. \u00c8 veramente evangelica questa prospettiva, che contrasta una certa tendenza, giustificata talvolta in nome delle proprie tradizioni e persino della fede, a ripiegarsi su di s\u00e9.<\/p>\n<p>Il Testo costitutivo, in poche e decisive parole impregnate di spirito cristiano, asserisce inoltre: \u00abDichiariamo essere un obbligo l\u2019assistenza ai bisognosi e ai poveri\u00bb. Ci\u00f2 richiama il prosieguo della storia di santit\u00e0 ungherese, raccontata dai numerosi luoghi di culto della Capitale: dal primo Re, che stabil\u00ec le fondamenta del vivere comune, si passa a una Principessa che eleva l\u2019edificio verso una purezza ulteriore. \u00c8 sant\u2019Elisabetta, la cui testimonianza ha raggiunto ogni latitudine. Questa figlia della vostra terra mor\u00ec a ventiquattro anni dopo aver rinunciato a ogni bene e aver distribuito tutto ai poveri. Si dedic\u00f2 sino alla fine, nell\u2019ospedale che aveva fatto costruire, alla cura dei malati: \u00e8 una gemma splendente di Vangelo.<\/p>\n<p>Distinte Autorit\u00e0, vorrei ringraziarvi per la promozione delle opere caritative ed educative ispirate da tali valori e nelle quali s\u2019impegna la compagine cattolica locale, cos\u00ec come per il sostegno concreto a tanti cristiani provati nel mondo, specialmente in Siria e in Libano. \u00c8 feconda una proficua collaborazione tra Stato e Chiesa che, per essere tale, necessita per\u00f2 di ben salvaguardare le opportune distinzioni. \u00c8 importante che ogni cristiano lo ricordi, tenendo come punto di riferimento il Vangelo, per aderire alle scelte libere e liberanti di Ges\u00f9 e non prestarsi a una sorta di collateralismo con le logiche del potere. Fa bene, da questo punto di vista, una sana laicit\u00e0, che non scada nel laicismo diffuso, il quale si mostra allergico ad ogni aspetto sacro per poi immolarsi sugli altari del profitto. Chi si professa cristiano, accompagnato dai testimoni della fede, \u00e8 chiamato principalmente a testimoniare e a camminare con tutti, coltivando un umanesimo ispirato dal Vangelo e instradato su due binari fondamentali: riconoscersi figli amati del Padre e amare ciascuno come fratello.<\/p>\n<p>In tal senso Santo Stefano lasciava al figlio straordinarie parole di fraternit\u00e0, dicendo che \u00abadorna il paese\u00bb chi vi giunge con lingue e costumi diversi. Infatti \u2013 scriveva \u2013 \u00abun paese che ha una sola lingua e un solo costume \u00e8 debole e cadente. Per questo ti raccomando di accogliere benevolmente i forestieri e di tenerli in onore, cos\u00ec che preferiscano stare piuttosto da te che non altrove\u00bb (<i>Ammonimenti<\/i>, VI). \u00c8 un tema, quello dell\u2019accoglienza, che desta tanti dibattiti ai nostri giorni ed \u00e8 sicuramente complesso. Tuttavia per chi \u00e8 cristiano l\u2019atteggiamento di fondo non pu\u00f2 essere diverso da quello che santo Stefano ha trasmesso, dopo averlo appreso da Ges\u00f9, il quale si \u00e8 identificato nello straniero da accogliere (cfr\u00a0<i>Mt<\/i>\u00a025,35). \u00c8 pensando a Cristo presente in tanti fratelli e sorelle disperati che fuggono da conflitti, povert\u00e0 e cambiamenti climatici, che occorre far fronte al problema senza scuse e indugi. \u00c8 tema da affrontare insieme, comunitariamente, anche perch\u00e9, nel contesto in cui viviamo, le conseguenze prima o poi si ripercuoteranno su tutti. Perci\u00f2 \u00e8 urgente, come Europa, lavorare a vie sicure e legali, a meccanismi condivisi di fronte a una sfida epocale che non si potr\u00e0 arginare respingendo, ma va accolta per preparare un futuro che, se non sar\u00e0 insieme, non sar\u00e0. Ci\u00f2 chiama in prima linea chi segue Ges\u00f9 e vuole imitare l\u2019esempio dei testimoni del Vangelo.<\/p>\n<p>Non \u00e8 possibile citare tutti i grandi confessori della fede della\u00a0<i>Pannonia Sacra<\/i>, ma vorrei almeno menzionare san Ladislao e santa Margherita, e fare riferimento a certe maestose figure del secolo scorso, come il Card. J\u00f3zsef Mindszenty, i Beati Vescovi martiri Vilmos Apor e Zolt\u00e1n Meszl\u00e9nyi, il Beato L\u00e1szl\u00f3 Batthy\u00e1ny-Strattmann. Sono, insieme a tanti giusti di vari credo, padri e madri della vostra Patria. A loro vorrei affidare l\u2019avvenire di questo Paese, a me tanto caro. E mentre vi ringrazio per aver ascoltato quanto avevo in animo di condividere \u2013 vi ringrazio per la vostra pazienza \u2013, assicuro la mia vicinanza e la mia preghiera per tutti gli ungheresi, e lo faccio con un pensiero speciale per quelli che vivono al di fuori della Patria e per quanti ho incontrato nella vita e mi hanno fatto tanto bene. Penso alla comunit\u00e0 religiosa ungherese che ho assistito a Buenos Aires.\u00a0<i>Isten, \u00e1ldd meg a magyart!<\/i>\u00a0[Dio, benedici gli ungheresi!]<\/p>\n","protected":false},"excerpt":{"rendered":"<p>Accoglienza Ufficiale, Cerimonia di Benvenuto e Incontro con le Autorit\u00e0<\/p>\n","protected":false},"author":17,"featured_media":75101,"comment_status":"closed","ping_status":"closed","sticky":false,"template":"","format":"standard","meta":{"_acf_changed":false,"_crdt_document":"","inline_featured_image":false,"footnotes":""},"categories":[125],"tags":[2487,251,9018],"class_list":["post-75129","post","type-post","status-publish","format-standard","has-post-thumbnail","hentry","category-viaggi-papali","tag-featured-3","tag-papa-francesco","tag-repubblica-di-ungheria"],"acf":[],"yoast_head":"<!-- This site is optimized with the Yoast SEO plugin v27.5 - https:\/\/yoast.com\/product\/yoast-seo-wordpress\/ -->\n<title>Viaggio Apostolico di Papa Francesco in Ungheria &#8211; Exaudi<\/title>\n<meta name=\"robots\" content=\"index, follow, max-snippet:-1, max-image-preview:large, max-video-preview:-1\" \/>\n<link rel=\"canonical\" href=\"https:\/\/exaudi.org\/it\/viaggio-apostolico-di-papa-francesco-in-ungheria-2\/\" \/>\n<meta property=\"og:locale\" content=\"it_IT\" \/>\n<meta property=\"og:type\" content=\"article\" \/>\n<meta property=\"og:title\" content=\"Viaggio Apostolico di Papa Francesco in Ungheria &#8211; Exaudi\" \/>\n<meta property=\"og:description\" content=\"Accoglienza Ufficiale, Cerimonia di Benvenuto e Incontro con le Autorit\u00e0\" \/>\n<meta property=\"og:url\" content=\"https:\/\/exaudi.org\/it\/viaggio-apostolico-di-papa-francesco-in-ungheria-2\/\" \/>\n<meta property=\"og:site_name\" content=\"Exaudi\" \/>\n<meta property=\"article:publisher\" content=\"https:\/\/www.facebook.com\/ExaudiNews\" \/>\n<meta property=\"article:author\" content=\"https:\/\/www.facebook.com\/ExaudiNotizie\/\" \/>\n<meta property=\"article:published_time\" content=\"2023-04-28T14:13:37+00:00\" \/>\n<meta property=\"og:image\" content=\"https:\/\/exaudi.org\/wp-content\/uploads\/2023\/04\/cq5dam.thumbnail.cropped.750.422-22.jpeg\" \/>\n\t<meta property=\"og:image:width\" content=\"750\" \/>\n\t<meta property=\"og:image:height\" content=\"422\" \/>\n\t<meta property=\"og:image:type\" content=\"image\/jpeg\" \/>\n<meta name=\"author\" content=\"Exaudi Redazione\" \/>\n<meta name=\"twitter:card\" content=\"summary_large_image\" \/>\n<meta name=\"twitter:creator\" content=\"@Exaudi_Notizie\" \/>\n<meta name=\"twitter:site\" content=\"@Exaudi_News\" \/>\n<meta name=\"twitter:label1\" content=\"Scritto da\" \/>\n\t<meta name=\"twitter:data1\" content=\"Exaudi Redazione\" \/>\n\t<meta name=\"twitter:label2\" content=\"Tempo di lettura stimato\" \/>\n\t<meta name=\"twitter:data2\" content=\"14 minuti\" \/>\n<script type=\"application\/ld+json\" class=\"yoast-schema-graph\">{\"@context\":\"https:\\\/\\\/schema.org\",\"@graph\":[{\"@type\":\"Article\",\"@id\":\"https:\\\/\\\/exaudi.org\\\/it\\\/viaggio-apostolico-di-papa-francesco-in-ungheria-2\\\/#article\",\"isPartOf\":{\"@id\":\"https:\\\/\\\/exaudi.org\\\/it\\\/viaggio-apostolico-di-papa-francesco-in-ungheria-2\\\/\"},\"author\":{\"name\":\"Exaudi Redazione\",\"@id\":\"https:\\\/\\\/exaudi.org\\\/#\\\/schema\\\/person\\\/e1ab6ed07c01774724dd96f925f3a5f0\"},\"headline\":\"Viaggio Apostolico di Papa Francesco in Ungheria\",\"datePublished\":\"2023-04-28T14:13:37+00:00\",\"mainEntityOfPage\":{\"@id\":\"https:\\\/\\\/exaudi.org\\\/it\\\/viaggio-apostolico-di-papa-francesco-in-ungheria-2\\\/\"},\"wordCount\":2856,\"image\":{\"@id\":\"https:\\\/\\\/exaudi.org\\\/it\\\/viaggio-apostolico-di-papa-francesco-in-ungheria-2\\\/#primaryimage\"},\"thumbnailUrl\":\"https:\\\/\\\/exaudi.org\\\/wp-content\\\/uploads\\\/2023\\\/04\\\/cq5dam.thumbnail.cropped.750.422-22.jpeg\",\"keywords\":[\"Featured\",\"Papa Francesco\",\"Repubblica di Ungheria\"],\"articleSection\":[\"Viaggi papali\"],\"inLanguage\":\"it-IT\"},{\"@type\":\"WebPage\",\"@id\":\"https:\\\/\\\/exaudi.org\\\/it\\\/viaggio-apostolico-di-papa-francesco-in-ungheria-2\\\/\",\"url\":\"https:\\\/\\\/exaudi.org\\\/it\\\/viaggio-apostolico-di-papa-francesco-in-ungheria-2\\\/\",\"name\":\"Viaggio Apostolico di Papa Francesco in Ungheria &#8211; Exaudi\",\"isPartOf\":{\"@id\":\"https:\\\/\\\/exaudi.org\\\/#website\"},\"primaryImageOfPage\":{\"@id\":\"https:\\\/\\\/exaudi.org\\\/it\\\/viaggio-apostolico-di-papa-francesco-in-ungheria-2\\\/#primaryimage\"},\"image\":{\"@id\":\"https:\\\/\\\/exaudi.org\\\/it\\\/viaggio-apostolico-di-papa-francesco-in-ungheria-2\\\/#primaryimage\"},\"thumbnailUrl\":\"https:\\\/\\\/exaudi.org\\\/wp-content\\\/uploads\\\/2023\\\/04\\\/cq5dam.thumbnail.cropped.750.422-22.jpeg\",\"datePublished\":\"2023-04-28T14:13:37+00:00\",\"author\":{\"@id\":\"https:\\\/\\\/exaudi.org\\\/#\\\/schema\\\/person\\\/e1ab6ed07c01774724dd96f925f3a5f0\"},\"breadcrumb\":{\"@id\":\"https:\\\/\\\/exaudi.org\\\/it\\\/viaggio-apostolico-di-papa-francesco-in-ungheria-2\\\/#breadcrumb\"},\"inLanguage\":\"it-IT\",\"potentialAction\":[{\"@type\":\"ReadAction\",\"target\":[\"https:\\\/\\\/exaudi.org\\\/it\\\/viaggio-apostolico-di-papa-francesco-in-ungheria-2\\\/\"]}]},{\"@type\":\"ImageObject\",\"inLanguage\":\"it-IT\",\"@id\":\"https:\\\/\\\/exaudi.org\\\/it\\\/viaggio-apostolico-di-papa-francesco-in-ungheria-2\\\/#primaryimage\",\"url\":\"https:\\\/\\\/exaudi.org\\\/wp-content\\\/uploads\\\/2023\\\/04\\\/cq5dam.thumbnail.cropped.750.422-22.jpeg\",\"contentUrl\":\"https:\\\/\\\/exaudi.org\\\/wp-content\\\/uploads\\\/2023\\\/04\\\/cq5dam.thumbnail.cropped.750.422-22.jpeg\",\"width\":750,\"height\":422,\"caption\":\"Vatican Media\"},{\"@type\":\"BreadcrumbList\",\"@id\":\"https:\\\/\\\/exaudi.org\\\/it\\\/viaggio-apostolico-di-papa-francesco-in-ungheria-2\\\/#breadcrumb\",\"itemListElement\":[{\"@type\":\"ListItem\",\"position\":1,\"name\":\"Portada\",\"item\":\"https:\\\/\\\/exaudi.org\\\/it\\\/\"},{\"@type\":\"ListItem\",\"position\":2,\"name\":\"Viaggio Apostolico di Papa Francesco in Ungheria\"}]},{\"@type\":\"WebSite\",\"@id\":\"https:\\\/\\\/exaudi.org\\\/#website\",\"url\":\"https:\\\/\\\/exaudi.org\\\/\",\"name\":\"Exaudi\",\"description\":\"News\",\"potentialAction\":[{\"@type\":\"SearchAction\",\"target\":{\"@type\":\"EntryPoint\",\"urlTemplate\":\"https:\\\/\\\/exaudi.org\\\/?s={search_term_string}\"},\"query-input\":{\"@type\":\"PropertyValueSpecification\",\"valueRequired\":true,\"valueName\":\"search_term_string\"}}],\"inLanguage\":\"it-IT\"},{\"@type\":\"Person\",\"@id\":\"https:\\\/\\\/exaudi.org\\\/#\\\/schema\\\/person\\\/e1ab6ed07c01774724dd96f925f3a5f0\",\"name\":\"Exaudi Redazione\",\"image\":{\"@type\":\"ImageObject\",\"inLanguage\":\"it-IT\",\"@id\":\"https:\\\/\\\/secure.gravatar.com\\\/avatar\\\/ad6774b3ada023bf5b939d64f45c94b3adf91502dd883507d469b4308a943bb3?s=96&d=mm&r=g\",\"url\":\"https:\\\/\\\/secure.gravatar.com\\\/avatar\\\/ad6774b3ada023bf5b939d64f45c94b3adf91502dd883507d469b4308a943bb3?s=96&d=mm&r=g\",\"contentUrl\":\"https:\\\/\\\/secure.gravatar.com\\\/avatar\\\/ad6774b3ada023bf5b939d64f45c94b3adf91502dd883507d469b4308a943bb3?s=96&d=mm&r=g\",\"caption\":\"Exaudi Redazione\"},\"description\":\"Che cosa \u00e8 Exaudi News? Exaudi News \u00e8 un agenzia cattolica internazionale che informa, istruisce e trasforma quotidianamente in spagnolo, inglese e italiano. Attraverso notizie, articoli di analisi e trasmissioni in diretta degli eventi del Papa, Exaudi cerca di rafforzare l'unit\u00e0 dei cristiani e di contribuire all'evangelizzazione del mondo, sempre guidato dalla dottrina sociale della Chiesa. Lavoriamo per portare la verit\u00e0 e i valori cristiani in ogni angolo del pianeta. Aiutaci a trasformare il mondo con Exaudi! Noi di Exaudi crediamo che l'evangelizzazione e l'informazione di qualit\u00e0 possano cambiare la vita. Per continuare la nostra missione ed espandere la nostra portata, abbiamo bisogno del tuo aiuto. Stiamo anche cercando persone motivate che vogliano unirsi al nostro team. Grazie al vostro sostegno raggiungeremo pi\u00f9 persone, diffonderemo il messaggio di Cristo e rafforzeremo l'unit\u00e0 dei cristiani. Vuoi unirti alla nostra missione? Per maggiori informazioni su come contribuire, visita Exaudi.org\\\/it o contattaci direttamente: info@exaudi.org Exaudi: informa, forma e trasforma.\",\"sameAs\":[\"https:\\\/\\\/www.facebook.com\\\/ExaudiNotizie\\\/\",\"https:\\\/\\\/www.instagram.com\\\/Exaudi_notizie\\\/\",\"https:\\\/\\\/x.com\\\/Exaudi_Notizie\",\"https:\\\/\\\/www.youtube.com\\\/@exaudicatholicnews\"],\"url\":\"https:\\\/\\\/exaudi.org\\\/it\\\/author\\\/dlvedi-org\\\/\"}]}<\/script>\n<!-- \/ Yoast SEO plugin. -->","yoast_head_json":{"title":"Viaggio Apostolico di Papa Francesco in Ungheria &#8211; Exaudi","robots":{"index":"index","follow":"follow","max-snippet":"max-snippet:-1","max-image-preview":"max-image-preview:large","max-video-preview":"max-video-preview:-1"},"canonical":"https:\/\/exaudi.org\/it\/viaggio-apostolico-di-papa-francesco-in-ungheria-2\/","og_locale":"it_IT","og_type":"article","og_title":"Viaggio Apostolico di Papa Francesco in Ungheria &#8211; Exaudi","og_description":"Accoglienza Ufficiale, Cerimonia di Benvenuto e Incontro con le Autorit\u00e0","og_url":"https:\/\/exaudi.org\/it\/viaggio-apostolico-di-papa-francesco-in-ungheria-2\/","og_site_name":"Exaudi","article_publisher":"https:\/\/www.facebook.com\/ExaudiNews","article_author":"https:\/\/www.facebook.com\/ExaudiNotizie\/","article_published_time":"2023-04-28T14:13:37+00:00","og_image":[{"width":750,"height":422,"url":"https:\/\/exaudi.org\/wp-content\/uploads\/2023\/04\/cq5dam.thumbnail.cropped.750.422-22.jpeg","type":"image\/jpeg"}],"author":"Exaudi Redazione","twitter_card":"summary_large_image","twitter_creator":"@Exaudi_Notizie","twitter_site":"@Exaudi_News","twitter_misc":{"Scritto da":"Exaudi Redazione","Tempo di lettura stimato":"14 minuti"},"schema":{"@context":"https:\/\/schema.org","@graph":[{"@type":"Article","@id":"https:\/\/exaudi.org\/it\/viaggio-apostolico-di-papa-francesco-in-ungheria-2\/#article","isPartOf":{"@id":"https:\/\/exaudi.org\/it\/viaggio-apostolico-di-papa-francesco-in-ungheria-2\/"},"author":{"name":"Exaudi Redazione","@id":"https:\/\/exaudi.org\/#\/schema\/person\/e1ab6ed07c01774724dd96f925f3a5f0"},"headline":"Viaggio Apostolico di Papa Francesco in Ungheria","datePublished":"2023-04-28T14:13:37+00:00","mainEntityOfPage":{"@id":"https:\/\/exaudi.org\/it\/viaggio-apostolico-di-papa-francesco-in-ungheria-2\/"},"wordCount":2856,"image":{"@id":"https:\/\/exaudi.org\/it\/viaggio-apostolico-di-papa-francesco-in-ungheria-2\/#primaryimage"},"thumbnailUrl":"https:\/\/exaudi.org\/wp-content\/uploads\/2023\/04\/cq5dam.thumbnail.cropped.750.422-22.jpeg","keywords":["Featured","Papa Francesco","Repubblica di Ungheria"],"articleSection":["Viaggi papali"],"inLanguage":"it-IT"},{"@type":"WebPage","@id":"https:\/\/exaudi.org\/it\/viaggio-apostolico-di-papa-francesco-in-ungheria-2\/","url":"https:\/\/exaudi.org\/it\/viaggio-apostolico-di-papa-francesco-in-ungheria-2\/","name":"Viaggio Apostolico di Papa Francesco in Ungheria &#8211; Exaudi","isPartOf":{"@id":"https:\/\/exaudi.org\/#website"},"primaryImageOfPage":{"@id":"https:\/\/exaudi.org\/it\/viaggio-apostolico-di-papa-francesco-in-ungheria-2\/#primaryimage"},"image":{"@id":"https:\/\/exaudi.org\/it\/viaggio-apostolico-di-papa-francesco-in-ungheria-2\/#primaryimage"},"thumbnailUrl":"https:\/\/exaudi.org\/wp-content\/uploads\/2023\/04\/cq5dam.thumbnail.cropped.750.422-22.jpeg","datePublished":"2023-04-28T14:13:37+00:00","author":{"@id":"https:\/\/exaudi.org\/#\/schema\/person\/e1ab6ed07c01774724dd96f925f3a5f0"},"breadcrumb":{"@id":"https:\/\/exaudi.org\/it\/viaggio-apostolico-di-papa-francesco-in-ungheria-2\/#breadcrumb"},"inLanguage":"it-IT","potentialAction":[{"@type":"ReadAction","target":["https:\/\/exaudi.org\/it\/viaggio-apostolico-di-papa-francesco-in-ungheria-2\/"]}]},{"@type":"ImageObject","inLanguage":"it-IT","@id":"https:\/\/exaudi.org\/it\/viaggio-apostolico-di-papa-francesco-in-ungheria-2\/#primaryimage","url":"https:\/\/exaudi.org\/wp-content\/uploads\/2023\/04\/cq5dam.thumbnail.cropped.750.422-22.jpeg","contentUrl":"https:\/\/exaudi.org\/wp-content\/uploads\/2023\/04\/cq5dam.thumbnail.cropped.750.422-22.jpeg","width":750,"height":422,"caption":"Vatican Media"},{"@type":"BreadcrumbList","@id":"https:\/\/exaudi.org\/it\/viaggio-apostolico-di-papa-francesco-in-ungheria-2\/#breadcrumb","itemListElement":[{"@type":"ListItem","position":1,"name":"Portada","item":"https:\/\/exaudi.org\/it\/"},{"@type":"ListItem","position":2,"name":"Viaggio Apostolico di Papa Francesco in Ungheria"}]},{"@type":"WebSite","@id":"https:\/\/exaudi.org\/#website","url":"https:\/\/exaudi.org\/","name":"Exaudi","description":"News","potentialAction":[{"@type":"SearchAction","target":{"@type":"EntryPoint","urlTemplate":"https:\/\/exaudi.org\/?s={search_term_string}"},"query-input":{"@type":"PropertyValueSpecification","valueRequired":true,"valueName":"search_term_string"}}],"inLanguage":"it-IT"},{"@type":"Person","@id":"https:\/\/exaudi.org\/#\/schema\/person\/e1ab6ed07c01774724dd96f925f3a5f0","name":"Exaudi Redazione","image":{"@type":"ImageObject","inLanguage":"it-IT","@id":"https:\/\/secure.gravatar.com\/avatar\/ad6774b3ada023bf5b939d64f45c94b3adf91502dd883507d469b4308a943bb3?s=96&d=mm&r=g","url":"https:\/\/secure.gravatar.com\/avatar\/ad6774b3ada023bf5b939d64f45c94b3adf91502dd883507d469b4308a943bb3?s=96&d=mm&r=g","contentUrl":"https:\/\/secure.gravatar.com\/avatar\/ad6774b3ada023bf5b939d64f45c94b3adf91502dd883507d469b4308a943bb3?s=96&d=mm&r=g","caption":"Exaudi Redazione"},"description":"Che cosa \u00e8 Exaudi News? Exaudi News \u00e8 un agenzia cattolica internazionale che informa, istruisce e trasforma quotidianamente in spagnolo, inglese e italiano. Attraverso notizie, articoli di analisi e trasmissioni in diretta degli eventi del Papa, Exaudi cerca di rafforzare l'unit\u00e0 dei cristiani e di contribuire all'evangelizzazione del mondo, sempre guidato dalla dottrina sociale della Chiesa. Lavoriamo per portare la verit\u00e0 e i valori cristiani in ogni angolo del pianeta. Aiutaci a trasformare il mondo con Exaudi! Noi di Exaudi crediamo che l'evangelizzazione e l'informazione di qualit\u00e0 possano cambiare la vita. Per continuare la nostra missione ed espandere la nostra portata, abbiamo bisogno del tuo aiuto. Stiamo anche cercando persone motivate che vogliano unirsi al nostro team. Grazie al vostro sostegno raggiungeremo pi\u00f9 persone, diffonderemo il messaggio di Cristo e rafforzeremo l'unit\u00e0 dei cristiani. Vuoi unirti alla nostra missione? Per maggiori informazioni su come contribuire, visita Exaudi.org\/it o contattaci direttamente: info@exaudi.org Exaudi: informa, forma e trasforma.","sameAs":["https:\/\/www.facebook.com\/ExaudiNotizie\/","https:\/\/www.instagram.com\/Exaudi_notizie\/","https:\/\/x.com\/Exaudi_Notizie","https:\/\/www.youtube.com\/@exaudicatholicnews"],"url":"https:\/\/exaudi.org\/it\/author\/dlvedi-org\/"}]}},"jetpack_featured_media_url":"https:\/\/exaudi.org\/wp-content\/uploads\/2023\/04\/cq5dam.thumbnail.cropped.750.422-22.jpeg","jetpack_shortlink":"https:\/\/wp.me\/pgKjF2-jxL","_links":{"self":[{"href":"https:\/\/exaudi.org\/it\/wp-json\/wp\/v2\/posts\/75129","targetHints":{"allow":["GET"]}}],"collection":[{"href":"https:\/\/exaudi.org\/it\/wp-json\/wp\/v2\/posts"}],"about":[{"href":"https:\/\/exaudi.org\/it\/wp-json\/wp\/v2\/types\/post"}],"author":[{"embeddable":true,"href":"https:\/\/exaudi.org\/it\/wp-json\/wp\/v2\/users\/17"}],"replies":[{"embeddable":true,"href":"https:\/\/exaudi.org\/it\/wp-json\/wp\/v2\/comments?post=75129"}],"version-history":[{"count":0,"href":"https:\/\/exaudi.org\/it\/wp-json\/wp\/v2\/posts\/75129\/revisions"}],"wp:featuredmedia":[{"embeddable":true,"href":"https:\/\/exaudi.org\/it\/wp-json\/wp\/v2\/media\/75101"}],"wp:attachment":[{"href":"https:\/\/exaudi.org\/it\/wp-json\/wp\/v2\/media?parent=75129"}],"wp:term":[{"taxonomy":"category","embeddable":true,"href":"https:\/\/exaudi.org\/it\/wp-json\/wp\/v2\/categories?post=75129"},{"taxonomy":"post_tag","embeddable":true,"href":"https:\/\/exaudi.org\/it\/wp-json\/wp\/v2\/tags?post=75129"}],"curies":[{"name":"wp","href":"https:\/\/api.w.org\/{rel}","templated":true}]}}