{"id":75081,"date":"2023-04-27T18:14:18","date_gmt":"2023-04-27T16:14:18","guid":{"rendered":"https:\/\/exaudi.org\/?p=75081"},"modified":"2023-04-27T18:14:18","modified_gmt":"2023-04-27T16:14:18","slug":"la-biblioteca-apostolica-vaticana-inaugura-una-mostra","status":"publish","type":"post","link":"https:\/\/exaudi.org\/it\/la-biblioteca-apostolica-vaticana-inaugura-una-mostra\/","title":{"rendered":"La Biblioteca Apostolica Vaticana inaugura una mostra"},"content":{"rendered":"<p>Il 28 aprile 2023 la Biblioteca Apostolica Vaticana inaugurer\u00e0 una mostra dedicata al confronto tra il proprio patrimonio e l\u2019opera dell\u2019artista Sidival Fila, realizzata in collaborazione con l\u2019omonima Fondazione Filantropica.<\/p>\n<p>L\u2019esposizione costituisce il frutto di una profonda riflessione congiunta sul tema del riscatto e del riuso, intesi come due diverse, e talora opposte, possibilit\u00e0 di collocare e valorizzare un materiale antico, o semplicemente precedente o estraneo, in un ambito nuovo e diverso. Un<br \/>\nrecupero del frammento o dello scarto che, nel caso di <em>riuso<\/em>, lo valorizza dotandolo di un nuovo scopo, mentre in quello del <em>riscatto<\/em> lo celebra in s\u00e9 stesso, nel suo valore ontologico, a prescindere da una sua eventuale nuova utilit\u00e0.<br \/>\nIl percorso espositivo inizia nell\u2019atrio con un\u2019installazione <em>site specific<\/em> che porta gli osservatori a riscoprire la statua del cosiddetto \u201cIppolito\u201d, che presidia l\u2019ingresso della Biblioteca Apostolica da oltre cinque secoli e che \u00e8 al centro di nuovi studi. Salendo poi l\u2019articolato scalone i visitatori si immergono progressivamente nella poetica e nella produzione di S.F., quasi calamitati dall\u2019eleganza, dalla leggerezza e dalla raffinatezza \u2013 materica e ideale \u2013 della sua opera, in cui vengono riscattati antichi ricami o frammenti tessili. A diretto contrasto con questi i curatori convocano elementi del posseduto della Biblioteca caratterizzati invece dall\u2019approccio inverso: veri e propri casi di riuso<br \/>\nche vengono dalla pratica del restauro Settecentesco, dalla biblioteca del marchese Capponi, dall\u2019opera di Antonio Piaggio, per estendersi poi ad ambiti extra-librari, come quelli numismatico e ornamentale, dai primi secoli della nostra era ad oggi, da Oriente a Occidente.<br \/>\nLa mostra procede in altri due ambienti \u2013 il cosiddetto \u201candito Pastor\u201d e la scenografica Sala Barberini \u2013 che hanno ispirato all\u2019artista altrettante installazioni <em>site specific<\/em> dedicate rispettivamente al tema della de-funzionalizzazione di un oggetto d\u2019uso e della redenzione dello scarto.<\/p>\n<p>\u00ab\u00c8 veramente sorprendente come una mostra che per met\u00e0 \u00e8 l\u2019opera di un artista contemporaneo e per l\u2019altra frutto di ricerche nel nostro patrimonio secolare, e condotta in pieno e laicissimo spirito di autonomia artistica e scientifica, finisca per illustrare come meglio non si<br \/>\npotrebbe uno dei passaggi pi\u00f9 significativi del magistero di Papa Francesco \u2013 spiega il Bibliotecario di S.R.C. S.E. Rev.ma mons. Angelo Zani \u2013 che sono certo sar\u00e0 molto contento e incuriosito dal fatto che la sua intuizione sulla necessit\u00e0 di combattere la cultura dello scarto possa essere passibile di una lettura e di una declinazione altrettanto affascinanti e stimolanti.\u00bb<\/p>\n<p>Il nuovo Prefetto della Biblioteca Apostolica, don Mauro Mantovani, aggiunge: \u00abcon questa esposizione la Biblioteca Vaticana taglia il traguardo delle quattro mostre dedicate al dialogo e al confronto con la cultura e con l\u2019arte contemporanea: si tratta per noi di speciali occasioni di studio e di conoscenza sia del mondo che ci circonda, che \u00e8 anche il nostro, sia di promozione e valorizzazione del nostro stesso patrimonio, di cui ogni artista ci aiuta a cogliere ed evidenziare uno o pi\u00f9 aspetti ancora nascosti o addirittura sconosciuti.\u00bb<\/p>\n<p>La mostra \u00e8 curata da don Giacomo Cardinali, Simona De Crescenzo e Delio Proverbio della Vaticana: \u00abL\u2019incontro con Sidival Fila ci ha ispirato un viaggio nelle trame della nostra stessa storia, di cui abbiamo potuto recuperare personaggi geniali sebbene quasi sconosciuti, come Antonio Piaggio, collezionisti \u201cfuriosi\u201d, come il marchese Capponi, pittori e decoratori minori tra XVIII e XIX secolo, come Biagio Cicchi e Filippo Cretoni, e poi lacche vietnamite, rotoli magici etiopici, monete ribattute o trasformate in gioielli, amuleti cinesi, e innumerevoli altri casi di riuso, attraverso i quali antichi frammenti della nostra storia sono sopravvissuti alla fine della loro epoca\u00bb<br \/>\nsottolinea don Giacomo Cardinali, che \u00e8 anche Commissario dello Spazio Espositivo. La mostra sar\u00e0 visitabile fino al 15 luglio 2023, previa prenotazione sul sito della Biblioteca (<a href=\"https:\/\/www.vaticanlibrary.va\">https:\/\/www.vaticanlibrary.va<\/a>).<\/p>\n<p><strong>Alcune informazioni sulla Biblioteca Apostolica Vaticana<\/strong><br \/>\nLa Biblioteca Apostolica Vaticana \u00e8 un\u2019istituzione antica, luogo di conservazione e di ricerca appartenente al Papa e in stretto rapporto con il governo e il ministero della Sede Apostolica.<br \/>\nDallo Scrinium attestato fin dal sec. IV, la Vaticana inizia la sua storia moderna con Niccol\u00f2 V, che intorno alla met\u00e0 del \u2019400 decise di aprire le collezioni librarie papali agli uomini dotti (pro communi doctorum virorum commodo, Breve del 30 aprile 1451), e con Sisto IV, che diede un assetto pi\u00f9 stabile all\u2019organizzazione della Biblioteca con la Bolla Ad decorem militantis ecclesiae del 15 giugno 1475.<\/p>\n<p>Da sempre le sue ingenti collezioni costituite da manoscritti, materiale d\u2019archivio, volumi a stampa antichi e moderni, monete e medaglie, stampe e disegni, materiale cartografico e fotografico sono aperte a studiosi qualificati di tutto il mondo senza distinzione di razza, religione, provenienza e cultura. La Biblioteca \u00e8 specializzata nell\u2019ambito delle discipline filologiche e storiche e, retrospettivamente, anche teologiche, giuridiche e scientifiche.<\/p>\n<figure id=\"attachment_75083\" aria-describedby=\"caption-attachment-75083\" style=\"width: 300px\" class=\"wp-caption alignleft\"><img loading=\"lazy\" decoding=\"async\" class=\"size-medium wp-image-75083\" src=\"https:\/\/exaudi.org\/wp-content\/uploads\/2023\/04\/sidival_fila_portrait-300x200.jpg\" alt=\"\" width=\"300\" height=\"200\" srcset=\"https:\/\/exaudi.org\/wp-content\/uploads\/2023\/04\/sidival_fila_portrait-300x200.jpg 300w, https:\/\/exaudi.org\/wp-content\/uploads\/2023\/04\/sidival_fila_portrait-1024x683.jpg 1024w, https:\/\/exaudi.org\/wp-content\/uploads\/2023\/04\/sidival_fila_portrait-770x513.jpg 770w, https:\/\/exaudi.org\/wp-content\/uploads\/2023\/04\/sidival_fila_portrait-1536x1024.jpg 1536w, https:\/\/exaudi.org\/wp-content\/uploads\/2023\/04\/sidival_fila_portrait-2048x1365.jpg 2048w, https:\/\/exaudi.org\/wp-content\/uploads\/2023\/04\/sidival_fila_portrait-360x240.jpg?crop=1 360w, https:\/\/exaudi.org\/wp-content\/uploads\/2023\/04\/sidival_fila_portrait-500x333.jpg 500w, https:\/\/exaudi.org\/wp-content\/uploads\/2023\/04\/sidival_fila_portrait-1155x770.jpg 1155w, https:\/\/exaudi.org\/wp-content\/uploads\/2023\/04\/sidival_fila_portrait-370x247.jpg 370w, https:\/\/exaudi.org\/wp-content\/uploads\/2023\/04\/sidival_fila_portrait-293x195.jpg 293w, https:\/\/exaudi.org\/wp-content\/uploads\/2023\/04\/sidival_fila_portrait-1400x933.jpg 1400w, https:\/\/exaudi.org\/wp-content\/uploads\/2023\/04\/sidival_fila_portrait-120x80.jpg 120w, https:\/\/exaudi.org\/wp-content\/uploads\/2023\/04\/sidival_fila_portrait-240x160.jpg 240w, https:\/\/exaudi.org\/wp-content\/uploads\/2023\/04\/sidival_fila_portrait-390x260.jpg 390w\" sizes=\"auto, (max-width: 300px) 100vw, 300px\" \/><figcaption id=\"caption-attachment-75083\" class=\"wp-caption-text\">cnap.fr<\/figcaption><\/figure>\n<p><strong>Alcune informazioni sull\u2019artista Sidival Fila<\/strong><br \/>\nSidival Fila, frate minore francescano di origine brasiliana ma da tempo residente a Roma, fonda la sua ricerca artistica partendo dai materiali in disuso, soprattutto tessuti, tra i quali lino, cotone, seta, canapa, broccati, e altri materiali gi\u00e0 utilizzati.<br \/>\nLa sua poetica sta nel riscattare l\u2019oggetto dalla sua condizione \u201coggettistica\u201d, ridando ad esso la possibilit\u00e0 di raccontarsi. In sintesi, partendo dalla a-funzionalit\u00e0 del tessuto, S. F. riesce a renderlo diversamente inutile, riscattandolo dalla sua condizione.<br \/>\nL\u2019elemento costante nel suo percorso estetico \u00e8 la ricerca del contatto con la materia, a cui l\u2019opera d\u2019arte mira a restituire una \u201cvoce\u201d. L\u2019 opera dona alla materia stessa la possibilit\u00e0 di raccontarsi nel suo vissuto, un vissuto che \u00e8 fatto spesso di secoli di storia<\/p>\n<p>L\u2019artista \u00e8 Fondatore e Presidente dell\u2019omonima Fondazione Filantropica, nata nel 2021, le cui finalit\u00e0 primarie sono il sostegno a Istituti di Carit\u00e0 e la creazione di nuovi progetti relativi alla cura dell&#8217;infanzia, al recupero dei bambini in fase di abbandono, alla loro adozione e al supporto della loro crescita e scolarizzazione, oltre alla gestione del Patrimonio e dell\u2019opera dell\u2019artista.<\/p>\n<p>&nbsp;<\/p>\n","protected":false},"excerpt":{"rendered":"<p>Confronto tra il proprio patrimonio e l\u2019opera dell\u2019artista Sidival Fila<\/p>\n","protected":false},"author":17,"featured_media":38735,"comment_status":"closed","ping_status":"closed","sticky":false,"template":"","format":"standard","meta":{"_acf_changed":false,"_crdt_document":"","inline_featured_image":false,"footnotes":""},"categories":[131],"tags":[7587,9010],"class_list":["post-75081","post","type-post","status-publish","format-standard","has-post-thumbnail","hentry","category-vaticano","tag-biblioteca-apostolica-vaticana","tag-sidival-fila"],"acf":[],"yoast_head":"<!-- This site is optimized with the Yoast SEO plugin v27.4 - https:\/\/yoast.com\/product\/yoast-seo-wordpress\/ -->\n<title>La Biblioteca Apostolica Vaticana inaugura una mostra &#8211; Exaudi<\/title>\n<meta name=\"robots\" content=\"index, follow, max-snippet:-1, max-image-preview:large, max-video-preview:-1\" \/>\n<link rel=\"canonical\" href=\"https:\/\/exaudi.org\/it\/la-biblioteca-apostolica-vaticana-inaugura-una-mostra\/\" \/>\n<meta property=\"og:locale\" content=\"it_IT\" \/>\n<meta property=\"og:type\" content=\"article\" \/>\n<meta property=\"og:title\" content=\"La Biblioteca Apostolica Vaticana inaugura una mostra &#8211; Exaudi\" \/>\n<meta property=\"og:description\" content=\"Confronto tra il proprio patrimonio e l\u2019opera dell\u2019artista Sidival Fila\" \/>\n<meta property=\"og:url\" content=\"https:\/\/exaudi.org\/it\/la-biblioteca-apostolica-vaticana-inaugura-una-mostra\/\" \/>\n<meta property=\"og:site_name\" content=\"Exaudi\" \/>\n<meta property=\"article:publisher\" content=\"https:\/\/www.facebook.com\/ExaudiNews\" \/>\n<meta property=\"article:author\" content=\"https:\/\/www.facebook.com\/ExaudiNotizie\/\" \/>\n<meta property=\"article:published_time\" content=\"2023-04-27T16:14:18+00:00\" \/>\n<meta property=\"og:image\" content=\"https:\/\/exaudi.org\/wp-content\/uploads\/2021\/11\/Sala-de-la-Biblioteca-Vaticana.jpeg\" \/>\n\t<meta property=\"og:image:width\" content=\"1280\" \/>\n\t<meta property=\"og:image:height\" content=\"720\" \/>\n\t<meta property=\"og:image:type\" content=\"image\/jpeg\" \/>\n<meta name=\"author\" content=\"Exaudi Redazione\" \/>\n<meta name=\"twitter:card\" content=\"summary_large_image\" \/>\n<meta name=\"twitter:creator\" content=\"@Exaudi_Notizie\" \/>\n<meta name=\"twitter:site\" content=\"@Exaudi_News\" \/>\n<meta name=\"twitter:label1\" content=\"Scritto da\" \/>\n\t<meta name=\"twitter:data1\" content=\"Exaudi Redazione\" \/>\n\t<meta name=\"twitter:label2\" content=\"Tempo di lettura stimato\" \/>\n\t<meta name=\"twitter:data2\" content=\"5 minuti\" \/>\n<script type=\"application\/ld+json\" class=\"yoast-schema-graph\">{\"@context\":\"https:\\\/\\\/schema.org\",\"@graph\":[{\"@type\":\"Article\",\"@id\":\"https:\\\/\\\/exaudi.org\\\/it\\\/la-biblioteca-apostolica-vaticana-inaugura-una-mostra\\\/#article\",\"isPartOf\":{\"@id\":\"https:\\\/\\\/exaudi.org\\\/it\\\/la-biblioteca-apostolica-vaticana-inaugura-una-mostra\\\/\"},\"author\":{\"name\":\"Exaudi Redazione\",\"@id\":\"https:\\\/\\\/exaudi.org\\\/#\\\/schema\\\/person\\\/e1ab6ed07c01774724dd96f925f3a5f0\"},\"headline\":\"La Biblioteca Apostolica Vaticana inaugura una mostra\",\"datePublished\":\"2023-04-27T16:14:18+00:00\",\"mainEntityOfPage\":{\"@id\":\"https:\\\/\\\/exaudi.org\\\/it\\\/la-biblioteca-apostolica-vaticana-inaugura-una-mostra\\\/\"},\"wordCount\":989,\"image\":{\"@id\":\"https:\\\/\\\/exaudi.org\\\/it\\\/la-biblioteca-apostolica-vaticana-inaugura-una-mostra\\\/#primaryimage\"},\"thumbnailUrl\":\"https:\\\/\\\/exaudi.org\\\/wp-content\\\/uploads\\\/2021\\\/11\\\/Sala-de-la-Biblioteca-Vaticana.jpeg\",\"keywords\":[\"Biblioteca Apostolica Vaticana\",\"Sidival Fila\"],\"articleSection\":[\"Vaticano\"],\"inLanguage\":\"it-IT\"},{\"@type\":\"WebPage\",\"@id\":\"https:\\\/\\\/exaudi.org\\\/it\\\/la-biblioteca-apostolica-vaticana-inaugura-una-mostra\\\/\",\"url\":\"https:\\\/\\\/exaudi.org\\\/it\\\/la-biblioteca-apostolica-vaticana-inaugura-una-mostra\\\/\",\"name\":\"La Biblioteca Apostolica Vaticana inaugura una mostra &#8211; Exaudi\",\"isPartOf\":{\"@id\":\"https:\\\/\\\/exaudi.org\\\/#website\"},\"primaryImageOfPage\":{\"@id\":\"https:\\\/\\\/exaudi.org\\\/it\\\/la-biblioteca-apostolica-vaticana-inaugura-una-mostra\\\/#primaryimage\"},\"image\":{\"@id\":\"https:\\\/\\\/exaudi.org\\\/it\\\/la-biblioteca-apostolica-vaticana-inaugura-una-mostra\\\/#primaryimage\"},\"thumbnailUrl\":\"https:\\\/\\\/exaudi.org\\\/wp-content\\\/uploads\\\/2021\\\/11\\\/Sala-de-la-Biblioteca-Vaticana.jpeg\",\"datePublished\":\"2023-04-27T16:14:18+00:00\",\"author\":{\"@id\":\"https:\\\/\\\/exaudi.org\\\/#\\\/schema\\\/person\\\/e1ab6ed07c01774724dd96f925f3a5f0\"},\"breadcrumb\":{\"@id\":\"https:\\\/\\\/exaudi.org\\\/it\\\/la-biblioteca-apostolica-vaticana-inaugura-una-mostra\\\/#breadcrumb\"},\"inLanguage\":\"it-IT\",\"potentialAction\":[{\"@type\":\"ReadAction\",\"target\":[\"https:\\\/\\\/exaudi.org\\\/it\\\/la-biblioteca-apostolica-vaticana-inaugura-una-mostra\\\/\"]}]},{\"@type\":\"ImageObject\",\"inLanguage\":\"it-IT\",\"@id\":\"https:\\\/\\\/exaudi.org\\\/it\\\/la-biblioteca-apostolica-vaticana-inaugura-una-mostra\\\/#primaryimage\",\"url\":\"https:\\\/\\\/exaudi.org\\\/wp-content\\\/uploads\\\/2021\\\/11\\\/Sala-de-la-Biblioteca-Vaticana.jpeg\",\"contentUrl\":\"https:\\\/\\\/exaudi.org\\\/wp-content\\\/uploads\\\/2021\\\/11\\\/Sala-de-la-Biblioteca-Vaticana.jpeg\",\"width\":1280,\"height\":720,\"caption\":\"\u00a9 Vatican Media\"},{\"@type\":\"BreadcrumbList\",\"@id\":\"https:\\\/\\\/exaudi.org\\\/it\\\/la-biblioteca-apostolica-vaticana-inaugura-una-mostra\\\/#breadcrumb\",\"itemListElement\":[{\"@type\":\"ListItem\",\"position\":1,\"name\":\"Portada\",\"item\":\"https:\\\/\\\/exaudi.org\\\/it\\\/\"},{\"@type\":\"ListItem\",\"position\":2,\"name\":\"La Biblioteca Apostolica Vaticana inaugura una mostra\"}]},{\"@type\":\"WebSite\",\"@id\":\"https:\\\/\\\/exaudi.org\\\/#website\",\"url\":\"https:\\\/\\\/exaudi.org\\\/\",\"name\":\"Exaudi\",\"description\":\"News\",\"potentialAction\":[{\"@type\":\"SearchAction\",\"target\":{\"@type\":\"EntryPoint\",\"urlTemplate\":\"https:\\\/\\\/exaudi.org\\\/?s={search_term_string}\"},\"query-input\":{\"@type\":\"PropertyValueSpecification\",\"valueRequired\":true,\"valueName\":\"search_term_string\"}}],\"inLanguage\":\"it-IT\"},{\"@type\":\"Person\",\"@id\":\"https:\\\/\\\/exaudi.org\\\/#\\\/schema\\\/person\\\/e1ab6ed07c01774724dd96f925f3a5f0\",\"name\":\"Exaudi Redazione\",\"image\":{\"@type\":\"ImageObject\",\"inLanguage\":\"it-IT\",\"@id\":\"https:\\\/\\\/secure.gravatar.com\\\/avatar\\\/ad6774b3ada023bf5b939d64f45c94b3adf91502dd883507d469b4308a943bb3?s=96&d=mm&r=g\",\"url\":\"https:\\\/\\\/secure.gravatar.com\\\/avatar\\\/ad6774b3ada023bf5b939d64f45c94b3adf91502dd883507d469b4308a943bb3?s=96&d=mm&r=g\",\"contentUrl\":\"https:\\\/\\\/secure.gravatar.com\\\/avatar\\\/ad6774b3ada023bf5b939d64f45c94b3adf91502dd883507d469b4308a943bb3?s=96&d=mm&r=g\",\"caption\":\"Exaudi Redazione\"},\"description\":\"Che cosa \u00e8 Exaudi News? Exaudi News \u00e8 un agenzia cattolica internazionale che informa, istruisce e trasforma quotidianamente in spagnolo, inglese e italiano. Attraverso notizie, articoli di analisi e trasmissioni in diretta degli eventi del Papa, Exaudi cerca di rafforzare l'unit\u00e0 dei cristiani e di contribuire all'evangelizzazione del mondo, sempre guidato dalla dottrina sociale della Chiesa. Lavoriamo per portare la verit\u00e0 e i valori cristiani in ogni angolo del pianeta. Aiutaci a trasformare il mondo con Exaudi! Noi di Exaudi crediamo che l'evangelizzazione e l'informazione di qualit\u00e0 possano cambiare la vita. Per continuare la nostra missione ed espandere la nostra portata, abbiamo bisogno del tuo aiuto. Stiamo anche cercando persone motivate che vogliano unirsi al nostro team. Grazie al vostro sostegno raggiungeremo pi\u00f9 persone, diffonderemo il messaggio di Cristo e rafforzeremo l'unit\u00e0 dei cristiani. Vuoi unirti alla nostra missione? Per maggiori informazioni su come contribuire, visita Exaudi.org\\\/it o contattaci direttamente: info@exaudi.org Exaudi: informa, forma e trasforma.\",\"sameAs\":[\"https:\\\/\\\/www.facebook.com\\\/ExaudiNotizie\\\/\",\"https:\\\/\\\/www.instagram.com\\\/Exaudi_notizie\\\/\",\"https:\\\/\\\/x.com\\\/Exaudi_Notizie\",\"https:\\\/\\\/www.youtube.com\\\/@exaudicatholicnews\"],\"url\":\"https:\\\/\\\/exaudi.org\\\/it\\\/author\\\/dlvedi-org\\\/\"}]}<\/script>\n<!-- \/ Yoast SEO plugin. -->","yoast_head_json":{"title":"La Biblioteca Apostolica Vaticana inaugura una mostra &#8211; Exaudi","robots":{"index":"index","follow":"follow","max-snippet":"max-snippet:-1","max-image-preview":"max-image-preview:large","max-video-preview":"max-video-preview:-1"},"canonical":"https:\/\/exaudi.org\/it\/la-biblioteca-apostolica-vaticana-inaugura-una-mostra\/","og_locale":"it_IT","og_type":"article","og_title":"La Biblioteca Apostolica Vaticana inaugura una mostra &#8211; Exaudi","og_description":"Confronto tra il proprio patrimonio e l\u2019opera dell\u2019artista Sidival Fila","og_url":"https:\/\/exaudi.org\/it\/la-biblioteca-apostolica-vaticana-inaugura-una-mostra\/","og_site_name":"Exaudi","article_publisher":"https:\/\/www.facebook.com\/ExaudiNews","article_author":"https:\/\/www.facebook.com\/ExaudiNotizie\/","article_published_time":"2023-04-27T16:14:18+00:00","og_image":[{"width":1280,"height":720,"url":"https:\/\/exaudi.org\/wp-content\/uploads\/2021\/11\/Sala-de-la-Biblioteca-Vaticana.jpeg","type":"image\/jpeg"}],"author":"Exaudi Redazione","twitter_card":"summary_large_image","twitter_creator":"@Exaudi_Notizie","twitter_site":"@Exaudi_News","twitter_misc":{"Scritto da":"Exaudi Redazione","Tempo di lettura stimato":"5 minuti"},"schema":{"@context":"https:\/\/schema.org","@graph":[{"@type":"Article","@id":"https:\/\/exaudi.org\/it\/la-biblioteca-apostolica-vaticana-inaugura-una-mostra\/#article","isPartOf":{"@id":"https:\/\/exaudi.org\/it\/la-biblioteca-apostolica-vaticana-inaugura-una-mostra\/"},"author":{"name":"Exaudi Redazione","@id":"https:\/\/exaudi.org\/#\/schema\/person\/e1ab6ed07c01774724dd96f925f3a5f0"},"headline":"La Biblioteca Apostolica Vaticana inaugura una mostra","datePublished":"2023-04-27T16:14:18+00:00","mainEntityOfPage":{"@id":"https:\/\/exaudi.org\/it\/la-biblioteca-apostolica-vaticana-inaugura-una-mostra\/"},"wordCount":989,"image":{"@id":"https:\/\/exaudi.org\/it\/la-biblioteca-apostolica-vaticana-inaugura-una-mostra\/#primaryimage"},"thumbnailUrl":"https:\/\/exaudi.org\/wp-content\/uploads\/2021\/11\/Sala-de-la-Biblioteca-Vaticana.jpeg","keywords":["Biblioteca Apostolica Vaticana","Sidival Fila"],"articleSection":["Vaticano"],"inLanguage":"it-IT"},{"@type":"WebPage","@id":"https:\/\/exaudi.org\/it\/la-biblioteca-apostolica-vaticana-inaugura-una-mostra\/","url":"https:\/\/exaudi.org\/it\/la-biblioteca-apostolica-vaticana-inaugura-una-mostra\/","name":"La Biblioteca Apostolica Vaticana inaugura una mostra &#8211; Exaudi","isPartOf":{"@id":"https:\/\/exaudi.org\/#website"},"primaryImageOfPage":{"@id":"https:\/\/exaudi.org\/it\/la-biblioteca-apostolica-vaticana-inaugura-una-mostra\/#primaryimage"},"image":{"@id":"https:\/\/exaudi.org\/it\/la-biblioteca-apostolica-vaticana-inaugura-una-mostra\/#primaryimage"},"thumbnailUrl":"https:\/\/exaudi.org\/wp-content\/uploads\/2021\/11\/Sala-de-la-Biblioteca-Vaticana.jpeg","datePublished":"2023-04-27T16:14:18+00:00","author":{"@id":"https:\/\/exaudi.org\/#\/schema\/person\/e1ab6ed07c01774724dd96f925f3a5f0"},"breadcrumb":{"@id":"https:\/\/exaudi.org\/it\/la-biblioteca-apostolica-vaticana-inaugura-una-mostra\/#breadcrumb"},"inLanguage":"it-IT","potentialAction":[{"@type":"ReadAction","target":["https:\/\/exaudi.org\/it\/la-biblioteca-apostolica-vaticana-inaugura-una-mostra\/"]}]},{"@type":"ImageObject","inLanguage":"it-IT","@id":"https:\/\/exaudi.org\/it\/la-biblioteca-apostolica-vaticana-inaugura-una-mostra\/#primaryimage","url":"https:\/\/exaudi.org\/wp-content\/uploads\/2021\/11\/Sala-de-la-Biblioteca-Vaticana.jpeg","contentUrl":"https:\/\/exaudi.org\/wp-content\/uploads\/2021\/11\/Sala-de-la-Biblioteca-Vaticana.jpeg","width":1280,"height":720,"caption":"\u00a9 Vatican Media"},{"@type":"BreadcrumbList","@id":"https:\/\/exaudi.org\/it\/la-biblioteca-apostolica-vaticana-inaugura-una-mostra\/#breadcrumb","itemListElement":[{"@type":"ListItem","position":1,"name":"Portada","item":"https:\/\/exaudi.org\/it\/"},{"@type":"ListItem","position":2,"name":"La Biblioteca Apostolica Vaticana inaugura una mostra"}]},{"@type":"WebSite","@id":"https:\/\/exaudi.org\/#website","url":"https:\/\/exaudi.org\/","name":"Exaudi","description":"News","potentialAction":[{"@type":"SearchAction","target":{"@type":"EntryPoint","urlTemplate":"https:\/\/exaudi.org\/?s={search_term_string}"},"query-input":{"@type":"PropertyValueSpecification","valueRequired":true,"valueName":"search_term_string"}}],"inLanguage":"it-IT"},{"@type":"Person","@id":"https:\/\/exaudi.org\/#\/schema\/person\/e1ab6ed07c01774724dd96f925f3a5f0","name":"Exaudi Redazione","image":{"@type":"ImageObject","inLanguage":"it-IT","@id":"https:\/\/secure.gravatar.com\/avatar\/ad6774b3ada023bf5b939d64f45c94b3adf91502dd883507d469b4308a943bb3?s=96&d=mm&r=g","url":"https:\/\/secure.gravatar.com\/avatar\/ad6774b3ada023bf5b939d64f45c94b3adf91502dd883507d469b4308a943bb3?s=96&d=mm&r=g","contentUrl":"https:\/\/secure.gravatar.com\/avatar\/ad6774b3ada023bf5b939d64f45c94b3adf91502dd883507d469b4308a943bb3?s=96&d=mm&r=g","caption":"Exaudi Redazione"},"description":"Che cosa \u00e8 Exaudi News? Exaudi News \u00e8 un agenzia cattolica internazionale che informa, istruisce e trasforma quotidianamente in spagnolo, inglese e italiano. Attraverso notizie, articoli di analisi e trasmissioni in diretta degli eventi del Papa, Exaudi cerca di rafforzare l'unit\u00e0 dei cristiani e di contribuire all'evangelizzazione del mondo, sempre guidato dalla dottrina sociale della Chiesa. Lavoriamo per portare la verit\u00e0 e i valori cristiani in ogni angolo del pianeta. Aiutaci a trasformare il mondo con Exaudi! Noi di Exaudi crediamo che l'evangelizzazione e l'informazione di qualit\u00e0 possano cambiare la vita. Per continuare la nostra missione ed espandere la nostra portata, abbiamo bisogno del tuo aiuto. Stiamo anche cercando persone motivate che vogliano unirsi al nostro team. Grazie al vostro sostegno raggiungeremo pi\u00f9 persone, diffonderemo il messaggio di Cristo e rafforzeremo l'unit\u00e0 dei cristiani. Vuoi unirti alla nostra missione? Per maggiori informazioni su come contribuire, visita Exaudi.org\/it o contattaci direttamente: info@exaudi.org Exaudi: informa, forma e trasforma.","sameAs":["https:\/\/www.facebook.com\/ExaudiNotizie\/","https:\/\/www.instagram.com\/Exaudi_notizie\/","https:\/\/x.com\/Exaudi_Notizie","https:\/\/www.youtube.com\/@exaudicatholicnews"],"url":"https:\/\/exaudi.org\/it\/author\/dlvedi-org\/"}]}},"jetpack_featured_media_url":"https:\/\/exaudi.org\/wp-content\/uploads\/2021\/11\/Sala-de-la-Biblioteca-Vaticana.jpeg","jetpack_shortlink":"https:\/\/wp.me\/pgKjF2-jwZ","_links":{"self":[{"href":"https:\/\/exaudi.org\/it\/wp-json\/wp\/v2\/posts\/75081","targetHints":{"allow":["GET"]}}],"collection":[{"href":"https:\/\/exaudi.org\/it\/wp-json\/wp\/v2\/posts"}],"about":[{"href":"https:\/\/exaudi.org\/it\/wp-json\/wp\/v2\/types\/post"}],"author":[{"embeddable":true,"href":"https:\/\/exaudi.org\/it\/wp-json\/wp\/v2\/users\/17"}],"replies":[{"embeddable":true,"href":"https:\/\/exaudi.org\/it\/wp-json\/wp\/v2\/comments?post=75081"}],"version-history":[{"count":0,"href":"https:\/\/exaudi.org\/it\/wp-json\/wp\/v2\/posts\/75081\/revisions"}],"wp:featuredmedia":[{"embeddable":true,"href":"https:\/\/exaudi.org\/it\/wp-json\/wp\/v2\/media\/38735"}],"wp:attachment":[{"href":"https:\/\/exaudi.org\/it\/wp-json\/wp\/v2\/media?parent=75081"}],"wp:term":[{"taxonomy":"category","embeddable":true,"href":"https:\/\/exaudi.org\/it\/wp-json\/wp\/v2\/categories?post=75081"},{"taxonomy":"post_tag","embeddable":true,"href":"https:\/\/exaudi.org\/it\/wp-json\/wp\/v2\/tags?post=75081"}],"curies":[{"name":"wp","href":"https:\/\/api.w.org\/{rel}","templated":true}]}}