{"id":75017,"date":"2023-04-26T17:25:13","date_gmt":"2023-04-26T15:25:13","guid":{"rendered":"https:\/\/exaudi.org\/?p=75017"},"modified":"2023-04-28T20:24:20","modified_gmt":"2023-04-28T18:24:20","slug":"continuare-a-esprimere-lo-stile-di-dio-nellopera-che-svolgete","status":"publish","type":"post","link":"https:\/\/exaudi.org\/it\/continuare-a-esprimere-lo-stile-di-dio-nellopera-che-svolgete\/","title":{"rendered":"&#8220;Continuare a esprimere \u201clo stile di Dio\u201d nell\u2019opera che svolgete&#8221;"},"content":{"rendered":"<p>Questa mattina, il Santo Padre Francesco ha ricevuto in Udienza una Delegazione della \u201cCatholic Extension Society\u201d.<\/p>\n<p>Pubblichiamo di seguito il saluto che il Papa ha rivolto ai presenti nel corso dell\u2019Udienza:<\/p>\n<p><a name=\"ita\"><\/a><b><u>Saluto del Santo Padre<\/u><\/b><\/p>\n<p>Eminenza, eccellenza,<\/p>\n<p>cari amici,<\/p>\n<p>rivolgo un cordiale benvenuto a tutti voi della\u00a0<i>Catholic Extension Society<\/i>, che vi siete riuniti questa settimana a Roma. La vostra presenza mi offre l\u2019opportunit\u00e0 di esprimervi sentita gratitudine per l\u2019impegno nel provvedere assistenza alle diocesi missionarie, in particolare negli Stati Uniti, e nel prendervi cura delle necessit\u00e0 dei poveri e dei pi\u00f9 vulnerabili. Vi ringrazio anche del prezioso contributo, sia a livello ecclesiale che civile, per la ricostruzione a Porto Rico in seguito agli uragani e ai terremoti che hanno devastato l\u2019isola negli ultimi anni. E ancora, mi congratulo con Suor Norma Pimentel, vincitrice del Premio \u201c<i>Spirit of Francis<\/i>\u201d, per il servizio che presta a tanti uomini, donne e bambini che giungono al confine meridionale degli Stati Uniti \u2013\u00a0<i>esa frontera es caliente caliente \u2013<\/i>\u00a0in cerca di un futuro migliore. Ed \u00e8 pure bello vedere qui rappresentanti<i>\u00a0<\/i>di gruppi di varie estrazioni culturali che la\u00a0<i>Catholic Extension Society<\/i>\u00a0sostiene. Grazie!<\/p>\n<p>Voi, nell\u2019intento di edificare il Corpo di Cristo, la Chiesa (cfr\u00a0<i>Ef<\/i>\u00a04,12), e nel dare voce a coloro che spesso sono senza voce, testimoniate la dignit\u00e0 conferita da Dio a ogni persona. Ci\u00f2 \u00e8 particolarmente importante al giorno d\u2019oggi, mentre la Chiesa intera sta intraprendendo un percorso comune sulla via della sinodalit\u00e0. Ascoltare e includere le esperienze e le prospettive di tutti, specialmente di coloro che si trovano ai margini della societ\u00e0, arricchisce la vita e il ministero ecclesiali; perch\u00e9 la Chiesa \u00e8 come un grande arazzo, fatto di tanti singoli fili che provengono da popoli, lingue e culture differenti, ma sono intessuti in unit\u00e0 dallo Spirito Santo. Lo Spirito, infatti, crea unit\u00e0 armonizzando la molteplicit\u00e0 delle membra del Corpo di Cristo e la diversit\u00e0 dei loro doni. In proposito, mi rallegro per la vostra sollecitudine nel porre al centro dell\u2019azione pastorale della Chiesa quanti sono spesso vittime dell\u2019odierna \u201ccultura dello scarto\u201d; in tal modo la loro voce pu\u00f2 essere udita e la societ\u00e0 intera pu\u00f2 trarne beneficio.<\/p>\n<p>Cari amici, vi incoraggio a continuare a esprimere \u201clo stile di Dio\u201d nell\u2019opera che svolgete. Lo stile di Dio non \u00e8 mai distante, distaccato o indifferente. Al contrario, \u00e8 uno stile di vicinanza, compassione e tenerezza. Questo \u00e8 lo stile di Dio:\u00a0<i>cercan\u00eda, compasi\u00f3n y ternura. Dios va as\u00ed, eso es lo estilo que tiene<\/i>. Auspico che il vostro servizio rispecchi sempre queste qualit\u00e0, vicinanza, compassione e tenerezza \u2013\u00a0<i>cercan\u00eda, compasi\u00f3n y ternura<\/i>\u00a0\u2013, mostrando che il Signore si avvicina alla nostra vita, che \u00e8 mosso a compassione per quanti si trovano in situazioni difficili, che il suo amore ci chiama a metterci in relazione con Lui e a vedere il nostro prossimo come un vero fratello o una vera sorella. La Chiesa \u00e8 dunque grata per ogni espressione di carit\u00e0 fraterna e di sollecitudine verso chi \u00e8 nel bisogno, perch\u00e9 cos\u00ec l\u2019amorevole misericordia di Dio diviene visibile e il tessuto della societ\u00e0 si consolida e si rinnova.<\/p>\n<p>Desidero esprimervi ancora una volta la mia riconoscenza per il vostro impegno nella Chiesa e vi faccio i migliori auguri per il vostro lavoro. Su di voi, sulle vostre famiglie e su tutti coloro che servite, invoco il Signore, perch\u00e9 vi benedica con la sua sapienza e con la sua fortezza. E vi chiedo, per favore, di pregare per me perch\u00e9 anche io ne ho bisogno! Grazie.<\/p>\n","protected":false},"excerpt":{"rendered":"<p>Saluto papale a &#8220;Catholic Extension Society&#8221;<\/p>\n","protected":false},"author":17,"featured_media":75018,"comment_status":"closed","ping_status":"closed","sticky":false,"template":"","format":"standard","meta":{"_acf_changed":false,"_crdt_document":"","inline_featured_image":false,"footnotes":""},"categories":[67],"tags":[9000,4952,1843],"class_list":["post-75017","post","type-post","status-publish","format-standard","has-post-thumbnail","hentry","category-leone-xiv","tag-catholic-extension-society","tag-trending-it","tag-udienza"],"acf":[],"yoast_head":"<!-- This site is optimized with the Yoast SEO plugin v27.4 - https:\/\/yoast.com\/product\/yoast-seo-wordpress\/ -->\n<title>&quot;Continuare a esprimere \u201clo stile di Dio\u201d nell\u2019opera che svolgete&quot; &#8211; Exaudi<\/title>\n<meta name=\"robots\" content=\"index, follow, max-snippet:-1, max-image-preview:large, max-video-preview:-1\" \/>\n<link rel=\"canonical\" href=\"https:\/\/exaudi.org\/it\/continuare-a-esprimere-lo-stile-di-dio-nellopera-che-svolgete\/\" \/>\n<meta property=\"og:locale\" content=\"it_IT\" \/>\n<meta property=\"og:type\" content=\"article\" \/>\n<meta property=\"og:title\" content=\"&quot;Continuare a esprimere \u201clo stile di Dio\u201d nell\u2019opera che svolgete&quot; &#8211; Exaudi\" \/>\n<meta property=\"og:description\" content=\"Saluto papale a &quot;Catholic Extension Society&quot;\" \/>\n<meta property=\"og:url\" content=\"https:\/\/exaudi.org\/it\/continuare-a-esprimere-lo-stile-di-dio-nellopera-che-svolgete\/\" \/>\n<meta property=\"og:site_name\" content=\"Exaudi\" \/>\n<meta property=\"article:publisher\" content=\"https:\/\/www.facebook.com\/ExaudiNews\" \/>\n<meta property=\"article:author\" content=\"https:\/\/www.facebook.com\/ExaudiNotizie\/\" \/>\n<meta property=\"article:published_time\" content=\"2023-04-26T15:25:13+00:00\" \/>\n<meta property=\"article:modified_time\" content=\"2023-04-28T18:24:20+00:00\" \/>\n<meta property=\"og:image\" content=\"https:\/\/exaudi.org\/wp-content\/uploads\/2023\/04\/cq5dam.thumbnail.cropped.750.422-1-12.jpeg\" \/>\n\t<meta property=\"og:image:width\" content=\"750\" \/>\n\t<meta property=\"og:image:height\" content=\"422\" \/>\n\t<meta property=\"og:image:type\" content=\"image\/jpeg\" \/>\n<meta name=\"author\" content=\"Exaudi Redazione\" \/>\n<meta name=\"twitter:card\" content=\"summary_large_image\" \/>\n<meta name=\"twitter:creator\" content=\"@Exaudi_Notizie\" \/>\n<meta name=\"twitter:site\" content=\"@Exaudi_News\" \/>\n<meta name=\"twitter:label1\" content=\"Scritto da\" \/>\n\t<meta name=\"twitter:data1\" content=\"Exaudi Redazione\" \/>\n\t<meta name=\"twitter:label2\" content=\"Tempo di lettura stimato\" \/>\n\t<meta name=\"twitter:data2\" content=\"3 minuti\" \/>\n<script type=\"application\/ld+json\" class=\"yoast-schema-graph\">{\"@context\":\"https:\\\/\\\/schema.org\",\"@graph\":[{\"@type\":\"Article\",\"@id\":\"https:\\\/\\\/exaudi.org\\\/it\\\/continuare-a-esprimere-lo-stile-di-dio-nellopera-che-svolgete\\\/#article\",\"isPartOf\":{\"@id\":\"https:\\\/\\\/exaudi.org\\\/it\\\/continuare-a-esprimere-lo-stile-di-dio-nellopera-che-svolgete\\\/\"},\"author\":{\"name\":\"Exaudi Redazione\",\"@id\":\"https:\\\/\\\/exaudi.org\\\/#\\\/schema\\\/person\\\/e1ab6ed07c01774724dd96f925f3a5f0\"},\"headline\":\"&#8220;Continuare a esprimere \u201clo stile di Dio\u201d nell\u2019opera che svolgete&#8221;\",\"datePublished\":\"2023-04-26T15:25:13+00:00\",\"dateModified\":\"2023-04-28T18:24:20+00:00\",\"mainEntityOfPage\":{\"@id\":\"https:\\\/\\\/exaudi.org\\\/it\\\/continuare-a-esprimere-lo-stile-di-dio-nellopera-che-svolgete\\\/\"},\"wordCount\":596,\"image\":{\"@id\":\"https:\\\/\\\/exaudi.org\\\/it\\\/continuare-a-esprimere-lo-stile-di-dio-nellopera-che-svolgete\\\/#primaryimage\"},\"thumbnailUrl\":\"https:\\\/\\\/exaudi.org\\\/wp-content\\\/uploads\\\/2023\\\/04\\\/cq5dam.thumbnail.cropped.750.422-1-12.jpeg\",\"keywords\":[\"Catholic Extension Society\",\"Trending\",\"udienza\"],\"articleSection\":[\"Leone XIV\"],\"inLanguage\":\"it-IT\"},{\"@type\":\"WebPage\",\"@id\":\"https:\\\/\\\/exaudi.org\\\/it\\\/continuare-a-esprimere-lo-stile-di-dio-nellopera-che-svolgete\\\/\",\"url\":\"https:\\\/\\\/exaudi.org\\\/it\\\/continuare-a-esprimere-lo-stile-di-dio-nellopera-che-svolgete\\\/\",\"name\":\"\\\"Continuare a esprimere \u201clo stile di Dio\u201d nell\u2019opera che svolgete\\\" &#8211; Exaudi\",\"isPartOf\":{\"@id\":\"https:\\\/\\\/exaudi.org\\\/#website\"},\"primaryImageOfPage\":{\"@id\":\"https:\\\/\\\/exaudi.org\\\/it\\\/continuare-a-esprimere-lo-stile-di-dio-nellopera-che-svolgete\\\/#primaryimage\"},\"image\":{\"@id\":\"https:\\\/\\\/exaudi.org\\\/it\\\/continuare-a-esprimere-lo-stile-di-dio-nellopera-che-svolgete\\\/#primaryimage\"},\"thumbnailUrl\":\"https:\\\/\\\/exaudi.org\\\/wp-content\\\/uploads\\\/2023\\\/04\\\/cq5dam.thumbnail.cropped.750.422-1-12.jpeg\",\"datePublished\":\"2023-04-26T15:25:13+00:00\",\"dateModified\":\"2023-04-28T18:24:20+00:00\",\"author\":{\"@id\":\"https:\\\/\\\/exaudi.org\\\/#\\\/schema\\\/person\\\/e1ab6ed07c01774724dd96f925f3a5f0\"},\"breadcrumb\":{\"@id\":\"https:\\\/\\\/exaudi.org\\\/it\\\/continuare-a-esprimere-lo-stile-di-dio-nellopera-che-svolgete\\\/#breadcrumb\"},\"inLanguage\":\"it-IT\",\"potentialAction\":[{\"@type\":\"ReadAction\",\"target\":[\"https:\\\/\\\/exaudi.org\\\/it\\\/continuare-a-esprimere-lo-stile-di-dio-nellopera-che-svolgete\\\/\"]}]},{\"@type\":\"ImageObject\",\"inLanguage\":\"it-IT\",\"@id\":\"https:\\\/\\\/exaudi.org\\\/it\\\/continuare-a-esprimere-lo-stile-di-dio-nellopera-che-svolgete\\\/#primaryimage\",\"url\":\"https:\\\/\\\/exaudi.org\\\/wp-content\\\/uploads\\\/2023\\\/04\\\/cq5dam.thumbnail.cropped.750.422-1-12.jpeg\",\"contentUrl\":\"https:\\\/\\\/exaudi.org\\\/wp-content\\\/uploads\\\/2023\\\/04\\\/cq5dam.thumbnail.cropped.750.422-1-12.jpeg\",\"width\":750,\"height\":422,\"caption\":\"Vatican News\"},{\"@type\":\"BreadcrumbList\",\"@id\":\"https:\\\/\\\/exaudi.org\\\/it\\\/continuare-a-esprimere-lo-stile-di-dio-nellopera-che-svolgete\\\/#breadcrumb\",\"itemListElement\":[{\"@type\":\"ListItem\",\"position\":1,\"name\":\"Portada\",\"item\":\"https:\\\/\\\/exaudi.org\\\/it\\\/\"},{\"@type\":\"ListItem\",\"position\":2,\"name\":\"&#8220;Continuare a esprimere \u201clo stile di Dio\u201d nell\u2019opera che svolgete&#8221;\"}]},{\"@type\":\"WebSite\",\"@id\":\"https:\\\/\\\/exaudi.org\\\/#website\",\"url\":\"https:\\\/\\\/exaudi.org\\\/\",\"name\":\"Exaudi\",\"description\":\"News\",\"potentialAction\":[{\"@type\":\"SearchAction\",\"target\":{\"@type\":\"EntryPoint\",\"urlTemplate\":\"https:\\\/\\\/exaudi.org\\\/?s={search_term_string}\"},\"query-input\":{\"@type\":\"PropertyValueSpecification\",\"valueRequired\":true,\"valueName\":\"search_term_string\"}}],\"inLanguage\":\"it-IT\"},{\"@type\":\"Person\",\"@id\":\"https:\\\/\\\/exaudi.org\\\/#\\\/schema\\\/person\\\/e1ab6ed07c01774724dd96f925f3a5f0\",\"name\":\"Exaudi Redazione\",\"image\":{\"@type\":\"ImageObject\",\"inLanguage\":\"it-IT\",\"@id\":\"https:\\\/\\\/secure.gravatar.com\\\/avatar\\\/ad6774b3ada023bf5b939d64f45c94b3adf91502dd883507d469b4308a943bb3?s=96&d=mm&r=g\",\"url\":\"https:\\\/\\\/secure.gravatar.com\\\/avatar\\\/ad6774b3ada023bf5b939d64f45c94b3adf91502dd883507d469b4308a943bb3?s=96&d=mm&r=g\",\"contentUrl\":\"https:\\\/\\\/secure.gravatar.com\\\/avatar\\\/ad6774b3ada023bf5b939d64f45c94b3adf91502dd883507d469b4308a943bb3?s=96&d=mm&r=g\",\"caption\":\"Exaudi Redazione\"},\"description\":\"Che cosa \u00e8 Exaudi News? Exaudi News \u00e8 un agenzia cattolica internazionale che informa, istruisce e trasforma quotidianamente in spagnolo, inglese e italiano. Attraverso notizie, articoli di analisi e trasmissioni in diretta degli eventi del Papa, Exaudi cerca di rafforzare l'unit\u00e0 dei cristiani e di contribuire all'evangelizzazione del mondo, sempre guidato dalla dottrina sociale della Chiesa. Lavoriamo per portare la verit\u00e0 e i valori cristiani in ogni angolo del pianeta. Aiutaci a trasformare il mondo con Exaudi! Noi di Exaudi crediamo che l'evangelizzazione e l'informazione di qualit\u00e0 possano cambiare la vita. Per continuare la nostra missione ed espandere la nostra portata, abbiamo bisogno del tuo aiuto. Stiamo anche cercando persone motivate che vogliano unirsi al nostro team. Grazie al vostro sostegno raggiungeremo pi\u00f9 persone, diffonderemo il messaggio di Cristo e rafforzeremo l'unit\u00e0 dei cristiani. Vuoi unirti alla nostra missione? Per maggiori informazioni su come contribuire, visita Exaudi.org\\\/it o contattaci direttamente: info@exaudi.org Exaudi: informa, forma e trasforma.\",\"sameAs\":[\"https:\\\/\\\/www.facebook.com\\\/ExaudiNotizie\\\/\",\"https:\\\/\\\/www.instagram.com\\\/Exaudi_notizie\\\/\",\"https:\\\/\\\/x.com\\\/Exaudi_Notizie\",\"https:\\\/\\\/www.youtube.com\\\/@exaudicatholicnews\"],\"url\":\"https:\\\/\\\/exaudi.org\\\/it\\\/author\\\/dlvedi-org\\\/\"}]}<\/script>\n<!-- \/ Yoast SEO plugin. -->","yoast_head_json":{"title":"\"Continuare a esprimere \u201clo stile di Dio\u201d nell\u2019opera che svolgete\" &#8211; Exaudi","robots":{"index":"index","follow":"follow","max-snippet":"max-snippet:-1","max-image-preview":"max-image-preview:large","max-video-preview":"max-video-preview:-1"},"canonical":"https:\/\/exaudi.org\/it\/continuare-a-esprimere-lo-stile-di-dio-nellopera-che-svolgete\/","og_locale":"it_IT","og_type":"article","og_title":"\"Continuare a esprimere \u201clo stile di Dio\u201d nell\u2019opera che svolgete\" &#8211; Exaudi","og_description":"Saluto papale a \"Catholic Extension Society\"","og_url":"https:\/\/exaudi.org\/it\/continuare-a-esprimere-lo-stile-di-dio-nellopera-che-svolgete\/","og_site_name":"Exaudi","article_publisher":"https:\/\/www.facebook.com\/ExaudiNews","article_author":"https:\/\/www.facebook.com\/ExaudiNotizie\/","article_published_time":"2023-04-26T15:25:13+00:00","article_modified_time":"2023-04-28T18:24:20+00:00","og_image":[{"width":750,"height":422,"url":"https:\/\/exaudi.org\/wp-content\/uploads\/2023\/04\/cq5dam.thumbnail.cropped.750.422-1-12.jpeg","type":"image\/jpeg"}],"author":"Exaudi Redazione","twitter_card":"summary_large_image","twitter_creator":"@Exaudi_Notizie","twitter_site":"@Exaudi_News","twitter_misc":{"Scritto da":"Exaudi Redazione","Tempo di lettura stimato":"3 minuti"},"schema":{"@context":"https:\/\/schema.org","@graph":[{"@type":"Article","@id":"https:\/\/exaudi.org\/it\/continuare-a-esprimere-lo-stile-di-dio-nellopera-che-svolgete\/#article","isPartOf":{"@id":"https:\/\/exaudi.org\/it\/continuare-a-esprimere-lo-stile-di-dio-nellopera-che-svolgete\/"},"author":{"name":"Exaudi Redazione","@id":"https:\/\/exaudi.org\/#\/schema\/person\/e1ab6ed07c01774724dd96f925f3a5f0"},"headline":"&#8220;Continuare a esprimere \u201clo stile di Dio\u201d nell\u2019opera che svolgete&#8221;","datePublished":"2023-04-26T15:25:13+00:00","dateModified":"2023-04-28T18:24:20+00:00","mainEntityOfPage":{"@id":"https:\/\/exaudi.org\/it\/continuare-a-esprimere-lo-stile-di-dio-nellopera-che-svolgete\/"},"wordCount":596,"image":{"@id":"https:\/\/exaudi.org\/it\/continuare-a-esprimere-lo-stile-di-dio-nellopera-che-svolgete\/#primaryimage"},"thumbnailUrl":"https:\/\/exaudi.org\/wp-content\/uploads\/2023\/04\/cq5dam.thumbnail.cropped.750.422-1-12.jpeg","keywords":["Catholic Extension Society","Trending","udienza"],"articleSection":["Leone XIV"],"inLanguage":"it-IT"},{"@type":"WebPage","@id":"https:\/\/exaudi.org\/it\/continuare-a-esprimere-lo-stile-di-dio-nellopera-che-svolgete\/","url":"https:\/\/exaudi.org\/it\/continuare-a-esprimere-lo-stile-di-dio-nellopera-che-svolgete\/","name":"\"Continuare a esprimere \u201clo stile di Dio\u201d nell\u2019opera che svolgete\" &#8211; Exaudi","isPartOf":{"@id":"https:\/\/exaudi.org\/#website"},"primaryImageOfPage":{"@id":"https:\/\/exaudi.org\/it\/continuare-a-esprimere-lo-stile-di-dio-nellopera-che-svolgete\/#primaryimage"},"image":{"@id":"https:\/\/exaudi.org\/it\/continuare-a-esprimere-lo-stile-di-dio-nellopera-che-svolgete\/#primaryimage"},"thumbnailUrl":"https:\/\/exaudi.org\/wp-content\/uploads\/2023\/04\/cq5dam.thumbnail.cropped.750.422-1-12.jpeg","datePublished":"2023-04-26T15:25:13+00:00","dateModified":"2023-04-28T18:24:20+00:00","author":{"@id":"https:\/\/exaudi.org\/#\/schema\/person\/e1ab6ed07c01774724dd96f925f3a5f0"},"breadcrumb":{"@id":"https:\/\/exaudi.org\/it\/continuare-a-esprimere-lo-stile-di-dio-nellopera-che-svolgete\/#breadcrumb"},"inLanguage":"it-IT","potentialAction":[{"@type":"ReadAction","target":["https:\/\/exaudi.org\/it\/continuare-a-esprimere-lo-stile-di-dio-nellopera-che-svolgete\/"]}]},{"@type":"ImageObject","inLanguage":"it-IT","@id":"https:\/\/exaudi.org\/it\/continuare-a-esprimere-lo-stile-di-dio-nellopera-che-svolgete\/#primaryimage","url":"https:\/\/exaudi.org\/wp-content\/uploads\/2023\/04\/cq5dam.thumbnail.cropped.750.422-1-12.jpeg","contentUrl":"https:\/\/exaudi.org\/wp-content\/uploads\/2023\/04\/cq5dam.thumbnail.cropped.750.422-1-12.jpeg","width":750,"height":422,"caption":"Vatican News"},{"@type":"BreadcrumbList","@id":"https:\/\/exaudi.org\/it\/continuare-a-esprimere-lo-stile-di-dio-nellopera-che-svolgete\/#breadcrumb","itemListElement":[{"@type":"ListItem","position":1,"name":"Portada","item":"https:\/\/exaudi.org\/it\/"},{"@type":"ListItem","position":2,"name":"&#8220;Continuare a esprimere \u201clo stile di Dio\u201d nell\u2019opera che svolgete&#8221;"}]},{"@type":"WebSite","@id":"https:\/\/exaudi.org\/#website","url":"https:\/\/exaudi.org\/","name":"Exaudi","description":"News","potentialAction":[{"@type":"SearchAction","target":{"@type":"EntryPoint","urlTemplate":"https:\/\/exaudi.org\/?s={search_term_string}"},"query-input":{"@type":"PropertyValueSpecification","valueRequired":true,"valueName":"search_term_string"}}],"inLanguage":"it-IT"},{"@type":"Person","@id":"https:\/\/exaudi.org\/#\/schema\/person\/e1ab6ed07c01774724dd96f925f3a5f0","name":"Exaudi Redazione","image":{"@type":"ImageObject","inLanguage":"it-IT","@id":"https:\/\/secure.gravatar.com\/avatar\/ad6774b3ada023bf5b939d64f45c94b3adf91502dd883507d469b4308a943bb3?s=96&d=mm&r=g","url":"https:\/\/secure.gravatar.com\/avatar\/ad6774b3ada023bf5b939d64f45c94b3adf91502dd883507d469b4308a943bb3?s=96&d=mm&r=g","contentUrl":"https:\/\/secure.gravatar.com\/avatar\/ad6774b3ada023bf5b939d64f45c94b3adf91502dd883507d469b4308a943bb3?s=96&d=mm&r=g","caption":"Exaudi Redazione"},"description":"Che cosa \u00e8 Exaudi News? Exaudi News \u00e8 un agenzia cattolica internazionale che informa, istruisce e trasforma quotidianamente in spagnolo, inglese e italiano. Attraverso notizie, articoli di analisi e trasmissioni in diretta degli eventi del Papa, Exaudi cerca di rafforzare l'unit\u00e0 dei cristiani e di contribuire all'evangelizzazione del mondo, sempre guidato dalla dottrina sociale della Chiesa. Lavoriamo per portare la verit\u00e0 e i valori cristiani in ogni angolo del pianeta. Aiutaci a trasformare il mondo con Exaudi! Noi di Exaudi crediamo che l'evangelizzazione e l'informazione di qualit\u00e0 possano cambiare la vita. Per continuare la nostra missione ed espandere la nostra portata, abbiamo bisogno del tuo aiuto. Stiamo anche cercando persone motivate che vogliano unirsi al nostro team. Grazie al vostro sostegno raggiungeremo pi\u00f9 persone, diffonderemo il messaggio di Cristo e rafforzeremo l'unit\u00e0 dei cristiani. Vuoi unirti alla nostra missione? Per maggiori informazioni su come contribuire, visita Exaudi.org\/it o contattaci direttamente: info@exaudi.org Exaudi: informa, forma e trasforma.","sameAs":["https:\/\/www.facebook.com\/ExaudiNotizie\/","https:\/\/www.instagram.com\/Exaudi_notizie\/","https:\/\/x.com\/Exaudi_Notizie","https:\/\/www.youtube.com\/@exaudicatholicnews"],"url":"https:\/\/exaudi.org\/it\/author\/dlvedi-org\/"}]}},"jetpack_featured_media_url":"https:\/\/exaudi.org\/wp-content\/uploads\/2023\/04\/cq5dam.thumbnail.cropped.750.422-1-12.jpeg","jetpack_shortlink":"https:\/\/wp.me\/pgKjF2-jvX","_links":{"self":[{"href":"https:\/\/exaudi.org\/it\/wp-json\/wp\/v2\/posts\/75017","targetHints":{"allow":["GET"]}}],"collection":[{"href":"https:\/\/exaudi.org\/it\/wp-json\/wp\/v2\/posts"}],"about":[{"href":"https:\/\/exaudi.org\/it\/wp-json\/wp\/v2\/types\/post"}],"author":[{"embeddable":true,"href":"https:\/\/exaudi.org\/it\/wp-json\/wp\/v2\/users\/17"}],"replies":[{"embeddable":true,"href":"https:\/\/exaudi.org\/it\/wp-json\/wp\/v2\/comments?post=75017"}],"version-history":[{"count":0,"href":"https:\/\/exaudi.org\/it\/wp-json\/wp\/v2\/posts\/75017\/revisions"}],"wp:featuredmedia":[{"embeddable":true,"href":"https:\/\/exaudi.org\/it\/wp-json\/wp\/v2\/media\/75018"}],"wp:attachment":[{"href":"https:\/\/exaudi.org\/it\/wp-json\/wp\/v2\/media?parent=75017"}],"wp:term":[{"taxonomy":"category","embeddable":true,"href":"https:\/\/exaudi.org\/it\/wp-json\/wp\/v2\/categories?post=75017"},{"taxonomy":"post_tag","embeddable":true,"href":"https:\/\/exaudi.org\/it\/wp-json\/wp\/v2\/tags?post=75017"}],"curies":[{"name":"wp","href":"https:\/\/api.w.org\/{rel}","templated":true}]}}