{"id":74985,"date":"2023-04-26T16:49:13","date_gmt":"2023-04-26T14:49:13","guid":{"rendered":"https:\/\/exaudi.org\/?p=74985"},"modified":"2023-04-26T16:49:13","modified_gmt":"2023-04-26T14:49:13","slug":"la-chiamata-del-signore-e-grazia-e-un-dono-gratuito-e-portare-il-vangelo","status":"publish","type":"post","link":"https:\/\/exaudi.org\/it\/la-chiamata-del-signore-e-grazia-e-un-dono-gratuito-e-portare-il-vangelo\/","title":{"rendered":"\u201cLa chiamata del Signore \u00e8 grazia, \u00e8 un dono gratuito, \u00e8 portare il Vangelo\u201d"},"content":{"rendered":"<p>Il 30 aprile 2023, IV Domenica di Pasqua, si celebra la 60<sup>a<\/sup>\u00a0Giornata Mondiale di Preghiera per le Vocazioni sul tema \u201c<i>Vocazione: grazia e missione<\/i>\u201d.<\/p>\n<p>Pubblichiamo di seguito il Messaggio che il Santo Padre Francesco invia per l\u2019occasione ai Vescovi, ai sacerdoti, ai consacrati ed ai fedeli di tutto il mondo:<\/p>\n<p><a name=\"it\"><\/a><b><u>Messaggio del Santo Padre<\/u><\/b><\/p>\n<p><b><i>Vocazione: grazia e missione<\/i><\/b><\/p>\n<p>Cari fratelli e sorelle, carissimi giovani!<\/p>\n<p>\u00c8 la sessantesima volta che si celebra la Giornata Mondiale di Preghiera per le Vocazioni, istituita da San Paolo VI nel 1964, durante il Concilio Ecumenico Vaticano II. Questa iniziativa provvidenziale si propone di aiutare i membri del Popolo di Dio, personalmente e in comunit\u00e0, a rispondere alla chiamata e alla missione che il Signore affida ad ognuno nel mondo di oggi, con le sue ferite e le sue speranze, le sue sfide e le sue conquiste.<\/p>\n<p>Quest\u2019anno vi propongo di riflettere e pregare guidati dal tema \u201cVocazione: grazia e missione\u201d. \u00c8 un\u2019occasione preziosa per riscoprire con stupore che la chiamata del Signore \u00e8 grazia, \u00e8 dono gratuito, e nello stesso tempo \u00e8 impegno ad andare, a uscire per portare il Vangelo. Siamo chiamati alla fede testimoniale, che stringe fortemente il legame tra la vita della grazia, attraverso i Sacramenti e la comunione ecclesiale, e l\u2019apostolato nel mondo. Animato dallo Spirito, il cristiano si lascia interpellare dalle periferie esistenziali ed \u00e8 sensibile ai drammi umani, avendo sempre ben presente che la missione \u00e8 opera di Dio e non si realizza da soli, ma nella comunione ecclesiale, insieme ai fratelli e alle sorelle, guidati dai Pastori. Perch\u00e9 questo \u00e8 da sempre e per sempre il sogno di Dio: che viviamo con Lui in comunione d\u2019amore.<\/p>\n<p><i>\u00abScelti prima della creazione del mondo\u00bb<\/i><\/p>\n<p>L\u2019apostolo Paolo spalanca davanti a noi un orizzonte meraviglioso: in Cristo, Dio Padre \u00abci ha scelti prima della creazione del mondo per essere santi e immacolati di fronte a lui nella carit\u00e0, predestinandoci a essere per lui figli adottivi mediante Ges\u00f9 Cristo, secondo il disegno d\u2019amore della sua volont\u00e0\u00bb (<i>Ef<\/i>\u00a0l,4-5). Sono parole che ci permettono di vedere la vita nel suo senso pieno: Dio ci \u201cconcepisce\u201d a sua immagine e somiglianza e ci vuole suoi figli: siamo stati creati dall\u2019Amore, per amore e con amore, e siamo fatti per amare.<\/p>\n<p>Nel corso della nostra vita, questa chiamata, inscritta dentro le fibre del nostro essere<i>\u00a0<\/i>e portatrice del segreto della felicit\u00e0, ci raggiunge, per l\u2019azione dello Spirito Santo, in maniera sempre nuova, illumina la nostra intelligenza, infonde vigore alla volont\u00e0, ci riempie di stupore e fa ardere il nostro cuore. A volte addirittura irrompe in modo inaspettato. \u00c8 stato cos\u00ec per me il 21 settembre 1953 quando, mentre andavo all\u2019annuale festa dello studente, ho sentito la spinta ad entrare in chiesa e a confessarmi. Quel giorno ha cambiato la mia vita e le ha dato un\u2019impronta che dura fino a oggi. Per\u00f2 la chiamata divina al dono di s\u00e9 si fa strada man mano, attraverso un cammino: a contatto con una situazione di povert\u00e0, in un momento di preghiera, grazie a una testimonianza limpida del Vangelo, a una lettura che ci apre la mente, quando ascoltiamo una Parola di Dio e la sentiamo rivolta proprio a noi, nel consiglio di un fratello o una sorella che ci accompagna, in un tempo di malattia o di lutto\u2026La fantasia di Dio che ci chiama \u00e8 infinita.<\/p>\n<p>E la sua iniziativa e il suo dono gratuito attendono la nostra risposta. La vocazione \u00e8 \u00abl\u2019intreccio tra scelta divina e libert\u00e0 umana\u00bb<sup>[1]<\/sup>, un rapporto dinamico e stimolante che ha per interlocutori Dio e il cuore umano. Cos\u00ec il dono della vocazione \u00e8 come un seme divino che germoglia nel terreno della nostra vita, ci apre a Dio e ci apre agli altri per condividere con loro il tesoro trovato. Questa \u00e8 la struttura fondamentale di ci\u00f2 che intendiamo per vocazione: Dio chiama amando e noi, grati, rispondiamo amando. Ci scopriamo figli e figlie amati dallo stesso Padre e ci riconosciamo fratelli e sorelle<i>\u00a0<\/i>tra noi. Santa Teresa di Ges\u00f9 Bambino, quando \u201cvide\u201d finalmente con chiarezza questa realt\u00e0, esclam\u00f2: \u00abLa mia vocazione l\u2019ho trovata finalmente! La mia vocazione \u00e8 l\u2019amore! S\u00ec, ho trovato il mio posto nella Chiesa [\u2026]. Nel cuore della Chiesa, mia Madre, sar\u00f2 l\u2019amore\u00bb<sup>[2]<\/sup>.<\/p>\n<p><i>\u00abIo sono una missione su questa terra\u00bb<\/i><\/p>\n<p>La chiamata di Dio, come dicevamo, include l\u2019invio. Non c\u2019\u00e8 vocazione senza missione. E non c\u2019\u00e8 felicit\u00e0 e piena realizzazione di s\u00e9 senza offrire agli altri la vita nuova che abbiamo trovato. La chiamata divina all\u2019amore \u00e8 un\u2019esperienza che non si pu\u00f2 tacere. \u00abGuai a me se non annuncio il Vangelo!\u00bb, esclamava San Paolo (<i>1 Cor<\/i>\u00a09,16). E la Prima Lettera di Giovanni inizia cos\u00ec: \u201cQuello che abbiamo udito, veduto, contemplato e toccato \u2013 cio\u00e8 il Verbo fatto carne \u2013 noi lo annunciamo anche a voi perch\u00e9 la nostra gioia sia piena\u201d (cfr 1,1-4).<\/p>\n<p>Cinque anni fa, nell\u2019Esortazione apostolica\u00a0<i>Gaudete et exsultate<\/i>, mi rivolgevo cos\u00ec ad ogni battezzato e battezzata: \u00abAnche tu hai bisogno di concepire la totalit\u00e0 della tua vita come una missione\u00bb<i>\u00a0<\/i>(n. 23). S\u00ec, perch\u00e9 ognuno di noi, nessuno escluso, pu\u00f2 dire: \u00abIo sono una missione su questa terra, e per questo mi trovo in questo mondo\u00bb (Esort. ap.\u00a0<i>Evangelii gaudium<\/i>, 273).<\/p>\n<p>La missione comune a tutti noi cristiani \u00e8 quella di testimoniare con gioia, in ogni situazione, con atteggiamenti e parole, ci\u00f2 che sperimentiamo stando con Ges\u00f9 e nella sua comunit\u00e0 che \u00e8 la Chiesa. E si traduce in opere di misericordia materiale e spirituale, in uno stile di vita accogliente e mite, capace di vicinanza, compassione e tenerezza, controcorrente rispetto alla cultura dello scarto e dell\u2019indifferenza. Farsi prossimo, come il buon samaritano (cfr\u00a0<i>Lc<\/i>\u00a010,25-37), permette di capire il \u201cnocciolo\u201d della vocazione cristiana: imitare Ges\u00f9 Cristo che \u00e8 venuto per servire e non per essere servito (cfr\u00a0<i>Mc<\/i>\u00a010,45).<\/p>\n<p>Quest\u2019azione missionaria non nasce semplicemente dalle nostre capacit\u00e0, intenzioni o progetti, n\u00e9 dalla nostra volont\u00e0 e neppure dal nostro sforzo di praticare le virt\u00f9, ma da una profonda esperienza con Ges\u00f9. Solo allora possiamo diventare testimoni di Qualcuno, di una Vita, e questo ci rende \u201capostoli\u201d. Allora riconosciamo noi stessi \u00abcome marcati a fuoco da tale missione di illuminare, benedire, vivificare, sollevare, guarire, liberare\u00bb (Esort. ap.\u00a0<i>Evangelii gaudium<\/i>, 273).<\/p>\n<p>Icona evangelica di questa esperienza sono i due discepoli di Emmaus. Dopo l\u2019incontro con Ges\u00f9 risorto essi si confidano a vicenda: \u00abNon ardeva forse in noi il nostro cuore mentre egli conversava con noi lungo la via, quando ci spiegava le Scritture?\u00bb (<i>Lc<\/i>\u00a024,32). In loro possiamo vedere che cosa significhi avere \u201ccuori ardenti e piedi in cammino\u201d<sup>[3]<\/sup>. \u00c8 quanto mi auguro anche per la prossima Giornata Mondiale della Giovent\u00f9 a Lisbona, che attendo con gioia e che ha per motto: \u00abMaria si alz\u00f2 e and\u00f2 in fretta\u00bb (<i>Lc\u00a0<\/i>1,39). Che ognuno e ognuna si senta chiamato ad alzarsi e andare in fretta, con cuore ardente!<\/p>\n<p><i>Chiamati insieme: convocati<\/i><\/p>\n<p>L\u2019evangelista Marco racconta il momento in cui Ges\u00f9 chiam\u00f2 a s\u00e9 dodici discepoli, ciascuno col proprio nome. Li costitu\u00ec perch\u00e9 stessero con lui e per inviarli a predicare, guarire le malattie e scacciare i demoni (cfr\u00a0<i>Mc<\/i>\u00a03,13-15). Il Signore pone cos\u00ec le basi della sua nuova Comunit\u00e0. I Dodici erano persone di ambienti sociali e mestieri differenti, non appartenenti alle categorie pi\u00f9 importanti. I Vangeli ci raccontano poi di altre chiamate, come quella dei settantadue discepoli che Ges\u00f9 invia a due a due (cfr\u00a0<i>Lc\u00a0<\/i>10,1).<\/p>\n<p>La Chiesa \u00e8 appunto\u00a0<i>Ekkles\u00eda<\/i>, termine greco che significa:\u00a0<i>assemblea di persone chiamate, convocate<\/i>, per formare la comunit\u00e0 dei discepoli e delle discepole missionari di Ges\u00f9 Cristo, impegnati a vivere il suo amore tra loro (cfr\u00a0<i>Gv<\/i>\u00a013,34; 15,12) e a diffonderlo tra tutti, perch\u00e9 venga il Regno di Dio.<\/p>\n<p>Nella Chiesa, siamo tutti servitori e servitrici, secondo diverse vocazioni, carismi e ministeri. La vocazione al dono di s\u00e9 nell\u2019amore, comune a tutti, si dispiega e si concretizza nella vita dei cristiani laici e laiche, impegnati a costruire la famiglia come piccola\u00a0<i>chiesa domestica<\/i>\u00a0e a rinnovare i vari ambienti della societ\u00e0 con il lievito del Vangelo; nella testimonianza delle consacrate e dei consacrati, donati tutti a Dio per i fratelli e le sorelle come profezia del Regno di Dio; nei ministri ordinati (diaconi, presbiteri, vescovi) posti al servizio della Parola, della preghiera e della comunione del popolo santo di Dio. Solo nella relazione con tutte le altre, ogni specifica vocazione nella Chiesa viene alla luce pienamente con la propria verit\u00e0 e ricchezza. In questo senso, la Chiesa \u00e8 una sinfonia vocazionale, con tutte le vocazioni unite e distinte in armonia e insieme \u201cin uscita\u201d per irradiare nel mondo la vita nuova del Regno di Dio.<\/p>\n<p><i>Grazia e missione: dono e compito<\/i><\/p>\n<p>Cari fratelli e sorelle, la vocazione \u00e8 dono e compito, fonte di vita nuova e di vera gioia. Le iniziative di preghiera e di animazione legate a questa Giornata possano rafforzare la sensibilit\u00e0 vocazionale nelle nostre famiglie, nelle comunit\u00e0 parrocchiali e in quelle di vita consacrata, nelle associazioni e nei movimenti ecclesiali. Lo Spirito del Signore risorto ci scuota dall\u2019apatia e ci doni simpatia ed empatia, per vivere ogni giorno rigenerati come figli di Dio Amore (cfr\u00a0<i>1 Gv\u00a0<\/i>4,16) ed essere a nostra volta generativi nell\u2019amore: capaci di portare vita ovunque, specialmente l\u00e0 dove ci sono esclusione e sfruttamento, indigenza e morte. Cos\u00ec che si allarghino gli spazi dell\u2019amore\u00a0<sup>[4]<\/sup>\u00a0e Dio regni sempre pi\u00f9 in questo mondo.<\/p>\n<p>Ci accompagni in questo cammino la preghiera composta da San Paolo VI per la I Giornata Mondiale delle Vocazioni, 11 aprile 1964:<\/p>\n<p>\u00abO Ges\u00f9, divino Pastore delle anime, che hai chiamato gli Apostoli per farne pescatori di uomini, attrai a te ancora anime ardenti e generose di giovani, per renderli tuoi seguaci e tuoi ministri; falli partecipi della tua sete di universale Redenzione, [\u2026] dischiudi loro gli orizzonti del mondo intero, [\u2026] affinch\u00e9, rispondendo alla tua chiamata, prolunghino quaggi\u00f9 la Tua missione, edifichino il Tuo Corpo mistico, che \u00e8 la Chiesa, e siano \u201csale della terra\u201d, \u201cluce del mondo\u201d (<i>Mt<\/i>\u00a05,13)\u00bb.<\/p>\n<p>Vi accompagni e vi protegga la Vergine Maria. Con la mia benedizione.<\/p>\n<p>Roma, San Giovanni in Laterano, 30 aprile 2023, IV Domenica di Pasqua.<\/p>\n<p>FRANCESCO<\/p>\n<p>______________________<\/p>\n<p><sup>[1]<\/sup>\u00a0<i>Documento finale della XV Assemblea generale ordinaria del Sinodo dei Vescovi<\/i>\u00a0(2018),\u00a0<i>Giovani, fede e discernimento vocazionale,<\/i>\u00a0n. 78.<br \/>\n<sup>[2]<\/sup>\u00a0<i>Manoscritto B<\/i>, scritto durante il suo ultimo ritiro (settembre 1896):\u00a0<i>Opere complete<\/i>, Roma 1997, 223.<br \/>\n<sup>[3]<\/sup>\u00a0Cfr\u00a0<i>Messaggio per la 97\u00aa Giornata Missionaria Mondiale<\/i>\u00a0(6 gennaio 2023).<br \/>\n<sup>[4]<\/sup>\u00a0\u00ab<i>Dilatentur spatia caritatis<\/i>\u00bb: Sant\u2019Agostino,\u00a0<i>Sermo<\/i>\u00a069:\u00a0<i>PL<\/i>\u00a05, 440.441.<\/p>\n","protected":false},"excerpt":{"rendered":"<p>Messaggio del Santo Padre per la 60\u00aa Giornata Mondiale di Preghiera per le Vocazioni<\/p>\n","protected":false},"author":17,"featured_media":6858,"comment_status":"closed","ping_status":"closed","sticky":false,"template":"","format":"standard","meta":{"_acf_changed":false,"_crdt_document":"","inline_featured_image":false,"footnotes":""},"categories":[67,117],"tags":[2480,251,4952,1596],"class_list":["post-74985","post","type-post","status-publish","format-standard","has-post-thumbnail","hentry","category-leone-xiv","category-messaggi","tag-messaggio","tag-papa-francesco","tag-trending-it","tag-vocazione"],"acf":[],"yoast_head":"<!-- This site is optimized with the Yoast SEO plugin v27.5 - https:\/\/yoast.com\/product\/yoast-seo-wordpress\/ -->\n<title>\u201cLa chiamata del Signore \u00e8 grazia, \u00e8 un dono gratuito, \u00e8 portare il Vangelo\u201d &#8211; Exaudi<\/title>\n<meta name=\"robots\" content=\"index, follow, max-snippet:-1, max-image-preview:large, max-video-preview:-1\" \/>\n<link rel=\"canonical\" href=\"https:\/\/exaudi.org\/it\/la-chiamata-del-signore-e-grazia-e-un-dono-gratuito-e-portare-il-vangelo\/\" \/>\n<meta property=\"og:locale\" content=\"it_IT\" \/>\n<meta property=\"og:type\" content=\"article\" \/>\n<meta property=\"og:title\" content=\"\u201cLa chiamata del Signore \u00e8 grazia, \u00e8 un dono gratuito, \u00e8 portare il Vangelo\u201d &#8211; Exaudi\" \/>\n<meta property=\"og:description\" content=\"Messaggio del Santo Padre per la 60\u00aa Giornata Mondiale di Preghiera per le Vocazioni\" \/>\n<meta property=\"og:url\" content=\"https:\/\/exaudi.org\/it\/la-chiamata-del-signore-e-grazia-e-un-dono-gratuito-e-portare-il-vangelo\/\" \/>\n<meta property=\"og:site_name\" content=\"Exaudi\" \/>\n<meta property=\"article:publisher\" content=\"https:\/\/www.facebook.com\/ExaudiNews\" \/>\n<meta property=\"article:author\" content=\"https:\/\/www.facebook.com\/ExaudiNotizie\/\" \/>\n<meta property=\"article:published_time\" content=\"2023-04-26T14:49:13+00:00\" \/>\n<meta property=\"og:image\" content=\"https:\/\/exaudi.org\/wp-content\/uploads\/2021\/03\/Francisco-reza-frente-a-imagen-de-S.-Jose.jpeg\" \/>\n\t<meta property=\"og:image:width\" content=\"1280\" \/>\n\t<meta property=\"og:image:height\" content=\"719\" \/>\n\t<meta property=\"og:image:type\" content=\"image\/jpeg\" \/>\n<meta name=\"author\" content=\"Exaudi Redazione\" \/>\n<meta name=\"twitter:card\" content=\"summary_large_image\" \/>\n<meta name=\"twitter:creator\" content=\"@Exaudi_Notizie\" \/>\n<meta name=\"twitter:site\" content=\"@Exaudi_News\" \/>\n<meta name=\"twitter:label1\" content=\"Scritto da\" \/>\n\t<meta name=\"twitter:data1\" content=\"Exaudi Redazione\" \/>\n\t<meta name=\"twitter:label2\" content=\"Tempo di lettura stimato\" \/>\n\t<meta name=\"twitter:data2\" content=\"9 minuti\" \/>\n<script type=\"application\/ld+json\" class=\"yoast-schema-graph\">{\"@context\":\"https:\\\/\\\/schema.org\",\"@graph\":[{\"@type\":\"Article\",\"@id\":\"https:\\\/\\\/exaudi.org\\\/it\\\/la-chiamata-del-signore-e-grazia-e-un-dono-gratuito-e-portare-il-vangelo\\\/#article\",\"isPartOf\":{\"@id\":\"https:\\\/\\\/exaudi.org\\\/it\\\/la-chiamata-del-signore-e-grazia-e-un-dono-gratuito-e-portare-il-vangelo\\\/\"},\"author\":{\"name\":\"Exaudi Redazione\",\"@id\":\"https:\\\/\\\/exaudi.org\\\/#\\\/schema\\\/person\\\/e1ab6ed07c01774724dd96f925f3a5f0\"},\"headline\":\"\u201cLa chiamata del Signore \u00e8 grazia, \u00e8 un dono gratuito, \u00e8 portare il Vangelo\u201d\",\"datePublished\":\"2023-04-26T14:49:13+00:00\",\"mainEntityOfPage\":{\"@id\":\"https:\\\/\\\/exaudi.org\\\/it\\\/la-chiamata-del-signore-e-grazia-e-un-dono-gratuito-e-portare-il-vangelo\\\/\"},\"wordCount\":1722,\"image\":{\"@id\":\"https:\\\/\\\/exaudi.org\\\/it\\\/la-chiamata-del-signore-e-grazia-e-un-dono-gratuito-e-portare-il-vangelo\\\/#primaryimage\"},\"thumbnailUrl\":\"https:\\\/\\\/exaudi.org\\\/wp-content\\\/uploads\\\/2021\\\/03\\\/Francisco-reza-frente-a-imagen-de-S.-Jose.jpeg\",\"keywords\":[\"messaggio\",\"Papa Francesco\",\"Trending\",\"vocazione\"],\"articleSection\":[\"Leone XIV\",\"Messaggi\"],\"inLanguage\":\"it-IT\"},{\"@type\":\"WebPage\",\"@id\":\"https:\\\/\\\/exaudi.org\\\/it\\\/la-chiamata-del-signore-e-grazia-e-un-dono-gratuito-e-portare-il-vangelo\\\/\",\"url\":\"https:\\\/\\\/exaudi.org\\\/it\\\/la-chiamata-del-signore-e-grazia-e-un-dono-gratuito-e-portare-il-vangelo\\\/\",\"name\":\"\u201cLa chiamata del Signore \u00e8 grazia, \u00e8 un dono gratuito, \u00e8 portare il Vangelo\u201d &#8211; Exaudi\",\"isPartOf\":{\"@id\":\"https:\\\/\\\/exaudi.org\\\/#website\"},\"primaryImageOfPage\":{\"@id\":\"https:\\\/\\\/exaudi.org\\\/it\\\/la-chiamata-del-signore-e-grazia-e-un-dono-gratuito-e-portare-il-vangelo\\\/#primaryimage\"},\"image\":{\"@id\":\"https:\\\/\\\/exaudi.org\\\/it\\\/la-chiamata-del-signore-e-grazia-e-un-dono-gratuito-e-portare-il-vangelo\\\/#primaryimage\"},\"thumbnailUrl\":\"https:\\\/\\\/exaudi.org\\\/wp-content\\\/uploads\\\/2021\\\/03\\\/Francisco-reza-frente-a-imagen-de-S.-Jose.jpeg\",\"datePublished\":\"2023-04-26T14:49:13+00:00\",\"author\":{\"@id\":\"https:\\\/\\\/exaudi.org\\\/#\\\/schema\\\/person\\\/e1ab6ed07c01774724dd96f925f3a5f0\"},\"breadcrumb\":{\"@id\":\"https:\\\/\\\/exaudi.org\\\/it\\\/la-chiamata-del-signore-e-grazia-e-un-dono-gratuito-e-portare-il-vangelo\\\/#breadcrumb\"},\"inLanguage\":\"it-IT\",\"potentialAction\":[{\"@type\":\"ReadAction\",\"target\":[\"https:\\\/\\\/exaudi.org\\\/it\\\/la-chiamata-del-signore-e-grazia-e-un-dono-gratuito-e-portare-il-vangelo\\\/\"]}]},{\"@type\":\"ImageObject\",\"inLanguage\":\"it-IT\",\"@id\":\"https:\\\/\\\/exaudi.org\\\/it\\\/la-chiamata-del-signore-e-grazia-e-un-dono-gratuito-e-portare-il-vangelo\\\/#primaryimage\",\"url\":\"https:\\\/\\\/exaudi.org\\\/wp-content\\\/uploads\\\/2021\\\/03\\\/Francisco-reza-frente-a-imagen-de-S.-Jose.jpeg\",\"contentUrl\":\"https:\\\/\\\/exaudi.org\\\/wp-content\\\/uploads\\\/2021\\\/03\\\/Francisco-reza-frente-a-imagen-de-S.-Jose.jpeg\",\"width\":1280,\"height\":719,\"caption\":\"\u00a9 Vatican Media\"},{\"@type\":\"BreadcrumbList\",\"@id\":\"https:\\\/\\\/exaudi.org\\\/it\\\/la-chiamata-del-signore-e-grazia-e-un-dono-gratuito-e-portare-il-vangelo\\\/#breadcrumb\",\"itemListElement\":[{\"@type\":\"ListItem\",\"position\":1,\"name\":\"Portada\",\"item\":\"https:\\\/\\\/exaudi.org\\\/it\\\/\"},{\"@type\":\"ListItem\",\"position\":2,\"name\":\"\u201cLa chiamata del Signore \u00e8 grazia, \u00e8 un dono gratuito, \u00e8 portare il Vangelo\u201d\"}]},{\"@type\":\"WebSite\",\"@id\":\"https:\\\/\\\/exaudi.org\\\/#website\",\"url\":\"https:\\\/\\\/exaudi.org\\\/\",\"name\":\"Exaudi\",\"description\":\"News\",\"potentialAction\":[{\"@type\":\"SearchAction\",\"target\":{\"@type\":\"EntryPoint\",\"urlTemplate\":\"https:\\\/\\\/exaudi.org\\\/?s={search_term_string}\"},\"query-input\":{\"@type\":\"PropertyValueSpecification\",\"valueRequired\":true,\"valueName\":\"search_term_string\"}}],\"inLanguage\":\"it-IT\"},{\"@type\":\"Person\",\"@id\":\"https:\\\/\\\/exaudi.org\\\/#\\\/schema\\\/person\\\/e1ab6ed07c01774724dd96f925f3a5f0\",\"name\":\"Exaudi Redazione\",\"image\":{\"@type\":\"ImageObject\",\"inLanguage\":\"it-IT\",\"@id\":\"https:\\\/\\\/secure.gravatar.com\\\/avatar\\\/ad6774b3ada023bf5b939d64f45c94b3adf91502dd883507d469b4308a943bb3?s=96&d=mm&r=g\",\"url\":\"https:\\\/\\\/secure.gravatar.com\\\/avatar\\\/ad6774b3ada023bf5b939d64f45c94b3adf91502dd883507d469b4308a943bb3?s=96&d=mm&r=g\",\"contentUrl\":\"https:\\\/\\\/secure.gravatar.com\\\/avatar\\\/ad6774b3ada023bf5b939d64f45c94b3adf91502dd883507d469b4308a943bb3?s=96&d=mm&r=g\",\"caption\":\"Exaudi Redazione\"},\"description\":\"Che cosa \u00e8 Exaudi News? Exaudi News \u00e8 un agenzia cattolica internazionale che informa, istruisce e trasforma quotidianamente in spagnolo, inglese e italiano. Attraverso notizie, articoli di analisi e trasmissioni in diretta degli eventi del Papa, Exaudi cerca di rafforzare l'unit\u00e0 dei cristiani e di contribuire all'evangelizzazione del mondo, sempre guidato dalla dottrina sociale della Chiesa. Lavoriamo per portare la verit\u00e0 e i valori cristiani in ogni angolo del pianeta. Aiutaci a trasformare il mondo con Exaudi! Noi di Exaudi crediamo che l'evangelizzazione e l'informazione di qualit\u00e0 possano cambiare la vita. Per continuare la nostra missione ed espandere la nostra portata, abbiamo bisogno del tuo aiuto. Stiamo anche cercando persone motivate che vogliano unirsi al nostro team. Grazie al vostro sostegno raggiungeremo pi\u00f9 persone, diffonderemo il messaggio di Cristo e rafforzeremo l'unit\u00e0 dei cristiani. Vuoi unirti alla nostra missione? Per maggiori informazioni su come contribuire, visita Exaudi.org\\\/it o contattaci direttamente: info@exaudi.org Exaudi: informa, forma e trasforma.\",\"sameAs\":[\"https:\\\/\\\/www.facebook.com\\\/ExaudiNotizie\\\/\",\"https:\\\/\\\/www.instagram.com\\\/Exaudi_notizie\\\/\",\"https:\\\/\\\/x.com\\\/Exaudi_Notizie\",\"https:\\\/\\\/www.youtube.com\\\/@exaudicatholicnews\"],\"url\":\"https:\\\/\\\/exaudi.org\\\/it\\\/author\\\/dlvedi-org\\\/\"}]}<\/script>\n<!-- \/ Yoast SEO plugin. -->","yoast_head_json":{"title":"\u201cLa chiamata del Signore \u00e8 grazia, \u00e8 un dono gratuito, \u00e8 portare il Vangelo\u201d &#8211; Exaudi","robots":{"index":"index","follow":"follow","max-snippet":"max-snippet:-1","max-image-preview":"max-image-preview:large","max-video-preview":"max-video-preview:-1"},"canonical":"https:\/\/exaudi.org\/it\/la-chiamata-del-signore-e-grazia-e-un-dono-gratuito-e-portare-il-vangelo\/","og_locale":"it_IT","og_type":"article","og_title":"\u201cLa chiamata del Signore \u00e8 grazia, \u00e8 un dono gratuito, \u00e8 portare il Vangelo\u201d &#8211; Exaudi","og_description":"Messaggio del Santo Padre per la 60\u00aa Giornata Mondiale di Preghiera per le Vocazioni","og_url":"https:\/\/exaudi.org\/it\/la-chiamata-del-signore-e-grazia-e-un-dono-gratuito-e-portare-il-vangelo\/","og_site_name":"Exaudi","article_publisher":"https:\/\/www.facebook.com\/ExaudiNews","article_author":"https:\/\/www.facebook.com\/ExaudiNotizie\/","article_published_time":"2023-04-26T14:49:13+00:00","og_image":[{"width":1280,"height":719,"url":"https:\/\/exaudi.org\/wp-content\/uploads\/2021\/03\/Francisco-reza-frente-a-imagen-de-S.-Jose.jpeg","type":"image\/jpeg"}],"author":"Exaudi Redazione","twitter_card":"summary_large_image","twitter_creator":"@Exaudi_Notizie","twitter_site":"@Exaudi_News","twitter_misc":{"Scritto da":"Exaudi Redazione","Tempo di lettura stimato":"9 minuti"},"schema":{"@context":"https:\/\/schema.org","@graph":[{"@type":"Article","@id":"https:\/\/exaudi.org\/it\/la-chiamata-del-signore-e-grazia-e-un-dono-gratuito-e-portare-il-vangelo\/#article","isPartOf":{"@id":"https:\/\/exaudi.org\/it\/la-chiamata-del-signore-e-grazia-e-un-dono-gratuito-e-portare-il-vangelo\/"},"author":{"name":"Exaudi Redazione","@id":"https:\/\/exaudi.org\/#\/schema\/person\/e1ab6ed07c01774724dd96f925f3a5f0"},"headline":"\u201cLa chiamata del Signore \u00e8 grazia, \u00e8 un dono gratuito, \u00e8 portare il Vangelo\u201d","datePublished":"2023-04-26T14:49:13+00:00","mainEntityOfPage":{"@id":"https:\/\/exaudi.org\/it\/la-chiamata-del-signore-e-grazia-e-un-dono-gratuito-e-portare-il-vangelo\/"},"wordCount":1722,"image":{"@id":"https:\/\/exaudi.org\/it\/la-chiamata-del-signore-e-grazia-e-un-dono-gratuito-e-portare-il-vangelo\/#primaryimage"},"thumbnailUrl":"https:\/\/exaudi.org\/wp-content\/uploads\/2021\/03\/Francisco-reza-frente-a-imagen-de-S.-Jose.jpeg","keywords":["messaggio","Papa Francesco","Trending","vocazione"],"articleSection":["Leone XIV","Messaggi"],"inLanguage":"it-IT"},{"@type":"WebPage","@id":"https:\/\/exaudi.org\/it\/la-chiamata-del-signore-e-grazia-e-un-dono-gratuito-e-portare-il-vangelo\/","url":"https:\/\/exaudi.org\/it\/la-chiamata-del-signore-e-grazia-e-un-dono-gratuito-e-portare-il-vangelo\/","name":"\u201cLa chiamata del Signore \u00e8 grazia, \u00e8 un dono gratuito, \u00e8 portare il Vangelo\u201d &#8211; Exaudi","isPartOf":{"@id":"https:\/\/exaudi.org\/#website"},"primaryImageOfPage":{"@id":"https:\/\/exaudi.org\/it\/la-chiamata-del-signore-e-grazia-e-un-dono-gratuito-e-portare-il-vangelo\/#primaryimage"},"image":{"@id":"https:\/\/exaudi.org\/it\/la-chiamata-del-signore-e-grazia-e-un-dono-gratuito-e-portare-il-vangelo\/#primaryimage"},"thumbnailUrl":"https:\/\/exaudi.org\/wp-content\/uploads\/2021\/03\/Francisco-reza-frente-a-imagen-de-S.-Jose.jpeg","datePublished":"2023-04-26T14:49:13+00:00","author":{"@id":"https:\/\/exaudi.org\/#\/schema\/person\/e1ab6ed07c01774724dd96f925f3a5f0"},"breadcrumb":{"@id":"https:\/\/exaudi.org\/it\/la-chiamata-del-signore-e-grazia-e-un-dono-gratuito-e-portare-il-vangelo\/#breadcrumb"},"inLanguage":"it-IT","potentialAction":[{"@type":"ReadAction","target":["https:\/\/exaudi.org\/it\/la-chiamata-del-signore-e-grazia-e-un-dono-gratuito-e-portare-il-vangelo\/"]}]},{"@type":"ImageObject","inLanguage":"it-IT","@id":"https:\/\/exaudi.org\/it\/la-chiamata-del-signore-e-grazia-e-un-dono-gratuito-e-portare-il-vangelo\/#primaryimage","url":"https:\/\/exaudi.org\/wp-content\/uploads\/2021\/03\/Francisco-reza-frente-a-imagen-de-S.-Jose.jpeg","contentUrl":"https:\/\/exaudi.org\/wp-content\/uploads\/2021\/03\/Francisco-reza-frente-a-imagen-de-S.-Jose.jpeg","width":1280,"height":719,"caption":"\u00a9 Vatican Media"},{"@type":"BreadcrumbList","@id":"https:\/\/exaudi.org\/it\/la-chiamata-del-signore-e-grazia-e-un-dono-gratuito-e-portare-il-vangelo\/#breadcrumb","itemListElement":[{"@type":"ListItem","position":1,"name":"Portada","item":"https:\/\/exaudi.org\/it\/"},{"@type":"ListItem","position":2,"name":"\u201cLa chiamata del Signore \u00e8 grazia, \u00e8 un dono gratuito, \u00e8 portare il Vangelo\u201d"}]},{"@type":"WebSite","@id":"https:\/\/exaudi.org\/#website","url":"https:\/\/exaudi.org\/","name":"Exaudi","description":"News","potentialAction":[{"@type":"SearchAction","target":{"@type":"EntryPoint","urlTemplate":"https:\/\/exaudi.org\/?s={search_term_string}"},"query-input":{"@type":"PropertyValueSpecification","valueRequired":true,"valueName":"search_term_string"}}],"inLanguage":"it-IT"},{"@type":"Person","@id":"https:\/\/exaudi.org\/#\/schema\/person\/e1ab6ed07c01774724dd96f925f3a5f0","name":"Exaudi Redazione","image":{"@type":"ImageObject","inLanguage":"it-IT","@id":"https:\/\/secure.gravatar.com\/avatar\/ad6774b3ada023bf5b939d64f45c94b3adf91502dd883507d469b4308a943bb3?s=96&d=mm&r=g","url":"https:\/\/secure.gravatar.com\/avatar\/ad6774b3ada023bf5b939d64f45c94b3adf91502dd883507d469b4308a943bb3?s=96&d=mm&r=g","contentUrl":"https:\/\/secure.gravatar.com\/avatar\/ad6774b3ada023bf5b939d64f45c94b3adf91502dd883507d469b4308a943bb3?s=96&d=mm&r=g","caption":"Exaudi Redazione"},"description":"Che cosa \u00e8 Exaudi News? Exaudi News \u00e8 un agenzia cattolica internazionale che informa, istruisce e trasforma quotidianamente in spagnolo, inglese e italiano. Attraverso notizie, articoli di analisi e trasmissioni in diretta degli eventi del Papa, Exaudi cerca di rafforzare l'unit\u00e0 dei cristiani e di contribuire all'evangelizzazione del mondo, sempre guidato dalla dottrina sociale della Chiesa. Lavoriamo per portare la verit\u00e0 e i valori cristiani in ogni angolo del pianeta. Aiutaci a trasformare il mondo con Exaudi! Noi di Exaudi crediamo che l'evangelizzazione e l'informazione di qualit\u00e0 possano cambiare la vita. Per continuare la nostra missione ed espandere la nostra portata, abbiamo bisogno del tuo aiuto. Stiamo anche cercando persone motivate che vogliano unirsi al nostro team. Grazie al vostro sostegno raggiungeremo pi\u00f9 persone, diffonderemo il messaggio di Cristo e rafforzeremo l'unit\u00e0 dei cristiani. Vuoi unirti alla nostra missione? Per maggiori informazioni su come contribuire, visita Exaudi.org\/it o contattaci direttamente: info@exaudi.org Exaudi: informa, forma e trasforma.","sameAs":["https:\/\/www.facebook.com\/ExaudiNotizie\/","https:\/\/www.instagram.com\/Exaudi_notizie\/","https:\/\/x.com\/Exaudi_Notizie","https:\/\/www.youtube.com\/@exaudicatholicnews"],"url":"https:\/\/exaudi.org\/it\/author\/dlvedi-org\/"}]}},"jetpack_featured_media_url":"https:\/\/exaudi.org\/wp-content\/uploads\/2021\/03\/Francisco-reza-frente-a-imagen-de-S.-Jose.jpeg","jetpack_shortlink":"https:\/\/wp.me\/pgKjF2-jvr","_links":{"self":[{"href":"https:\/\/exaudi.org\/it\/wp-json\/wp\/v2\/posts\/74985","targetHints":{"allow":["GET"]}}],"collection":[{"href":"https:\/\/exaudi.org\/it\/wp-json\/wp\/v2\/posts"}],"about":[{"href":"https:\/\/exaudi.org\/it\/wp-json\/wp\/v2\/types\/post"}],"author":[{"embeddable":true,"href":"https:\/\/exaudi.org\/it\/wp-json\/wp\/v2\/users\/17"}],"replies":[{"embeddable":true,"href":"https:\/\/exaudi.org\/it\/wp-json\/wp\/v2\/comments?post=74985"}],"version-history":[{"count":0,"href":"https:\/\/exaudi.org\/it\/wp-json\/wp\/v2\/posts\/74985\/revisions"}],"wp:featuredmedia":[{"embeddable":true,"href":"https:\/\/exaudi.org\/it\/wp-json\/wp\/v2\/media\/6858"}],"wp:attachment":[{"href":"https:\/\/exaudi.org\/it\/wp-json\/wp\/v2\/media?parent=74985"}],"wp:term":[{"taxonomy":"category","embeddable":true,"href":"https:\/\/exaudi.org\/it\/wp-json\/wp\/v2\/categories?post=74985"},{"taxonomy":"post_tag","embeddable":true,"href":"https:\/\/exaudi.org\/it\/wp-json\/wp\/v2\/tags?post=74985"}],"curies":[{"name":"wp","href":"https:\/\/api.w.org\/{rel}","templated":true}]}}