{"id":74980,"date":"2023-04-26T15:56:02","date_gmt":"2023-04-26T13:56:02","guid":{"rendered":"https:\/\/exaudi.org\/?p=74980"},"modified":"2023-04-26T16:30:27","modified_gmt":"2023-04-26T14:30:27","slug":"il-papa-sulla-vita-monastica-la-loro-preghiera-e-la-forza-invisibile-che-sostiene-la-missione","status":"publish","type":"post","link":"https:\/\/exaudi.org\/it\/il-papa-sulla-vita-monastica-la-loro-preghiera-e-la-forza-invisibile-che-sostiene-la-missione\/","title":{"rendered":"Il Papa sulla vita monastica: &#8220;La loro preghiera \u00e8 la forza invisibile che sostiene la missione&#8221;"},"content":{"rendered":"<audio class=\"wp-audio-shortcode\" id=\"audio-74980-1\" preload=\"none\" style=\"width: 100%;\" controls=\"controls\"><source type=\"audio\/mpeg\" src=\"https:\/\/exaudi.org\/wp-content\/uploads\/2023\/04\/Il-Papa-sulla-vita-monastica-La-loro-preghiera.mp3?_=1\" \/><a href=\"https:\/\/exaudi.org\/wp-content\/uploads\/2023\/04\/Il-Papa-sulla-vita-monastica-La-loro-preghiera.mp3\">https:\/\/exaudi.org\/wp-content\/uploads\/2023\/04\/Il-Papa-sulla-vita-monastica-La-loro-preghiera.mp3<\/a><\/audio>\n<p>L\u2019Udienza Generale di questa mattina si \u00e8 svolta alle ore 9.00 in Piazza San Pietro, dove il Santo Padre Francesco ha incontrato i gruppi di pellegrini e fedeli provenienti dall\u2019Italia e da ogni parte del mondo.<\/p>\n<p>Nel discorso in lingua italiana il Papa, continuando il ciclo di catechesi\u00a0<i>La passione per l\u2019evangelizzazione: lo zelo apostolico del credente<\/i>, ha incentrato la Sua meditazione sul tema \u201cTestimoni: il monachesimo e la forza dell\u2019intercessione. Gregorio di Narek.\u201d (Lettura:\u00a0<i>Is<\/i>\u00a053,11-12).<\/p>\n<p>Dopo aver riassunto la Sua catechesi nelle diverse lingue, il Santo Padre ha indirizzato particolari espressioni di saluto ai fedeli presenti.<\/p>\n<p>L\u2019Udienza Generale si \u00e8 conclusa con la recita del\u00a0<i>Pater Noster<\/i>\u00a0e la Benedizione Apostolica.<\/p>\n<p><iframe loading=\"lazy\" title=\"Audiencia General - 26 abril 2023 - Papa Francisco\" width=\"500\" height=\"281\" src=\"https:\/\/www.youtube.com\/embed\/9Y-CGrgAudY?feature=oembed\" frameborder=\"0\" allow=\"accelerometer; autoplay; clipboard-write; encrypted-media; gyroscope; picture-in-picture; web-share\" referrerpolicy=\"strict-origin-when-cross-origin\" allowfullscreen><\/iframe><\/p>\n<p><a name=\"ca\"><\/a><b><u>Catechesi del Santo Padre\u00a0<\/u><\/b><\/p>\n<p>Cari fratelli e sorelle, buongiorno!<\/p>\n<p>Proseguiamo le catechesi sui testimoni dello zelo apostolico. Siamo partiti da San Paolo e la volta scorsa abbiamo guardato i martiri, che annunciano Ges\u00f9 con la vita, fino a donarla per Lui e per il Vangelo. Ma c\u2019\u00e8 un\u2019altra grande testimonianza che attraversa la storia della fede: quella\u00a0<i>delle monache e dei monaci<\/i>, sorelle e fratelli che rinunciano a s\u00e9, rinunciano al mondo per imitare Ges\u00f9 sulla via della povert\u00e0, della castit\u00e0 e dell\u2019obbedienza e per intercedere a favore di tutti. Le loro vite parlano da s\u00e9, ma noi potremmo chiederci: come pu\u00f2 della gente che vive in monastero aiutare l\u2019annuncio del Vangelo? Non farebbero meglio a impiegare le loro energie nella missione? Uscendo dal monastero e predicando il Vangelo fuori dal monastero? In realt\u00e0, i monaci sono il cuore pulsante dell\u2019annuncio, la loro preghiera \u00e8 ossigeno per tutte le membra del Corpo di Cristo, la preghiera loro \u00e8 la forza invisibile che sostiene la missione. Non a caso la patrona delle missioni \u00e8 una monaca, Santa Teresa di Ges\u00f9 Bambino. Ascoltiamo come scopr\u00ec la sua vocazione, scrisse cos\u00ec: \u00abCompresi che la Chiesa ha un cuore, un cuore bruciato dall\u2019amore. Capii che solo l\u2019amore spinge all\u2019azione le membra della Chiesa e che, spento questo amore, gli apostoli non avrebbero pi\u00f9 annunciato il Vangelo, i martiri non avrebbero pi\u00f9 versato il loro sangue. Compresi e conobbi che l\u2019amore abbraccia in s\u00e9 tutte le vocazioni [\u2026]. Allora con somma gioia ed estasi dell\u2019animo gridai: O Ges\u00f9, mio amore, ho trovato finalmente la mia vocazione. La mia vocazione \u00e8 l\u2019amore. [\u2026]Nel cuore della Chiesa, mia madre, io sar\u00f2 l\u2019amore\u00bb (<i>Manoscritto autobiografico \u201cB<\/i>\u201d, 8 settembre 1896). I contemplativi, i monaci, le monache: gente che prega, lavora, prega in silenzio, per tutta la Chiesa. E questo \u00e8 l\u2019amore: \u00e8 l\u2019amore che si esprime pregando per la Chiesa, lavorando per la Chiesa, nei monasteri.<\/p>\n<p>Questo amore per tutti anima la vita dei monaci e si traduce nella loro preghiera di intercessione. A questo proposito vorrei portarvi come esempio San Gregorio di Narek, Dottore della Chiesa. \u00c8 un monaco armeno, vissuto attorno all\u2019anno Mille, che ci ha lasciato un libro di preghiere, nel quale si \u00e8 riversata la fede del popolo armeno, il primo ad abbracciare il cristianesimo; un popolo che, stretto alla croce di Cristo, ha tanto sofferto lungo la storia. E San Gregorio trascorse nel monastero di Narek quasi tutta la vita. L\u00ec impar\u00f2 a scrutare le profondit\u00e0 dell\u2019animo umano e, fondendo insieme poesia e preghiera, segn\u00f2 il vertice sia della letteratura sia della spiritualit\u00e0 armena. L\u2019aspetto che in lui pi\u00f9 colpisce \u00e8 proprio la\u00a0<i>solidariet\u00e0 universale<\/i>\u00a0di cui \u00e8 interprete. E fra i monaci e le monache c\u2019\u00e8 una solidariet\u00e0 universale: qualsiasi cosa succede nel mondo, trova posto nel loro cuore e pregano. Il cuore dei monaci e delle monache \u00e8 un cuore che prende come un\u2019antenna, prende cosa succede nel mondo e prega e intercede per questo. E cos\u00ec vivono in unione con il Signore e con tutti. E San Gregorio di Narek scrive: \u00abIo mi sono volontariamente caricato di tutte le colpe, da quelle del primo padre fino a quello dell\u2019ultimo dei suoi discendenti\u00bb. (<i>Libro delle Lamentazioni<\/i>, 72). E come ha fatto Ges\u00f9 i monaci prendono su di loro i problemi del mondo, le difficolta, le malattie, tante cose e pregano per gli altri. E questi sono i grandi evangelizzatori. I monasteri come mai vivono chiusi ed evangelizzano? Perch\u00e9 con la parola, l\u2019esempio, l\u2019intercessione e il lavoro quotidiano, i monaci sono un ponte di intercessione per tutte le persone e per i peccati. Loro piangono anche con le lacrime, piangono per i loro peccati \u2013 tutti siamo peccatori \u2013 e anche piangono per i peccati del mondo, e pregano e intercedono con le mani e il cuore in alto. Pensiamo un po&#8217; a questa \u2013 mi permetto la parola \u2013 \u201criserva\u201d che noi abbiamo nella Chiesa: sono la vera forza, la vera forza che porta avanti il popolo di Dio e da qui viene l\u2019abitudine che ha la gente \u2013 il popolo di Dio \u2013 quando incontra un consacrato, una consacrata di dire: \u201cPrega per me, prega per me\u201d, perch\u00e9 sai che c\u2019\u00e8 una preghiera d\u2019intercessione. Ci far\u00e0 bene &#8211; nella misura che noi possiamo &#8211; visitare qualche monastero, perch\u00e9 l\u00ec si prega e si lavora. Ognuno ha la propria regola, ma l\u00ec hanno le mani sempre occupate: occupate con il lavoro, occupate con la preghiera. Che il Signore ci dia nuovi monasteri, ci dia monaci e monache che portino avanti la Chiesa con la loro intercessione. Grazie.<\/p>\n<h3><strong>Saluti<\/strong><\/h3>\n<p>Rivolgo un cordiale benvenuto ai pellegrini di lingua italiana. In particolare, saluto le Suore Oblate Ospitaliere Francescane che celebrano il Capitolo Generale; il Movimento Shalom della Diocesi di San Miniato; l\u2019Associazione \u201cPietro Rossano\u201d, con il Vescovo di Alba; i cresimati della Diocesi di Treviso, accompagnati dal loro Vescovo, incoraggiando ciascuno ad essere gioioso testimone di Cristo tra i coetanei. Capito? Gioiosi testimoni di Cristo tra i coetanei.<\/p>\n<p>Saluto con affetto i militari della Brigata Pozzuolo del Friuli e li ringrazio per il loro generoso servizio nei dintorni della Citt\u00e0 del Vaticano, come pure per il dono dell\u2019artistico mosaico. Sono lieto di accogliere i partecipanti al pellegrinaggio promosso dalle Suore Salesiane dei Sacri Cuori nel ricordo del Centenario della morte di San Filippo Smaldone. L\u2019incisiva azione pastorale in campo ecclesiale e civile di questo Santo, vi aiuti a perseverare nella testimonianza di fede e di adesione ai valori del Vangelo.<\/p>\n<p>Infine un pensiero, ai giovani, ai malati, agli anziani e agli sposi novelli, ispirato all\u2019apparizione di Cristo ai due \u201cdiscepoli di Emmaus\u201d (cfr<i>Lc<\/i>24, 13-35). Sappiate incontrare Ges\u00f9 nella preghiera e nella riflessione, e il vostro cuore, come avvenne per i viandanti di Emmaus, arder\u00e0 per i desideri, gli entusiasmi e le certezze che solo il divino Maestro sa suggerire.<\/p>\n<p>E fratelli e sorelle, non dimentichiamo di pregare per la martoriata Ucraina.<\/p>\n<p>A tutti la mia benedizione.<\/p>\n<p><img loading=\"lazy\" decoding=\"async\" class=\"alignleft size-full wp-image-75000\" src=\"https:\/\/exaudi.org\/wp-content\/uploads\/2023\/04\/It-Papa-Francisco.jpg\" alt=\"\" width=\"1080\" height=\"1080\" srcset=\"https:\/\/exaudi.org\/wp-content\/uploads\/2023\/04\/It-Papa-Francisco.jpg 1080w, https:\/\/exaudi.org\/wp-content\/uploads\/2023\/04\/It-Papa-Francisco-300x300.jpg 300w, https:\/\/exaudi.org\/wp-content\/uploads\/2023\/04\/It-Papa-Francisco-1024x1024.jpg 1024w, https:\/\/exaudi.org\/wp-content\/uploads\/2023\/04\/It-Papa-Francisco-100x100.jpg?crop=1 100w, https:\/\/exaudi.org\/wp-content\/uploads\/2023\/04\/It-Papa-Francisco-770x770.jpg 770w, https:\/\/exaudi.org\/wp-content\/uploads\/2023\/04\/It-Papa-Francisco-500x500.jpg 500w, https:\/\/exaudi.org\/wp-content\/uploads\/2023\/04\/It-Papa-Francisco-293x293.jpg 293w, https:\/\/exaudi.org\/wp-content\/uploads\/2023\/04\/It-Papa-Francisco-390x390.jpg 390w, https:\/\/exaudi.org\/wp-content\/uploads\/2023\/04\/It-Papa-Francisco-585x585.jpg 585w, https:\/\/exaudi.org\/wp-content\/uploads\/2023\/04\/It-Papa-Francisco-900x900.jpg 900w\" sizes=\"auto, (max-width: 1080px) 100vw, 1080px\" \/><\/p>\n","protected":false},"excerpt":{"rendered":"<p>12\u00aa catechesi del Santo Padre sulla passione per l&#8217;evangelizzazione<\/p>\n","protected":false},"author":17,"featured_media":74967,"comment_status":"closed","ping_status":"closed","sticky":false,"template":"","format":"standard","meta":{"_acf_changed":false,"_crdt_document":"","inline_featured_image":false,"footnotes":""},"categories":[67,111],"tags":[2487,1889,251,578,579,8997],"class_list":["post-74980","post","type-post","status-publish","format-standard","has-post-thumbnail","hentry","category-leone-xiv","category-udienza-generale","tag-featured-3","tag-missione","tag-papa-francesco","tag-preghiera","tag-udienza-generale","tag-vita-monastica"],"acf":[],"yoast_head":"<!-- This site is optimized with the Yoast SEO plugin v27.5 - https:\/\/yoast.com\/product\/yoast-seo-wordpress\/ -->\n<title>Il Papa sulla vita monastica: &quot;La loro preghiera \u00e8 la forza invisibile che sostiene la missione&quot; &#8211; Exaudi<\/title>\n<meta name=\"robots\" content=\"index, follow, max-snippet:-1, max-image-preview:large, max-video-preview:-1\" \/>\n<link rel=\"canonical\" href=\"https:\/\/exaudi.org\/it\/il-papa-sulla-vita-monastica-la-loro-preghiera-e-la-forza-invisibile-che-sostiene-la-missione\/\" \/>\n<meta property=\"og:locale\" content=\"it_IT\" \/>\n<meta property=\"og:type\" content=\"article\" \/>\n<meta property=\"og:title\" content=\"Il Papa sulla vita monastica: &quot;La loro preghiera \u00e8 la forza invisibile che sostiene la missione&quot; &#8211; Exaudi\" \/>\n<meta property=\"og:description\" content=\"12\u00aa catechesi del Santo Padre sulla passione per l&#039;evangelizzazione\" \/>\n<meta property=\"og:url\" content=\"https:\/\/exaudi.org\/it\/il-papa-sulla-vita-monastica-la-loro-preghiera-e-la-forza-invisibile-che-sostiene-la-missione\/\" \/>\n<meta property=\"og:site_name\" content=\"Exaudi\" \/>\n<meta property=\"article:publisher\" content=\"https:\/\/www.facebook.com\/ExaudiNews\" \/>\n<meta property=\"article:author\" content=\"https:\/\/www.facebook.com\/ExaudiNotizie\/\" \/>\n<meta property=\"article:published_time\" content=\"2023-04-26T13:56:02+00:00\" \/>\n<meta property=\"article:modified_time\" content=\"2023-04-26T14:30:27+00:00\" \/>\n<meta property=\"og:image\" content=\"https:\/\/exaudi.org\/wp-content\/uploads\/2023\/04\/cq5dam.web_.800.800-13.jpeg\" \/>\n\t<meta property=\"og:image:width\" content=\"800\" \/>\n\t<meta property=\"og:image:height\" content=\"533\" \/>\n\t<meta property=\"og:image:type\" content=\"image\/jpeg\" \/>\n<meta name=\"author\" content=\"Exaudi Redazione\" \/>\n<meta name=\"twitter:card\" content=\"summary_large_image\" \/>\n<meta name=\"twitter:creator\" content=\"@Exaudi_Notizie\" \/>\n<meta name=\"twitter:site\" content=\"@Exaudi_News\" \/>\n<meta name=\"twitter:label1\" content=\"Scritto da\" \/>\n\t<meta name=\"twitter:data1\" content=\"Exaudi Redazione\" \/>\n\t<meta name=\"twitter:label2\" content=\"Tempo di lettura stimato\" \/>\n\t<meta name=\"twitter:data2\" content=\"6 minuti\" \/>\n<script type=\"application\/ld+json\" class=\"yoast-schema-graph\">{\"@context\":\"https:\\\/\\\/schema.org\",\"@graph\":[{\"@type\":\"Article\",\"@id\":\"https:\\\/\\\/exaudi.org\\\/it\\\/il-papa-sulla-vita-monastica-la-loro-preghiera-e-la-forza-invisibile-che-sostiene-la-missione\\\/#article\",\"isPartOf\":{\"@id\":\"https:\\\/\\\/exaudi.org\\\/it\\\/il-papa-sulla-vita-monastica-la-loro-preghiera-e-la-forza-invisibile-che-sostiene-la-missione\\\/\"},\"author\":{\"name\":\"Exaudi Redazione\",\"@id\":\"https:\\\/\\\/exaudi.org\\\/#\\\/schema\\\/person\\\/e1ab6ed07c01774724dd96f925f3a5f0\"},\"headline\":\"Il Papa sulla vita monastica: &#8220;La loro preghiera \u00e8 la forza invisibile che sostiene la missione&#8221;\",\"datePublished\":\"2023-04-26T13:56:02+00:00\",\"dateModified\":\"2023-04-26T14:30:27+00:00\",\"mainEntityOfPage\":{\"@id\":\"https:\\\/\\\/exaudi.org\\\/it\\\/il-papa-sulla-vita-monastica-la-loro-preghiera-e-la-forza-invisibile-che-sostiene-la-missione\\\/\"},\"wordCount\":1140,\"image\":{\"@id\":\"https:\\\/\\\/exaudi.org\\\/it\\\/il-papa-sulla-vita-monastica-la-loro-preghiera-e-la-forza-invisibile-che-sostiene-la-missione\\\/#primaryimage\"},\"thumbnailUrl\":\"https:\\\/\\\/exaudi.org\\\/wp-content\\\/uploads\\\/2023\\\/04\\\/cq5dam.web_.800.800-13.jpeg\",\"keywords\":[\"Featured\",\"missione\",\"Papa Francesco\",\"preghiera\",\"udienza generale\",\"vita monastica\"],\"articleSection\":[\"Leone XIV\",\"Udienza generale\"],\"inLanguage\":\"it-IT\"},{\"@type\":\"WebPage\",\"@id\":\"https:\\\/\\\/exaudi.org\\\/it\\\/il-papa-sulla-vita-monastica-la-loro-preghiera-e-la-forza-invisibile-che-sostiene-la-missione\\\/\",\"url\":\"https:\\\/\\\/exaudi.org\\\/it\\\/il-papa-sulla-vita-monastica-la-loro-preghiera-e-la-forza-invisibile-che-sostiene-la-missione\\\/\",\"name\":\"Il Papa sulla vita monastica: \\\"La loro preghiera \u00e8 la forza invisibile che sostiene la missione\\\" &#8211; Exaudi\",\"isPartOf\":{\"@id\":\"https:\\\/\\\/exaudi.org\\\/#website\"},\"primaryImageOfPage\":{\"@id\":\"https:\\\/\\\/exaudi.org\\\/it\\\/il-papa-sulla-vita-monastica-la-loro-preghiera-e-la-forza-invisibile-che-sostiene-la-missione\\\/#primaryimage\"},\"image\":{\"@id\":\"https:\\\/\\\/exaudi.org\\\/it\\\/il-papa-sulla-vita-monastica-la-loro-preghiera-e-la-forza-invisibile-che-sostiene-la-missione\\\/#primaryimage\"},\"thumbnailUrl\":\"https:\\\/\\\/exaudi.org\\\/wp-content\\\/uploads\\\/2023\\\/04\\\/cq5dam.web_.800.800-13.jpeg\",\"datePublished\":\"2023-04-26T13:56:02+00:00\",\"dateModified\":\"2023-04-26T14:30:27+00:00\",\"author\":{\"@id\":\"https:\\\/\\\/exaudi.org\\\/#\\\/schema\\\/person\\\/e1ab6ed07c01774724dd96f925f3a5f0\"},\"breadcrumb\":{\"@id\":\"https:\\\/\\\/exaudi.org\\\/it\\\/il-papa-sulla-vita-monastica-la-loro-preghiera-e-la-forza-invisibile-che-sostiene-la-missione\\\/#breadcrumb\"},\"inLanguage\":\"it-IT\",\"potentialAction\":[{\"@type\":\"ReadAction\",\"target\":[\"https:\\\/\\\/exaudi.org\\\/it\\\/il-papa-sulla-vita-monastica-la-loro-preghiera-e-la-forza-invisibile-che-sostiene-la-missione\\\/\"]}]},{\"@type\":\"ImageObject\",\"inLanguage\":\"it-IT\",\"@id\":\"https:\\\/\\\/exaudi.org\\\/it\\\/il-papa-sulla-vita-monastica-la-loro-preghiera-e-la-forza-invisibile-che-sostiene-la-missione\\\/#primaryimage\",\"url\":\"https:\\\/\\\/exaudi.org\\\/wp-content\\\/uploads\\\/2023\\\/04\\\/cq5dam.web_.800.800-13.jpeg\",\"contentUrl\":\"https:\\\/\\\/exaudi.org\\\/wp-content\\\/uploads\\\/2023\\\/04\\\/cq5dam.web_.800.800-13.jpeg\",\"width\":800,\"height\":533,\"caption\":\"Vatican Media\"},{\"@type\":\"BreadcrumbList\",\"@id\":\"https:\\\/\\\/exaudi.org\\\/it\\\/il-papa-sulla-vita-monastica-la-loro-preghiera-e-la-forza-invisibile-che-sostiene-la-missione\\\/#breadcrumb\",\"itemListElement\":[{\"@type\":\"ListItem\",\"position\":1,\"name\":\"Portada\",\"item\":\"https:\\\/\\\/exaudi.org\\\/it\\\/\"},{\"@type\":\"ListItem\",\"position\":2,\"name\":\"Il Papa sulla vita monastica: &#8220;La loro preghiera \u00e8 la forza invisibile che sostiene la missione&#8221;\"}]},{\"@type\":\"WebSite\",\"@id\":\"https:\\\/\\\/exaudi.org\\\/#website\",\"url\":\"https:\\\/\\\/exaudi.org\\\/\",\"name\":\"Exaudi\",\"description\":\"News\",\"potentialAction\":[{\"@type\":\"SearchAction\",\"target\":{\"@type\":\"EntryPoint\",\"urlTemplate\":\"https:\\\/\\\/exaudi.org\\\/?s={search_term_string}\"},\"query-input\":{\"@type\":\"PropertyValueSpecification\",\"valueRequired\":true,\"valueName\":\"search_term_string\"}}],\"inLanguage\":\"it-IT\"},{\"@type\":\"Person\",\"@id\":\"https:\\\/\\\/exaudi.org\\\/#\\\/schema\\\/person\\\/e1ab6ed07c01774724dd96f925f3a5f0\",\"name\":\"Exaudi Redazione\",\"image\":{\"@type\":\"ImageObject\",\"inLanguage\":\"it-IT\",\"@id\":\"https:\\\/\\\/secure.gravatar.com\\\/avatar\\\/ad6774b3ada023bf5b939d64f45c94b3adf91502dd883507d469b4308a943bb3?s=96&d=mm&r=g\",\"url\":\"https:\\\/\\\/secure.gravatar.com\\\/avatar\\\/ad6774b3ada023bf5b939d64f45c94b3adf91502dd883507d469b4308a943bb3?s=96&d=mm&r=g\",\"contentUrl\":\"https:\\\/\\\/secure.gravatar.com\\\/avatar\\\/ad6774b3ada023bf5b939d64f45c94b3adf91502dd883507d469b4308a943bb3?s=96&d=mm&r=g\",\"caption\":\"Exaudi Redazione\"},\"description\":\"Che cosa \u00e8 Exaudi News? Exaudi News \u00e8 un agenzia cattolica internazionale che informa, istruisce e trasforma quotidianamente in spagnolo, inglese e italiano. Attraverso notizie, articoli di analisi e trasmissioni in diretta degli eventi del Papa, Exaudi cerca di rafforzare l'unit\u00e0 dei cristiani e di contribuire all'evangelizzazione del mondo, sempre guidato dalla dottrina sociale della Chiesa. Lavoriamo per portare la verit\u00e0 e i valori cristiani in ogni angolo del pianeta. Aiutaci a trasformare il mondo con Exaudi! Noi di Exaudi crediamo che l'evangelizzazione e l'informazione di qualit\u00e0 possano cambiare la vita. Per continuare la nostra missione ed espandere la nostra portata, abbiamo bisogno del tuo aiuto. Stiamo anche cercando persone motivate che vogliano unirsi al nostro team. Grazie al vostro sostegno raggiungeremo pi\u00f9 persone, diffonderemo il messaggio di Cristo e rafforzeremo l'unit\u00e0 dei cristiani. Vuoi unirti alla nostra missione? Per maggiori informazioni su come contribuire, visita Exaudi.org\\\/it o contattaci direttamente: info@exaudi.org Exaudi: informa, forma e trasforma.\",\"sameAs\":[\"https:\\\/\\\/www.facebook.com\\\/ExaudiNotizie\\\/\",\"https:\\\/\\\/www.instagram.com\\\/Exaudi_notizie\\\/\",\"https:\\\/\\\/x.com\\\/Exaudi_Notizie\",\"https:\\\/\\\/www.youtube.com\\\/@exaudicatholicnews\"],\"url\":\"https:\\\/\\\/exaudi.org\\\/it\\\/author\\\/dlvedi-org\\\/\"}]}<\/script>\n<!-- \/ Yoast SEO plugin. -->","yoast_head_json":{"title":"Il Papa sulla vita monastica: \"La loro preghiera \u00e8 la forza invisibile che sostiene la missione\" &#8211; Exaudi","robots":{"index":"index","follow":"follow","max-snippet":"max-snippet:-1","max-image-preview":"max-image-preview:large","max-video-preview":"max-video-preview:-1"},"canonical":"https:\/\/exaudi.org\/it\/il-papa-sulla-vita-monastica-la-loro-preghiera-e-la-forza-invisibile-che-sostiene-la-missione\/","og_locale":"it_IT","og_type":"article","og_title":"Il Papa sulla vita monastica: \"La loro preghiera \u00e8 la forza invisibile che sostiene la missione\" &#8211; Exaudi","og_description":"12\u00aa catechesi del Santo Padre sulla passione per l'evangelizzazione","og_url":"https:\/\/exaudi.org\/it\/il-papa-sulla-vita-monastica-la-loro-preghiera-e-la-forza-invisibile-che-sostiene-la-missione\/","og_site_name":"Exaudi","article_publisher":"https:\/\/www.facebook.com\/ExaudiNews","article_author":"https:\/\/www.facebook.com\/ExaudiNotizie\/","article_published_time":"2023-04-26T13:56:02+00:00","article_modified_time":"2023-04-26T14:30:27+00:00","og_image":[{"width":800,"height":533,"url":"https:\/\/exaudi.org\/wp-content\/uploads\/2023\/04\/cq5dam.web_.800.800-13.jpeg","type":"image\/jpeg"}],"author":"Exaudi Redazione","twitter_card":"summary_large_image","twitter_creator":"@Exaudi_Notizie","twitter_site":"@Exaudi_News","twitter_misc":{"Scritto da":"Exaudi Redazione","Tempo di lettura stimato":"6 minuti"},"schema":{"@context":"https:\/\/schema.org","@graph":[{"@type":"Article","@id":"https:\/\/exaudi.org\/it\/il-papa-sulla-vita-monastica-la-loro-preghiera-e-la-forza-invisibile-che-sostiene-la-missione\/#article","isPartOf":{"@id":"https:\/\/exaudi.org\/it\/il-papa-sulla-vita-monastica-la-loro-preghiera-e-la-forza-invisibile-che-sostiene-la-missione\/"},"author":{"name":"Exaudi Redazione","@id":"https:\/\/exaudi.org\/#\/schema\/person\/e1ab6ed07c01774724dd96f925f3a5f0"},"headline":"Il Papa sulla vita monastica: &#8220;La loro preghiera \u00e8 la forza invisibile che sostiene la missione&#8221;","datePublished":"2023-04-26T13:56:02+00:00","dateModified":"2023-04-26T14:30:27+00:00","mainEntityOfPage":{"@id":"https:\/\/exaudi.org\/it\/il-papa-sulla-vita-monastica-la-loro-preghiera-e-la-forza-invisibile-che-sostiene-la-missione\/"},"wordCount":1140,"image":{"@id":"https:\/\/exaudi.org\/it\/il-papa-sulla-vita-monastica-la-loro-preghiera-e-la-forza-invisibile-che-sostiene-la-missione\/#primaryimage"},"thumbnailUrl":"https:\/\/exaudi.org\/wp-content\/uploads\/2023\/04\/cq5dam.web_.800.800-13.jpeg","keywords":["Featured","missione","Papa Francesco","preghiera","udienza generale","vita monastica"],"articleSection":["Leone XIV","Udienza generale"],"inLanguage":"it-IT"},{"@type":"WebPage","@id":"https:\/\/exaudi.org\/it\/il-papa-sulla-vita-monastica-la-loro-preghiera-e-la-forza-invisibile-che-sostiene-la-missione\/","url":"https:\/\/exaudi.org\/it\/il-papa-sulla-vita-monastica-la-loro-preghiera-e-la-forza-invisibile-che-sostiene-la-missione\/","name":"Il Papa sulla vita monastica: \"La loro preghiera \u00e8 la forza invisibile che sostiene la missione\" &#8211; Exaudi","isPartOf":{"@id":"https:\/\/exaudi.org\/#website"},"primaryImageOfPage":{"@id":"https:\/\/exaudi.org\/it\/il-papa-sulla-vita-monastica-la-loro-preghiera-e-la-forza-invisibile-che-sostiene-la-missione\/#primaryimage"},"image":{"@id":"https:\/\/exaudi.org\/it\/il-papa-sulla-vita-monastica-la-loro-preghiera-e-la-forza-invisibile-che-sostiene-la-missione\/#primaryimage"},"thumbnailUrl":"https:\/\/exaudi.org\/wp-content\/uploads\/2023\/04\/cq5dam.web_.800.800-13.jpeg","datePublished":"2023-04-26T13:56:02+00:00","dateModified":"2023-04-26T14:30:27+00:00","author":{"@id":"https:\/\/exaudi.org\/#\/schema\/person\/e1ab6ed07c01774724dd96f925f3a5f0"},"breadcrumb":{"@id":"https:\/\/exaudi.org\/it\/il-papa-sulla-vita-monastica-la-loro-preghiera-e-la-forza-invisibile-che-sostiene-la-missione\/#breadcrumb"},"inLanguage":"it-IT","potentialAction":[{"@type":"ReadAction","target":["https:\/\/exaudi.org\/it\/il-papa-sulla-vita-monastica-la-loro-preghiera-e-la-forza-invisibile-che-sostiene-la-missione\/"]}]},{"@type":"ImageObject","inLanguage":"it-IT","@id":"https:\/\/exaudi.org\/it\/il-papa-sulla-vita-monastica-la-loro-preghiera-e-la-forza-invisibile-che-sostiene-la-missione\/#primaryimage","url":"https:\/\/exaudi.org\/wp-content\/uploads\/2023\/04\/cq5dam.web_.800.800-13.jpeg","contentUrl":"https:\/\/exaudi.org\/wp-content\/uploads\/2023\/04\/cq5dam.web_.800.800-13.jpeg","width":800,"height":533,"caption":"Vatican Media"},{"@type":"BreadcrumbList","@id":"https:\/\/exaudi.org\/it\/il-papa-sulla-vita-monastica-la-loro-preghiera-e-la-forza-invisibile-che-sostiene-la-missione\/#breadcrumb","itemListElement":[{"@type":"ListItem","position":1,"name":"Portada","item":"https:\/\/exaudi.org\/it\/"},{"@type":"ListItem","position":2,"name":"Il Papa sulla vita monastica: &#8220;La loro preghiera \u00e8 la forza invisibile che sostiene la missione&#8221;"}]},{"@type":"WebSite","@id":"https:\/\/exaudi.org\/#website","url":"https:\/\/exaudi.org\/","name":"Exaudi","description":"News","potentialAction":[{"@type":"SearchAction","target":{"@type":"EntryPoint","urlTemplate":"https:\/\/exaudi.org\/?s={search_term_string}"},"query-input":{"@type":"PropertyValueSpecification","valueRequired":true,"valueName":"search_term_string"}}],"inLanguage":"it-IT"},{"@type":"Person","@id":"https:\/\/exaudi.org\/#\/schema\/person\/e1ab6ed07c01774724dd96f925f3a5f0","name":"Exaudi Redazione","image":{"@type":"ImageObject","inLanguage":"it-IT","@id":"https:\/\/secure.gravatar.com\/avatar\/ad6774b3ada023bf5b939d64f45c94b3adf91502dd883507d469b4308a943bb3?s=96&d=mm&r=g","url":"https:\/\/secure.gravatar.com\/avatar\/ad6774b3ada023bf5b939d64f45c94b3adf91502dd883507d469b4308a943bb3?s=96&d=mm&r=g","contentUrl":"https:\/\/secure.gravatar.com\/avatar\/ad6774b3ada023bf5b939d64f45c94b3adf91502dd883507d469b4308a943bb3?s=96&d=mm&r=g","caption":"Exaudi Redazione"},"description":"Che cosa \u00e8 Exaudi News? Exaudi News \u00e8 un agenzia cattolica internazionale che informa, istruisce e trasforma quotidianamente in spagnolo, inglese e italiano. Attraverso notizie, articoli di analisi e trasmissioni in diretta degli eventi del Papa, Exaudi cerca di rafforzare l'unit\u00e0 dei cristiani e di contribuire all'evangelizzazione del mondo, sempre guidato dalla dottrina sociale della Chiesa. Lavoriamo per portare la verit\u00e0 e i valori cristiani in ogni angolo del pianeta. Aiutaci a trasformare il mondo con Exaudi! Noi di Exaudi crediamo che l'evangelizzazione e l'informazione di qualit\u00e0 possano cambiare la vita. Per continuare la nostra missione ed espandere la nostra portata, abbiamo bisogno del tuo aiuto. Stiamo anche cercando persone motivate che vogliano unirsi al nostro team. Grazie al vostro sostegno raggiungeremo pi\u00f9 persone, diffonderemo il messaggio di Cristo e rafforzeremo l'unit\u00e0 dei cristiani. Vuoi unirti alla nostra missione? Per maggiori informazioni su come contribuire, visita Exaudi.org\/it o contattaci direttamente: info@exaudi.org Exaudi: informa, forma e trasforma.","sameAs":["https:\/\/www.facebook.com\/ExaudiNotizie\/","https:\/\/www.instagram.com\/Exaudi_notizie\/","https:\/\/x.com\/Exaudi_Notizie","https:\/\/www.youtube.com\/@exaudicatholicnews"],"url":"https:\/\/exaudi.org\/it\/author\/dlvedi-org\/"}]}},"jetpack_featured_media_url":"https:\/\/exaudi.org\/wp-content\/uploads\/2023\/04\/cq5dam.web_.800.800-13.jpeg","jetpack_shortlink":"https:\/\/wp.me\/pgKjF2-jvm","_links":{"self":[{"href":"https:\/\/exaudi.org\/it\/wp-json\/wp\/v2\/posts\/74980","targetHints":{"allow":["GET"]}}],"collection":[{"href":"https:\/\/exaudi.org\/it\/wp-json\/wp\/v2\/posts"}],"about":[{"href":"https:\/\/exaudi.org\/it\/wp-json\/wp\/v2\/types\/post"}],"author":[{"embeddable":true,"href":"https:\/\/exaudi.org\/it\/wp-json\/wp\/v2\/users\/17"}],"replies":[{"embeddable":true,"href":"https:\/\/exaudi.org\/it\/wp-json\/wp\/v2\/comments?post=74980"}],"version-history":[{"count":0,"href":"https:\/\/exaudi.org\/it\/wp-json\/wp\/v2\/posts\/74980\/revisions"}],"wp:featuredmedia":[{"embeddable":true,"href":"https:\/\/exaudi.org\/it\/wp-json\/wp\/v2\/media\/74967"}],"wp:attachment":[{"href":"https:\/\/exaudi.org\/it\/wp-json\/wp\/v2\/media?parent=74980"}],"wp:term":[{"taxonomy":"category","embeddable":true,"href":"https:\/\/exaudi.org\/it\/wp-json\/wp\/v2\/categories?post=74980"},{"taxonomy":"post_tag","embeddable":true,"href":"https:\/\/exaudi.org\/it\/wp-json\/wp\/v2\/tags?post=74980"}],"curies":[{"name":"wp","href":"https:\/\/api.w.org\/{rel}","templated":true}]}}