{"id":74731,"date":"2023-04-21T16:51:10","date_gmt":"2023-04-21T14:51:10","guid":{"rendered":"https:\/\/exaudi.org\/?p=74731"},"modified":"2023-04-21T16:51:10","modified_gmt":"2023-04-21T14:51:10","slug":"perseverare-nel-suo-servizio-allunita-della-chiesa-universale","status":"publish","type":"post","link":"https:\/\/exaudi.org\/it\/perseverare-nel-suo-servizio-allunita-della-chiesa-universale\/","title":{"rendered":"&#8220;Perseverare nel suo servizio all&#8217;unit\u00e0 della Chiesa universale&#8221;"},"content":{"rendered":"<p>Questa mattina, nel Palazzo Apostolico Vaticano, il Santo Padre Francesco ha ricevuto in Udienza i Membri della \u201cPapal Foundation\u201d e ha rivolto loro il discorso che riportiamo di seguito:<\/p>\n<p>&nbsp;<\/p>\n<p><a name=\"it\"><\/a><b><u>Discorso del Santo Padre<\/u><\/b><\/p>\n<p>Eminenze, Eccellenze,<\/p>\n<p>Sono lieto di salutare voi, Membri, Amministratori e Delegati della\u00a0<i>Papal Foundation<\/i>, e di porgervi i miei migliori auguri, accompagnati dalla preghiera, per la vostra permanenza nella Sede di Pietro, chiamato dal Signore nell\u2019Ultima Cena, alla presenza degli altri, a confermare i fratelli e a fungere da segno visibile di unit\u00e0 per la Chiesa (cfr\u00a0<i>Lc<\/i>\u00a022,31-32). Questo affidamento pubblico di responsabilit\u00e0, trasmesso ai suoi successori, \u00e8 condiviso in varia misura da tutte le realt\u00e0 che, direttamente o indirettamente, assistono il Papa nell\u2019adempimento della sua missione. Essendo qualificata come \u201cpapale\u201d \u2013\u00a0<i>Papal Foundation<\/i>\u00a0\u2013, cari fratelli e sorelle, la vostra Fondazione si pu\u00f2 certamente annoverare tra queste.<\/p>\n<p>Alla luce della\u00a0<i>responsabilit\u00e0 per l\u2019unit\u00e0<\/i>\u00a0affidata a Pietro e ai suoi successori, vorrei sottolineare due aspetti della vostra collaborazione alla missione del Papa. Il primo \u00e8 la\u00a0<i>promozione dell\u2019unit\u00e0<\/i>. Purtroppo, vediamo anche ai nostri giorni come l\u2019unit\u00e0 della Chiesa sia ferita dalla divisione. E il diavolo \u00e8 specialista nel lottare contro l\u2019unit\u00e0, lui \u00e8 uno specialista! Ci\u00f2 \u00e8 spesso causato dall\u2019influsso di ideologie e movimenti che, pur avendo talvolta buone intenzioni, finiscono per fomentare partiti e critiche, dove ciascuno sviluppa un certo complesso di superiorit\u00e0 quando si tratta di comprendere la pratica della fede. Questo \u00e8 ulteriormente aggravato dall\u2019applicazione di una terminologia mondana, soprattutto di tipo politico, quando si parla della Chiesa e della fede stessa. San Paolo ha messo in guardia la Chiesa nascente da questi strumenti di divisione, che parlano in modo superficiale o rifiutano del tutto la natura della Chiesa, come\u00a0<i>unit\u00e0 nella diversit\u00e0<\/i>, come unit\u00e0 senza uniformit\u00e0 (cfr\u00a0<i>1<\/i>\u00a0<i>Cor<\/i>\u00a03,1-9;\u00a0<i>Rm<\/i>\u00a016,17-18). E Colui che fa questa unit\u00e0 senza uniformit\u00e0, l\u2019unico capace di farlo \u00e8 lo Spirito Santo.<\/p>\n<p>Motivati da una fede sincera e dal vivo desiderio di aiutare gli altri, i membri della\u00a0<i>Papal Foundation\u00a0<\/i>si elevano al di sopra di queste divisioni faziose e promuovono l\u2019unit\u00e0 attraverso il generoso finanziamento, ogni anno, di numerosi progetti e borse di studio che forniscono vitale assistenza, senza pregiudizi o discriminazioni, ai nostri fratelli e sorelle nel mondo intero. Con gratitudine per la vostra testimonianza in questo senso, vi incoraggio a perseverare in questo vostro peculiare servizio all\u2019unit\u00e0 della Chiesa universale.<\/p>\n<p>Il secondo aspetto, richiamato dall\u2019affidamento della responsabilit\u00e0 a Pietro e ai suoi successori per l\u2019unit\u00e0 della Chiesa, \u00e8 la\u00a0<i>trasparenza<\/i>. Unit\u00e0 e trasparenza. Come sapete, negli ultimi anni la Santa Sede ha fatto passi notevoli per garantire che i servizi forniti alla Chiesa universale e alla societ\u00e0 in generale dai suoi vari Dicasteri, Istituzioni e Uffici siano svolti con un\u2019adeguata trasparenza. Ci\u00f2 \u00e8 particolarmente importante nel servizio di carit\u00e0, che fa affidamento sulla buona volont\u00e0 e sulla generosit\u00e0 di tante persone in tutto il mondo. Sebbene non siano paragonabili all\u2019immenso danno derivante dall\u2019incapacit\u00e0 di proteggere i pi\u00f9 vulnerabili da varie forme di abuso, gli scandali finanziari causati da una mancanza di vigilanza e trasparenza danneggiano il buon nome della Chiesa e possono mettere in discussione la credibilit\u00e0 della fede stessa. A questo proposito, ringrazio e apprezzo la\u00a0<i>Papal Foundation\u00a0<\/i>per il costante impegno a mantenere adeguate misure di trasparenza, affinch\u00e9 il finanziamento di borse di studio e progetti vada veramente a beneficio di chi ne ha bisogno e contribuisca all\u2019edificazione del Regno di Dio sulla terra. E niente rimanga per la strada, o nelle tasche.<\/p>\n<p>Cari amici, esprimo ancora una volta la mia gratitudine per tutto il vostro impegno e prego affinch\u00e9 siate rinnovati nel vostro zelo per assistere l\u2019opera caritativa del Vescovo di Roma, che presiede nella carit\u00e0 la Chiesa intera (cfr Ignazio di Antiochia,\u00a0<i>Lettera ai Romani<\/i>, Proemio). Grazie, grazie davvero! So che voi fate questo lavoro con gioia, con letizia. Mai perdere il\u00a0<i>sense of humor<\/i>, mai, avanti con questo, che \u00e8 molto importante. Vi affido, con le vostre famiglie e quanti sono associati alla vostra missione, all\u2019intercessione di Maria, Madre della Chiesa, e di cuore vi benedico. E vi chiedo, per favore, di non dimenticarvi di pregare per me. Grazie!<\/p>\n","protected":false},"excerpt":{"rendered":"<p>Udienza il Papa i Membri della \u201cPapal Foundation\u201d<\/p>\n","protected":false},"author":17,"featured_media":74732,"comment_status":"closed","ping_status":"closed","sticky":false,"template":"","format":"standard","meta":{"_acf_changed":false,"_crdt_document":"","inline_featured_image":false,"footnotes":""},"categories":[67],"tags":[251,8954,4952,1843],"class_list":["post-74731","post","type-post","status-publish","format-standard","has-post-thumbnail","hentry","category-leone-xiv","tag-papa-francesco","tag-papal-foundation","tag-trending-it","tag-udienza"],"acf":[],"yoast_head":"<!-- This site is optimized with the Yoast SEO plugin v27.4 - https:\/\/yoast.com\/product\/yoast-seo-wordpress\/ -->\n<title>&quot;Perseverare nel suo servizio all&#039;unit\u00e0 della Chiesa universale&quot; &#8211; Exaudi<\/title>\n<meta name=\"robots\" content=\"index, follow, max-snippet:-1, max-image-preview:large, max-video-preview:-1\" \/>\n<link rel=\"canonical\" href=\"https:\/\/exaudi.org\/it\/perseverare-nel-suo-servizio-allunita-della-chiesa-universale\/\" \/>\n<meta property=\"og:locale\" content=\"it_IT\" \/>\n<meta property=\"og:type\" content=\"article\" \/>\n<meta property=\"og:title\" content=\"&quot;Perseverare nel suo servizio all&#039;unit\u00e0 della Chiesa universale&quot; &#8211; Exaudi\" \/>\n<meta property=\"og:description\" content=\"Udienza il Papa i Membri della \u201cPapal Foundation\u201d\" \/>\n<meta property=\"og:url\" content=\"https:\/\/exaudi.org\/it\/perseverare-nel-suo-servizio-allunita-della-chiesa-universale\/\" \/>\n<meta property=\"og:site_name\" content=\"Exaudi\" \/>\n<meta property=\"article:publisher\" content=\"https:\/\/www.facebook.com\/ExaudiNews\" \/>\n<meta property=\"article:author\" content=\"https:\/\/www.facebook.com\/ExaudiNotizie\/\" \/>\n<meta property=\"article:published_time\" content=\"2023-04-21T14:51:10+00:00\" \/>\n<meta property=\"og:image\" content=\"https:\/\/exaudi.org\/wp-content\/uploads\/2023\/04\/cq5dam.thumbnail.cropped.750.422-3-1.jpeg\" \/>\n\t<meta property=\"og:image:width\" content=\"750\" \/>\n\t<meta property=\"og:image:height\" content=\"422\" \/>\n\t<meta property=\"og:image:type\" content=\"image\/jpeg\" \/>\n<meta name=\"author\" content=\"Exaudi Redazione\" \/>\n<meta name=\"twitter:card\" content=\"summary_large_image\" \/>\n<meta name=\"twitter:creator\" content=\"@Exaudi_Notizie\" \/>\n<meta name=\"twitter:site\" content=\"@Exaudi_News\" \/>\n<meta name=\"twitter:label1\" content=\"Scritto da\" \/>\n\t<meta name=\"twitter:data1\" content=\"Exaudi Redazione\" \/>\n\t<meta name=\"twitter:label2\" content=\"Tempo di lettura stimato\" \/>\n\t<meta name=\"twitter:data2\" content=\"4 minuti\" \/>\n<script type=\"application\/ld+json\" class=\"yoast-schema-graph\">{\"@context\":\"https:\\\/\\\/schema.org\",\"@graph\":[{\"@type\":\"Article\",\"@id\":\"https:\\\/\\\/exaudi.org\\\/it\\\/perseverare-nel-suo-servizio-allunita-della-chiesa-universale\\\/#article\",\"isPartOf\":{\"@id\":\"https:\\\/\\\/exaudi.org\\\/it\\\/perseverare-nel-suo-servizio-allunita-della-chiesa-universale\\\/\"},\"author\":{\"name\":\"Exaudi Redazione\",\"@id\":\"https:\\\/\\\/exaudi.org\\\/#\\\/schema\\\/person\\\/e1ab6ed07c01774724dd96f925f3a5f0\"},\"headline\":\"&#8220;Perseverare nel suo servizio all&#8217;unit\u00e0 della Chiesa universale&#8221;\",\"datePublished\":\"2023-04-21T14:51:10+00:00\",\"mainEntityOfPage\":{\"@id\":\"https:\\\/\\\/exaudi.org\\\/it\\\/perseverare-nel-suo-servizio-allunita-della-chiesa-universale\\\/\"},\"wordCount\":707,\"image\":{\"@id\":\"https:\\\/\\\/exaudi.org\\\/it\\\/perseverare-nel-suo-servizio-allunita-della-chiesa-universale\\\/#primaryimage\"},\"thumbnailUrl\":\"https:\\\/\\\/exaudi.org\\\/wp-content\\\/uploads\\\/2023\\\/04\\\/cq5dam.thumbnail.cropped.750.422-3-1.jpeg\",\"keywords\":[\"Papa Francesco\",\"Papal Foundation\",\"Trending\",\"udienza\"],\"articleSection\":[\"Leone XIV\"],\"inLanguage\":\"it-IT\"},{\"@type\":\"WebPage\",\"@id\":\"https:\\\/\\\/exaudi.org\\\/it\\\/perseverare-nel-suo-servizio-allunita-della-chiesa-universale\\\/\",\"url\":\"https:\\\/\\\/exaudi.org\\\/it\\\/perseverare-nel-suo-servizio-allunita-della-chiesa-universale\\\/\",\"name\":\"\\\"Perseverare nel suo servizio all'unit\u00e0 della Chiesa universale\\\" &#8211; Exaudi\",\"isPartOf\":{\"@id\":\"https:\\\/\\\/exaudi.org\\\/#website\"},\"primaryImageOfPage\":{\"@id\":\"https:\\\/\\\/exaudi.org\\\/it\\\/perseverare-nel-suo-servizio-allunita-della-chiesa-universale\\\/#primaryimage\"},\"image\":{\"@id\":\"https:\\\/\\\/exaudi.org\\\/it\\\/perseverare-nel-suo-servizio-allunita-della-chiesa-universale\\\/#primaryimage\"},\"thumbnailUrl\":\"https:\\\/\\\/exaudi.org\\\/wp-content\\\/uploads\\\/2023\\\/04\\\/cq5dam.thumbnail.cropped.750.422-3-1.jpeg\",\"datePublished\":\"2023-04-21T14:51:10+00:00\",\"author\":{\"@id\":\"https:\\\/\\\/exaudi.org\\\/#\\\/schema\\\/person\\\/e1ab6ed07c01774724dd96f925f3a5f0\"},\"breadcrumb\":{\"@id\":\"https:\\\/\\\/exaudi.org\\\/it\\\/perseverare-nel-suo-servizio-allunita-della-chiesa-universale\\\/#breadcrumb\"},\"inLanguage\":\"it-IT\",\"potentialAction\":[{\"@type\":\"ReadAction\",\"target\":[\"https:\\\/\\\/exaudi.org\\\/it\\\/perseverare-nel-suo-servizio-allunita-della-chiesa-universale\\\/\"]}]},{\"@type\":\"ImageObject\",\"inLanguage\":\"it-IT\",\"@id\":\"https:\\\/\\\/exaudi.org\\\/it\\\/perseverare-nel-suo-servizio-allunita-della-chiesa-universale\\\/#primaryimage\",\"url\":\"https:\\\/\\\/exaudi.org\\\/wp-content\\\/uploads\\\/2023\\\/04\\\/cq5dam.thumbnail.cropped.750.422-3-1.jpeg\",\"contentUrl\":\"https:\\\/\\\/exaudi.org\\\/wp-content\\\/uploads\\\/2023\\\/04\\\/cq5dam.thumbnail.cropped.750.422-3-1.jpeg\",\"width\":750,\"height\":422,\"caption\":\"Vatican News\"},{\"@type\":\"BreadcrumbList\",\"@id\":\"https:\\\/\\\/exaudi.org\\\/it\\\/perseverare-nel-suo-servizio-allunita-della-chiesa-universale\\\/#breadcrumb\",\"itemListElement\":[{\"@type\":\"ListItem\",\"position\":1,\"name\":\"Portada\",\"item\":\"https:\\\/\\\/exaudi.org\\\/it\\\/\"},{\"@type\":\"ListItem\",\"position\":2,\"name\":\"&#8220;Perseverare nel suo servizio all&#8217;unit\u00e0 della Chiesa universale&#8221;\"}]},{\"@type\":\"WebSite\",\"@id\":\"https:\\\/\\\/exaudi.org\\\/#website\",\"url\":\"https:\\\/\\\/exaudi.org\\\/\",\"name\":\"Exaudi\",\"description\":\"News\",\"potentialAction\":[{\"@type\":\"SearchAction\",\"target\":{\"@type\":\"EntryPoint\",\"urlTemplate\":\"https:\\\/\\\/exaudi.org\\\/?s={search_term_string}\"},\"query-input\":{\"@type\":\"PropertyValueSpecification\",\"valueRequired\":true,\"valueName\":\"search_term_string\"}}],\"inLanguage\":\"it-IT\"},{\"@type\":\"Person\",\"@id\":\"https:\\\/\\\/exaudi.org\\\/#\\\/schema\\\/person\\\/e1ab6ed07c01774724dd96f925f3a5f0\",\"name\":\"Exaudi Redazione\",\"image\":{\"@type\":\"ImageObject\",\"inLanguage\":\"it-IT\",\"@id\":\"https:\\\/\\\/secure.gravatar.com\\\/avatar\\\/ad6774b3ada023bf5b939d64f45c94b3adf91502dd883507d469b4308a943bb3?s=96&d=mm&r=g\",\"url\":\"https:\\\/\\\/secure.gravatar.com\\\/avatar\\\/ad6774b3ada023bf5b939d64f45c94b3adf91502dd883507d469b4308a943bb3?s=96&d=mm&r=g\",\"contentUrl\":\"https:\\\/\\\/secure.gravatar.com\\\/avatar\\\/ad6774b3ada023bf5b939d64f45c94b3adf91502dd883507d469b4308a943bb3?s=96&d=mm&r=g\",\"caption\":\"Exaudi Redazione\"},\"description\":\"Che cosa \u00e8 Exaudi News? Exaudi News \u00e8 un agenzia cattolica internazionale che informa, istruisce e trasforma quotidianamente in spagnolo, inglese e italiano. Attraverso notizie, articoli di analisi e trasmissioni in diretta degli eventi del Papa, Exaudi cerca di rafforzare l'unit\u00e0 dei cristiani e di contribuire all'evangelizzazione del mondo, sempre guidato dalla dottrina sociale della Chiesa. Lavoriamo per portare la verit\u00e0 e i valori cristiani in ogni angolo del pianeta. Aiutaci a trasformare il mondo con Exaudi! Noi di Exaudi crediamo che l'evangelizzazione e l'informazione di qualit\u00e0 possano cambiare la vita. Per continuare la nostra missione ed espandere la nostra portata, abbiamo bisogno del tuo aiuto. Stiamo anche cercando persone motivate che vogliano unirsi al nostro team. Grazie al vostro sostegno raggiungeremo pi\u00f9 persone, diffonderemo il messaggio di Cristo e rafforzeremo l'unit\u00e0 dei cristiani. Vuoi unirti alla nostra missione? Per maggiori informazioni su come contribuire, visita Exaudi.org\\\/it o contattaci direttamente: info@exaudi.org Exaudi: informa, forma e trasforma.\",\"sameAs\":[\"https:\\\/\\\/www.facebook.com\\\/ExaudiNotizie\\\/\",\"https:\\\/\\\/www.instagram.com\\\/Exaudi_notizie\\\/\",\"https:\\\/\\\/x.com\\\/Exaudi_Notizie\",\"https:\\\/\\\/www.youtube.com\\\/@exaudicatholicnews\"],\"url\":\"https:\\\/\\\/exaudi.org\\\/it\\\/author\\\/dlvedi-org\\\/\"}]}<\/script>\n<!-- \/ Yoast SEO plugin. -->","yoast_head_json":{"title":"\"Perseverare nel suo servizio all'unit\u00e0 della Chiesa universale\" &#8211; Exaudi","robots":{"index":"index","follow":"follow","max-snippet":"max-snippet:-1","max-image-preview":"max-image-preview:large","max-video-preview":"max-video-preview:-1"},"canonical":"https:\/\/exaudi.org\/it\/perseverare-nel-suo-servizio-allunita-della-chiesa-universale\/","og_locale":"it_IT","og_type":"article","og_title":"\"Perseverare nel suo servizio all'unit\u00e0 della Chiesa universale\" &#8211; Exaudi","og_description":"Udienza il Papa i Membri della \u201cPapal Foundation\u201d","og_url":"https:\/\/exaudi.org\/it\/perseverare-nel-suo-servizio-allunita-della-chiesa-universale\/","og_site_name":"Exaudi","article_publisher":"https:\/\/www.facebook.com\/ExaudiNews","article_author":"https:\/\/www.facebook.com\/ExaudiNotizie\/","article_published_time":"2023-04-21T14:51:10+00:00","og_image":[{"width":750,"height":422,"url":"https:\/\/exaudi.org\/wp-content\/uploads\/2023\/04\/cq5dam.thumbnail.cropped.750.422-3-1.jpeg","type":"image\/jpeg"}],"author":"Exaudi Redazione","twitter_card":"summary_large_image","twitter_creator":"@Exaudi_Notizie","twitter_site":"@Exaudi_News","twitter_misc":{"Scritto da":"Exaudi Redazione","Tempo di lettura stimato":"4 minuti"},"schema":{"@context":"https:\/\/schema.org","@graph":[{"@type":"Article","@id":"https:\/\/exaudi.org\/it\/perseverare-nel-suo-servizio-allunita-della-chiesa-universale\/#article","isPartOf":{"@id":"https:\/\/exaudi.org\/it\/perseverare-nel-suo-servizio-allunita-della-chiesa-universale\/"},"author":{"name":"Exaudi Redazione","@id":"https:\/\/exaudi.org\/#\/schema\/person\/e1ab6ed07c01774724dd96f925f3a5f0"},"headline":"&#8220;Perseverare nel suo servizio all&#8217;unit\u00e0 della Chiesa universale&#8221;","datePublished":"2023-04-21T14:51:10+00:00","mainEntityOfPage":{"@id":"https:\/\/exaudi.org\/it\/perseverare-nel-suo-servizio-allunita-della-chiesa-universale\/"},"wordCount":707,"image":{"@id":"https:\/\/exaudi.org\/it\/perseverare-nel-suo-servizio-allunita-della-chiesa-universale\/#primaryimage"},"thumbnailUrl":"https:\/\/exaudi.org\/wp-content\/uploads\/2023\/04\/cq5dam.thumbnail.cropped.750.422-3-1.jpeg","keywords":["Papa Francesco","Papal Foundation","Trending","udienza"],"articleSection":["Leone XIV"],"inLanguage":"it-IT"},{"@type":"WebPage","@id":"https:\/\/exaudi.org\/it\/perseverare-nel-suo-servizio-allunita-della-chiesa-universale\/","url":"https:\/\/exaudi.org\/it\/perseverare-nel-suo-servizio-allunita-della-chiesa-universale\/","name":"\"Perseverare nel suo servizio all'unit\u00e0 della Chiesa universale\" &#8211; Exaudi","isPartOf":{"@id":"https:\/\/exaudi.org\/#website"},"primaryImageOfPage":{"@id":"https:\/\/exaudi.org\/it\/perseverare-nel-suo-servizio-allunita-della-chiesa-universale\/#primaryimage"},"image":{"@id":"https:\/\/exaudi.org\/it\/perseverare-nel-suo-servizio-allunita-della-chiesa-universale\/#primaryimage"},"thumbnailUrl":"https:\/\/exaudi.org\/wp-content\/uploads\/2023\/04\/cq5dam.thumbnail.cropped.750.422-3-1.jpeg","datePublished":"2023-04-21T14:51:10+00:00","author":{"@id":"https:\/\/exaudi.org\/#\/schema\/person\/e1ab6ed07c01774724dd96f925f3a5f0"},"breadcrumb":{"@id":"https:\/\/exaudi.org\/it\/perseverare-nel-suo-servizio-allunita-della-chiesa-universale\/#breadcrumb"},"inLanguage":"it-IT","potentialAction":[{"@type":"ReadAction","target":["https:\/\/exaudi.org\/it\/perseverare-nel-suo-servizio-allunita-della-chiesa-universale\/"]}]},{"@type":"ImageObject","inLanguage":"it-IT","@id":"https:\/\/exaudi.org\/it\/perseverare-nel-suo-servizio-allunita-della-chiesa-universale\/#primaryimage","url":"https:\/\/exaudi.org\/wp-content\/uploads\/2023\/04\/cq5dam.thumbnail.cropped.750.422-3-1.jpeg","contentUrl":"https:\/\/exaudi.org\/wp-content\/uploads\/2023\/04\/cq5dam.thumbnail.cropped.750.422-3-1.jpeg","width":750,"height":422,"caption":"Vatican News"},{"@type":"BreadcrumbList","@id":"https:\/\/exaudi.org\/it\/perseverare-nel-suo-servizio-allunita-della-chiesa-universale\/#breadcrumb","itemListElement":[{"@type":"ListItem","position":1,"name":"Portada","item":"https:\/\/exaudi.org\/it\/"},{"@type":"ListItem","position":2,"name":"&#8220;Perseverare nel suo servizio all&#8217;unit\u00e0 della Chiesa universale&#8221;"}]},{"@type":"WebSite","@id":"https:\/\/exaudi.org\/#website","url":"https:\/\/exaudi.org\/","name":"Exaudi","description":"News","potentialAction":[{"@type":"SearchAction","target":{"@type":"EntryPoint","urlTemplate":"https:\/\/exaudi.org\/?s={search_term_string}"},"query-input":{"@type":"PropertyValueSpecification","valueRequired":true,"valueName":"search_term_string"}}],"inLanguage":"it-IT"},{"@type":"Person","@id":"https:\/\/exaudi.org\/#\/schema\/person\/e1ab6ed07c01774724dd96f925f3a5f0","name":"Exaudi Redazione","image":{"@type":"ImageObject","inLanguage":"it-IT","@id":"https:\/\/secure.gravatar.com\/avatar\/ad6774b3ada023bf5b939d64f45c94b3adf91502dd883507d469b4308a943bb3?s=96&d=mm&r=g","url":"https:\/\/secure.gravatar.com\/avatar\/ad6774b3ada023bf5b939d64f45c94b3adf91502dd883507d469b4308a943bb3?s=96&d=mm&r=g","contentUrl":"https:\/\/secure.gravatar.com\/avatar\/ad6774b3ada023bf5b939d64f45c94b3adf91502dd883507d469b4308a943bb3?s=96&d=mm&r=g","caption":"Exaudi Redazione"},"description":"Che cosa \u00e8 Exaudi News? Exaudi News \u00e8 un agenzia cattolica internazionale che informa, istruisce e trasforma quotidianamente in spagnolo, inglese e italiano. Attraverso notizie, articoli di analisi e trasmissioni in diretta degli eventi del Papa, Exaudi cerca di rafforzare l'unit\u00e0 dei cristiani e di contribuire all'evangelizzazione del mondo, sempre guidato dalla dottrina sociale della Chiesa. Lavoriamo per portare la verit\u00e0 e i valori cristiani in ogni angolo del pianeta. Aiutaci a trasformare il mondo con Exaudi! Noi di Exaudi crediamo che l'evangelizzazione e l'informazione di qualit\u00e0 possano cambiare la vita. Per continuare la nostra missione ed espandere la nostra portata, abbiamo bisogno del tuo aiuto. Stiamo anche cercando persone motivate che vogliano unirsi al nostro team. Grazie al vostro sostegno raggiungeremo pi\u00f9 persone, diffonderemo il messaggio di Cristo e rafforzeremo l'unit\u00e0 dei cristiani. Vuoi unirti alla nostra missione? Per maggiori informazioni su come contribuire, visita Exaudi.org\/it o contattaci direttamente: info@exaudi.org Exaudi: informa, forma e trasforma.","sameAs":["https:\/\/www.facebook.com\/ExaudiNotizie\/","https:\/\/www.instagram.com\/Exaudi_notizie\/","https:\/\/x.com\/Exaudi_Notizie","https:\/\/www.youtube.com\/@exaudicatholicnews"],"url":"https:\/\/exaudi.org\/it\/author\/dlvedi-org\/"}]}},"jetpack_featured_media_url":"https:\/\/exaudi.org\/wp-content\/uploads\/2023\/04\/cq5dam.thumbnail.cropped.750.422-3-1.jpeg","jetpack_shortlink":"https:\/\/wp.me\/pgKjF2-jrl","_links":{"self":[{"href":"https:\/\/exaudi.org\/it\/wp-json\/wp\/v2\/posts\/74731","targetHints":{"allow":["GET"]}}],"collection":[{"href":"https:\/\/exaudi.org\/it\/wp-json\/wp\/v2\/posts"}],"about":[{"href":"https:\/\/exaudi.org\/it\/wp-json\/wp\/v2\/types\/post"}],"author":[{"embeddable":true,"href":"https:\/\/exaudi.org\/it\/wp-json\/wp\/v2\/users\/17"}],"replies":[{"embeddable":true,"href":"https:\/\/exaudi.org\/it\/wp-json\/wp\/v2\/comments?post=74731"}],"version-history":[{"count":0,"href":"https:\/\/exaudi.org\/it\/wp-json\/wp\/v2\/posts\/74731\/revisions"}],"wp:featuredmedia":[{"embeddable":true,"href":"https:\/\/exaudi.org\/it\/wp-json\/wp\/v2\/media\/74732"}],"wp:attachment":[{"href":"https:\/\/exaudi.org\/it\/wp-json\/wp\/v2\/media?parent=74731"}],"wp:term":[{"taxonomy":"category","embeddable":true,"href":"https:\/\/exaudi.org\/it\/wp-json\/wp\/v2\/categories?post=74731"},{"taxonomy":"post_tag","embeddable":true,"href":"https:\/\/exaudi.org\/it\/wp-json\/wp\/v2\/tags?post=74731"}],"curies":[{"name":"wp","href":"https:\/\/api.w.org\/{rel}","templated":true}]}}