{"id":74652,"date":"2023-04-20T18:58:11","date_gmt":"2023-04-20T16:58:11","guid":{"rendered":"https:\/\/exaudi.org\/?p=74652"},"modified":"2023-04-20T18:58:11","modified_gmt":"2023-04-20T16:58:11","slug":"guardia-svizzera-pontificia-giuramento-2023","status":"publish","type":"post","link":"https:\/\/exaudi.org\/it\/guardia-svizzera-pontificia-giuramento-2023\/","title":{"rendered":"Guardia Svizzera Pontificia: Giuramento 2023"},"content":{"rendered":"<p><strong>Giuramento 2023<\/strong><\/p>\n<p><strong>Il solenne giuramento di 23 guardie della Guardia Svizzera Pontificia avr\u00e0 luogo, secondo la tradizione, il 6 maggio 2023 alle ore 17.00 nel Cortile di San Damaso del Palazzo Apostolico in Vaticano.<\/strong><\/p>\n<p>Ogni anno, le nuove guardie prestano giuramento in occasione dell&#8217;anniversario del sacco di Roma, dove 189 Guardie Svizzere difesero Papa Clemente VII contro l&#8217;esercito di Carlo V. Il giuramento avviene sulla bandiera del Corpo delle Guardie Svizzere Pontificie e alla presenza del rappresentante del Santo Padre, Sua Eccellenza Mons. Edgar Pe\u00f1a Parra, Sostituto per gli Affari Generali della Segreteria di Stato. Le guardie giurano cos\u00ec di proteggere e difendere il Papa in carica e tutti i suoi legittimi successori, anche a rischio della propria vita, come hanno fatto in passato i nostri valorosi e fedeli antenati.<\/p>\n<p><strong>Formula di Giuramento (letta dal Cappellano)<\/strong><br \/>\n<em>\u00abGiuro di servire fedelmente, lealmente e onorevolmente il Pontefice regnante e i suoi legittimi successori, di dedicarmi a loro con tutte le forze, sacrificando, se necessario, anche la mia vita in loro difesa.<\/em><\/p>\n<p><em>Assumo gli stessi doveri nei confronti del Collegio Cardinalizio durante la vacanza della Sede Apostolica. Prometto anche al Comandante e agli altri Superiori rispetto, fedelt\u00e0 e obbedienza. Cos\u00ec giuro, che Dio e nostri Santi Patroni mi assistano.\u00bb<\/em><\/p>\n<p><strong>Risposta delle guardie alla bandiera<\/strong><br \/>\n<em>\u00abIo, Alabardiere \u2026, giuro di osservare fedelmente, lealmente e onorevolmente tutto ci\u00f2 che in questo momento mi \u00e8 stato letto. Che Dio e i nostri Santi Patroni mi assistano!\u00bb<\/em><\/p>\n<p>L&#8217;evento si svolge in un clima di festa. Le guardie indossano la &#8220;Gran Gala&#8221;, l&#8217;uniforme di gala comprensiva di armatura, che viene indossata per la benedizione papale &#8220;Urbi et Orbi&#8221;, a Natale e Pasqua.<\/p>\n<p>Sar\u00e0 presente una delegazione della Confederazione svizzera, guidata dalla Vicepresidente della Confederazione Viola Amherd con il Presidente del Consiglio nazionale Martin Candinas e la Presidente del Consiglio degli Stati Brigitte H\u00e4berli-Koller. Saranno presenti anche il Comandante dell&#8217;Esercito svizzero, Thomas S\u00fcssli, il rappresentante della Conferenza episcopale svizzera Sua Eccellenza Mons. Felix Gm\u00fcr (Presidente), vescovo di Basilea. La delegazione del Cantone ospitante di quest&#8217;anno, Argovia, sar\u00e0 presieduta dal Consiglio di Stato e guidata dal Landammann Jean-Pierre Gallati.<\/p>\n<p>Sar\u00e0 possibile assistere al Giuramento in streaming sul sito ufficiale della Guardia Svizzera Pontificia: <a href=\"https:\/\/www.guardiasvizzera.ch\/paepstliche-schweizergarde\/it\/chi-siamo\/\">www.guardiasvizzera.ch.<\/a><\/p>\n<p>Alcune informazioni sul corpo della Guardia Svizzera Pontificia<\/p>\n<p>L&#8217;esercito pi\u00f9 vecchio del mondo, fondato da Papa Giulio II il 22 gennaio 1506, \u00e8 responsabile della protezione del Papa e della sua residenza. Guidato dal colonnello Christoph Graf (LU), ha il compito di controllare gli accessi al Vaticano e al Palazzo Apostolico, di garantire l&#8217;ordine e la rappresentanza durante le cerimonie papali e i ricevimenti di Stato e di proteggere il Collegio cardinalizio durante la sede vacante. Il Corpo comprende guardie provenienti da tutte le regioni linguistiche della Svizzera. La maggior parte dei membri del Corpo proviene dal Cantone di Friburgo (14), seguito dai Cantoni di Lucerna (14) e San Gallo (13).<\/p>\n<p>&nbsp;<\/p>\n<p><strong>Contatto<\/strong><br \/>\nResponsabile per i media della Guardia Svizzera Pontificia<br \/>\nVice-Caporale Eliah Cinotti<br \/>\n+39-06-698-98100<br \/>\n<a href=\"mailto:media@gsp.va\">media@gsp.va<\/a><\/p>\n<h4>Trailer della presentazione ufficiale della Guardia Svizzera Pontificia 2018<\/h4>\n<p><iframe loading=\"lazy\" title=\"Trailer: Die P\u00e4pstliche Schweizergarde\" width=\"500\" height=\"281\" src=\"https:\/\/www.youtube.com\/embed\/mjtL1MzW0w4?feature=oembed\" frameborder=\"0\" allow=\"accelerometer; autoplay; clipboard-write; encrypted-media; gyroscope; picture-in-picture; web-share\" referrerpolicy=\"strict-origin-when-cross-origin\" allowfullscreen><\/iframe><\/p>\n<p>&nbsp;<\/p>\n<h2><\/h2>\n<p>&nbsp;<\/p>\n","protected":false},"excerpt":{"rendered":"<p>Vaticano: Il solenne giuramento di 23 guardie &#8211; 6 maggio 2023<\/p>\n","protected":false},"author":17,"featured_media":74653,"comment_status":"closed","ping_status":"closed","sticky":false,"template":"","format":"standard","meta":{"_acf_changed":false,"_crdt_document":"","inline_featured_image":false,"footnotes":""},"categories":[127,131],"tags":[8949,8127],"class_list":["post-74652","post","type-post","status-publish","format-standard","has-post-thumbnail","hentry","category-eventi-speciali","category-vaticano","tag-giuramento-2023","tag-guardia-svizzera-pontificia"],"acf":[],"yoast_head":"<!-- This site is optimized with the Yoast SEO plugin v27.5 - https:\/\/yoast.com\/product\/yoast-seo-wordpress\/ -->\n<title>Guardia Svizzera Pontificia: Giuramento 2023 &#8211; Exaudi<\/title>\n<meta name=\"robots\" content=\"index, follow, max-snippet:-1, max-image-preview:large, max-video-preview:-1\" \/>\n<link rel=\"canonical\" href=\"https:\/\/exaudi.org\/it\/guardia-svizzera-pontificia-giuramento-2023\/\" \/>\n<meta property=\"og:locale\" content=\"it_IT\" \/>\n<meta property=\"og:type\" content=\"article\" \/>\n<meta property=\"og:title\" content=\"Guardia Svizzera Pontificia: Giuramento 2023 &#8211; Exaudi\" \/>\n<meta property=\"og:description\" content=\"Vaticano: Il solenne giuramento di 23 guardie - 6 maggio 2023\" \/>\n<meta property=\"og:url\" content=\"https:\/\/exaudi.org\/it\/guardia-svizzera-pontificia-giuramento-2023\/\" \/>\n<meta property=\"og:site_name\" content=\"Exaudi\" \/>\n<meta property=\"article:publisher\" content=\"https:\/\/www.facebook.com\/ExaudiNews\" \/>\n<meta property=\"article:author\" content=\"https:\/\/www.facebook.com\/ExaudiNotizie\/\" \/>\n<meta property=\"article:published_time\" content=\"2023-04-20T16:58:11+00:00\" \/>\n<meta property=\"og:image\" content=\"https:\/\/exaudi.org\/wp-content\/uploads\/2023\/04\/cq5dam.thumbnail.cropped.750.422-15.jpeg\" \/>\n\t<meta property=\"og:image:width\" content=\"750\" \/>\n\t<meta property=\"og:image:height\" content=\"422\" \/>\n\t<meta property=\"og:image:type\" content=\"image\/jpeg\" \/>\n<meta name=\"author\" content=\"Exaudi Redazione\" \/>\n<meta name=\"twitter:card\" content=\"summary_large_image\" \/>\n<meta name=\"twitter:creator\" content=\"@Exaudi_Notizie\" \/>\n<meta name=\"twitter:site\" content=\"@Exaudi_News\" \/>\n<meta name=\"twitter:label1\" content=\"Scritto da\" \/>\n\t<meta name=\"twitter:data1\" content=\"Exaudi Redazione\" \/>\n\t<meta name=\"twitter:label2\" content=\"Tempo di lettura stimato\" \/>\n\t<meta name=\"twitter:data2\" content=\"3 minuti\" \/>\n<script type=\"application\/ld+json\" class=\"yoast-schema-graph\">{\"@context\":\"https:\\\/\\\/schema.org\",\"@graph\":[{\"@type\":\"Article\",\"@id\":\"https:\\\/\\\/exaudi.org\\\/it\\\/guardia-svizzera-pontificia-giuramento-2023\\\/#article\",\"isPartOf\":{\"@id\":\"https:\\\/\\\/exaudi.org\\\/it\\\/guardia-svizzera-pontificia-giuramento-2023\\\/\"},\"author\":{\"name\":\"Exaudi Redazione\",\"@id\":\"https:\\\/\\\/exaudi.org\\\/#\\\/schema\\\/person\\\/e1ab6ed07c01774724dd96f925f3a5f0\"},\"headline\":\"Guardia Svizzera Pontificia: Giuramento 2023\",\"datePublished\":\"2023-04-20T16:58:11+00:00\",\"mainEntityOfPage\":{\"@id\":\"https:\\\/\\\/exaudi.org\\\/it\\\/guardia-svizzera-pontificia-giuramento-2023\\\/\"},\"wordCount\":516,\"image\":{\"@id\":\"https:\\\/\\\/exaudi.org\\\/it\\\/guardia-svizzera-pontificia-giuramento-2023\\\/#primaryimage\"},\"thumbnailUrl\":\"https:\\\/\\\/exaudi.org\\\/wp-content\\\/uploads\\\/2023\\\/04\\\/cq5dam.thumbnail.cropped.750.422-15.jpeg\",\"keywords\":[\"Giuramento 2023\",\"Guardia Svizzera Pontificia\"],\"articleSection\":[\"Eventi speciali\",\"Vaticano\"],\"inLanguage\":\"it-IT\"},{\"@type\":\"WebPage\",\"@id\":\"https:\\\/\\\/exaudi.org\\\/it\\\/guardia-svizzera-pontificia-giuramento-2023\\\/\",\"url\":\"https:\\\/\\\/exaudi.org\\\/it\\\/guardia-svizzera-pontificia-giuramento-2023\\\/\",\"name\":\"Guardia Svizzera Pontificia: Giuramento 2023 &#8211; Exaudi\",\"isPartOf\":{\"@id\":\"https:\\\/\\\/exaudi.org\\\/#website\"},\"primaryImageOfPage\":{\"@id\":\"https:\\\/\\\/exaudi.org\\\/it\\\/guardia-svizzera-pontificia-giuramento-2023\\\/#primaryimage\"},\"image\":{\"@id\":\"https:\\\/\\\/exaudi.org\\\/it\\\/guardia-svizzera-pontificia-giuramento-2023\\\/#primaryimage\"},\"thumbnailUrl\":\"https:\\\/\\\/exaudi.org\\\/wp-content\\\/uploads\\\/2023\\\/04\\\/cq5dam.thumbnail.cropped.750.422-15.jpeg\",\"datePublished\":\"2023-04-20T16:58:11+00:00\",\"author\":{\"@id\":\"https:\\\/\\\/exaudi.org\\\/#\\\/schema\\\/person\\\/e1ab6ed07c01774724dd96f925f3a5f0\"},\"breadcrumb\":{\"@id\":\"https:\\\/\\\/exaudi.org\\\/it\\\/guardia-svizzera-pontificia-giuramento-2023\\\/#breadcrumb\"},\"inLanguage\":\"it-IT\",\"potentialAction\":[{\"@type\":\"ReadAction\",\"target\":[\"https:\\\/\\\/exaudi.org\\\/it\\\/guardia-svizzera-pontificia-giuramento-2023\\\/\"]}]},{\"@type\":\"ImageObject\",\"inLanguage\":\"it-IT\",\"@id\":\"https:\\\/\\\/exaudi.org\\\/it\\\/guardia-svizzera-pontificia-giuramento-2023\\\/#primaryimage\",\"url\":\"https:\\\/\\\/exaudi.org\\\/wp-content\\\/uploads\\\/2023\\\/04\\\/cq5dam.thumbnail.cropped.750.422-15.jpeg\",\"contentUrl\":\"https:\\\/\\\/exaudi.org\\\/wp-content\\\/uploads\\\/2023\\\/04\\\/cq5dam.thumbnail.cropped.750.422-15.jpeg\",\"width\":750,\"height\":422,\"caption\":\"Vatican News\"},{\"@type\":\"BreadcrumbList\",\"@id\":\"https:\\\/\\\/exaudi.org\\\/it\\\/guardia-svizzera-pontificia-giuramento-2023\\\/#breadcrumb\",\"itemListElement\":[{\"@type\":\"ListItem\",\"position\":1,\"name\":\"Portada\",\"item\":\"https:\\\/\\\/exaudi.org\\\/it\\\/\"},{\"@type\":\"ListItem\",\"position\":2,\"name\":\"Guardia Svizzera Pontificia: Giuramento 2023\"}]},{\"@type\":\"WebSite\",\"@id\":\"https:\\\/\\\/exaudi.org\\\/#website\",\"url\":\"https:\\\/\\\/exaudi.org\\\/\",\"name\":\"Exaudi\",\"description\":\"News\",\"potentialAction\":[{\"@type\":\"SearchAction\",\"target\":{\"@type\":\"EntryPoint\",\"urlTemplate\":\"https:\\\/\\\/exaudi.org\\\/?s={search_term_string}\"},\"query-input\":{\"@type\":\"PropertyValueSpecification\",\"valueRequired\":true,\"valueName\":\"search_term_string\"}}],\"inLanguage\":\"it-IT\"},{\"@type\":\"Person\",\"@id\":\"https:\\\/\\\/exaudi.org\\\/#\\\/schema\\\/person\\\/e1ab6ed07c01774724dd96f925f3a5f0\",\"name\":\"Exaudi Redazione\",\"image\":{\"@type\":\"ImageObject\",\"inLanguage\":\"it-IT\",\"@id\":\"https:\\\/\\\/secure.gravatar.com\\\/avatar\\\/ad6774b3ada023bf5b939d64f45c94b3adf91502dd883507d469b4308a943bb3?s=96&d=mm&r=g\",\"url\":\"https:\\\/\\\/secure.gravatar.com\\\/avatar\\\/ad6774b3ada023bf5b939d64f45c94b3adf91502dd883507d469b4308a943bb3?s=96&d=mm&r=g\",\"contentUrl\":\"https:\\\/\\\/secure.gravatar.com\\\/avatar\\\/ad6774b3ada023bf5b939d64f45c94b3adf91502dd883507d469b4308a943bb3?s=96&d=mm&r=g\",\"caption\":\"Exaudi Redazione\"},\"description\":\"Che cosa \u00e8 Exaudi News? Exaudi News \u00e8 un agenzia cattolica internazionale che informa, istruisce e trasforma quotidianamente in spagnolo, inglese e italiano. Attraverso notizie, articoli di analisi e trasmissioni in diretta degli eventi del Papa, Exaudi cerca di rafforzare l'unit\u00e0 dei cristiani e di contribuire all'evangelizzazione del mondo, sempre guidato dalla dottrina sociale della Chiesa. Lavoriamo per portare la verit\u00e0 e i valori cristiani in ogni angolo del pianeta. Aiutaci a trasformare il mondo con Exaudi! Noi di Exaudi crediamo che l'evangelizzazione e l'informazione di qualit\u00e0 possano cambiare la vita. Per continuare la nostra missione ed espandere la nostra portata, abbiamo bisogno del tuo aiuto. Stiamo anche cercando persone motivate che vogliano unirsi al nostro team. Grazie al vostro sostegno raggiungeremo pi\u00f9 persone, diffonderemo il messaggio di Cristo e rafforzeremo l'unit\u00e0 dei cristiani. Vuoi unirti alla nostra missione? Per maggiori informazioni su come contribuire, visita Exaudi.org\\\/it o contattaci direttamente: info@exaudi.org Exaudi: informa, forma e trasforma.\",\"sameAs\":[\"https:\\\/\\\/www.facebook.com\\\/ExaudiNotizie\\\/\",\"https:\\\/\\\/www.instagram.com\\\/Exaudi_notizie\\\/\",\"https:\\\/\\\/x.com\\\/Exaudi_Notizie\",\"https:\\\/\\\/www.youtube.com\\\/@exaudicatholicnews\"],\"url\":\"https:\\\/\\\/exaudi.org\\\/it\\\/author\\\/dlvedi-org\\\/\"}]}<\/script>\n<!-- \/ Yoast SEO plugin. -->","yoast_head_json":{"title":"Guardia Svizzera Pontificia: Giuramento 2023 &#8211; Exaudi","robots":{"index":"index","follow":"follow","max-snippet":"max-snippet:-1","max-image-preview":"max-image-preview:large","max-video-preview":"max-video-preview:-1"},"canonical":"https:\/\/exaudi.org\/it\/guardia-svizzera-pontificia-giuramento-2023\/","og_locale":"it_IT","og_type":"article","og_title":"Guardia Svizzera Pontificia: Giuramento 2023 &#8211; Exaudi","og_description":"Vaticano: Il solenne giuramento di 23 guardie - 6 maggio 2023","og_url":"https:\/\/exaudi.org\/it\/guardia-svizzera-pontificia-giuramento-2023\/","og_site_name":"Exaudi","article_publisher":"https:\/\/www.facebook.com\/ExaudiNews","article_author":"https:\/\/www.facebook.com\/ExaudiNotizie\/","article_published_time":"2023-04-20T16:58:11+00:00","og_image":[{"width":750,"height":422,"url":"https:\/\/exaudi.org\/wp-content\/uploads\/2023\/04\/cq5dam.thumbnail.cropped.750.422-15.jpeg","type":"image\/jpeg"}],"author":"Exaudi Redazione","twitter_card":"summary_large_image","twitter_creator":"@Exaudi_Notizie","twitter_site":"@Exaudi_News","twitter_misc":{"Scritto da":"Exaudi Redazione","Tempo di lettura stimato":"3 minuti"},"schema":{"@context":"https:\/\/schema.org","@graph":[{"@type":"Article","@id":"https:\/\/exaudi.org\/it\/guardia-svizzera-pontificia-giuramento-2023\/#article","isPartOf":{"@id":"https:\/\/exaudi.org\/it\/guardia-svizzera-pontificia-giuramento-2023\/"},"author":{"name":"Exaudi Redazione","@id":"https:\/\/exaudi.org\/#\/schema\/person\/e1ab6ed07c01774724dd96f925f3a5f0"},"headline":"Guardia Svizzera Pontificia: Giuramento 2023","datePublished":"2023-04-20T16:58:11+00:00","mainEntityOfPage":{"@id":"https:\/\/exaudi.org\/it\/guardia-svizzera-pontificia-giuramento-2023\/"},"wordCount":516,"image":{"@id":"https:\/\/exaudi.org\/it\/guardia-svizzera-pontificia-giuramento-2023\/#primaryimage"},"thumbnailUrl":"https:\/\/exaudi.org\/wp-content\/uploads\/2023\/04\/cq5dam.thumbnail.cropped.750.422-15.jpeg","keywords":["Giuramento 2023","Guardia Svizzera Pontificia"],"articleSection":["Eventi speciali","Vaticano"],"inLanguage":"it-IT"},{"@type":"WebPage","@id":"https:\/\/exaudi.org\/it\/guardia-svizzera-pontificia-giuramento-2023\/","url":"https:\/\/exaudi.org\/it\/guardia-svizzera-pontificia-giuramento-2023\/","name":"Guardia Svizzera Pontificia: Giuramento 2023 &#8211; Exaudi","isPartOf":{"@id":"https:\/\/exaudi.org\/#website"},"primaryImageOfPage":{"@id":"https:\/\/exaudi.org\/it\/guardia-svizzera-pontificia-giuramento-2023\/#primaryimage"},"image":{"@id":"https:\/\/exaudi.org\/it\/guardia-svizzera-pontificia-giuramento-2023\/#primaryimage"},"thumbnailUrl":"https:\/\/exaudi.org\/wp-content\/uploads\/2023\/04\/cq5dam.thumbnail.cropped.750.422-15.jpeg","datePublished":"2023-04-20T16:58:11+00:00","author":{"@id":"https:\/\/exaudi.org\/#\/schema\/person\/e1ab6ed07c01774724dd96f925f3a5f0"},"breadcrumb":{"@id":"https:\/\/exaudi.org\/it\/guardia-svizzera-pontificia-giuramento-2023\/#breadcrumb"},"inLanguage":"it-IT","potentialAction":[{"@type":"ReadAction","target":["https:\/\/exaudi.org\/it\/guardia-svizzera-pontificia-giuramento-2023\/"]}]},{"@type":"ImageObject","inLanguage":"it-IT","@id":"https:\/\/exaudi.org\/it\/guardia-svizzera-pontificia-giuramento-2023\/#primaryimage","url":"https:\/\/exaudi.org\/wp-content\/uploads\/2023\/04\/cq5dam.thumbnail.cropped.750.422-15.jpeg","contentUrl":"https:\/\/exaudi.org\/wp-content\/uploads\/2023\/04\/cq5dam.thumbnail.cropped.750.422-15.jpeg","width":750,"height":422,"caption":"Vatican News"},{"@type":"BreadcrumbList","@id":"https:\/\/exaudi.org\/it\/guardia-svizzera-pontificia-giuramento-2023\/#breadcrumb","itemListElement":[{"@type":"ListItem","position":1,"name":"Portada","item":"https:\/\/exaudi.org\/it\/"},{"@type":"ListItem","position":2,"name":"Guardia Svizzera Pontificia: Giuramento 2023"}]},{"@type":"WebSite","@id":"https:\/\/exaudi.org\/#website","url":"https:\/\/exaudi.org\/","name":"Exaudi","description":"News","potentialAction":[{"@type":"SearchAction","target":{"@type":"EntryPoint","urlTemplate":"https:\/\/exaudi.org\/?s={search_term_string}"},"query-input":{"@type":"PropertyValueSpecification","valueRequired":true,"valueName":"search_term_string"}}],"inLanguage":"it-IT"},{"@type":"Person","@id":"https:\/\/exaudi.org\/#\/schema\/person\/e1ab6ed07c01774724dd96f925f3a5f0","name":"Exaudi Redazione","image":{"@type":"ImageObject","inLanguage":"it-IT","@id":"https:\/\/secure.gravatar.com\/avatar\/ad6774b3ada023bf5b939d64f45c94b3adf91502dd883507d469b4308a943bb3?s=96&d=mm&r=g","url":"https:\/\/secure.gravatar.com\/avatar\/ad6774b3ada023bf5b939d64f45c94b3adf91502dd883507d469b4308a943bb3?s=96&d=mm&r=g","contentUrl":"https:\/\/secure.gravatar.com\/avatar\/ad6774b3ada023bf5b939d64f45c94b3adf91502dd883507d469b4308a943bb3?s=96&d=mm&r=g","caption":"Exaudi Redazione"},"description":"Che cosa \u00e8 Exaudi News? Exaudi News \u00e8 un agenzia cattolica internazionale che informa, istruisce e trasforma quotidianamente in spagnolo, inglese e italiano. Attraverso notizie, articoli di analisi e trasmissioni in diretta degli eventi del Papa, Exaudi cerca di rafforzare l'unit\u00e0 dei cristiani e di contribuire all'evangelizzazione del mondo, sempre guidato dalla dottrina sociale della Chiesa. Lavoriamo per portare la verit\u00e0 e i valori cristiani in ogni angolo del pianeta. Aiutaci a trasformare il mondo con Exaudi! Noi di Exaudi crediamo che l'evangelizzazione e l'informazione di qualit\u00e0 possano cambiare la vita. Per continuare la nostra missione ed espandere la nostra portata, abbiamo bisogno del tuo aiuto. Stiamo anche cercando persone motivate che vogliano unirsi al nostro team. Grazie al vostro sostegno raggiungeremo pi\u00f9 persone, diffonderemo il messaggio di Cristo e rafforzeremo l'unit\u00e0 dei cristiani. Vuoi unirti alla nostra missione? Per maggiori informazioni su come contribuire, visita Exaudi.org\/it o contattaci direttamente: info@exaudi.org Exaudi: informa, forma e trasforma.","sameAs":["https:\/\/www.facebook.com\/ExaudiNotizie\/","https:\/\/www.instagram.com\/Exaudi_notizie\/","https:\/\/x.com\/Exaudi_Notizie","https:\/\/www.youtube.com\/@exaudicatholicnews"],"url":"https:\/\/exaudi.org\/it\/author\/dlvedi-org\/"}]}},"jetpack_featured_media_url":"https:\/\/exaudi.org\/wp-content\/uploads\/2023\/04\/cq5dam.thumbnail.cropped.750.422-15.jpeg","jetpack_shortlink":"https:\/\/wp.me\/pgKjF2-jq4","_links":{"self":[{"href":"https:\/\/exaudi.org\/it\/wp-json\/wp\/v2\/posts\/74652","targetHints":{"allow":["GET"]}}],"collection":[{"href":"https:\/\/exaudi.org\/it\/wp-json\/wp\/v2\/posts"}],"about":[{"href":"https:\/\/exaudi.org\/it\/wp-json\/wp\/v2\/types\/post"}],"author":[{"embeddable":true,"href":"https:\/\/exaudi.org\/it\/wp-json\/wp\/v2\/users\/17"}],"replies":[{"embeddable":true,"href":"https:\/\/exaudi.org\/it\/wp-json\/wp\/v2\/comments?post=74652"}],"version-history":[{"count":0,"href":"https:\/\/exaudi.org\/it\/wp-json\/wp\/v2\/posts\/74652\/revisions"}],"wp:featuredmedia":[{"embeddable":true,"href":"https:\/\/exaudi.org\/it\/wp-json\/wp\/v2\/media\/74653"}],"wp:attachment":[{"href":"https:\/\/exaudi.org\/it\/wp-json\/wp\/v2\/media?parent=74652"}],"wp:term":[{"taxonomy":"category","embeddable":true,"href":"https:\/\/exaudi.org\/it\/wp-json\/wp\/v2\/categories?post=74652"},{"taxonomy":"post_tag","embeddable":true,"href":"https:\/\/exaudi.org\/it\/wp-json\/wp\/v2\/tags?post=74652"}],"curies":[{"name":"wp","href":"https:\/\/api.w.org\/{rel}","templated":true}]}}