{"id":74629,"date":"2023-04-20T17:28:11","date_gmt":"2023-04-20T15:28:11","guid":{"rendered":"https:\/\/exaudi.org\/?p=74629"},"modified":"2023-04-21T12:34:56","modified_gmt":"2023-04-21T10:34:56","slug":"la-malattia-e-la-sofferenza-nella-bibbia","status":"publish","type":"post","link":"https:\/\/exaudi.org\/it\/la-malattia-e-la-sofferenza-nella-bibbia\/","title":{"rendered":"&#8220;La malattia insegna a vivere la solidariet\u00e0 umana e cristiana&#8221;"},"content":{"rendered":"<audio class=\"wp-audio-shortcode\" id=\"audio-74629-1\" preload=\"none\" style=\"width: 100%;\" controls=\"controls\"><source type=\"audio\/mpeg\" src=\"https:\/\/exaudi.org\/wp-content\/uploads\/2023\/04\/La-malattia-insegna-a-vivere-la-solidarieta.mp3?_=1\" \/><a href=\"https:\/\/exaudi.org\/wp-content\/uploads\/2023\/04\/La-malattia-insegna-a-vivere-la-solidarieta.mp3\">https:\/\/exaudi.org\/wp-content\/uploads\/2023\/04\/La-malattia-insegna-a-vivere-la-solidarieta.mp3<\/a><\/audio>\n<p>Questa mattina il Santo Padre Francesco ha ricevuto in Udienza i partecipanti all\u2019Assemblea plenaria della Pontificia Commissione Biblica.<\/p>\n<p>Pubblichiamo di seguito il discorso che il Papa ha consegnato ai presenti nel corso dell\u2019Udienza:<\/p>\n<p><b>Discorso del Santo Padre consegnato<\/b><\/p>\n<p>Signor Cardinale,<\/p>\n<p>Cari Membri della\u00a0<i>Pontificia Commissione Biblica<\/i>!<\/p>\n<p>Sono lieto di accogliervi al termine della vostra annuale Assemblea plenaria. Ringrazio il Signor Cardinale Luis Ladaria per il suo indirizzo di saluto e per l\u2019esposizione che ci ha offerto sul tema che avete affrontato:\u00a0<i>La malattia e la sofferenza nella Bibbia<\/i>. Si tratta di un tema che riguarda tutti, credenti e non credenti. La natura umana, infatti, ferita dal peccato, porta inscritta in s\u00e9 la realt\u00e0 del limite, della fragilit\u00e0 e della morte.<\/p>\n<p>Questo tema risponde, inoltre, a una preoccupazione che ho particolarmente a cuore, e cio\u00e8 che la malattia e la finitudine nel pensiero moderno vengono spesso considerate come una perdita, un non\u2013valore, un fastidio che bisogna minimizzare, contrastare e annullare ad ogni costo. Non ci si vuole porre la domanda sul loro significato, forse perch\u00e9 se ne temono le implicazioni morali ed esistenziali. Eppure nessuno pu\u00f2 sottrarsi alla ricerca di tale \u00abperch\u00e9\u00bb (cfr S. Giovanni Paolo II, Lett. Ap.\u00a0<i><a href=\"https:\/\/www.vatican.va\/content\/john-paul-ii\/it\/apost_letters\/1984\/documents\/hf_jp-ii_apl_11021984_salvifici-doloris.html\">Salvifici doloris<\/a><\/i>, 9).<\/p>\n<p>Anche il credente talvolta pu\u00f2 vacillare di fronte all\u2019esperienza del dolore. \u00c8 una realt\u00e0 che fa paura e che, quando irrompe e assale, pu\u00f2 lasciare l\u2019uomo sconvolto, fino ad incrinarne la fede. La persona allora \u00e8 posta di fronte a un bivio: pu\u00f2 permettere alla sofferenza di portarla al ripiegamento su di s\u00e9, fino alla disperazione e alla ribellione; oppure pu\u00f2 accoglierla come un\u2019occasione di crescita e di discernimento su ci\u00f2 che nella vita conta veramente, fino all\u2019incontro con Dio.<\/p>\n<p>Quest\u2019ultima \u00e8 la visione di fede che troviamo nella Sacra Scrittura.<\/p>\n<p>L\u2019uomo dell\u2019Antico Testamento vive la malattia con il pensiero costantemente rivolto a Dio: si affida a Lui nei momenti delle lacrime (cfr\u00a0<i>Sal<\/i>\u00a038), da Lui implora la guarigione nell\u2019infermit\u00e0 (cfr\u00a0<i>Sal<\/i>\u00a06,3;\u00a0<i>Is<\/i>\u00a038) e a Lui spesso ritorna, nei momenti di prova, con moti di conversione (cfr\u00a0<i>Sal\u00a0<\/i>38,5.12; 39,9;<i>\u00a0Is<\/i>\u00a053,11).<\/p>\n<p>Nel Nuovo Testamento irrompe l\u2019evento Ges\u00f9 (cfr\u00a0<i>Gv<\/i>\u00a03,16): il Figlio che rivela l\u2019amore del Padre, la sua misericordia, il suo perdono e la sua ricerca costante dell\u2019uomo peccatore, smarrito e ferito. Non a caso l\u2019attivit\u00e0 pubblica del Cristo \u00e8 segnata in gran parte proprio dal contatto coi malati. Le guarigioni miracolose sono una delle caratteristiche principali del suo ministero (cfr\u00a0<i>Mt<\/i>\u00a09,35; 4,23): risana i lebbrosi e i paralitici (cfr cfr\u00a0<i>Mc<\/i>\u00a01,40-42; 2,10\u201312); guarisce la suocera di Simone e il servo del centurione (cfr\u00a0<i>Mt<\/i>\u00a08,5-15); libera gli indemoniati e cura tutti i malati che si affidano a Lui (cfr\u00a0<i>Mc<\/i>\u00a06,56).<\/p>\n<p>Proprio la sua compassione per loro e le numerose guarigioni che opera sono presentate come\u00a0<i>il segno<\/i>\u00a0che \u00abDio ha visitato il suo popolo\u00bb (<i>Lc<\/i>\u00a07,16) e che il Regno dei cieli \u00e8 vicino (cfr\u00a0<i>Lc\u00a0<\/i>10,9): esse rivelano la sua identit\u00e0 divina, la sua missione messianica (cfr\u00a0<i>Lc<\/i>\u00a07,20-23) e il suo amore per i deboli fino a identificarsi con loro, quando dice: \u00abEro malato e mi avete visitato\u00bb (<i>Mt<\/i>\u00a025,36). Il culmine di tale identificazione avviene nella Passione, cos\u00ec che la Croce di Cristo diventa il segno per eccellenza della solidariet\u00e0 di Dio con noi e, nello stesso tempo, la possibilit\u00e0 per noi di unirci a Lui nell\u2019opera salvifica (cfr\u00a0<i>Col\u00a0<\/i>1,24). Anche dopo la Risurrezione, quando il Signore affida ai discepoli il mandato di continuare la sua opera, dice loro di curare i malati, imponendo le mani su di essi e benedicendoli nel suo nome (cfr\u00a0<i>Mc\u00a0<\/i>16,15-18).<\/p>\n<p>La Bibbia non offre cos\u00ec una risposta banale e utopica alla domanda sulla malattia e sulla morte, n\u00e9 una risposta fatalistica, che giustifichi tutto attribuendolo ad un incomprensibile giudizio divino, o peggio a un destino inesorabile davanti al quale non resta che piegarsi senza comprendere. L\u2019uomo biblico si sente piuttosto invitato ad affrontare la condizione universale del dolore come luogo di incontro con la vicinanza e la compassione di Dio, Padre buono, che con infinita misericordia si fa carico delle sue creature ferite per curarle, risollevarle e salvarle.<\/p>\n<p>Cos\u00ec in Cristo anche il patire si trasforma in amore e la fine delle cose di questo mondo diventa speranza di risurrezione e di salvezza, come ci ricorda l\u2019autore del libro dell\u2019Apocalisse (cfr\u00a0<i>Ap<\/i>\u00a021,4). In sostanza per il cristiano anche l\u2019infermit\u00e0 \u00e8 un dono grande di comunione, con cui Dio lo rende partecipe della sua pienezza di bene proprio attraverso l\u2019esperienza della sua debolezza.<\/p>\n<p>In realt\u00e0, il modo in cui viviamo il dolore ci parla della nostra possibilit\u00e0 di amare e di lasciarci amare, della nostra capacit\u00e0 di dare senso alle vicende dell\u2019esistenza nella luce della carit\u00e0 e della nostra disponibilit\u00e0 ad accogliere il limite come occasione di crescita e di redenzione\u00a0<a class=\" cleaner\" href=\"https:\/\/www.vatican.va\/content\/francesco\/it\/speeches\/2023\/april\/documents\/20230420-pcb.html#_ftn1\" name=\"_ftnref1\">[1]<\/a>. \u00c8 ci\u00f2 che sottolineava San Giovanni Paolo II quando, a partire dal suo vissuto personale, indicava il sentiero della sofferenza come via per aprirsi a un amore pi\u00f9 grande (cfr Lett. Ap.\u00a0<i><a href=\"https:\/\/www.vatican.va\/content\/john-paul-ii\/it\/apost_letters\/1984\/documents\/hf_jp-ii_apl_11021984_salvifici-doloris.html\">Salvifici doloris<\/a><\/i>, 20).<\/p>\n<p>Infine, un ultimo aspetto dell\u2019esperienza della malattia che vorrei sottolineare \u00e8 che essa ci insegna a vivere la solidariet\u00e0 umana e cristiana, secondo lo stile di Dio che \u00e8 vicinanza, compassione e tenerezza. La parabola del buon Samaritano ci ricorda che chinarsi sul dolore degli altri non \u00e8 per l\u2019uomo una scelta opzionale, ma piuttosto una condizione irrinunciabile, sia per la sua piena realizzazione come persona sia per la costruzione di una societ\u00e0 inclusiva e veramente orientata al bene comune (cfr Lett. Enc.\u00a0<i><a href=\"https:\/\/www.vatican.va\/content\/francesco\/it\/encyclicals\/documents\/papa-francesco_20201003_enciclica-fratelli-tutti.html#67\">Fratelli tutti<\/a><\/i>, 67-68).<\/p>\n<p>Cari Membri della Pontificia Commissione Biblica, esprimo a tutti voi il mio personale ringraziamento e incoraggiamento per l\u2019impegnativo lavoro che svolgete al servizio della Parola di Dio, mediante la ricerca e l\u2019insegnamento. Voi vi occupate di uno degli ambiti pi\u00f9 importanti dell\u2019inculturazione della fede, che \u00e8 parte fondamentale della missione della Chiesa. Ricordate, per\u00f2, che la vostra opera crescer\u00e0 tanto pi\u00f9, quanto pi\u00f9 saprete accogliere personalmente il mistero dell\u2019Incarnazione nella vostra vita di fede.<\/p>\n<p>Per questo vi auguro un fruttuoso proseguimento del vostro lavoro, invoco su di voi la luce dello Spirito Santo e di cuore vi benedico. E, mi raccomando, non dimenticatevi di pregare per me. Grazie!<\/p>\n<p>________________________________________________<\/p>\n<p><a class=\" cleaner\" href=\"https:\/\/www.vatican.va\/content\/francesco\/it\/speeches\/2023\/april\/documents\/20230420-pcb.html#_ftnref1\" name=\"_ftn1\">[1]<\/a>\u00a0Cfr\u00a0<i><a href=\"https:\/\/www.vatican.va\/content\/francesco\/it\/homilies\/2016\/documents\/papa-francesco_20160612_omelia-giubileo-ammalati-disabili.html\">Omelia in occasione del Giubileo degli ammalati e delle persone disabili<\/a><\/i>, 12 giugno 2016.<\/p>\n","protected":false},"excerpt":{"rendered":"<p>Udienza papale alla Assemblea plenaria della Pontificia Commissione Biblica<\/p>\n","protected":false},"author":17,"featured_media":74630,"comment_status":"closed","ping_status":"closed","sticky":false,"template":"","format":"standard","meta":{"_acf_changed":false,"_crdt_document":"","inline_featured_image":false,"footnotes":""},"categories":[67],"tags":[251,4952,1843],"class_list":["post-74629","post","type-post","status-publish","format-standard","has-post-thumbnail","hentry","category-leone-xiv","tag-papa-francesco","tag-trending-it","tag-udienza"],"acf":[],"yoast_head":"<!-- This site is optimized with the Yoast SEO plugin v27.5 - https:\/\/yoast.com\/product\/yoast-seo-wordpress\/ -->\n<title>&quot;La malattia insegna a vivere la solidariet\u00e0 umana e cristiana&quot; &#8211; Exaudi<\/title>\n<meta name=\"robots\" content=\"index, follow, max-snippet:-1, max-image-preview:large, max-video-preview:-1\" \/>\n<link rel=\"canonical\" href=\"https:\/\/exaudi.org\/it\/la-malattia-e-la-sofferenza-nella-bibbia\/\" \/>\n<meta property=\"og:locale\" content=\"it_IT\" \/>\n<meta property=\"og:type\" content=\"article\" \/>\n<meta property=\"og:title\" content=\"&quot;La malattia insegna a vivere la solidariet\u00e0 umana e cristiana&quot; &#8211; Exaudi\" \/>\n<meta property=\"og:description\" content=\"Udienza papale alla Assemblea plenaria della Pontificia Commissione Biblica\" \/>\n<meta property=\"og:url\" content=\"https:\/\/exaudi.org\/it\/la-malattia-e-la-sofferenza-nella-bibbia\/\" \/>\n<meta property=\"og:site_name\" content=\"Exaudi\" \/>\n<meta property=\"article:publisher\" content=\"https:\/\/www.facebook.com\/ExaudiNews\" \/>\n<meta property=\"article:author\" content=\"https:\/\/www.facebook.com\/ExaudiNotizie\/\" \/>\n<meta property=\"article:published_time\" content=\"2023-04-20T15:28:11+00:00\" \/>\n<meta property=\"article:modified_time\" content=\"2023-04-21T10:34:56+00:00\" \/>\n<meta property=\"og:image\" content=\"https:\/\/exaudi.org\/wp-content\/uploads\/2023\/04\/cq5dam.web_.800.800-1-4.jpeg\" \/>\n\t<meta property=\"og:image:width\" content=\"800\" \/>\n\t<meta property=\"og:image:height\" content=\"533\" \/>\n\t<meta property=\"og:image:type\" content=\"image\/jpeg\" \/>\n<meta name=\"author\" content=\"Exaudi Redazione\" \/>\n<meta name=\"twitter:card\" content=\"summary_large_image\" \/>\n<meta name=\"twitter:creator\" content=\"@Exaudi_Notizie\" \/>\n<meta name=\"twitter:site\" content=\"@Exaudi_News\" \/>\n<meta name=\"twitter:label1\" content=\"Scritto da\" \/>\n\t<meta name=\"twitter:data1\" content=\"Exaudi Redazione\" \/>\n\t<meta name=\"twitter:label2\" content=\"Tempo di lettura stimato\" \/>\n\t<meta name=\"twitter:data2\" content=\"5 minuti\" \/>\n<script type=\"application\/ld+json\" class=\"yoast-schema-graph\">{\"@context\":\"https:\\\/\\\/schema.org\",\"@graph\":[{\"@type\":\"Article\",\"@id\":\"https:\\\/\\\/exaudi.org\\\/it\\\/la-malattia-e-la-sofferenza-nella-bibbia\\\/#article\",\"isPartOf\":{\"@id\":\"https:\\\/\\\/exaudi.org\\\/it\\\/la-malattia-e-la-sofferenza-nella-bibbia\\\/\"},\"author\":{\"name\":\"Exaudi Redazione\",\"@id\":\"https:\\\/\\\/exaudi.org\\\/#\\\/schema\\\/person\\\/e1ab6ed07c01774724dd96f925f3a5f0\"},\"headline\":\"&#8220;La malattia insegna a vivere la solidariet\u00e0 umana e cristiana&#8221;\",\"datePublished\":\"2023-04-20T15:28:11+00:00\",\"dateModified\":\"2023-04-21T10:34:56+00:00\",\"mainEntityOfPage\":{\"@id\":\"https:\\\/\\\/exaudi.org\\\/it\\\/la-malattia-e-la-sofferenza-nella-bibbia\\\/\"},\"wordCount\":1064,\"image\":{\"@id\":\"https:\\\/\\\/exaudi.org\\\/it\\\/la-malattia-e-la-sofferenza-nella-bibbia\\\/#primaryimage\"},\"thumbnailUrl\":\"https:\\\/\\\/exaudi.org\\\/wp-content\\\/uploads\\\/2023\\\/04\\\/cq5dam.web_.800.800-1-4.jpeg\",\"keywords\":[\"Papa Francesco\",\"Trending\",\"udienza\"],\"articleSection\":[\"Leone XIV\"],\"inLanguage\":\"it-IT\"},{\"@type\":\"WebPage\",\"@id\":\"https:\\\/\\\/exaudi.org\\\/it\\\/la-malattia-e-la-sofferenza-nella-bibbia\\\/\",\"url\":\"https:\\\/\\\/exaudi.org\\\/it\\\/la-malattia-e-la-sofferenza-nella-bibbia\\\/\",\"name\":\"\\\"La malattia insegna a vivere la solidariet\u00e0 umana e cristiana\\\" &#8211; Exaudi\",\"isPartOf\":{\"@id\":\"https:\\\/\\\/exaudi.org\\\/#website\"},\"primaryImageOfPage\":{\"@id\":\"https:\\\/\\\/exaudi.org\\\/it\\\/la-malattia-e-la-sofferenza-nella-bibbia\\\/#primaryimage\"},\"image\":{\"@id\":\"https:\\\/\\\/exaudi.org\\\/it\\\/la-malattia-e-la-sofferenza-nella-bibbia\\\/#primaryimage\"},\"thumbnailUrl\":\"https:\\\/\\\/exaudi.org\\\/wp-content\\\/uploads\\\/2023\\\/04\\\/cq5dam.web_.800.800-1-4.jpeg\",\"datePublished\":\"2023-04-20T15:28:11+00:00\",\"dateModified\":\"2023-04-21T10:34:56+00:00\",\"author\":{\"@id\":\"https:\\\/\\\/exaudi.org\\\/#\\\/schema\\\/person\\\/e1ab6ed07c01774724dd96f925f3a5f0\"},\"breadcrumb\":{\"@id\":\"https:\\\/\\\/exaudi.org\\\/it\\\/la-malattia-e-la-sofferenza-nella-bibbia\\\/#breadcrumb\"},\"inLanguage\":\"it-IT\",\"potentialAction\":[{\"@type\":\"ReadAction\",\"target\":[\"https:\\\/\\\/exaudi.org\\\/it\\\/la-malattia-e-la-sofferenza-nella-bibbia\\\/\"]}]},{\"@type\":\"ImageObject\",\"inLanguage\":\"it-IT\",\"@id\":\"https:\\\/\\\/exaudi.org\\\/it\\\/la-malattia-e-la-sofferenza-nella-bibbia\\\/#primaryimage\",\"url\":\"https:\\\/\\\/exaudi.org\\\/wp-content\\\/uploads\\\/2023\\\/04\\\/cq5dam.web_.800.800-1-4.jpeg\",\"contentUrl\":\"https:\\\/\\\/exaudi.org\\\/wp-content\\\/uploads\\\/2023\\\/04\\\/cq5dam.web_.800.800-1-4.jpeg\",\"width\":800,\"height\":533,\"caption\":\"Vatican Media\"},{\"@type\":\"BreadcrumbList\",\"@id\":\"https:\\\/\\\/exaudi.org\\\/it\\\/la-malattia-e-la-sofferenza-nella-bibbia\\\/#breadcrumb\",\"itemListElement\":[{\"@type\":\"ListItem\",\"position\":1,\"name\":\"Portada\",\"item\":\"https:\\\/\\\/exaudi.org\\\/it\\\/\"},{\"@type\":\"ListItem\",\"position\":2,\"name\":\"&#8220;La malattia insegna a vivere la solidariet\u00e0 umana e cristiana&#8221;\"}]},{\"@type\":\"WebSite\",\"@id\":\"https:\\\/\\\/exaudi.org\\\/#website\",\"url\":\"https:\\\/\\\/exaudi.org\\\/\",\"name\":\"Exaudi\",\"description\":\"News\",\"potentialAction\":[{\"@type\":\"SearchAction\",\"target\":{\"@type\":\"EntryPoint\",\"urlTemplate\":\"https:\\\/\\\/exaudi.org\\\/?s={search_term_string}\"},\"query-input\":{\"@type\":\"PropertyValueSpecification\",\"valueRequired\":true,\"valueName\":\"search_term_string\"}}],\"inLanguage\":\"it-IT\"},{\"@type\":\"Person\",\"@id\":\"https:\\\/\\\/exaudi.org\\\/#\\\/schema\\\/person\\\/e1ab6ed07c01774724dd96f925f3a5f0\",\"name\":\"Exaudi Redazione\",\"image\":{\"@type\":\"ImageObject\",\"inLanguage\":\"it-IT\",\"@id\":\"https:\\\/\\\/secure.gravatar.com\\\/avatar\\\/ad6774b3ada023bf5b939d64f45c94b3adf91502dd883507d469b4308a943bb3?s=96&d=mm&r=g\",\"url\":\"https:\\\/\\\/secure.gravatar.com\\\/avatar\\\/ad6774b3ada023bf5b939d64f45c94b3adf91502dd883507d469b4308a943bb3?s=96&d=mm&r=g\",\"contentUrl\":\"https:\\\/\\\/secure.gravatar.com\\\/avatar\\\/ad6774b3ada023bf5b939d64f45c94b3adf91502dd883507d469b4308a943bb3?s=96&d=mm&r=g\",\"caption\":\"Exaudi Redazione\"},\"description\":\"Che cosa \u00e8 Exaudi News? Exaudi News \u00e8 un agenzia cattolica internazionale che informa, istruisce e trasforma quotidianamente in spagnolo, inglese e italiano. Attraverso notizie, articoli di analisi e trasmissioni in diretta degli eventi del Papa, Exaudi cerca di rafforzare l'unit\u00e0 dei cristiani e di contribuire all'evangelizzazione del mondo, sempre guidato dalla dottrina sociale della Chiesa. Lavoriamo per portare la verit\u00e0 e i valori cristiani in ogni angolo del pianeta. Aiutaci a trasformare il mondo con Exaudi! Noi di Exaudi crediamo che l'evangelizzazione e l'informazione di qualit\u00e0 possano cambiare la vita. Per continuare la nostra missione ed espandere la nostra portata, abbiamo bisogno del tuo aiuto. Stiamo anche cercando persone motivate che vogliano unirsi al nostro team. Grazie al vostro sostegno raggiungeremo pi\u00f9 persone, diffonderemo il messaggio di Cristo e rafforzeremo l'unit\u00e0 dei cristiani. Vuoi unirti alla nostra missione? Per maggiori informazioni su come contribuire, visita Exaudi.org\\\/it o contattaci direttamente: info@exaudi.org Exaudi: informa, forma e trasforma.\",\"sameAs\":[\"https:\\\/\\\/www.facebook.com\\\/ExaudiNotizie\\\/\",\"https:\\\/\\\/www.instagram.com\\\/Exaudi_notizie\\\/\",\"https:\\\/\\\/x.com\\\/Exaudi_Notizie\",\"https:\\\/\\\/www.youtube.com\\\/@exaudicatholicnews\"],\"url\":\"https:\\\/\\\/exaudi.org\\\/it\\\/author\\\/dlvedi-org\\\/\"}]}<\/script>\n<!-- \/ Yoast SEO plugin. -->","yoast_head_json":{"title":"\"La malattia insegna a vivere la solidariet\u00e0 umana e cristiana\" &#8211; Exaudi","robots":{"index":"index","follow":"follow","max-snippet":"max-snippet:-1","max-image-preview":"max-image-preview:large","max-video-preview":"max-video-preview:-1"},"canonical":"https:\/\/exaudi.org\/it\/la-malattia-e-la-sofferenza-nella-bibbia\/","og_locale":"it_IT","og_type":"article","og_title":"\"La malattia insegna a vivere la solidariet\u00e0 umana e cristiana\" &#8211; Exaudi","og_description":"Udienza papale alla Assemblea plenaria della Pontificia Commissione Biblica","og_url":"https:\/\/exaudi.org\/it\/la-malattia-e-la-sofferenza-nella-bibbia\/","og_site_name":"Exaudi","article_publisher":"https:\/\/www.facebook.com\/ExaudiNews","article_author":"https:\/\/www.facebook.com\/ExaudiNotizie\/","article_published_time":"2023-04-20T15:28:11+00:00","article_modified_time":"2023-04-21T10:34:56+00:00","og_image":[{"width":800,"height":533,"url":"https:\/\/exaudi.org\/wp-content\/uploads\/2023\/04\/cq5dam.web_.800.800-1-4.jpeg","type":"image\/jpeg"}],"author":"Exaudi Redazione","twitter_card":"summary_large_image","twitter_creator":"@Exaudi_Notizie","twitter_site":"@Exaudi_News","twitter_misc":{"Scritto da":"Exaudi Redazione","Tempo di lettura stimato":"5 minuti"},"schema":{"@context":"https:\/\/schema.org","@graph":[{"@type":"Article","@id":"https:\/\/exaudi.org\/it\/la-malattia-e-la-sofferenza-nella-bibbia\/#article","isPartOf":{"@id":"https:\/\/exaudi.org\/it\/la-malattia-e-la-sofferenza-nella-bibbia\/"},"author":{"name":"Exaudi Redazione","@id":"https:\/\/exaudi.org\/#\/schema\/person\/e1ab6ed07c01774724dd96f925f3a5f0"},"headline":"&#8220;La malattia insegna a vivere la solidariet\u00e0 umana e cristiana&#8221;","datePublished":"2023-04-20T15:28:11+00:00","dateModified":"2023-04-21T10:34:56+00:00","mainEntityOfPage":{"@id":"https:\/\/exaudi.org\/it\/la-malattia-e-la-sofferenza-nella-bibbia\/"},"wordCount":1064,"image":{"@id":"https:\/\/exaudi.org\/it\/la-malattia-e-la-sofferenza-nella-bibbia\/#primaryimage"},"thumbnailUrl":"https:\/\/exaudi.org\/wp-content\/uploads\/2023\/04\/cq5dam.web_.800.800-1-4.jpeg","keywords":["Papa Francesco","Trending","udienza"],"articleSection":["Leone XIV"],"inLanguage":"it-IT"},{"@type":"WebPage","@id":"https:\/\/exaudi.org\/it\/la-malattia-e-la-sofferenza-nella-bibbia\/","url":"https:\/\/exaudi.org\/it\/la-malattia-e-la-sofferenza-nella-bibbia\/","name":"\"La malattia insegna a vivere la solidariet\u00e0 umana e cristiana\" &#8211; Exaudi","isPartOf":{"@id":"https:\/\/exaudi.org\/#website"},"primaryImageOfPage":{"@id":"https:\/\/exaudi.org\/it\/la-malattia-e-la-sofferenza-nella-bibbia\/#primaryimage"},"image":{"@id":"https:\/\/exaudi.org\/it\/la-malattia-e-la-sofferenza-nella-bibbia\/#primaryimage"},"thumbnailUrl":"https:\/\/exaudi.org\/wp-content\/uploads\/2023\/04\/cq5dam.web_.800.800-1-4.jpeg","datePublished":"2023-04-20T15:28:11+00:00","dateModified":"2023-04-21T10:34:56+00:00","author":{"@id":"https:\/\/exaudi.org\/#\/schema\/person\/e1ab6ed07c01774724dd96f925f3a5f0"},"breadcrumb":{"@id":"https:\/\/exaudi.org\/it\/la-malattia-e-la-sofferenza-nella-bibbia\/#breadcrumb"},"inLanguage":"it-IT","potentialAction":[{"@type":"ReadAction","target":["https:\/\/exaudi.org\/it\/la-malattia-e-la-sofferenza-nella-bibbia\/"]}]},{"@type":"ImageObject","inLanguage":"it-IT","@id":"https:\/\/exaudi.org\/it\/la-malattia-e-la-sofferenza-nella-bibbia\/#primaryimage","url":"https:\/\/exaudi.org\/wp-content\/uploads\/2023\/04\/cq5dam.web_.800.800-1-4.jpeg","contentUrl":"https:\/\/exaudi.org\/wp-content\/uploads\/2023\/04\/cq5dam.web_.800.800-1-4.jpeg","width":800,"height":533,"caption":"Vatican Media"},{"@type":"BreadcrumbList","@id":"https:\/\/exaudi.org\/it\/la-malattia-e-la-sofferenza-nella-bibbia\/#breadcrumb","itemListElement":[{"@type":"ListItem","position":1,"name":"Portada","item":"https:\/\/exaudi.org\/it\/"},{"@type":"ListItem","position":2,"name":"&#8220;La malattia insegna a vivere la solidariet\u00e0 umana e cristiana&#8221;"}]},{"@type":"WebSite","@id":"https:\/\/exaudi.org\/#website","url":"https:\/\/exaudi.org\/","name":"Exaudi","description":"News","potentialAction":[{"@type":"SearchAction","target":{"@type":"EntryPoint","urlTemplate":"https:\/\/exaudi.org\/?s={search_term_string}"},"query-input":{"@type":"PropertyValueSpecification","valueRequired":true,"valueName":"search_term_string"}}],"inLanguage":"it-IT"},{"@type":"Person","@id":"https:\/\/exaudi.org\/#\/schema\/person\/e1ab6ed07c01774724dd96f925f3a5f0","name":"Exaudi Redazione","image":{"@type":"ImageObject","inLanguage":"it-IT","@id":"https:\/\/secure.gravatar.com\/avatar\/ad6774b3ada023bf5b939d64f45c94b3adf91502dd883507d469b4308a943bb3?s=96&d=mm&r=g","url":"https:\/\/secure.gravatar.com\/avatar\/ad6774b3ada023bf5b939d64f45c94b3adf91502dd883507d469b4308a943bb3?s=96&d=mm&r=g","contentUrl":"https:\/\/secure.gravatar.com\/avatar\/ad6774b3ada023bf5b939d64f45c94b3adf91502dd883507d469b4308a943bb3?s=96&d=mm&r=g","caption":"Exaudi Redazione"},"description":"Che cosa \u00e8 Exaudi News? Exaudi News \u00e8 un agenzia cattolica internazionale che informa, istruisce e trasforma quotidianamente in spagnolo, inglese e italiano. Attraverso notizie, articoli di analisi e trasmissioni in diretta degli eventi del Papa, Exaudi cerca di rafforzare l'unit\u00e0 dei cristiani e di contribuire all'evangelizzazione del mondo, sempre guidato dalla dottrina sociale della Chiesa. Lavoriamo per portare la verit\u00e0 e i valori cristiani in ogni angolo del pianeta. Aiutaci a trasformare il mondo con Exaudi! Noi di Exaudi crediamo che l'evangelizzazione e l'informazione di qualit\u00e0 possano cambiare la vita. Per continuare la nostra missione ed espandere la nostra portata, abbiamo bisogno del tuo aiuto. Stiamo anche cercando persone motivate che vogliano unirsi al nostro team. Grazie al vostro sostegno raggiungeremo pi\u00f9 persone, diffonderemo il messaggio di Cristo e rafforzeremo l'unit\u00e0 dei cristiani. Vuoi unirti alla nostra missione? Per maggiori informazioni su come contribuire, visita Exaudi.org\/it o contattaci direttamente: info@exaudi.org Exaudi: informa, forma e trasforma.","sameAs":["https:\/\/www.facebook.com\/ExaudiNotizie\/","https:\/\/www.instagram.com\/Exaudi_notizie\/","https:\/\/x.com\/Exaudi_Notizie","https:\/\/www.youtube.com\/@exaudicatholicnews"],"url":"https:\/\/exaudi.org\/it\/author\/dlvedi-org\/"}]}},"jetpack_featured_media_url":"https:\/\/exaudi.org\/wp-content\/uploads\/2023\/04\/cq5dam.web_.800.800-1-4.jpeg","jetpack_shortlink":"https:\/\/wp.me\/pgKjF2-jpH","_links":{"self":[{"href":"https:\/\/exaudi.org\/it\/wp-json\/wp\/v2\/posts\/74629","targetHints":{"allow":["GET"]}}],"collection":[{"href":"https:\/\/exaudi.org\/it\/wp-json\/wp\/v2\/posts"}],"about":[{"href":"https:\/\/exaudi.org\/it\/wp-json\/wp\/v2\/types\/post"}],"author":[{"embeddable":true,"href":"https:\/\/exaudi.org\/it\/wp-json\/wp\/v2\/users\/17"}],"replies":[{"embeddable":true,"href":"https:\/\/exaudi.org\/it\/wp-json\/wp\/v2\/comments?post=74629"}],"version-history":[{"count":0,"href":"https:\/\/exaudi.org\/it\/wp-json\/wp\/v2\/posts\/74629\/revisions"}],"wp:featuredmedia":[{"embeddable":true,"href":"https:\/\/exaudi.org\/it\/wp-json\/wp\/v2\/media\/74630"}],"wp:attachment":[{"href":"https:\/\/exaudi.org\/it\/wp-json\/wp\/v2\/media?parent=74629"}],"wp:term":[{"taxonomy":"category","embeddable":true,"href":"https:\/\/exaudi.org\/it\/wp-json\/wp\/v2\/categories?post=74629"},{"taxonomy":"post_tag","embeddable":true,"href":"https:\/\/exaudi.org\/it\/wp-json\/wp\/v2\/tags?post=74629"}],"curies":[{"name":"wp","href":"https:\/\/api.w.org\/{rel}","templated":true}]}}