{"id":74430,"date":"2023-04-19T19:46:04","date_gmt":"2023-04-19T17:46:04","guid":{"rendered":"https:\/\/exaudi.org\/?p=74430"},"modified":"2023-04-19T19:46:04","modified_gmt":"2023-04-19T17:46:04","slug":"la-festa-per-la-sorella-maggiore-armida-barelli","status":"publish","type":"post","link":"https:\/\/exaudi.org\/it\/la-festa-per-la-sorella-maggiore-armida-barelli\/","title":{"rendered":"La festa per la \u201cSorella maggiore\u201d Armida Barelli"},"content":{"rendered":"<p><strong>COMUNICATO STAMPA<\/strong><\/p>\n<p><strong>Azione Cattolica Italiana, Universit\u00e0 Cattolica e Istituto <\/strong><strong>Missionarie della Regalit\u00e0 in udienza da Papa\u00a0<\/strong><\/p>\n<p>Sabato 22 aprile, a un anno dalla beatificazione di <strong>Armida Barelli<\/strong>, piazza San Pietro ospiter\u00e0 dodicimila persone appartenenti alle tre realt\u00e0 alle quali \u00e8 legata la sua opera. L\u2019udienza sar\u00e0 preceduta, a partire dalle ore 10.00, da un momento di animazione. Vatican Media trasmetter\u00e0 gli eventi della mattinata in diretta e in streaming su <a href=\"http:\/\/www.vaticannews.va\" rel=\"nofollow\">http:\/\/www.vaticannews.va<\/a>; dalle ore 11.15, diretta su TV2000.<\/p>\n<p>19 Aprile 2023<\/p>\n<p>Sabato 22 aprile piazza San Pietro attende migliaia di persone provenienti da tutta Italia per partecipare all\u2019udienza con papa Francesco alle ore 11.30 a cui seguir\u00e0 la Santa Messa delle ore 12.45. Saranno circa dodicimila tra soci e socie dell\u2019<strong>Azione Cattolica Italiana<\/strong> da 130 diocesi, studenti, docenti e dipendenti dell\u2019<strong>Universit\u00e0 Cattolica del Sacro Cuore<\/strong> e appartenenti all\u2019<strong>Istituto Missionarie della Regalit\u00e0 di Cristo<\/strong>, e 120 sacerdoti che presenzieranno all\u2019iniziativa promossa dalle tre realt\u00e0 a un anno dalla <strong>beatificazione di Armida Barelli<\/strong> avvenuta il <strong>30 aprile 2022<\/strong> nel Duomo di Milano.<\/p>\n<p>La festa per la \u201cSorella maggiore\u201d \u2013 com\u2019\u00e8 ricordata affettuosamente in Azione Cattolica \u2013 inizier\u00e0 con l\u2019ingresso dei partecipanti in piazza San Pietro a partire dalle ore 8.00. Dalle ore 10.00 avr\u00e0 inizio l\u2019animazione, condotta dai giornalisti di Tv2000 <strong>Antonella Ventre e Gennaro Ferrara<\/strong>, che sar\u00e0 aperta da un video sulla cerimonia di beatificazione dello scorso anno, la cui ideale continuazione \u00e8 rappresentata dall\u2019udienza con papa Francesco, inizialmente prevista in Aula Paolo VI e poi spostata in piazza San Pietro per fare fronte al grande numero di adesioni. Le tappe dell\u2019animazione, tra testimonianze e letture dagli scritti di Armida Barelli, tracceranno l\u2019attualit\u00e0 della sua figura per la Chiesa ma anche per la societ\u00e0 di oggi, insistendo sui temi della vocazione laicale, di una spiritualit\u00e0 in grado di tenere insieme fede e vita e di una scommessa su formazione e cultura in grado di rispondere alle sfide poste dai tempi presenti.<\/p>\n<p>Seguir\u00e0 un momento di preghiera con la riflessione di monsignor <strong>Claudio Giuliodori<\/strong>, assistente ecclesiastico generale dell\u2019Azione Cattolica Italiana e dell\u2019Universit\u00e0 Cattolica del Sacro Cuore, che introdurr\u00e0 l\u2019arrivo di <strong>papa Francesco<\/strong> atteso per le <strong>11.30<\/strong>. A salutare il pontefice, a nome delle tre realt\u00e0 che hanno promosso l\u2019evento, sar\u00e0 <strong>Emanuela Gitto<\/strong>, vicepresidente per il Settore Giovani dell\u2019Azione Cattolica Italiana, che per questa speciale occasione indosser\u00e0 i gioielli lasciati da Armida Barelli in eredit\u00e0 alla Giovent\u00f9 femminile e alle responsabili di AC che ne raccolgono il testimone nel tempo: una croce e una spilla d\u2019oro con l\u2019immagine dell\u2019Immacolata.<\/p>\n<p>Al termine dell\u2019incontro con il Pontefice, sempre in piazza San Pietro, <strong>monsignor Mario Delpini<\/strong>, arcivescovo di Milano e presidente dell\u2019Istituto Giuseppe Toniolo di Studi superiori, presieder\u00e0 la celebrazione eucaristica.<\/p>\n<p>Vatican Media trasmetter\u00e0 gli eventi della mattinata in diretta e in streaming su <a href=\"http:\/\/www.vaticannews.va\" rel=\"nofollow\">http:\/\/www.vaticannews.va<\/a>; dalle ore 11.15, diretta su TV2000.<\/p>\n<p>&nbsp;<\/p>\n<h2><strong>BEATA ARMIDA BARELLI<\/strong><\/h2>\n<p>L\u2019Azione Cattolica, l\u2019Istituto secolare delle Missionarie della Regalit\u00e0 di N.S.G.C. e l\u2019Universit\u00e0 Cattolica del Sacro Cuore devono la loro fondazione all\u2019intuito e all\u2019instancabile attivit\u00e0 apostolica di Armida Barelli. Nel 1918 la beata fonda, dapprima a Milano, su invito del cardinale Andrea Carlo Ferrari, e poi in tutt\u2019Italia per incarico di Benedetto XV, la Giovent\u00f9 femminile di Azione Cattolica che arriv\u00f2 a contare oltre 1 milione di aderenti. Nel 1919, insieme a padre Agostino Gemelli, fonda l\u2019Istituto delle Missionarie della Regalit\u00e0, una nuova forma di consacrazione femminile sul modello \u201cnel mondo, ma non del mondo\u201d. Nel 1921 viene inaugurata l\u2019Universit\u00e0 Cattolica del Sacro Cuore grazie alla formidabile attivit\u00e0 di collaborazione della Barelli con il fondatore, padre Agostino Gemelli, e al suo ruolo non solo di \u201ccassiera\u201d in grado di raccogliere le ingenti risorse necessarie all\u2019Ateneo dei cattolici sognato dal beato Giuseppe Toniolo.<\/p>\n<p>Come ha affermato il Segretario di Stato della Santa Sede, <strong>cardinale Pietro Parolin<\/strong> nell\u2019omelia dellaSanta Messa per la prima memoria liturgica della beata, lo scorso 19 novembre, nella Domus Mariae a Roma: \u00abSe ci chiediamo che cosa vuol dire farsi servitori operosi dell\u2019amore di Cristo nel mondo e missionari della Sua regalit\u00e0, se &#8211; di fronte a tanti, immensi ed urgenti problemi &#8211; ci chiediamo \u201cche<br \/>\ncosa possiamo fare?\u201d, ci verr\u00e0 opportunamente in soccorso la testimonianza della Beata Armida Barelli. Lei ha ricoperto molteplici ruoli ed ha fatto molte cose nella sua vita: educatrice, fondatrice, amministratrice, dirigente, anche una sorta di influencer &#8211; diremmo oggi &#8211; in molte battaglie sociali e politiche, come quella per l\u2019affermazione dei diritti delle donne e per lo sviluppo di migliori politiche per il lavoro e la formazione. (\u2026) \u00c8 stata una donna cattolica che ha anticipato i tempi, in un tempo in cui ai laici era riconosciuto ben poco spazio anche nell\u2019azione liturgica della Chiesa; ha dato vita a iniziative che hanno anticipato il clima del Concilio Vaticano II\u00bb.<\/p>\n<p>In allegato: <em>la locandina dell\u2019evento<\/em><\/p>\n<p><a href=\"https:\/\/www.armidabarelli.net\/\">www.armidabarelli.net<\/a><br \/>\n<a href=\"http:\/\/www.azionecattolica.it\/\">www.azionecattolica.it<\/a><br \/>\n<a href=\"http:\/\/www.unicatt.it\/\">www.unicatt.it<\/a><br \/>\n<a href=\"http:\/\/www.ism-regalita.com\/\">www.ism-regalita.com<\/a><\/p>\n<p><strong>MODALIT\u00c0 DI ACCREDITAMENTO<\/strong><br \/>\nI giornalisti e gli operatori media che intendono partecipare devono inviare richiesta, entro 24 ore dall\u2019evento, attraverso il Sistema di accreditamento online della Sala Stampa della Santa Sede, all\u2019indirizzo: press.vatican.va\/accreditamenti<\/p>\n<p>Per info:<br \/>\nAntonio Martino (347 9485190)<br \/>\n<em>Azione Cattolica Italiana<\/em><\/p>\n<p>Chiara Santomiero (338 4148251)<br \/>\n<em>Comitato nazionale beatificazione e canonizzazione Armida Barelli<\/em><\/p>\n<p>Alessandro Zaccuri (335 7995910)<br \/>\nNicola Cerbino (335 7125703)<br \/>\nFederica Mancinelli (338 6727968)<br \/>\n<em>Universit\u00e0 Cattolica del Sacro Cuore<\/em><\/p>\n","protected":false},"excerpt":{"rendered":"<p>Piazza San Pietro: Udienza con il Papa, sabato 22<\/p>\n","protected":false},"author":17,"featured_media":74431,"comment_status":"closed","ping_status":"closed","sticky":false,"template":"","format":"standard","meta":{"_acf_changed":false,"_crdt_document":"","inline_featured_image":false,"footnotes":""},"categories":[67],"tags":[8929,8927,8928,3625],"class_list":["post-74430","post","type-post","status-publish","format-standard","has-post-thumbnail","hentry","category-leone-xiv","tag-armida-barelli","tag-azione-cattolica-italiana","tag-istituto-missionarie-della-regalita","tag-universita-cattolica"],"acf":[],"yoast_head":"<!-- This site is optimized with the Yoast SEO plugin v27.4 - https:\/\/yoast.com\/product\/yoast-seo-wordpress\/ -->\n<title>La festa per la \u201cSorella maggiore\u201d Armida Barelli &#8211; Exaudi<\/title>\n<meta name=\"robots\" content=\"index, follow, max-snippet:-1, max-image-preview:large, max-video-preview:-1\" \/>\n<link rel=\"canonical\" href=\"https:\/\/exaudi.org\/it\/la-festa-per-la-sorella-maggiore-armida-barelli\/\" \/>\n<meta property=\"og:locale\" content=\"it_IT\" \/>\n<meta property=\"og:type\" content=\"article\" \/>\n<meta property=\"og:title\" content=\"La festa per la \u201cSorella maggiore\u201d Armida Barelli &#8211; Exaudi\" \/>\n<meta property=\"og:description\" content=\"Piazza San Pietro: Udienza con il Papa, sabato 22\" \/>\n<meta property=\"og:url\" content=\"https:\/\/exaudi.org\/it\/la-festa-per-la-sorella-maggiore-armida-barelli\/\" \/>\n<meta property=\"og:site_name\" content=\"Exaudi\" \/>\n<meta property=\"article:publisher\" content=\"https:\/\/www.facebook.com\/ExaudiNews\" \/>\n<meta property=\"article:author\" content=\"https:\/\/www.facebook.com\/ExaudiNotizie\/\" \/>\n<meta property=\"article:published_time\" content=\"2023-04-19T17:46:04+00:00\" \/>\n<meta property=\"og:image\" content=\"https:\/\/exaudi.org\/wp-content\/uploads\/2023\/04\/cq5dam.thumbnail.cropped.750.422-1.png\" \/>\n\t<meta property=\"og:image:width\" content=\"750\" \/>\n\t<meta property=\"og:image:height\" content=\"422\" \/>\n\t<meta property=\"og:image:type\" content=\"image\/png\" \/>\n<meta name=\"author\" content=\"Exaudi Redazione\" \/>\n<meta name=\"twitter:card\" content=\"summary_large_image\" \/>\n<meta name=\"twitter:creator\" content=\"@Exaudi_Notizie\" \/>\n<meta name=\"twitter:site\" content=\"@Exaudi_News\" \/>\n<meta name=\"twitter:label1\" content=\"Scritto da\" \/>\n\t<meta name=\"twitter:data1\" content=\"Exaudi Redazione\" \/>\n\t<meta name=\"twitter:label2\" content=\"Tempo di lettura stimato\" \/>\n\t<meta name=\"twitter:data2\" content=\"4 minuti\" \/>\n<script type=\"application\/ld+json\" class=\"yoast-schema-graph\">{\"@context\":\"https:\\\/\\\/schema.org\",\"@graph\":[{\"@type\":\"Article\",\"@id\":\"https:\\\/\\\/exaudi.org\\\/it\\\/la-festa-per-la-sorella-maggiore-armida-barelli\\\/#article\",\"isPartOf\":{\"@id\":\"https:\\\/\\\/exaudi.org\\\/it\\\/la-festa-per-la-sorella-maggiore-armida-barelli\\\/\"},\"author\":{\"name\":\"Exaudi Redazione\",\"@id\":\"https:\\\/\\\/exaudi.org\\\/#\\\/schema\\\/person\\\/e1ab6ed07c01774724dd96f925f3a5f0\"},\"headline\":\"La festa per la \u201cSorella maggiore\u201d Armida Barelli\",\"datePublished\":\"2023-04-19T17:46:04+00:00\",\"mainEntityOfPage\":{\"@id\":\"https:\\\/\\\/exaudi.org\\\/it\\\/la-festa-per-la-sorella-maggiore-armida-barelli\\\/\"},\"wordCount\":888,\"image\":{\"@id\":\"https:\\\/\\\/exaudi.org\\\/it\\\/la-festa-per-la-sorella-maggiore-armida-barelli\\\/#primaryimage\"},\"thumbnailUrl\":\"https:\\\/\\\/exaudi.org\\\/wp-content\\\/uploads\\\/2023\\\/04\\\/cq5dam.thumbnail.cropped.750.422-1.png\",\"keywords\":[\"Armida Barelli\",\"Azione Cattolica Italiana\",\"Istituto Missionarie della Regalit\u00e0\",\"Universit\u00e0 cattolica\"],\"articleSection\":[\"Leone XIV\"],\"inLanguage\":\"it-IT\"},{\"@type\":\"WebPage\",\"@id\":\"https:\\\/\\\/exaudi.org\\\/it\\\/la-festa-per-la-sorella-maggiore-armida-barelli\\\/\",\"url\":\"https:\\\/\\\/exaudi.org\\\/it\\\/la-festa-per-la-sorella-maggiore-armida-barelli\\\/\",\"name\":\"La festa per la \u201cSorella maggiore\u201d Armida Barelli &#8211; Exaudi\",\"isPartOf\":{\"@id\":\"https:\\\/\\\/exaudi.org\\\/#website\"},\"primaryImageOfPage\":{\"@id\":\"https:\\\/\\\/exaudi.org\\\/it\\\/la-festa-per-la-sorella-maggiore-armida-barelli\\\/#primaryimage\"},\"image\":{\"@id\":\"https:\\\/\\\/exaudi.org\\\/it\\\/la-festa-per-la-sorella-maggiore-armida-barelli\\\/#primaryimage\"},\"thumbnailUrl\":\"https:\\\/\\\/exaudi.org\\\/wp-content\\\/uploads\\\/2023\\\/04\\\/cq5dam.thumbnail.cropped.750.422-1.png\",\"datePublished\":\"2023-04-19T17:46:04+00:00\",\"author\":{\"@id\":\"https:\\\/\\\/exaudi.org\\\/#\\\/schema\\\/person\\\/e1ab6ed07c01774724dd96f925f3a5f0\"},\"breadcrumb\":{\"@id\":\"https:\\\/\\\/exaudi.org\\\/it\\\/la-festa-per-la-sorella-maggiore-armida-barelli\\\/#breadcrumb\"},\"inLanguage\":\"it-IT\",\"potentialAction\":[{\"@type\":\"ReadAction\",\"target\":[\"https:\\\/\\\/exaudi.org\\\/it\\\/la-festa-per-la-sorella-maggiore-armida-barelli\\\/\"]}]},{\"@type\":\"ImageObject\",\"inLanguage\":\"it-IT\",\"@id\":\"https:\\\/\\\/exaudi.org\\\/it\\\/la-festa-per-la-sorella-maggiore-armida-barelli\\\/#primaryimage\",\"url\":\"https:\\\/\\\/exaudi.org\\\/wp-content\\\/uploads\\\/2023\\\/04\\\/cq5dam.thumbnail.cropped.750.422-1.png\",\"contentUrl\":\"https:\\\/\\\/exaudi.org\\\/wp-content\\\/uploads\\\/2023\\\/04\\\/cq5dam.thumbnail.cropped.750.422-1.png\",\"width\":750,\"height\":422,\"caption\":\"Vatican News\"},{\"@type\":\"BreadcrumbList\",\"@id\":\"https:\\\/\\\/exaudi.org\\\/it\\\/la-festa-per-la-sorella-maggiore-armida-barelli\\\/#breadcrumb\",\"itemListElement\":[{\"@type\":\"ListItem\",\"position\":1,\"name\":\"Portada\",\"item\":\"https:\\\/\\\/exaudi.org\\\/it\\\/\"},{\"@type\":\"ListItem\",\"position\":2,\"name\":\"La festa per la \u201cSorella maggiore\u201d Armida Barelli\"}]},{\"@type\":\"WebSite\",\"@id\":\"https:\\\/\\\/exaudi.org\\\/#website\",\"url\":\"https:\\\/\\\/exaudi.org\\\/\",\"name\":\"Exaudi\",\"description\":\"News\",\"potentialAction\":[{\"@type\":\"SearchAction\",\"target\":{\"@type\":\"EntryPoint\",\"urlTemplate\":\"https:\\\/\\\/exaudi.org\\\/?s={search_term_string}\"},\"query-input\":{\"@type\":\"PropertyValueSpecification\",\"valueRequired\":true,\"valueName\":\"search_term_string\"}}],\"inLanguage\":\"it-IT\"},{\"@type\":\"Person\",\"@id\":\"https:\\\/\\\/exaudi.org\\\/#\\\/schema\\\/person\\\/e1ab6ed07c01774724dd96f925f3a5f0\",\"name\":\"Exaudi Redazione\",\"image\":{\"@type\":\"ImageObject\",\"inLanguage\":\"it-IT\",\"@id\":\"https:\\\/\\\/secure.gravatar.com\\\/avatar\\\/ad6774b3ada023bf5b939d64f45c94b3adf91502dd883507d469b4308a943bb3?s=96&d=mm&r=g\",\"url\":\"https:\\\/\\\/secure.gravatar.com\\\/avatar\\\/ad6774b3ada023bf5b939d64f45c94b3adf91502dd883507d469b4308a943bb3?s=96&d=mm&r=g\",\"contentUrl\":\"https:\\\/\\\/secure.gravatar.com\\\/avatar\\\/ad6774b3ada023bf5b939d64f45c94b3adf91502dd883507d469b4308a943bb3?s=96&d=mm&r=g\",\"caption\":\"Exaudi Redazione\"},\"description\":\"Che cosa \u00e8 Exaudi News? Exaudi News \u00e8 un agenzia cattolica internazionale che informa, istruisce e trasforma quotidianamente in spagnolo, inglese e italiano. Attraverso notizie, articoli di analisi e trasmissioni in diretta degli eventi del Papa, Exaudi cerca di rafforzare l'unit\u00e0 dei cristiani e di contribuire all'evangelizzazione del mondo, sempre guidato dalla dottrina sociale della Chiesa. Lavoriamo per portare la verit\u00e0 e i valori cristiani in ogni angolo del pianeta. Aiutaci a trasformare il mondo con Exaudi! Noi di Exaudi crediamo che l'evangelizzazione e l'informazione di qualit\u00e0 possano cambiare la vita. Per continuare la nostra missione ed espandere la nostra portata, abbiamo bisogno del tuo aiuto. Stiamo anche cercando persone motivate che vogliano unirsi al nostro team. Grazie al vostro sostegno raggiungeremo pi\u00f9 persone, diffonderemo il messaggio di Cristo e rafforzeremo l'unit\u00e0 dei cristiani. Vuoi unirti alla nostra missione? Per maggiori informazioni su come contribuire, visita Exaudi.org\\\/it o contattaci direttamente: info@exaudi.org Exaudi: informa, forma e trasforma.\",\"sameAs\":[\"https:\\\/\\\/www.facebook.com\\\/ExaudiNotizie\\\/\",\"https:\\\/\\\/www.instagram.com\\\/Exaudi_notizie\\\/\",\"https:\\\/\\\/x.com\\\/Exaudi_Notizie\",\"https:\\\/\\\/www.youtube.com\\\/@exaudicatholicnews\"],\"url\":\"https:\\\/\\\/exaudi.org\\\/it\\\/author\\\/dlvedi-org\\\/\"}]}<\/script>\n<!-- \/ Yoast SEO plugin. -->","yoast_head_json":{"title":"La festa per la \u201cSorella maggiore\u201d Armida Barelli &#8211; Exaudi","robots":{"index":"index","follow":"follow","max-snippet":"max-snippet:-1","max-image-preview":"max-image-preview:large","max-video-preview":"max-video-preview:-1"},"canonical":"https:\/\/exaudi.org\/it\/la-festa-per-la-sorella-maggiore-armida-barelli\/","og_locale":"it_IT","og_type":"article","og_title":"La festa per la \u201cSorella maggiore\u201d Armida Barelli &#8211; Exaudi","og_description":"Piazza San Pietro: Udienza con il Papa, sabato 22","og_url":"https:\/\/exaudi.org\/it\/la-festa-per-la-sorella-maggiore-armida-barelli\/","og_site_name":"Exaudi","article_publisher":"https:\/\/www.facebook.com\/ExaudiNews","article_author":"https:\/\/www.facebook.com\/ExaudiNotizie\/","article_published_time":"2023-04-19T17:46:04+00:00","og_image":[{"width":750,"height":422,"url":"https:\/\/exaudi.org\/wp-content\/uploads\/2023\/04\/cq5dam.thumbnail.cropped.750.422-1.png","type":"image\/png"}],"author":"Exaudi Redazione","twitter_card":"summary_large_image","twitter_creator":"@Exaudi_Notizie","twitter_site":"@Exaudi_News","twitter_misc":{"Scritto da":"Exaudi Redazione","Tempo di lettura stimato":"4 minuti"},"schema":{"@context":"https:\/\/schema.org","@graph":[{"@type":"Article","@id":"https:\/\/exaudi.org\/it\/la-festa-per-la-sorella-maggiore-armida-barelli\/#article","isPartOf":{"@id":"https:\/\/exaudi.org\/it\/la-festa-per-la-sorella-maggiore-armida-barelli\/"},"author":{"name":"Exaudi Redazione","@id":"https:\/\/exaudi.org\/#\/schema\/person\/e1ab6ed07c01774724dd96f925f3a5f0"},"headline":"La festa per la \u201cSorella maggiore\u201d Armida Barelli","datePublished":"2023-04-19T17:46:04+00:00","mainEntityOfPage":{"@id":"https:\/\/exaudi.org\/it\/la-festa-per-la-sorella-maggiore-armida-barelli\/"},"wordCount":888,"image":{"@id":"https:\/\/exaudi.org\/it\/la-festa-per-la-sorella-maggiore-armida-barelli\/#primaryimage"},"thumbnailUrl":"https:\/\/exaudi.org\/wp-content\/uploads\/2023\/04\/cq5dam.thumbnail.cropped.750.422-1.png","keywords":["Armida Barelli","Azione Cattolica Italiana","Istituto Missionarie della Regalit\u00e0","Universit\u00e0 cattolica"],"articleSection":["Leone XIV"],"inLanguage":"it-IT"},{"@type":"WebPage","@id":"https:\/\/exaudi.org\/it\/la-festa-per-la-sorella-maggiore-armida-barelli\/","url":"https:\/\/exaudi.org\/it\/la-festa-per-la-sorella-maggiore-armida-barelli\/","name":"La festa per la \u201cSorella maggiore\u201d Armida Barelli &#8211; Exaudi","isPartOf":{"@id":"https:\/\/exaudi.org\/#website"},"primaryImageOfPage":{"@id":"https:\/\/exaudi.org\/it\/la-festa-per-la-sorella-maggiore-armida-barelli\/#primaryimage"},"image":{"@id":"https:\/\/exaudi.org\/it\/la-festa-per-la-sorella-maggiore-armida-barelli\/#primaryimage"},"thumbnailUrl":"https:\/\/exaudi.org\/wp-content\/uploads\/2023\/04\/cq5dam.thumbnail.cropped.750.422-1.png","datePublished":"2023-04-19T17:46:04+00:00","author":{"@id":"https:\/\/exaudi.org\/#\/schema\/person\/e1ab6ed07c01774724dd96f925f3a5f0"},"breadcrumb":{"@id":"https:\/\/exaudi.org\/it\/la-festa-per-la-sorella-maggiore-armida-barelli\/#breadcrumb"},"inLanguage":"it-IT","potentialAction":[{"@type":"ReadAction","target":["https:\/\/exaudi.org\/it\/la-festa-per-la-sorella-maggiore-armida-barelli\/"]}]},{"@type":"ImageObject","inLanguage":"it-IT","@id":"https:\/\/exaudi.org\/it\/la-festa-per-la-sorella-maggiore-armida-barelli\/#primaryimage","url":"https:\/\/exaudi.org\/wp-content\/uploads\/2023\/04\/cq5dam.thumbnail.cropped.750.422-1.png","contentUrl":"https:\/\/exaudi.org\/wp-content\/uploads\/2023\/04\/cq5dam.thumbnail.cropped.750.422-1.png","width":750,"height":422,"caption":"Vatican News"},{"@type":"BreadcrumbList","@id":"https:\/\/exaudi.org\/it\/la-festa-per-la-sorella-maggiore-armida-barelli\/#breadcrumb","itemListElement":[{"@type":"ListItem","position":1,"name":"Portada","item":"https:\/\/exaudi.org\/it\/"},{"@type":"ListItem","position":2,"name":"La festa per la \u201cSorella maggiore\u201d Armida Barelli"}]},{"@type":"WebSite","@id":"https:\/\/exaudi.org\/#website","url":"https:\/\/exaudi.org\/","name":"Exaudi","description":"News","potentialAction":[{"@type":"SearchAction","target":{"@type":"EntryPoint","urlTemplate":"https:\/\/exaudi.org\/?s={search_term_string}"},"query-input":{"@type":"PropertyValueSpecification","valueRequired":true,"valueName":"search_term_string"}}],"inLanguage":"it-IT"},{"@type":"Person","@id":"https:\/\/exaudi.org\/#\/schema\/person\/e1ab6ed07c01774724dd96f925f3a5f0","name":"Exaudi Redazione","image":{"@type":"ImageObject","inLanguage":"it-IT","@id":"https:\/\/secure.gravatar.com\/avatar\/ad6774b3ada023bf5b939d64f45c94b3adf91502dd883507d469b4308a943bb3?s=96&d=mm&r=g","url":"https:\/\/secure.gravatar.com\/avatar\/ad6774b3ada023bf5b939d64f45c94b3adf91502dd883507d469b4308a943bb3?s=96&d=mm&r=g","contentUrl":"https:\/\/secure.gravatar.com\/avatar\/ad6774b3ada023bf5b939d64f45c94b3adf91502dd883507d469b4308a943bb3?s=96&d=mm&r=g","caption":"Exaudi Redazione"},"description":"Che cosa \u00e8 Exaudi News? Exaudi News \u00e8 un agenzia cattolica internazionale che informa, istruisce e trasforma quotidianamente in spagnolo, inglese e italiano. Attraverso notizie, articoli di analisi e trasmissioni in diretta degli eventi del Papa, Exaudi cerca di rafforzare l'unit\u00e0 dei cristiani e di contribuire all'evangelizzazione del mondo, sempre guidato dalla dottrina sociale della Chiesa. Lavoriamo per portare la verit\u00e0 e i valori cristiani in ogni angolo del pianeta. Aiutaci a trasformare il mondo con Exaudi! Noi di Exaudi crediamo che l'evangelizzazione e l'informazione di qualit\u00e0 possano cambiare la vita. Per continuare la nostra missione ed espandere la nostra portata, abbiamo bisogno del tuo aiuto. Stiamo anche cercando persone motivate che vogliano unirsi al nostro team. Grazie al vostro sostegno raggiungeremo pi\u00f9 persone, diffonderemo il messaggio di Cristo e rafforzeremo l'unit\u00e0 dei cristiani. Vuoi unirti alla nostra missione? Per maggiori informazioni su come contribuire, visita Exaudi.org\/it o contattaci direttamente: info@exaudi.org Exaudi: informa, forma e trasforma.","sameAs":["https:\/\/www.facebook.com\/ExaudiNotizie\/","https:\/\/www.instagram.com\/Exaudi_notizie\/","https:\/\/x.com\/Exaudi_Notizie","https:\/\/www.youtube.com\/@exaudicatholicnews"],"url":"https:\/\/exaudi.org\/it\/author\/dlvedi-org\/"}]}},"jetpack_featured_media_url":"https:\/\/exaudi.org\/wp-content\/uploads\/2023\/04\/cq5dam.thumbnail.cropped.750.422-1.png","jetpack_shortlink":"https:\/\/wp.me\/pgKjF2-jmu","_links":{"self":[{"href":"https:\/\/exaudi.org\/it\/wp-json\/wp\/v2\/posts\/74430","targetHints":{"allow":["GET"]}}],"collection":[{"href":"https:\/\/exaudi.org\/it\/wp-json\/wp\/v2\/posts"}],"about":[{"href":"https:\/\/exaudi.org\/it\/wp-json\/wp\/v2\/types\/post"}],"author":[{"embeddable":true,"href":"https:\/\/exaudi.org\/it\/wp-json\/wp\/v2\/users\/17"}],"replies":[{"embeddable":true,"href":"https:\/\/exaudi.org\/it\/wp-json\/wp\/v2\/comments?post=74430"}],"version-history":[{"count":0,"href":"https:\/\/exaudi.org\/it\/wp-json\/wp\/v2\/posts\/74430\/revisions"}],"wp:featuredmedia":[{"embeddable":true,"href":"https:\/\/exaudi.org\/it\/wp-json\/wp\/v2\/media\/74431"}],"wp:attachment":[{"href":"https:\/\/exaudi.org\/it\/wp-json\/wp\/v2\/media?parent=74430"}],"wp:term":[{"taxonomy":"category","embeddable":true,"href":"https:\/\/exaudi.org\/it\/wp-json\/wp\/v2\/categories?post=74430"},{"taxonomy":"post_tag","embeddable":true,"href":"https:\/\/exaudi.org\/it\/wp-json\/wp\/v2\/tags?post=74430"}],"curies":[{"name":"wp","href":"https:\/\/api.w.org\/{rel}","templated":true}]}}