{"id":74163,"date":"2023-04-16T17:32:58","date_gmt":"2023-04-16T15:32:58","guid":{"rendered":"https:\/\/exaudi.org\/?p=74163"},"modified":"2023-04-17T09:28:03","modified_gmt":"2023-04-17T07:28:03","slug":"le-ferite-delle-sue-mani-e-dei-suoi-piedi-sono-prove-del-suo-amore","status":"publish","type":"post","link":"https:\/\/exaudi.org\/it\/le-ferite-delle-sue-mani-e-dei-suoi-piedi-sono-prove-del-suo-amore\/","title":{"rendered":"&#8220;Le ferite delle sue mani e dei suoi piedi sono prove del suo amore&#8221;"},"content":{"rendered":"<audio class=\"wp-audio-shortcode\" id=\"audio-74163-1\" preload=\"none\" style=\"width: 100%;\" controls=\"controls\"><source type=\"audio\/mpeg\" src=\"https:\/\/exaudi.org\/wp-content\/uploads\/2023\/04\/Le-ferite-delle-sue-mani-e-dei-suoi-piedi-sono.mp3?_=1\" \/><a href=\"https:\/\/exaudi.org\/wp-content\/uploads\/2023\/04\/Le-ferite-delle-sue-mani-e-dei-suoi-piedi-sono.mp3\">https:\/\/exaudi.org\/wp-content\/uploads\/2023\/04\/Le-ferite-delle-sue-mani-e-dei-suoi-piedi-sono.mp3<\/a><\/audio>\n<p>Alle ore 12 di oggi, II Domenica di Pasqua o della Divina Misericordia, il Santo Padre Francesco si \u00e8 affacciato alla finestra dello studio nel Palazzo Apostolico Vaticano per recitare il\u00a0<i>Regina Caeli<\/i>\u00a0con i fedeli ed i pellegrini riuniti in Piazza San Pietro.<\/p>\n<p>Queste le parole del Papa nell\u2019introdurre la preghiera mariana:<\/p>\n<p><a name=\"pr\"><\/a><b><u>Prima del\u00a0<i>Regina Caeli<\/i><\/u><\/b><\/p>\n<p>Cari fratelli e sorelle, buongiorno!<\/p>\n<p>Oggi, Domenica della Divina Misericordia, il Vangelo ci racconta due apparizioni di Ges\u00f9 risorto ai discepoli e in particolare a Tommaso, l\u2019\u201cApostolo incredulo\u201d (cfr\u00a0<i>Gv<\/i>\u00a020,24-29).<\/p>\n<p>Tommaso, in realt\u00e0, non \u00e8 l\u2019unico che fa fatica a credere, anzi rappresenta un po\u2019 tutti noi. Infatti non \u00e8 sempre facile credere, specialmente quando, come nel suo caso, si ha patito una grande delusione. Dopo una grande delusione \u00e8 difficile credere. Ha seguito Ges\u00f9 per anni, correndo rischi e sopportando disagi, ma il Maestro \u00e8 stato messo in croce come un delinquente e nessuno lo ha liberato, nessuno ha fatto niente! \u00c8 morto e tutti hanno paura. Come fidarsi ancora? Come fidarsi della notizia che dice che \u00e8 vivo? Il dubbio era dentro di lui.<\/p>\n<p>Tommaso, per\u00f2, dimostra di avere del coraggio: mentre gli altri sono chiusi nel cenacolo per la paura, lui esce, col rischio che qualcuno possa riconoscerlo, denunciarlo e arrestarlo. Potremmo perfino pensare che, col suo coraggio, meriterebbe pi\u00f9 degli altri di incontrare il Signore risorto. Invece, proprio per essersi allontanato, quando Ges\u00f9 appare la prima volta ai discepoli la sera di Pasqua, Tommaso non c\u2019\u00e8 e perde l\u2019occasione. Si era allontanato dalla comunit\u00e0. Come potr\u00e0 recuperarla? Solo tornando con gli altri, tornando l\u00ec, in quella famiglia che ha lasciato spaventata e triste. Quando lo fa, quando torna, gli dicono che Ges\u00f9 \u00e8 venuto, ma lui fatica a credere; vorrebbe vedere le sue piaghe. E Ges\u00f9 lo accontenta: otto giorni dopo, appare di nuovo in mezzo ai suoi discepoli e gli mostra le sue piaghe, le mani, i piedi, quelle piaghe che sono le prove del suo amore, che sono i canali sempre aperti della sua misericordia.<\/p>\n<p>Riflettiamo su questi fatti. Per credere, Tommaso vorrebbe un segno straordinario: toccare le piaghe. Ges\u00f9 gliele mostra, ma\u00a0<i>in modo ordinario<\/i>, venendo davanti a tutti, nella comunit\u00e0, non fuori. Come a dirgli: se tu vuoi incontrarmi non cercare lontano, resta nella comunit\u00e0, con gli altri; e non andare via, prega con loro, spezza con loro il pane. E lo dice a noi pure. \u00c8 l\u00ec che potrai trovarmi, \u00e8 l\u00ec che ti mostrer\u00f2, impressi nel mio corpo, i segni delle piaghe: i segni dell\u2019Amore che vince l\u2019odio, del Perdono che disarma la vendetta, i segni della Vita che sconfigge la morte. \u00c8 l\u00ec, nella comunit\u00e0, che scoprirai il mio volto, mentre con i fratelli condividi momenti di dubbio e di paura, stringendoti ancora pi\u00f9 fortemente a loro. Senza la comunit\u00e0 \u00e8 difficile trovare Ges\u00f9.<\/p>\n<p>Cari fratelli e sorelle, l\u2019invito fatto a Tommaso \u00e8 valido anche per noi. Noi, dove cerchiamo il Risorto? In qualche evento speciale, in qualche manifestazione religiosa spettacolare o eclatante, unicamente nelle nostre emozioni e sensazioni? Oppure nella comunit\u00e0, nella Chiesa, accettando la sfida di restarci, anche se non \u00e8 perfetta? Nonostante tutti i suoi limiti e le sue cadute, che sono i nostri limiti e le nostre cadute, la nostra Madre Chiesa \u00e8 il Corpo di Cristo; ed \u00e8 l\u00ec, nel Corpo di Cristo, che si trovano impressi, ancora e per sempre, i segni pi\u00f9 grandi del suo amore. Chiediamoci per\u00f2 se, in nome di questo amore, in nome delle piaghe di Ges\u00f9, siamo disposti ad aprire le braccia a chi \u00e8 ferito dalla vita, senza escludere nessuno dalla misericordia di Dio, ma accogliendo tutti; ciascuno come un fratello, come una sorella. Dio accoglie tutti, Dio accoglie tutti.<\/p>\n<p>Maria,\u00a0<i>Madre di Misericordia,\u00a0<\/i>ci aiuti ad amare la Chiesa e a farne una casa accogliente per tutti.<\/p>\n<p><iframe loading=\"lazy\" title=\"April 16 2023 Regina Caeli prayer Pope Francis\" width=\"500\" height=\"281\" src=\"https:\/\/www.youtube.com\/embed\/7gk8xiH-RtY?feature=oembed\" frameborder=\"0\" allow=\"accelerometer; autoplay; clipboard-write; encrypted-media; gyroscope; picture-in-picture; web-share\" referrerpolicy=\"strict-origin-when-cross-origin\" allowfullscreen><\/iframe><\/p>\n","protected":false},"excerpt":{"rendered":"<p>Le parole del Papa alla recita del \u201cRegina Caeli\u201d<\/p>\n","protected":false},"author":17,"featured_media":74147,"comment_status":"closed","ping_status":"closed","sticky":false,"template":"","format":"standard","meta":{"_acf_changed":false,"_crdt_document":"","inline_featured_image":false,"footnotes":""},"categories":[67,1386],"tags":[2487,251],"class_list":["post-74163","post","type-post","status-publish","format-standard","has-post-thumbnail","hentry","category-leone-xiv","category-regina-coeli-it","tag-featured-3","tag-papa-francesco"],"acf":[],"yoast_head":"<!-- This site is optimized with the Yoast SEO plugin v27.5 - https:\/\/yoast.com\/product\/yoast-seo-wordpress\/ -->\n<title>&quot;Le ferite delle sue mani e dei suoi piedi sono prove del suo amore&quot; &#8211; Exaudi<\/title>\n<meta name=\"robots\" content=\"index, follow, max-snippet:-1, max-image-preview:large, max-video-preview:-1\" \/>\n<link rel=\"canonical\" href=\"https:\/\/exaudi.org\/it\/le-ferite-delle-sue-mani-e-dei-suoi-piedi-sono-prove-del-suo-amore\/\" \/>\n<meta property=\"og:locale\" content=\"it_IT\" \/>\n<meta property=\"og:type\" content=\"article\" \/>\n<meta property=\"og:title\" content=\"&quot;Le ferite delle sue mani e dei suoi piedi sono prove del suo amore&quot; &#8211; Exaudi\" \/>\n<meta property=\"og:description\" content=\"Le parole del Papa alla recita del \u201cRegina Caeli\u201d\" \/>\n<meta property=\"og:url\" content=\"https:\/\/exaudi.org\/it\/le-ferite-delle-sue-mani-e-dei-suoi-piedi-sono-prove-del-suo-amore\/\" \/>\n<meta property=\"og:site_name\" content=\"Exaudi\" \/>\n<meta property=\"article:publisher\" content=\"https:\/\/www.facebook.com\/ExaudiNews\" \/>\n<meta property=\"article:author\" content=\"https:\/\/www.facebook.com\/ExaudiNotizie\/\" \/>\n<meta property=\"article:published_time\" content=\"2023-04-16T15:32:58+00:00\" \/>\n<meta property=\"article:modified_time\" content=\"2023-04-17T07:28:03+00:00\" \/>\n<meta property=\"og:image\" content=\"https:\/\/exaudi.org\/wp-content\/uploads\/2023\/04\/Regina-Coeli-16-abril-2023.jpeg\" \/>\n\t<meta property=\"og:image:width\" content=\"800\" \/>\n\t<meta property=\"og:image:height\" content=\"533\" \/>\n\t<meta property=\"og:image:type\" content=\"image\/jpeg\" \/>\n<meta name=\"author\" content=\"Exaudi Redazione\" \/>\n<meta name=\"twitter:card\" content=\"summary_large_image\" \/>\n<meta name=\"twitter:creator\" content=\"@Exaudi_Notizie\" \/>\n<meta name=\"twitter:site\" content=\"@Exaudi_News\" \/>\n<meta name=\"twitter:label1\" content=\"Scritto da\" \/>\n\t<meta name=\"twitter:data1\" content=\"Exaudi Redazione\" \/>\n\t<meta name=\"twitter:label2\" content=\"Tempo di lettura stimato\" \/>\n\t<meta name=\"twitter:data2\" content=\"3 minuti\" \/>\n<script type=\"application\/ld+json\" class=\"yoast-schema-graph\">{\"@context\":\"https:\\\/\\\/schema.org\",\"@graph\":[{\"@type\":\"Article\",\"@id\":\"https:\\\/\\\/exaudi.org\\\/it\\\/le-ferite-delle-sue-mani-e-dei-suoi-piedi-sono-prove-del-suo-amore\\\/#article\",\"isPartOf\":{\"@id\":\"https:\\\/\\\/exaudi.org\\\/it\\\/le-ferite-delle-sue-mani-e-dei-suoi-piedi-sono-prove-del-suo-amore\\\/\"},\"author\":{\"name\":\"Exaudi Redazione\",\"@id\":\"https:\\\/\\\/exaudi.org\\\/#\\\/schema\\\/person\\\/e1ab6ed07c01774724dd96f925f3a5f0\"},\"headline\":\"&#8220;Le ferite delle sue mani e dei suoi piedi sono prove del suo amore&#8221;\",\"datePublished\":\"2023-04-16T15:32:58+00:00\",\"dateModified\":\"2023-04-17T07:28:03+00:00\",\"mainEntityOfPage\":{\"@id\":\"https:\\\/\\\/exaudi.org\\\/it\\\/le-ferite-delle-sue-mani-e-dei-suoi-piedi-sono-prove-del-suo-amore\\\/\"},\"wordCount\":659,\"image\":{\"@id\":\"https:\\\/\\\/exaudi.org\\\/it\\\/le-ferite-delle-sue-mani-e-dei-suoi-piedi-sono-prove-del-suo-amore\\\/#primaryimage\"},\"thumbnailUrl\":\"https:\\\/\\\/exaudi.org\\\/wp-content\\\/uploads\\\/2023\\\/04\\\/Regina-Coeli-16-abril-2023.jpeg\",\"keywords\":[\"Featured\",\"Papa Francesco\"],\"articleSection\":[\"Leone XIV\",\"Regina Coeli\"],\"inLanguage\":\"it-IT\"},{\"@type\":\"WebPage\",\"@id\":\"https:\\\/\\\/exaudi.org\\\/it\\\/le-ferite-delle-sue-mani-e-dei-suoi-piedi-sono-prove-del-suo-amore\\\/\",\"url\":\"https:\\\/\\\/exaudi.org\\\/it\\\/le-ferite-delle-sue-mani-e-dei-suoi-piedi-sono-prove-del-suo-amore\\\/\",\"name\":\"\\\"Le ferite delle sue mani e dei suoi piedi sono prove del suo amore\\\" &#8211; Exaudi\",\"isPartOf\":{\"@id\":\"https:\\\/\\\/exaudi.org\\\/#website\"},\"primaryImageOfPage\":{\"@id\":\"https:\\\/\\\/exaudi.org\\\/it\\\/le-ferite-delle-sue-mani-e-dei-suoi-piedi-sono-prove-del-suo-amore\\\/#primaryimage\"},\"image\":{\"@id\":\"https:\\\/\\\/exaudi.org\\\/it\\\/le-ferite-delle-sue-mani-e-dei-suoi-piedi-sono-prove-del-suo-amore\\\/#primaryimage\"},\"thumbnailUrl\":\"https:\\\/\\\/exaudi.org\\\/wp-content\\\/uploads\\\/2023\\\/04\\\/Regina-Coeli-16-abril-2023.jpeg\",\"datePublished\":\"2023-04-16T15:32:58+00:00\",\"dateModified\":\"2023-04-17T07:28:03+00:00\",\"author\":{\"@id\":\"https:\\\/\\\/exaudi.org\\\/#\\\/schema\\\/person\\\/e1ab6ed07c01774724dd96f925f3a5f0\"},\"breadcrumb\":{\"@id\":\"https:\\\/\\\/exaudi.org\\\/it\\\/le-ferite-delle-sue-mani-e-dei-suoi-piedi-sono-prove-del-suo-amore\\\/#breadcrumb\"},\"inLanguage\":\"it-IT\",\"potentialAction\":[{\"@type\":\"ReadAction\",\"target\":[\"https:\\\/\\\/exaudi.org\\\/it\\\/le-ferite-delle-sue-mani-e-dei-suoi-piedi-sono-prove-del-suo-amore\\\/\"]}]},{\"@type\":\"ImageObject\",\"inLanguage\":\"it-IT\",\"@id\":\"https:\\\/\\\/exaudi.org\\\/it\\\/le-ferite-delle-sue-mani-e-dei-suoi-piedi-sono-prove-del-suo-amore\\\/#primaryimage\",\"url\":\"https:\\\/\\\/exaudi.org\\\/wp-content\\\/uploads\\\/2023\\\/04\\\/Regina-Coeli-16-abril-2023.jpeg\",\"contentUrl\":\"https:\\\/\\\/exaudi.org\\\/wp-content\\\/uploads\\\/2023\\\/04\\\/Regina-Coeli-16-abril-2023.jpeg\",\"width\":800,\"height\":533,\"caption\":\"\u00a9 Vatican Media\"},{\"@type\":\"BreadcrumbList\",\"@id\":\"https:\\\/\\\/exaudi.org\\\/it\\\/le-ferite-delle-sue-mani-e-dei-suoi-piedi-sono-prove-del-suo-amore\\\/#breadcrumb\",\"itemListElement\":[{\"@type\":\"ListItem\",\"position\":1,\"name\":\"Portada\",\"item\":\"https:\\\/\\\/exaudi.org\\\/it\\\/\"},{\"@type\":\"ListItem\",\"position\":2,\"name\":\"&#8220;Le ferite delle sue mani e dei suoi piedi sono prove del suo amore&#8221;\"}]},{\"@type\":\"WebSite\",\"@id\":\"https:\\\/\\\/exaudi.org\\\/#website\",\"url\":\"https:\\\/\\\/exaudi.org\\\/\",\"name\":\"Exaudi\",\"description\":\"News\",\"potentialAction\":[{\"@type\":\"SearchAction\",\"target\":{\"@type\":\"EntryPoint\",\"urlTemplate\":\"https:\\\/\\\/exaudi.org\\\/?s={search_term_string}\"},\"query-input\":{\"@type\":\"PropertyValueSpecification\",\"valueRequired\":true,\"valueName\":\"search_term_string\"}}],\"inLanguage\":\"it-IT\"},{\"@type\":\"Person\",\"@id\":\"https:\\\/\\\/exaudi.org\\\/#\\\/schema\\\/person\\\/e1ab6ed07c01774724dd96f925f3a5f0\",\"name\":\"Exaudi Redazione\",\"image\":{\"@type\":\"ImageObject\",\"inLanguage\":\"it-IT\",\"@id\":\"https:\\\/\\\/secure.gravatar.com\\\/avatar\\\/ad6774b3ada023bf5b939d64f45c94b3adf91502dd883507d469b4308a943bb3?s=96&d=mm&r=g\",\"url\":\"https:\\\/\\\/secure.gravatar.com\\\/avatar\\\/ad6774b3ada023bf5b939d64f45c94b3adf91502dd883507d469b4308a943bb3?s=96&d=mm&r=g\",\"contentUrl\":\"https:\\\/\\\/secure.gravatar.com\\\/avatar\\\/ad6774b3ada023bf5b939d64f45c94b3adf91502dd883507d469b4308a943bb3?s=96&d=mm&r=g\",\"caption\":\"Exaudi Redazione\"},\"description\":\"Che cosa \u00e8 Exaudi News? Exaudi News \u00e8 un agenzia cattolica internazionale che informa, istruisce e trasforma quotidianamente in spagnolo, inglese e italiano. Attraverso notizie, articoli di analisi e trasmissioni in diretta degli eventi del Papa, Exaudi cerca di rafforzare l'unit\u00e0 dei cristiani e di contribuire all'evangelizzazione del mondo, sempre guidato dalla dottrina sociale della Chiesa. Lavoriamo per portare la verit\u00e0 e i valori cristiani in ogni angolo del pianeta. Aiutaci a trasformare il mondo con Exaudi! Noi di Exaudi crediamo che l'evangelizzazione e l'informazione di qualit\u00e0 possano cambiare la vita. Per continuare la nostra missione ed espandere la nostra portata, abbiamo bisogno del tuo aiuto. Stiamo anche cercando persone motivate che vogliano unirsi al nostro team. Grazie al vostro sostegno raggiungeremo pi\u00f9 persone, diffonderemo il messaggio di Cristo e rafforzeremo l'unit\u00e0 dei cristiani. Vuoi unirti alla nostra missione? Per maggiori informazioni su come contribuire, visita Exaudi.org\\\/it o contattaci direttamente: info@exaudi.org Exaudi: informa, forma e trasforma.\",\"sameAs\":[\"https:\\\/\\\/www.facebook.com\\\/ExaudiNotizie\\\/\",\"https:\\\/\\\/www.instagram.com\\\/Exaudi_notizie\\\/\",\"https:\\\/\\\/x.com\\\/Exaudi_Notizie\",\"https:\\\/\\\/www.youtube.com\\\/@exaudicatholicnews\"],\"url\":\"https:\\\/\\\/exaudi.org\\\/it\\\/author\\\/dlvedi-org\\\/\"}]}<\/script>\n<!-- \/ Yoast SEO plugin. -->","yoast_head_json":{"title":"\"Le ferite delle sue mani e dei suoi piedi sono prove del suo amore\" &#8211; Exaudi","robots":{"index":"index","follow":"follow","max-snippet":"max-snippet:-1","max-image-preview":"max-image-preview:large","max-video-preview":"max-video-preview:-1"},"canonical":"https:\/\/exaudi.org\/it\/le-ferite-delle-sue-mani-e-dei-suoi-piedi-sono-prove-del-suo-amore\/","og_locale":"it_IT","og_type":"article","og_title":"\"Le ferite delle sue mani e dei suoi piedi sono prove del suo amore\" &#8211; Exaudi","og_description":"Le parole del Papa alla recita del \u201cRegina Caeli\u201d","og_url":"https:\/\/exaudi.org\/it\/le-ferite-delle-sue-mani-e-dei-suoi-piedi-sono-prove-del-suo-amore\/","og_site_name":"Exaudi","article_publisher":"https:\/\/www.facebook.com\/ExaudiNews","article_author":"https:\/\/www.facebook.com\/ExaudiNotizie\/","article_published_time":"2023-04-16T15:32:58+00:00","article_modified_time":"2023-04-17T07:28:03+00:00","og_image":[{"width":800,"height":533,"url":"https:\/\/exaudi.org\/wp-content\/uploads\/2023\/04\/Regina-Coeli-16-abril-2023.jpeg","type":"image\/jpeg"}],"author":"Exaudi Redazione","twitter_card":"summary_large_image","twitter_creator":"@Exaudi_Notizie","twitter_site":"@Exaudi_News","twitter_misc":{"Scritto da":"Exaudi Redazione","Tempo di lettura stimato":"3 minuti"},"schema":{"@context":"https:\/\/schema.org","@graph":[{"@type":"Article","@id":"https:\/\/exaudi.org\/it\/le-ferite-delle-sue-mani-e-dei-suoi-piedi-sono-prove-del-suo-amore\/#article","isPartOf":{"@id":"https:\/\/exaudi.org\/it\/le-ferite-delle-sue-mani-e-dei-suoi-piedi-sono-prove-del-suo-amore\/"},"author":{"name":"Exaudi Redazione","@id":"https:\/\/exaudi.org\/#\/schema\/person\/e1ab6ed07c01774724dd96f925f3a5f0"},"headline":"&#8220;Le ferite delle sue mani e dei suoi piedi sono prove del suo amore&#8221;","datePublished":"2023-04-16T15:32:58+00:00","dateModified":"2023-04-17T07:28:03+00:00","mainEntityOfPage":{"@id":"https:\/\/exaudi.org\/it\/le-ferite-delle-sue-mani-e-dei-suoi-piedi-sono-prove-del-suo-amore\/"},"wordCount":659,"image":{"@id":"https:\/\/exaudi.org\/it\/le-ferite-delle-sue-mani-e-dei-suoi-piedi-sono-prove-del-suo-amore\/#primaryimage"},"thumbnailUrl":"https:\/\/exaudi.org\/wp-content\/uploads\/2023\/04\/Regina-Coeli-16-abril-2023.jpeg","keywords":["Featured","Papa Francesco"],"articleSection":["Leone XIV","Regina Coeli"],"inLanguage":"it-IT"},{"@type":"WebPage","@id":"https:\/\/exaudi.org\/it\/le-ferite-delle-sue-mani-e-dei-suoi-piedi-sono-prove-del-suo-amore\/","url":"https:\/\/exaudi.org\/it\/le-ferite-delle-sue-mani-e-dei-suoi-piedi-sono-prove-del-suo-amore\/","name":"\"Le ferite delle sue mani e dei suoi piedi sono prove del suo amore\" &#8211; Exaudi","isPartOf":{"@id":"https:\/\/exaudi.org\/#website"},"primaryImageOfPage":{"@id":"https:\/\/exaudi.org\/it\/le-ferite-delle-sue-mani-e-dei-suoi-piedi-sono-prove-del-suo-amore\/#primaryimage"},"image":{"@id":"https:\/\/exaudi.org\/it\/le-ferite-delle-sue-mani-e-dei-suoi-piedi-sono-prove-del-suo-amore\/#primaryimage"},"thumbnailUrl":"https:\/\/exaudi.org\/wp-content\/uploads\/2023\/04\/Regina-Coeli-16-abril-2023.jpeg","datePublished":"2023-04-16T15:32:58+00:00","dateModified":"2023-04-17T07:28:03+00:00","author":{"@id":"https:\/\/exaudi.org\/#\/schema\/person\/e1ab6ed07c01774724dd96f925f3a5f0"},"breadcrumb":{"@id":"https:\/\/exaudi.org\/it\/le-ferite-delle-sue-mani-e-dei-suoi-piedi-sono-prove-del-suo-amore\/#breadcrumb"},"inLanguage":"it-IT","potentialAction":[{"@type":"ReadAction","target":["https:\/\/exaudi.org\/it\/le-ferite-delle-sue-mani-e-dei-suoi-piedi-sono-prove-del-suo-amore\/"]}]},{"@type":"ImageObject","inLanguage":"it-IT","@id":"https:\/\/exaudi.org\/it\/le-ferite-delle-sue-mani-e-dei-suoi-piedi-sono-prove-del-suo-amore\/#primaryimage","url":"https:\/\/exaudi.org\/wp-content\/uploads\/2023\/04\/Regina-Coeli-16-abril-2023.jpeg","contentUrl":"https:\/\/exaudi.org\/wp-content\/uploads\/2023\/04\/Regina-Coeli-16-abril-2023.jpeg","width":800,"height":533,"caption":"\u00a9 Vatican Media"},{"@type":"BreadcrumbList","@id":"https:\/\/exaudi.org\/it\/le-ferite-delle-sue-mani-e-dei-suoi-piedi-sono-prove-del-suo-amore\/#breadcrumb","itemListElement":[{"@type":"ListItem","position":1,"name":"Portada","item":"https:\/\/exaudi.org\/it\/"},{"@type":"ListItem","position":2,"name":"&#8220;Le ferite delle sue mani e dei suoi piedi sono prove del suo amore&#8221;"}]},{"@type":"WebSite","@id":"https:\/\/exaudi.org\/#website","url":"https:\/\/exaudi.org\/","name":"Exaudi","description":"News","potentialAction":[{"@type":"SearchAction","target":{"@type":"EntryPoint","urlTemplate":"https:\/\/exaudi.org\/?s={search_term_string}"},"query-input":{"@type":"PropertyValueSpecification","valueRequired":true,"valueName":"search_term_string"}}],"inLanguage":"it-IT"},{"@type":"Person","@id":"https:\/\/exaudi.org\/#\/schema\/person\/e1ab6ed07c01774724dd96f925f3a5f0","name":"Exaudi Redazione","image":{"@type":"ImageObject","inLanguage":"it-IT","@id":"https:\/\/secure.gravatar.com\/avatar\/ad6774b3ada023bf5b939d64f45c94b3adf91502dd883507d469b4308a943bb3?s=96&d=mm&r=g","url":"https:\/\/secure.gravatar.com\/avatar\/ad6774b3ada023bf5b939d64f45c94b3adf91502dd883507d469b4308a943bb3?s=96&d=mm&r=g","contentUrl":"https:\/\/secure.gravatar.com\/avatar\/ad6774b3ada023bf5b939d64f45c94b3adf91502dd883507d469b4308a943bb3?s=96&d=mm&r=g","caption":"Exaudi Redazione"},"description":"Che cosa \u00e8 Exaudi News? Exaudi News \u00e8 un agenzia cattolica internazionale che informa, istruisce e trasforma quotidianamente in spagnolo, inglese e italiano. Attraverso notizie, articoli di analisi e trasmissioni in diretta degli eventi del Papa, Exaudi cerca di rafforzare l'unit\u00e0 dei cristiani e di contribuire all'evangelizzazione del mondo, sempre guidato dalla dottrina sociale della Chiesa. Lavoriamo per portare la verit\u00e0 e i valori cristiani in ogni angolo del pianeta. Aiutaci a trasformare il mondo con Exaudi! Noi di Exaudi crediamo che l'evangelizzazione e l'informazione di qualit\u00e0 possano cambiare la vita. Per continuare la nostra missione ed espandere la nostra portata, abbiamo bisogno del tuo aiuto. Stiamo anche cercando persone motivate che vogliano unirsi al nostro team. Grazie al vostro sostegno raggiungeremo pi\u00f9 persone, diffonderemo il messaggio di Cristo e rafforzeremo l'unit\u00e0 dei cristiani. Vuoi unirti alla nostra missione? Per maggiori informazioni su come contribuire, visita Exaudi.org\/it o contattaci direttamente: info@exaudi.org Exaudi: informa, forma e trasforma.","sameAs":["https:\/\/www.facebook.com\/ExaudiNotizie\/","https:\/\/www.instagram.com\/Exaudi_notizie\/","https:\/\/x.com\/Exaudi_Notizie","https:\/\/www.youtube.com\/@exaudicatholicnews"],"url":"https:\/\/exaudi.org\/it\/author\/dlvedi-org\/"}]}},"jetpack_featured_media_url":"https:\/\/exaudi.org\/wp-content\/uploads\/2023\/04\/Regina-Coeli-16-abril-2023.jpeg","jetpack_shortlink":"https:\/\/wp.me\/pgKjF2-jib","_links":{"self":[{"href":"https:\/\/exaudi.org\/it\/wp-json\/wp\/v2\/posts\/74163","targetHints":{"allow":["GET"]}}],"collection":[{"href":"https:\/\/exaudi.org\/it\/wp-json\/wp\/v2\/posts"}],"about":[{"href":"https:\/\/exaudi.org\/it\/wp-json\/wp\/v2\/types\/post"}],"author":[{"embeddable":true,"href":"https:\/\/exaudi.org\/it\/wp-json\/wp\/v2\/users\/17"}],"replies":[{"embeddable":true,"href":"https:\/\/exaudi.org\/it\/wp-json\/wp\/v2\/comments?post=74163"}],"version-history":[{"count":0,"href":"https:\/\/exaudi.org\/it\/wp-json\/wp\/v2\/posts\/74163\/revisions"}],"wp:featuredmedia":[{"embeddable":true,"href":"https:\/\/exaudi.org\/it\/wp-json\/wp\/v2\/media\/74147"}],"wp:attachment":[{"href":"https:\/\/exaudi.org\/it\/wp-json\/wp\/v2\/media?parent=74163"}],"wp:term":[{"taxonomy":"category","embeddable":true,"href":"https:\/\/exaudi.org\/it\/wp-json\/wp\/v2\/categories?post=74163"},{"taxonomy":"post_tag","embeddable":true,"href":"https:\/\/exaudi.org\/it\/wp-json\/wp\/v2\/tags?post=74163"}],"curies":[{"name":"wp","href":"https:\/\/api.w.org\/{rel}","templated":true}]}}