{"id":74057,"date":"2023-04-14T16:45:35","date_gmt":"2023-04-14T14:45:35","guid":{"rendered":"https:\/\/exaudi.org\/?p=74057"},"modified":"2023-04-14T16:45:35","modified_gmt":"2023-04-14T14:45:35","slug":"fraternita-oblazione-diocesanita-un-bel-programma-di-vita","status":"publish","type":"post","link":"https:\/\/exaudi.org\/it\/fraternita-oblazione-diocesanita-un-bel-programma-di-vita\/","title":{"rendered":"&#8220;Fraternit\u00e0, oblazione, diocesanit\u00e0. Un bel programma di vita!&#8221;"},"content":{"rendered":"<p>Questa mattina, il Santo Padre Francesco ha ricevuto in Udienza la Delegazione di Fratelli Oblati Diocesani (Milano).<\/p>\n<p>Pubblichiamo di seguito il testo del saluto che il Papa ha consegnato nel corso dell\u2019incontro:<\/p>\n<p><b>Discorso del Santo Padre consegnato<\/b><\/p>\n<p>Cari fratelli, buongiorno e benvenuti!<\/p>\n<p>Ringrazio per il suo saluto il Superiore e sono contento di accogliere un gruppo di fratelli consacrati. Per me sono preziose le occasioni in cui posso incontrare fratelli consacrati: \u00e8 una testimonianza del valore di questa presenza nella Chiesa, che merita di essere riscoperta. Per questo vi ringrazio e vi incoraggio perch\u00e9 siete un segno, piccolo ma importante, direi indispensabile, nel mosaico delle vocazioni nella Chiesa.<\/p>\n<p>Anzitutto, voi siete segno della\u00a0<i>fraternit\u00e0 secondo il Vangelo<\/i>. E lo siete proprio col vostro\u00a0<i>essere fratelli<\/i>: non con le cose che fate, con l\u2019organizzazione, le attivit\u00e0\u2026 Tutte queste cose sono buone e ci vogliono, ma la fraternit\u00e0 si costruisce con\u00a0<i>una forma concreta di vita<\/i>. Una forma stabile, che ciascuno di voi naturalmente vive in modo diverso, con la propria personalit\u00e0 e i propri doni e anche i propri limiti; ma la caratteristica comune e qualificante \u00e8 questa fraternit\u00e0. E penso \u2013 e spero \u2013 che ci\u00f2 sia per voi motivo di gioia interiore, perch\u00e9 \u00e8 il vostro modo di assomigliare a Ges\u00f9, che ha vissuto questa dimensione dell\u2019essere fratello di ogni uomo, fratello universale. \u00c8 un aspetto proprio del mistero dell\u2019Incarnazione. Questa \u00e8 la prima cosa che vi auguro: la gioia di essere fratelli.<\/p>\n<p>Voi siete fratelli\u00a0<i>oblati<\/i>. Questo \u00e8 il secondo aspetto: l\u2019oblazione, il\u00a0<i>dono di s\u00e9 nel servizio<\/i>. Ges\u00f9, dalla forma di Dio, ha assunto la forma di servo; ma attenzione: non un servizio di quelli che tutti dicono: che bravo!, un servizio da applaudire, \u201cche fa notizia\u201d. No. Un servizio nascosto, umile, a volte anche umiliante. Questa \u2013 lo sappiamo \u2013 \u00e8 la strada da seguire per ogni cristiano. Voi per\u00f2 l\u2019avete per carisma: l\u2019oblazione. E anche qui, a chi vive cos\u00ec, lo Spirito Santo dona una gioia interiore. Ne parlava spesso Madre Teresa: la gioia di servire. Quando Maria \u00e8 andata ad aiutare Elisabetta, non c\u2019erano fotografi ad aspettarla, non c\u2019erano giornalisti. Nessuno l\u2019ha saputo. E proprio qui sta la gioia: che lo sa solo il Signore! La\u00a0<i>beatitudine del servizio<\/i>. Questo \u00e8 il mio secondo augurio.<\/p>\n<p>E l\u2019ultimo \u00e8 legato al fatto che siete\u00a0<i>diocesani<\/i>. Fratelli Oblati Diocesani. Anche questa \u00e8 una dimensione dell\u2019Incarnazione: essere fedeli a una terra, a un popolo, a una diocesi. A volte vorremmo salvare il mondo! Ma Dio ti dice: sii fedele a quel servizio, a quelle persone, a quell\u2019opera\u2026 Ges\u00f9 ha salvato il mondo dando la vita per le pecore perdute della casa d\u2019Israele, e cos\u00ec ha compiuto la fedelt\u00e0 del Padre; ha amato fino alla fine quelli che il Padre gli aveva dato, ha versato il suo sangue per loro, e cos\u00ec lo ha versato per tutti. Questa \u00e8 la legge dell\u2019amore: non si pu\u00f2 amare l\u2019umanit\u00e0 in astratto, si ama quella persona, quelle persone. La fedelt\u00e0 \u00e8 un bene raro! Gi\u00e0 un salmo lo diceva: \u00ab\u00c8 scomparsa la fedelt\u00e0 tra i figli dell\u2019uomo\u00bb (<i>Sal<\/i>\u00a012,2). Il servizio diocesano \u00e8 una\u00a0<i>scuola di fedelt\u00e0<\/i>. E voi lo fate con il vostro essere fratelli oblati.<\/p>\n<p>Fraternit\u00e0, oblazione, diocesanit\u00e0. Un bel programma di vita! Il Signore vi accompagni sempre su questa strada e la Madonna vi custodisca nella gioia e nella fedelt\u00e0. Vi benedico di cuore e vi chiedo per favore di pregare per me. Grazie!<\/p>\n","protected":false},"excerpt":{"rendered":"<p>Udienza la Delegazione di Fratelli Oblati Diocesani<\/p>\n","protected":false},"author":17,"featured_media":68338,"comment_status":"closed","ping_status":"closed","sticky":false,"template":"","format":"standard","meta":{"_acf_changed":false,"_crdt_document":"","inline_featured_image":false,"footnotes":""},"categories":[58,67,123],"tags":[8873,6773,4952,1843],"class_list":["post-74057","post","type-post","status-publish","format-standard","has-post-thumbnail","hentry","category-featured-news","category-leone-xiv","category-discorsi","tag-fratelli-oblati-diocesani","tag-pope-francis-it","tag-trending-it","tag-udienza"],"acf":[],"yoast_head":"<!-- This site is optimized with the Yoast SEO plugin v27.4 - https:\/\/yoast.com\/product\/yoast-seo-wordpress\/ -->\n<title>&quot;Fraternit\u00e0, oblazione, diocesanit\u00e0. Un bel programma di vita!&quot; &#8211; Exaudi<\/title>\n<meta name=\"robots\" content=\"index, follow, max-snippet:-1, max-image-preview:large, max-video-preview:-1\" \/>\n<link rel=\"canonical\" href=\"https:\/\/exaudi.org\/it\/fraternity-oblation-being-diocesan-a-good-life-plan\/\" \/>\n<meta property=\"og:locale\" content=\"it_IT\" \/>\n<meta property=\"og:type\" content=\"article\" \/>\n<meta property=\"og:title\" content=\"&quot;Fraternit\u00e0, oblazione, diocesanit\u00e0. Un bel programma di vita!&quot; &#8211; Exaudi\" \/>\n<meta property=\"og:description\" content=\"Udienza la Delegazione di Fratelli Oblati Diocesani\" \/>\n<meta property=\"og:url\" content=\"https:\/\/exaudi.org\/fraternity-oblation-being-diocesan-a-good-life-plan\/\" \/>\n<meta property=\"og:site_name\" content=\"Exaudi\" \/>\n<meta property=\"article:publisher\" content=\"https:\/\/www.facebook.com\/ExaudiNews\" \/>\n<meta property=\"article:author\" content=\"https:\/\/www.facebook.com\/ExaudiNotizie\/\" \/>\n<meta property=\"article:published_time\" content=\"2023-04-14T14:45:35+00:00\" \/>\n<meta property=\"og:image\" content=\"https:\/\/exaudi.org\/wp-content\/uploads\/2023\/01\/papa-1-1-1400x933-1.jpg\" \/>\n\t<meta property=\"og:image:width\" content=\"1400\" \/>\n\t<meta property=\"og:image:height\" content=\"933\" \/>\n\t<meta property=\"og:image:type\" content=\"image\/jpeg\" \/>\n<meta name=\"author\" content=\"Exaudi Redazione\" \/>\n<meta name=\"twitter:card\" content=\"summary_large_image\" \/>\n<meta name=\"twitter:creator\" content=\"@Exaudi_Notizie\" \/>\n<meta name=\"twitter:site\" content=\"@Exaudi_News\" \/>\n<meta name=\"twitter:label1\" content=\"Scritto da\" \/>\n\t<meta name=\"twitter:data1\" content=\"Exaudi Redazione\" \/>\n\t<meta name=\"twitter:label2\" content=\"Tempo di lettura stimato\" \/>\n\t<meta name=\"twitter:data2\" content=\"3 minuti\" \/>\n<script type=\"application\/ld+json\" class=\"yoast-schema-graph\">{\"@context\":\"https:\\\/\\\/schema.org\",\"@graph\":[{\"@type\":\"Article\",\"@id\":\"https:\\\/\\\/exaudi.org\\\/fraternity-oblation-being-diocesan-a-good-life-plan\\\/#article\",\"isPartOf\":{\"@id\":\"https:\\\/\\\/exaudi.org\\\/fraternity-oblation-being-diocesan-a-good-life-plan\\\/\"},\"author\":{\"name\":\"Exaudi Redazione\",\"@id\":\"https:\\\/\\\/exaudi.org\\\/#\\\/schema\\\/person\\\/e1ab6ed07c01774724dd96f925f3a5f0\"},\"headline\":\"&#8220;Fraternit\u00e0, oblazione, diocesanit\u00e0. Un bel programma di vita!&#8221;\",\"datePublished\":\"2023-04-14T14:45:35+00:00\",\"mainEntityOfPage\":{\"@id\":\"https:\\\/\\\/exaudi.org\\\/fraternity-oblation-being-diocesan-a-good-life-plan\\\/\"},\"wordCount\":581,\"image\":{\"@id\":\"https:\\\/\\\/exaudi.org\\\/fraternity-oblation-being-diocesan-a-good-life-plan\\\/#primaryimage\"},\"thumbnailUrl\":\"https:\\\/\\\/exaudi.org\\\/wp-content\\\/uploads\\\/2023\\\/01\\\/papa-1-1-1400x933-1.jpg\",\"keywords\":[\"Fratelli Oblati Diocesani\",\"pope francis\",\"Trending\",\"udienza\"],\"articleSection\":[\"Featured News\",\"Leone XIV\",\"Discorsi\"],\"inLanguage\":\"it-IT\"},{\"@type\":\"WebPage\",\"@id\":\"https:\\\/\\\/exaudi.org\\\/fraternity-oblation-being-diocesan-a-good-life-plan\\\/\",\"url\":\"https:\\\/\\\/exaudi.org\\\/fraternity-oblation-being-diocesan-a-good-life-plan\\\/\",\"name\":\"\\\"Fraternit\u00e0, oblazione, diocesanit\u00e0. Un bel programma di vita!\\\" &#8211; Exaudi\",\"isPartOf\":{\"@id\":\"https:\\\/\\\/exaudi.org\\\/#website\"},\"primaryImageOfPage\":{\"@id\":\"https:\\\/\\\/exaudi.org\\\/fraternity-oblation-being-diocesan-a-good-life-plan\\\/#primaryimage\"},\"image\":{\"@id\":\"https:\\\/\\\/exaudi.org\\\/fraternity-oblation-being-diocesan-a-good-life-plan\\\/#primaryimage\"},\"thumbnailUrl\":\"https:\\\/\\\/exaudi.org\\\/wp-content\\\/uploads\\\/2023\\\/01\\\/papa-1-1-1400x933-1.jpg\",\"datePublished\":\"2023-04-14T14:45:35+00:00\",\"author\":{\"@id\":\"https:\\\/\\\/exaudi.org\\\/#\\\/schema\\\/person\\\/e1ab6ed07c01774724dd96f925f3a5f0\"},\"breadcrumb\":{\"@id\":\"https:\\\/\\\/exaudi.org\\\/fraternity-oblation-being-diocesan-a-good-life-plan\\\/#breadcrumb\"},\"inLanguage\":\"it-IT\",\"potentialAction\":[{\"@type\":\"ReadAction\",\"target\":[\"https:\\\/\\\/exaudi.org\\\/fraternity-oblation-being-diocesan-a-good-life-plan\\\/\"]}]},{\"@type\":\"ImageObject\",\"inLanguage\":\"it-IT\",\"@id\":\"https:\\\/\\\/exaudi.org\\\/fraternity-oblation-being-diocesan-a-good-life-plan\\\/#primaryimage\",\"url\":\"https:\\\/\\\/exaudi.org\\\/wp-content\\\/uploads\\\/2023\\\/01\\\/papa-1-1-1400x933-1.jpg\",\"contentUrl\":\"https:\\\/\\\/exaudi.org\\\/wp-content\\\/uploads\\\/2023\\\/01\\\/papa-1-1-1400x933-1.jpg\",\"width\":1400,\"height\":933,\"caption\":\"Vatican Media\"},{\"@type\":\"BreadcrumbList\",\"@id\":\"https:\\\/\\\/exaudi.org\\\/fraternity-oblation-being-diocesan-a-good-life-plan\\\/#breadcrumb\",\"itemListElement\":[{\"@type\":\"ListItem\",\"position\":1,\"name\":\"Portada\",\"item\":\"https:\\\/\\\/exaudi.org\\\/it\\\/\"},{\"@type\":\"ListItem\",\"position\":2,\"name\":\"&#8220;Fraternit\u00e0, oblazione, diocesanit\u00e0. Un bel programma di vita!&#8221;\"}]},{\"@type\":\"WebSite\",\"@id\":\"https:\\\/\\\/exaudi.org\\\/#website\",\"url\":\"https:\\\/\\\/exaudi.org\\\/\",\"name\":\"Exaudi\",\"description\":\"News\",\"potentialAction\":[{\"@type\":\"SearchAction\",\"target\":{\"@type\":\"EntryPoint\",\"urlTemplate\":\"https:\\\/\\\/exaudi.org\\\/?s={search_term_string}\"},\"query-input\":{\"@type\":\"PropertyValueSpecification\",\"valueRequired\":true,\"valueName\":\"search_term_string\"}}],\"inLanguage\":\"it-IT\"},{\"@type\":\"Person\",\"@id\":\"https:\\\/\\\/exaudi.org\\\/#\\\/schema\\\/person\\\/e1ab6ed07c01774724dd96f925f3a5f0\",\"name\":\"Exaudi Redazione\",\"image\":{\"@type\":\"ImageObject\",\"inLanguage\":\"it-IT\",\"@id\":\"https:\\\/\\\/secure.gravatar.com\\\/avatar\\\/ad6774b3ada023bf5b939d64f45c94b3adf91502dd883507d469b4308a943bb3?s=96&d=mm&r=g\",\"url\":\"https:\\\/\\\/secure.gravatar.com\\\/avatar\\\/ad6774b3ada023bf5b939d64f45c94b3adf91502dd883507d469b4308a943bb3?s=96&d=mm&r=g\",\"contentUrl\":\"https:\\\/\\\/secure.gravatar.com\\\/avatar\\\/ad6774b3ada023bf5b939d64f45c94b3adf91502dd883507d469b4308a943bb3?s=96&d=mm&r=g\",\"caption\":\"Exaudi Redazione\"},\"description\":\"Che cosa \u00e8 Exaudi News? Exaudi News \u00e8 un agenzia cattolica internazionale che informa, istruisce e trasforma quotidianamente in spagnolo, inglese e italiano. Attraverso notizie, articoli di analisi e trasmissioni in diretta degli eventi del Papa, Exaudi cerca di rafforzare l'unit\u00e0 dei cristiani e di contribuire all'evangelizzazione del mondo, sempre guidato dalla dottrina sociale della Chiesa. Lavoriamo per portare la verit\u00e0 e i valori cristiani in ogni angolo del pianeta. Aiutaci a trasformare il mondo con Exaudi! Noi di Exaudi crediamo che l'evangelizzazione e l'informazione di qualit\u00e0 possano cambiare la vita. Per continuare la nostra missione ed espandere la nostra portata, abbiamo bisogno del tuo aiuto. Stiamo anche cercando persone motivate che vogliano unirsi al nostro team. Grazie al vostro sostegno raggiungeremo pi\u00f9 persone, diffonderemo il messaggio di Cristo e rafforzeremo l'unit\u00e0 dei cristiani. Vuoi unirti alla nostra missione? Per maggiori informazioni su come contribuire, visita Exaudi.org\\\/it o contattaci direttamente: info@exaudi.org Exaudi: informa, forma e trasforma.\",\"sameAs\":[\"https:\\\/\\\/www.facebook.com\\\/ExaudiNotizie\\\/\",\"https:\\\/\\\/www.instagram.com\\\/Exaudi_notizie\\\/\",\"https:\\\/\\\/x.com\\\/Exaudi_Notizie\",\"https:\\\/\\\/www.youtube.com\\\/@exaudicatholicnews\"],\"url\":\"https:\\\/\\\/exaudi.org\\\/it\\\/author\\\/dlvedi-org\\\/\"}]}<\/script>\n<!-- \/ Yoast SEO plugin. -->","yoast_head_json":{"title":"\"Fraternit\u00e0, oblazione, diocesanit\u00e0. Un bel programma di vita!\" &#8211; Exaudi","robots":{"index":"index","follow":"follow","max-snippet":"max-snippet:-1","max-image-preview":"max-image-preview:large","max-video-preview":"max-video-preview:-1"},"canonical":"https:\/\/exaudi.org\/it\/fraternity-oblation-being-diocesan-a-good-life-plan\/","og_locale":"it_IT","og_type":"article","og_title":"\"Fraternit\u00e0, oblazione, diocesanit\u00e0. Un bel programma di vita!\" &#8211; Exaudi","og_description":"Udienza la Delegazione di Fratelli Oblati Diocesani","og_url":"https:\/\/exaudi.org\/fraternity-oblation-being-diocesan-a-good-life-plan\/","og_site_name":"Exaudi","article_publisher":"https:\/\/www.facebook.com\/ExaudiNews","article_author":"https:\/\/www.facebook.com\/ExaudiNotizie\/","article_published_time":"2023-04-14T14:45:35+00:00","og_image":[{"width":1400,"height":933,"url":"https:\/\/exaudi.org\/wp-content\/uploads\/2023\/01\/papa-1-1-1400x933-1.jpg","type":"image\/jpeg"}],"author":"Exaudi Redazione","twitter_card":"summary_large_image","twitter_creator":"@Exaudi_Notizie","twitter_site":"@Exaudi_News","twitter_misc":{"Scritto da":"Exaudi Redazione","Tempo di lettura stimato":"3 minuti"},"schema":{"@context":"https:\/\/schema.org","@graph":[{"@type":"Article","@id":"https:\/\/exaudi.org\/fraternity-oblation-being-diocesan-a-good-life-plan\/#article","isPartOf":{"@id":"https:\/\/exaudi.org\/fraternity-oblation-being-diocesan-a-good-life-plan\/"},"author":{"name":"Exaudi Redazione","@id":"https:\/\/exaudi.org\/#\/schema\/person\/e1ab6ed07c01774724dd96f925f3a5f0"},"headline":"&#8220;Fraternit\u00e0, oblazione, diocesanit\u00e0. Un bel programma di vita!&#8221;","datePublished":"2023-04-14T14:45:35+00:00","mainEntityOfPage":{"@id":"https:\/\/exaudi.org\/fraternity-oblation-being-diocesan-a-good-life-plan\/"},"wordCount":581,"image":{"@id":"https:\/\/exaudi.org\/fraternity-oblation-being-diocesan-a-good-life-plan\/#primaryimage"},"thumbnailUrl":"https:\/\/exaudi.org\/wp-content\/uploads\/2023\/01\/papa-1-1-1400x933-1.jpg","keywords":["Fratelli Oblati Diocesani","pope francis","Trending","udienza"],"articleSection":["Featured News","Leone XIV","Discorsi"],"inLanguage":"it-IT"},{"@type":"WebPage","@id":"https:\/\/exaudi.org\/fraternity-oblation-being-diocesan-a-good-life-plan\/","url":"https:\/\/exaudi.org\/fraternity-oblation-being-diocesan-a-good-life-plan\/","name":"\"Fraternit\u00e0, oblazione, diocesanit\u00e0. Un bel programma di vita!\" &#8211; Exaudi","isPartOf":{"@id":"https:\/\/exaudi.org\/#website"},"primaryImageOfPage":{"@id":"https:\/\/exaudi.org\/fraternity-oblation-being-diocesan-a-good-life-plan\/#primaryimage"},"image":{"@id":"https:\/\/exaudi.org\/fraternity-oblation-being-diocesan-a-good-life-plan\/#primaryimage"},"thumbnailUrl":"https:\/\/exaudi.org\/wp-content\/uploads\/2023\/01\/papa-1-1-1400x933-1.jpg","datePublished":"2023-04-14T14:45:35+00:00","author":{"@id":"https:\/\/exaudi.org\/#\/schema\/person\/e1ab6ed07c01774724dd96f925f3a5f0"},"breadcrumb":{"@id":"https:\/\/exaudi.org\/fraternity-oblation-being-diocesan-a-good-life-plan\/#breadcrumb"},"inLanguage":"it-IT","potentialAction":[{"@type":"ReadAction","target":["https:\/\/exaudi.org\/fraternity-oblation-being-diocesan-a-good-life-plan\/"]}]},{"@type":"ImageObject","inLanguage":"it-IT","@id":"https:\/\/exaudi.org\/fraternity-oblation-being-diocesan-a-good-life-plan\/#primaryimage","url":"https:\/\/exaudi.org\/wp-content\/uploads\/2023\/01\/papa-1-1-1400x933-1.jpg","contentUrl":"https:\/\/exaudi.org\/wp-content\/uploads\/2023\/01\/papa-1-1-1400x933-1.jpg","width":1400,"height":933,"caption":"Vatican Media"},{"@type":"BreadcrumbList","@id":"https:\/\/exaudi.org\/fraternity-oblation-being-diocesan-a-good-life-plan\/#breadcrumb","itemListElement":[{"@type":"ListItem","position":1,"name":"Portada","item":"https:\/\/exaudi.org\/it\/"},{"@type":"ListItem","position":2,"name":"&#8220;Fraternit\u00e0, oblazione, diocesanit\u00e0. Un bel programma di vita!&#8221;"}]},{"@type":"WebSite","@id":"https:\/\/exaudi.org\/#website","url":"https:\/\/exaudi.org\/","name":"Exaudi","description":"News","potentialAction":[{"@type":"SearchAction","target":{"@type":"EntryPoint","urlTemplate":"https:\/\/exaudi.org\/?s={search_term_string}"},"query-input":{"@type":"PropertyValueSpecification","valueRequired":true,"valueName":"search_term_string"}}],"inLanguage":"it-IT"},{"@type":"Person","@id":"https:\/\/exaudi.org\/#\/schema\/person\/e1ab6ed07c01774724dd96f925f3a5f0","name":"Exaudi Redazione","image":{"@type":"ImageObject","inLanguage":"it-IT","@id":"https:\/\/secure.gravatar.com\/avatar\/ad6774b3ada023bf5b939d64f45c94b3adf91502dd883507d469b4308a943bb3?s=96&d=mm&r=g","url":"https:\/\/secure.gravatar.com\/avatar\/ad6774b3ada023bf5b939d64f45c94b3adf91502dd883507d469b4308a943bb3?s=96&d=mm&r=g","contentUrl":"https:\/\/secure.gravatar.com\/avatar\/ad6774b3ada023bf5b939d64f45c94b3adf91502dd883507d469b4308a943bb3?s=96&d=mm&r=g","caption":"Exaudi Redazione"},"description":"Che cosa \u00e8 Exaudi News? Exaudi News \u00e8 un agenzia cattolica internazionale che informa, istruisce e trasforma quotidianamente in spagnolo, inglese e italiano. Attraverso notizie, articoli di analisi e trasmissioni in diretta degli eventi del Papa, Exaudi cerca di rafforzare l'unit\u00e0 dei cristiani e di contribuire all'evangelizzazione del mondo, sempre guidato dalla dottrina sociale della Chiesa. Lavoriamo per portare la verit\u00e0 e i valori cristiani in ogni angolo del pianeta. Aiutaci a trasformare il mondo con Exaudi! Noi di Exaudi crediamo che l'evangelizzazione e l'informazione di qualit\u00e0 possano cambiare la vita. Per continuare la nostra missione ed espandere la nostra portata, abbiamo bisogno del tuo aiuto. Stiamo anche cercando persone motivate che vogliano unirsi al nostro team. Grazie al vostro sostegno raggiungeremo pi\u00f9 persone, diffonderemo il messaggio di Cristo e rafforzeremo l'unit\u00e0 dei cristiani. Vuoi unirti alla nostra missione? Per maggiori informazioni su come contribuire, visita Exaudi.org\/it o contattaci direttamente: info@exaudi.org Exaudi: informa, forma e trasforma.","sameAs":["https:\/\/www.facebook.com\/ExaudiNotizie\/","https:\/\/www.instagram.com\/Exaudi_notizie\/","https:\/\/x.com\/Exaudi_Notizie","https:\/\/www.youtube.com\/@exaudicatholicnews"],"url":"https:\/\/exaudi.org\/it\/author\/dlvedi-org\/"}]}},"jetpack_featured_media_url":"https:\/\/exaudi.org\/wp-content\/uploads\/2023\/01\/papa-1-1-1400x933-1.jpg","jetpack_shortlink":"https:\/\/wp.me\/pgKjF2-jgt","_links":{"self":[{"href":"https:\/\/exaudi.org\/it\/wp-json\/wp\/v2\/posts\/74057","targetHints":{"allow":["GET"]}}],"collection":[{"href":"https:\/\/exaudi.org\/it\/wp-json\/wp\/v2\/posts"}],"about":[{"href":"https:\/\/exaudi.org\/it\/wp-json\/wp\/v2\/types\/post"}],"author":[{"embeddable":true,"href":"https:\/\/exaudi.org\/it\/wp-json\/wp\/v2\/users\/17"}],"replies":[{"embeddable":true,"href":"https:\/\/exaudi.org\/it\/wp-json\/wp\/v2\/comments?post=74057"}],"version-history":[{"count":0,"href":"https:\/\/exaudi.org\/it\/wp-json\/wp\/v2\/posts\/74057\/revisions"}],"wp:featuredmedia":[{"embeddable":true,"href":"https:\/\/exaudi.org\/it\/wp-json\/wp\/v2\/media\/68338"}],"wp:attachment":[{"href":"https:\/\/exaudi.org\/it\/wp-json\/wp\/v2\/media?parent=74057"}],"wp:term":[{"taxonomy":"category","embeddable":true,"href":"https:\/\/exaudi.org\/it\/wp-json\/wp\/v2\/categories?post=74057"},{"taxonomy":"post_tag","embeddable":true,"href":"https:\/\/exaudi.org\/it\/wp-json\/wp\/v2\/tags?post=74057"}],"curies":[{"name":"wp","href":"https:\/\/api.w.org\/{rel}","templated":true}]}}