{"id":74045,"date":"2023-04-13T19:19:59","date_gmt":"2023-04-13T17:19:59","guid":{"rendered":"https:\/\/exaudi.org\/?p=74045"},"modified":"2023-04-14T19:45:13","modified_gmt":"2023-04-14T17:45:13","slug":"iiconvegno-relazione-daiuto-e-universita","status":"publish","type":"post","link":"https:\/\/exaudi.org\/it\/iiconvegno-relazione-daiuto-e-universita\/","title":{"rendered":"II Convegno &#8220;Relazione d\u2019aiuto e universit\u00e0&#8221;"},"content":{"rendered":"<p><strong>RELAZIONI DI AIUTO E UNIVERSIT\u00c0 CONVEGNO ALL\u2019ISTITUTO JP2<\/strong><\/p>\n<p>Le condizioni di stress che mettono alla prova individui e istituzioni, nell\u2019ambito generale della cura, del sostegno e dell\u2019educazione, presentano oggi una costellazione di esigenze non ancora adeguatamente inquadrate dalle pratiche tradizionali.<\/p>\n<p>Questo il presupposto da cui muove il convegno <em>Relazione d\u2019aiuto e universit\u00e0<\/em> organizzato dal Pontificio Istituto Giovanni Paolo II attraverso la Cattedra Gaudium et Spes, in programma nell\u2019auditorium dell\u2019Istituto \u201cCarlo Caffarra\u201d <strong>marted\u00ec 18 aprile 2023<\/strong> a partire dalle <strong>15.30<\/strong> e che vede la partecipazione di Licia Sbattella del Politecnico di Milano, Ines Testoni dell\u2019Universit\u00e0 di Padova e Barbara Marchica dell\u2019Issr di Milano.<\/p>\n<p>Introdotto da Pierangelo Sequeri e moderato da Francesco Stoppa, psicoterapeuta e docente del Jp2, l\u2019incontro intende mettere a fuoco esperienze innovative nel campo della relazione d\u2019aiuto, interne al contesto accademico, che congiungono percorsi<br \/>\nformativi e pratiche istituzionali.<\/p>\n<p><strong>Licia Sbattella<\/strong> \u00e8 bioingegnere, psicologa clinica, psicoterapeuta e musicista. Professore associato di Analisi computazionale del linguaggio, della voce e dell\u2019interazione al Politecnico di Milano e professore invitato di Psicologia della musica all\u2019Universit\u00e0 Lille 3 Charles De Gaulle di Lille, Francia, \u00e8 delegata del Rettore del Politecnico di Milano per le situazioni di disabilit\u00e0 nell\u2019ateneo.<\/p>\n<p><strong>Ines Testoni<\/strong> \u00e8 psicologa, psicoterapeuta, filosofa e docente di psicologia sociale, direttrice del Master in \u201cDeath Studies &amp; The End of Life\u201d e del Corso di Alta Formazione in \u201cCreative Arts Therapies for Resilience Support\u201d all\u2019Universit\u00e0 di Padova.\u00a0\u00a0Ha portato in Italia la <em>death education<\/em>, promuovendo percorsi di formazione a partire dalla scuola dell\u2019infanzia fino alle specializzazioni professionali in sanit\u00e0. Riconosciuta tra le 100 scienziate pi\u00f9 importanti in Italia per i suoi studi sulla morte, \u00e8 autrice di duecento<br \/>\narticoli di impatto internazionale e di una ventina di volumi.<\/p>\n<p><strong>Barbra Marcica<\/strong> \u00e8 dottoressa in Teologia, Counselor Professionista, Spiritual and Pastoral Counselor e formatrice. Direttrice della Scuola di Alta Formazione Milan Insight School patrocinata dall\u2019Issr di Milano, \u00e8 ideatrice del modello di intervento <em>Speed\u00a0Method<\/em>. Si occupa di crescita personale e spirituale per adulti, docenti e giovani; offre percorsi di teologia e spiritualit\u00e0 al servizio di singole persone, gruppi, associazioni, diocesi, parrocchie e realt\u00e0 socio-culturali.<\/p>\n<p>MODALIT\u00c0 DI ACCREDITAMENTO<\/p>\n<p>I giornalisti e gli operatori media che intendono partecipare devono inviare richiesta, entro 48 ore dall\u2019evento, attraverso il Sistema di accreditamento online della Sala Stampa della Santa Sede, all\u2019indirizzo: <a href=\"https:\/\/press.vatican.va\/content\/salastampa\/it\/accrediti\/pubblico\/accredito.html\">press.vatican.va\/accreditamenti<\/a><\/p>\n<p><strong>Per interviste e informazioni<\/strong><br \/>\nArnaldo Casali<br \/>\n<em>Responsabile per la comunicazione dell\u2019Istituto Jp2<\/em><br \/>\nTel. +39.347.45.69.510<br \/>\n<a href=\"mailto:press@istitutogp2.it\">press@istitutogp2.it<\/a><br \/>\n<a href=\"http:\/\/www.istitutogp2.it\/\">www.istitutogp2.it<\/a><\/p>\n","protected":false},"excerpt":{"rendered":"<p>Auditorium dell\u2019Istituto \u201cCarlo Caffarra\u201d marted\u00ec 18 aprile 2023<\/p>\n","protected":false},"author":17,"featured_media":74046,"comment_status":"closed","ping_status":"closed","sticky":false,"template":"","format":"standard","meta":{"_acf_changed":false,"_crdt_document":"","inline_featured_image":false,"footnotes":""},"categories":[129],"tags":[3797,1110,8871,8872],"class_list":["post-74045","post","type-post","status-publish","format-standard","has-post-thumbnail","hentry","category-voci","tag-aiuti","tag-educazione","tag-pontificio-istituto-giovanni-paolo","tag-stress"],"acf":[],"yoast_head":"<!-- This site is optimized with the Yoast SEO plugin v27.5 - https:\/\/yoast.com\/product\/yoast-seo-wordpress\/ -->\n<title>II Convegno &quot;Relazione d\u2019aiuto e universit\u00e0&quot; &#8211; Exaudi<\/title>\n<meta name=\"robots\" content=\"index, follow, max-snippet:-1, max-image-preview:large, max-video-preview:-1\" \/>\n<link rel=\"canonical\" href=\"https:\/\/exaudi.org\/it\/iiconvegno-relazione-daiuto-e-universita\/\" \/>\n<meta property=\"og:locale\" content=\"it_IT\" \/>\n<meta property=\"og:type\" content=\"article\" \/>\n<meta property=\"og:title\" content=\"II Convegno &quot;Relazione d\u2019aiuto e universit\u00e0&quot; &#8211; Exaudi\" \/>\n<meta property=\"og:description\" content=\"Auditorium dell\u2019Istituto \u201cCarlo Caffarra\u201d marted\u00ec 18 aprile 2023\" \/>\n<meta property=\"og:url\" content=\"https:\/\/exaudi.org\/it\/iiconvegno-relazione-daiuto-e-universita\/\" \/>\n<meta property=\"og:site_name\" content=\"Exaudi\" \/>\n<meta property=\"article:publisher\" content=\"https:\/\/www.facebook.com\/ExaudiNews\" \/>\n<meta property=\"article:author\" content=\"https:\/\/www.facebook.com\/ExaudiNotizie\/\" \/>\n<meta property=\"article:published_time\" content=\"2023-04-13T17:19:59+00:00\" \/>\n<meta property=\"article:modified_time\" content=\"2023-04-14T17:45:13+00:00\" \/>\n<meta property=\"og:image\" content=\"https:\/\/exaudi.org\/wp-content\/uploads\/2023\/04\/cq5dam.thumbnail.cropped.750.422-1-5.jpeg\" \/>\n\t<meta property=\"og:image:width\" content=\"750\" \/>\n\t<meta property=\"og:image:height\" content=\"422\" \/>\n\t<meta property=\"og:image:type\" content=\"image\/jpeg\" \/>\n<meta name=\"author\" content=\"Exaudi Redazione\" \/>\n<meta name=\"twitter:card\" content=\"summary_large_image\" \/>\n<meta name=\"twitter:creator\" content=\"@Exaudi_Notizie\" \/>\n<meta name=\"twitter:site\" content=\"@Exaudi_News\" \/>\n<meta name=\"twitter:label1\" content=\"Scritto da\" \/>\n\t<meta name=\"twitter:data1\" content=\"Exaudi Redazione\" \/>\n\t<meta name=\"twitter:label2\" content=\"Tempo di lettura stimato\" \/>\n\t<meta name=\"twitter:data2\" content=\"2 minuti\" \/>\n<script type=\"application\/ld+json\" class=\"yoast-schema-graph\">{\"@context\":\"https:\\\/\\\/schema.org\",\"@graph\":[{\"@type\":\"Article\",\"@id\":\"https:\\\/\\\/exaudi.org\\\/it\\\/iiconvegno-relazione-daiuto-e-universita\\\/#article\",\"isPartOf\":{\"@id\":\"https:\\\/\\\/exaudi.org\\\/it\\\/iiconvegno-relazione-daiuto-e-universita\\\/\"},\"author\":{\"name\":\"Exaudi Redazione\",\"@id\":\"https:\\\/\\\/exaudi.org\\\/#\\\/schema\\\/person\\\/e1ab6ed07c01774724dd96f925f3a5f0\"},\"headline\":\"II Convegno &#8220;Relazione d\u2019aiuto e universit\u00e0&#8221;\",\"datePublished\":\"2023-04-13T17:19:59+00:00\",\"dateModified\":\"2023-04-14T17:45:13+00:00\",\"mainEntityOfPage\":{\"@id\":\"https:\\\/\\\/exaudi.org\\\/it\\\/iiconvegno-relazione-daiuto-e-universita\\\/\"},\"wordCount\":416,\"image\":{\"@id\":\"https:\\\/\\\/exaudi.org\\\/it\\\/iiconvegno-relazione-daiuto-e-universita\\\/#primaryimage\"},\"thumbnailUrl\":\"https:\\\/\\\/exaudi.org\\\/wp-content\\\/uploads\\\/2023\\\/04\\\/cq5dam.thumbnail.cropped.750.422-1-5.jpeg\",\"keywords\":[\"aiuti\",\"educazione\",\"Pontificio Istituto Giovanni Paolo\",\"stress\"],\"articleSection\":[\"Voci\"],\"inLanguage\":\"it-IT\"},{\"@type\":\"WebPage\",\"@id\":\"https:\\\/\\\/exaudi.org\\\/it\\\/iiconvegno-relazione-daiuto-e-universita\\\/\",\"url\":\"https:\\\/\\\/exaudi.org\\\/it\\\/iiconvegno-relazione-daiuto-e-universita\\\/\",\"name\":\"II Convegno \\\"Relazione d\u2019aiuto e universit\u00e0\\\" &#8211; Exaudi\",\"isPartOf\":{\"@id\":\"https:\\\/\\\/exaudi.org\\\/#website\"},\"primaryImageOfPage\":{\"@id\":\"https:\\\/\\\/exaudi.org\\\/it\\\/iiconvegno-relazione-daiuto-e-universita\\\/#primaryimage\"},\"image\":{\"@id\":\"https:\\\/\\\/exaudi.org\\\/it\\\/iiconvegno-relazione-daiuto-e-universita\\\/#primaryimage\"},\"thumbnailUrl\":\"https:\\\/\\\/exaudi.org\\\/wp-content\\\/uploads\\\/2023\\\/04\\\/cq5dam.thumbnail.cropped.750.422-1-5.jpeg\",\"datePublished\":\"2023-04-13T17:19:59+00:00\",\"dateModified\":\"2023-04-14T17:45:13+00:00\",\"author\":{\"@id\":\"https:\\\/\\\/exaudi.org\\\/#\\\/schema\\\/person\\\/e1ab6ed07c01774724dd96f925f3a5f0\"},\"breadcrumb\":{\"@id\":\"https:\\\/\\\/exaudi.org\\\/it\\\/iiconvegno-relazione-daiuto-e-universita\\\/#breadcrumb\"},\"inLanguage\":\"it-IT\",\"potentialAction\":[{\"@type\":\"ReadAction\",\"target\":[\"https:\\\/\\\/exaudi.org\\\/it\\\/iiconvegno-relazione-daiuto-e-universita\\\/\"]}]},{\"@type\":\"ImageObject\",\"inLanguage\":\"it-IT\",\"@id\":\"https:\\\/\\\/exaudi.org\\\/it\\\/iiconvegno-relazione-daiuto-e-universita\\\/#primaryimage\",\"url\":\"https:\\\/\\\/exaudi.org\\\/wp-content\\\/uploads\\\/2023\\\/04\\\/cq5dam.thumbnail.cropped.750.422-1-5.jpeg\",\"contentUrl\":\"https:\\\/\\\/exaudi.org\\\/wp-content\\\/uploads\\\/2023\\\/04\\\/cq5dam.thumbnail.cropped.750.422-1-5.jpeg\",\"width\":750,\"height\":422,\"caption\":\"Vatican News\"},{\"@type\":\"BreadcrumbList\",\"@id\":\"https:\\\/\\\/exaudi.org\\\/it\\\/iiconvegno-relazione-daiuto-e-universita\\\/#breadcrumb\",\"itemListElement\":[{\"@type\":\"ListItem\",\"position\":1,\"name\":\"Portada\",\"item\":\"https:\\\/\\\/exaudi.org\\\/it\\\/\"},{\"@type\":\"ListItem\",\"position\":2,\"name\":\"II Convegno &#8220;Relazione d\u2019aiuto e universit\u00e0&#8221;\"}]},{\"@type\":\"WebSite\",\"@id\":\"https:\\\/\\\/exaudi.org\\\/#website\",\"url\":\"https:\\\/\\\/exaudi.org\\\/\",\"name\":\"Exaudi\",\"description\":\"News\",\"potentialAction\":[{\"@type\":\"SearchAction\",\"target\":{\"@type\":\"EntryPoint\",\"urlTemplate\":\"https:\\\/\\\/exaudi.org\\\/?s={search_term_string}\"},\"query-input\":{\"@type\":\"PropertyValueSpecification\",\"valueRequired\":true,\"valueName\":\"search_term_string\"}}],\"inLanguage\":\"it-IT\"},{\"@type\":\"Person\",\"@id\":\"https:\\\/\\\/exaudi.org\\\/#\\\/schema\\\/person\\\/e1ab6ed07c01774724dd96f925f3a5f0\",\"name\":\"Exaudi Redazione\",\"image\":{\"@type\":\"ImageObject\",\"inLanguage\":\"it-IT\",\"@id\":\"https:\\\/\\\/secure.gravatar.com\\\/avatar\\\/ad6774b3ada023bf5b939d64f45c94b3adf91502dd883507d469b4308a943bb3?s=96&d=mm&r=g\",\"url\":\"https:\\\/\\\/secure.gravatar.com\\\/avatar\\\/ad6774b3ada023bf5b939d64f45c94b3adf91502dd883507d469b4308a943bb3?s=96&d=mm&r=g\",\"contentUrl\":\"https:\\\/\\\/secure.gravatar.com\\\/avatar\\\/ad6774b3ada023bf5b939d64f45c94b3adf91502dd883507d469b4308a943bb3?s=96&d=mm&r=g\",\"caption\":\"Exaudi Redazione\"},\"description\":\"Che cosa \u00e8 Exaudi News? Exaudi News \u00e8 un agenzia cattolica internazionale che informa, istruisce e trasforma quotidianamente in spagnolo, inglese e italiano. Attraverso notizie, articoli di analisi e trasmissioni in diretta degli eventi del Papa, Exaudi cerca di rafforzare l'unit\u00e0 dei cristiani e di contribuire all'evangelizzazione del mondo, sempre guidato dalla dottrina sociale della Chiesa. Lavoriamo per portare la verit\u00e0 e i valori cristiani in ogni angolo del pianeta. Aiutaci a trasformare il mondo con Exaudi! Noi di Exaudi crediamo che l'evangelizzazione e l'informazione di qualit\u00e0 possano cambiare la vita. Per continuare la nostra missione ed espandere la nostra portata, abbiamo bisogno del tuo aiuto. Stiamo anche cercando persone motivate che vogliano unirsi al nostro team. Grazie al vostro sostegno raggiungeremo pi\u00f9 persone, diffonderemo il messaggio di Cristo e rafforzeremo l'unit\u00e0 dei cristiani. Vuoi unirti alla nostra missione? Per maggiori informazioni su come contribuire, visita Exaudi.org\\\/it o contattaci direttamente: info@exaudi.org Exaudi: informa, forma e trasforma.\",\"sameAs\":[\"https:\\\/\\\/www.facebook.com\\\/ExaudiNotizie\\\/\",\"https:\\\/\\\/www.instagram.com\\\/Exaudi_notizie\\\/\",\"https:\\\/\\\/x.com\\\/Exaudi_Notizie\",\"https:\\\/\\\/www.youtube.com\\\/@exaudicatholicnews\"],\"url\":\"https:\\\/\\\/exaudi.org\\\/it\\\/author\\\/dlvedi-org\\\/\"}]}<\/script>\n<!-- \/ Yoast SEO plugin. -->","yoast_head_json":{"title":"II Convegno \"Relazione d\u2019aiuto e universit\u00e0\" &#8211; Exaudi","robots":{"index":"index","follow":"follow","max-snippet":"max-snippet:-1","max-image-preview":"max-image-preview:large","max-video-preview":"max-video-preview:-1"},"canonical":"https:\/\/exaudi.org\/it\/iiconvegno-relazione-daiuto-e-universita\/","og_locale":"it_IT","og_type":"article","og_title":"II Convegno \"Relazione d\u2019aiuto e universit\u00e0\" &#8211; Exaudi","og_description":"Auditorium dell\u2019Istituto \u201cCarlo Caffarra\u201d marted\u00ec 18 aprile 2023","og_url":"https:\/\/exaudi.org\/it\/iiconvegno-relazione-daiuto-e-universita\/","og_site_name":"Exaudi","article_publisher":"https:\/\/www.facebook.com\/ExaudiNews","article_author":"https:\/\/www.facebook.com\/ExaudiNotizie\/","article_published_time":"2023-04-13T17:19:59+00:00","article_modified_time":"2023-04-14T17:45:13+00:00","og_image":[{"width":750,"height":422,"url":"https:\/\/exaudi.org\/wp-content\/uploads\/2023\/04\/cq5dam.thumbnail.cropped.750.422-1-5.jpeg","type":"image\/jpeg"}],"author":"Exaudi Redazione","twitter_card":"summary_large_image","twitter_creator":"@Exaudi_Notizie","twitter_site":"@Exaudi_News","twitter_misc":{"Scritto da":"Exaudi Redazione","Tempo di lettura stimato":"2 minuti"},"schema":{"@context":"https:\/\/schema.org","@graph":[{"@type":"Article","@id":"https:\/\/exaudi.org\/it\/iiconvegno-relazione-daiuto-e-universita\/#article","isPartOf":{"@id":"https:\/\/exaudi.org\/it\/iiconvegno-relazione-daiuto-e-universita\/"},"author":{"name":"Exaudi Redazione","@id":"https:\/\/exaudi.org\/#\/schema\/person\/e1ab6ed07c01774724dd96f925f3a5f0"},"headline":"II Convegno &#8220;Relazione d\u2019aiuto e universit\u00e0&#8221;","datePublished":"2023-04-13T17:19:59+00:00","dateModified":"2023-04-14T17:45:13+00:00","mainEntityOfPage":{"@id":"https:\/\/exaudi.org\/it\/iiconvegno-relazione-daiuto-e-universita\/"},"wordCount":416,"image":{"@id":"https:\/\/exaudi.org\/it\/iiconvegno-relazione-daiuto-e-universita\/#primaryimage"},"thumbnailUrl":"https:\/\/exaudi.org\/wp-content\/uploads\/2023\/04\/cq5dam.thumbnail.cropped.750.422-1-5.jpeg","keywords":["aiuti","educazione","Pontificio Istituto Giovanni Paolo","stress"],"articleSection":["Voci"],"inLanguage":"it-IT"},{"@type":"WebPage","@id":"https:\/\/exaudi.org\/it\/iiconvegno-relazione-daiuto-e-universita\/","url":"https:\/\/exaudi.org\/it\/iiconvegno-relazione-daiuto-e-universita\/","name":"II Convegno \"Relazione d\u2019aiuto e universit\u00e0\" &#8211; Exaudi","isPartOf":{"@id":"https:\/\/exaudi.org\/#website"},"primaryImageOfPage":{"@id":"https:\/\/exaudi.org\/it\/iiconvegno-relazione-daiuto-e-universita\/#primaryimage"},"image":{"@id":"https:\/\/exaudi.org\/it\/iiconvegno-relazione-daiuto-e-universita\/#primaryimage"},"thumbnailUrl":"https:\/\/exaudi.org\/wp-content\/uploads\/2023\/04\/cq5dam.thumbnail.cropped.750.422-1-5.jpeg","datePublished":"2023-04-13T17:19:59+00:00","dateModified":"2023-04-14T17:45:13+00:00","author":{"@id":"https:\/\/exaudi.org\/#\/schema\/person\/e1ab6ed07c01774724dd96f925f3a5f0"},"breadcrumb":{"@id":"https:\/\/exaudi.org\/it\/iiconvegno-relazione-daiuto-e-universita\/#breadcrumb"},"inLanguage":"it-IT","potentialAction":[{"@type":"ReadAction","target":["https:\/\/exaudi.org\/it\/iiconvegno-relazione-daiuto-e-universita\/"]}]},{"@type":"ImageObject","inLanguage":"it-IT","@id":"https:\/\/exaudi.org\/it\/iiconvegno-relazione-daiuto-e-universita\/#primaryimage","url":"https:\/\/exaudi.org\/wp-content\/uploads\/2023\/04\/cq5dam.thumbnail.cropped.750.422-1-5.jpeg","contentUrl":"https:\/\/exaudi.org\/wp-content\/uploads\/2023\/04\/cq5dam.thumbnail.cropped.750.422-1-5.jpeg","width":750,"height":422,"caption":"Vatican News"},{"@type":"BreadcrumbList","@id":"https:\/\/exaudi.org\/it\/iiconvegno-relazione-daiuto-e-universita\/#breadcrumb","itemListElement":[{"@type":"ListItem","position":1,"name":"Portada","item":"https:\/\/exaudi.org\/it\/"},{"@type":"ListItem","position":2,"name":"II Convegno &#8220;Relazione d\u2019aiuto e universit\u00e0&#8221;"}]},{"@type":"WebSite","@id":"https:\/\/exaudi.org\/#website","url":"https:\/\/exaudi.org\/","name":"Exaudi","description":"News","potentialAction":[{"@type":"SearchAction","target":{"@type":"EntryPoint","urlTemplate":"https:\/\/exaudi.org\/?s={search_term_string}"},"query-input":{"@type":"PropertyValueSpecification","valueRequired":true,"valueName":"search_term_string"}}],"inLanguage":"it-IT"},{"@type":"Person","@id":"https:\/\/exaudi.org\/#\/schema\/person\/e1ab6ed07c01774724dd96f925f3a5f0","name":"Exaudi Redazione","image":{"@type":"ImageObject","inLanguage":"it-IT","@id":"https:\/\/secure.gravatar.com\/avatar\/ad6774b3ada023bf5b939d64f45c94b3adf91502dd883507d469b4308a943bb3?s=96&d=mm&r=g","url":"https:\/\/secure.gravatar.com\/avatar\/ad6774b3ada023bf5b939d64f45c94b3adf91502dd883507d469b4308a943bb3?s=96&d=mm&r=g","contentUrl":"https:\/\/secure.gravatar.com\/avatar\/ad6774b3ada023bf5b939d64f45c94b3adf91502dd883507d469b4308a943bb3?s=96&d=mm&r=g","caption":"Exaudi Redazione"},"description":"Che cosa \u00e8 Exaudi News? Exaudi News \u00e8 un agenzia cattolica internazionale che informa, istruisce e trasforma quotidianamente in spagnolo, inglese e italiano. Attraverso notizie, articoli di analisi e trasmissioni in diretta degli eventi del Papa, Exaudi cerca di rafforzare l'unit\u00e0 dei cristiani e di contribuire all'evangelizzazione del mondo, sempre guidato dalla dottrina sociale della Chiesa. Lavoriamo per portare la verit\u00e0 e i valori cristiani in ogni angolo del pianeta. Aiutaci a trasformare il mondo con Exaudi! Noi di Exaudi crediamo che l'evangelizzazione e l'informazione di qualit\u00e0 possano cambiare la vita. Per continuare la nostra missione ed espandere la nostra portata, abbiamo bisogno del tuo aiuto. Stiamo anche cercando persone motivate che vogliano unirsi al nostro team. Grazie al vostro sostegno raggiungeremo pi\u00f9 persone, diffonderemo il messaggio di Cristo e rafforzeremo l'unit\u00e0 dei cristiani. Vuoi unirti alla nostra missione? Per maggiori informazioni su come contribuire, visita Exaudi.org\/it o contattaci direttamente: info@exaudi.org Exaudi: informa, forma e trasforma.","sameAs":["https:\/\/www.facebook.com\/ExaudiNotizie\/","https:\/\/www.instagram.com\/Exaudi_notizie\/","https:\/\/x.com\/Exaudi_Notizie","https:\/\/www.youtube.com\/@exaudicatholicnews"],"url":"https:\/\/exaudi.org\/it\/author\/dlvedi-org\/"}]}},"jetpack_featured_media_url":"https:\/\/exaudi.org\/wp-content\/uploads\/2023\/04\/cq5dam.thumbnail.cropped.750.422-1-5.jpeg","jetpack_shortlink":"https:\/\/wp.me\/pgKjF2-jgh","_links":{"self":[{"href":"https:\/\/exaudi.org\/it\/wp-json\/wp\/v2\/posts\/74045","targetHints":{"allow":["GET"]}}],"collection":[{"href":"https:\/\/exaudi.org\/it\/wp-json\/wp\/v2\/posts"}],"about":[{"href":"https:\/\/exaudi.org\/it\/wp-json\/wp\/v2\/types\/post"}],"author":[{"embeddable":true,"href":"https:\/\/exaudi.org\/it\/wp-json\/wp\/v2\/users\/17"}],"replies":[{"embeddable":true,"href":"https:\/\/exaudi.org\/it\/wp-json\/wp\/v2\/comments?post=74045"}],"version-history":[{"count":0,"href":"https:\/\/exaudi.org\/it\/wp-json\/wp\/v2\/posts\/74045\/revisions"}],"wp:featuredmedia":[{"embeddable":true,"href":"https:\/\/exaudi.org\/it\/wp-json\/wp\/v2\/media\/74046"}],"wp:attachment":[{"href":"https:\/\/exaudi.org\/it\/wp-json\/wp\/v2\/media?parent=74045"}],"wp:term":[{"taxonomy":"category","embeddable":true,"href":"https:\/\/exaudi.org\/it\/wp-json\/wp\/v2\/categories?post=74045"},{"taxonomy":"post_tag","embeddable":true,"href":"https:\/\/exaudi.org\/it\/wp-json\/wp\/v2\/tags?post=74045"}],"curies":[{"name":"wp","href":"https:\/\/api.w.org\/{rel}","templated":true}]}}