{"id":74027,"date":"2023-04-13T17:16:29","date_gmt":"2023-04-13T15:16:29","guid":{"rendered":"https:\/\/exaudi.org\/?p=74027"},"modified":"2023-04-13T17:16:29","modified_gmt":"2023-04-13T15:16:29","slug":"nessuno-nessuno-deve-sentirsi-solo-nella-malattia","status":"publish","type":"post","link":"https:\/\/exaudi.org\/it\/nessuno-nessuno-deve-sentirsi-solo-nella-malattia\/","title":{"rendered":"&#8220;Nessuno, nessuno deve sentirsi solo nella malattia!&#8221;"},"content":{"rendered":"<p><strong>Udienza ai Membri dell&#8217;Associazione Religiosa Istituti Socio-Sanitari &#8211; ARIS<\/strong><\/p>\n<p>Questa mattina, nel Palazzo Apostolico Vaticano, il Santo Padre Francesco ha ricevuto in Udienza i Membri dell\u2019Associazione Religiosa Istituti Socio-Sanitari (ARIS) e ha rivolto loro il discorso che pubblichiamo di seguito:<\/p>\n<p>&nbsp;<\/p>\n<p><b><u>Discorso del Santo Padre<\/u><\/b><\/p>\n<p>Cari fratelli e sorelle, buongiorno!<\/p>\n<p>Ringrazio il Presidente, Padre Virginio Bebber, per le sue parole, e do il benvenuto a tutti voi. Saluto il Direttore dell\u2019Ufficio per la Pastorale della Salute della Conferenza Episcopale Italiana.<\/p>\n<p>Sono lieto di incontrare la vostra Associazione, impegnata nella gestione delle strutture sanitarie di ispirazione cristiana, paragonabili alla locanda del buon samaritano (cfr\u00a0<i>Lc<\/i>\u00a010,25-37), dove i malati possono ricevere \u00abl\u2019olio della consolazione e il vino della speranza\u00bb<sup>[1]<\/sup>. Esprimo il mio apprezzamento per il bene compiuto in tanti istituti a carattere sanitario presenti in Italia e incoraggio a portarli avanti con la perseveranza e la fantasia della carit\u00e0, proprie di molti fondatori che ad essi hanno dato vita.<\/p>\n<p>La sanit\u00e0 religiosa in Italia ha una storia bella e plurisecolare. La Chiesa ha fatto molto, attraverso la sanit\u00e0, per dare ascolto e attenzione alle fasce povere, deboli e abbandonate della societ\u00e0. Non sono mancati, in questo ambito, testimoni autorevoli, che hanno saputo riconoscere e servire Cristo malato e sofferente fino al dono completo di s\u00e9, anche con il sacrificio della vita. Pensiamo a San Camillo de Lellis, Santa Giuseppina Vannini, San Giuseppe Moscati, Santa Agostina Pietrantoni e tanti altri. Grati per il passato, ci sentiamo dunque chiamati ad abitare il presente con impegno fattivo e con spirito profetico. Nel settore della sanit\u00e0 la cultura dello scarto pu\u00f2 mostrare pi\u00f9 che altrove, a volte in modo evidente, le sue dolorose conseguenze. Quando infatti la persona malata non \u00e8 messa al centro e considerata nella sua dignit\u00e0, si ingenerano atteggiamenti che possono portare addirittura a speculare sulle disgrazie altrui<sup>[2]<\/sup>, e questo deve renderci vigilanti.<\/p>\n<p><img loading=\"lazy\" decoding=\"async\" class=\"size-medium wp-image-74031 alignright\" src=\"https:\/\/exaudi.org\/wp-content\/uploads\/2023\/04\/cq5dam.web_.800.800-1-1-200x300.jpeg\" alt=\"\" width=\"200\" height=\"300\" srcset=\"https:\/\/exaudi.org\/wp-content\/uploads\/2023\/04\/cq5dam.web_.800.800-1-1-200x300.jpeg 200w, https:\/\/exaudi.org\/wp-content\/uploads\/2023\/04\/cq5dam.web_.800.800-1-1-500x750.jpeg 500w, https:\/\/exaudi.org\/wp-content\/uploads\/2023\/04\/cq5dam.web_.800.800-1-1-293x440.jpeg 293w, https:\/\/exaudi.org\/wp-content\/uploads\/2023\/04\/cq5dam.web_.800.800-1-1-390x585.jpeg 390w, https:\/\/exaudi.org\/wp-content\/uploads\/2023\/04\/cq5dam.web_.800.800-1-1.jpeg 533w\" sizes=\"auto, (max-width: 200px) 100vw, 200px\" \/>Chiediamoci in particolare: qual \u00e8 il compito delle Istituzioni sanitarie di ispirazione cristiana in un contesto, come quello italiano, dov\u2019\u00e8 presente un servizio sanitario nazionale per sua vocazione universalistico, e dunque chiamato a provvedere alla cura di tutti? Per rispondere a questa domanda, \u00e8 necessario recuperare\u00a0<i>il carisma fondante della sanit\u00e0 cattolica<\/i>\u00a0per applicarlo in questa nuova situazione storica, consapevoli anche che oggi, per vari motivi, \u00e8 sempre pi\u00f9 difficile mantenere le strutture esistenti<i>.<\/i>\u00a0Occorre intraprendere cammini di discernimento e fare scelte coraggiose, ricordandoci che la nostra vocazione \u00e8 quella di stare sulla frontiera del bisogno; la vocazione nostra \u00e8 quella: sulla frontiera del bisogno. Come Chiesa, siamo chiamati a rispondere soprattutto alla domanda di salute dei pi\u00f9 poveri, degli esclusi e di quanti, per ragioni di carattere economico o culturale, vedono disattesi i loro bisogni. Questi sono i pi\u00f9 importanti per noi, quelli che sono al primo posto della coda: questi.<\/p>\n<p>Il ritorno della \u201cpovert\u00e0 di salute\u201d sta assumendo in Italia proporzioni importanti, soprattutto nelle Regioni segnate da situazioni socio-economiche pi\u00f9 difficili. Ci sono persone che per scarsit\u00e0 di mezzi non riescono a curarsi, per le quali anche il pagamento di un\u00a0<i>ticket<\/i>\u00a0\u00e8 un problema; e ci sono persone che hanno difficolt\u00e0 di accesso ai servizi sanitari a causa di lunghissime liste d\u2019attesa, anche per visite urgenti e necessarie! Il bisogno di cure intermedie poi \u00e8 sempre pi\u00f9 elevato, vista la crescente tendenza degli ospedali a dimettere i malati in tempi brevi, privilegiando la cura delle fasi pi\u00f9 acute della malattia rispetto a quella delle patologie croniche: di conseguenza queste, soprattutto per gli anziani, stanno diventando un problema serio anche dal punto di vista economico, con il rischio di favorire percorsi poco rispettosi della dignit\u00e0 stessa delle persone. Un anziano deve prendere le medicine, e se per risparmiare o per questo o quel motivo non gli danno queste medicine, \u00e8 un\u2019eutanasia nascosta e progressiva. Dobbiamo dire questo. Ogni persona ha diritto alle medicine. E tante volte \u2013 penso ad altri Paesi, in Italia non conosco molto questo, in altri Paesi s\u00ec, conosco \u2013 gli anziani che devono prendere quattro o cinque medicine e riescono solo ad averne due: questa \u00e8 un\u2019eutanasia progressiva, perch\u00e9 non si d\u00e0 loro ci\u00f2 di cui hanno bisogno per curarsi.<\/p>\n<p>La sanit\u00e0 di ispirazione cristiana ha il dovere di difendere il diritto alla cura soprattutto delle fasce pi\u00f9 deboli della societ\u00e0, privilegiando i luoghi dove le persone sono pi\u00f9 sofferenti e meno curate, anche se questo pu\u00f2 richiedere la riconversione di servizi esistenti verso nuove realt\u00e0. Ogni persona malata \u00e8 per definizione fragile, povera, bisognosa di aiuto, e a volte chi \u00e8 ricco si trova pi\u00f9 solo e abbandonato di chi \u00e8 povero. Per\u00f2 \u00e8 evidente che oggi ci sono opportunit\u00e0 diverse di accesso alle cure per coloro che hanno disponibilit\u00e0 economiche rispetto alle persone pi\u00f9 indigenti. E allora, pensando a tante congregazioni, nate in diverse epoche storiche con carismi coraggiosi, chiediamoci: cosa farebbero questi Fondatori e Fondatrici oggi?<\/p>\n<p>Gli ospedali religiosi hanno soprattutto la missione di prendersi cura di coloro che sono scartati dall\u2019economia sanitaria e da una certa cultura contemporanea. Questa \u00e8 stata la profezia di tante istituzioni sanitarie di ispirazione cristiana, a iniziare dalla nascita degli ospedali stessi, creati proprio per curare quelli che nessuno voleva toccare. Sia questa anche oggi la vostra testimonianza, sostenuta da una gestione competente e limpida, capace di coniugare ricerca, innovazione, dedizione agli ultimi e visione d\u2019insieme.<\/p>\n<p>La realt\u00e0 \u00e8 complessa e potrete affrontarla in modo adeguato solo se le istituzioni sanitarie di ispirazione religiosa avranno il coraggio di mettersi insieme e fare rete, rifuggendo ogni spirito concorrenziale, unendo competenze e risorse e magari costituendo nuovi soggetti giuridici, attraverso i quali aiutare soprattutto le realt\u00e0 pi\u00f9 piccole. Non temete di percorrere strade nuove \u2013 rischiate, rischiate \u2013, in modo da evitare che i nostri ospedali, solo per ragioni economiche, vengano alienati \u2013 questo \u00e8 un pericolo e anche attuale: qui a Roma, posso mandarvi la lista \u2013, vanificando cos\u00ec un patrimonio a lungo custodito e impreziosito da tanti sacrifici. Proprio per realizzare queste due impellenti finalit\u00e0 e su richiesta delle stesse istituzioni sanitarie di ispirazione cattolica, \u00e8 nata nel dicembre 2015 la\u00a0<i>Pontificia Commissione per le Attivit\u00e0 del Settore Sanitario delle Persone giuridiche pubbliche della Chiesa<\/i>, con la quale invito ad avere una fattiva e costruttiva collaborazione.<\/p>\n<p>Infine, vorrei raccomandarvi di accompagnare le persone che accogliete nelle vostre istituzioni con una cura integrale, che non trascuri l\u2019assistenza spirituale e religiosa dei malati, delle loro famiglie e degli operatori sanitari. Anche in questo le istituzioni sanitarie di ispirazione cristiana dovrebbero essere esemplari. E non si tratta solo di offrire una pastorale sacramentaria, bens\u00ec di dare un\u2019attenzione completa alla persona. Nessuno, nessuno deve sentirsi solo nella malattia! Al contrario, ciascuno sia sostenuto nelle sue domande di senso e aiutato a percorrere con speranza cristiana la strada, a volte lunga e faticosa, dell\u2019infermit\u00e0.<\/p>\n<p>Cari fratelli e sorelle, tenete vivo il carisma dei vostri Fondatori, non tanto per imitarne i gesti, quanto piuttosto per accoglierne lo spirito, non tanto per difendere il passato, quanto per costruire un presente e futuro in cui annunciare, con la vostra presenza, la vicinanza di Dio ai malati, soprattutto ai pi\u00f9 svantaggiati ed emarginati dalla logica del profitto. La Madonna vi accompagni. Di cuore vi benedico e benedico il vostro lavoro. E vi raccomando, non dimenticatevi di pregare per me. Grazie.<\/p>\n<p>________________________<\/p>\n<p><sup>[1]<\/sup>\u00a0<i>Messale Romano<\/i>, Prefazio Comune VIII.<br \/>\n<sup>[2]<\/sup>\u00a0Cfr\u00a0<i>Discorso alla Commissione Episcopale per il Servizio della Carit\u00e0 e la Salute della CEI<\/i>, 10 febbraio 2017.<\/p>\n","protected":false},"excerpt":{"rendered":"<p>Oggi in udienza dal Papa i membri dell&#8217;associazione ARIS<\/p>\n","protected":false},"author":17,"featured_media":74028,"comment_status":"closed","ping_status":"closed","sticky":false,"template":"","format":"standard","meta":{"_acf_changed":false,"_crdt_document":"","inline_featured_image":false,"footnotes":""},"categories":[67],"tags":[8868,251,4952,1843],"class_list":["post-74027","post","type-post","status-publish","format-standard","has-post-thumbnail","hentry","category-leone-xiv","tag-associazione-religiosa-istituti-socio-sanitari","tag-papa-francesco","tag-trending-it","tag-udienza"],"acf":[],"yoast_head":"<!-- This site is optimized with the Yoast SEO plugin v27.5 - https:\/\/yoast.com\/product\/yoast-seo-wordpress\/ -->\n<title>&quot;Nessuno, nessuno deve sentirsi solo nella malattia!&quot; &#8211; Exaudi<\/title>\n<meta name=\"robots\" content=\"index, follow, max-snippet:-1, max-image-preview:large, max-video-preview:-1\" \/>\n<link rel=\"canonical\" href=\"https:\/\/exaudi.org\/it\/nessuno-nessuno-deve-sentirsi-solo-nella-malattia\/\" \/>\n<meta property=\"og:locale\" content=\"it_IT\" \/>\n<meta property=\"og:type\" content=\"article\" \/>\n<meta property=\"og:title\" content=\"&quot;Nessuno, nessuno deve sentirsi solo nella malattia!&quot; &#8211; Exaudi\" \/>\n<meta property=\"og:description\" content=\"Oggi in udienza dal Papa i membri dell&#039;associazione ARIS\" \/>\n<meta property=\"og:url\" content=\"https:\/\/exaudi.org\/it\/nessuno-nessuno-deve-sentirsi-solo-nella-malattia\/\" \/>\n<meta property=\"og:site_name\" content=\"Exaudi\" \/>\n<meta property=\"article:publisher\" content=\"https:\/\/www.facebook.com\/ExaudiNews\" \/>\n<meta property=\"article:author\" content=\"https:\/\/www.facebook.com\/ExaudiNotizie\/\" \/>\n<meta property=\"article:published_time\" content=\"2023-04-13T15:16:29+00:00\" \/>\n<meta property=\"og:image\" content=\"https:\/\/exaudi.org\/wp-content\/uploads\/2023\/04\/cq5dam.web_.800.800-6.jpeg\" \/>\n\t<meta property=\"og:image:width\" content=\"800\" \/>\n\t<meta property=\"og:image:height\" content=\"533\" \/>\n\t<meta property=\"og:image:type\" content=\"image\/jpeg\" \/>\n<meta name=\"author\" content=\"Exaudi Redazione\" \/>\n<meta name=\"twitter:card\" content=\"summary_large_image\" \/>\n<meta name=\"twitter:creator\" content=\"@Exaudi_Notizie\" \/>\n<meta name=\"twitter:site\" content=\"@Exaudi_News\" \/>\n<meta name=\"twitter:label1\" content=\"Scritto da\" \/>\n\t<meta name=\"twitter:data1\" content=\"Exaudi Redazione\" \/>\n\t<meta name=\"twitter:label2\" content=\"Tempo di lettura stimato\" \/>\n\t<meta name=\"twitter:data2\" content=\"6 minuti\" \/>\n<script type=\"application\/ld+json\" class=\"yoast-schema-graph\">{\"@context\":\"https:\\\/\\\/schema.org\",\"@graph\":[{\"@type\":\"Article\",\"@id\":\"https:\\\/\\\/exaudi.org\\\/it\\\/nessuno-nessuno-deve-sentirsi-solo-nella-malattia\\\/#article\",\"isPartOf\":{\"@id\":\"https:\\\/\\\/exaudi.org\\\/it\\\/nessuno-nessuno-deve-sentirsi-solo-nella-malattia\\\/\"},\"author\":{\"name\":\"Exaudi Redazione\",\"@id\":\"https:\\\/\\\/exaudi.org\\\/#\\\/schema\\\/person\\\/e1ab6ed07c01774724dd96f925f3a5f0\"},\"headline\":\"&#8220;Nessuno, nessuno deve sentirsi solo nella malattia!&#8221;\",\"datePublished\":\"2023-04-13T15:16:29+00:00\",\"mainEntityOfPage\":{\"@id\":\"https:\\\/\\\/exaudi.org\\\/it\\\/nessuno-nessuno-deve-sentirsi-solo-nella-malattia\\\/\"},\"wordCount\":1222,\"image\":{\"@id\":\"https:\\\/\\\/exaudi.org\\\/it\\\/nessuno-nessuno-deve-sentirsi-solo-nella-malattia\\\/#primaryimage\"},\"thumbnailUrl\":\"https:\\\/\\\/exaudi.org\\\/wp-content\\\/uploads\\\/2023\\\/04\\\/cq5dam.web_.800.800-6.jpeg\",\"keywords\":[\"Associazione Religiosa Istituti Socio-Sanitari\",\"Papa Francesco\",\"Trending\",\"udienza\"],\"articleSection\":[\"Leone XIV\"],\"inLanguage\":\"it-IT\"},{\"@type\":\"WebPage\",\"@id\":\"https:\\\/\\\/exaudi.org\\\/it\\\/nessuno-nessuno-deve-sentirsi-solo-nella-malattia\\\/\",\"url\":\"https:\\\/\\\/exaudi.org\\\/it\\\/nessuno-nessuno-deve-sentirsi-solo-nella-malattia\\\/\",\"name\":\"\\\"Nessuno, nessuno deve sentirsi solo nella malattia!\\\" &#8211; Exaudi\",\"isPartOf\":{\"@id\":\"https:\\\/\\\/exaudi.org\\\/#website\"},\"primaryImageOfPage\":{\"@id\":\"https:\\\/\\\/exaudi.org\\\/it\\\/nessuno-nessuno-deve-sentirsi-solo-nella-malattia\\\/#primaryimage\"},\"image\":{\"@id\":\"https:\\\/\\\/exaudi.org\\\/it\\\/nessuno-nessuno-deve-sentirsi-solo-nella-malattia\\\/#primaryimage\"},\"thumbnailUrl\":\"https:\\\/\\\/exaudi.org\\\/wp-content\\\/uploads\\\/2023\\\/04\\\/cq5dam.web_.800.800-6.jpeg\",\"datePublished\":\"2023-04-13T15:16:29+00:00\",\"author\":{\"@id\":\"https:\\\/\\\/exaudi.org\\\/#\\\/schema\\\/person\\\/e1ab6ed07c01774724dd96f925f3a5f0\"},\"breadcrumb\":{\"@id\":\"https:\\\/\\\/exaudi.org\\\/it\\\/nessuno-nessuno-deve-sentirsi-solo-nella-malattia\\\/#breadcrumb\"},\"inLanguage\":\"it-IT\",\"potentialAction\":[{\"@type\":\"ReadAction\",\"target\":[\"https:\\\/\\\/exaudi.org\\\/it\\\/nessuno-nessuno-deve-sentirsi-solo-nella-malattia\\\/\"]}]},{\"@type\":\"ImageObject\",\"inLanguage\":\"it-IT\",\"@id\":\"https:\\\/\\\/exaudi.org\\\/it\\\/nessuno-nessuno-deve-sentirsi-solo-nella-malattia\\\/#primaryimage\",\"url\":\"https:\\\/\\\/exaudi.org\\\/wp-content\\\/uploads\\\/2023\\\/04\\\/cq5dam.web_.800.800-6.jpeg\",\"contentUrl\":\"https:\\\/\\\/exaudi.org\\\/wp-content\\\/uploads\\\/2023\\\/04\\\/cq5dam.web_.800.800-6.jpeg\",\"width\":800,\"height\":533,\"caption\":\"Vatican Media\"},{\"@type\":\"BreadcrumbList\",\"@id\":\"https:\\\/\\\/exaudi.org\\\/it\\\/nessuno-nessuno-deve-sentirsi-solo-nella-malattia\\\/#breadcrumb\",\"itemListElement\":[{\"@type\":\"ListItem\",\"position\":1,\"name\":\"Portada\",\"item\":\"https:\\\/\\\/exaudi.org\\\/it\\\/\"},{\"@type\":\"ListItem\",\"position\":2,\"name\":\"&#8220;Nessuno, nessuno deve sentirsi solo nella malattia!&#8221;\"}]},{\"@type\":\"WebSite\",\"@id\":\"https:\\\/\\\/exaudi.org\\\/#website\",\"url\":\"https:\\\/\\\/exaudi.org\\\/\",\"name\":\"Exaudi\",\"description\":\"News\",\"potentialAction\":[{\"@type\":\"SearchAction\",\"target\":{\"@type\":\"EntryPoint\",\"urlTemplate\":\"https:\\\/\\\/exaudi.org\\\/?s={search_term_string}\"},\"query-input\":{\"@type\":\"PropertyValueSpecification\",\"valueRequired\":true,\"valueName\":\"search_term_string\"}}],\"inLanguage\":\"it-IT\"},{\"@type\":\"Person\",\"@id\":\"https:\\\/\\\/exaudi.org\\\/#\\\/schema\\\/person\\\/e1ab6ed07c01774724dd96f925f3a5f0\",\"name\":\"Exaudi Redazione\",\"image\":{\"@type\":\"ImageObject\",\"inLanguage\":\"it-IT\",\"@id\":\"https:\\\/\\\/secure.gravatar.com\\\/avatar\\\/ad6774b3ada023bf5b939d64f45c94b3adf91502dd883507d469b4308a943bb3?s=96&d=mm&r=g\",\"url\":\"https:\\\/\\\/secure.gravatar.com\\\/avatar\\\/ad6774b3ada023bf5b939d64f45c94b3adf91502dd883507d469b4308a943bb3?s=96&d=mm&r=g\",\"contentUrl\":\"https:\\\/\\\/secure.gravatar.com\\\/avatar\\\/ad6774b3ada023bf5b939d64f45c94b3adf91502dd883507d469b4308a943bb3?s=96&d=mm&r=g\",\"caption\":\"Exaudi Redazione\"},\"description\":\"Che cosa \u00e8 Exaudi News? Exaudi News \u00e8 un agenzia cattolica internazionale che informa, istruisce e trasforma quotidianamente in spagnolo, inglese e italiano. Attraverso notizie, articoli di analisi e trasmissioni in diretta degli eventi del Papa, Exaudi cerca di rafforzare l'unit\u00e0 dei cristiani e di contribuire all'evangelizzazione del mondo, sempre guidato dalla dottrina sociale della Chiesa. Lavoriamo per portare la verit\u00e0 e i valori cristiani in ogni angolo del pianeta. Aiutaci a trasformare il mondo con Exaudi! Noi di Exaudi crediamo che l'evangelizzazione e l'informazione di qualit\u00e0 possano cambiare la vita. Per continuare la nostra missione ed espandere la nostra portata, abbiamo bisogno del tuo aiuto. Stiamo anche cercando persone motivate che vogliano unirsi al nostro team. Grazie al vostro sostegno raggiungeremo pi\u00f9 persone, diffonderemo il messaggio di Cristo e rafforzeremo l'unit\u00e0 dei cristiani. Vuoi unirti alla nostra missione? Per maggiori informazioni su come contribuire, visita Exaudi.org\\\/it o contattaci direttamente: info@exaudi.org Exaudi: informa, forma e trasforma.\",\"sameAs\":[\"https:\\\/\\\/www.facebook.com\\\/ExaudiNotizie\\\/\",\"https:\\\/\\\/www.instagram.com\\\/Exaudi_notizie\\\/\",\"https:\\\/\\\/x.com\\\/Exaudi_Notizie\",\"https:\\\/\\\/www.youtube.com\\\/@exaudicatholicnews\"],\"url\":\"https:\\\/\\\/exaudi.org\\\/it\\\/author\\\/dlvedi-org\\\/\"}]}<\/script>\n<!-- \/ Yoast SEO plugin. -->","yoast_head_json":{"title":"\"Nessuno, nessuno deve sentirsi solo nella malattia!\" &#8211; Exaudi","robots":{"index":"index","follow":"follow","max-snippet":"max-snippet:-1","max-image-preview":"max-image-preview:large","max-video-preview":"max-video-preview:-1"},"canonical":"https:\/\/exaudi.org\/it\/nessuno-nessuno-deve-sentirsi-solo-nella-malattia\/","og_locale":"it_IT","og_type":"article","og_title":"\"Nessuno, nessuno deve sentirsi solo nella malattia!\" &#8211; Exaudi","og_description":"Oggi in udienza dal Papa i membri dell'associazione ARIS","og_url":"https:\/\/exaudi.org\/it\/nessuno-nessuno-deve-sentirsi-solo-nella-malattia\/","og_site_name":"Exaudi","article_publisher":"https:\/\/www.facebook.com\/ExaudiNews","article_author":"https:\/\/www.facebook.com\/ExaudiNotizie\/","article_published_time":"2023-04-13T15:16:29+00:00","og_image":[{"width":800,"height":533,"url":"https:\/\/exaudi.org\/wp-content\/uploads\/2023\/04\/cq5dam.web_.800.800-6.jpeg","type":"image\/jpeg"}],"author":"Exaudi Redazione","twitter_card":"summary_large_image","twitter_creator":"@Exaudi_Notizie","twitter_site":"@Exaudi_News","twitter_misc":{"Scritto da":"Exaudi Redazione","Tempo di lettura stimato":"6 minuti"},"schema":{"@context":"https:\/\/schema.org","@graph":[{"@type":"Article","@id":"https:\/\/exaudi.org\/it\/nessuno-nessuno-deve-sentirsi-solo-nella-malattia\/#article","isPartOf":{"@id":"https:\/\/exaudi.org\/it\/nessuno-nessuno-deve-sentirsi-solo-nella-malattia\/"},"author":{"name":"Exaudi Redazione","@id":"https:\/\/exaudi.org\/#\/schema\/person\/e1ab6ed07c01774724dd96f925f3a5f0"},"headline":"&#8220;Nessuno, nessuno deve sentirsi solo nella malattia!&#8221;","datePublished":"2023-04-13T15:16:29+00:00","mainEntityOfPage":{"@id":"https:\/\/exaudi.org\/it\/nessuno-nessuno-deve-sentirsi-solo-nella-malattia\/"},"wordCount":1222,"image":{"@id":"https:\/\/exaudi.org\/it\/nessuno-nessuno-deve-sentirsi-solo-nella-malattia\/#primaryimage"},"thumbnailUrl":"https:\/\/exaudi.org\/wp-content\/uploads\/2023\/04\/cq5dam.web_.800.800-6.jpeg","keywords":["Associazione Religiosa Istituti Socio-Sanitari","Papa Francesco","Trending","udienza"],"articleSection":["Leone XIV"],"inLanguage":"it-IT"},{"@type":"WebPage","@id":"https:\/\/exaudi.org\/it\/nessuno-nessuno-deve-sentirsi-solo-nella-malattia\/","url":"https:\/\/exaudi.org\/it\/nessuno-nessuno-deve-sentirsi-solo-nella-malattia\/","name":"\"Nessuno, nessuno deve sentirsi solo nella malattia!\" &#8211; Exaudi","isPartOf":{"@id":"https:\/\/exaudi.org\/#website"},"primaryImageOfPage":{"@id":"https:\/\/exaudi.org\/it\/nessuno-nessuno-deve-sentirsi-solo-nella-malattia\/#primaryimage"},"image":{"@id":"https:\/\/exaudi.org\/it\/nessuno-nessuno-deve-sentirsi-solo-nella-malattia\/#primaryimage"},"thumbnailUrl":"https:\/\/exaudi.org\/wp-content\/uploads\/2023\/04\/cq5dam.web_.800.800-6.jpeg","datePublished":"2023-04-13T15:16:29+00:00","author":{"@id":"https:\/\/exaudi.org\/#\/schema\/person\/e1ab6ed07c01774724dd96f925f3a5f0"},"breadcrumb":{"@id":"https:\/\/exaudi.org\/it\/nessuno-nessuno-deve-sentirsi-solo-nella-malattia\/#breadcrumb"},"inLanguage":"it-IT","potentialAction":[{"@type":"ReadAction","target":["https:\/\/exaudi.org\/it\/nessuno-nessuno-deve-sentirsi-solo-nella-malattia\/"]}]},{"@type":"ImageObject","inLanguage":"it-IT","@id":"https:\/\/exaudi.org\/it\/nessuno-nessuno-deve-sentirsi-solo-nella-malattia\/#primaryimage","url":"https:\/\/exaudi.org\/wp-content\/uploads\/2023\/04\/cq5dam.web_.800.800-6.jpeg","contentUrl":"https:\/\/exaudi.org\/wp-content\/uploads\/2023\/04\/cq5dam.web_.800.800-6.jpeg","width":800,"height":533,"caption":"Vatican Media"},{"@type":"BreadcrumbList","@id":"https:\/\/exaudi.org\/it\/nessuno-nessuno-deve-sentirsi-solo-nella-malattia\/#breadcrumb","itemListElement":[{"@type":"ListItem","position":1,"name":"Portada","item":"https:\/\/exaudi.org\/it\/"},{"@type":"ListItem","position":2,"name":"&#8220;Nessuno, nessuno deve sentirsi solo nella malattia!&#8221;"}]},{"@type":"WebSite","@id":"https:\/\/exaudi.org\/#website","url":"https:\/\/exaudi.org\/","name":"Exaudi","description":"News","potentialAction":[{"@type":"SearchAction","target":{"@type":"EntryPoint","urlTemplate":"https:\/\/exaudi.org\/?s={search_term_string}"},"query-input":{"@type":"PropertyValueSpecification","valueRequired":true,"valueName":"search_term_string"}}],"inLanguage":"it-IT"},{"@type":"Person","@id":"https:\/\/exaudi.org\/#\/schema\/person\/e1ab6ed07c01774724dd96f925f3a5f0","name":"Exaudi Redazione","image":{"@type":"ImageObject","inLanguage":"it-IT","@id":"https:\/\/secure.gravatar.com\/avatar\/ad6774b3ada023bf5b939d64f45c94b3adf91502dd883507d469b4308a943bb3?s=96&d=mm&r=g","url":"https:\/\/secure.gravatar.com\/avatar\/ad6774b3ada023bf5b939d64f45c94b3adf91502dd883507d469b4308a943bb3?s=96&d=mm&r=g","contentUrl":"https:\/\/secure.gravatar.com\/avatar\/ad6774b3ada023bf5b939d64f45c94b3adf91502dd883507d469b4308a943bb3?s=96&d=mm&r=g","caption":"Exaudi Redazione"},"description":"Che cosa \u00e8 Exaudi News? Exaudi News \u00e8 un agenzia cattolica internazionale che informa, istruisce e trasforma quotidianamente in spagnolo, inglese e italiano. Attraverso notizie, articoli di analisi e trasmissioni in diretta degli eventi del Papa, Exaudi cerca di rafforzare l'unit\u00e0 dei cristiani e di contribuire all'evangelizzazione del mondo, sempre guidato dalla dottrina sociale della Chiesa. Lavoriamo per portare la verit\u00e0 e i valori cristiani in ogni angolo del pianeta. Aiutaci a trasformare il mondo con Exaudi! Noi di Exaudi crediamo che l'evangelizzazione e l'informazione di qualit\u00e0 possano cambiare la vita. Per continuare la nostra missione ed espandere la nostra portata, abbiamo bisogno del tuo aiuto. Stiamo anche cercando persone motivate che vogliano unirsi al nostro team. Grazie al vostro sostegno raggiungeremo pi\u00f9 persone, diffonderemo il messaggio di Cristo e rafforzeremo l'unit\u00e0 dei cristiani. Vuoi unirti alla nostra missione? Per maggiori informazioni su come contribuire, visita Exaudi.org\/it o contattaci direttamente: info@exaudi.org Exaudi: informa, forma e trasforma.","sameAs":["https:\/\/www.facebook.com\/ExaudiNotizie\/","https:\/\/www.instagram.com\/Exaudi_notizie\/","https:\/\/x.com\/Exaudi_Notizie","https:\/\/www.youtube.com\/@exaudicatholicnews"],"url":"https:\/\/exaudi.org\/it\/author\/dlvedi-org\/"}]}},"jetpack_featured_media_url":"https:\/\/exaudi.org\/wp-content\/uploads\/2023\/04\/cq5dam.web_.800.800-6.jpeg","jetpack_shortlink":"https:\/\/wp.me\/pgKjF2-jfZ","_links":{"self":[{"href":"https:\/\/exaudi.org\/it\/wp-json\/wp\/v2\/posts\/74027","targetHints":{"allow":["GET"]}}],"collection":[{"href":"https:\/\/exaudi.org\/it\/wp-json\/wp\/v2\/posts"}],"about":[{"href":"https:\/\/exaudi.org\/it\/wp-json\/wp\/v2\/types\/post"}],"author":[{"embeddable":true,"href":"https:\/\/exaudi.org\/it\/wp-json\/wp\/v2\/users\/17"}],"replies":[{"embeddable":true,"href":"https:\/\/exaudi.org\/it\/wp-json\/wp\/v2\/comments?post=74027"}],"version-history":[{"count":0,"href":"https:\/\/exaudi.org\/it\/wp-json\/wp\/v2\/posts\/74027\/revisions"}],"wp:featuredmedia":[{"embeddable":true,"href":"https:\/\/exaudi.org\/it\/wp-json\/wp\/v2\/media\/74028"}],"wp:attachment":[{"href":"https:\/\/exaudi.org\/it\/wp-json\/wp\/v2\/media?parent=74027"}],"wp:term":[{"taxonomy":"category","embeddable":true,"href":"https:\/\/exaudi.org\/it\/wp-json\/wp\/v2\/categories?post=74027"},{"taxonomy":"post_tag","embeddable":true,"href":"https:\/\/exaudi.org\/it\/wp-json\/wp\/v2\/tags?post=74027"}],"curies":[{"name":"wp","href":"https:\/\/api.w.org\/{rel}","templated":true}]}}