{"id":74023,"date":"2023-04-13T16:31:29","date_gmt":"2023-04-13T14:31:29","guid":{"rendered":"https:\/\/exaudi.org\/?p=74023"},"modified":"2023-04-13T16:41:45","modified_gmt":"2023-04-13T14:41:45","slug":"iii-giornata-mondiale-dei-nonni-e-degli-anziani","status":"publish","type":"post","link":"https:\/\/exaudi.org\/it\/iii-giornata-mondiale-dei-nonni-e-degli-anziani\/","title":{"rendered":"III Giornata Mondiale dei Nonni e degli Anziani"},"content":{"rendered":"<p><strong>Comunicato Stampa del Dicastero per i Laici, la Famiglia e la Vita<\/strong><\/p>\n<p>Domenica 23 luglio si celebrer\u00e0 la <em>III Giornata Mondiale dei Nonni e degli Anziani<\/em>. Il tema scelto dal Santo Padre \u00e8 \u201c<em>Di generazione in generazione la sua misericordia<\/em>\u201d (<em>Lc<\/em> 1,50), che esprime il legame con la Giornata Mondiale della Giovent\u00f9 che avr\u00e0 luogo pochi giorni dopo a Lisbona (1-6 agosto 2023).<\/p>\n<p>Il tema della GMG \u201c<em>Maria si alz\u00f2 e and\u00f2 in fretta<\/em>\u201d (<em>Lc<\/em> 1,39) ci mostra, infatti, la giovane Maria che si mette in cammino per andare a trovare la sua anziana cugina Elisabetta e che proclama a gran voce, nel <em>Magnificat<\/em>, la forza dell\u2019alleanza tra giovani e anziani.<\/p>\n<p>In occasione della <em>Giornata<\/em>, il Santo Padre presieder\u00e0 una liturgia eucaristica nella Basilica di San Pietro e invita le parrocchie, le diocesi, le realt\u00e0 associative e le comunit\u00e0 ecclesiali di tutto il mondo a celebrare la <em>Giornata<\/em> nel proprio contesto pastorale.<\/p>\n","protected":false},"excerpt":{"rendered":"<p>Domenica 23 luglio liturgia eucaristica nella Basilica di San Pietro<\/p>\n","protected":false},"author":17,"featured_media":12442,"comment_status":"closed","ping_status":"closed","sticky":false,"template":"","format":"standard","meta":{"_acf_changed":false,"_crdt_document":"","inline_featured_image":false,"footnotes":""},"categories":[67],"tags":[7548,1821,251,4952],"class_list":["post-74023","post","type-post","status-publish","format-standard","has-post-thumbnail","hentry","category-leone-xiv","tag-dicastero-per-i-laici-la-famiglia-e-la-vita","tag-nonni","tag-papa-francesco","tag-trending-it"],"acf":[],"yoast_head":"<!-- This site is optimized with the Yoast SEO plugin v27.5 - https:\/\/yoast.com\/product\/yoast-seo-wordpress\/ -->\n<title>III Giornata Mondiale dei Nonni e degli Anziani &#8211; Exaudi<\/title>\n<meta name=\"robots\" content=\"index, follow, max-snippet:-1, max-image-preview:large, max-video-preview:-1\" \/>\n<link rel=\"canonical\" href=\"https:\/\/exaudi.org\/it\/iii-giornata-mondiale-dei-nonni-e-degli-anziani\/\" \/>\n<meta property=\"og:locale\" content=\"it_IT\" \/>\n<meta property=\"og:type\" content=\"article\" \/>\n<meta property=\"og:title\" content=\"III Giornata Mondiale dei Nonni e degli Anziani &#8211; Exaudi\" \/>\n<meta property=\"og:description\" content=\"Domenica 23 luglio liturgia eucaristica nella Basilica di San Pietro\" \/>\n<meta property=\"og:url\" content=\"https:\/\/exaudi.org\/it\/iii-giornata-mondiale-dei-nonni-e-degli-anziani\/\" \/>\n<meta property=\"og:site_name\" content=\"Exaudi\" \/>\n<meta property=\"article:publisher\" content=\"https:\/\/www.facebook.com\/ExaudiNews\" \/>\n<meta property=\"article:author\" content=\"https:\/\/www.facebook.com\/ExaudiNotizie\/\" \/>\n<meta property=\"article:published_time\" content=\"2023-04-13T14:31:29+00:00\" \/>\n<meta property=\"article:modified_time\" content=\"2023-04-13T14:41:45+00:00\" \/>\n<meta property=\"og:image\" content=\"https:\/\/exaudi.org\/wp-content\/uploads\/2021\/04\/cathopic_1493659067646325.jpg\" \/>\n\t<meta property=\"og:image:width\" content=\"2304\" \/>\n\t<meta property=\"og:image:height\" content=\"1536\" \/>\n\t<meta property=\"og:image:type\" content=\"image\/jpeg\" \/>\n<meta name=\"author\" content=\"Exaudi Redazione\" \/>\n<meta name=\"twitter:card\" content=\"summary_large_image\" \/>\n<meta name=\"twitter:creator\" content=\"@Exaudi_Notizie\" \/>\n<meta name=\"twitter:site\" content=\"@Exaudi_News\" \/>\n<meta name=\"twitter:label1\" content=\"Scritto da\" \/>\n\t<meta name=\"twitter:data1\" content=\"Exaudi Redazione\" \/>\n\t<meta name=\"twitter:label2\" content=\"Tempo di lettura stimato\" \/>\n\t<meta name=\"twitter:data2\" content=\"1 minuto\" \/>\n<script type=\"application\/ld+json\" class=\"yoast-schema-graph\">{\"@context\":\"https:\\\/\\\/schema.org\",\"@graph\":[{\"@type\":\"Article\",\"@id\":\"https:\\\/\\\/exaudi.org\\\/it\\\/iii-giornata-mondiale-dei-nonni-e-degli-anziani\\\/#article\",\"isPartOf\":{\"@id\":\"https:\\\/\\\/exaudi.org\\\/it\\\/iii-giornata-mondiale-dei-nonni-e-degli-anziani\\\/\"},\"author\":{\"name\":\"Exaudi Redazione\",\"@id\":\"https:\\\/\\\/exaudi.org\\\/#\\\/schema\\\/person\\\/e1ab6ed07c01774724dd96f925f3a5f0\"},\"headline\":\"III Giornata Mondiale dei Nonni e degli Anziani\",\"datePublished\":\"2023-04-13T14:31:29+00:00\",\"dateModified\":\"2023-04-13T14:41:45+00:00\",\"mainEntityOfPage\":{\"@id\":\"https:\\\/\\\/exaudi.org\\\/it\\\/iii-giornata-mondiale-dei-nonni-e-degli-anziani\\\/\"},\"wordCount\":156,\"image\":{\"@id\":\"https:\\\/\\\/exaudi.org\\\/it\\\/iii-giornata-mondiale-dei-nonni-e-degli-anziani\\\/#primaryimage\"},\"thumbnailUrl\":\"https:\\\/\\\/exaudi.org\\\/wp-content\\\/uploads\\\/2021\\\/04\\\/cathopic_1493659067646325.jpg\",\"keywords\":[\"Dicastero per i Laici la Famiglia e la Vita\",\"nonni\",\"Papa Francesco\",\"Trending\"],\"articleSection\":[\"Leone XIV\"],\"inLanguage\":\"it-IT\"},{\"@type\":\"WebPage\",\"@id\":\"https:\\\/\\\/exaudi.org\\\/it\\\/iii-giornata-mondiale-dei-nonni-e-degli-anziani\\\/\",\"url\":\"https:\\\/\\\/exaudi.org\\\/it\\\/iii-giornata-mondiale-dei-nonni-e-degli-anziani\\\/\",\"name\":\"III Giornata Mondiale dei Nonni e degli Anziani &#8211; Exaudi\",\"isPartOf\":{\"@id\":\"https:\\\/\\\/exaudi.org\\\/#website\"},\"primaryImageOfPage\":{\"@id\":\"https:\\\/\\\/exaudi.org\\\/it\\\/iii-giornata-mondiale-dei-nonni-e-degli-anziani\\\/#primaryimage\"},\"image\":{\"@id\":\"https:\\\/\\\/exaudi.org\\\/it\\\/iii-giornata-mondiale-dei-nonni-e-degli-anziani\\\/#primaryimage\"},\"thumbnailUrl\":\"https:\\\/\\\/exaudi.org\\\/wp-content\\\/uploads\\\/2021\\\/04\\\/cathopic_1493659067646325.jpg\",\"datePublished\":\"2023-04-13T14:31:29+00:00\",\"dateModified\":\"2023-04-13T14:41:45+00:00\",\"author\":{\"@id\":\"https:\\\/\\\/exaudi.org\\\/#\\\/schema\\\/person\\\/e1ab6ed07c01774724dd96f925f3a5f0\"},\"breadcrumb\":{\"@id\":\"https:\\\/\\\/exaudi.org\\\/it\\\/iii-giornata-mondiale-dei-nonni-e-degli-anziani\\\/#breadcrumb\"},\"inLanguage\":\"it-IT\",\"potentialAction\":[{\"@type\":\"ReadAction\",\"target\":[\"https:\\\/\\\/exaudi.org\\\/it\\\/iii-giornata-mondiale-dei-nonni-e-degli-anziani\\\/\"]}]},{\"@type\":\"ImageObject\",\"inLanguage\":\"it-IT\",\"@id\":\"https:\\\/\\\/exaudi.org\\\/it\\\/iii-giornata-mondiale-dei-nonni-e-degli-anziani\\\/#primaryimage\",\"url\":\"https:\\\/\\\/exaudi.org\\\/wp-content\\\/uploads\\\/2021\\\/04\\\/cathopic_1493659067646325.jpg\",\"contentUrl\":\"https:\\\/\\\/exaudi.org\\\/wp-content\\\/uploads\\\/2021\\\/04\\\/cathopic_1493659067646325.jpg\",\"width\":2304,\"height\":1536,\"caption\":\"cathopic\"},{\"@type\":\"BreadcrumbList\",\"@id\":\"https:\\\/\\\/exaudi.org\\\/it\\\/iii-giornata-mondiale-dei-nonni-e-degli-anziani\\\/#breadcrumb\",\"itemListElement\":[{\"@type\":\"ListItem\",\"position\":1,\"name\":\"Portada\",\"item\":\"https:\\\/\\\/exaudi.org\\\/it\\\/\"},{\"@type\":\"ListItem\",\"position\":2,\"name\":\"III Giornata Mondiale dei Nonni e degli Anziani\"}]},{\"@type\":\"WebSite\",\"@id\":\"https:\\\/\\\/exaudi.org\\\/#website\",\"url\":\"https:\\\/\\\/exaudi.org\\\/\",\"name\":\"Exaudi\",\"description\":\"News\",\"potentialAction\":[{\"@type\":\"SearchAction\",\"target\":{\"@type\":\"EntryPoint\",\"urlTemplate\":\"https:\\\/\\\/exaudi.org\\\/?s={search_term_string}\"},\"query-input\":{\"@type\":\"PropertyValueSpecification\",\"valueRequired\":true,\"valueName\":\"search_term_string\"}}],\"inLanguage\":\"it-IT\"},{\"@type\":\"Person\",\"@id\":\"https:\\\/\\\/exaudi.org\\\/#\\\/schema\\\/person\\\/e1ab6ed07c01774724dd96f925f3a5f0\",\"name\":\"Exaudi Redazione\",\"image\":{\"@type\":\"ImageObject\",\"inLanguage\":\"it-IT\",\"@id\":\"https:\\\/\\\/secure.gravatar.com\\\/avatar\\\/ad6774b3ada023bf5b939d64f45c94b3adf91502dd883507d469b4308a943bb3?s=96&d=mm&r=g\",\"url\":\"https:\\\/\\\/secure.gravatar.com\\\/avatar\\\/ad6774b3ada023bf5b939d64f45c94b3adf91502dd883507d469b4308a943bb3?s=96&d=mm&r=g\",\"contentUrl\":\"https:\\\/\\\/secure.gravatar.com\\\/avatar\\\/ad6774b3ada023bf5b939d64f45c94b3adf91502dd883507d469b4308a943bb3?s=96&d=mm&r=g\",\"caption\":\"Exaudi Redazione\"},\"description\":\"Che cosa \u00e8 Exaudi News? Exaudi News \u00e8 un agenzia cattolica internazionale che informa, istruisce e trasforma quotidianamente in spagnolo, inglese e italiano. Attraverso notizie, articoli di analisi e trasmissioni in diretta degli eventi del Papa, Exaudi cerca di rafforzare l'unit\u00e0 dei cristiani e di contribuire all'evangelizzazione del mondo, sempre guidato dalla dottrina sociale della Chiesa. Lavoriamo per portare la verit\u00e0 e i valori cristiani in ogni angolo del pianeta. Aiutaci a trasformare il mondo con Exaudi! Noi di Exaudi crediamo che l'evangelizzazione e l'informazione di qualit\u00e0 possano cambiare la vita. Per continuare la nostra missione ed espandere la nostra portata, abbiamo bisogno del tuo aiuto. Stiamo anche cercando persone motivate che vogliano unirsi al nostro team. Grazie al vostro sostegno raggiungeremo pi\u00f9 persone, diffonderemo il messaggio di Cristo e rafforzeremo l'unit\u00e0 dei cristiani. Vuoi unirti alla nostra missione? Per maggiori informazioni su come contribuire, visita Exaudi.org\\\/it o contattaci direttamente: info@exaudi.org Exaudi: informa, forma e trasforma.\",\"sameAs\":[\"https:\\\/\\\/www.facebook.com\\\/ExaudiNotizie\\\/\",\"https:\\\/\\\/www.instagram.com\\\/Exaudi_notizie\\\/\",\"https:\\\/\\\/x.com\\\/Exaudi_Notizie\",\"https:\\\/\\\/www.youtube.com\\\/@exaudicatholicnews\"],\"url\":\"https:\\\/\\\/exaudi.org\\\/it\\\/author\\\/dlvedi-org\\\/\"}]}<\/script>\n<!-- \/ Yoast SEO plugin. -->","yoast_head_json":{"title":"III Giornata Mondiale dei Nonni e degli Anziani &#8211; Exaudi","robots":{"index":"index","follow":"follow","max-snippet":"max-snippet:-1","max-image-preview":"max-image-preview:large","max-video-preview":"max-video-preview:-1"},"canonical":"https:\/\/exaudi.org\/it\/iii-giornata-mondiale-dei-nonni-e-degli-anziani\/","og_locale":"it_IT","og_type":"article","og_title":"III Giornata Mondiale dei Nonni e degli Anziani &#8211; Exaudi","og_description":"Domenica 23 luglio liturgia eucaristica nella Basilica di San Pietro","og_url":"https:\/\/exaudi.org\/it\/iii-giornata-mondiale-dei-nonni-e-degli-anziani\/","og_site_name":"Exaudi","article_publisher":"https:\/\/www.facebook.com\/ExaudiNews","article_author":"https:\/\/www.facebook.com\/ExaudiNotizie\/","article_published_time":"2023-04-13T14:31:29+00:00","article_modified_time":"2023-04-13T14:41:45+00:00","og_image":[{"width":2304,"height":1536,"url":"https:\/\/exaudi.org\/wp-content\/uploads\/2021\/04\/cathopic_1493659067646325.jpg","type":"image\/jpeg"}],"author":"Exaudi Redazione","twitter_card":"summary_large_image","twitter_creator":"@Exaudi_Notizie","twitter_site":"@Exaudi_News","twitter_misc":{"Scritto da":"Exaudi Redazione","Tempo di lettura stimato":"1 minuto"},"schema":{"@context":"https:\/\/schema.org","@graph":[{"@type":"Article","@id":"https:\/\/exaudi.org\/it\/iii-giornata-mondiale-dei-nonni-e-degli-anziani\/#article","isPartOf":{"@id":"https:\/\/exaudi.org\/it\/iii-giornata-mondiale-dei-nonni-e-degli-anziani\/"},"author":{"name":"Exaudi Redazione","@id":"https:\/\/exaudi.org\/#\/schema\/person\/e1ab6ed07c01774724dd96f925f3a5f0"},"headline":"III Giornata Mondiale dei Nonni e degli Anziani","datePublished":"2023-04-13T14:31:29+00:00","dateModified":"2023-04-13T14:41:45+00:00","mainEntityOfPage":{"@id":"https:\/\/exaudi.org\/it\/iii-giornata-mondiale-dei-nonni-e-degli-anziani\/"},"wordCount":156,"image":{"@id":"https:\/\/exaudi.org\/it\/iii-giornata-mondiale-dei-nonni-e-degli-anziani\/#primaryimage"},"thumbnailUrl":"https:\/\/exaudi.org\/wp-content\/uploads\/2021\/04\/cathopic_1493659067646325.jpg","keywords":["Dicastero per i Laici la Famiglia e la Vita","nonni","Papa Francesco","Trending"],"articleSection":["Leone XIV"],"inLanguage":"it-IT"},{"@type":"WebPage","@id":"https:\/\/exaudi.org\/it\/iii-giornata-mondiale-dei-nonni-e-degli-anziani\/","url":"https:\/\/exaudi.org\/it\/iii-giornata-mondiale-dei-nonni-e-degli-anziani\/","name":"III Giornata Mondiale dei Nonni e degli Anziani &#8211; Exaudi","isPartOf":{"@id":"https:\/\/exaudi.org\/#website"},"primaryImageOfPage":{"@id":"https:\/\/exaudi.org\/it\/iii-giornata-mondiale-dei-nonni-e-degli-anziani\/#primaryimage"},"image":{"@id":"https:\/\/exaudi.org\/it\/iii-giornata-mondiale-dei-nonni-e-degli-anziani\/#primaryimage"},"thumbnailUrl":"https:\/\/exaudi.org\/wp-content\/uploads\/2021\/04\/cathopic_1493659067646325.jpg","datePublished":"2023-04-13T14:31:29+00:00","dateModified":"2023-04-13T14:41:45+00:00","author":{"@id":"https:\/\/exaudi.org\/#\/schema\/person\/e1ab6ed07c01774724dd96f925f3a5f0"},"breadcrumb":{"@id":"https:\/\/exaudi.org\/it\/iii-giornata-mondiale-dei-nonni-e-degli-anziani\/#breadcrumb"},"inLanguage":"it-IT","potentialAction":[{"@type":"ReadAction","target":["https:\/\/exaudi.org\/it\/iii-giornata-mondiale-dei-nonni-e-degli-anziani\/"]}]},{"@type":"ImageObject","inLanguage":"it-IT","@id":"https:\/\/exaudi.org\/it\/iii-giornata-mondiale-dei-nonni-e-degli-anziani\/#primaryimage","url":"https:\/\/exaudi.org\/wp-content\/uploads\/2021\/04\/cathopic_1493659067646325.jpg","contentUrl":"https:\/\/exaudi.org\/wp-content\/uploads\/2021\/04\/cathopic_1493659067646325.jpg","width":2304,"height":1536,"caption":"cathopic"},{"@type":"BreadcrumbList","@id":"https:\/\/exaudi.org\/it\/iii-giornata-mondiale-dei-nonni-e-degli-anziani\/#breadcrumb","itemListElement":[{"@type":"ListItem","position":1,"name":"Portada","item":"https:\/\/exaudi.org\/it\/"},{"@type":"ListItem","position":2,"name":"III Giornata Mondiale dei Nonni e degli Anziani"}]},{"@type":"WebSite","@id":"https:\/\/exaudi.org\/#website","url":"https:\/\/exaudi.org\/","name":"Exaudi","description":"News","potentialAction":[{"@type":"SearchAction","target":{"@type":"EntryPoint","urlTemplate":"https:\/\/exaudi.org\/?s={search_term_string}"},"query-input":{"@type":"PropertyValueSpecification","valueRequired":true,"valueName":"search_term_string"}}],"inLanguage":"it-IT"},{"@type":"Person","@id":"https:\/\/exaudi.org\/#\/schema\/person\/e1ab6ed07c01774724dd96f925f3a5f0","name":"Exaudi Redazione","image":{"@type":"ImageObject","inLanguage":"it-IT","@id":"https:\/\/secure.gravatar.com\/avatar\/ad6774b3ada023bf5b939d64f45c94b3adf91502dd883507d469b4308a943bb3?s=96&d=mm&r=g","url":"https:\/\/secure.gravatar.com\/avatar\/ad6774b3ada023bf5b939d64f45c94b3adf91502dd883507d469b4308a943bb3?s=96&d=mm&r=g","contentUrl":"https:\/\/secure.gravatar.com\/avatar\/ad6774b3ada023bf5b939d64f45c94b3adf91502dd883507d469b4308a943bb3?s=96&d=mm&r=g","caption":"Exaudi Redazione"},"description":"Che cosa \u00e8 Exaudi News? Exaudi News \u00e8 un agenzia cattolica internazionale che informa, istruisce e trasforma quotidianamente in spagnolo, inglese e italiano. Attraverso notizie, articoli di analisi e trasmissioni in diretta degli eventi del Papa, Exaudi cerca di rafforzare l'unit\u00e0 dei cristiani e di contribuire all'evangelizzazione del mondo, sempre guidato dalla dottrina sociale della Chiesa. Lavoriamo per portare la verit\u00e0 e i valori cristiani in ogni angolo del pianeta. Aiutaci a trasformare il mondo con Exaudi! Noi di Exaudi crediamo che l'evangelizzazione e l'informazione di qualit\u00e0 possano cambiare la vita. Per continuare la nostra missione ed espandere la nostra portata, abbiamo bisogno del tuo aiuto. Stiamo anche cercando persone motivate che vogliano unirsi al nostro team. Grazie al vostro sostegno raggiungeremo pi\u00f9 persone, diffonderemo il messaggio di Cristo e rafforzeremo l'unit\u00e0 dei cristiani. Vuoi unirti alla nostra missione? Per maggiori informazioni su come contribuire, visita Exaudi.org\/it o contattaci direttamente: info@exaudi.org Exaudi: informa, forma e trasforma.","sameAs":["https:\/\/www.facebook.com\/ExaudiNotizie\/","https:\/\/www.instagram.com\/Exaudi_notizie\/","https:\/\/x.com\/Exaudi_Notizie","https:\/\/www.youtube.com\/@exaudicatholicnews"],"url":"https:\/\/exaudi.org\/it\/author\/dlvedi-org\/"}]}},"jetpack_featured_media_url":"https:\/\/exaudi.org\/wp-content\/uploads\/2021\/04\/cathopic_1493659067646325.jpg","jetpack_shortlink":"https:\/\/wp.me\/pgKjF2-jfV","_links":{"self":[{"href":"https:\/\/exaudi.org\/it\/wp-json\/wp\/v2\/posts\/74023","targetHints":{"allow":["GET"]}}],"collection":[{"href":"https:\/\/exaudi.org\/it\/wp-json\/wp\/v2\/posts"}],"about":[{"href":"https:\/\/exaudi.org\/it\/wp-json\/wp\/v2\/types\/post"}],"author":[{"embeddable":true,"href":"https:\/\/exaudi.org\/it\/wp-json\/wp\/v2\/users\/17"}],"replies":[{"embeddable":true,"href":"https:\/\/exaudi.org\/it\/wp-json\/wp\/v2\/comments?post=74023"}],"version-history":[{"count":0,"href":"https:\/\/exaudi.org\/it\/wp-json\/wp\/v2\/posts\/74023\/revisions"}],"wp:featuredmedia":[{"embeddable":true,"href":"https:\/\/exaudi.org\/it\/wp-json\/wp\/v2\/media\/12442"}],"wp:attachment":[{"href":"https:\/\/exaudi.org\/it\/wp-json\/wp\/v2\/media?parent=74023"}],"wp:term":[{"taxonomy":"category","embeddable":true,"href":"https:\/\/exaudi.org\/it\/wp-json\/wp\/v2\/categories?post=74023"},{"taxonomy":"post_tag","embeddable":true,"href":"https:\/\/exaudi.org\/it\/wp-json\/wp\/v2\/tags?post=74023"}],"curies":[{"name":"wp","href":"https:\/\/api.w.org\/{rel}","templated":true}]}}