{"id":73984,"date":"2023-04-12T18:39:42","date_gmt":"2023-04-12T16:39:42","guid":{"rendered":"https:\/\/exaudi.org\/?p=73984"},"modified":"2023-04-13T10:15:10","modified_gmt":"2023-04-13T08:15:10","slug":"quali-sono-le-caratteristiche-del-vero-zelo-evangelico","status":"publish","type":"post","link":"https:\/\/exaudi.org\/it\/quali-sono-le-caratteristiche-del-vero-zelo-evangelico\/","title":{"rendered":"Quali sono le caratteristiche del vero zelo evangelico?"},"content":{"rendered":"<audio class=\"wp-audio-shortcode\" id=\"audio-73984-1\" preload=\"none\" style=\"width: 100%;\" controls=\"controls\"><source type=\"audio\/mpeg\" src=\"https:\/\/exaudi.org\/wp-content\/uploads\/2023\/04\/Quali-sono-le-caratteristiche-del-vero-zelo.mp3?_=1\" \/><a href=\"https:\/\/exaudi.org\/wp-content\/uploads\/2023\/04\/Quali-sono-le-caratteristiche-del-vero-zelo.mp3\">https:\/\/exaudi.org\/wp-content\/uploads\/2023\/04\/Quali-sono-le-caratteristiche-del-vero-zelo.mp3<\/a><\/audio>\n<p>L\u2019Udienza Generale di questa mattina si \u00e8 svolta alle ore 9.00 in Piazza San Pietro, dove il Santo Padre Francesco ha incontrato i gruppi di pellegrini e fedeli provenienti dall\u2019Italia e da ogni parte del mondo.<\/p>\n<p>Nel discorso in lingua italiana il Papa, continuando il ciclo di catechesi\u00a0<i>La passione per l\u2019evangelizzazione: lo zelo apostolico del credente<\/i>, ha incentrato la Sua meditazione sul tema \u201cTestimoni: San Paolo. 2\u201d (Lettura: Ef 6,13-15).<\/p>\n<p>Dopo aver riassunto la Sua catechesi nelle diverse lingue, il Santo Padre ha indirizzato particolari espressioni di saluto ai fedeli presenti. Quindi ha rivolto un appello in occasione del 60\u00b0 anniversario dell\u2019Enciclica di San Giovanni XXIII \u201cPacem in terris\u201d, che ricorreva ieri.<\/p>\n<p>L\u2019Udienza Generale si \u00e8 conclusa con la recita del\u00a0<i>Pater Noster<\/i> e la Benedizione Apostolica.<\/p>\n<p><b>Catechesi<i>.\u00a0<\/i>La passione per l\u2019evangelizzazione: lo zelo apostolico del credente<i>.<\/i>\u00a010.<i>\u00a0Testimoni: San Paolo. 2<\/i><\/b><\/p>\n<p><i>Cari fratelli e sorelle, buongiorno!<\/i><\/p>\n<p>Dopo aver visto, due settimane fa, lo slancio personale di San Paolo per il Vangelo, possiamo oggi riflettere pi\u00f9 approfonditamente sullo zelo evangelico cos\u00ec come lui stesso ne parla e lo descrive in alcune sue lettere.<\/p>\n<p>In forza della sua stessa esperienza, Paolo non ignora il pericolo di uno zelo distorto, orientato in una direzione sbagliata; in questo pericolo era caduto lui stesso prima della caduta provvidenziale sulla via di Damasco. Talvolta abbiamo a che fare con una premura mal orientata, accanita nell\u2019osservanza di norme puramente umane e obsolete per la comunit\u00e0 cristiana. \u00abCostoro \u2013 scrive l\u2019Apostolo \u2013 sono premurosi verso di voi, ma non onestamente\u00bb (<i>Gal<\/i>\u00a04,17).<\/p>\n<p>Non possiamo ignorare la sollecitudine con cui alcuni si dedicano a occupazioni sbagliate anche nella stessa comunit\u00e0 cristiana; si pu\u00f2 millantare un falso slancio evangelico mentre si sta inseguendo in realt\u00e0 la vanagloria o le proprie convinzioni o un po\u2019 l\u2019amore di s\u00e9 stesso.<\/p>\n<p>Per questo ci domandiamo: quali sono le caratteristiche dello zelo evangelico vero secondo Paolo? Mi sembra utile per questo il testo che abbiamo ascoltato in apertura, un elenco di \u201carmi\u201d che l\u2019Apostolo indica per la battaglia spirituale. Fra queste c\u2019\u00e8 la\u00a0<i>prontezza a propagare il Vangelo<\/i>, tradotta da alcuni come \u201czelo\u201d \u2013 questa persona \u00e8 uno zelante nel portare avanti queste idee, queste cose \u2013, e indicata come una \u201ccalzatura\u201d. Perch\u00e9? Come mai lo slancio per il Vangelo \u00e8 collegato a ci\u00f2 che si mette ai piedi? Questa metafora riprende un testo del profeta Isaia, che dice cos\u00ec: \u00abCome sono belli sui monti \/ i piedi del messaggero che annuncia la pace, \/ del messaggero di buone notizie che annuncia la salvezza, \/ che dice a Sion: \u201cRegna il tuo Dio\u201d\u00bb (52,7).<\/p>\n<p>Anche qui troviamo il riferimento ai piedi di un annunciatore di buone notizie. Perch\u00e9? Perch\u00e9 chi va ad annunciare si deve muovere, deve camminare! Ma notiamo anche che Paolo, in quel testo, parla della calzatura come parte di un\u2019armatura, secondo l\u2019analogia dell\u2019equipaggiamento di un soldato che va in battaglia: nei combattimenti era fondamentale avere stabilit\u00e0 di appoggio, per evitare le insidie del terreno, perch\u00e9 spesso l\u2019avversario disseminava di trappole il campo di battaglia, e per avere la forza necessaria per correre e muoversi nella direzione giusta. Per questo, la calzatura \u00e8 per correre ed evitare tutte queste cose dell\u2019avversario.<\/p>\n<p>Lo zelo evangelico \u00e8 l\u2019appoggio su cui si basa l\u2019annuncio, e gli annunciatori sono un po\u2019 come i piedi del corpo di Cristo che \u00e8 la Chiesa. Non c\u2019\u00e8 annuncio senza movimento, senza \u201cuscita\u201d, senza iniziativa. Questo vuol dire che non c\u2019\u00e8 cristiano se non in cammino, non \u00e8 un cristiano se il cristiano non esce da s\u00e9 stesso per mettersi in cammino e portare un annuncio. Non c\u2019\u00e8 annuncio senza movimento, senza cammino. Non si annuncia il Vangelo da fermi, chiusi in un ufficio, alla scrivania o al computer facendo polemiche come \u201cleoni da tastiera\u201d e surrogando la creativit\u00e0 dell\u2019annuncio con il copia-e-incolla di idee prese qua e l\u00e0. Il Vangelo si annuncia muovendosi, camminando, andando.<\/p>\n<p>Il termine usato da Paolo, per indicare la calzatura di chi porta il Vangelo, \u00e8 una parola greca che denota prontezza, preparazione, alacrit\u00e0. \u00c8 il contrario della trasandatezza, incompatibile con l\u2019amore. Infatti altrove Paolo dice: \u00abNon siate pigri nello zelo; siate invece ferventi nello spirito, servite il Signore\u00bb (<i>Rm<\/i>\u00a012,11). Questo atteggiamento era quello richiesto nel Libro dell\u2019Esodo per celebrare il sacrificio della liberazione pasquale: \u00abEcco in qual modo lo mangerete: con i fianchi cinti, i sandali ai piedi, il bastone in mano; lo mangerete in fretta. \u00c8 la Pasqua del Signore! In quella notte io passer\u00f2\u00bb (12,11-12a).<\/p>\n<p>Un annunciatore \u00e8 pronto a partire, e sa che il Signore passa in modo sorprendente; deve quindi essere libero da schemi e predisposto ad un\u2019azione inaspettata e nuova: preparato per le sorprese. Chi annuncia il Vangelo non pu\u00f2 essere fossilizzato in gabbie di plausibilit\u00e0 o nel \u201csi \u00e8 sempre fatto cos\u00ec\u201d, ma \u00e8 pronto a seguire una sapienza che non \u00e8 di questo mondo, come Paolo dice parlando di s\u00e9 stesso: \u00abLa mia parola e la mia predicazione non si basarono su discorsi persuasivi di sapienza, ma sulla manifestazione dello Spirito e della sua potenza, perch\u00e9 la vostra fede non fosse fondata sulla sapienza umana, ma sulla potenza di Dio\u00bb (<i>1 Cor<\/i>\u00a02,4-5).<\/p>\n<p>Ecco, fratelli e sorelle: \u00e8 importante avere questa prontezza alla novit\u00e0 del Vangelo, questo atteggiamento che \u00e8 uno slancio, un prendere l\u2019iniziativa, un andare per primo. \u00c8 un non lasciarsi sfuggire le occasioni per promulgare l\u2019annuncio del Vangelo di pace, quella pace che Cristo sa dare pi\u00f9 e meglio di come la d\u00e0 il mondo. E per questo vi esorto a essere evangelizzatori che si muovono, senza paura, che vanno avanti, per portare la bellezza di Ges\u00f9, per portare la novit\u00e0 di Ges\u00f9 che cambia tutto. \u201cS\u00ec, Padre, cambia il calendario, perch\u00e9 adesso noi contiamo gli anni prima di Ges\u00f9 \u2026\u201d \u2013 \u201cMa anche, cambia il cuore: e tu sei disposto a lasciare che Ges\u00f9 ti cambi il cuore? O tu sei un cristiano tiepido, che non si muove? Pensa un po\u2019: tu sei un entusiasta di Ges\u00f9, vai avanti? Pensa un po\u2019\u2026<\/p>\n<p>_________________________________________________<\/p>\n<p><b>APPELLO<\/b><\/p>\n<p>Ieri ricorreva il 60\u00b0 anniversario dell\u2019Enciclica\u00a0<i><a href=\"https:\/\/www.vatican.va\/content\/john-xxiii\/it\/encyclicals\/documents\/hf_j-xxiii_enc_11041963_pacem.html\">Pacem in terris<\/a><\/i>, che\u00a0<a href=\"https:\/\/www.vatican.va\/content\/john-xxiii\/it.html\">San Giovanni XXIII<\/a>\u00a0indirizz\u00f2 alla Chiesa e al mondo nel pieno della tensione tra i due blocchi contrapposti nella cosiddetta guerra fredda. Il Papa apr\u00ec davanti a tutti l\u2019orizzonte ampio in cui poter parlare di pace e costruire la pace: il disegno di Dio sul mondo e sulla famiglia umana. Quell\u2019Enciclica fu una vera benedizione, come uno squarcio di sereno in mezzo a nubi scure. Il suo messaggio \u00e8 attualissimo. Basti ad esempio questo passo: \u00abI rapporti tra le comunit\u00e0 politiche, come quelli tra i singoli esseri umani, vanno regolati non facendo ricorso alla forza delle armi, ma nella luce della ragione, e cio\u00e8 nella verit\u00e0, nella giustizia, nella solidariet\u00e0 operante\u00bb (n. 62). Invito i fedeli e gli uomini e le donne di buona volont\u00e0 a leggere la\u00a0<i><a href=\"https:\/\/www.vatican.va\/content\/john-xxiii\/it\/encyclicals\/documents\/hf_j-xxiii_enc_11041963_pacem.html\">Pacem in terris<\/a><\/i>, e prego perch\u00e9 i Capi delle Nazioni se ne lascino ispirare nei progetti e nelle decisioni.<\/p>\n<p>_________________________________________________<\/p>\n<p><b>Saluti<\/b><\/p>\n<p>Rivolgo un cordiale benvenuto ai pellegrini di lingua italiana. In particolare, saluto i nuovi diaconi della Compagnia di Ges\u00f9, esortando ciascuno a seguire con fedelt\u00e0 il divino Maestro. Saluto i ragazzi della Valcamonica, i Decanati di Lecco, Bollate e Villoresi, le comunit\u00e0 parrocchiali di Pontoglio e di Contrada, i liceali di Napoli e gli studenti di Marcianise. Accolgo con gioia il pellegrinaggio dei preadolescenti dell\u2019Arcidiocesi di Milano: cari ragazzi, vi auguro di vivere in pienezza il messaggio pasquale, sempre fedeli al vostro Battesimo e testimoni gioiosi di Cristo morto e risorto per noi.<\/p>\n<p>La prossima domenica celebriamo la Misericordia di Dio, \u00e8 la Domenica della Misericordia. Il Signore mai smette di essere misericordioso: pensiamo alla Misericordia di Dio che sempre ci accoglie, sempre ci accompagna, mai ci lascia da soli.<\/p>\n<p>Il mio pensiero va infine, come di consueto, ai giovani, ai malati, agli anziani e agli sposi novelli. Vi invito a vivere questo tempo pasquale con lo sguardo rivolto al Cristo Risorto, che si \u00e8 immolato per noi e per la nostra salvezza.<\/p>\n<p>E perseveriamo\u00a0nella preghiera per la martoriata Ucraina. Preghiamo per quanto soffre l\u2019Ucraina.<\/p>\n<p>A tutti la mia benedizione.<\/p>\n<p><iframe loading=\"lazy\" title=\"April 12 2023 General Audience Pope Francis\" width=\"500\" height=\"281\" src=\"https:\/\/www.youtube.com\/embed\/ANaZKOgRTL4?feature=oembed\" frameborder=\"0\" allow=\"accelerometer; autoplay; clipboard-write; encrypted-media; gyroscope; picture-in-picture; web-share\" referrerpolicy=\"strict-origin-when-cross-origin\" allowfullscreen><\/iframe><\/p>\n","protected":false},"excerpt":{"rendered":"<p>La decima catechesi del Papa sulla passione per l&#8217;evangelizzazione<\/p>\n","protected":false},"author":17,"featured_media":73978,"comment_status":"closed","ping_status":"closed","sticky":false,"template":"","format":"standard","meta":{"_acf_changed":false,"_crdt_document":"","inline_featured_image":false,"footnotes":""},"categories":[67,111],"tags":[2487,251,579],"class_list":["post-73984","post","type-post","status-publish","format-standard","has-post-thumbnail","hentry","category-leone-xiv","category-udienza-generale","tag-featured-3","tag-papa-francesco","tag-udienza-generale"],"acf":[],"yoast_head":"<!-- This site is optimized with the Yoast SEO plugin v27.5 - https:\/\/yoast.com\/product\/yoast-seo-wordpress\/ -->\n<title>Quali sono le caratteristiche del vero zelo evangelico? &#8211; Exaudi<\/title>\n<meta name=\"robots\" content=\"index, follow, max-snippet:-1, max-image-preview:large, max-video-preview:-1\" \/>\n<link rel=\"canonical\" href=\"https:\/\/exaudi.org\/it\/quali-sono-le-caratteristiche-del-vero-zelo-evangelico\/\" \/>\n<meta property=\"og:locale\" content=\"it_IT\" \/>\n<meta property=\"og:type\" content=\"article\" \/>\n<meta property=\"og:title\" content=\"Quali sono le caratteristiche del vero zelo evangelico? &#8211; Exaudi\" \/>\n<meta property=\"og:description\" content=\"La decima catechesi del Papa sulla passione per l&#039;evangelizzazione\" \/>\n<meta property=\"og:url\" content=\"https:\/\/exaudi.org\/it\/quali-sono-le-caratteristiche-del-vero-zelo-evangelico\/\" \/>\n<meta property=\"og:site_name\" content=\"Exaudi\" \/>\n<meta property=\"article:publisher\" content=\"https:\/\/www.facebook.com\/ExaudiNews\" \/>\n<meta property=\"article:author\" content=\"https:\/\/www.facebook.com\/ExaudiNotizie\/\" \/>\n<meta property=\"article:published_time\" content=\"2023-04-12T16:39:42+00:00\" \/>\n<meta property=\"article:modified_time\" content=\"2023-04-13T08:15:10+00:00\" \/>\n<meta property=\"og:image\" content=\"https:\/\/exaudi.org\/wp-content\/uploads\/2023\/04\/cq5dam.web_.800.800-5.jpeg\" \/>\n\t<meta property=\"og:image:width\" content=\"800\" \/>\n\t<meta property=\"og:image:height\" content=\"533\" \/>\n\t<meta property=\"og:image:type\" content=\"image\/jpeg\" \/>\n<meta name=\"author\" content=\"Exaudi Redazione\" \/>\n<meta name=\"twitter:card\" content=\"summary_large_image\" \/>\n<meta name=\"twitter:creator\" content=\"@Exaudi_Notizie\" \/>\n<meta name=\"twitter:site\" content=\"@Exaudi_News\" \/>\n<meta name=\"twitter:label1\" content=\"Scritto da\" \/>\n\t<meta name=\"twitter:data1\" content=\"Exaudi Redazione\" \/>\n\t<meta name=\"twitter:label2\" content=\"Tempo di lettura stimato\" \/>\n\t<meta name=\"twitter:data2\" content=\"7 minuti\" \/>\n<script type=\"application\/ld+json\" class=\"yoast-schema-graph\">{\"@context\":\"https:\\\/\\\/schema.org\",\"@graph\":[{\"@type\":\"Article\",\"@id\":\"https:\\\/\\\/exaudi.org\\\/it\\\/quali-sono-le-caratteristiche-del-vero-zelo-evangelico\\\/#article\",\"isPartOf\":{\"@id\":\"https:\\\/\\\/exaudi.org\\\/it\\\/quali-sono-le-caratteristiche-del-vero-zelo-evangelico\\\/\"},\"author\":{\"name\":\"Exaudi Redazione\",\"@id\":\"https:\\\/\\\/exaudi.org\\\/#\\\/schema\\\/person\\\/e1ab6ed07c01774724dd96f925f3a5f0\"},\"headline\":\"Quali sono le caratteristiche del vero zelo evangelico?\",\"datePublished\":\"2023-04-12T16:39:42+00:00\",\"dateModified\":\"2023-04-13T08:15:10+00:00\",\"mainEntityOfPage\":{\"@id\":\"https:\\\/\\\/exaudi.org\\\/it\\\/quali-sono-le-caratteristiche-del-vero-zelo-evangelico\\\/\"},\"wordCount\":1364,\"image\":{\"@id\":\"https:\\\/\\\/exaudi.org\\\/it\\\/quali-sono-le-caratteristiche-del-vero-zelo-evangelico\\\/#primaryimage\"},\"thumbnailUrl\":\"https:\\\/\\\/exaudi.org\\\/wp-content\\\/uploads\\\/2023\\\/04\\\/cq5dam.web_.800.800-5.jpeg\",\"keywords\":[\"Featured\",\"Papa Francesco\",\"udienza generale\"],\"articleSection\":[\"Leone XIV\",\"Udienza generale\"],\"inLanguage\":\"it-IT\"},{\"@type\":\"WebPage\",\"@id\":\"https:\\\/\\\/exaudi.org\\\/it\\\/quali-sono-le-caratteristiche-del-vero-zelo-evangelico\\\/\",\"url\":\"https:\\\/\\\/exaudi.org\\\/it\\\/quali-sono-le-caratteristiche-del-vero-zelo-evangelico\\\/\",\"name\":\"Quali sono le caratteristiche del vero zelo evangelico? &#8211; Exaudi\",\"isPartOf\":{\"@id\":\"https:\\\/\\\/exaudi.org\\\/#website\"},\"primaryImageOfPage\":{\"@id\":\"https:\\\/\\\/exaudi.org\\\/it\\\/quali-sono-le-caratteristiche-del-vero-zelo-evangelico\\\/#primaryimage\"},\"image\":{\"@id\":\"https:\\\/\\\/exaudi.org\\\/it\\\/quali-sono-le-caratteristiche-del-vero-zelo-evangelico\\\/#primaryimage\"},\"thumbnailUrl\":\"https:\\\/\\\/exaudi.org\\\/wp-content\\\/uploads\\\/2023\\\/04\\\/cq5dam.web_.800.800-5.jpeg\",\"datePublished\":\"2023-04-12T16:39:42+00:00\",\"dateModified\":\"2023-04-13T08:15:10+00:00\",\"author\":{\"@id\":\"https:\\\/\\\/exaudi.org\\\/#\\\/schema\\\/person\\\/e1ab6ed07c01774724dd96f925f3a5f0\"},\"breadcrumb\":{\"@id\":\"https:\\\/\\\/exaudi.org\\\/it\\\/quali-sono-le-caratteristiche-del-vero-zelo-evangelico\\\/#breadcrumb\"},\"inLanguage\":\"it-IT\",\"potentialAction\":[{\"@type\":\"ReadAction\",\"target\":[\"https:\\\/\\\/exaudi.org\\\/it\\\/quali-sono-le-caratteristiche-del-vero-zelo-evangelico\\\/\"]}]},{\"@type\":\"ImageObject\",\"inLanguage\":\"it-IT\",\"@id\":\"https:\\\/\\\/exaudi.org\\\/it\\\/quali-sono-le-caratteristiche-del-vero-zelo-evangelico\\\/#primaryimage\",\"url\":\"https:\\\/\\\/exaudi.org\\\/wp-content\\\/uploads\\\/2023\\\/04\\\/cq5dam.web_.800.800-5.jpeg\",\"contentUrl\":\"https:\\\/\\\/exaudi.org\\\/wp-content\\\/uploads\\\/2023\\\/04\\\/cq5dam.web_.800.800-5.jpeg\",\"width\":800,\"height\":533,\"caption\":\"\u00a9 Vatican Media\"},{\"@type\":\"BreadcrumbList\",\"@id\":\"https:\\\/\\\/exaudi.org\\\/it\\\/quali-sono-le-caratteristiche-del-vero-zelo-evangelico\\\/#breadcrumb\",\"itemListElement\":[{\"@type\":\"ListItem\",\"position\":1,\"name\":\"Portada\",\"item\":\"https:\\\/\\\/exaudi.org\\\/it\\\/\"},{\"@type\":\"ListItem\",\"position\":2,\"name\":\"Quali sono le caratteristiche del vero zelo evangelico?\"}]},{\"@type\":\"WebSite\",\"@id\":\"https:\\\/\\\/exaudi.org\\\/#website\",\"url\":\"https:\\\/\\\/exaudi.org\\\/\",\"name\":\"Exaudi\",\"description\":\"News\",\"potentialAction\":[{\"@type\":\"SearchAction\",\"target\":{\"@type\":\"EntryPoint\",\"urlTemplate\":\"https:\\\/\\\/exaudi.org\\\/?s={search_term_string}\"},\"query-input\":{\"@type\":\"PropertyValueSpecification\",\"valueRequired\":true,\"valueName\":\"search_term_string\"}}],\"inLanguage\":\"it-IT\"},{\"@type\":\"Person\",\"@id\":\"https:\\\/\\\/exaudi.org\\\/#\\\/schema\\\/person\\\/e1ab6ed07c01774724dd96f925f3a5f0\",\"name\":\"Exaudi Redazione\",\"image\":{\"@type\":\"ImageObject\",\"inLanguage\":\"it-IT\",\"@id\":\"https:\\\/\\\/secure.gravatar.com\\\/avatar\\\/ad6774b3ada023bf5b939d64f45c94b3adf91502dd883507d469b4308a943bb3?s=96&d=mm&r=g\",\"url\":\"https:\\\/\\\/secure.gravatar.com\\\/avatar\\\/ad6774b3ada023bf5b939d64f45c94b3adf91502dd883507d469b4308a943bb3?s=96&d=mm&r=g\",\"contentUrl\":\"https:\\\/\\\/secure.gravatar.com\\\/avatar\\\/ad6774b3ada023bf5b939d64f45c94b3adf91502dd883507d469b4308a943bb3?s=96&d=mm&r=g\",\"caption\":\"Exaudi Redazione\"},\"description\":\"Che cosa \u00e8 Exaudi News? Exaudi News \u00e8 un agenzia cattolica internazionale che informa, istruisce e trasforma quotidianamente in spagnolo, inglese e italiano. Attraverso notizie, articoli di analisi e trasmissioni in diretta degli eventi del Papa, Exaudi cerca di rafforzare l'unit\u00e0 dei cristiani e di contribuire all'evangelizzazione del mondo, sempre guidato dalla dottrina sociale della Chiesa. Lavoriamo per portare la verit\u00e0 e i valori cristiani in ogni angolo del pianeta. Aiutaci a trasformare il mondo con Exaudi! Noi di Exaudi crediamo che l'evangelizzazione e l'informazione di qualit\u00e0 possano cambiare la vita. Per continuare la nostra missione ed espandere la nostra portata, abbiamo bisogno del tuo aiuto. Stiamo anche cercando persone motivate che vogliano unirsi al nostro team. Grazie al vostro sostegno raggiungeremo pi\u00f9 persone, diffonderemo il messaggio di Cristo e rafforzeremo l'unit\u00e0 dei cristiani. Vuoi unirti alla nostra missione? Per maggiori informazioni su come contribuire, visita Exaudi.org\\\/it o contattaci direttamente: info@exaudi.org Exaudi: informa, forma e trasforma.\",\"sameAs\":[\"https:\\\/\\\/www.facebook.com\\\/ExaudiNotizie\\\/\",\"https:\\\/\\\/www.instagram.com\\\/Exaudi_notizie\\\/\",\"https:\\\/\\\/x.com\\\/Exaudi_Notizie\",\"https:\\\/\\\/www.youtube.com\\\/@exaudicatholicnews\"],\"url\":\"https:\\\/\\\/exaudi.org\\\/it\\\/author\\\/dlvedi-org\\\/\"}]}<\/script>\n<!-- \/ Yoast SEO plugin. -->","yoast_head_json":{"title":"Quali sono le caratteristiche del vero zelo evangelico? &#8211; Exaudi","robots":{"index":"index","follow":"follow","max-snippet":"max-snippet:-1","max-image-preview":"max-image-preview:large","max-video-preview":"max-video-preview:-1"},"canonical":"https:\/\/exaudi.org\/it\/quali-sono-le-caratteristiche-del-vero-zelo-evangelico\/","og_locale":"it_IT","og_type":"article","og_title":"Quali sono le caratteristiche del vero zelo evangelico? &#8211; Exaudi","og_description":"La decima catechesi del Papa sulla passione per l'evangelizzazione","og_url":"https:\/\/exaudi.org\/it\/quali-sono-le-caratteristiche-del-vero-zelo-evangelico\/","og_site_name":"Exaudi","article_publisher":"https:\/\/www.facebook.com\/ExaudiNews","article_author":"https:\/\/www.facebook.com\/ExaudiNotizie\/","article_published_time":"2023-04-12T16:39:42+00:00","article_modified_time":"2023-04-13T08:15:10+00:00","og_image":[{"width":800,"height":533,"url":"https:\/\/exaudi.org\/wp-content\/uploads\/2023\/04\/cq5dam.web_.800.800-5.jpeg","type":"image\/jpeg"}],"author":"Exaudi Redazione","twitter_card":"summary_large_image","twitter_creator":"@Exaudi_Notizie","twitter_site":"@Exaudi_News","twitter_misc":{"Scritto da":"Exaudi Redazione","Tempo di lettura stimato":"7 minuti"},"schema":{"@context":"https:\/\/schema.org","@graph":[{"@type":"Article","@id":"https:\/\/exaudi.org\/it\/quali-sono-le-caratteristiche-del-vero-zelo-evangelico\/#article","isPartOf":{"@id":"https:\/\/exaudi.org\/it\/quali-sono-le-caratteristiche-del-vero-zelo-evangelico\/"},"author":{"name":"Exaudi Redazione","@id":"https:\/\/exaudi.org\/#\/schema\/person\/e1ab6ed07c01774724dd96f925f3a5f0"},"headline":"Quali sono le caratteristiche del vero zelo evangelico?","datePublished":"2023-04-12T16:39:42+00:00","dateModified":"2023-04-13T08:15:10+00:00","mainEntityOfPage":{"@id":"https:\/\/exaudi.org\/it\/quali-sono-le-caratteristiche-del-vero-zelo-evangelico\/"},"wordCount":1364,"image":{"@id":"https:\/\/exaudi.org\/it\/quali-sono-le-caratteristiche-del-vero-zelo-evangelico\/#primaryimage"},"thumbnailUrl":"https:\/\/exaudi.org\/wp-content\/uploads\/2023\/04\/cq5dam.web_.800.800-5.jpeg","keywords":["Featured","Papa Francesco","udienza generale"],"articleSection":["Leone XIV","Udienza generale"],"inLanguage":"it-IT"},{"@type":"WebPage","@id":"https:\/\/exaudi.org\/it\/quali-sono-le-caratteristiche-del-vero-zelo-evangelico\/","url":"https:\/\/exaudi.org\/it\/quali-sono-le-caratteristiche-del-vero-zelo-evangelico\/","name":"Quali sono le caratteristiche del vero zelo evangelico? &#8211; Exaudi","isPartOf":{"@id":"https:\/\/exaudi.org\/#website"},"primaryImageOfPage":{"@id":"https:\/\/exaudi.org\/it\/quali-sono-le-caratteristiche-del-vero-zelo-evangelico\/#primaryimage"},"image":{"@id":"https:\/\/exaudi.org\/it\/quali-sono-le-caratteristiche-del-vero-zelo-evangelico\/#primaryimage"},"thumbnailUrl":"https:\/\/exaudi.org\/wp-content\/uploads\/2023\/04\/cq5dam.web_.800.800-5.jpeg","datePublished":"2023-04-12T16:39:42+00:00","dateModified":"2023-04-13T08:15:10+00:00","author":{"@id":"https:\/\/exaudi.org\/#\/schema\/person\/e1ab6ed07c01774724dd96f925f3a5f0"},"breadcrumb":{"@id":"https:\/\/exaudi.org\/it\/quali-sono-le-caratteristiche-del-vero-zelo-evangelico\/#breadcrumb"},"inLanguage":"it-IT","potentialAction":[{"@type":"ReadAction","target":["https:\/\/exaudi.org\/it\/quali-sono-le-caratteristiche-del-vero-zelo-evangelico\/"]}]},{"@type":"ImageObject","inLanguage":"it-IT","@id":"https:\/\/exaudi.org\/it\/quali-sono-le-caratteristiche-del-vero-zelo-evangelico\/#primaryimage","url":"https:\/\/exaudi.org\/wp-content\/uploads\/2023\/04\/cq5dam.web_.800.800-5.jpeg","contentUrl":"https:\/\/exaudi.org\/wp-content\/uploads\/2023\/04\/cq5dam.web_.800.800-5.jpeg","width":800,"height":533,"caption":"\u00a9 Vatican Media"},{"@type":"BreadcrumbList","@id":"https:\/\/exaudi.org\/it\/quali-sono-le-caratteristiche-del-vero-zelo-evangelico\/#breadcrumb","itemListElement":[{"@type":"ListItem","position":1,"name":"Portada","item":"https:\/\/exaudi.org\/it\/"},{"@type":"ListItem","position":2,"name":"Quali sono le caratteristiche del vero zelo evangelico?"}]},{"@type":"WebSite","@id":"https:\/\/exaudi.org\/#website","url":"https:\/\/exaudi.org\/","name":"Exaudi","description":"News","potentialAction":[{"@type":"SearchAction","target":{"@type":"EntryPoint","urlTemplate":"https:\/\/exaudi.org\/?s={search_term_string}"},"query-input":{"@type":"PropertyValueSpecification","valueRequired":true,"valueName":"search_term_string"}}],"inLanguage":"it-IT"},{"@type":"Person","@id":"https:\/\/exaudi.org\/#\/schema\/person\/e1ab6ed07c01774724dd96f925f3a5f0","name":"Exaudi Redazione","image":{"@type":"ImageObject","inLanguage":"it-IT","@id":"https:\/\/secure.gravatar.com\/avatar\/ad6774b3ada023bf5b939d64f45c94b3adf91502dd883507d469b4308a943bb3?s=96&d=mm&r=g","url":"https:\/\/secure.gravatar.com\/avatar\/ad6774b3ada023bf5b939d64f45c94b3adf91502dd883507d469b4308a943bb3?s=96&d=mm&r=g","contentUrl":"https:\/\/secure.gravatar.com\/avatar\/ad6774b3ada023bf5b939d64f45c94b3adf91502dd883507d469b4308a943bb3?s=96&d=mm&r=g","caption":"Exaudi Redazione"},"description":"Che cosa \u00e8 Exaudi News? Exaudi News \u00e8 un agenzia cattolica internazionale che informa, istruisce e trasforma quotidianamente in spagnolo, inglese e italiano. Attraverso notizie, articoli di analisi e trasmissioni in diretta degli eventi del Papa, Exaudi cerca di rafforzare l'unit\u00e0 dei cristiani e di contribuire all'evangelizzazione del mondo, sempre guidato dalla dottrina sociale della Chiesa. Lavoriamo per portare la verit\u00e0 e i valori cristiani in ogni angolo del pianeta. Aiutaci a trasformare il mondo con Exaudi! Noi di Exaudi crediamo che l'evangelizzazione e l'informazione di qualit\u00e0 possano cambiare la vita. Per continuare la nostra missione ed espandere la nostra portata, abbiamo bisogno del tuo aiuto. Stiamo anche cercando persone motivate che vogliano unirsi al nostro team. Grazie al vostro sostegno raggiungeremo pi\u00f9 persone, diffonderemo il messaggio di Cristo e rafforzeremo l'unit\u00e0 dei cristiani. Vuoi unirti alla nostra missione? Per maggiori informazioni su come contribuire, visita Exaudi.org\/it o contattaci direttamente: info@exaudi.org Exaudi: informa, forma e trasforma.","sameAs":["https:\/\/www.facebook.com\/ExaudiNotizie\/","https:\/\/www.instagram.com\/Exaudi_notizie\/","https:\/\/x.com\/Exaudi_Notizie","https:\/\/www.youtube.com\/@exaudicatholicnews"],"url":"https:\/\/exaudi.org\/it\/author\/dlvedi-org\/"}]}},"jetpack_featured_media_url":"https:\/\/exaudi.org\/wp-content\/uploads\/2023\/04\/cq5dam.web_.800.800-5.jpeg","jetpack_shortlink":"https:\/\/wp.me\/pgKjF2-jfi","_links":{"self":[{"href":"https:\/\/exaudi.org\/it\/wp-json\/wp\/v2\/posts\/73984","targetHints":{"allow":["GET"]}}],"collection":[{"href":"https:\/\/exaudi.org\/it\/wp-json\/wp\/v2\/posts"}],"about":[{"href":"https:\/\/exaudi.org\/it\/wp-json\/wp\/v2\/types\/post"}],"author":[{"embeddable":true,"href":"https:\/\/exaudi.org\/it\/wp-json\/wp\/v2\/users\/17"}],"replies":[{"embeddable":true,"href":"https:\/\/exaudi.org\/it\/wp-json\/wp\/v2\/comments?post=73984"}],"version-history":[{"count":0,"href":"https:\/\/exaudi.org\/it\/wp-json\/wp\/v2\/posts\/73984\/revisions"}],"wp:featuredmedia":[{"embeddable":true,"href":"https:\/\/exaudi.org\/it\/wp-json\/wp\/v2\/media\/73978"}],"wp:attachment":[{"href":"https:\/\/exaudi.org\/it\/wp-json\/wp\/v2\/media?parent=73984"}],"wp:term":[{"taxonomy":"category","embeddable":true,"href":"https:\/\/exaudi.org\/it\/wp-json\/wp\/v2\/categories?post=73984"},{"taxonomy":"post_tag","embeddable":true,"href":"https:\/\/exaudi.org\/it\/wp-json\/wp\/v2\/tags?post=73984"}],"curies":[{"name":"wp","href":"https:\/\/api.w.org\/{rel}","templated":true}]}}