{"id":73831,"date":"2023-04-09T17:50:20","date_gmt":"2023-04-09T15:50:20","guid":{"rendered":"https:\/\/exaudi.org\/?p=73831"},"modified":"2023-04-10T12:53:35","modified_gmt":"2023-04-10T10:53:35","slug":"il-papa-gesu-cristo-e-la-speranza-del-mondo","status":"publish","type":"post","link":"https:\/\/exaudi.org\/it\/il-papa-gesu-cristo-e-la-speranza-del-mondo\/","title":{"rendered":"Il Papa: Ges\u00f9 Cristo \u00e8 la speranza del mondo"},"content":{"rendered":"<audio class=\"wp-audio-shortcode\" id=\"audio-73831-1\" preload=\"none\" style=\"width: 100%;\" controls=\"controls\"><source type=\"audio\/mpeg\" src=\"https:\/\/exaudi.org\/wp-content\/uploads\/2023\/04\/Il-Papa-Gesu-Cristo-e-la-speranza-del-mondo.mp3?_=1\" \/><a href=\"https:\/\/exaudi.org\/wp-content\/uploads\/2023\/04\/Il-Papa-Gesu-Cristo-e-la-speranza-del-mondo.mp3\">https:\/\/exaudi.org\/wp-content\/uploads\/2023\/04\/Il-Papa-Gesu-Cristo-e-la-speranza-del-mondo.mp3<\/a><\/audio>\n<p>Alle ore 12, dalla Loggia Centrale della Basilica di San Pietro, il Santo Padre Francesco ha rivolto ai fedeli presenti in piazza San Pietro e a quanti lo ascoltavano attraverso la radio, la televisione e gli altri mezzi di comunicazione il Messaggio Pasquale.<\/p>\n<p>Quindi, dopo l\u2019annuncio della concessione dell\u2019indulgenza pronunciato dall\u2019Em.mo Cardinale James Michael Harvey, Arciprete della Basilica Papale di San Paolo fuori le mura, il Papa ha impartito la Benedizione \u201cUrbi et Orbi\u201d.<\/p>\n<p>Pubblichiamo di seguito il Messaggio Pasquale del Santo Padre:<\/p>\n<p><a name=\"ita\"><\/a><b><u>Messaggio del Santo Padre<\/u><\/b><\/p>\n<p>Cari fratelli e sorelle, Cristo \u00e8 risorto!<\/p>\n<p>Oggi proclamiamo che Lui, il Signore della nostra vita, \u00e8 \u00abla risurrezione e la vita\u00bb del mondo (cfr\u00a0<i>Gv<\/i>\u00a011,25). \u00c8 Pasqua, che significa \u201cpassaggio\u201d, perch\u00e9 in Ges\u00f9 si \u00e8 compiuto il passaggio decisivo dell\u2019umanit\u00e0: quello dalla morte alla vita, dal peccato alla grazia, dalla paura alla fiducia, dalla desolazione alla comunione. In Lui, Signore del tempo e della storia, vorrei dire a tutti, con la gioia nel cuore: buona Pasqua!<\/p>\n<p>Sia per ciascuno di voi, cari fratelli e sorelle, in particolare per gli ammalati e per i poveri, per gli anziani e per chi sta attraversando momenti di prova e di fatica, un passaggio dalla tribolazione alla consolazione. Non siamo soli: Ges\u00f9, il Vivente, \u00e8 con noi per sempre. Gioiscano la Chiesa e il mondo, perch\u00e9 oggi le nostre speranze non si infrangono pi\u00f9 contro il muro della morte, ma il Signore ci ha aperto un ponte verso la vita. S\u00ec, fratelli e sorelle, a Pasqua la sorte del mondo \u00e8 cambiata e quest\u2019oggi, che coincide pure con la data pi\u00f9 probabile della risurrezione di Cristo, possiamo rallegrarci di celebrare, per pura grazia, il giorno pi\u00f9 importante e bello della storia.<\/p>\n<p>Cristo \u00e8 risorto, \u00e8 veramente risorto, come si proclama nelle Chiese di Oriente: Christ\u00f2s anesti! Quel\u00a0<i>veramente<\/i>\u00a0ci dice che la speranza non \u00e8 un\u2019illusione, \u00e8 verit\u00e0! E che il cammino dell\u2019umanit\u00e0 da Pasqua in poi, contrassegnato dalla speranza, procede pi\u00f9 spedito. Ce lo mostrano con il loro esempio i primi testimoni della Risurrezione. I Vangeli raccontano la fretta buona con cui il giorno di Pasqua \u00able donne corsero a dare l\u2019annuncio ai discepoli\u00bb (<i>Mt<\/i>\u00a028,8). E, dopo che Maria di Magdala \u00abcorse e and\u00f2 da Simon Pietro\u00bb (<i>Gv<\/i>\u00a020,2), Giovanni e lo stesso Pietro \u201ccorsero insieme tutti e due\u201d (cfr v. 4) per raggiungere il luogo dove Ges\u00f9 era stato sepolto. E poi la sera di Pasqua, incontrato il Risorto sulla via di Emmaus, due discepoli \u00abpartirono senza indugio\u00bb (<i>Lc<\/i>\u00a024,33) e si affrettarono a percorrere diversi chilometri in salita e al buio, mossi dalla gioia incontenibile della Pasqua che ardeva nei loro cuori (cfr v. 32). Quella stessa gioia per cui Pietro, sulle rive del lago di Galilea, alla vista di Ges\u00f9 risorto non pot\u00e9 trattenersi sulla barca con gli altri, ma si butt\u00f2 subito in acqua per nuotare velocemente incontro a Lui (cfr\u00a0<i>Gv<\/i>\u00a021,7). A Pasqua, insomma, il cammino accelera e diventa corsa, perch\u00e9 l\u2019umanit\u00e0 vede la meta del suo percorso, il senso del suo destino, Ges\u00f9 Cristo, ed \u00e8 chiamata ad affrettarsi incontro a Lui, speranza del mondo.<\/p>\n<p>Affrettiamoci anche noi a crescere in un cammino di fiducia reciproca: fiducia tra le persone, tra i popoli e le Nazioni. Lasciamoci sorprendere dal lieto annuncio della Pasqua, dalla luce che illumina le tenebre e le oscurit\u00e0 in cui troppe volte il mondo si trova avvolto.<\/p>\n<p><img loading=\"lazy\" decoding=\"async\" class=\"size-medium wp-image-73826 alignleft\" src=\"https:\/\/exaudi.org\/wp-content\/uploads\/2023\/04\/Urbi-et-Orbi2-300x200.jpeg\" alt=\"\" width=\"300\" height=\"200\" srcset=\"https:\/\/exaudi.org\/wp-content\/uploads\/2023\/04\/Urbi-et-Orbi2-300x200.jpeg 300w, https:\/\/exaudi.org\/wp-content\/uploads\/2023\/04\/Urbi-et-Orbi2-770x513.jpeg 770w, https:\/\/exaudi.org\/wp-content\/uploads\/2023\/04\/Urbi-et-Orbi2-360x240.jpeg?crop=1 360w, https:\/\/exaudi.org\/wp-content\/uploads\/2023\/04\/Urbi-et-Orbi2-500x333.jpeg 500w, https:\/\/exaudi.org\/wp-content\/uploads\/2023\/04\/Urbi-et-Orbi2-370x247.jpeg 370w, https:\/\/exaudi.org\/wp-content\/uploads\/2023\/04\/Urbi-et-Orbi2-293x195.jpeg 293w, https:\/\/exaudi.org\/wp-content\/uploads\/2023\/04\/Urbi-et-Orbi2-120x80.jpeg 120w, https:\/\/exaudi.org\/wp-content\/uploads\/2023\/04\/Urbi-et-Orbi2-240x160.jpeg 240w, https:\/\/exaudi.org\/wp-content\/uploads\/2023\/04\/Urbi-et-Orbi2-390x260.jpeg 390w, https:\/\/exaudi.org\/wp-content\/uploads\/2023\/04\/Urbi-et-Orbi2.jpeg 800w\" sizes=\"auto, (max-width: 300px) 100vw, 300px\" \/>Affrettiamoci a superare i conflitti e le divisioni e ad aprire i nostri cuori a chi ha pi\u00f9 bisogno. Affrettiamoci a percorrere sentieri di pace e di fraternit\u00e0. Gioiamo per i segni concreti di speranza che ci giungono da tanti Paesi, a partire da quelli che offrono assistenza e accoglienza a quanti fuggono dalla guerra e dalla povert\u00e0.<\/p>\n<p>Lungo il cammino ci sono per\u00f2 ancora tante pietre di inciampo, che rendono arduo e affannoso il nostro affrettarci verso il Risorto. A Lui rivolgiamo la nostra supplica: aiutaci a correre incontro a Te! Aiutaci ad aprire i nostri cuori!<\/p>\n<p>Aiuta l\u2019amato popolo ucraino nel cammino verso la pace, ed effondi la luce pasquale sul popolo russo. Conforta i feriti e quanti hanno perso i propri cari a causa della guerra e fa\u2019 che i prigionieri possano tornare sani e salvi alle loro famiglie. Apri i cuori dell\u2019intera Comunit\u00e0 internazionale perch\u00e9 si adoperi a porre fine a questa guerra e a tutti i conflitti che insanguinano il mondo, a partire dalla Siria, che attende ancora la pace. Sostieni quanti sono stati colpiti dal violento terremoto in Turchia e nella stessa Siria. Preghiamo per quanti hanno perso familiari e amici e sono rimasti senza casa: possano ricevere conforto da Dio e aiuto dalla famiglia delle nazioni.<\/p>\n<p>In questo giorno ti affidiamo, Signore, la citt\u00e0 di Gerusalemme, prima testimone della tua Risurrezione. Manifesto viva preoccupazione per gli attacchi di questi ultimi giorni che minacciano l\u2019auspicato clima di fiducia e di rispetto reciproco, necessario per riprendere il dialogo tra Israeliani e Palestinesi, cos\u00ec che la pace regni nella Citt\u00e0 Santa e in tutta la Regione.<\/p>\n<p>Aiuta, Signore, il Libano, ancora in cerca di stabilit\u00e0 e unit\u00e0, perch\u00e9 superi le divisioni e tutti i cittadini lavorino insieme per il bene comune del Paese.<\/p>\n<p>Non ti dimenticare del caro popolo della Tunisia, in particolare dei giovani e di coloro che soffrono a causa dei problemi sociali ed economici, affinch\u00e9 non perdano la speranza e collaborino a costruire un futuro di pace e di fraternit\u00e0.<\/p>\n<p><img loading=\"lazy\" decoding=\"async\" class=\"size-medium wp-image-73829 alignright\" src=\"https:\/\/exaudi.org\/wp-content\/uploads\/2023\/04\/Urbi-et-Orbi3-300x200.jpeg\" alt=\"\" width=\"300\" height=\"200\" srcset=\"https:\/\/exaudi.org\/wp-content\/uploads\/2023\/04\/Urbi-et-Orbi3-300x200.jpeg 300w, https:\/\/exaudi.org\/wp-content\/uploads\/2023\/04\/Urbi-et-Orbi3-770x513.jpeg 770w, https:\/\/exaudi.org\/wp-content\/uploads\/2023\/04\/Urbi-et-Orbi3-360x240.jpeg?crop=1 360w, https:\/\/exaudi.org\/wp-content\/uploads\/2023\/04\/Urbi-et-Orbi3-500x333.jpeg 500w, https:\/\/exaudi.org\/wp-content\/uploads\/2023\/04\/Urbi-et-Orbi3-370x247.jpeg 370w, https:\/\/exaudi.org\/wp-content\/uploads\/2023\/04\/Urbi-et-Orbi3-293x195.jpeg 293w, https:\/\/exaudi.org\/wp-content\/uploads\/2023\/04\/Urbi-et-Orbi3-120x80.jpeg 120w, https:\/\/exaudi.org\/wp-content\/uploads\/2023\/04\/Urbi-et-Orbi3-240x160.jpeg 240w, https:\/\/exaudi.org\/wp-content\/uploads\/2023\/04\/Urbi-et-Orbi3-390x260.jpeg 390w, https:\/\/exaudi.org\/wp-content\/uploads\/2023\/04\/Urbi-et-Orbi3.jpeg 800w\" sizes=\"auto, (max-width: 300px) 100vw, 300px\" \/>Volgi il tuo sguardo ad Haiti, che sta soffrendo da diversi anni una grave crisi socio-politica e umanitaria, e sostieni l\u2019impegno degli attori politici e della Comunit\u00e0 internazionale nel ricercare una soluzione definitiva ai tanti problemi che affliggono quella popolazione tanto tribolata.<\/p>\n<p>Consolida i processi di pace e riconciliazione intrapresi in Etiopia e in Sud Sudan, e fa\u2019 che cessino le violenze nella Repubblica Democratica del Congo.<\/p>\n<p>Sostieni, Signore, le comunit\u00e0 cristiane che oggi celebrano la Pasqua in circostanze particolari, come in Nicaragua e in Eritrea, e ricordati di tutti coloro a cui \u00e8 impedito di professare liberamente e pubblicamente la propria fede. Dona conforto alle vittime del terrorismo internazionale, specialmente in Burkina Faso, Mali, Mozambico e Nigeria.<\/p>\n<p>Aiuta il Myanmar a percorrere vie di pace e illumina i cuori dei responsabili perch\u00e9 i martoriati Rohingya trovino giustizia.<\/p>\n<p>Conforta i rifugiati, i deportati, i prigionieri politici e i migranti, specialmente i pi\u00f9 vulnerabili, nonch\u00e9 tutti coloro che soffrono la fame, la povert\u00e0 e i nefasti effetti del narcotraffico, della tratta di persone e di ogni forma di schiavit\u00f9. Ispira, Signore, i responsabili delle nazioni, perch\u00e9 nessun uomo o donna sia discriminato e calpestato nella sua dignit\u00e0; perch\u00e9 nel pieno rispetto dei diritti umani e della democrazia si risanino queste piaghe sociali, si cerchi sempre e solo il bene comune dei cittadini, si garantisca la sicurezza e le condizioni necessarie per il dialogo e la convivenza pacifica.<\/p>\n<p>Fratelli, sorelle, ritroviamo anche noi il gusto del cammino, acceleriamo il battito della speranza, pregustiamo la bellezza del Cielo! Attingiamo oggi le energie per andare avanti nel bene incontro al Bene che non delude. E se, come scrisse un Padre antico, \u00abil pi\u00f9 grande peccato \u00e8 non credere nelle energie della Risurrezione\u00bb (Sant\u2019Isacco di Ninive,\u00a0<i>Sermones ascetici<\/i>, I,5), oggi crediamo: \u00abS\u00ec, ne siamo certi: Cristo \u00e8 davvero risorto\u00bb (<i>Sequenza<\/i>). Crediamo in Te, Signore Ges\u00f9, crediamo che con Te la speranza rinasce, il cammino prosegue. Tu, Signore della vita, incoraggia i nostri cammini e ripeti anche a noi, come ai discepoli la sera di Pasqua: \u00abPace a voi!\u00bb (<i>Gv<\/i>\u00a020,19.21).<\/p>\n<p><iframe loading=\"lazy\" title=\"Highlights - April 9 2023, Easter Sunday, Mass, and Urbi et Orbi\u201d Blessing, Pope Francis\" width=\"500\" height=\"281\" src=\"https:\/\/www.youtube.com\/embed\/8rLGx2Yw-IA?feature=oembed\" frameborder=\"0\" allow=\"accelerometer; autoplay; clipboard-write; encrypted-media; gyroscope; picture-in-picture; web-share\" referrerpolicy=\"strict-origin-when-cross-origin\" allowfullscreen><\/iframe><\/p>\n","protected":false},"excerpt":{"rendered":"<p>Benedizione Urbi et Orbi<\/p>\n","protected":false},"author":17,"featured_media":73823,"comment_status":"closed","ping_status":"closed","sticky":false,"template":"","format":"standard","meta":{"_acf_changed":false,"_crdt_document":"","inline_featured_image":false,"footnotes":""},"categories":[67,117],"tags":[8845,2487,251,8846],"class_list":["post-73831","post","type-post","status-publish","format-standard","has-post-thumbnail","hentry","category-leone-xiv","category-messaggi","tag-benedizione","tag-featured-3","tag-papa-francesco","tag-urbi-et-orbi-2023"],"acf":[],"yoast_head":"<!-- This site is optimized with the Yoast SEO plugin v27.5 - https:\/\/yoast.com\/product\/yoast-seo-wordpress\/ -->\n<title>Il Papa: Ges\u00f9 Cristo \u00e8 la speranza del mondo &#8211; Exaudi<\/title>\n<meta name=\"robots\" content=\"index, follow, max-snippet:-1, max-image-preview:large, max-video-preview:-1\" \/>\n<link rel=\"canonical\" href=\"https:\/\/exaudi.org\/it\/il-papa-gesu-cristo-e-la-speranza-del-mondo\/\" \/>\n<meta property=\"og:locale\" content=\"it_IT\" \/>\n<meta property=\"og:type\" content=\"article\" \/>\n<meta property=\"og:title\" content=\"Il Papa: Ges\u00f9 Cristo \u00e8 la speranza del mondo &#8211; Exaudi\" \/>\n<meta property=\"og:description\" content=\"Benedizione Urbi et Orbi\" \/>\n<meta property=\"og:url\" content=\"https:\/\/exaudi.org\/it\/il-papa-gesu-cristo-e-la-speranza-del-mondo\/\" \/>\n<meta property=\"og:site_name\" content=\"Exaudi\" \/>\n<meta property=\"article:publisher\" content=\"https:\/\/www.facebook.com\/ExaudiNews\" \/>\n<meta property=\"article:author\" content=\"https:\/\/www.facebook.com\/ExaudiNotizie\/\" \/>\n<meta property=\"article:published_time\" content=\"2023-04-09T15:50:20+00:00\" \/>\n<meta property=\"article:modified_time\" content=\"2023-04-10T10:53:35+00:00\" \/>\n<meta property=\"og:image\" content=\"https:\/\/exaudi.org\/wp-content\/uploads\/2023\/04\/Urbi-et-Orbi-1.jpeg\" \/>\n\t<meta property=\"og:image:width\" content=\"800\" \/>\n\t<meta property=\"og:image:height\" content=\"533\" \/>\n\t<meta property=\"og:image:type\" content=\"image\/jpeg\" \/>\n<meta name=\"author\" content=\"Exaudi Redazione\" \/>\n<meta name=\"twitter:card\" content=\"summary_large_image\" \/>\n<meta name=\"twitter:creator\" content=\"@Exaudi_Notizie\" \/>\n<meta name=\"twitter:site\" content=\"@Exaudi_News\" \/>\n<meta name=\"twitter:label1\" content=\"Scritto da\" \/>\n\t<meta name=\"twitter:data1\" content=\"Exaudi Redazione\" \/>\n\t<meta name=\"twitter:label2\" content=\"Tempo di lettura stimato\" \/>\n\t<meta name=\"twitter:data2\" content=\"6 minuti\" \/>\n<script type=\"application\/ld+json\" class=\"yoast-schema-graph\">{\"@context\":\"https:\\\/\\\/schema.org\",\"@graph\":[{\"@type\":\"Article\",\"@id\":\"https:\\\/\\\/exaudi.org\\\/it\\\/il-papa-gesu-cristo-e-la-speranza-del-mondo\\\/#article\",\"isPartOf\":{\"@id\":\"https:\\\/\\\/exaudi.org\\\/it\\\/il-papa-gesu-cristo-e-la-speranza-del-mondo\\\/\"},\"author\":{\"name\":\"Exaudi Redazione\",\"@id\":\"https:\\\/\\\/exaudi.org\\\/#\\\/schema\\\/person\\\/e1ab6ed07c01774724dd96f925f3a5f0\"},\"headline\":\"Il Papa: Ges\u00f9 Cristo \u00e8 la speranza del mondo\",\"datePublished\":\"2023-04-09T15:50:20+00:00\",\"dateModified\":\"2023-04-10T10:53:35+00:00\",\"mainEntityOfPage\":{\"@id\":\"https:\\\/\\\/exaudi.org\\\/it\\\/il-papa-gesu-cristo-e-la-speranza-del-mondo\\\/\"},\"wordCount\":1265,\"image\":{\"@id\":\"https:\\\/\\\/exaudi.org\\\/it\\\/il-papa-gesu-cristo-e-la-speranza-del-mondo\\\/#primaryimage\"},\"thumbnailUrl\":\"https:\\\/\\\/exaudi.org\\\/wp-content\\\/uploads\\\/2023\\\/04\\\/Urbi-et-Orbi-1.jpeg\",\"keywords\":[\"Benedizione\",\"Featured\",\"Papa Francesco\",\"Urbi et Orbi 2023\"],\"articleSection\":[\"Leone XIV\",\"Messaggi\"],\"inLanguage\":\"it-IT\"},{\"@type\":\"WebPage\",\"@id\":\"https:\\\/\\\/exaudi.org\\\/it\\\/il-papa-gesu-cristo-e-la-speranza-del-mondo\\\/\",\"url\":\"https:\\\/\\\/exaudi.org\\\/it\\\/il-papa-gesu-cristo-e-la-speranza-del-mondo\\\/\",\"name\":\"Il Papa: Ges\u00f9 Cristo \u00e8 la speranza del mondo &#8211; Exaudi\",\"isPartOf\":{\"@id\":\"https:\\\/\\\/exaudi.org\\\/#website\"},\"primaryImageOfPage\":{\"@id\":\"https:\\\/\\\/exaudi.org\\\/it\\\/il-papa-gesu-cristo-e-la-speranza-del-mondo\\\/#primaryimage\"},\"image\":{\"@id\":\"https:\\\/\\\/exaudi.org\\\/it\\\/il-papa-gesu-cristo-e-la-speranza-del-mondo\\\/#primaryimage\"},\"thumbnailUrl\":\"https:\\\/\\\/exaudi.org\\\/wp-content\\\/uploads\\\/2023\\\/04\\\/Urbi-et-Orbi-1.jpeg\",\"datePublished\":\"2023-04-09T15:50:20+00:00\",\"dateModified\":\"2023-04-10T10:53:35+00:00\",\"author\":{\"@id\":\"https:\\\/\\\/exaudi.org\\\/#\\\/schema\\\/person\\\/e1ab6ed07c01774724dd96f925f3a5f0\"},\"breadcrumb\":{\"@id\":\"https:\\\/\\\/exaudi.org\\\/it\\\/il-papa-gesu-cristo-e-la-speranza-del-mondo\\\/#breadcrumb\"},\"inLanguage\":\"it-IT\",\"potentialAction\":[{\"@type\":\"ReadAction\",\"target\":[\"https:\\\/\\\/exaudi.org\\\/it\\\/il-papa-gesu-cristo-e-la-speranza-del-mondo\\\/\"]}]},{\"@type\":\"ImageObject\",\"inLanguage\":\"it-IT\",\"@id\":\"https:\\\/\\\/exaudi.org\\\/it\\\/il-papa-gesu-cristo-e-la-speranza-del-mondo\\\/#primaryimage\",\"url\":\"https:\\\/\\\/exaudi.org\\\/wp-content\\\/uploads\\\/2023\\\/04\\\/Urbi-et-Orbi-1.jpeg\",\"contentUrl\":\"https:\\\/\\\/exaudi.org\\\/wp-content\\\/uploads\\\/2023\\\/04\\\/Urbi-et-Orbi-1.jpeg\",\"width\":800,\"height\":533},{\"@type\":\"BreadcrumbList\",\"@id\":\"https:\\\/\\\/exaudi.org\\\/it\\\/il-papa-gesu-cristo-e-la-speranza-del-mondo\\\/#breadcrumb\",\"itemListElement\":[{\"@type\":\"ListItem\",\"position\":1,\"name\":\"Portada\",\"item\":\"https:\\\/\\\/exaudi.org\\\/it\\\/\"},{\"@type\":\"ListItem\",\"position\":2,\"name\":\"Il Papa: Ges\u00f9 Cristo \u00e8 la speranza del mondo\"}]},{\"@type\":\"WebSite\",\"@id\":\"https:\\\/\\\/exaudi.org\\\/#website\",\"url\":\"https:\\\/\\\/exaudi.org\\\/\",\"name\":\"Exaudi\",\"description\":\"News\",\"potentialAction\":[{\"@type\":\"SearchAction\",\"target\":{\"@type\":\"EntryPoint\",\"urlTemplate\":\"https:\\\/\\\/exaudi.org\\\/?s={search_term_string}\"},\"query-input\":{\"@type\":\"PropertyValueSpecification\",\"valueRequired\":true,\"valueName\":\"search_term_string\"}}],\"inLanguage\":\"it-IT\"},{\"@type\":\"Person\",\"@id\":\"https:\\\/\\\/exaudi.org\\\/#\\\/schema\\\/person\\\/e1ab6ed07c01774724dd96f925f3a5f0\",\"name\":\"Exaudi Redazione\",\"image\":{\"@type\":\"ImageObject\",\"inLanguage\":\"it-IT\",\"@id\":\"https:\\\/\\\/secure.gravatar.com\\\/avatar\\\/ad6774b3ada023bf5b939d64f45c94b3adf91502dd883507d469b4308a943bb3?s=96&d=mm&r=g\",\"url\":\"https:\\\/\\\/secure.gravatar.com\\\/avatar\\\/ad6774b3ada023bf5b939d64f45c94b3adf91502dd883507d469b4308a943bb3?s=96&d=mm&r=g\",\"contentUrl\":\"https:\\\/\\\/secure.gravatar.com\\\/avatar\\\/ad6774b3ada023bf5b939d64f45c94b3adf91502dd883507d469b4308a943bb3?s=96&d=mm&r=g\",\"caption\":\"Exaudi Redazione\"},\"description\":\"Che cosa \u00e8 Exaudi News? Exaudi News \u00e8 un agenzia cattolica internazionale che informa, istruisce e trasforma quotidianamente in spagnolo, inglese e italiano. Attraverso notizie, articoli di analisi e trasmissioni in diretta degli eventi del Papa, Exaudi cerca di rafforzare l'unit\u00e0 dei cristiani e di contribuire all'evangelizzazione del mondo, sempre guidato dalla dottrina sociale della Chiesa. Lavoriamo per portare la verit\u00e0 e i valori cristiani in ogni angolo del pianeta. Aiutaci a trasformare il mondo con Exaudi! Noi di Exaudi crediamo che l'evangelizzazione e l'informazione di qualit\u00e0 possano cambiare la vita. Per continuare la nostra missione ed espandere la nostra portata, abbiamo bisogno del tuo aiuto. Stiamo anche cercando persone motivate che vogliano unirsi al nostro team. Grazie al vostro sostegno raggiungeremo pi\u00f9 persone, diffonderemo il messaggio di Cristo e rafforzeremo l'unit\u00e0 dei cristiani. Vuoi unirti alla nostra missione? Per maggiori informazioni su come contribuire, visita Exaudi.org\\\/it o contattaci direttamente: info@exaudi.org Exaudi: informa, forma e trasforma.\",\"sameAs\":[\"https:\\\/\\\/www.facebook.com\\\/ExaudiNotizie\\\/\",\"https:\\\/\\\/www.instagram.com\\\/Exaudi_notizie\\\/\",\"https:\\\/\\\/x.com\\\/Exaudi_Notizie\",\"https:\\\/\\\/www.youtube.com\\\/@exaudicatholicnews\"],\"url\":\"https:\\\/\\\/exaudi.org\\\/it\\\/author\\\/dlvedi-org\\\/\"}]}<\/script>\n<!-- \/ Yoast SEO plugin. -->","yoast_head_json":{"title":"Il Papa: Ges\u00f9 Cristo \u00e8 la speranza del mondo &#8211; Exaudi","robots":{"index":"index","follow":"follow","max-snippet":"max-snippet:-1","max-image-preview":"max-image-preview:large","max-video-preview":"max-video-preview:-1"},"canonical":"https:\/\/exaudi.org\/it\/il-papa-gesu-cristo-e-la-speranza-del-mondo\/","og_locale":"it_IT","og_type":"article","og_title":"Il Papa: Ges\u00f9 Cristo \u00e8 la speranza del mondo &#8211; Exaudi","og_description":"Benedizione Urbi et Orbi","og_url":"https:\/\/exaudi.org\/it\/il-papa-gesu-cristo-e-la-speranza-del-mondo\/","og_site_name":"Exaudi","article_publisher":"https:\/\/www.facebook.com\/ExaudiNews","article_author":"https:\/\/www.facebook.com\/ExaudiNotizie\/","article_published_time":"2023-04-09T15:50:20+00:00","article_modified_time":"2023-04-10T10:53:35+00:00","og_image":[{"width":800,"height":533,"url":"https:\/\/exaudi.org\/wp-content\/uploads\/2023\/04\/Urbi-et-Orbi-1.jpeg","type":"image\/jpeg"}],"author":"Exaudi Redazione","twitter_card":"summary_large_image","twitter_creator":"@Exaudi_Notizie","twitter_site":"@Exaudi_News","twitter_misc":{"Scritto da":"Exaudi Redazione","Tempo di lettura stimato":"6 minuti"},"schema":{"@context":"https:\/\/schema.org","@graph":[{"@type":"Article","@id":"https:\/\/exaudi.org\/it\/il-papa-gesu-cristo-e-la-speranza-del-mondo\/#article","isPartOf":{"@id":"https:\/\/exaudi.org\/it\/il-papa-gesu-cristo-e-la-speranza-del-mondo\/"},"author":{"name":"Exaudi Redazione","@id":"https:\/\/exaudi.org\/#\/schema\/person\/e1ab6ed07c01774724dd96f925f3a5f0"},"headline":"Il Papa: Ges\u00f9 Cristo \u00e8 la speranza del mondo","datePublished":"2023-04-09T15:50:20+00:00","dateModified":"2023-04-10T10:53:35+00:00","mainEntityOfPage":{"@id":"https:\/\/exaudi.org\/it\/il-papa-gesu-cristo-e-la-speranza-del-mondo\/"},"wordCount":1265,"image":{"@id":"https:\/\/exaudi.org\/it\/il-papa-gesu-cristo-e-la-speranza-del-mondo\/#primaryimage"},"thumbnailUrl":"https:\/\/exaudi.org\/wp-content\/uploads\/2023\/04\/Urbi-et-Orbi-1.jpeg","keywords":["Benedizione","Featured","Papa Francesco","Urbi et Orbi 2023"],"articleSection":["Leone XIV","Messaggi"],"inLanguage":"it-IT"},{"@type":"WebPage","@id":"https:\/\/exaudi.org\/it\/il-papa-gesu-cristo-e-la-speranza-del-mondo\/","url":"https:\/\/exaudi.org\/it\/il-papa-gesu-cristo-e-la-speranza-del-mondo\/","name":"Il Papa: Ges\u00f9 Cristo \u00e8 la speranza del mondo &#8211; Exaudi","isPartOf":{"@id":"https:\/\/exaudi.org\/#website"},"primaryImageOfPage":{"@id":"https:\/\/exaudi.org\/it\/il-papa-gesu-cristo-e-la-speranza-del-mondo\/#primaryimage"},"image":{"@id":"https:\/\/exaudi.org\/it\/il-papa-gesu-cristo-e-la-speranza-del-mondo\/#primaryimage"},"thumbnailUrl":"https:\/\/exaudi.org\/wp-content\/uploads\/2023\/04\/Urbi-et-Orbi-1.jpeg","datePublished":"2023-04-09T15:50:20+00:00","dateModified":"2023-04-10T10:53:35+00:00","author":{"@id":"https:\/\/exaudi.org\/#\/schema\/person\/e1ab6ed07c01774724dd96f925f3a5f0"},"breadcrumb":{"@id":"https:\/\/exaudi.org\/it\/il-papa-gesu-cristo-e-la-speranza-del-mondo\/#breadcrumb"},"inLanguage":"it-IT","potentialAction":[{"@type":"ReadAction","target":["https:\/\/exaudi.org\/it\/il-papa-gesu-cristo-e-la-speranza-del-mondo\/"]}]},{"@type":"ImageObject","inLanguage":"it-IT","@id":"https:\/\/exaudi.org\/it\/il-papa-gesu-cristo-e-la-speranza-del-mondo\/#primaryimage","url":"https:\/\/exaudi.org\/wp-content\/uploads\/2023\/04\/Urbi-et-Orbi-1.jpeg","contentUrl":"https:\/\/exaudi.org\/wp-content\/uploads\/2023\/04\/Urbi-et-Orbi-1.jpeg","width":800,"height":533},{"@type":"BreadcrumbList","@id":"https:\/\/exaudi.org\/it\/il-papa-gesu-cristo-e-la-speranza-del-mondo\/#breadcrumb","itemListElement":[{"@type":"ListItem","position":1,"name":"Portada","item":"https:\/\/exaudi.org\/it\/"},{"@type":"ListItem","position":2,"name":"Il Papa: Ges\u00f9 Cristo \u00e8 la speranza del mondo"}]},{"@type":"WebSite","@id":"https:\/\/exaudi.org\/#website","url":"https:\/\/exaudi.org\/","name":"Exaudi","description":"News","potentialAction":[{"@type":"SearchAction","target":{"@type":"EntryPoint","urlTemplate":"https:\/\/exaudi.org\/?s={search_term_string}"},"query-input":{"@type":"PropertyValueSpecification","valueRequired":true,"valueName":"search_term_string"}}],"inLanguage":"it-IT"},{"@type":"Person","@id":"https:\/\/exaudi.org\/#\/schema\/person\/e1ab6ed07c01774724dd96f925f3a5f0","name":"Exaudi Redazione","image":{"@type":"ImageObject","inLanguage":"it-IT","@id":"https:\/\/secure.gravatar.com\/avatar\/ad6774b3ada023bf5b939d64f45c94b3adf91502dd883507d469b4308a943bb3?s=96&d=mm&r=g","url":"https:\/\/secure.gravatar.com\/avatar\/ad6774b3ada023bf5b939d64f45c94b3adf91502dd883507d469b4308a943bb3?s=96&d=mm&r=g","contentUrl":"https:\/\/secure.gravatar.com\/avatar\/ad6774b3ada023bf5b939d64f45c94b3adf91502dd883507d469b4308a943bb3?s=96&d=mm&r=g","caption":"Exaudi Redazione"},"description":"Che cosa \u00e8 Exaudi News? Exaudi News \u00e8 un agenzia cattolica internazionale che informa, istruisce e trasforma quotidianamente in spagnolo, inglese e italiano. Attraverso notizie, articoli di analisi e trasmissioni in diretta degli eventi del Papa, Exaudi cerca di rafforzare l'unit\u00e0 dei cristiani e di contribuire all'evangelizzazione del mondo, sempre guidato dalla dottrina sociale della Chiesa. Lavoriamo per portare la verit\u00e0 e i valori cristiani in ogni angolo del pianeta. Aiutaci a trasformare il mondo con Exaudi! Noi di Exaudi crediamo che l'evangelizzazione e l'informazione di qualit\u00e0 possano cambiare la vita. Per continuare la nostra missione ed espandere la nostra portata, abbiamo bisogno del tuo aiuto. Stiamo anche cercando persone motivate che vogliano unirsi al nostro team. Grazie al vostro sostegno raggiungeremo pi\u00f9 persone, diffonderemo il messaggio di Cristo e rafforzeremo l'unit\u00e0 dei cristiani. Vuoi unirti alla nostra missione? Per maggiori informazioni su come contribuire, visita Exaudi.org\/it o contattaci direttamente: info@exaudi.org Exaudi: informa, forma e trasforma.","sameAs":["https:\/\/www.facebook.com\/ExaudiNotizie\/","https:\/\/www.instagram.com\/Exaudi_notizie\/","https:\/\/x.com\/Exaudi_Notizie","https:\/\/www.youtube.com\/@exaudicatholicnews"],"url":"https:\/\/exaudi.org\/it\/author\/dlvedi-org\/"}]}},"jetpack_featured_media_url":"https:\/\/exaudi.org\/wp-content\/uploads\/2023\/04\/Urbi-et-Orbi-1.jpeg","jetpack_shortlink":"https:\/\/wp.me\/pgKjF2-jcP","_links":{"self":[{"href":"https:\/\/exaudi.org\/it\/wp-json\/wp\/v2\/posts\/73831","targetHints":{"allow":["GET"]}}],"collection":[{"href":"https:\/\/exaudi.org\/it\/wp-json\/wp\/v2\/posts"}],"about":[{"href":"https:\/\/exaudi.org\/it\/wp-json\/wp\/v2\/types\/post"}],"author":[{"embeddable":true,"href":"https:\/\/exaudi.org\/it\/wp-json\/wp\/v2\/users\/17"}],"replies":[{"embeddable":true,"href":"https:\/\/exaudi.org\/it\/wp-json\/wp\/v2\/comments?post=73831"}],"version-history":[{"count":0,"href":"https:\/\/exaudi.org\/it\/wp-json\/wp\/v2\/posts\/73831\/revisions"}],"wp:featuredmedia":[{"embeddable":true,"href":"https:\/\/exaudi.org\/it\/wp-json\/wp\/v2\/media\/73823"}],"wp:attachment":[{"href":"https:\/\/exaudi.org\/it\/wp-json\/wp\/v2\/media?parent=73831"}],"wp:term":[{"taxonomy":"category","embeddable":true,"href":"https:\/\/exaudi.org\/it\/wp-json\/wp\/v2\/categories?post=73831"},{"taxonomy":"post_tag","embeddable":true,"href":"https:\/\/exaudi.org\/it\/wp-json\/wp\/v2\/tags?post=73831"}],"curies":[{"name":"wp","href":"https:\/\/api.w.org\/{rel}","templated":true}]}}