{"id":73747,"date":"2023-04-07T20:43:54","date_gmt":"2023-04-07T18:43:54","guid":{"rendered":"https:\/\/exaudi.org\/?p=73747"},"modified":"2023-04-07T20:43:54","modified_gmt":"2023-04-07T18:43:54","slug":"annunciamo-la-tua-morte-annunciamo-la-tua-risurrezione-vieni-signore-gesu","status":"publish","type":"post","link":"https:\/\/exaudi.org\/it\/annunciamo-la-tua-morte-annunciamo-la-tua-risurrezione-vieni-signore-gesu\/","title":{"rendered":"&#8220;Annunciamo la tua morte, annunciamo la tua risurrezione, vieni, Signore Ges\u00f9!&#8221;"},"content":{"rendered":"<p>Alle ore 17 di oggi, Venerd\u00ec Santo, il Santo Padre Francesco presiede nella Basilica Vaticana la celebrazione della Passione del Signore.<\/p>\n<p>Durante la Liturgia della Parola viene letto il racconto della Passione secondo Giovanni; quindi il Predicatore della Casa Pontificia, P. Raniero Cantalamessa, O.F.M. Cap., tiene l\u2019omelia.<\/p>\n<p>La Liturgia della Passione prosegue con la Preghiera universale e l\u2019adorazione della Santa Croce e si conclude con la Santa Comunione.<\/p>\n<p><strong>\u201cANNUNCIAMO LA TUA MORTE, SIGNORE!\u201d<\/strong><\/p>\n<p>Da duemila anni, la Chiesa annuncia e celebra, in questo giorno, la morte del Figlio di Dio sulla croce. A ogni Messa, dopo la consacrazione, essa proclama: \u201cAnnunciamo la tua morte, Signore. Proclamiamo la tua risurrezione. Nell\u2019attesa della tua venuta!\u201d<\/p>\n<p>Un\u2019altra morte di Dio, per\u00f2, viene proclamata da un secolo e mezzo ad oggi, nel nostro mondo occidentale secolarizzato. Quando, nell\u2019ambito della cultura, si parla della \u201cmorte di Dio\u201d, \u00e8 quest\u2019altra morte di Dio \u2013 ideologica, non storica &#8211; che si intende. Alcuni teologi, per non rimanere indietro rispetto ai tempi, si affrettarono a costruirci sopra una teologia: \u201cLa teologia della morte di Dio\u201d.<\/p>\n<p>Non possiamo far finta di ignorare l\u2019esistenza di questa diversa narrazione, senza lasciare preda del sospetto tanti credenti. Questa diversa morte di Dio ha trovato la sua perfetta espressione nel noto proclama che Nietzsche mette in bocca all\u2019\u201duomo folle\u201d che arriva trafelato sulla piazza della citt\u00e0:<\/p>\n<p><em>Dov\u2019\u00e8 andato Dio? \u2013 grid\u00f2 \u2013 Ve lo dico io! Siamo stati noi a ucciderlo: voi ed io!\u2026 Non ci fu mai un\u2019azione pi\u00f9 grande. Tutti coloro che verranno dopo di noi apparterranno, in virt\u00f9 di questa azione, a una storia pi\u00f9 alta di quanto mai siano state tutte le storie fino ad oggi [1].<\/em><\/p>\n<p>Nella logica di queste parole &#8211; e, credo, nelle attese del loro autore &#8211; c\u2019era che, dopo di lui, la storia non si sarebbe pi\u00f9 divisa in Avanti Cristo e Dopo Cristo, ma Avanti Nietzsche e dopo Nietzsche. Apparentemente, non \u00e8 il nulla che viene messo al posto di Dio, ma l\u2019uomo, e pi\u00f9 precisamente il \u201csuper-uomo\u201d, o \u201cl\u2019oltreuomo\u201d. Di questo nuovo uomo si deve esclamare ormai \u2013 con un sentimento di compiacimento e orgoglio, non gi\u00e0 di compassione: \u201cEcce homo!\u201d: Ecco il vero uomo![2]. Non si tarder\u00e0, per\u00f2, a rendersi conto che, rimasto solo, l\u2019uomo \u00e8 nulla.<\/p>\n<p>Che mai facemmo, a sciogliere questa terra dalla catena del suo sole? Dov\u2019\u00e8 che si muove ora? Dov\u2019\u00e8 che ci moviamo noi? Via da tutti i soli? Non \u00e8 il nostro un eterno precipitare? E all\u2019indietro, di fianco, in avanti, da tutti i lati? Esiste ancora un alto e un basso? Non stiamo forse vagando come attraverso un infinito nulla?<\/p>\n<p>La risposta tacita e rassicurante dell\u2019\u201duomo folle\u201d a queste sue domande \u00e8: \u201cNo, non vagheremo in un infinito nulla, perch\u00e9 l\u2019uomo assolver\u00e0, lui, il compito assegnato finora a Dio!\u201d La nostra risposta di credenti \u00e8, invece: \u201cS\u00ec, ed \u00e8 esattamente quello che \u00e8 successo e che sta succedendo! Stiamo vagando come attraverso un infinito nulla\u201d. \u00c8 significativo che, proprio nel solco dell\u2019autore di quel proclama, si sia arrivati a definire l\u2019esistenza umana un \u201cessere-per-la-morte\u201d e a considerare tutte le supposte possibilit\u00e0 dell\u2019uomo delle \u201cnullit\u00e0 in partenza\u201d[3].<\/p>\n<p>&#8220;Al di l\u00e0 del bene e del male\u201d, \u00e8 stato un altro grido di battaglia del filosofo![4]; ma al di l\u00e0 del bene e del male c\u2019\u00e8 solo \u201cla volont\u00e0 di potenza\u201d, e noi sappiamo dove essa conduce&#8230;<\/p>\n<p>Non ci \u00e8 lecito giudicare il cuore di un uomo che solo Dio conosce. Anche l\u2019autore di quel proclama ha avuto la sua parte di sofferenza nella vita, e la sofferenza unisce a Cristo forse pi\u00f9 di quanto le invettive separino da lui. La preghiera di Ges\u00f9 sulla croce: \u201cPadre perdona loro perch\u00e9 non sanno quello che fanno\u201d (Lc 23, 34), non fu pronunciata solo per quelli che erano presenti quel giorno sul Calvario&#8230;<\/p>\n<p>Mi torna in mente un\u2019immagine che ho osservato talvolta dal vivo (e che spero sia diventata realt\u00e0, nel frattempo, per l\u2019autore di quel proclama!): un bimbo, arrabbiato, cerca di colpire con pugni e graffi sul viso il proprio padre, finch\u00e9, esaurite le forze, cade piangendo tra le braccia di lui che lo acquieta e se lo stringe al petto.<\/p>\n<p>Non giudichiamo, ripeto, la persona che solo Dio conosce. Il seguito, per\u00f2, che quel suo proclama ha avuto, quello s\u00ec che lo possiamo e lo dobbiamo giudicare. Esso \u00e8 stato declinato nei modi e con i nomi pi\u00f9 diversi, fino a diventare una moda, un\u2019atmosfera che si respira negli ambienti intellettuali dell\u2019Occidente \u201cpostmoderno\u201d. Il denominatore comune di tutte queste diverse declinazioni \u00e8 il totale relativismo in ogni campo: etica, linguaggio, filosofia, arte e, naturalmente, religione. Nulla \u00e8 pi\u00f9 solido; tutto \u00e8 liquido, o addirittura vaporoso. Al tempo del romanticismo ci si crogiolava nella malinconia, oggi nel nichilismo.<\/p>\n<p>Come credenti \u00e8 nostro dovere mostrare che cosa c\u2019\u00e8 dietro, o sotto, quel proclama, e cio\u00e8 il guizzo di una fiamma antica, l\u2019improvvisa eruzione di un vulcano mai spento dall\u2019inizio del mondo. Il dramma umano ha avuto anch\u2019esso il suo \u201cprologo in cielo\u201d, in quello \u201cspirito della negazione\u201d che\u00a0non accett\u00f2 di esistere in grazia di un altro. Da allora, egli non fa che reclutare sostenitori della sua causa, primi tra essi gli ingenui Adamo ed Eva: \u201cSarete come Dio. Conoscerete il bene e il male!\u201d (Genesi 3,5).<\/p>\n<p>All\u2019uomo moderno, tutto ci\u00f2 non sembra che un mito eziologico per spiegare il male del mondo. E &#8211; nel senso positivo che oggi si d\u00e0 al mito &#8211; tale esso \u00e8 in realt\u00e0! Ma la storia, la letteratura e la stessa nostra esperienza personale ci dicono che dietro questo \u201cmito\u201d c\u2019\u00e8 una verit\u00e0 trascendente che nessuna narrazione storica o ragionamento filosofico potrebbe trasmetterci.<\/p>\n<p>Dio conosce il nostro orgoglio e ci \u00e8 venuto incontro, annientandosi, lui per primo, davanti ai nostri occhi.\u00a0 Cristo Ges\u00f9,<\/p>\n<p><em>pur essendo di natura divina,<\/em><br \/>\n<em>non consider\u00f2 un tesoro geloso<\/em><br \/>\n<em>la sua uguaglianza con Dio,<\/em><br \/>\n<em>ma spogli\u00f2 se stesso<\/em><br \/>\n<em>assumendo la condizione di servo,<\/em><br \/>\n<em>e divenendo simile agli uomini.<\/em><br \/>\n<em>Apparso in forma umana, umili\u00f2 se stesso<\/em><br \/>\n<em>facendosi obbediente fino alla morte<\/em><br \/>\n<em>e alla morte di croce.(Fil 2, 6-8)<\/em><\/p>\n<p>\u201cDio? Siamo stati noi a ucciderlo: voi ed io!\u201d, grida \u201cl\u2019uomo folle\u201d. Questa cosa tremenda si \u00e8, di fatto, realizzata una volta nella storia umana, ma in senso ben diverso da quello da lui inteso. Perch\u00e9 \u00e8 vero, fratelli e sorelle: siamo stati noi \u2013 voi ed io &#8211; a uccidere Ges\u00f9 di Nazareth! Egli \u00e8 morto per i nostri peccati e per quelli di tutto il mondo (1Gv 2,2)! Ma la sua risurrezione ci assicura che questa strada non va verso<br \/>\nla disfatta, ma, grazie al nostro pentimento, porta a quella \u201capoteosi della vita\u201d, invano cercata altrove.<\/p>\n<p>Perch\u00e9 parlare di questo durante la liturgia del Venerd\u00ec Santo? Non per convincere gli atei che Dio non \u00e8 morto! I pi\u00f9 celebri tra essi l\u2019hanno scoperto per conto proprio, nel momento in cui hanno chiuso gli occhi alla luce &#8211; meglio, alle tenebre &#8211; di questo mondo. Quanto a quelli tra loro che sono ancora in vita, per convincerli occorrono ben altri mezzi che le parole di un predicatore. Mezzi che il Signore non far\u00e0 mancare<br \/>\na chi ha il cuore aperto alla verit\u00e0, come chiederemo a Dio nella preghiera universale che seguir\u00e0.<\/p>\n<p>No, lo scopo vero \u00e8 un altro; \u00e8 trattenere i credenti \u2013chiss\u00e0, magari soltanto qualche studente universitario \u2013 dall\u2019essere attirati dentro questo vortice del nichilismo che \u00e8 il vero \u201cbuco nero\u201d dell\u2019universo spirituale, Far risuonare fra noi l\u2019ammonimento sempre attuale del nostro Dante Alighieri:<\/p>\n<p>Siate, Cristiani, a muovervi pi\u00f9 gravi:<br \/>\nnon siate come penna ad ogni vento,<br \/>\ne non crediate ch&#8217;ogni acqua vi lavi [5].<\/p>\n<p>Continuiamo, Venerabili Padri, fratelli e sorelle, a ripetere con commossa gratitudine e pi\u00f9 convinti che mai, le parole che proclamiamo a ogni Messa:<\/p>\n<p>Annunciamo la tua morte Signore.<br \/>\nProclamiamo la tua Risurrezione.<br \/>\nNell\u2019attesa della tua venuta!<br \/>\n________________________<\/p>\n<p>[1] Friedrich Nietzsche, La gaia scienza (1882) n. 125.<br \/>\n[2] Friedrich Nietzsche, Ecce homo, 1888.<br \/>\n[3] Martin Heidegger, Essere e tempo, sez. II, cap. 2-3.<br \/>\n[4] F. Nietzsche, Jenseits von Gut und B\u00f6se (1886).<br \/>\n[5] Paradiso, V, 73-75.<\/p>\n<p><iframe loading=\"lazy\" title=\"Highlights - April 7 2023, Celebration of the Passion of the Lord Pope Francis\" width=\"500\" height=\"281\" src=\"https:\/\/www.youtube.com\/embed\/bFDt4_UWC1Y?feature=oembed\" frameborder=\"0\" allow=\"accelerometer; autoplay; clipboard-write; encrypted-media; gyroscope; picture-in-picture; web-share\" referrerpolicy=\"strict-origin-when-cross-origin\" allowfullscreen><\/iframe><\/p>\n","protected":false},"excerpt":{"rendered":"<p>Omelia della liturgia della Passione<\/p>\n","protected":false},"author":15,"featured_media":73750,"comment_status":"closed","ping_status":"closed","sticky":false,"template":"","format":"standard","meta":{"_acf_changed":false,"_crdt_document":"","inline_featured_image":false,"footnotes":""},"categories":[67,113],"tags":[2487,6372,251,8537,823],"class_list":["post-73747","post","type-post","status-publish","format-standard","has-post-thumbnail","hentry","category-leone-xiv","category-omelie","tag-featured-3","tag-omelia","tag-papa-francesco","tag-raniero-cantalamessa-2","tag-venerdi-santo"],"acf":[],"yoast_head":"<!-- This site is optimized with the Yoast SEO plugin v27.4 - https:\/\/yoast.com\/product\/yoast-seo-wordpress\/ -->\n<title>&quot;Annunciamo la tua morte, annunciamo la tua risurrezione, vieni, Signore Ges\u00f9!&quot; &#8211; Exaudi<\/title>\n<meta name=\"robots\" content=\"index, follow, max-snippet:-1, max-image-preview:large, max-video-preview:-1\" \/>\n<link rel=\"canonical\" href=\"https:\/\/exaudi.org\/it\/annunciamo-la-tua-morte-annunciamo-la-tua-risurrezione-vieni-signore-gesu\/\" \/>\n<meta property=\"og:locale\" content=\"it_IT\" \/>\n<meta property=\"og:type\" content=\"article\" \/>\n<meta property=\"og:title\" content=\"&quot;Annunciamo la tua morte, annunciamo la tua risurrezione, vieni, Signore Ges\u00f9!&quot; &#8211; Exaudi\" \/>\n<meta property=\"og:description\" content=\"Omelia della liturgia della Passione\" \/>\n<meta property=\"og:url\" content=\"https:\/\/exaudi.org\/it\/annunciamo-la-tua-morte-annunciamo-la-tua-risurrezione-vieni-signore-gesu\/\" \/>\n<meta property=\"og:site_name\" content=\"Exaudi\" \/>\n<meta property=\"article:publisher\" content=\"https:\/\/www.facebook.com\/ExaudiNews\" \/>\n<meta property=\"article:author\" content=\"https:\/\/www.facebook.com\/ExaudiNoticias\/\" \/>\n<meta property=\"article:published_time\" content=\"2023-04-07T18:43:54+00:00\" \/>\n<meta property=\"og:image\" content=\"https:\/\/exaudi.org\/wp-content\/uploads\/2023\/04\/Viernes-Santo.jpeg\" \/>\n\t<meta property=\"og:image:width\" content=\"800\" \/>\n\t<meta property=\"og:image:height\" content=\"533\" \/>\n\t<meta property=\"og:image:type\" content=\"image\/jpeg\" \/>\n<meta name=\"author\" content=\"Exaudi Redacci\u00f3n\" \/>\n<meta name=\"twitter:card\" content=\"summary_large_image\" \/>\n<meta name=\"twitter:creator\" content=\"@Exaudi_noticias\" \/>\n<meta name=\"twitter:site\" content=\"@Exaudi_News\" \/>\n<meta name=\"twitter:label1\" content=\"Scritto da\" \/>\n\t<meta name=\"twitter:data1\" content=\"Exaudi Redacci\u00f3n\" \/>\n\t<meta name=\"twitter:label2\" content=\"Tempo di lettura stimato\" \/>\n\t<meta name=\"twitter:data2\" content=\"7 minuti\" \/>\n<script type=\"application\/ld+json\" class=\"yoast-schema-graph\">{\"@context\":\"https:\\\/\\\/schema.org\",\"@graph\":[{\"@type\":\"Article\",\"@id\":\"https:\\\/\\\/exaudi.org\\\/it\\\/annunciamo-la-tua-morte-annunciamo-la-tua-risurrezione-vieni-signore-gesu\\\/#article\",\"isPartOf\":{\"@id\":\"https:\\\/\\\/exaudi.org\\\/it\\\/annunciamo-la-tua-morte-annunciamo-la-tua-risurrezione-vieni-signore-gesu\\\/\"},\"author\":{\"name\":\"Exaudi Redacci\u00f3n\",\"@id\":\"https:\\\/\\\/exaudi.org\\\/#\\\/schema\\\/person\\\/f5fc8f063065e38742da7afe15f25df7\"},\"headline\":\"&#8220;Annunciamo la tua morte, annunciamo la tua risurrezione, vieni, Signore Ges\u00f9!&#8221;\",\"datePublished\":\"2023-04-07T18:43:54+00:00\",\"mainEntityOfPage\":{\"@id\":\"https:\\\/\\\/exaudi.org\\\/it\\\/annunciamo-la-tua-morte-annunciamo-la-tua-risurrezione-vieni-signore-gesu\\\/\"},\"wordCount\":1350,\"image\":{\"@id\":\"https:\\\/\\\/exaudi.org\\\/it\\\/annunciamo-la-tua-morte-annunciamo-la-tua-risurrezione-vieni-signore-gesu\\\/#primaryimage\"},\"thumbnailUrl\":\"https:\\\/\\\/exaudi.org\\\/wp-content\\\/uploads\\\/2023\\\/04\\\/Viernes-Santo.jpeg\",\"keywords\":[\"Featured\",\"Omelia\",\"Papa Francesco\",\"Raniero Cantalamessa\",\"Venerd\u00ec Santo\"],\"articleSection\":[\"Leone XIV\",\"Omelie\"],\"inLanguage\":\"it-IT\"},{\"@type\":\"WebPage\",\"@id\":\"https:\\\/\\\/exaudi.org\\\/it\\\/annunciamo-la-tua-morte-annunciamo-la-tua-risurrezione-vieni-signore-gesu\\\/\",\"url\":\"https:\\\/\\\/exaudi.org\\\/it\\\/annunciamo-la-tua-morte-annunciamo-la-tua-risurrezione-vieni-signore-gesu\\\/\",\"name\":\"\\\"Annunciamo la tua morte, annunciamo la tua risurrezione, vieni, Signore Ges\u00f9!\\\" &#8211; Exaudi\",\"isPartOf\":{\"@id\":\"https:\\\/\\\/exaudi.org\\\/#website\"},\"primaryImageOfPage\":{\"@id\":\"https:\\\/\\\/exaudi.org\\\/it\\\/annunciamo-la-tua-morte-annunciamo-la-tua-risurrezione-vieni-signore-gesu\\\/#primaryimage\"},\"image\":{\"@id\":\"https:\\\/\\\/exaudi.org\\\/it\\\/annunciamo-la-tua-morte-annunciamo-la-tua-risurrezione-vieni-signore-gesu\\\/#primaryimage\"},\"thumbnailUrl\":\"https:\\\/\\\/exaudi.org\\\/wp-content\\\/uploads\\\/2023\\\/04\\\/Viernes-Santo.jpeg\",\"datePublished\":\"2023-04-07T18:43:54+00:00\",\"author\":{\"@id\":\"https:\\\/\\\/exaudi.org\\\/#\\\/schema\\\/person\\\/f5fc8f063065e38742da7afe15f25df7\"},\"breadcrumb\":{\"@id\":\"https:\\\/\\\/exaudi.org\\\/it\\\/annunciamo-la-tua-morte-annunciamo-la-tua-risurrezione-vieni-signore-gesu\\\/#breadcrumb\"},\"inLanguage\":\"it-IT\",\"potentialAction\":[{\"@type\":\"ReadAction\",\"target\":[\"https:\\\/\\\/exaudi.org\\\/it\\\/annunciamo-la-tua-morte-annunciamo-la-tua-risurrezione-vieni-signore-gesu\\\/\"]}]},{\"@type\":\"ImageObject\",\"inLanguage\":\"it-IT\",\"@id\":\"https:\\\/\\\/exaudi.org\\\/it\\\/annunciamo-la-tua-morte-annunciamo-la-tua-risurrezione-vieni-signore-gesu\\\/#primaryimage\",\"url\":\"https:\\\/\\\/exaudi.org\\\/wp-content\\\/uploads\\\/2023\\\/04\\\/Viernes-Santo.jpeg\",\"contentUrl\":\"https:\\\/\\\/exaudi.org\\\/wp-content\\\/uploads\\\/2023\\\/04\\\/Viernes-Santo.jpeg\",\"width\":800,\"height\":533,\"caption\":\"Vatican Media\"},{\"@type\":\"BreadcrumbList\",\"@id\":\"https:\\\/\\\/exaudi.org\\\/it\\\/annunciamo-la-tua-morte-annunciamo-la-tua-risurrezione-vieni-signore-gesu\\\/#breadcrumb\",\"itemListElement\":[{\"@type\":\"ListItem\",\"position\":1,\"name\":\"Portada\",\"item\":\"https:\\\/\\\/exaudi.org\\\/it\\\/\"},{\"@type\":\"ListItem\",\"position\":2,\"name\":\"&#8220;Annunciamo la tua morte, annunciamo la tua risurrezione, vieni, Signore Ges\u00f9!&#8221;\"}]},{\"@type\":\"WebSite\",\"@id\":\"https:\\\/\\\/exaudi.org\\\/#website\",\"url\":\"https:\\\/\\\/exaudi.org\\\/\",\"name\":\"Exaudi\",\"description\":\"News\",\"potentialAction\":[{\"@type\":\"SearchAction\",\"target\":{\"@type\":\"EntryPoint\",\"urlTemplate\":\"https:\\\/\\\/exaudi.org\\\/?s={search_term_string}\"},\"query-input\":{\"@type\":\"PropertyValueSpecification\",\"valueRequired\":true,\"valueName\":\"search_term_string\"}}],\"inLanguage\":\"it-IT\"},{\"@type\":\"Person\",\"@id\":\"https:\\\/\\\/exaudi.org\\\/#\\\/schema\\\/person\\\/f5fc8f063065e38742da7afe15f25df7\",\"name\":\"Exaudi Redacci\u00f3n\",\"image\":{\"@type\":\"ImageObject\",\"inLanguage\":\"it-IT\",\"@id\":\"https:\\\/\\\/secure.gravatar.com\\\/avatar\\\/fe0f6a059fb68d9b3e11bc5850dd4899b1c7492091a3cb6dd9b01b56ad828be2?s=96&d=mm&r=g\",\"url\":\"https:\\\/\\\/secure.gravatar.com\\\/avatar\\\/fe0f6a059fb68d9b3e11bc5850dd4899b1c7492091a3cb6dd9b01b56ad828be2?s=96&d=mm&r=g\",\"contentUrl\":\"https:\\\/\\\/secure.gravatar.com\\\/avatar\\\/fe0f6a059fb68d9b3e11bc5850dd4899b1c7492091a3cb6dd9b01b56ad828be2?s=96&d=mm&r=g\",\"caption\":\"Exaudi Redacci\u00f3n\"},\"description\":\"\u00bfQu\u00e9 es Exaudi News? Exaudi News es un medio de comunicaci\u00f3n cat\u00f3lico internacional que informa, forma y transforma, diariamente en espa\u00f1ol, ingl\u00e9s e italiano. A trav\u00e9s de noticias, art\u00edculos de an\u00e1lisis y transmisiones en directo de los eventos del Papa, Exaudi busca fortalecer la unidad de los cristianos y contribuir a la evangelizaci\u00f3n del mundo, siempre guiados por la doctrina social de la Iglesia. Trabajamos para acercar la verdad y los valores cristianos a cada rinc\u00f3n del planeta. \u00a1Ay\u00fadanos a transformar el mundo con Exaudi! En Exaudi creemos que la evangelizaci\u00f3n y la informaci\u00f3n de calidad pueden cambiar vidas. Para continuar con nuestra misi\u00f3n y expandir nuestro alcance, necesitamos tu ayuda. Adem\u00e1s, buscamos personas comprometidas que deseen unirse a nuestro equipo. Con tu apoyo, lograremos llegar a m\u00e1s personas, difundir el mensaje de Cristo y reforzar la unidad de los cristianos. \u00bfTe unes a nuestra misi\u00f3n? Para m\u00e1s informaci\u00f3n sobre c\u00f3mo colaborar, visita Exaudi.org\\\/es o cont\u00e1ctanos directamente: info@exaudi.org Exaudi: Informa, forma y transforma.\",\"sameAs\":[\"https:\\\/\\\/www.facebook.com\\\/ExaudiNoticias\\\/\",\"https:\\\/\\\/www.instagram.com\\\/exaudi_noticias\\\/\",\"https:\\\/\\\/x.com\\\/Exaudi_noticias\",\"https:\\\/\\\/www.youtube.com\\\/@exaudicatholicnews\"],\"url\":\"https:\\\/\\\/exaudi.org\\\/it\\\/author\\\/redaccionexaudi\\\/\"}]}<\/script>\n<!-- \/ Yoast SEO plugin. -->","yoast_head_json":{"title":"\"Annunciamo la tua morte, annunciamo la tua risurrezione, vieni, Signore Ges\u00f9!\" &#8211; Exaudi","robots":{"index":"index","follow":"follow","max-snippet":"max-snippet:-1","max-image-preview":"max-image-preview:large","max-video-preview":"max-video-preview:-1"},"canonical":"https:\/\/exaudi.org\/it\/annunciamo-la-tua-morte-annunciamo-la-tua-risurrezione-vieni-signore-gesu\/","og_locale":"it_IT","og_type":"article","og_title":"\"Annunciamo la tua morte, annunciamo la tua risurrezione, vieni, Signore Ges\u00f9!\" &#8211; Exaudi","og_description":"Omelia della liturgia della Passione","og_url":"https:\/\/exaudi.org\/it\/annunciamo-la-tua-morte-annunciamo-la-tua-risurrezione-vieni-signore-gesu\/","og_site_name":"Exaudi","article_publisher":"https:\/\/www.facebook.com\/ExaudiNews","article_author":"https:\/\/www.facebook.com\/ExaudiNoticias\/","article_published_time":"2023-04-07T18:43:54+00:00","og_image":[{"width":800,"height":533,"url":"https:\/\/exaudi.org\/wp-content\/uploads\/2023\/04\/Viernes-Santo.jpeg","type":"image\/jpeg"}],"author":"Exaudi Redacci\u00f3n","twitter_card":"summary_large_image","twitter_creator":"@Exaudi_noticias","twitter_site":"@Exaudi_News","twitter_misc":{"Scritto da":"Exaudi Redacci\u00f3n","Tempo di lettura stimato":"7 minuti"},"schema":{"@context":"https:\/\/schema.org","@graph":[{"@type":"Article","@id":"https:\/\/exaudi.org\/it\/annunciamo-la-tua-morte-annunciamo-la-tua-risurrezione-vieni-signore-gesu\/#article","isPartOf":{"@id":"https:\/\/exaudi.org\/it\/annunciamo-la-tua-morte-annunciamo-la-tua-risurrezione-vieni-signore-gesu\/"},"author":{"name":"Exaudi Redacci\u00f3n","@id":"https:\/\/exaudi.org\/#\/schema\/person\/f5fc8f063065e38742da7afe15f25df7"},"headline":"&#8220;Annunciamo la tua morte, annunciamo la tua risurrezione, vieni, Signore Ges\u00f9!&#8221;","datePublished":"2023-04-07T18:43:54+00:00","mainEntityOfPage":{"@id":"https:\/\/exaudi.org\/it\/annunciamo-la-tua-morte-annunciamo-la-tua-risurrezione-vieni-signore-gesu\/"},"wordCount":1350,"image":{"@id":"https:\/\/exaudi.org\/it\/annunciamo-la-tua-morte-annunciamo-la-tua-risurrezione-vieni-signore-gesu\/#primaryimage"},"thumbnailUrl":"https:\/\/exaudi.org\/wp-content\/uploads\/2023\/04\/Viernes-Santo.jpeg","keywords":["Featured","Omelia","Papa Francesco","Raniero Cantalamessa","Venerd\u00ec Santo"],"articleSection":["Leone XIV","Omelie"],"inLanguage":"it-IT"},{"@type":"WebPage","@id":"https:\/\/exaudi.org\/it\/annunciamo-la-tua-morte-annunciamo-la-tua-risurrezione-vieni-signore-gesu\/","url":"https:\/\/exaudi.org\/it\/annunciamo-la-tua-morte-annunciamo-la-tua-risurrezione-vieni-signore-gesu\/","name":"\"Annunciamo la tua morte, annunciamo la tua risurrezione, vieni, Signore Ges\u00f9!\" &#8211; Exaudi","isPartOf":{"@id":"https:\/\/exaudi.org\/#website"},"primaryImageOfPage":{"@id":"https:\/\/exaudi.org\/it\/annunciamo-la-tua-morte-annunciamo-la-tua-risurrezione-vieni-signore-gesu\/#primaryimage"},"image":{"@id":"https:\/\/exaudi.org\/it\/annunciamo-la-tua-morte-annunciamo-la-tua-risurrezione-vieni-signore-gesu\/#primaryimage"},"thumbnailUrl":"https:\/\/exaudi.org\/wp-content\/uploads\/2023\/04\/Viernes-Santo.jpeg","datePublished":"2023-04-07T18:43:54+00:00","author":{"@id":"https:\/\/exaudi.org\/#\/schema\/person\/f5fc8f063065e38742da7afe15f25df7"},"breadcrumb":{"@id":"https:\/\/exaudi.org\/it\/annunciamo-la-tua-morte-annunciamo-la-tua-risurrezione-vieni-signore-gesu\/#breadcrumb"},"inLanguage":"it-IT","potentialAction":[{"@type":"ReadAction","target":["https:\/\/exaudi.org\/it\/annunciamo-la-tua-morte-annunciamo-la-tua-risurrezione-vieni-signore-gesu\/"]}]},{"@type":"ImageObject","inLanguage":"it-IT","@id":"https:\/\/exaudi.org\/it\/annunciamo-la-tua-morte-annunciamo-la-tua-risurrezione-vieni-signore-gesu\/#primaryimage","url":"https:\/\/exaudi.org\/wp-content\/uploads\/2023\/04\/Viernes-Santo.jpeg","contentUrl":"https:\/\/exaudi.org\/wp-content\/uploads\/2023\/04\/Viernes-Santo.jpeg","width":800,"height":533,"caption":"Vatican Media"},{"@type":"BreadcrumbList","@id":"https:\/\/exaudi.org\/it\/annunciamo-la-tua-morte-annunciamo-la-tua-risurrezione-vieni-signore-gesu\/#breadcrumb","itemListElement":[{"@type":"ListItem","position":1,"name":"Portada","item":"https:\/\/exaudi.org\/it\/"},{"@type":"ListItem","position":2,"name":"&#8220;Annunciamo la tua morte, annunciamo la tua risurrezione, vieni, Signore Ges\u00f9!&#8221;"}]},{"@type":"WebSite","@id":"https:\/\/exaudi.org\/#website","url":"https:\/\/exaudi.org\/","name":"Exaudi","description":"News","potentialAction":[{"@type":"SearchAction","target":{"@type":"EntryPoint","urlTemplate":"https:\/\/exaudi.org\/?s={search_term_string}"},"query-input":{"@type":"PropertyValueSpecification","valueRequired":true,"valueName":"search_term_string"}}],"inLanguage":"it-IT"},{"@type":"Person","@id":"https:\/\/exaudi.org\/#\/schema\/person\/f5fc8f063065e38742da7afe15f25df7","name":"Exaudi Redacci\u00f3n","image":{"@type":"ImageObject","inLanguage":"it-IT","@id":"https:\/\/secure.gravatar.com\/avatar\/fe0f6a059fb68d9b3e11bc5850dd4899b1c7492091a3cb6dd9b01b56ad828be2?s=96&d=mm&r=g","url":"https:\/\/secure.gravatar.com\/avatar\/fe0f6a059fb68d9b3e11bc5850dd4899b1c7492091a3cb6dd9b01b56ad828be2?s=96&d=mm&r=g","contentUrl":"https:\/\/secure.gravatar.com\/avatar\/fe0f6a059fb68d9b3e11bc5850dd4899b1c7492091a3cb6dd9b01b56ad828be2?s=96&d=mm&r=g","caption":"Exaudi Redacci\u00f3n"},"description":"\u00bfQu\u00e9 es Exaudi News? Exaudi News es un medio de comunicaci\u00f3n cat\u00f3lico internacional que informa, forma y transforma, diariamente en espa\u00f1ol, ingl\u00e9s e italiano. A trav\u00e9s de noticias, art\u00edculos de an\u00e1lisis y transmisiones en directo de los eventos del Papa, Exaudi busca fortalecer la unidad de los cristianos y contribuir a la evangelizaci\u00f3n del mundo, siempre guiados por la doctrina social de la Iglesia. Trabajamos para acercar la verdad y los valores cristianos a cada rinc\u00f3n del planeta. \u00a1Ay\u00fadanos a transformar el mundo con Exaudi! En Exaudi creemos que la evangelizaci\u00f3n y la informaci\u00f3n de calidad pueden cambiar vidas. Para continuar con nuestra misi\u00f3n y expandir nuestro alcance, necesitamos tu ayuda. Adem\u00e1s, buscamos personas comprometidas que deseen unirse a nuestro equipo. Con tu apoyo, lograremos llegar a m\u00e1s personas, difundir el mensaje de Cristo y reforzar la unidad de los cristianos. \u00bfTe unes a nuestra misi\u00f3n? Para m\u00e1s informaci\u00f3n sobre c\u00f3mo colaborar, visita Exaudi.org\/es o cont\u00e1ctanos directamente: info@exaudi.org Exaudi: Informa, forma y transforma.","sameAs":["https:\/\/www.facebook.com\/ExaudiNoticias\/","https:\/\/www.instagram.com\/exaudi_noticias\/","https:\/\/x.com\/Exaudi_noticias","https:\/\/www.youtube.com\/@exaudicatholicnews"],"url":"https:\/\/exaudi.org\/it\/author\/redaccionexaudi\/"}]}},"jetpack_featured_media_url":"https:\/\/exaudi.org\/wp-content\/uploads\/2023\/04\/Viernes-Santo.jpeg","jetpack_shortlink":"https:\/\/wp.me\/pgKjF2-jbt","_links":{"self":[{"href":"https:\/\/exaudi.org\/it\/wp-json\/wp\/v2\/posts\/73747","targetHints":{"allow":["GET"]}}],"collection":[{"href":"https:\/\/exaudi.org\/it\/wp-json\/wp\/v2\/posts"}],"about":[{"href":"https:\/\/exaudi.org\/it\/wp-json\/wp\/v2\/types\/post"}],"author":[{"embeddable":true,"href":"https:\/\/exaudi.org\/it\/wp-json\/wp\/v2\/users\/15"}],"replies":[{"embeddable":true,"href":"https:\/\/exaudi.org\/it\/wp-json\/wp\/v2\/comments?post=73747"}],"version-history":[{"count":0,"href":"https:\/\/exaudi.org\/it\/wp-json\/wp\/v2\/posts\/73747\/revisions"}],"wp:featuredmedia":[{"embeddable":true,"href":"https:\/\/exaudi.org\/it\/wp-json\/wp\/v2\/media\/73750"}],"wp:attachment":[{"href":"https:\/\/exaudi.org\/it\/wp-json\/wp\/v2\/media?parent=73747"}],"wp:term":[{"taxonomy":"category","embeddable":true,"href":"https:\/\/exaudi.org\/it\/wp-json\/wp\/v2\/categories?post=73747"},{"taxonomy":"post_tag","embeddable":true,"href":"https:\/\/exaudi.org\/it\/wp-json\/wp\/v2\/tags?post=73747"}],"curies":[{"name":"wp","href":"https:\/\/api.w.org\/{rel}","templated":true}]}}