{"id":73659,"date":"2023-04-06T18:09:38","date_gmt":"2023-04-06T16:09:38","guid":{"rendered":"https:\/\/exaudi.org\/?p=73659"},"modified":"2023-04-06T18:09:38","modified_gmt":"2023-04-06T16:09:38","slug":"giovedi-santo-cena-del-signore-messa-vespertina","status":"publish","type":"post","link":"https:\/\/exaudi.org\/it\/giovedi-santo-cena-del-signore-messa-vespertina\/","title":{"rendered":"Gioved\u00ec Santo \u00abCena del Signore\u00bb &#8211; Messa vespertina"},"content":{"rendered":"<p>Questo pomeriggio il Santo Padre Francesco si \u00e8 recato presso l\u2019Istituto Penale per Minori di \u201cCasal del Marmo\u201d per la celebrazione della Santa Messa \u201cin Coena Domini\u201d con le persone l\u00ec detenute.<\/p>\n<p>Al suo arrivo, il Papa si \u00e8 diretto alla Cappella dove ha presieduto la Messa, concelebrata con il Maestro delle Celebrazioni Liturgiche Pontificie e Responsabile della Cappella Musicale Pontificia, Mons. Diego Giovanni Ravelli. Insieme ai giovani detenuti, era presente una rappresentanza degli agenti e del personale della Casa Circondariale.<\/p>\n<p><img loading=\"lazy\" decoding=\"async\" class=\"size-medium wp-image-73666 alignright\" src=\"https:\/\/exaudi.org\/wp-content\/uploads\/2023\/04\/cq5dam.web_.800.800-300x200.jpeg\" alt=\"\" width=\"300\" height=\"200\" srcset=\"https:\/\/exaudi.org\/wp-content\/uploads\/2023\/04\/cq5dam.web_.800.800-300x200.jpeg 300w, https:\/\/exaudi.org\/wp-content\/uploads\/2023\/04\/cq5dam.web_.800.800-770x513.jpeg 770w, https:\/\/exaudi.org\/wp-content\/uploads\/2023\/04\/cq5dam.web_.800.800-360x240.jpeg?crop=1 360w, https:\/\/exaudi.org\/wp-content\/uploads\/2023\/04\/cq5dam.web_.800.800-500x333.jpeg 500w, https:\/\/exaudi.org\/wp-content\/uploads\/2023\/04\/cq5dam.web_.800.800-370x247.jpeg 370w, https:\/\/exaudi.org\/wp-content\/uploads\/2023\/04\/cq5dam.web_.800.800-293x195.jpeg 293w, https:\/\/exaudi.org\/wp-content\/uploads\/2023\/04\/cq5dam.web_.800.800-120x80.jpeg 120w, https:\/\/exaudi.org\/wp-content\/uploads\/2023\/04\/cq5dam.web_.800.800-240x160.jpeg 240w, https:\/\/exaudi.org\/wp-content\/uploads\/2023\/04\/cq5dam.web_.800.800-390x260.jpeg 390w, https:\/\/exaudi.org\/wp-content\/uploads\/2023\/04\/cq5dam.web_.800.800.jpeg 800w\" sizes=\"auto, (max-width: 300px) 100vw, 300px\" \/>Dopo la proclamazione del Santo Vangelo, il Papa ha pronunciato a braccio l\u2019omelia.<\/p>\n<p>Quindi, come \u00e8 consueto, Papa Francesco ha ripetuto il gesto di Ges\u00f9 durante l\u2018Ultima Cena, quando il Signore lav\u00f2 i piedi ai suoi discepoli in segno di amore spinto fino al servizio e all\u2019umiliazione, nei confronti di 12 detenuti, ragazzi e ragazze di diversa nazionalit\u00e0.<\/p>\n<p>Al termine della Santa Messa, la Direttrice del Carcere, Dott.ssa Maria Teresa Iuliani, ha rivolto alcune parole di ringraziamento al Santo Padre.<\/p>\n<p>Prima di lasciare l\u2019Istituto, il Papa ha benedetto la targa inaugurale della Cappella, dedicata al Beato Pino Puglisi. Successivamente, nel salutare alcuni detenuti, Papa Francesco ha ricevuto in dono una croce realizzata dai ragazzi che seguono il corso di falegnameria, alcuni biscotti e un pacco di pasta, entrambi realizzati nel pastificio recentemente avviato all&#8217;interno del carcere. Ai giovani detenuti, alla direttrice e al personale il Papa ha donato alcuni rosari e delle uova di cioccolato.<\/p>\n<p>Pubblichiamo di seguito l\u2019omelia pronunciata dal Santo Padre:<\/p>\n<p>&nbsp;<\/p>\n<p><b><u>Omelia del Santo Padre<\/u><\/b><\/p>\n<p>Attira l\u2019attenzione come Ges\u00f9, proprio il giorno prima di essere crocifisso, fa questo gesto. Lavare i piedi, era abitudine a quel tempo perch\u00e9 le strade erano polverose, la gente veniva da fuori e nell\u2019entrare in una casa, prima del banchetto, della riunione, si lavava i piedi. Ma chi lavava i piedi? Gli schiavi, perch\u00e9 era un lavoro da schiavo. Immaginiamo noi come sono rimasti sbalorditi i discepoli quando hanno visto che Ges\u00f9 incomincia a fare questo gesto di uno schiavo. Ma egli lo fa per far capire loro il messaggio del giorno dopo che sarebbe morto come uno schiavo, per pagare il debito di tutti noi. Se noi ascoltassimo queste cose di Ges\u00f9, la vita sarebbe cos\u00ec bella perch\u00e9 ci affretteremmo ad aiutarci l\u2019un l\u2019altro, invece di fregare uno all\u2019altro, di approfittarsi l\u2019uno dell\u2019altro, come ci insegnano i furbi. \u00c8 tanto bello aiutarsi l\u2019un l\u2019altro, dare la mano: sono gesti umani, universali, ma che nascono da un cuore nobile. E Ges\u00f9 oggi con questa celebrazione vuole insegnarci questo: la nobilt\u00e0 del cuore. Ognuno di noi pu\u00f2 dire: \u201cMa se il Papa sapesse le cose che io ho dentro\u2026\u201d. Ma Ges\u00f9 le sa e ci ama cosi come siamo, e lava i piedi a tutti noi. Ges\u00f9 non si spaventa mai delle nostre debolezze, non si spaventa mai perch\u00e9 Lui ha gi\u00e0 pagato, soltanto vuole accompagnarci, vuole prenderci per mano perch\u00e9 la vita non sia tanto dura per noi. Io far\u00f2 lo stesso gesto di lavare i piedi, ma non \u00e8 una cosa folcloristica, no. Pensiamo che \u00e8 un gesto che annuncia come dobbiamo essere noi, uno con l\u2019altro. Nella societ\u00e0 vediamo quanta gente si approfitta degli altri, quanta gente che \u00e8 all\u2019angolo e non riesce a uscire. Quante ingiustizie, quanta gente senza lavoro, quanta gente che lavora e viene pagano la met\u00e0, quanta gente che non ha i soldi per comprare le medicine, quante famiglie distrutte, tante cose brutte\u2026 E nessuno di noi pu\u00f2 dire: \u201cIo grazie a Dio non sono cos\u00ec sai\u201d \u2013 \u201cSe io non sono cos\u00ec \u00e8 per la grazia di Dio!\u201d; ognuno di noi pu\u00f2 scivolare, ognuno di noi. E questa coscienza, questa certezza che ognuno di noi pu\u00f2 scivolare \u00e8 quello che ci d\u00e0 la dignit\u00e0 &#8211; ascoltate la parola: la \u201cdignit\u00e0\u201d &#8211; di essere peccatori. E Ges\u00f9 ci vuole cos\u00ec e per questo ha voluto lavare i piedi e dire: \u201cIo sono venuto per salvare voi, per servire voi\u201d. Adesso io far\u00f2 lo stesso come ricordo di questo che Ges\u00f9 ci ha insegnato: aiutarsi gli uni gli altri. E cos\u00ec la vita \u00e8 pi\u00f9 bella e si pu\u00f2 andare avanti cos\u00ec. Durante la lavanda dei piedi \u2013 spero di cavarmela perch\u00e9 non posso camminare bene \u2013 ma durante la lavanda dei piedi voi pensate: \u201cGes\u00f9 mi ha lavato i piedi, Ges\u00f9 mi ha salvato, e ho questa difficolt\u00e0 adesso\u201d. Ma passer\u00e0, il Signore \u00e8 sempre accanto a te, mai abbandona, mai. Pensate questo.<\/p>\n<p><iframe loading=\"lazy\" title=\"Vatican Media Live\" width=\"500\" height=\"375\" src=\"https:\/\/www.youtube.com\/embed\/vQUQxcK-5_4?feature=oembed\" frameborder=\"0\" allow=\"accelerometer; autoplay; clipboard-write; encrypted-media; gyroscope; picture-in-picture; web-share\" referrerpolicy=\"strict-origin-when-cross-origin\" allowfullscreen><\/iframe><\/p>\n","protected":false},"excerpt":{"rendered":"<p>Omelia del Santo Padre<\/p>\n","protected":false},"author":17,"featured_media":73663,"comment_status":"closed","ping_status":"closed","sticky":false,"template":"","format":"standard","meta":{"_acf_changed":false,"_crdt_document":"","inline_featured_image":false,"footnotes":""},"categories":[67,113],"tags":[8819,8818,251,4952],"class_list":["post-73659","post","type-post","status-publish","format-standard","has-post-thumbnail","hentry","category-leone-xiv","category-omelie","tag-messa-vespertina","tag-omelia-giovedi-santo","tag-papa-francesco","tag-trending-it"],"acf":[],"yoast_head":"<!-- This site is optimized with the Yoast SEO plugin v27.4 - https:\/\/yoast.com\/product\/yoast-seo-wordpress\/ -->\n<title>Gioved\u00ec Santo \u00abCena del Signore\u00bb - Messa vespertina &#8211; Exaudi<\/title>\n<meta name=\"robots\" content=\"index, follow, max-snippet:-1, max-image-preview:large, max-video-preview:-1\" \/>\n<link rel=\"canonical\" href=\"https:\/\/exaudi.org\/it\/giovedi-santo-cena-del-signore-messa-vespertina\/\" \/>\n<meta property=\"og:locale\" content=\"it_IT\" \/>\n<meta property=\"og:type\" content=\"article\" \/>\n<meta property=\"og:title\" content=\"Gioved\u00ec Santo \u00abCena del Signore\u00bb - Messa vespertina &#8211; Exaudi\" \/>\n<meta property=\"og:description\" content=\"Omelia del Santo Padre\" \/>\n<meta property=\"og:url\" content=\"https:\/\/exaudi.org\/it\/giovedi-santo-cena-del-signore-messa-vespertina\/\" \/>\n<meta property=\"og:site_name\" content=\"Exaudi\" \/>\n<meta property=\"article:publisher\" content=\"https:\/\/www.facebook.com\/ExaudiNews\" \/>\n<meta property=\"article:author\" content=\"https:\/\/www.facebook.com\/ExaudiNotizie\/\" \/>\n<meta property=\"article:published_time\" content=\"2023-04-06T16:09:38+00:00\" \/>\n<meta property=\"og:image\" content=\"https:\/\/exaudi.org\/wp-content\/uploads\/2023\/04\/cq5dam.web_.800.800-2.jpeg\" \/>\n\t<meta property=\"og:image:width\" content=\"800\" \/>\n\t<meta property=\"og:image:height\" content=\"533\" \/>\n\t<meta property=\"og:image:type\" content=\"image\/jpeg\" \/>\n<meta name=\"author\" content=\"Exaudi Redazione\" \/>\n<meta name=\"twitter:card\" content=\"summary_large_image\" \/>\n<meta name=\"twitter:creator\" content=\"@Exaudi_Notizie\" \/>\n<meta name=\"twitter:site\" content=\"@Exaudi_News\" \/>\n<meta name=\"twitter:label1\" content=\"Scritto da\" \/>\n\t<meta name=\"twitter:data1\" content=\"Exaudi Redazione\" \/>\n\t<meta name=\"twitter:label2\" content=\"Tempo di lettura stimato\" \/>\n\t<meta name=\"twitter:data2\" content=\"4 minuti\" \/>\n<script type=\"application\/ld+json\" class=\"yoast-schema-graph\">{\"@context\":\"https:\\\/\\\/schema.org\",\"@graph\":[{\"@type\":\"Article\",\"@id\":\"https:\\\/\\\/exaudi.org\\\/it\\\/giovedi-santo-cena-del-signore-messa-vespertina\\\/#article\",\"isPartOf\":{\"@id\":\"https:\\\/\\\/exaudi.org\\\/it\\\/giovedi-santo-cena-del-signore-messa-vespertina\\\/\"},\"author\":{\"name\":\"Exaudi Redazione\",\"@id\":\"https:\\\/\\\/exaudi.org\\\/#\\\/schema\\\/person\\\/e1ab6ed07c01774724dd96f925f3a5f0\"},\"headline\":\"Gioved\u00ec Santo \u00abCena del Signore\u00bb &#8211; Messa vespertina\",\"datePublished\":\"2023-04-06T16:09:38+00:00\",\"mainEntityOfPage\":{\"@id\":\"https:\\\/\\\/exaudi.org\\\/it\\\/giovedi-santo-cena-del-signore-messa-vespertina\\\/\"},\"wordCount\":756,\"image\":{\"@id\":\"https:\\\/\\\/exaudi.org\\\/it\\\/giovedi-santo-cena-del-signore-messa-vespertina\\\/#primaryimage\"},\"thumbnailUrl\":\"https:\\\/\\\/exaudi.org\\\/wp-content\\\/uploads\\\/2023\\\/04\\\/cq5dam.web_.800.800-2.jpeg\",\"keywords\":[\"Messa vespertina\",\"Omelia Gioved\u00ec Santo\",\"Papa Francesco\",\"Trending\"],\"articleSection\":[\"Leone XIV\",\"Omelie\"],\"inLanguage\":\"it-IT\"},{\"@type\":\"WebPage\",\"@id\":\"https:\\\/\\\/exaudi.org\\\/it\\\/giovedi-santo-cena-del-signore-messa-vespertina\\\/\",\"url\":\"https:\\\/\\\/exaudi.org\\\/it\\\/giovedi-santo-cena-del-signore-messa-vespertina\\\/\",\"name\":\"Gioved\u00ec Santo \u00abCena del Signore\u00bb - Messa vespertina &#8211; Exaudi\",\"isPartOf\":{\"@id\":\"https:\\\/\\\/exaudi.org\\\/#website\"},\"primaryImageOfPage\":{\"@id\":\"https:\\\/\\\/exaudi.org\\\/it\\\/giovedi-santo-cena-del-signore-messa-vespertina\\\/#primaryimage\"},\"image\":{\"@id\":\"https:\\\/\\\/exaudi.org\\\/it\\\/giovedi-santo-cena-del-signore-messa-vespertina\\\/#primaryimage\"},\"thumbnailUrl\":\"https:\\\/\\\/exaudi.org\\\/wp-content\\\/uploads\\\/2023\\\/04\\\/cq5dam.web_.800.800-2.jpeg\",\"datePublished\":\"2023-04-06T16:09:38+00:00\",\"author\":{\"@id\":\"https:\\\/\\\/exaudi.org\\\/#\\\/schema\\\/person\\\/e1ab6ed07c01774724dd96f925f3a5f0\"},\"breadcrumb\":{\"@id\":\"https:\\\/\\\/exaudi.org\\\/it\\\/giovedi-santo-cena-del-signore-messa-vespertina\\\/#breadcrumb\"},\"inLanguage\":\"it-IT\",\"potentialAction\":[{\"@type\":\"ReadAction\",\"target\":[\"https:\\\/\\\/exaudi.org\\\/it\\\/giovedi-santo-cena-del-signore-messa-vespertina\\\/\"]}]},{\"@type\":\"ImageObject\",\"inLanguage\":\"it-IT\",\"@id\":\"https:\\\/\\\/exaudi.org\\\/it\\\/giovedi-santo-cena-del-signore-messa-vespertina\\\/#primaryimage\",\"url\":\"https:\\\/\\\/exaudi.org\\\/wp-content\\\/uploads\\\/2023\\\/04\\\/cq5dam.web_.800.800-2.jpeg\",\"contentUrl\":\"https:\\\/\\\/exaudi.org\\\/wp-content\\\/uploads\\\/2023\\\/04\\\/cq5dam.web_.800.800-2.jpeg\",\"width\":800,\"height\":533,\"caption\":\"Vatican Media\"},{\"@type\":\"BreadcrumbList\",\"@id\":\"https:\\\/\\\/exaudi.org\\\/it\\\/giovedi-santo-cena-del-signore-messa-vespertina\\\/#breadcrumb\",\"itemListElement\":[{\"@type\":\"ListItem\",\"position\":1,\"name\":\"Portada\",\"item\":\"https:\\\/\\\/exaudi.org\\\/it\\\/\"},{\"@type\":\"ListItem\",\"position\":2,\"name\":\"Gioved\u00ec Santo \u00abCena del Signore\u00bb &#8211; Messa vespertina\"}]},{\"@type\":\"WebSite\",\"@id\":\"https:\\\/\\\/exaudi.org\\\/#website\",\"url\":\"https:\\\/\\\/exaudi.org\\\/\",\"name\":\"Exaudi\",\"description\":\"News\",\"potentialAction\":[{\"@type\":\"SearchAction\",\"target\":{\"@type\":\"EntryPoint\",\"urlTemplate\":\"https:\\\/\\\/exaudi.org\\\/?s={search_term_string}\"},\"query-input\":{\"@type\":\"PropertyValueSpecification\",\"valueRequired\":true,\"valueName\":\"search_term_string\"}}],\"inLanguage\":\"it-IT\"},{\"@type\":\"Person\",\"@id\":\"https:\\\/\\\/exaudi.org\\\/#\\\/schema\\\/person\\\/e1ab6ed07c01774724dd96f925f3a5f0\",\"name\":\"Exaudi Redazione\",\"image\":{\"@type\":\"ImageObject\",\"inLanguage\":\"it-IT\",\"@id\":\"https:\\\/\\\/secure.gravatar.com\\\/avatar\\\/ad6774b3ada023bf5b939d64f45c94b3adf91502dd883507d469b4308a943bb3?s=96&d=mm&r=g\",\"url\":\"https:\\\/\\\/secure.gravatar.com\\\/avatar\\\/ad6774b3ada023bf5b939d64f45c94b3adf91502dd883507d469b4308a943bb3?s=96&d=mm&r=g\",\"contentUrl\":\"https:\\\/\\\/secure.gravatar.com\\\/avatar\\\/ad6774b3ada023bf5b939d64f45c94b3adf91502dd883507d469b4308a943bb3?s=96&d=mm&r=g\",\"caption\":\"Exaudi Redazione\"},\"description\":\"Che cosa \u00e8 Exaudi News? Exaudi News \u00e8 un agenzia cattolica internazionale che informa, istruisce e trasforma quotidianamente in spagnolo, inglese e italiano. Attraverso notizie, articoli di analisi e trasmissioni in diretta degli eventi del Papa, Exaudi cerca di rafforzare l'unit\u00e0 dei cristiani e di contribuire all'evangelizzazione del mondo, sempre guidato dalla dottrina sociale della Chiesa. Lavoriamo per portare la verit\u00e0 e i valori cristiani in ogni angolo del pianeta. Aiutaci a trasformare il mondo con Exaudi! Noi di Exaudi crediamo che l'evangelizzazione e l'informazione di qualit\u00e0 possano cambiare la vita. Per continuare la nostra missione ed espandere la nostra portata, abbiamo bisogno del tuo aiuto. Stiamo anche cercando persone motivate che vogliano unirsi al nostro team. Grazie al vostro sostegno raggiungeremo pi\u00f9 persone, diffonderemo il messaggio di Cristo e rafforzeremo l'unit\u00e0 dei cristiani. Vuoi unirti alla nostra missione? Per maggiori informazioni su come contribuire, visita Exaudi.org\\\/it o contattaci direttamente: info@exaudi.org Exaudi: informa, forma e trasforma.\",\"sameAs\":[\"https:\\\/\\\/www.facebook.com\\\/ExaudiNotizie\\\/\",\"https:\\\/\\\/www.instagram.com\\\/Exaudi_notizie\\\/\",\"https:\\\/\\\/x.com\\\/Exaudi_Notizie\",\"https:\\\/\\\/www.youtube.com\\\/@exaudicatholicnews\"],\"url\":\"https:\\\/\\\/exaudi.org\\\/it\\\/author\\\/dlvedi-org\\\/\"}]}<\/script>\n<!-- \/ Yoast SEO plugin. -->","yoast_head_json":{"title":"Gioved\u00ec Santo \u00abCena del Signore\u00bb - Messa vespertina &#8211; Exaudi","robots":{"index":"index","follow":"follow","max-snippet":"max-snippet:-1","max-image-preview":"max-image-preview:large","max-video-preview":"max-video-preview:-1"},"canonical":"https:\/\/exaudi.org\/it\/giovedi-santo-cena-del-signore-messa-vespertina\/","og_locale":"it_IT","og_type":"article","og_title":"Gioved\u00ec Santo \u00abCena del Signore\u00bb - Messa vespertina &#8211; Exaudi","og_description":"Omelia del Santo Padre","og_url":"https:\/\/exaudi.org\/it\/giovedi-santo-cena-del-signore-messa-vespertina\/","og_site_name":"Exaudi","article_publisher":"https:\/\/www.facebook.com\/ExaudiNews","article_author":"https:\/\/www.facebook.com\/ExaudiNotizie\/","article_published_time":"2023-04-06T16:09:38+00:00","og_image":[{"width":800,"height":533,"url":"https:\/\/exaudi.org\/wp-content\/uploads\/2023\/04\/cq5dam.web_.800.800-2.jpeg","type":"image\/jpeg"}],"author":"Exaudi Redazione","twitter_card":"summary_large_image","twitter_creator":"@Exaudi_Notizie","twitter_site":"@Exaudi_News","twitter_misc":{"Scritto da":"Exaudi Redazione","Tempo di lettura stimato":"4 minuti"},"schema":{"@context":"https:\/\/schema.org","@graph":[{"@type":"Article","@id":"https:\/\/exaudi.org\/it\/giovedi-santo-cena-del-signore-messa-vespertina\/#article","isPartOf":{"@id":"https:\/\/exaudi.org\/it\/giovedi-santo-cena-del-signore-messa-vespertina\/"},"author":{"name":"Exaudi Redazione","@id":"https:\/\/exaudi.org\/#\/schema\/person\/e1ab6ed07c01774724dd96f925f3a5f0"},"headline":"Gioved\u00ec Santo \u00abCena del Signore\u00bb &#8211; Messa vespertina","datePublished":"2023-04-06T16:09:38+00:00","mainEntityOfPage":{"@id":"https:\/\/exaudi.org\/it\/giovedi-santo-cena-del-signore-messa-vespertina\/"},"wordCount":756,"image":{"@id":"https:\/\/exaudi.org\/it\/giovedi-santo-cena-del-signore-messa-vespertina\/#primaryimage"},"thumbnailUrl":"https:\/\/exaudi.org\/wp-content\/uploads\/2023\/04\/cq5dam.web_.800.800-2.jpeg","keywords":["Messa vespertina","Omelia Gioved\u00ec Santo","Papa Francesco","Trending"],"articleSection":["Leone XIV","Omelie"],"inLanguage":"it-IT"},{"@type":"WebPage","@id":"https:\/\/exaudi.org\/it\/giovedi-santo-cena-del-signore-messa-vespertina\/","url":"https:\/\/exaudi.org\/it\/giovedi-santo-cena-del-signore-messa-vespertina\/","name":"Gioved\u00ec Santo \u00abCena del Signore\u00bb - Messa vespertina &#8211; Exaudi","isPartOf":{"@id":"https:\/\/exaudi.org\/#website"},"primaryImageOfPage":{"@id":"https:\/\/exaudi.org\/it\/giovedi-santo-cena-del-signore-messa-vespertina\/#primaryimage"},"image":{"@id":"https:\/\/exaudi.org\/it\/giovedi-santo-cena-del-signore-messa-vespertina\/#primaryimage"},"thumbnailUrl":"https:\/\/exaudi.org\/wp-content\/uploads\/2023\/04\/cq5dam.web_.800.800-2.jpeg","datePublished":"2023-04-06T16:09:38+00:00","author":{"@id":"https:\/\/exaudi.org\/#\/schema\/person\/e1ab6ed07c01774724dd96f925f3a5f0"},"breadcrumb":{"@id":"https:\/\/exaudi.org\/it\/giovedi-santo-cena-del-signore-messa-vespertina\/#breadcrumb"},"inLanguage":"it-IT","potentialAction":[{"@type":"ReadAction","target":["https:\/\/exaudi.org\/it\/giovedi-santo-cena-del-signore-messa-vespertina\/"]}]},{"@type":"ImageObject","inLanguage":"it-IT","@id":"https:\/\/exaudi.org\/it\/giovedi-santo-cena-del-signore-messa-vespertina\/#primaryimage","url":"https:\/\/exaudi.org\/wp-content\/uploads\/2023\/04\/cq5dam.web_.800.800-2.jpeg","contentUrl":"https:\/\/exaudi.org\/wp-content\/uploads\/2023\/04\/cq5dam.web_.800.800-2.jpeg","width":800,"height":533,"caption":"Vatican Media"},{"@type":"BreadcrumbList","@id":"https:\/\/exaudi.org\/it\/giovedi-santo-cena-del-signore-messa-vespertina\/#breadcrumb","itemListElement":[{"@type":"ListItem","position":1,"name":"Portada","item":"https:\/\/exaudi.org\/it\/"},{"@type":"ListItem","position":2,"name":"Gioved\u00ec Santo \u00abCena del Signore\u00bb &#8211; Messa vespertina"}]},{"@type":"WebSite","@id":"https:\/\/exaudi.org\/#website","url":"https:\/\/exaudi.org\/","name":"Exaudi","description":"News","potentialAction":[{"@type":"SearchAction","target":{"@type":"EntryPoint","urlTemplate":"https:\/\/exaudi.org\/?s={search_term_string}"},"query-input":{"@type":"PropertyValueSpecification","valueRequired":true,"valueName":"search_term_string"}}],"inLanguage":"it-IT"},{"@type":"Person","@id":"https:\/\/exaudi.org\/#\/schema\/person\/e1ab6ed07c01774724dd96f925f3a5f0","name":"Exaudi Redazione","image":{"@type":"ImageObject","inLanguage":"it-IT","@id":"https:\/\/secure.gravatar.com\/avatar\/ad6774b3ada023bf5b939d64f45c94b3adf91502dd883507d469b4308a943bb3?s=96&d=mm&r=g","url":"https:\/\/secure.gravatar.com\/avatar\/ad6774b3ada023bf5b939d64f45c94b3adf91502dd883507d469b4308a943bb3?s=96&d=mm&r=g","contentUrl":"https:\/\/secure.gravatar.com\/avatar\/ad6774b3ada023bf5b939d64f45c94b3adf91502dd883507d469b4308a943bb3?s=96&d=mm&r=g","caption":"Exaudi Redazione"},"description":"Che cosa \u00e8 Exaudi News? Exaudi News \u00e8 un agenzia cattolica internazionale che informa, istruisce e trasforma quotidianamente in spagnolo, inglese e italiano. Attraverso notizie, articoli di analisi e trasmissioni in diretta degli eventi del Papa, Exaudi cerca di rafforzare l'unit\u00e0 dei cristiani e di contribuire all'evangelizzazione del mondo, sempre guidato dalla dottrina sociale della Chiesa. Lavoriamo per portare la verit\u00e0 e i valori cristiani in ogni angolo del pianeta. Aiutaci a trasformare il mondo con Exaudi! Noi di Exaudi crediamo che l'evangelizzazione e l'informazione di qualit\u00e0 possano cambiare la vita. Per continuare la nostra missione ed espandere la nostra portata, abbiamo bisogno del tuo aiuto. Stiamo anche cercando persone motivate che vogliano unirsi al nostro team. Grazie al vostro sostegno raggiungeremo pi\u00f9 persone, diffonderemo il messaggio di Cristo e rafforzeremo l'unit\u00e0 dei cristiani. Vuoi unirti alla nostra missione? Per maggiori informazioni su come contribuire, visita Exaudi.org\/it o contattaci direttamente: info@exaudi.org Exaudi: informa, forma e trasforma.","sameAs":["https:\/\/www.facebook.com\/ExaudiNotizie\/","https:\/\/www.instagram.com\/Exaudi_notizie\/","https:\/\/x.com\/Exaudi_Notizie","https:\/\/www.youtube.com\/@exaudicatholicnews"],"url":"https:\/\/exaudi.org\/it\/author\/dlvedi-org\/"}]}},"jetpack_featured_media_url":"https:\/\/exaudi.org\/wp-content\/uploads\/2023\/04\/cq5dam.web_.800.800-2.jpeg","jetpack_shortlink":"https:\/\/wp.me\/pgKjF2-ja3","_links":{"self":[{"href":"https:\/\/exaudi.org\/it\/wp-json\/wp\/v2\/posts\/73659","targetHints":{"allow":["GET"]}}],"collection":[{"href":"https:\/\/exaudi.org\/it\/wp-json\/wp\/v2\/posts"}],"about":[{"href":"https:\/\/exaudi.org\/it\/wp-json\/wp\/v2\/types\/post"}],"author":[{"embeddable":true,"href":"https:\/\/exaudi.org\/it\/wp-json\/wp\/v2\/users\/17"}],"replies":[{"embeddable":true,"href":"https:\/\/exaudi.org\/it\/wp-json\/wp\/v2\/comments?post=73659"}],"version-history":[{"count":0,"href":"https:\/\/exaudi.org\/it\/wp-json\/wp\/v2\/posts\/73659\/revisions"}],"wp:featuredmedia":[{"embeddable":true,"href":"https:\/\/exaudi.org\/it\/wp-json\/wp\/v2\/media\/73663"}],"wp:attachment":[{"href":"https:\/\/exaudi.org\/it\/wp-json\/wp\/v2\/media?parent=73659"}],"wp:term":[{"taxonomy":"category","embeddable":true,"href":"https:\/\/exaudi.org\/it\/wp-json\/wp\/v2\/categories?post=73659"},{"taxonomy":"post_tag","embeddable":true,"href":"https:\/\/exaudi.org\/it\/wp-json\/wp\/v2\/tags?post=73659"}],"curies":[{"name":"wp","href":"https:\/\/api.w.org\/{rel}","templated":true}]}}