{"id":73647,"date":"2023-04-06T16:56:06","date_gmt":"2023-04-06T14:56:06","guid":{"rendered":"https:\/\/exaudi.org\/?p=73647"},"modified":"2023-04-06T16:56:06","modified_gmt":"2023-04-06T14:56:06","slug":"senza-lo-spirito-del-signore-non-ce-vita-cristiana","status":"publish","type":"post","link":"https:\/\/exaudi.org\/it\/senza-lo-spirito-del-signore-non-ce-vita-cristiana\/","title":{"rendered":"Senza lo Spirito del Signore non c&#8217;\u00e8 vita cristiana"},"content":{"rendered":"<p>Alle ore 9.30 di questa mattina, ricorrenza del Gioved\u00ec Santo, il Santo Padre Francesco ha presieduto, nella Basilica Vaticana, la Santa Messa Crismale, Liturgia che si celebra in questo giorno in tutte le Chiese Cattedrali.<\/p>\n<p>La Messa del Crisma \u00e8 concelebrata dal Santo Padre con i Cardinali, i Vescovi, il Vicario Generale di Sua Santit\u00e0 e il Vicegerente della Diocesi di Roma e i Presbiteri (diocesani e religiosi) presenti a Roma.<\/p>\n<p>Nel corso della Celebrazione Eucaristica, i sacerdoti hanno rinnovato le promesse fatte al momento della Sacra Ordinazione; quindi ha luogo la benedizione dell\u2019olio degli infermi, dell\u2019olio dei catecumeni e del crisma.<\/p>\n<p>Pubblichiamo di seguito l\u2019Omelia che il Papa pronuncia dopo la proclamazione del Santo Vangelo:<\/p>\n<p><b><u>Omelia del Santo Padre<\/u><\/b><\/p>\n<p>\u00abLo spirito del Signore \u00e8 sopra di me\u00bb (<i>Lc<\/i>\u00a04,18): da questo versetto \u00e8 cominciata la predicazione di Ges\u00f9 e dallo stesso versetto ha preso avvio la Parola che abbiamo ascoltato oggi (cfr\u00a0<i>Is<\/i>\u00a061,1). Al principio, dunque, sta lo Spirito del Signore.<\/p>\n<p>Ed \u00e8 su di Lui che vorrei riflettere oggi con voi, cari confratelli, sullo Spirito del Signore. Perch\u00e9 senza lo Spirito del Signore non c\u2019\u00e8 vita cristiana e, senza la sua unzione, non c\u2019\u00e8 santit\u00e0. Egli \u00e8\u00a0<i>il protagonista<\/i>\u00a0ed \u00e8 bello oggi, nel giorno nativo del sacerdozio, riconoscere che c\u2019\u00e8 Lui all\u2019origine del nostro ministero, della vita e della vitalit\u00e0 di ogni Pastore. La santa Madre Chiesa ci insegna infatti a professare che lo Spirito Santo \u00abd\u00e0 la vita\u00bb<sup>[1]<\/sup>, come ha affermato Ges\u00f9 dicendo: \u00ab\u00c8 lo Spirito che\u00a0<i>d\u00e0 la vita<\/i>\u00bb (<i>Gv<\/i>\u00a06,63); insegnamento ripreso dall\u2019apostolo Paolo, il quale scrisse che \u00abla lettera uccide, lo Spirito invece\u00a0<i>d\u00e0 vita<\/i>\u00bb (<i>2 Cor<\/i>\u00a03,6) e parl\u00f2 della \u00ablegge dello Spirito, che\u00a0<i>d\u00e0 vita<\/i>\u00a0in Cristo Ges\u00f9\u00bb (<i>Rm<\/i>\u00a08,2). Senza di Lui neppure la Chiesa sarebbe la Sposa vivente di Cristo, ma al pi\u00f9 un\u2019organizzazione religiosa &#8211; pi\u00f9 o meno buona; non sarebbe il Corpo di Cristo, ma un tempio costruito da mani d\u2019uomo. Come edificare allora la Chiesa, se non a partire dal fatto che siamo \u201ctempli dello Spirito Santo\u201d che \u201cabita in noi\u201d (cfr\u00a0<i>1 Cor<\/i>\u00a06,19; 3,16)? Non possiamo lasciarlo fuori casa o parcheggiarlo in qualche zona devozionale, no, al centro! Abbiamo bisogno ogni giorno di dire: \u201cVieni, perch\u00e9 senza la tua forza nulla \u00e8 nell\u2019uomo\u201d<sup>[2]<\/sup>.<\/p>\n<p><i>Lo Spirito del Signore \u00e8 sopra di me<\/i>. Ciascuno di noi pu\u00f2 dirlo; e non \u00e8 presunzione, \u00e8 realt\u00e0, in quanto ogni cristiano, in particolare ogni sacerdote, pu\u00f2 fare proprie le parole che seguono: \u00abperch\u00e9 il Signore mi ha consacrato con l\u2019unzione\u00bb (<i>Is<\/i>\u00a061,1). Fratelli, senza merito, per pura grazia abbiamo ricevuto un\u2019unzione che ci ha fatto padri e pastori nel Popolo santo di Dio. Soffermiamoci allora su questo aspetto dello Spirito:\u00a0<i>l\u2019unzione<\/i>.<\/p>\n<p>Dopo la prima \u201cunzione\u201d che avvenne nel grembo di Maria, lo Spirito scese su Ges\u00f9 al Giordano. In seguito a ci\u00f2, come spiega San Basilio, \u00abogni azione [di Cristo] si andava compiendo con la compresenza dello Spirito Santo\u00bb<sup>[3]<\/sup>. Con la potenza di quella unzione, infatti, predicava e operava segni, in virt\u00f9 di essa \u00abda lui usciva una forza che guariva tutti\u00bb (<i>Lc<\/i>\u00a06,19). Ges\u00f9 e lo Spirito operano sempre insieme, cos\u00ec da essere come le due mani del Padre<sup>[4]<\/sup>\u00a0&#8211; Ireneo dice questo &#8211; che, protese verso di noi, ci abbracciano e ci risollevano. E da loro sono state segnate le nostre mani, unte dallo Spirito di Cristo. S\u00ec, fratelli, il Signore non ci ha solo scelti e chiamati di qua, di l\u00e0: ha riversato in noi l\u2019unzione del suo Spirito, lo stesso che \u00e8 disceso sugli Apostoli. Fratelli noi siamo degli \u201cunti\u201d.<\/p>\n<p>Guardiamo dunque a loro, agli Apostoli. Ges\u00f9 li scelse e sulla sua chiamata lasciarono le barche, le reti, la casa e cos\u00ec via&#8230; L\u2019unzione della Parola cambi\u00f2 la loro vita. Con entusiasmo seguirono il Maestro e cominciarono a predicare, convinti di compiere in seguito cose ancora pi\u00f9 grandi; finch\u00e9 arriv\u00f2 la Pasqua. L\u00ec tutto sembr\u00f2 fermarsi: giunsero a rinnegare e abbandonare il Maestro. Non dobbiamo avere paura. Siamo coraggiosi nel leggere la nostra propria vita e le nostre cadute. Giunsero a rinnegare e abbandonare il Maestro, Pietro, il primo. Fecero i conti con la loro inadeguatezza e compresero di non averlo capito: il \u00abnon conosco quest\u2019uomo\u00bb (<i>Mc<\/i>\u00a014,71), che Pietro scand\u00ec nel cortile del sommo sacerdote dopo l\u2019ultima Cena, non \u00e8 solo una difesa impulsiva, ma un\u2019ammissione di ignoranza spirituale: lui e gli altri forse si aspettavano una vita di successi dietro a un Messia trascinatore di folle e operatore di prodigi, ma non riconoscevano lo scandalo della croce, che sbriciol\u00f2 le loro certezze. Ges\u00f9 sapeva che da soli non ce l\u2019avrebbero fatta e per questo promise loro il Paraclito. E fu proprio quella \u201cseconda unzione\u201d, a Pentecoste, a trasformare i discepoli portandoli a pascere il gregge di Dio e non pi\u00f9 s\u00e9 stessi. E questa \u00e8 la contraddizione da risolvere: sono pastore del popolo di Dio o di me stesso? E c\u2019\u00e8 lo Spirito ad insegnarmi la strada. Fu quell\u2019unzione di fuoco a estinguere la loro religiosit\u00e0 centrata su s\u00e9 stessi e sulle proprie capacit\u00e0: accolto lo Spirito, evaporano le paure e i tentennamenti di Pietro; Giacomo e Giovanni, bruciati dal desiderio di dare la vita, smettono di inseguire posti d\u2019onore (cfr\u00a0<i>Mc<\/i>\u00a010,35-45), il carrierismo nostro, fratelli; gli altri non stanno pi\u00f9 chiusi e timorosi nel Cenacolo, ma escono e diventano apostoli nel mondo. \u00c8 lo spirito a cambiare il nostro cuore, a metterlo in quel piano diverso, differente.<\/p>\n<p>Fratelli, un simile itinerario abbraccia la nostra vita sacerdotale e apostolica. Anche per noi c\u2019\u00e8 stata una prima unzione, cominciata con una chiamata d\u2019amore che ci ha rapito il cuore. Per essa abbiamo lasciato gli ormeggi e su quell\u2019entusiasmo genuino \u00e8 scesa la forza dello Spirito, che ci ha consacrato. Poi, secondo i tempi di Dio, giunge per ciascuno la tappa pasquale, che segna il momento della verit\u00e0. Ed \u00e8 un momento di crisi, che ha varie forme. A tutti, prima o poi, succede di sperimentare delusioni, fatiche, debolezze, con l\u2019ideale che sembra usurarsi fra le esigenze del reale, mentre subentra una certa abitudinariet\u00e0 e alcune prove, prima difficili da immaginare, fanno apparire la fedelt\u00e0 pi\u00f9 scomoda rispetto a un tempo. Questa tappa &#8211; di questa tentazione, di questa prova che tutti noi abbiamo avuto, abbiamo e avremo \u2013 questa tappa rappresenta un crinale decisivo per chi ha ricevuto l\u2019unzione. Si pu\u00f2 uscirne male, planando verso una certa mediocrit\u00e0, trascinandosi stanchi in una \u201cnormalit\u00e0\u201d dove si insinuano tre tentazioni pericolose: quella del\u00a0<i>compromesso<\/i>, per cui ci si accontenta di ci\u00f2 che si pu\u00f2 fare; quella dei\u00a0<i>surrogati<\/i>, per cui si tenta di \u201cricaricarsi\u201d con altro rispetto alla nostra unzione; quella dello\u00a0<i>scoraggiamento\u00a0<\/i>\u2013 che \u00e8 la pi\u00f9 comune -, per cui, scontenti, si va avanti per inerzia. Ed ecco qui il grande rischio: mentre restano intatte le apparenze \u2013 \u201cIo sono sacerdote, io sono prete\u201d -, ci si ripiega su di s\u00e9 e si tira a campare svogliati; la fragranza dell\u2019unzione non profuma pi\u00f9 la vita e il cuore; e il cuore non si dilata ma si restringe, avvolto nel disincanto. \u00c8 un distillato, sai? Quando il sacerdozio lentamente va scivolando sul clericalismo e il sacerdote si dimentica di essere pastore del popolo, per diventare un chierico di Stato.<\/p>\n<p>Ma questa crisi pu\u00f2 diventare anche la svolta del sacerdozio, la \u00abtappa decisiva della vita spirituale, in cui deve effettuarsi l\u2019ultima scelta tra Ges\u00f9 e il mondo, tra l\u2019eroicit\u00e0 della carit\u00e0 e la mediocrit\u00e0, tra la croce e un certo benessere, tra la santit\u00e0 e un\u2019onesta fedelt\u00e0 all\u2019impegno religioso\u00bb<sup>[5]<\/sup>. Alla fine di questa celebrazione vi daranno come dono un classico, un libro che tratta su questo problema:\u00a0<i>\u201cLa seconda chiamata\u201d<\/i>, \u00e8 un classico di padre Voillaume che tocca questo problema, leggetelo. Poi tutti noi abbiamo bisogno di riflettere su questo momento del nostro sacerdozio. \u00c8 il momento benedetto in cui noi, come i discepoli a Pasqua, siamo chiamati a essere \u00ababbastanza umili per confessarci vinti dal Cristo umiliato e crocifisso, e per accettare di iniziare un nuovo cammino,\u00a0<i>quello dello Spirito<\/i>, della fede e di un amore forte e senza illusioni\u00bb<sup>[6]<\/sup>. \u00c8 il\u00a0<i>chairos<\/i>\u00a0in cui scopre che \u00abil tutto non si riduce ad abbandonare la barca e le reti per seguire Ges\u00f9 durante un certo tempo, ma richiede di andare sino al Calvario, di accoglierne la lezione e il frutto, e di andare\u00a0<i>con l\u2019aiuto dello Spirito Santo<\/i>\u00a0sino alla fine di una vita che deve terminare nella perfezione della divina Carit\u00e0\u00bb<sup>[7]<\/sup>. C<i>on l\u2019aiuto dello Spirito Santo<\/i>: \u00e8 il tempo, per noi come per gli Apostoli, di una \u201cseconda unzione\u201d, tempo di una seconda chiamata che dobbiamo ascoltare, per la seconda unzione, dove accogliere lo Spirito non sull\u2019entusiasmo dei nostri sogni, ma sulla fragilit\u00e0 della nostra realt\u00e0. \u00c8 un\u2019unzione che fa verit\u00e0 nel profondo, che permette allo Spirito di ungerci le debolezze, le fatiche, le povert\u00e0 interiori. Allora l\u2019unzione profuma nuovamente: di Lui, non di noi. In questo momento, interiormente, sto facendo memoria di alcuni di voi che sono in crisi \u2013 diciamo cos\u00ec \u2013 che sono disorientati e che non sanno come prendere la strada, come riprendere la strada in questa seconda unzione dello Spirito. A questi fratelli &#8211; io li ho presenti \u2013 semplicemente dico: coraggio, il Signore \u00e8 pi\u00f9 grande delle tue debolezze, dei tuoi peccati. Affidati al Signore e lasciati chiamare una seconda volta, questa volta con l\u2019unzione dello Spirito Santo. La doppia vita non ti aiuter\u00e0; buttare tutto dalla finestra, nemmeno. Guarda avanti, lasciati carezzare per l\u2019unzione dello Spirito Santo.<\/p>\n<p>E la via per questo passo di maturazione \u00e8 ammettere la verit\u00e0 della propria debolezza. A questo ci esorta \u00ablo Spirito della verit\u00e0\u00bb (<i>Gv<\/i>\u00a016,13), che ci smuove a guardarci dentro fino in fondo, a chiederci: la mia realizzazione dipende dalla mia bravura, dal ruolo che ottengo, dai complimenti che ricevo, dalla carriera che faccio, dai superiori o collaboratori, o dai\u00a0<i>confort<\/i>\u00a0che mi posso garantire, oppure dall\u2019unzione che profuma la mia vita? Fratelli, la maturit\u00e0 sacerdotale passa dallo Spirito Santo, si compie quando Lui diventa il protagonista della nostra vita. Allora tutto cambia prospettiva, anche le delusioni e le amarezze \u2013 anche i peccati &#8211; , perch\u00e9 non si tratta pi\u00f9 di cercare di stare meglio aggiustando qualcosa, ma di consegnarci, senza trattenere nulla, a Chi ci ha impregnati nella sua unzione e vuole scendere in noi fino in fondo. Fratelli, riscopriamo allora che la vita spirituale diventa libera e gioiosa non quando si salvano le forme e si cuce una toppa, ma quando si lascia allo Spirito l\u2019iniziativa e, abbandonati ai suoi disegni, ci disponiamo a servire dove e come ci viene chiesto: il nostro sacerdozio non cresce per rammendo, ma per traboccamento!<\/p>\n<p>Se lasciamo agire in noi lo Spirito della verit\u00e0\u00a0<i>custodiremo l\u2019unzione \u2013\u00a0<\/i>custodire l\u2019unzione -, perch\u00e9 le falsit\u00e0 \u2013 le ipocrisie clericali \u2013 le falsit\u00e0 con cui siamo tentati di convivere verranno alla luce subito. E lo Spirito, il quale \u201clava ci\u00f2 che \u00e8 sordido\u201d, ci suggerir\u00e0, senza stancarsi, di \u201cnon macchiare l\u2019unzione\u201d, nemmeno un poco. Viene alla mente quella frase del Qoelet, che dice: \u00abUna mosca morta guasta l\u2019unguento del profumiere\u00bb (10,1). \u00c8 vero, ogni doppiezza \u2013 la doppiezza clericale, per favore \u2013 ogni doppiezza che si insinua \u00e8 pericolosa: non va tollerata, ma portata alla luce dello Spirito. Perch\u00e9 se \u00abniente \u00e8 pi\u00f9 infido del cuore e difficilmente guarisce\u00bb (<i>Ger<\/i>\u00a017,9), lo Spirito Santo, Lui solo, ci guarisce dalle infedelt\u00e0 (cfr\u00a0<i>Os<\/i>\u00a014,5). \u00c8 per noi una lotta irrinunciabile: \u00e8 infatti indispensabile, come scrisse San Gregorio Magno, che \u00abchi annuncia la parola di Dio, prima si dedichi al proprio modo di vivere, perch\u00e9 poi, attingendo dalla propria vita, impari cosa e come dirlo. [&#8230;] Nessuno presuma di dire fuori ci\u00f2 che prima non ha ascoltato dentro\u00bb<sup>[8]<\/sup>. Ed \u00e8 lo Spirito il maestro interiore da ascoltare, sapendo che non c\u2019\u00e8 nulla di noi che Egli non voglia ungere. Fratelli, custodiamo l\u2019unzione: invocare lo Spirito sia non una pratica saltuaria, ma il respiro di ogni giorno. Vieni, vieni, custodisci l\u2019unzione. Io, consacrato da Lui, sono chiamato a immergermi in Lui, a far entrare la sua luce nelle mie opacit\u00e0 \u2013ne abbiamo tante &#8211; per ritrovare la verit\u00e0 di quello che sono. Lasciamoci spingere da Lui a combattere le falsit\u00e0 che si agitano in noi; e lasciamoci rigenerare da Lui nell\u2019adorazione, perch\u00e9 quando adoriamo il Signore Egli riversa nei nostri cuori il suo Spirito.<\/p>\n<p>\u00abLo spirito del Signore \u00e8 su di me, perch\u00e9 il Signore mi ha consacrato con l\u2019unzione; mi ha mandato\u00bb, prosegue la profezia, e mi ha mandato a portare un lieto annuncio, liberazione, guarigione e grazia (cfr\u00a0<i>Is<\/i>\u00a061,1-2;\u00a0<i>Lc<\/i>\u00a04,18-19): in una parola, a portare\u00a0<i>armonia<\/i>\u00a0dove non c\u2019\u00e8. Perch\u00e9 come dice San Basilio: \u201cLo Spirito \u00e8 l\u2019armonia\u201d, \u00e8 Lui che fa l\u2019armonia. Dopo avervi parlato dell\u2019unzione, vorrei dirvi qualcosa su questa armonia che ne \u00e8 la conseguenza. Lo Spirito Santo, infatti, \u00e8 armonia. Anzitutto in Cielo: San Basilio spiega che \u00abtutta quella sovraceleste e indicibile armonia nel servizio di Dio e nella sinfonia vicendevole delle potenze sovracosmiche, \u00e8 impossibile che sia conservata se non per l\u2019autorit\u00e0 dello Spirito\u00bb<sup>[9]<\/sup>. E poi in terra: nella Chiesa Egli \u00e8 infatti quella \u00abdivina e musicale Armonia\u00bb<sup>[10]<\/sup>\u00a0che tutto lega. Ma pensate a un presbiterio senza armonia, senza lo Spirito: non funziona. Suscita la diversit\u00e0 dei carismi e la ricompone in unit\u00e0, crea una concordia che non si fonda sull\u2019omologazione, ma sulla creativit\u00e0 della carit\u00e0. Cos\u00ec fa l\u2019armonia tra i molti. Cos\u00ec fa armonia in un presbitero. Durante gli anni del Concilio Vaticano II, che \u00e8 stato un dono dello Spirito, un teologo pubblic\u00f2 uno studio in cui parl\u00f2 dello Spirito non in chiave individuale, ma plurale. Invit\u00f2 a pensarlo come una Persona divina non tanto singolare, ma \u201cplurale\u201d, come il \u201cnoi di Dio\u201d, il noi del Padre e del Figlio, perch\u00e9 \u00e8 il loro nesso, \u00e8\u00a0<i>in s\u00e9 stesso<\/i>\u00a0concordia, comunione, armonia<sup>[11]<\/sup>. Io ricordo che quando ho letto questo trattato teologico &#8211; era in teologia, studiando \u2013 mi sono scandalizzato: sembrava un\u2019eresia, perch\u00e9 nella nostra formazione non si capiva bene come era la Spirito Santo.<\/p>\n<p>Creare armonia \u00e8 quanto desidera, soprattutto attraverso coloro nei quali ha riversato la sua unzione. Fratelli, costruire l\u2019armonia tra noi non \u00e8 tanto un buon metodo affinch\u00e9 la compagine ecclesiale proceda meglio, non \u00e8 ballare il\u00a0<i>minuet<\/i>, non \u00e8 questione di strategia o di cortesia: \u00e8 un\u2019esigenza interna alla vita dello Spirito. Si pecca contro lo Spirito che \u00e8 comunione quando si diventa, anche per leggerezza, strumenti di divisione, per esempio \u2013 e torniamo sullo stesso tema &#8211; col chiacchiericcio. Quando diventiamo strumenti di divisione pecchiamo contro lo Spirito. E si fa il gioco del nemico, che non viene allo scoperto e ama le dicerie e le insinuazioni, fomenta partiti e cordate, alimenta la nostalgia del passato, la sfiducia, il pessimismo, la paura. Stiamo attenti, per favore, a non sporcare l\u2019unzione dello Spirito e la veste della Santa Madre Chiesa con la disunione, con le polarizzazioni, con ogni mancanza di carit\u00e0 e di comunione. Ricordiamo che lo Spirito, \u201cil noi di Dio\u201d, predilige la forma comunitaria: cio\u00e8 la disponibilit\u00e0 rispetto alle proprie esigenze, l\u2019obbedienza rispetto ai propri gusti, l\u2019umilt\u00e0 rispetto alle proprie pretese.<\/p>\n<p>L\u2019armonia non \u00e8 una virt\u00f9 tra le altre, \u00e8 di pi\u00f9. San Gregorio Magno scrive: \u00abQuanto valga la virt\u00f9 della concordia lo dimostra il fatto che, senza di essa, tutte le altre virt\u00f9 non valgono assolutamente nulla\u00bb<sup>[12]<\/sup>. Aiutiamoci, fratelli, a custodire l\u2019armonia, custodire l\u2019armonia \u2013 questo sarebbe il compito &#8211; cominciando non dagli altri, ma ciascuno da s\u00e9 stesso; chiedendoci: nelle mie parole, nei miei commenti, in quello che dico e scrivo c\u2019\u00e8 il timbro dello Spirito o quello del mondo? Penso anche alla\u00a0<i>gentilezza del sacerdote<\/i>\u00a0&#8211; ma tante volte i preti, noi\u2026siamo dei maleducati &#8211; : pensiamo alla gentilezza del sacerdote, se la gente trova persino in noi persone insoddisfatte persone scontente, zitellone, che criticano e puntano il dito, dove vedr\u00e0 l\u2019armonia?<\/p>\n<p>Quanti non si avvicinano o si allontanano perch\u00e9 nella Chiesa non si sentono accolti e amati, ma guardati con sospetto e giudicati! In nome di Dio, accogliamo e perdoniamo, sempre! E ricordiamo che l\u2019essere spigolosi e lamentosi, oltre a non produrre nulla di buono, corrompe l\u2019annuncio, perch\u00e9 contro-testimonia Dio, che \u00e8 comunione e armonia. E Ci\u00f2 dispiace tanto e anzitutto allo Spirito Santo, che l\u2019apostolo Paolo ci esorta a non rattristare (cfr\u00a0<i>Ef<\/i>\u00a04,30).<\/p>\n<p>Fratelli, vi lascio questi pensieri che sono usciti dal cuore e concludo rivolgendovi una parola semplice e importante: grazie. Grazie per la vostra testimonianza, grazie per il vostro servizio; grazie per tanto bene nascosto che fate, grazie per il perdono e la consolazione che regalate in nome di Dio: perdonare sempre, per favore, mai negare il perdono; grazie per il vostro ministero, che spesso si svolge tra tante fatiche, incomprensioni e pochi riconoscimenti. Fratelli, lo Spirito di Dio, che non lascia deluso chi ripone in Lui la propria fiducia, vi colmi di pace e porti a compimento ci\u00f2 che in voi ha iniziato, perch\u00e9 siate profeti della sua unzione e apostoli di armonia.<\/p>\n<p>________________________<\/p>\n<p><sup>[1]<\/sup>\u00a0Simbolo niceno-costantinopolitano.<br \/>\n<sup>[2]<\/sup>\u00a0Cfr Sequenza di Pentecoste.<br \/>\n<sup>[3]<\/sup>\u00a0<i>Spir<\/i>. 16,39.<br \/>\n<sup>[4]<\/sup>\u00a0Cfr Ireneo,\u00a0<i>Adv. haer.<\/i>\u00a0IV,20,1.<br \/>\n<sup>[5]<\/sup>\u00a0R. Voillaume, \u00abLa seconda chiamata\u00bb, in S. Stevan ed.,\u00a0<i>La Seconda chiamata. Il coraggio della fragilit\u00e0<\/i>, Bologna 2018, 15.<br \/>\n<sup>[6]<\/sup>\u00a0<i>ibid<\/i>., 24.<br \/>\n<sup>[7]<\/sup>\u00a0<i>ibid.<\/i>, 16.<br \/>\n<sup>[8]<\/sup>\u00a0<i>Omelie su Ezechiele<\/i>, I,X,13-14.<br \/>\n<sup>[9]<\/sup>\u00a0<i>Spir<\/i>. XVI, 38.<br \/>\n<sup>[10]<\/sup>\u00a0<i>In Ps<\/i>. 29,1.<br \/>\n<sup>[11]<\/sup>\u00a0Cfr H. M\u00fchlen,\u00a0<i>Der Heilige Geist als Person. Ich \u2013 Du \u2013 Wir<\/i>, M\u00fcnster in W., 1963.<br \/>\n<sup>[12]<\/sup>\u00a0<i>Omelie su Ezechiele,<\/i>\u00a0I,VIII,8.<\/p>\n<p><iframe loading=\"lazy\" title=\"6 April 2023, Chrism Mass | Pope Francis\" width=\"500\" height=\"281\" src=\"https:\/\/www.youtube.com\/embed\/RpjzeVZ6gn4?feature=oembed\" frameborder=\"0\" allow=\"accelerometer; autoplay; clipboard-write; encrypted-media; gyroscope; picture-in-picture; web-share\" referrerpolicy=\"strict-origin-when-cross-origin\" allowfullscreen><\/iframe><\/p>\n","protected":false},"excerpt":{"rendered":"<p>Omelia del Papa alla Messa del Crisma<\/p>\n","protected":false},"author":17,"featured_media":73645,"comment_status":"closed","ping_status":"closed","sticky":false,"template":"","format":"standard","meta":{"_acf_changed":false,"_crdt_document":"","inline_featured_image":false,"footnotes":""},"categories":[67,113],"tags":[2487,1369,8815,251],"class_list":["post-73647","post","type-post","status-publish","format-standard","has-post-thumbnail","hentry","category-leone-xiv","category-omelie","tag-featured-3","tag-giovedi-santo","tag-messa-del-crisma","tag-papa-francesco"],"acf":[],"yoast_head":"<!-- This site is optimized with the Yoast SEO plugin v27.5 - https:\/\/yoast.com\/product\/yoast-seo-wordpress\/ -->\n<title>Senza lo Spirito del Signore non c&#039;\u00e8 vita cristiana &#8211; Exaudi<\/title>\n<meta name=\"robots\" content=\"index, follow, max-snippet:-1, max-image-preview:large, max-video-preview:-1\" \/>\n<link rel=\"canonical\" href=\"https:\/\/exaudi.org\/it\/without-the-spirit-of-the-lord-there-is-no-christian-life\/\" \/>\n<meta property=\"og:locale\" content=\"it_IT\" \/>\n<meta property=\"og:type\" content=\"article\" \/>\n<meta property=\"og:title\" content=\"Senza lo Spirito del Signore non c&#039;\u00e8 vita cristiana &#8211; Exaudi\" \/>\n<meta property=\"og:description\" content=\"Omelia del Papa alla Messa del Crisma\" \/>\n<meta property=\"og:url\" content=\"https:\/\/exaudi.org\/without-the-spirit-of-the-lord-there-is-no-christian-life\/\" \/>\n<meta property=\"og:site_name\" content=\"Exaudi\" \/>\n<meta property=\"article:publisher\" content=\"https:\/\/www.facebook.com\/ExaudiNews\" \/>\n<meta property=\"article:author\" content=\"https:\/\/www.facebook.com\/ExaudiNotizie\/\" \/>\n<meta property=\"article:published_time\" content=\"2023-04-06T14:56:06+00:00\" \/>\n<meta property=\"og:image\" content=\"https:\/\/exaudi.org\/wp-content\/uploads\/2023\/04\/Misa-Crismal.jpeg\" \/>\n\t<meta property=\"og:image:width\" content=\"800\" \/>\n\t<meta property=\"og:image:height\" content=\"533\" \/>\n\t<meta property=\"og:image:type\" content=\"image\/jpeg\" \/>\n<meta name=\"author\" content=\"Exaudi Redazione\" \/>\n<meta name=\"twitter:card\" content=\"summary_large_image\" \/>\n<meta name=\"twitter:creator\" content=\"@Exaudi_Notizie\" \/>\n<meta name=\"twitter:site\" content=\"@Exaudi_News\" \/>\n<meta name=\"twitter:label1\" content=\"Scritto da\" \/>\n\t<meta name=\"twitter:data1\" content=\"Exaudi Redazione\" \/>\n\t<meta name=\"twitter:label2\" content=\"Tempo di lettura stimato\" \/>\n\t<meta name=\"twitter:data2\" content=\"14 minuti\" \/>\n<script type=\"application\/ld+json\" class=\"yoast-schema-graph\">{\"@context\":\"https:\\\/\\\/schema.org\",\"@graph\":[{\"@type\":\"Article\",\"@id\":\"https:\\\/\\\/exaudi.org\\\/without-the-spirit-of-the-lord-there-is-no-christian-life\\\/#article\",\"isPartOf\":{\"@id\":\"https:\\\/\\\/exaudi.org\\\/without-the-spirit-of-the-lord-there-is-no-christian-life\\\/\"},\"author\":{\"name\":\"Exaudi Redazione\",\"@id\":\"https:\\\/\\\/exaudi.org\\\/#\\\/schema\\\/person\\\/e1ab6ed07c01774724dd96f925f3a5f0\"},\"headline\":\"Senza lo Spirito del Signore non c&#8217;\u00e8 vita cristiana\",\"datePublished\":\"2023-04-06T14:56:06+00:00\",\"mainEntityOfPage\":{\"@id\":\"https:\\\/\\\/exaudi.org\\\/without-the-spirit-of-the-lord-there-is-no-christian-life\\\/\"},\"wordCount\":2891,\"image\":{\"@id\":\"https:\\\/\\\/exaudi.org\\\/without-the-spirit-of-the-lord-there-is-no-christian-life\\\/#primaryimage\"},\"thumbnailUrl\":\"https:\\\/\\\/exaudi.org\\\/wp-content\\\/uploads\\\/2023\\\/04\\\/Misa-Crismal.jpeg\",\"keywords\":[\"Featured\",\"gioved\u00ec santo\",\"Messa del Crisma\",\"Papa Francesco\"],\"articleSection\":[\"Leone XIV\",\"Omelie\"],\"inLanguage\":\"it-IT\"},{\"@type\":\"WebPage\",\"@id\":\"https:\\\/\\\/exaudi.org\\\/without-the-spirit-of-the-lord-there-is-no-christian-life\\\/\",\"url\":\"https:\\\/\\\/exaudi.org\\\/without-the-spirit-of-the-lord-there-is-no-christian-life\\\/\",\"name\":\"Senza lo Spirito del Signore non c'\u00e8 vita cristiana &#8211; Exaudi\",\"isPartOf\":{\"@id\":\"https:\\\/\\\/exaudi.org\\\/#website\"},\"primaryImageOfPage\":{\"@id\":\"https:\\\/\\\/exaudi.org\\\/without-the-spirit-of-the-lord-there-is-no-christian-life\\\/#primaryimage\"},\"image\":{\"@id\":\"https:\\\/\\\/exaudi.org\\\/without-the-spirit-of-the-lord-there-is-no-christian-life\\\/#primaryimage\"},\"thumbnailUrl\":\"https:\\\/\\\/exaudi.org\\\/wp-content\\\/uploads\\\/2023\\\/04\\\/Misa-Crismal.jpeg\",\"datePublished\":\"2023-04-06T14:56:06+00:00\",\"author\":{\"@id\":\"https:\\\/\\\/exaudi.org\\\/#\\\/schema\\\/person\\\/e1ab6ed07c01774724dd96f925f3a5f0\"},\"breadcrumb\":{\"@id\":\"https:\\\/\\\/exaudi.org\\\/without-the-spirit-of-the-lord-there-is-no-christian-life\\\/#breadcrumb\"},\"inLanguage\":\"it-IT\",\"potentialAction\":[{\"@type\":\"ReadAction\",\"target\":[\"https:\\\/\\\/exaudi.org\\\/without-the-spirit-of-the-lord-there-is-no-christian-life\\\/\"]}]},{\"@type\":\"ImageObject\",\"inLanguage\":\"it-IT\",\"@id\":\"https:\\\/\\\/exaudi.org\\\/without-the-spirit-of-the-lord-there-is-no-christian-life\\\/#primaryimage\",\"url\":\"https:\\\/\\\/exaudi.org\\\/wp-content\\\/uploads\\\/2023\\\/04\\\/Misa-Crismal.jpeg\",\"contentUrl\":\"https:\\\/\\\/exaudi.org\\\/wp-content\\\/uploads\\\/2023\\\/04\\\/Misa-Crismal.jpeg\",\"width\":800,\"height\":533,\"caption\":\"Santa Messa del Crisma (C) Vatican Media\"},{\"@type\":\"BreadcrumbList\",\"@id\":\"https:\\\/\\\/exaudi.org\\\/without-the-spirit-of-the-lord-there-is-no-christian-life\\\/#breadcrumb\",\"itemListElement\":[{\"@type\":\"ListItem\",\"position\":1,\"name\":\"Portada\",\"item\":\"https:\\\/\\\/exaudi.org\\\/it\\\/\"},{\"@type\":\"ListItem\",\"position\":2,\"name\":\"Senza lo Spirito del Signore non c&#8217;\u00e8 vita cristiana\"}]},{\"@type\":\"WebSite\",\"@id\":\"https:\\\/\\\/exaudi.org\\\/#website\",\"url\":\"https:\\\/\\\/exaudi.org\\\/\",\"name\":\"Exaudi\",\"description\":\"News\",\"potentialAction\":[{\"@type\":\"SearchAction\",\"target\":{\"@type\":\"EntryPoint\",\"urlTemplate\":\"https:\\\/\\\/exaudi.org\\\/?s={search_term_string}\"},\"query-input\":{\"@type\":\"PropertyValueSpecification\",\"valueRequired\":true,\"valueName\":\"search_term_string\"}}],\"inLanguage\":\"it-IT\"},{\"@type\":\"Person\",\"@id\":\"https:\\\/\\\/exaudi.org\\\/#\\\/schema\\\/person\\\/e1ab6ed07c01774724dd96f925f3a5f0\",\"name\":\"Exaudi Redazione\",\"image\":{\"@type\":\"ImageObject\",\"inLanguage\":\"it-IT\",\"@id\":\"https:\\\/\\\/secure.gravatar.com\\\/avatar\\\/ad6774b3ada023bf5b939d64f45c94b3adf91502dd883507d469b4308a943bb3?s=96&d=mm&r=g\",\"url\":\"https:\\\/\\\/secure.gravatar.com\\\/avatar\\\/ad6774b3ada023bf5b939d64f45c94b3adf91502dd883507d469b4308a943bb3?s=96&d=mm&r=g\",\"contentUrl\":\"https:\\\/\\\/secure.gravatar.com\\\/avatar\\\/ad6774b3ada023bf5b939d64f45c94b3adf91502dd883507d469b4308a943bb3?s=96&d=mm&r=g\",\"caption\":\"Exaudi Redazione\"},\"description\":\"Che cosa \u00e8 Exaudi News? Exaudi News \u00e8 un agenzia cattolica internazionale che informa, istruisce e trasforma quotidianamente in spagnolo, inglese e italiano. Attraverso notizie, articoli di analisi e trasmissioni in diretta degli eventi del Papa, Exaudi cerca di rafforzare l'unit\u00e0 dei cristiani e di contribuire all'evangelizzazione del mondo, sempre guidato dalla dottrina sociale della Chiesa. Lavoriamo per portare la verit\u00e0 e i valori cristiani in ogni angolo del pianeta. Aiutaci a trasformare il mondo con Exaudi! Noi di Exaudi crediamo che l'evangelizzazione e l'informazione di qualit\u00e0 possano cambiare la vita. Per continuare la nostra missione ed espandere la nostra portata, abbiamo bisogno del tuo aiuto. Stiamo anche cercando persone motivate che vogliano unirsi al nostro team. Grazie al vostro sostegno raggiungeremo pi\u00f9 persone, diffonderemo il messaggio di Cristo e rafforzeremo l'unit\u00e0 dei cristiani. Vuoi unirti alla nostra missione? Per maggiori informazioni su come contribuire, visita Exaudi.org\\\/it o contattaci direttamente: info@exaudi.org Exaudi: informa, forma e trasforma.\",\"sameAs\":[\"https:\\\/\\\/www.facebook.com\\\/ExaudiNotizie\\\/\",\"https:\\\/\\\/www.instagram.com\\\/Exaudi_notizie\\\/\",\"https:\\\/\\\/x.com\\\/Exaudi_Notizie\",\"https:\\\/\\\/www.youtube.com\\\/@exaudicatholicnews\"],\"url\":\"https:\\\/\\\/exaudi.org\\\/it\\\/author\\\/dlvedi-org\\\/\"}]}<\/script>\n<!-- \/ Yoast SEO plugin. -->","yoast_head_json":{"title":"Senza lo Spirito del Signore non c'\u00e8 vita cristiana &#8211; Exaudi","robots":{"index":"index","follow":"follow","max-snippet":"max-snippet:-1","max-image-preview":"max-image-preview:large","max-video-preview":"max-video-preview:-1"},"canonical":"https:\/\/exaudi.org\/it\/without-the-spirit-of-the-lord-there-is-no-christian-life\/","og_locale":"it_IT","og_type":"article","og_title":"Senza lo Spirito del Signore non c'\u00e8 vita cristiana &#8211; Exaudi","og_description":"Omelia del Papa alla Messa del Crisma","og_url":"https:\/\/exaudi.org\/without-the-spirit-of-the-lord-there-is-no-christian-life\/","og_site_name":"Exaudi","article_publisher":"https:\/\/www.facebook.com\/ExaudiNews","article_author":"https:\/\/www.facebook.com\/ExaudiNotizie\/","article_published_time":"2023-04-06T14:56:06+00:00","og_image":[{"width":800,"height":533,"url":"https:\/\/exaudi.org\/wp-content\/uploads\/2023\/04\/Misa-Crismal.jpeg","type":"image\/jpeg"}],"author":"Exaudi Redazione","twitter_card":"summary_large_image","twitter_creator":"@Exaudi_Notizie","twitter_site":"@Exaudi_News","twitter_misc":{"Scritto da":"Exaudi Redazione","Tempo di lettura stimato":"14 minuti"},"schema":{"@context":"https:\/\/schema.org","@graph":[{"@type":"Article","@id":"https:\/\/exaudi.org\/without-the-spirit-of-the-lord-there-is-no-christian-life\/#article","isPartOf":{"@id":"https:\/\/exaudi.org\/without-the-spirit-of-the-lord-there-is-no-christian-life\/"},"author":{"name":"Exaudi Redazione","@id":"https:\/\/exaudi.org\/#\/schema\/person\/e1ab6ed07c01774724dd96f925f3a5f0"},"headline":"Senza lo Spirito del Signore non c&#8217;\u00e8 vita cristiana","datePublished":"2023-04-06T14:56:06+00:00","mainEntityOfPage":{"@id":"https:\/\/exaudi.org\/without-the-spirit-of-the-lord-there-is-no-christian-life\/"},"wordCount":2891,"image":{"@id":"https:\/\/exaudi.org\/without-the-spirit-of-the-lord-there-is-no-christian-life\/#primaryimage"},"thumbnailUrl":"https:\/\/exaudi.org\/wp-content\/uploads\/2023\/04\/Misa-Crismal.jpeg","keywords":["Featured","gioved\u00ec santo","Messa del Crisma","Papa Francesco"],"articleSection":["Leone XIV","Omelie"],"inLanguage":"it-IT"},{"@type":"WebPage","@id":"https:\/\/exaudi.org\/without-the-spirit-of-the-lord-there-is-no-christian-life\/","url":"https:\/\/exaudi.org\/without-the-spirit-of-the-lord-there-is-no-christian-life\/","name":"Senza lo Spirito del Signore non c'\u00e8 vita cristiana &#8211; Exaudi","isPartOf":{"@id":"https:\/\/exaudi.org\/#website"},"primaryImageOfPage":{"@id":"https:\/\/exaudi.org\/without-the-spirit-of-the-lord-there-is-no-christian-life\/#primaryimage"},"image":{"@id":"https:\/\/exaudi.org\/without-the-spirit-of-the-lord-there-is-no-christian-life\/#primaryimage"},"thumbnailUrl":"https:\/\/exaudi.org\/wp-content\/uploads\/2023\/04\/Misa-Crismal.jpeg","datePublished":"2023-04-06T14:56:06+00:00","author":{"@id":"https:\/\/exaudi.org\/#\/schema\/person\/e1ab6ed07c01774724dd96f925f3a5f0"},"breadcrumb":{"@id":"https:\/\/exaudi.org\/without-the-spirit-of-the-lord-there-is-no-christian-life\/#breadcrumb"},"inLanguage":"it-IT","potentialAction":[{"@type":"ReadAction","target":["https:\/\/exaudi.org\/without-the-spirit-of-the-lord-there-is-no-christian-life\/"]}]},{"@type":"ImageObject","inLanguage":"it-IT","@id":"https:\/\/exaudi.org\/without-the-spirit-of-the-lord-there-is-no-christian-life\/#primaryimage","url":"https:\/\/exaudi.org\/wp-content\/uploads\/2023\/04\/Misa-Crismal.jpeg","contentUrl":"https:\/\/exaudi.org\/wp-content\/uploads\/2023\/04\/Misa-Crismal.jpeg","width":800,"height":533,"caption":"Santa Messa del Crisma (C) Vatican Media"},{"@type":"BreadcrumbList","@id":"https:\/\/exaudi.org\/without-the-spirit-of-the-lord-there-is-no-christian-life\/#breadcrumb","itemListElement":[{"@type":"ListItem","position":1,"name":"Portada","item":"https:\/\/exaudi.org\/it\/"},{"@type":"ListItem","position":2,"name":"Senza lo Spirito del Signore non c&#8217;\u00e8 vita cristiana"}]},{"@type":"WebSite","@id":"https:\/\/exaudi.org\/#website","url":"https:\/\/exaudi.org\/","name":"Exaudi","description":"News","potentialAction":[{"@type":"SearchAction","target":{"@type":"EntryPoint","urlTemplate":"https:\/\/exaudi.org\/?s={search_term_string}"},"query-input":{"@type":"PropertyValueSpecification","valueRequired":true,"valueName":"search_term_string"}}],"inLanguage":"it-IT"},{"@type":"Person","@id":"https:\/\/exaudi.org\/#\/schema\/person\/e1ab6ed07c01774724dd96f925f3a5f0","name":"Exaudi Redazione","image":{"@type":"ImageObject","inLanguage":"it-IT","@id":"https:\/\/secure.gravatar.com\/avatar\/ad6774b3ada023bf5b939d64f45c94b3adf91502dd883507d469b4308a943bb3?s=96&d=mm&r=g","url":"https:\/\/secure.gravatar.com\/avatar\/ad6774b3ada023bf5b939d64f45c94b3adf91502dd883507d469b4308a943bb3?s=96&d=mm&r=g","contentUrl":"https:\/\/secure.gravatar.com\/avatar\/ad6774b3ada023bf5b939d64f45c94b3adf91502dd883507d469b4308a943bb3?s=96&d=mm&r=g","caption":"Exaudi Redazione"},"description":"Che cosa \u00e8 Exaudi News? Exaudi News \u00e8 un agenzia cattolica internazionale che informa, istruisce e trasforma quotidianamente in spagnolo, inglese e italiano. Attraverso notizie, articoli di analisi e trasmissioni in diretta degli eventi del Papa, Exaudi cerca di rafforzare l'unit\u00e0 dei cristiani e di contribuire all'evangelizzazione del mondo, sempre guidato dalla dottrina sociale della Chiesa. Lavoriamo per portare la verit\u00e0 e i valori cristiani in ogni angolo del pianeta. Aiutaci a trasformare il mondo con Exaudi! Noi di Exaudi crediamo che l'evangelizzazione e l'informazione di qualit\u00e0 possano cambiare la vita. Per continuare la nostra missione ed espandere la nostra portata, abbiamo bisogno del tuo aiuto. Stiamo anche cercando persone motivate che vogliano unirsi al nostro team. Grazie al vostro sostegno raggiungeremo pi\u00f9 persone, diffonderemo il messaggio di Cristo e rafforzeremo l'unit\u00e0 dei cristiani. Vuoi unirti alla nostra missione? Per maggiori informazioni su come contribuire, visita Exaudi.org\/it o contattaci direttamente: info@exaudi.org Exaudi: informa, forma e trasforma.","sameAs":["https:\/\/www.facebook.com\/ExaudiNotizie\/","https:\/\/www.instagram.com\/Exaudi_notizie\/","https:\/\/x.com\/Exaudi_Notizie","https:\/\/www.youtube.com\/@exaudicatholicnews"],"url":"https:\/\/exaudi.org\/it\/author\/dlvedi-org\/"}]}},"jetpack_featured_media_url":"https:\/\/exaudi.org\/wp-content\/uploads\/2023\/04\/Misa-Crismal.jpeg","jetpack_shortlink":"https:\/\/wp.me\/pgKjF2-j9R","_links":{"self":[{"href":"https:\/\/exaudi.org\/it\/wp-json\/wp\/v2\/posts\/73647","targetHints":{"allow":["GET"]}}],"collection":[{"href":"https:\/\/exaudi.org\/it\/wp-json\/wp\/v2\/posts"}],"about":[{"href":"https:\/\/exaudi.org\/it\/wp-json\/wp\/v2\/types\/post"}],"author":[{"embeddable":true,"href":"https:\/\/exaudi.org\/it\/wp-json\/wp\/v2\/users\/17"}],"replies":[{"embeddable":true,"href":"https:\/\/exaudi.org\/it\/wp-json\/wp\/v2\/comments?post=73647"}],"version-history":[{"count":0,"href":"https:\/\/exaudi.org\/it\/wp-json\/wp\/v2\/posts\/73647\/revisions"}],"wp:featuredmedia":[{"embeddable":true,"href":"https:\/\/exaudi.org\/it\/wp-json\/wp\/v2\/media\/73645"}],"wp:attachment":[{"href":"https:\/\/exaudi.org\/it\/wp-json\/wp\/v2\/media?parent=73647"}],"wp:term":[{"taxonomy":"category","embeddable":true,"href":"https:\/\/exaudi.org\/it\/wp-json\/wp\/v2\/categories?post=73647"},{"taxonomy":"post_tag","embeddable":true,"href":"https:\/\/exaudi.org\/it\/wp-json\/wp\/v2\/tags?post=73647"}],"curies":[{"name":"wp","href":"https:\/\/api.w.org\/{rel}","templated":true}]}}