{"id":73298,"date":"2023-03-30T20:03:37","date_gmt":"2023-03-30T18:03:37","guid":{"rendered":"https:\/\/exaudi.org\/?p=73298"},"modified":"2023-03-30T20:03:37","modified_gmt":"2023-03-30T18:03:37","slug":"dobbiamo-vivere-larte-dellincontro","status":"publish","type":"post","link":"https:\/\/exaudi.org\/it\/dobbiamo-vivere-larte-dellincontro\/","title":{"rendered":"&#8220;Dobbiamo vivere l\u2019arte dell\u2019incontro&#8221;"},"content":{"rendered":"<p><strong>COMMENTO ALLA NOTA sulla \u201cDoctrine of Discovery\u201d dell\u2019Em.mo Card. Jos\u00e9 Tolentino de Mendon\u00e7a<\/strong><\/p>\n<p>Prefetto del Dicastero per la Cultura e l\u2019Educazione Parlando delle ingiustizie storiche e dei crimini di guerra nella sua enciclica <em>Fratelli Tutti<\/em>,<br \/>\nPapa Francesco <em>afferma che \u00e8 facile oggi cadere nella tentazione di voltare pagina dicendo che ormai \u00e8 passato molto tempo e che bisogna guardare avanti. No, per amor di Dio! Senza memoria non si va mai avanti, non si cresce senza una memoria integra e luminosa (Fratelli Tutti, 249)<\/em><\/p>\n<p>Nella Nota sulla \u201cDoctrine of Discovery\u201d (pubblicata oggi dal Dicastero per la Cultura e l\u2019Educazione e dal Dicastero per il Servizio dello Sviluppo Umano Integrale), la Santa Sede esamina attentamente la storia della Chiesa e la sua deplorevole associazione con la dottrina della scoperta, che \u00e8 stata invocata da varie potenze coloniali contro le popolazioni indigene, in diverse parti del mondo, per giustificare l\u2019espropriazione della loro storia e la sottovalutazione e l\u2019eliminazione delle loro culture.<\/p>\n<p>La nota riconosce che le bolle papali su cui le potenze coloniali appoggiarono le loro pretese <em>non riflettevano adeguatamente la pari dignit\u00e0 e i diritti delle popolazioni indigene<\/em> e che i documenti furono manipolati da quelle potenze <em>per giustificare atti immorali contro di esse che furono perpetrati, a volte senza l\u2019opposizione da parte delle autorit\u00e0 ecclesiastiche<\/em>. La dottrina della scoperta non faceva parte dell\u2019insegnamento della Chiesa Cattolica, ed \u00e8 ripudiata in questa Nota; ma questa tragico evento ci ricorda la necessit\u00e0 di rimanere sempre pi\u00f9 vigilanti nella nostra difesa della dignit\u00e0 di tutti gli uomini e della necessit\u00e0 di crescere nella conoscenza e nell\u2019apprezzamento delle loro<br \/>\nculture. Specificamente, come ci ha ricordato Papa Francesco nella sua Enciclica <em>Laudato Si\u2019: \u00e8 indispensabile prestare speciale attenzione alle comunit\u00e0 aborigene con le loro tradizioni culturali&#8230; Per loro, infatti, la terra non \u00e8 un bene economico, ma un dono di Dio e degli antenati che in essa riposano, uno spazio sacro con il quale hanno il bisogno di interagire per alimentare la loro identit\u00e0 e i loro valori (Laudato S\u00ec, 146).<\/em><\/p>\n<p>Questa Nota fa parte di quella che potremmo chiamare l\u2019architettura della riconciliazione, ed \u00e8 anche il prodotto dell\u2019arte della riconciliazione, il processo in cui le persone si impegnano ad ascoltarsi, a parlarsi e a crescere nella comprensione reciproca. In tal senso,<br \/>\nle intuizioni che informano questa Nota sono esse stesse il frutto di un rinnovato dialogo tra la Chiesa e i popoli indigeni. \u00c8 ascoltando i popoli indigeni che la Chiesa sta imparando a comprendere le loro sofferenze, il passato e il presente, e le nostre mancanze.\u00a0 \u00c8 nel dialogo culturale che siamo impegnati ad accompagnarli nella ricerca della riconciliazione e della guarigione. Dobbiamo vivere l\u2019arte dell\u2019incontro.<br \/>\n_______________<\/p>\n","protected":false},"excerpt":{"rendered":"<p>Commento alla Nota: Em.mo Card. Jos\u00e9 Tolentino de Mendon\u00e7a<\/p>\n","protected":false},"author":17,"featured_media":73309,"comment_status":"closed","ping_status":"closed","sticky":false,"template":"","format":"standard","meta":{"_acf_changed":false,"_crdt_document":"","inline_featured_image":false,"footnotes":""},"categories":[131],"tags":[7015,8784,8783],"class_list":["post-73298","post","type-post","status-publish","format-standard","has-post-thumbnail","hentry","category-vaticano","tag-dicasteri","tag-doctrine-of-discovery","tag-jose-tolentino-de-mendonca"],"acf":[],"yoast_head":"<!-- This site is optimized with the Yoast SEO plugin v27.5 - https:\/\/yoast.com\/product\/yoast-seo-wordpress\/ -->\n<title>&quot;Dobbiamo vivere l\u2019arte dell\u2019incontro&quot; &#8211; Exaudi<\/title>\n<meta name=\"robots\" content=\"index, follow, max-snippet:-1, max-image-preview:large, max-video-preview:-1\" \/>\n<link rel=\"canonical\" href=\"https:\/\/exaudi.org\/it\/dobbiamo-vivere-larte-dellincontro\/\" \/>\n<meta property=\"og:locale\" content=\"it_IT\" \/>\n<meta property=\"og:type\" content=\"article\" \/>\n<meta property=\"og:title\" content=\"&quot;Dobbiamo vivere l\u2019arte dell\u2019incontro&quot; &#8211; Exaudi\" \/>\n<meta property=\"og:description\" content=\"Commento alla Nota: Em.mo Card. Jos\u00e9 Tolentino de Mendon\u00e7a\" \/>\n<meta property=\"og:url\" content=\"https:\/\/exaudi.org\/it\/dobbiamo-vivere-larte-dellincontro\/\" \/>\n<meta property=\"og:site_name\" content=\"Exaudi\" \/>\n<meta property=\"article:publisher\" content=\"https:\/\/www.facebook.com\/ExaudiNews\" \/>\n<meta property=\"article:author\" content=\"https:\/\/www.facebook.com\/ExaudiNotizie\/\" \/>\n<meta property=\"article:published_time\" content=\"2023-03-30T18:03:37+00:00\" \/>\n<meta property=\"og:image\" content=\"https:\/\/exaudi.org\/wp-content\/uploads\/2023\/03\/cq5dam.thumbnail.cropped.750.422-20.jpeg\" \/>\n\t<meta property=\"og:image:width\" content=\"750\" \/>\n\t<meta property=\"og:image:height\" content=\"422\" \/>\n\t<meta property=\"og:image:type\" content=\"image\/jpeg\" \/>\n<meta name=\"author\" content=\"Exaudi Redazione\" \/>\n<meta name=\"twitter:card\" content=\"summary_large_image\" \/>\n<meta name=\"twitter:creator\" content=\"@Exaudi_Notizie\" \/>\n<meta name=\"twitter:site\" content=\"@Exaudi_News\" \/>\n<meta name=\"twitter:label1\" content=\"Scritto da\" \/>\n\t<meta name=\"twitter:data1\" content=\"Exaudi Redazione\" \/>\n\t<meta name=\"twitter:label2\" content=\"Tempo di lettura stimato\" \/>\n\t<meta name=\"twitter:data2\" content=\"3 minuti\" \/>\n<script type=\"application\/ld+json\" class=\"yoast-schema-graph\">{\"@context\":\"https:\\\/\\\/schema.org\",\"@graph\":[{\"@type\":\"Article\",\"@id\":\"https:\\\/\\\/exaudi.org\\\/it\\\/dobbiamo-vivere-larte-dellincontro\\\/#article\",\"isPartOf\":{\"@id\":\"https:\\\/\\\/exaudi.org\\\/it\\\/dobbiamo-vivere-larte-dellincontro\\\/\"},\"author\":{\"name\":\"Exaudi Redazione\",\"@id\":\"https:\\\/\\\/exaudi.org\\\/#\\\/schema\\\/person\\\/e1ab6ed07c01774724dd96f925f3a5f0\"},\"headline\":\"&#8220;Dobbiamo vivere l\u2019arte dell\u2019incontro&#8221;\",\"datePublished\":\"2023-03-30T18:03:37+00:00\",\"mainEntityOfPage\":{\"@id\":\"https:\\\/\\\/exaudi.org\\\/it\\\/dobbiamo-vivere-larte-dellincontro\\\/\"},\"wordCount\":452,\"image\":{\"@id\":\"https:\\\/\\\/exaudi.org\\\/it\\\/dobbiamo-vivere-larte-dellincontro\\\/#primaryimage\"},\"thumbnailUrl\":\"https:\\\/\\\/exaudi.org\\\/wp-content\\\/uploads\\\/2023\\\/03\\\/cq5dam.thumbnail.cropped.750.422-20.jpeg\",\"keywords\":[\"Dicasteri\",\"Doctrine of Discovery\",\"Jos\u00e9 Tolentino de Mendon\u00e7a\"],\"articleSection\":[\"Vaticano\"],\"inLanguage\":\"it-IT\"},{\"@type\":\"WebPage\",\"@id\":\"https:\\\/\\\/exaudi.org\\\/it\\\/dobbiamo-vivere-larte-dellincontro\\\/\",\"url\":\"https:\\\/\\\/exaudi.org\\\/it\\\/dobbiamo-vivere-larte-dellincontro\\\/\",\"name\":\"\\\"Dobbiamo vivere l\u2019arte dell\u2019incontro\\\" &#8211; Exaudi\",\"isPartOf\":{\"@id\":\"https:\\\/\\\/exaudi.org\\\/#website\"},\"primaryImageOfPage\":{\"@id\":\"https:\\\/\\\/exaudi.org\\\/it\\\/dobbiamo-vivere-larte-dellincontro\\\/#primaryimage\"},\"image\":{\"@id\":\"https:\\\/\\\/exaudi.org\\\/it\\\/dobbiamo-vivere-larte-dellincontro\\\/#primaryimage\"},\"thumbnailUrl\":\"https:\\\/\\\/exaudi.org\\\/wp-content\\\/uploads\\\/2023\\\/03\\\/cq5dam.thumbnail.cropped.750.422-20.jpeg\",\"datePublished\":\"2023-03-30T18:03:37+00:00\",\"author\":{\"@id\":\"https:\\\/\\\/exaudi.org\\\/#\\\/schema\\\/person\\\/e1ab6ed07c01774724dd96f925f3a5f0\"},\"breadcrumb\":{\"@id\":\"https:\\\/\\\/exaudi.org\\\/it\\\/dobbiamo-vivere-larte-dellincontro\\\/#breadcrumb\"},\"inLanguage\":\"it-IT\",\"potentialAction\":[{\"@type\":\"ReadAction\",\"target\":[\"https:\\\/\\\/exaudi.org\\\/it\\\/dobbiamo-vivere-larte-dellincontro\\\/\"]}]},{\"@type\":\"ImageObject\",\"inLanguage\":\"it-IT\",\"@id\":\"https:\\\/\\\/exaudi.org\\\/it\\\/dobbiamo-vivere-larte-dellincontro\\\/#primaryimage\",\"url\":\"https:\\\/\\\/exaudi.org\\\/wp-content\\\/uploads\\\/2023\\\/03\\\/cq5dam.thumbnail.cropped.750.422-20.jpeg\",\"contentUrl\":\"https:\\\/\\\/exaudi.org\\\/wp-content\\\/uploads\\\/2023\\\/03\\\/cq5dam.thumbnail.cropped.750.422-20.jpeg\",\"width\":750,\"height\":422,\"caption\":\"Vatican News\"},{\"@type\":\"BreadcrumbList\",\"@id\":\"https:\\\/\\\/exaudi.org\\\/it\\\/dobbiamo-vivere-larte-dellincontro\\\/#breadcrumb\",\"itemListElement\":[{\"@type\":\"ListItem\",\"position\":1,\"name\":\"Portada\",\"item\":\"https:\\\/\\\/exaudi.org\\\/it\\\/\"},{\"@type\":\"ListItem\",\"position\":2,\"name\":\"&#8220;Dobbiamo vivere l\u2019arte dell\u2019incontro&#8221;\"}]},{\"@type\":\"WebSite\",\"@id\":\"https:\\\/\\\/exaudi.org\\\/#website\",\"url\":\"https:\\\/\\\/exaudi.org\\\/\",\"name\":\"Exaudi\",\"description\":\"News\",\"potentialAction\":[{\"@type\":\"SearchAction\",\"target\":{\"@type\":\"EntryPoint\",\"urlTemplate\":\"https:\\\/\\\/exaudi.org\\\/?s={search_term_string}\"},\"query-input\":{\"@type\":\"PropertyValueSpecification\",\"valueRequired\":true,\"valueName\":\"search_term_string\"}}],\"inLanguage\":\"it-IT\"},{\"@type\":\"Person\",\"@id\":\"https:\\\/\\\/exaudi.org\\\/#\\\/schema\\\/person\\\/e1ab6ed07c01774724dd96f925f3a5f0\",\"name\":\"Exaudi Redazione\",\"image\":{\"@type\":\"ImageObject\",\"inLanguage\":\"it-IT\",\"@id\":\"https:\\\/\\\/secure.gravatar.com\\\/avatar\\\/ad6774b3ada023bf5b939d64f45c94b3adf91502dd883507d469b4308a943bb3?s=96&d=mm&r=g\",\"url\":\"https:\\\/\\\/secure.gravatar.com\\\/avatar\\\/ad6774b3ada023bf5b939d64f45c94b3adf91502dd883507d469b4308a943bb3?s=96&d=mm&r=g\",\"contentUrl\":\"https:\\\/\\\/secure.gravatar.com\\\/avatar\\\/ad6774b3ada023bf5b939d64f45c94b3adf91502dd883507d469b4308a943bb3?s=96&d=mm&r=g\",\"caption\":\"Exaudi Redazione\"},\"description\":\"Che cosa \u00e8 Exaudi News? Exaudi News \u00e8 un agenzia cattolica internazionale che informa, istruisce e trasforma quotidianamente in spagnolo, inglese e italiano. Attraverso notizie, articoli di analisi e trasmissioni in diretta degli eventi del Papa, Exaudi cerca di rafforzare l'unit\u00e0 dei cristiani e di contribuire all'evangelizzazione del mondo, sempre guidato dalla dottrina sociale della Chiesa. Lavoriamo per portare la verit\u00e0 e i valori cristiani in ogni angolo del pianeta. Aiutaci a trasformare il mondo con Exaudi! Noi di Exaudi crediamo che l'evangelizzazione e l'informazione di qualit\u00e0 possano cambiare la vita. Per continuare la nostra missione ed espandere la nostra portata, abbiamo bisogno del tuo aiuto. Stiamo anche cercando persone motivate che vogliano unirsi al nostro team. Grazie al vostro sostegno raggiungeremo pi\u00f9 persone, diffonderemo il messaggio di Cristo e rafforzeremo l'unit\u00e0 dei cristiani. Vuoi unirti alla nostra missione? Per maggiori informazioni su come contribuire, visita Exaudi.org\\\/it o contattaci direttamente: info@exaudi.org Exaudi: informa, forma e trasforma.\",\"sameAs\":[\"https:\\\/\\\/www.facebook.com\\\/ExaudiNotizie\\\/\",\"https:\\\/\\\/www.instagram.com\\\/Exaudi_notizie\\\/\",\"https:\\\/\\\/x.com\\\/Exaudi_Notizie\",\"https:\\\/\\\/www.youtube.com\\\/@exaudicatholicnews\"],\"url\":\"https:\\\/\\\/exaudi.org\\\/it\\\/author\\\/dlvedi-org\\\/\"}]}<\/script>\n<!-- \/ Yoast SEO plugin. -->","yoast_head_json":{"title":"\"Dobbiamo vivere l\u2019arte dell\u2019incontro\" &#8211; Exaudi","robots":{"index":"index","follow":"follow","max-snippet":"max-snippet:-1","max-image-preview":"max-image-preview:large","max-video-preview":"max-video-preview:-1"},"canonical":"https:\/\/exaudi.org\/it\/dobbiamo-vivere-larte-dellincontro\/","og_locale":"it_IT","og_type":"article","og_title":"\"Dobbiamo vivere l\u2019arte dell\u2019incontro\" &#8211; Exaudi","og_description":"Commento alla Nota: Em.mo Card. Jos\u00e9 Tolentino de Mendon\u00e7a","og_url":"https:\/\/exaudi.org\/it\/dobbiamo-vivere-larte-dellincontro\/","og_site_name":"Exaudi","article_publisher":"https:\/\/www.facebook.com\/ExaudiNews","article_author":"https:\/\/www.facebook.com\/ExaudiNotizie\/","article_published_time":"2023-03-30T18:03:37+00:00","og_image":[{"width":750,"height":422,"url":"https:\/\/exaudi.org\/wp-content\/uploads\/2023\/03\/cq5dam.thumbnail.cropped.750.422-20.jpeg","type":"image\/jpeg"}],"author":"Exaudi Redazione","twitter_card":"summary_large_image","twitter_creator":"@Exaudi_Notizie","twitter_site":"@Exaudi_News","twitter_misc":{"Scritto da":"Exaudi Redazione","Tempo di lettura stimato":"3 minuti"},"schema":{"@context":"https:\/\/schema.org","@graph":[{"@type":"Article","@id":"https:\/\/exaudi.org\/it\/dobbiamo-vivere-larte-dellincontro\/#article","isPartOf":{"@id":"https:\/\/exaudi.org\/it\/dobbiamo-vivere-larte-dellincontro\/"},"author":{"name":"Exaudi Redazione","@id":"https:\/\/exaudi.org\/#\/schema\/person\/e1ab6ed07c01774724dd96f925f3a5f0"},"headline":"&#8220;Dobbiamo vivere l\u2019arte dell\u2019incontro&#8221;","datePublished":"2023-03-30T18:03:37+00:00","mainEntityOfPage":{"@id":"https:\/\/exaudi.org\/it\/dobbiamo-vivere-larte-dellincontro\/"},"wordCount":452,"image":{"@id":"https:\/\/exaudi.org\/it\/dobbiamo-vivere-larte-dellincontro\/#primaryimage"},"thumbnailUrl":"https:\/\/exaudi.org\/wp-content\/uploads\/2023\/03\/cq5dam.thumbnail.cropped.750.422-20.jpeg","keywords":["Dicasteri","Doctrine of Discovery","Jos\u00e9 Tolentino de Mendon\u00e7a"],"articleSection":["Vaticano"],"inLanguage":"it-IT"},{"@type":"WebPage","@id":"https:\/\/exaudi.org\/it\/dobbiamo-vivere-larte-dellincontro\/","url":"https:\/\/exaudi.org\/it\/dobbiamo-vivere-larte-dellincontro\/","name":"\"Dobbiamo vivere l\u2019arte dell\u2019incontro\" &#8211; Exaudi","isPartOf":{"@id":"https:\/\/exaudi.org\/#website"},"primaryImageOfPage":{"@id":"https:\/\/exaudi.org\/it\/dobbiamo-vivere-larte-dellincontro\/#primaryimage"},"image":{"@id":"https:\/\/exaudi.org\/it\/dobbiamo-vivere-larte-dellincontro\/#primaryimage"},"thumbnailUrl":"https:\/\/exaudi.org\/wp-content\/uploads\/2023\/03\/cq5dam.thumbnail.cropped.750.422-20.jpeg","datePublished":"2023-03-30T18:03:37+00:00","author":{"@id":"https:\/\/exaudi.org\/#\/schema\/person\/e1ab6ed07c01774724dd96f925f3a5f0"},"breadcrumb":{"@id":"https:\/\/exaudi.org\/it\/dobbiamo-vivere-larte-dellincontro\/#breadcrumb"},"inLanguage":"it-IT","potentialAction":[{"@type":"ReadAction","target":["https:\/\/exaudi.org\/it\/dobbiamo-vivere-larte-dellincontro\/"]}]},{"@type":"ImageObject","inLanguage":"it-IT","@id":"https:\/\/exaudi.org\/it\/dobbiamo-vivere-larte-dellincontro\/#primaryimage","url":"https:\/\/exaudi.org\/wp-content\/uploads\/2023\/03\/cq5dam.thumbnail.cropped.750.422-20.jpeg","contentUrl":"https:\/\/exaudi.org\/wp-content\/uploads\/2023\/03\/cq5dam.thumbnail.cropped.750.422-20.jpeg","width":750,"height":422,"caption":"Vatican News"},{"@type":"BreadcrumbList","@id":"https:\/\/exaudi.org\/it\/dobbiamo-vivere-larte-dellincontro\/#breadcrumb","itemListElement":[{"@type":"ListItem","position":1,"name":"Portada","item":"https:\/\/exaudi.org\/it\/"},{"@type":"ListItem","position":2,"name":"&#8220;Dobbiamo vivere l\u2019arte dell\u2019incontro&#8221;"}]},{"@type":"WebSite","@id":"https:\/\/exaudi.org\/#website","url":"https:\/\/exaudi.org\/","name":"Exaudi","description":"News","potentialAction":[{"@type":"SearchAction","target":{"@type":"EntryPoint","urlTemplate":"https:\/\/exaudi.org\/?s={search_term_string}"},"query-input":{"@type":"PropertyValueSpecification","valueRequired":true,"valueName":"search_term_string"}}],"inLanguage":"it-IT"},{"@type":"Person","@id":"https:\/\/exaudi.org\/#\/schema\/person\/e1ab6ed07c01774724dd96f925f3a5f0","name":"Exaudi Redazione","image":{"@type":"ImageObject","inLanguage":"it-IT","@id":"https:\/\/secure.gravatar.com\/avatar\/ad6774b3ada023bf5b939d64f45c94b3adf91502dd883507d469b4308a943bb3?s=96&d=mm&r=g","url":"https:\/\/secure.gravatar.com\/avatar\/ad6774b3ada023bf5b939d64f45c94b3adf91502dd883507d469b4308a943bb3?s=96&d=mm&r=g","contentUrl":"https:\/\/secure.gravatar.com\/avatar\/ad6774b3ada023bf5b939d64f45c94b3adf91502dd883507d469b4308a943bb3?s=96&d=mm&r=g","caption":"Exaudi Redazione"},"description":"Che cosa \u00e8 Exaudi News? Exaudi News \u00e8 un agenzia cattolica internazionale che informa, istruisce e trasforma quotidianamente in spagnolo, inglese e italiano. Attraverso notizie, articoli di analisi e trasmissioni in diretta degli eventi del Papa, Exaudi cerca di rafforzare l'unit\u00e0 dei cristiani e di contribuire all'evangelizzazione del mondo, sempre guidato dalla dottrina sociale della Chiesa. Lavoriamo per portare la verit\u00e0 e i valori cristiani in ogni angolo del pianeta. Aiutaci a trasformare il mondo con Exaudi! Noi di Exaudi crediamo che l'evangelizzazione e l'informazione di qualit\u00e0 possano cambiare la vita. Per continuare la nostra missione ed espandere la nostra portata, abbiamo bisogno del tuo aiuto. Stiamo anche cercando persone motivate che vogliano unirsi al nostro team. Grazie al vostro sostegno raggiungeremo pi\u00f9 persone, diffonderemo il messaggio di Cristo e rafforzeremo l'unit\u00e0 dei cristiani. Vuoi unirti alla nostra missione? Per maggiori informazioni su come contribuire, visita Exaudi.org\/it o contattaci direttamente: info@exaudi.org Exaudi: informa, forma e trasforma.","sameAs":["https:\/\/www.facebook.com\/ExaudiNotizie\/","https:\/\/www.instagram.com\/Exaudi_notizie\/","https:\/\/x.com\/Exaudi_Notizie","https:\/\/www.youtube.com\/@exaudicatholicnews"],"url":"https:\/\/exaudi.org\/it\/author\/dlvedi-org\/"}]}},"jetpack_featured_media_url":"https:\/\/exaudi.org\/wp-content\/uploads\/2023\/03\/cq5dam.thumbnail.cropped.750.422-20.jpeg","jetpack_shortlink":"https:\/\/wp.me\/pgKjF2-j4e","_links":{"self":[{"href":"https:\/\/exaudi.org\/it\/wp-json\/wp\/v2\/posts\/73298","targetHints":{"allow":["GET"]}}],"collection":[{"href":"https:\/\/exaudi.org\/it\/wp-json\/wp\/v2\/posts"}],"about":[{"href":"https:\/\/exaudi.org\/it\/wp-json\/wp\/v2\/types\/post"}],"author":[{"embeddable":true,"href":"https:\/\/exaudi.org\/it\/wp-json\/wp\/v2\/users\/17"}],"replies":[{"embeddable":true,"href":"https:\/\/exaudi.org\/it\/wp-json\/wp\/v2\/comments?post=73298"}],"version-history":[{"count":0,"href":"https:\/\/exaudi.org\/it\/wp-json\/wp\/v2\/posts\/73298\/revisions"}],"wp:featuredmedia":[{"embeddable":true,"href":"https:\/\/exaudi.org\/it\/wp-json\/wp\/v2\/media\/73309"}],"wp:attachment":[{"href":"https:\/\/exaudi.org\/it\/wp-json\/wp\/v2\/media?parent=73298"}],"wp:term":[{"taxonomy":"category","embeddable":true,"href":"https:\/\/exaudi.org\/it\/wp-json\/wp\/v2\/categories?post=73298"},{"taxonomy":"post_tag","embeddable":true,"href":"https:\/\/exaudi.org\/it\/wp-json\/wp\/v2\/tags?post=73298"}],"curies":[{"name":"wp","href":"https:\/\/api.w.org\/{rel}","templated":true}]}}