{"id":73294,"date":"2023-03-30T18:00:39","date_gmt":"2023-03-30T16:00:39","guid":{"rendered":"https:\/\/exaudi.org\/?p=73294"},"modified":"2023-03-31T20:33:17","modified_gmt":"2023-03-31T18:33:17","slug":"dottrina-della-scoperta","status":"publish","type":"post","link":"https:\/\/exaudi.org\/it\/dottrina-della-scoperta\/","title":{"rendered":"&#8220;Dottrina della Scoperta&#8221;"},"content":{"rendered":"<p>A seguire, la nota congiunta Dichiarazione dei Dicasteri della Cultura e dell&#8217;Educazione e della Promozione dello Sviluppo Umano Integrale sulla &#8220;Dottrina della Scoperta&#8221;<\/p>\n<p>1. Fedele al mandato ricevuto da Cristo, la Chiesa cattolica si sforza di promuovere la fraternit\u00e0 universale e il rispetto della dignit\u00e0 di ogni essere umano.<\/p>\n<p>2. Per questo motivo, nel corso della storia i Papi hanno condannato gli atti di violenza, oppressione, ingiustizia sociale e schiavit\u00f9, compresi quelli commessi contro le popolazioni indigene. Ci sono stati anche numerosi esempi di vescovi, sacerdoti, religiosi, religiose e fedeli laici che hanno dato la loro vita in difesa della dignit\u00e0 di quei popoli.<\/p>\n<p>3. Allo stesso tempo, il rispetto per i fatti della storia richiede il riconoscimento della debolezza umana e dei fallimenti dei discepoli di Cristo in ogni generazione. Molti cristiani hanno commesso atti malvagi contro le popolazioni indigene per i quali i Papi recenti hanno chiesto perdono in numerose occasioni.<\/p>\n<p>4. Ai nostri giorni, un rinnovato dialogo con i popoli indigeni, soprattutto con quelli che professano la fede cattolica, ha aiutato la Chiesa a comprendere meglio i loro valori e le loro culture. Con il loro aiuto, la Chiesa ha acquisito una maggiore consapevolezza delle loro sofferenze, passate e presenti, dovute all&#8217;espropriazione delle loro terre, che considerano un dono sacro di Dio e dei loro antenati, e alle politiche di assimilazione forzata, promosse dalle autorit\u00e0 governative del tempo, volte a eliminare le loro culture indigene. Come ha sottolineato Papa Francesco, le loro sofferenze costituiscono un forte richiamo ad abbandonare la mentalit\u00e0 colonizzatrice e a camminare con loro fianco a fianco, nel rispetto reciproco e nel dialogo, riconoscendo i diritti e i valori culturali di tutti gli individui e i popoli. A questo proposito, la Chiesa si impegna ad accompagnare i popoli indigeni e a promuovere gli sforzi volti a favorire la riconciliazione e la guarigione.<\/p>\n<p>5. \u00c8 in questo contesto di ascolto dei popoli indigeni che la Chiesa ha sentito l&#8217;importanza di affrontare il concetto denominato \u201cdottrina della scoperta\u201d. Il concetto giuridico di \u201cscoperta\u201d \u00e8 stato dibattuto dalle potenze coloniali a partire dal XVI secolo e ha trovato particolare espressione nella giurisprudenza ottocentesca dei tribunali di diversi Paesi, secondo cui la scoperta di terre da parte dei coloni concedeva il diritto esclusivo di estinguere, mediante acquisto o conquista, il titolo o il possesso di quelle terre da parte delle popolazioni indigene. Alcuni studiosi hanno sostenuto che la base della suddetta \u201cdottrina\u201d si trova in diversi documenti papali, come le Bolle\u00a0<i>Dum Diversas<\/i>\u00a0(1452),\u00a0<i>Romanus Pontifex<\/i>\u00a0(1455) e\u00a0<i>Inter Caetera<\/i>\u00a0(1493).<\/p>\n<p>6. La \u201cdottrina della scoperta\u201d non fa parte dell&#8217;insegnamento della Chiesa cattolica. La ricerca storica dimostra chiaramente che i documenti papali in questione, scritti in un periodo storico specifico e legati a questioni politiche, non sono mai stati considerati espressioni della fede cattolica. Allo stesso tempo, la Chiesa riconosce che queste Bolle papali non riflettevano adeguatamente la pari dignit\u00e0 e i diritti dei popoli indigeni. La Chiesa \u00e8 anche consapevole del fatto che il contenuto di questi documenti \u00e8 stato manipolato a fini politici dalle potenze coloniali in competizione tra loro, per giustificare atti immorali contro le popolazioni indigene, compiuti talvolta senza l&#8217;opposizione delle autorit\u00e0 ecclesiastiche. \u00c8 giusto riconoscere questi errori, riconoscere i terribili effetti delle politiche di assimilazione e il dolore provato dalle popolazioni indigene, e chiedere perdono. Inoltre, Papa Francesco ha esortato: \u201cMai pi\u00f9 la comunit\u00e0 cristiana potr\u00e0 lasciarsi contagiare dall&#8217;idea che una cultura sia superiore alle altre, o che sia legittimo ricorrere a modi di coercizione degli altri\u201d.<\/p>\n<p>7. Senza mezzi termini, il magistero della Chiesa sostiene il rispetto dovuto a ogni essere umano. La Chiesa cattolica ripudia quindi quei concetti che non riconoscono i diritti umani intrinseci dei popoli indigeni, compresa quella che \u00e8 diventata nota legalmente e politicamente come \u201cdottrina della scoperta\u201d.<\/p>\n<p>8. Numerose e ripetute dichiarazioni della Chiesa e dei Papi sostengono i diritti dei popoli indigeni. Ad esempio, nella Bolla\u00a0<i>Sublimis Deus<\/i>\u00a0del 1537, Papa Paolo III scrisse: \u201cDefiniamo e dichiariamo [&#8230; ] che [, &#8230; ] i detti indiani e tutti gli altri popoli che in seguito saranno scoperti dai cristiani, non devono in alcun modo essere privati della loro libert\u00e0 o del possesso dei loro beni, anche se non sono di fede cristiana; e che possono e devono, liberamente e legittimamente, godere della loro libert\u00e0 e del possesso dei loro beni; n\u00e9 devono essere in alcun modo ridotti in schiavit\u00f9; se dovesse accadere il contrario, sar\u00e0 nullo e non avr\u00e0 alcun effetto\u201d.<\/p>\n<p>9. Pi\u00f9 recentemente, la solidariet\u00e0 della Chiesa con i popoli indigeni ha dato origine al forte sostegno della Santa Sede ai principi contenuti nella Dichiarazione delle Nazioni Unite sui Diritti dei Popoli Indigeni. L&#8217;attuazione di questi principi migliorerebbe le condizioni di vita e aiuterebbe a proteggere i diritti dei popoli indigeni, oltre a facilitare il loro sviluppo nel rispetto della loro identit\u00e0, lingua e cultura.<\/p>\n<p>[Testo originale: Inglese]<\/p>\n","protected":false},"excerpt":{"rendered":"<p>Dichiarazione congiunta dei Dicasteri della Cultura e dell&#8217;Educazione <\/p>\n","protected":false},"author":17,"featured_media":55489,"comment_status":"closed","ping_status":"closed","sticky":false,"template":"","format":"standard","meta":{"_acf_changed":false,"_crdt_document":"","inline_featured_image":false,"footnotes":""},"categories":[131],"tags":[7015,8780,4952],"class_list":["post-73294","post","type-post","status-publish","format-standard","has-post-thumbnail","hentry","category-vaticano","tag-dicasteri","tag-popolazioni-indigene","tag-trending-it"],"acf":[],"yoast_head":"<!-- This site is optimized with the Yoast SEO plugin v27.5 - https:\/\/yoast.com\/product\/yoast-seo-wordpress\/ -->\n<title>&quot;Dottrina della Scoperta&quot; &#8211; Exaudi<\/title>\n<meta name=\"robots\" content=\"index, follow, max-snippet:-1, max-image-preview:large, max-video-preview:-1\" \/>\n<link rel=\"canonical\" href=\"https:\/\/exaudi.org\/it\/dottrina-della-scoperta\/\" \/>\n<meta property=\"og:locale\" content=\"it_IT\" \/>\n<meta property=\"og:type\" content=\"article\" \/>\n<meta property=\"og:title\" content=\"&quot;Dottrina della Scoperta&quot; &#8211; Exaudi\" \/>\n<meta property=\"og:description\" content=\"Dichiarazione congiunta dei Dicasteri della Cultura e dell&#039;Educazione\" \/>\n<meta property=\"og:url\" content=\"https:\/\/exaudi.org\/it\/dottrina-della-scoperta\/\" \/>\n<meta property=\"og:site_name\" content=\"Exaudi\" \/>\n<meta property=\"article:publisher\" content=\"https:\/\/www.facebook.com\/ExaudiNews\" \/>\n<meta property=\"article:author\" content=\"https:\/\/www.facebook.com\/ExaudiNotizie\/\" \/>\n<meta property=\"article:published_time\" content=\"2023-03-30T16:00:39+00:00\" \/>\n<meta property=\"article:modified_time\" content=\"2023-03-31T18:33:17+00:00\" \/>\n<meta property=\"og:image\" content=\"https:\/\/exaudi.org\/wp-content\/uploads\/2022\/03\/foto.jpg\" \/>\n\t<meta property=\"og:image:width\" content=\"1280\" \/>\n\t<meta property=\"og:image:height\" content=\"854\" \/>\n\t<meta property=\"og:image:type\" content=\"image\/jpeg\" \/>\n<meta name=\"author\" content=\"Exaudi Redazione\" \/>\n<meta name=\"twitter:card\" content=\"summary_large_image\" \/>\n<meta name=\"twitter:creator\" content=\"@Exaudi_Notizie\" \/>\n<meta name=\"twitter:site\" content=\"@Exaudi_News\" \/>\n<meta name=\"twitter:label1\" content=\"Scritto da\" \/>\n\t<meta name=\"twitter:data1\" content=\"Exaudi Redazione\" \/>\n\t<meta name=\"twitter:label2\" content=\"Tempo di lettura stimato\" \/>\n\t<meta name=\"twitter:data2\" content=\"4 minuti\" \/>\n<script type=\"application\/ld+json\" class=\"yoast-schema-graph\">{\"@context\":\"https:\\\/\\\/schema.org\",\"@graph\":[{\"@type\":\"Article\",\"@id\":\"https:\\\/\\\/exaudi.org\\\/it\\\/dottrina-della-scoperta\\\/#article\",\"isPartOf\":{\"@id\":\"https:\\\/\\\/exaudi.org\\\/it\\\/dottrina-della-scoperta\\\/\"},\"author\":{\"name\":\"Exaudi Redazione\",\"@id\":\"https:\\\/\\\/exaudi.org\\\/#\\\/schema\\\/person\\\/e1ab6ed07c01774724dd96f925f3a5f0\"},\"headline\":\"&#8220;Dottrina della Scoperta&#8221;\",\"datePublished\":\"2023-03-30T16:00:39+00:00\",\"dateModified\":\"2023-03-31T18:33:17+00:00\",\"mainEntityOfPage\":{\"@id\":\"https:\\\/\\\/exaudi.org\\\/it\\\/dottrina-della-scoperta\\\/\"},\"wordCount\":798,\"image\":{\"@id\":\"https:\\\/\\\/exaudi.org\\\/it\\\/dottrina-della-scoperta\\\/#primaryimage\"},\"thumbnailUrl\":\"https:\\\/\\\/exaudi.org\\\/wp-content\\\/uploads\\\/2022\\\/03\\\/foto.jpg\",\"keywords\":[\"Dicasteri\",\"popolazioni indigene\",\"Trending\"],\"articleSection\":[\"Vaticano\"],\"inLanguage\":\"it-IT\"},{\"@type\":\"WebPage\",\"@id\":\"https:\\\/\\\/exaudi.org\\\/it\\\/dottrina-della-scoperta\\\/\",\"url\":\"https:\\\/\\\/exaudi.org\\\/it\\\/dottrina-della-scoperta\\\/\",\"name\":\"\\\"Dottrina della Scoperta\\\" &#8211; Exaudi\",\"isPartOf\":{\"@id\":\"https:\\\/\\\/exaudi.org\\\/#website\"},\"primaryImageOfPage\":{\"@id\":\"https:\\\/\\\/exaudi.org\\\/it\\\/dottrina-della-scoperta\\\/#primaryimage\"},\"image\":{\"@id\":\"https:\\\/\\\/exaudi.org\\\/it\\\/dottrina-della-scoperta\\\/#primaryimage\"},\"thumbnailUrl\":\"https:\\\/\\\/exaudi.org\\\/wp-content\\\/uploads\\\/2022\\\/03\\\/foto.jpg\",\"datePublished\":\"2023-03-30T16:00:39+00:00\",\"dateModified\":\"2023-03-31T18:33:17+00:00\",\"author\":{\"@id\":\"https:\\\/\\\/exaudi.org\\\/#\\\/schema\\\/person\\\/e1ab6ed07c01774724dd96f925f3a5f0\"},\"breadcrumb\":{\"@id\":\"https:\\\/\\\/exaudi.org\\\/it\\\/dottrina-della-scoperta\\\/#breadcrumb\"},\"inLanguage\":\"it-IT\",\"potentialAction\":[{\"@type\":\"ReadAction\",\"target\":[\"https:\\\/\\\/exaudi.org\\\/it\\\/dottrina-della-scoperta\\\/\"]}]},{\"@type\":\"ImageObject\",\"inLanguage\":\"it-IT\",\"@id\":\"https:\\\/\\\/exaudi.org\\\/it\\\/dottrina-della-scoperta\\\/#primaryimage\",\"url\":\"https:\\\/\\\/exaudi.org\\\/wp-content\\\/uploads\\\/2022\\\/03\\\/foto.jpg\",\"contentUrl\":\"https:\\\/\\\/exaudi.org\\\/wp-content\\\/uploads\\\/2022\\\/03\\\/foto.jpg\",\"width\":1280,\"height\":854,\"caption\":\"Foto d'archivio \u00a9 Vatican Media\"},{\"@type\":\"BreadcrumbList\",\"@id\":\"https:\\\/\\\/exaudi.org\\\/it\\\/dottrina-della-scoperta\\\/#breadcrumb\",\"itemListElement\":[{\"@type\":\"ListItem\",\"position\":1,\"name\":\"Portada\",\"item\":\"https:\\\/\\\/exaudi.org\\\/it\\\/\"},{\"@type\":\"ListItem\",\"position\":2,\"name\":\"&#8220;Dottrina della Scoperta&#8221;\"}]},{\"@type\":\"WebSite\",\"@id\":\"https:\\\/\\\/exaudi.org\\\/#website\",\"url\":\"https:\\\/\\\/exaudi.org\\\/\",\"name\":\"Exaudi\",\"description\":\"News\",\"potentialAction\":[{\"@type\":\"SearchAction\",\"target\":{\"@type\":\"EntryPoint\",\"urlTemplate\":\"https:\\\/\\\/exaudi.org\\\/?s={search_term_string}\"},\"query-input\":{\"@type\":\"PropertyValueSpecification\",\"valueRequired\":true,\"valueName\":\"search_term_string\"}}],\"inLanguage\":\"it-IT\"},{\"@type\":\"Person\",\"@id\":\"https:\\\/\\\/exaudi.org\\\/#\\\/schema\\\/person\\\/e1ab6ed07c01774724dd96f925f3a5f0\",\"name\":\"Exaudi Redazione\",\"image\":{\"@type\":\"ImageObject\",\"inLanguage\":\"it-IT\",\"@id\":\"https:\\\/\\\/secure.gravatar.com\\\/avatar\\\/ad6774b3ada023bf5b939d64f45c94b3adf91502dd883507d469b4308a943bb3?s=96&d=mm&r=g\",\"url\":\"https:\\\/\\\/secure.gravatar.com\\\/avatar\\\/ad6774b3ada023bf5b939d64f45c94b3adf91502dd883507d469b4308a943bb3?s=96&d=mm&r=g\",\"contentUrl\":\"https:\\\/\\\/secure.gravatar.com\\\/avatar\\\/ad6774b3ada023bf5b939d64f45c94b3adf91502dd883507d469b4308a943bb3?s=96&d=mm&r=g\",\"caption\":\"Exaudi Redazione\"},\"description\":\"Che cosa \u00e8 Exaudi News? Exaudi News \u00e8 un agenzia cattolica internazionale che informa, istruisce e trasforma quotidianamente in spagnolo, inglese e italiano. Attraverso notizie, articoli di analisi e trasmissioni in diretta degli eventi del Papa, Exaudi cerca di rafforzare l'unit\u00e0 dei cristiani e di contribuire all'evangelizzazione del mondo, sempre guidato dalla dottrina sociale della Chiesa. Lavoriamo per portare la verit\u00e0 e i valori cristiani in ogni angolo del pianeta. Aiutaci a trasformare il mondo con Exaudi! Noi di Exaudi crediamo che l'evangelizzazione e l'informazione di qualit\u00e0 possano cambiare la vita. Per continuare la nostra missione ed espandere la nostra portata, abbiamo bisogno del tuo aiuto. Stiamo anche cercando persone motivate che vogliano unirsi al nostro team. Grazie al vostro sostegno raggiungeremo pi\u00f9 persone, diffonderemo il messaggio di Cristo e rafforzeremo l'unit\u00e0 dei cristiani. Vuoi unirti alla nostra missione? Per maggiori informazioni su come contribuire, visita Exaudi.org\\\/it o contattaci direttamente: info@exaudi.org Exaudi: informa, forma e trasforma.\",\"sameAs\":[\"https:\\\/\\\/www.facebook.com\\\/ExaudiNotizie\\\/\",\"https:\\\/\\\/www.instagram.com\\\/Exaudi_notizie\\\/\",\"https:\\\/\\\/x.com\\\/Exaudi_Notizie\",\"https:\\\/\\\/www.youtube.com\\\/@exaudicatholicnews\"],\"url\":\"https:\\\/\\\/exaudi.org\\\/it\\\/author\\\/dlvedi-org\\\/\"}]}<\/script>\n<!-- \/ Yoast SEO plugin. -->","yoast_head_json":{"title":"\"Dottrina della Scoperta\" &#8211; Exaudi","robots":{"index":"index","follow":"follow","max-snippet":"max-snippet:-1","max-image-preview":"max-image-preview:large","max-video-preview":"max-video-preview:-1"},"canonical":"https:\/\/exaudi.org\/it\/dottrina-della-scoperta\/","og_locale":"it_IT","og_type":"article","og_title":"\"Dottrina della Scoperta\" &#8211; Exaudi","og_description":"Dichiarazione congiunta dei Dicasteri della Cultura e dell'Educazione","og_url":"https:\/\/exaudi.org\/it\/dottrina-della-scoperta\/","og_site_name":"Exaudi","article_publisher":"https:\/\/www.facebook.com\/ExaudiNews","article_author":"https:\/\/www.facebook.com\/ExaudiNotizie\/","article_published_time":"2023-03-30T16:00:39+00:00","article_modified_time":"2023-03-31T18:33:17+00:00","og_image":[{"width":1280,"height":854,"url":"https:\/\/exaudi.org\/wp-content\/uploads\/2022\/03\/foto.jpg","type":"image\/jpeg"}],"author":"Exaudi Redazione","twitter_card":"summary_large_image","twitter_creator":"@Exaudi_Notizie","twitter_site":"@Exaudi_News","twitter_misc":{"Scritto da":"Exaudi Redazione","Tempo di lettura stimato":"4 minuti"},"schema":{"@context":"https:\/\/schema.org","@graph":[{"@type":"Article","@id":"https:\/\/exaudi.org\/it\/dottrina-della-scoperta\/#article","isPartOf":{"@id":"https:\/\/exaudi.org\/it\/dottrina-della-scoperta\/"},"author":{"name":"Exaudi Redazione","@id":"https:\/\/exaudi.org\/#\/schema\/person\/e1ab6ed07c01774724dd96f925f3a5f0"},"headline":"&#8220;Dottrina della Scoperta&#8221;","datePublished":"2023-03-30T16:00:39+00:00","dateModified":"2023-03-31T18:33:17+00:00","mainEntityOfPage":{"@id":"https:\/\/exaudi.org\/it\/dottrina-della-scoperta\/"},"wordCount":798,"image":{"@id":"https:\/\/exaudi.org\/it\/dottrina-della-scoperta\/#primaryimage"},"thumbnailUrl":"https:\/\/exaudi.org\/wp-content\/uploads\/2022\/03\/foto.jpg","keywords":["Dicasteri","popolazioni indigene","Trending"],"articleSection":["Vaticano"],"inLanguage":"it-IT"},{"@type":"WebPage","@id":"https:\/\/exaudi.org\/it\/dottrina-della-scoperta\/","url":"https:\/\/exaudi.org\/it\/dottrina-della-scoperta\/","name":"\"Dottrina della Scoperta\" &#8211; Exaudi","isPartOf":{"@id":"https:\/\/exaudi.org\/#website"},"primaryImageOfPage":{"@id":"https:\/\/exaudi.org\/it\/dottrina-della-scoperta\/#primaryimage"},"image":{"@id":"https:\/\/exaudi.org\/it\/dottrina-della-scoperta\/#primaryimage"},"thumbnailUrl":"https:\/\/exaudi.org\/wp-content\/uploads\/2022\/03\/foto.jpg","datePublished":"2023-03-30T16:00:39+00:00","dateModified":"2023-03-31T18:33:17+00:00","author":{"@id":"https:\/\/exaudi.org\/#\/schema\/person\/e1ab6ed07c01774724dd96f925f3a5f0"},"breadcrumb":{"@id":"https:\/\/exaudi.org\/it\/dottrina-della-scoperta\/#breadcrumb"},"inLanguage":"it-IT","potentialAction":[{"@type":"ReadAction","target":["https:\/\/exaudi.org\/it\/dottrina-della-scoperta\/"]}]},{"@type":"ImageObject","inLanguage":"it-IT","@id":"https:\/\/exaudi.org\/it\/dottrina-della-scoperta\/#primaryimage","url":"https:\/\/exaudi.org\/wp-content\/uploads\/2022\/03\/foto.jpg","contentUrl":"https:\/\/exaudi.org\/wp-content\/uploads\/2022\/03\/foto.jpg","width":1280,"height":854,"caption":"Foto d'archivio \u00a9 Vatican Media"},{"@type":"BreadcrumbList","@id":"https:\/\/exaudi.org\/it\/dottrina-della-scoperta\/#breadcrumb","itemListElement":[{"@type":"ListItem","position":1,"name":"Portada","item":"https:\/\/exaudi.org\/it\/"},{"@type":"ListItem","position":2,"name":"&#8220;Dottrina della Scoperta&#8221;"}]},{"@type":"WebSite","@id":"https:\/\/exaudi.org\/#website","url":"https:\/\/exaudi.org\/","name":"Exaudi","description":"News","potentialAction":[{"@type":"SearchAction","target":{"@type":"EntryPoint","urlTemplate":"https:\/\/exaudi.org\/?s={search_term_string}"},"query-input":{"@type":"PropertyValueSpecification","valueRequired":true,"valueName":"search_term_string"}}],"inLanguage":"it-IT"},{"@type":"Person","@id":"https:\/\/exaudi.org\/#\/schema\/person\/e1ab6ed07c01774724dd96f925f3a5f0","name":"Exaudi Redazione","image":{"@type":"ImageObject","inLanguage":"it-IT","@id":"https:\/\/secure.gravatar.com\/avatar\/ad6774b3ada023bf5b939d64f45c94b3adf91502dd883507d469b4308a943bb3?s=96&d=mm&r=g","url":"https:\/\/secure.gravatar.com\/avatar\/ad6774b3ada023bf5b939d64f45c94b3adf91502dd883507d469b4308a943bb3?s=96&d=mm&r=g","contentUrl":"https:\/\/secure.gravatar.com\/avatar\/ad6774b3ada023bf5b939d64f45c94b3adf91502dd883507d469b4308a943bb3?s=96&d=mm&r=g","caption":"Exaudi Redazione"},"description":"Che cosa \u00e8 Exaudi News? Exaudi News \u00e8 un agenzia cattolica internazionale che informa, istruisce e trasforma quotidianamente in spagnolo, inglese e italiano. Attraverso notizie, articoli di analisi e trasmissioni in diretta degli eventi del Papa, Exaudi cerca di rafforzare l'unit\u00e0 dei cristiani e di contribuire all'evangelizzazione del mondo, sempre guidato dalla dottrina sociale della Chiesa. Lavoriamo per portare la verit\u00e0 e i valori cristiani in ogni angolo del pianeta. Aiutaci a trasformare il mondo con Exaudi! Noi di Exaudi crediamo che l'evangelizzazione e l'informazione di qualit\u00e0 possano cambiare la vita. Per continuare la nostra missione ed espandere la nostra portata, abbiamo bisogno del tuo aiuto. Stiamo anche cercando persone motivate che vogliano unirsi al nostro team. Grazie al vostro sostegno raggiungeremo pi\u00f9 persone, diffonderemo il messaggio di Cristo e rafforzeremo l'unit\u00e0 dei cristiani. Vuoi unirti alla nostra missione? Per maggiori informazioni su come contribuire, visita Exaudi.org\/it o contattaci direttamente: info@exaudi.org Exaudi: informa, forma e trasforma.","sameAs":["https:\/\/www.facebook.com\/ExaudiNotizie\/","https:\/\/www.instagram.com\/Exaudi_notizie\/","https:\/\/x.com\/Exaudi_Notizie","https:\/\/www.youtube.com\/@exaudicatholicnews"],"url":"https:\/\/exaudi.org\/it\/author\/dlvedi-org\/"}]}},"jetpack_featured_media_url":"https:\/\/exaudi.org\/wp-content\/uploads\/2022\/03\/foto.jpg","jetpack_shortlink":"https:\/\/wp.me\/pgKjF2-j4a","_links":{"self":[{"href":"https:\/\/exaudi.org\/it\/wp-json\/wp\/v2\/posts\/73294","targetHints":{"allow":["GET"]}}],"collection":[{"href":"https:\/\/exaudi.org\/it\/wp-json\/wp\/v2\/posts"}],"about":[{"href":"https:\/\/exaudi.org\/it\/wp-json\/wp\/v2\/types\/post"}],"author":[{"embeddable":true,"href":"https:\/\/exaudi.org\/it\/wp-json\/wp\/v2\/users\/17"}],"replies":[{"embeddable":true,"href":"https:\/\/exaudi.org\/it\/wp-json\/wp\/v2\/comments?post=73294"}],"version-history":[{"count":0,"href":"https:\/\/exaudi.org\/it\/wp-json\/wp\/v2\/posts\/73294\/revisions"}],"wp:featuredmedia":[{"embeddable":true,"href":"https:\/\/exaudi.org\/it\/wp-json\/wp\/v2\/media\/55489"}],"wp:attachment":[{"href":"https:\/\/exaudi.org\/it\/wp-json\/wp\/v2\/media?parent=73294"}],"wp:term":[{"taxonomy":"category","embeddable":true,"href":"https:\/\/exaudi.org\/it\/wp-json\/wp\/v2\/categories?post=73294"},{"taxonomy":"post_tag","embeddable":true,"href":"https:\/\/exaudi.org\/it\/wp-json\/wp\/v2\/tags?post=73294"}],"curies":[{"name":"wp","href":"https:\/\/api.w.org\/{rel}","templated":true}]}}