{"id":73137,"date":"2023-03-28T18:41:30","date_gmt":"2023-03-28T16:41:30","guid":{"rendered":"https:\/\/exaudi.org\/?p=73137"},"modified":"2023-03-28T18:41:30","modified_gmt":"2023-03-28T16:41:30","slug":"il-papa-invia-farmaci-per-i-terremotati-della-turchia","status":"publish","type":"post","link":"https:\/\/exaudi.org\/it\/il-papa-invia-farmaci-per-i-terremotati-della-turchia\/","title":{"rendered":"Il Papa invia  farmaci per i terremotati della Turchia"},"content":{"rendered":"<p>L\u2019Elemosiniere di Sua Santit\u00e0, Cardinale Konrad Krajewski, insieme con l\u2019Ambasciata turca presso la Santa Sede, ha coordinato questa terza tornata di aiuti<\/p>\n<p>Nuovo gesto di prossimit\u00e0 di Papa Francesco per quanti sono stati colpiti dal devastante sisma che lo scorso 6 febbraio ha scosso la zona al confine tra la Turchia e la Siria, con un bilancio di oltre 50 mila morti. Il Dicastero per il Servizio della Carit\u00e0, su mandato del Pontefice, sta inviando medicine destinate alla popolazione, in collaborazione con l\u2019Ambasciata turca presso la Santa Sede. Tra ieri e oggi, 10 mila farmaci stanno arrivando a bordo di aerei di linea in Turchia.<\/p>\n<p>Immediatamente dopo il terremoto, che in Turchia ha provocato quasi 2 milioni di sfollati, l\u2019Elemosineria Apostolica si era mobilitata inviando soprattutto cibo in scatola, cos\u00ec come pure pannolini e altro materiale per le necessit\u00e0 pi\u00f9 impellenti. A Iskenderun sono arrivate circa 10 mila maglie termiche da distribuire tra Turchia e Siria. Un secondo invio di tre bancali di farmaci si era registrato, invece, il 23 febbraio scorso.<br \/>\n________________<\/p>\n","protected":false},"excerpt":{"rendered":"<p>Terza tornata di aiuti: 10.000 medicamento <\/p>\n","protected":false},"author":17,"featured_media":73138,"comment_status":"closed","ping_status":"closed","sticky":false,"template":"","format":"standard","meta":{"_acf_changed":false,"_crdt_document":"","inline_featured_image":false,"footnotes":""},"categories":[73,67],"tags":[7944,8384,4952],"class_list":["post-73137","post","type-post","status-publish","format-standard","has-post-thumbnail","hentry","category-chiesa-e-mondo","category-leone-xiv","tag-dicastero-per-il-servizio-della-carita","tag-terremoto-in-turchia-e-siria","tag-trending-it"],"acf":[],"yoast_head":"<!-- This site is optimized with the Yoast SEO plugin v27.5 - https:\/\/yoast.com\/product\/yoast-seo-wordpress\/ -->\n<title>Il Papa invia farmaci per i terremotati della Turchia &#8211; Exaudi<\/title>\n<meta name=\"robots\" content=\"index, follow, max-snippet:-1, max-image-preview:large, max-video-preview:-1\" \/>\n<link rel=\"canonical\" href=\"https:\/\/exaudi.org\/it\/il-papa-invia-farmaci-per-i-terremotati-della-turchia\/\" \/>\n<meta property=\"og:locale\" content=\"it_IT\" \/>\n<meta property=\"og:type\" content=\"article\" \/>\n<meta property=\"og:title\" content=\"Il Papa invia farmaci per i terremotati della Turchia &#8211; Exaudi\" \/>\n<meta property=\"og:description\" content=\"Terza tornata di aiuti: 10.000 medicamento\" \/>\n<meta property=\"og:url\" content=\"https:\/\/exaudi.org\/it\/il-papa-invia-farmaci-per-i-terremotati-della-turchia\/\" \/>\n<meta property=\"og:site_name\" content=\"Exaudi\" \/>\n<meta property=\"article:publisher\" content=\"https:\/\/www.facebook.com\/ExaudiNews\" \/>\n<meta property=\"article:author\" content=\"https:\/\/www.facebook.com\/ExaudiNotizie\/\" \/>\n<meta property=\"article:published_time\" content=\"2023-03-28T16:41:30+00:00\" \/>\n<meta property=\"og:image\" content=\"https:\/\/exaudi.org\/wp-content\/uploads\/2023\/03\/thumbnail_FOTO-1.jpg\" \/>\n\t<meta property=\"og:image:width\" content=\"960\" \/>\n\t<meta property=\"og:image:height\" content=\"1280\" \/>\n\t<meta property=\"og:image:type\" content=\"image\/jpeg\" \/>\n<meta name=\"author\" content=\"Exaudi Redazione\" \/>\n<meta name=\"twitter:card\" content=\"summary_large_image\" \/>\n<meta name=\"twitter:creator\" content=\"@Exaudi_Notizie\" \/>\n<meta name=\"twitter:site\" content=\"@Exaudi_News\" \/>\n<meta name=\"twitter:label1\" content=\"Scritto da\" \/>\n\t<meta name=\"twitter:data1\" content=\"Exaudi Redazione\" \/>\n\t<meta name=\"twitter:label2\" content=\"Tempo di lettura stimato\" \/>\n\t<meta name=\"twitter:data2\" content=\"1 minuto\" \/>\n<script type=\"application\/ld+json\" class=\"yoast-schema-graph\">{\"@context\":\"https:\\\/\\\/schema.org\",\"@graph\":[{\"@type\":\"Article\",\"@id\":\"https:\\\/\\\/exaudi.org\\\/it\\\/il-papa-invia-farmaci-per-i-terremotati-della-turchia\\\/#article\",\"isPartOf\":{\"@id\":\"https:\\\/\\\/exaudi.org\\\/it\\\/il-papa-invia-farmaci-per-i-terremotati-della-turchia\\\/\"},\"author\":{\"name\":\"Exaudi Redazione\",\"@id\":\"https:\\\/\\\/exaudi.org\\\/#\\\/schema\\\/person\\\/e1ab6ed07c01774724dd96f925f3a5f0\"},\"headline\":\"Il Papa invia farmaci per i terremotati della Turchia\",\"datePublished\":\"2023-03-28T16:41:30+00:00\",\"mainEntityOfPage\":{\"@id\":\"https:\\\/\\\/exaudi.org\\\/it\\\/il-papa-invia-farmaci-per-i-terremotati-della-turchia\\\/\"},\"wordCount\":179,\"image\":{\"@id\":\"https:\\\/\\\/exaudi.org\\\/it\\\/il-papa-invia-farmaci-per-i-terremotati-della-turchia\\\/#primaryimage\"},\"thumbnailUrl\":\"https:\\\/\\\/exaudi.org\\\/wp-content\\\/uploads\\\/2023\\\/03\\\/thumbnail_FOTO-1.jpg\",\"keywords\":[\"Dicastero per il Servizio della Carit\u00e0\",\"Terremoto in Turchia e Siria\",\"Trending\"],\"articleSection\":[\"Chiesa e Mondo\",\"Leone XIV\"],\"inLanguage\":\"it-IT\"},{\"@type\":\"WebPage\",\"@id\":\"https:\\\/\\\/exaudi.org\\\/it\\\/il-papa-invia-farmaci-per-i-terremotati-della-turchia\\\/\",\"url\":\"https:\\\/\\\/exaudi.org\\\/it\\\/il-papa-invia-farmaci-per-i-terremotati-della-turchia\\\/\",\"name\":\"Il Papa invia farmaci per i terremotati della Turchia &#8211; Exaudi\",\"isPartOf\":{\"@id\":\"https:\\\/\\\/exaudi.org\\\/#website\"},\"primaryImageOfPage\":{\"@id\":\"https:\\\/\\\/exaudi.org\\\/it\\\/il-papa-invia-farmaci-per-i-terremotati-della-turchia\\\/#primaryimage\"},\"image\":{\"@id\":\"https:\\\/\\\/exaudi.org\\\/it\\\/il-papa-invia-farmaci-per-i-terremotati-della-turchia\\\/#primaryimage\"},\"thumbnailUrl\":\"https:\\\/\\\/exaudi.org\\\/wp-content\\\/uploads\\\/2023\\\/03\\\/thumbnail_FOTO-1.jpg\",\"datePublished\":\"2023-03-28T16:41:30+00:00\",\"author\":{\"@id\":\"https:\\\/\\\/exaudi.org\\\/#\\\/schema\\\/person\\\/e1ab6ed07c01774724dd96f925f3a5f0\"},\"breadcrumb\":{\"@id\":\"https:\\\/\\\/exaudi.org\\\/it\\\/il-papa-invia-farmaci-per-i-terremotati-della-turchia\\\/#breadcrumb\"},\"inLanguage\":\"it-IT\",\"potentialAction\":[{\"@type\":\"ReadAction\",\"target\":[\"https:\\\/\\\/exaudi.org\\\/it\\\/il-papa-invia-farmaci-per-i-terremotati-della-turchia\\\/\"]}]},{\"@type\":\"ImageObject\",\"inLanguage\":\"it-IT\",\"@id\":\"https:\\\/\\\/exaudi.org\\\/it\\\/il-papa-invia-farmaci-per-i-terremotati-della-turchia\\\/#primaryimage\",\"url\":\"https:\\\/\\\/exaudi.org\\\/wp-content\\\/uploads\\\/2023\\\/03\\\/thumbnail_FOTO-1.jpg\",\"contentUrl\":\"https:\\\/\\\/exaudi.org\\\/wp-content\\\/uploads\\\/2023\\\/03\\\/thumbnail_FOTO-1.jpg\",\"width\":960,\"height\":1280,\"caption\":\"Holy See Press Office\"},{\"@type\":\"BreadcrumbList\",\"@id\":\"https:\\\/\\\/exaudi.org\\\/it\\\/il-papa-invia-farmaci-per-i-terremotati-della-turchia\\\/#breadcrumb\",\"itemListElement\":[{\"@type\":\"ListItem\",\"position\":1,\"name\":\"Portada\",\"item\":\"https:\\\/\\\/exaudi.org\\\/it\\\/\"},{\"@type\":\"ListItem\",\"position\":2,\"name\":\"Il Papa invia farmaci per i terremotati della Turchia\"}]},{\"@type\":\"WebSite\",\"@id\":\"https:\\\/\\\/exaudi.org\\\/#website\",\"url\":\"https:\\\/\\\/exaudi.org\\\/\",\"name\":\"Exaudi\",\"description\":\"News\",\"potentialAction\":[{\"@type\":\"SearchAction\",\"target\":{\"@type\":\"EntryPoint\",\"urlTemplate\":\"https:\\\/\\\/exaudi.org\\\/?s={search_term_string}\"},\"query-input\":{\"@type\":\"PropertyValueSpecification\",\"valueRequired\":true,\"valueName\":\"search_term_string\"}}],\"inLanguage\":\"it-IT\"},{\"@type\":\"Person\",\"@id\":\"https:\\\/\\\/exaudi.org\\\/#\\\/schema\\\/person\\\/e1ab6ed07c01774724dd96f925f3a5f0\",\"name\":\"Exaudi Redazione\",\"image\":{\"@type\":\"ImageObject\",\"inLanguage\":\"it-IT\",\"@id\":\"https:\\\/\\\/secure.gravatar.com\\\/avatar\\\/ad6774b3ada023bf5b939d64f45c94b3adf91502dd883507d469b4308a943bb3?s=96&d=mm&r=g\",\"url\":\"https:\\\/\\\/secure.gravatar.com\\\/avatar\\\/ad6774b3ada023bf5b939d64f45c94b3adf91502dd883507d469b4308a943bb3?s=96&d=mm&r=g\",\"contentUrl\":\"https:\\\/\\\/secure.gravatar.com\\\/avatar\\\/ad6774b3ada023bf5b939d64f45c94b3adf91502dd883507d469b4308a943bb3?s=96&d=mm&r=g\",\"caption\":\"Exaudi Redazione\"},\"description\":\"Che cosa \u00e8 Exaudi News? Exaudi News \u00e8 un agenzia cattolica internazionale che informa, istruisce e trasforma quotidianamente in spagnolo, inglese e italiano. Attraverso notizie, articoli di analisi e trasmissioni in diretta degli eventi del Papa, Exaudi cerca di rafforzare l'unit\u00e0 dei cristiani e di contribuire all'evangelizzazione del mondo, sempre guidato dalla dottrina sociale della Chiesa. Lavoriamo per portare la verit\u00e0 e i valori cristiani in ogni angolo del pianeta. Aiutaci a trasformare il mondo con Exaudi! Noi di Exaudi crediamo che l'evangelizzazione e l'informazione di qualit\u00e0 possano cambiare la vita. Per continuare la nostra missione ed espandere la nostra portata, abbiamo bisogno del tuo aiuto. Stiamo anche cercando persone motivate che vogliano unirsi al nostro team. Grazie al vostro sostegno raggiungeremo pi\u00f9 persone, diffonderemo il messaggio di Cristo e rafforzeremo l'unit\u00e0 dei cristiani. Vuoi unirti alla nostra missione? Per maggiori informazioni su come contribuire, visita Exaudi.org\\\/it o contattaci direttamente: info@exaudi.org Exaudi: informa, forma e trasforma.\",\"sameAs\":[\"https:\\\/\\\/www.facebook.com\\\/ExaudiNotizie\\\/\",\"https:\\\/\\\/www.instagram.com\\\/Exaudi_notizie\\\/\",\"https:\\\/\\\/x.com\\\/Exaudi_Notizie\",\"https:\\\/\\\/www.youtube.com\\\/@exaudicatholicnews\"],\"url\":\"https:\\\/\\\/exaudi.org\\\/it\\\/author\\\/dlvedi-org\\\/\"}]}<\/script>\n<!-- \/ Yoast SEO plugin. -->","yoast_head_json":{"title":"Il Papa invia farmaci per i terremotati della Turchia &#8211; Exaudi","robots":{"index":"index","follow":"follow","max-snippet":"max-snippet:-1","max-image-preview":"max-image-preview:large","max-video-preview":"max-video-preview:-1"},"canonical":"https:\/\/exaudi.org\/it\/il-papa-invia-farmaci-per-i-terremotati-della-turchia\/","og_locale":"it_IT","og_type":"article","og_title":"Il Papa invia farmaci per i terremotati della Turchia &#8211; Exaudi","og_description":"Terza tornata di aiuti: 10.000 medicamento","og_url":"https:\/\/exaudi.org\/it\/il-papa-invia-farmaci-per-i-terremotati-della-turchia\/","og_site_name":"Exaudi","article_publisher":"https:\/\/www.facebook.com\/ExaudiNews","article_author":"https:\/\/www.facebook.com\/ExaudiNotizie\/","article_published_time":"2023-03-28T16:41:30+00:00","og_image":[{"width":960,"height":1280,"url":"https:\/\/exaudi.org\/wp-content\/uploads\/2023\/03\/thumbnail_FOTO-1.jpg","type":"image\/jpeg"}],"author":"Exaudi Redazione","twitter_card":"summary_large_image","twitter_creator":"@Exaudi_Notizie","twitter_site":"@Exaudi_News","twitter_misc":{"Scritto da":"Exaudi Redazione","Tempo di lettura stimato":"1 minuto"},"schema":{"@context":"https:\/\/schema.org","@graph":[{"@type":"Article","@id":"https:\/\/exaudi.org\/it\/il-papa-invia-farmaci-per-i-terremotati-della-turchia\/#article","isPartOf":{"@id":"https:\/\/exaudi.org\/it\/il-papa-invia-farmaci-per-i-terremotati-della-turchia\/"},"author":{"name":"Exaudi Redazione","@id":"https:\/\/exaudi.org\/#\/schema\/person\/e1ab6ed07c01774724dd96f925f3a5f0"},"headline":"Il Papa invia farmaci per i terremotati della Turchia","datePublished":"2023-03-28T16:41:30+00:00","mainEntityOfPage":{"@id":"https:\/\/exaudi.org\/it\/il-papa-invia-farmaci-per-i-terremotati-della-turchia\/"},"wordCount":179,"image":{"@id":"https:\/\/exaudi.org\/it\/il-papa-invia-farmaci-per-i-terremotati-della-turchia\/#primaryimage"},"thumbnailUrl":"https:\/\/exaudi.org\/wp-content\/uploads\/2023\/03\/thumbnail_FOTO-1.jpg","keywords":["Dicastero per il Servizio della Carit\u00e0","Terremoto in Turchia e Siria","Trending"],"articleSection":["Chiesa e Mondo","Leone XIV"],"inLanguage":"it-IT"},{"@type":"WebPage","@id":"https:\/\/exaudi.org\/it\/il-papa-invia-farmaci-per-i-terremotati-della-turchia\/","url":"https:\/\/exaudi.org\/it\/il-papa-invia-farmaci-per-i-terremotati-della-turchia\/","name":"Il Papa invia farmaci per i terremotati della Turchia &#8211; Exaudi","isPartOf":{"@id":"https:\/\/exaudi.org\/#website"},"primaryImageOfPage":{"@id":"https:\/\/exaudi.org\/it\/il-papa-invia-farmaci-per-i-terremotati-della-turchia\/#primaryimage"},"image":{"@id":"https:\/\/exaudi.org\/it\/il-papa-invia-farmaci-per-i-terremotati-della-turchia\/#primaryimage"},"thumbnailUrl":"https:\/\/exaudi.org\/wp-content\/uploads\/2023\/03\/thumbnail_FOTO-1.jpg","datePublished":"2023-03-28T16:41:30+00:00","author":{"@id":"https:\/\/exaudi.org\/#\/schema\/person\/e1ab6ed07c01774724dd96f925f3a5f0"},"breadcrumb":{"@id":"https:\/\/exaudi.org\/it\/il-papa-invia-farmaci-per-i-terremotati-della-turchia\/#breadcrumb"},"inLanguage":"it-IT","potentialAction":[{"@type":"ReadAction","target":["https:\/\/exaudi.org\/it\/il-papa-invia-farmaci-per-i-terremotati-della-turchia\/"]}]},{"@type":"ImageObject","inLanguage":"it-IT","@id":"https:\/\/exaudi.org\/it\/il-papa-invia-farmaci-per-i-terremotati-della-turchia\/#primaryimage","url":"https:\/\/exaudi.org\/wp-content\/uploads\/2023\/03\/thumbnail_FOTO-1.jpg","contentUrl":"https:\/\/exaudi.org\/wp-content\/uploads\/2023\/03\/thumbnail_FOTO-1.jpg","width":960,"height":1280,"caption":"Holy See Press Office"},{"@type":"BreadcrumbList","@id":"https:\/\/exaudi.org\/it\/il-papa-invia-farmaci-per-i-terremotati-della-turchia\/#breadcrumb","itemListElement":[{"@type":"ListItem","position":1,"name":"Portada","item":"https:\/\/exaudi.org\/it\/"},{"@type":"ListItem","position":2,"name":"Il Papa invia farmaci per i terremotati della Turchia"}]},{"@type":"WebSite","@id":"https:\/\/exaudi.org\/#website","url":"https:\/\/exaudi.org\/","name":"Exaudi","description":"News","potentialAction":[{"@type":"SearchAction","target":{"@type":"EntryPoint","urlTemplate":"https:\/\/exaudi.org\/?s={search_term_string}"},"query-input":{"@type":"PropertyValueSpecification","valueRequired":true,"valueName":"search_term_string"}}],"inLanguage":"it-IT"},{"@type":"Person","@id":"https:\/\/exaudi.org\/#\/schema\/person\/e1ab6ed07c01774724dd96f925f3a5f0","name":"Exaudi Redazione","image":{"@type":"ImageObject","inLanguage":"it-IT","@id":"https:\/\/secure.gravatar.com\/avatar\/ad6774b3ada023bf5b939d64f45c94b3adf91502dd883507d469b4308a943bb3?s=96&d=mm&r=g","url":"https:\/\/secure.gravatar.com\/avatar\/ad6774b3ada023bf5b939d64f45c94b3adf91502dd883507d469b4308a943bb3?s=96&d=mm&r=g","contentUrl":"https:\/\/secure.gravatar.com\/avatar\/ad6774b3ada023bf5b939d64f45c94b3adf91502dd883507d469b4308a943bb3?s=96&d=mm&r=g","caption":"Exaudi Redazione"},"description":"Che cosa \u00e8 Exaudi News? Exaudi News \u00e8 un agenzia cattolica internazionale che informa, istruisce e trasforma quotidianamente in spagnolo, inglese e italiano. Attraverso notizie, articoli di analisi e trasmissioni in diretta degli eventi del Papa, Exaudi cerca di rafforzare l'unit\u00e0 dei cristiani e di contribuire all'evangelizzazione del mondo, sempre guidato dalla dottrina sociale della Chiesa. Lavoriamo per portare la verit\u00e0 e i valori cristiani in ogni angolo del pianeta. Aiutaci a trasformare il mondo con Exaudi! Noi di Exaudi crediamo che l'evangelizzazione e l'informazione di qualit\u00e0 possano cambiare la vita. Per continuare la nostra missione ed espandere la nostra portata, abbiamo bisogno del tuo aiuto. Stiamo anche cercando persone motivate che vogliano unirsi al nostro team. Grazie al vostro sostegno raggiungeremo pi\u00f9 persone, diffonderemo il messaggio di Cristo e rafforzeremo l'unit\u00e0 dei cristiani. Vuoi unirti alla nostra missione? Per maggiori informazioni su come contribuire, visita Exaudi.org\/it o contattaci direttamente: info@exaudi.org Exaudi: informa, forma e trasforma.","sameAs":["https:\/\/www.facebook.com\/ExaudiNotizie\/","https:\/\/www.instagram.com\/Exaudi_notizie\/","https:\/\/x.com\/Exaudi_Notizie","https:\/\/www.youtube.com\/@exaudicatholicnews"],"url":"https:\/\/exaudi.org\/it\/author\/dlvedi-org\/"}]}},"jetpack_featured_media_url":"https:\/\/exaudi.org\/wp-content\/uploads\/2023\/03\/thumbnail_FOTO-1.jpg","jetpack_shortlink":"https:\/\/wp.me\/pgKjF2-j1D","_links":{"self":[{"href":"https:\/\/exaudi.org\/it\/wp-json\/wp\/v2\/posts\/73137","targetHints":{"allow":["GET"]}}],"collection":[{"href":"https:\/\/exaudi.org\/it\/wp-json\/wp\/v2\/posts"}],"about":[{"href":"https:\/\/exaudi.org\/it\/wp-json\/wp\/v2\/types\/post"}],"author":[{"embeddable":true,"href":"https:\/\/exaudi.org\/it\/wp-json\/wp\/v2\/users\/17"}],"replies":[{"embeddable":true,"href":"https:\/\/exaudi.org\/it\/wp-json\/wp\/v2\/comments?post=73137"}],"version-history":[{"count":0,"href":"https:\/\/exaudi.org\/it\/wp-json\/wp\/v2\/posts\/73137\/revisions"}],"wp:featuredmedia":[{"embeddable":true,"href":"https:\/\/exaudi.org\/it\/wp-json\/wp\/v2\/media\/73138"}],"wp:attachment":[{"href":"https:\/\/exaudi.org\/it\/wp-json\/wp\/v2\/media?parent=73137"}],"wp:term":[{"taxonomy":"category","embeddable":true,"href":"https:\/\/exaudi.org\/it\/wp-json\/wp\/v2\/categories?post=73137"},{"taxonomy":"post_tag","embeddable":true,"href":"https:\/\/exaudi.org\/it\/wp-json\/wp\/v2\/tags?post=73137"}],"curies":[{"name":"wp","href":"https:\/\/api.w.org\/{rel}","templated":true}]}}