{"id":73111,"date":"2023-03-27T20:37:11","date_gmt":"2023-03-27T18:37:11","guid":{"rendered":"https:\/\/exaudi.org\/?p=73111"},"modified":"2023-03-27T20:37:11","modified_gmt":"2023-03-27T18:37:11","slug":"nanobook-perche-avete-paura-non-avete-ancora-fede","status":"publish","type":"post","link":"https:\/\/exaudi.org\/it\/nanobook-perche-avete-paura-non-avete-ancora-fede\/","title":{"rendered":"\u201cNanobook\u201d: \u201cPerch\u00e9 avete paura? non avete ancora fede\u201d"},"content":{"rendered":"<p><strong>COMUNICATO STAMPA<\/strong><br \/>\n<strong>SPEI SATELLES: UN MESSAGGIO DI SPERANZA A TUTTA L\u2019UMANITA\u2019<\/strong><\/p>\n<p>Il 10 giugno 2023 dalla base di lancio di Vandemberg in California, a bordo di un razzo, inizia il progetto \u201cSpei Satelles\u201d: un CubeSat costruito dal Politecnico di Torino ed operato dall\u2019Agenzia Spaziale Italiana, che entrer\u00e0 in orbita per portare un messaggio di speranza e pace custodito in un nanobook realizzato dal Consiglio Nazionale delle Ricerche. L\u2019iniziativa, promossa dal Dicastero della Comunicazione della Santa Sede, si ricollega al messaggio del Papa il 27 di marzo del 2020 con la Statio Orbis in Piazza S. Pietro. Quella preghiera \u00e8 divenuta una icona di speranza che continua il suo viaggio e che continua a chiamare all\u2019azione gli abitanti del pianeta. Per significare questo impegno<br \/>\ncomune, camminando insieme al Papa, chi lo desidera potr\u00e0 partecipare al viaggio di \u201cSpei Satelles\u201d e farsi portatore di speranza e pace iscrivendo il proprio nome sul sito <a href=\"http:\/\/www.speisatelles.org\" rel=\"nofollow\">http:\/\/www.speisatelles.org<\/a>. Mercoled\u00ec 29 maggio al termine dell\u2019Udienza Generale il Santo Padre benedir\u00e0 il satellite e il nanobook prima del suo trasferimento per le ultime verifiche tecniche prima del lancio.<\/p>\n<p>In piena pandemia, il 27 di marzo del 2020 Papa Francesco, da solo, sotto la pioggia, nel buio di quella sera, sale in piazza San Pietro per pregare con e per tutta l\u2019umanit\u00e0 flagellata dal Covid, poi, entrando nel Tempio, prega e benedice tutto il Popolo di Dio, ovunque disperso, ma radunato nella speranza ed in preghiera col cuore in quella piazza. \u00c8 la Statio Orbis.<\/p>\n<p>A partire da quel giorno sono nate &#8211; per iniziativa del Dicastero per la Comunicazione, guidato dal Prefetto Paolo Ruffini e dal Segretario mons. Lucio Adrian Ruiz &#8211; diverse iniziative affinch\u00e9 questo evento non venisse dimenticato. Nel 2021 la pubblicazione del libro \u201cPerch\u00e9 avete paura? non avete ancora fede\u201d, ha racchiuso le parole e le immagini pi\u00f9 importanti di quell\u2019evento, significando la tenerezza e la benedizione che il Santo Padre aveva voluto far arrivare a tutta l\u2019umanit\u00e0 in un momento di difficolt\u00e0 esistenziale.<\/p>\n<p><strong>Edizione \u201cmini\u201d stato depositato allo norvegese di Spitsbergen<\/strong><\/p>\n<p>Poi &#8211; nel 2022 &#8211; il libro, in una edizione \u201cmini\u201d (10 x 8 cm) \u00e8 stato depositato allo Svalbard Seed Volt nell&#8217;isola norvegese di Spitsbergen, inscritto come \u201cseme di speranza\u201d. E questo evento ha, a sua volta, segnato l\u2019inizio di un progetto pi\u00f9 grande, portato avanti con l\u2019Instituto para el Di\u00e1logo Global y la Cultura del Encuentro \u2013 IDGCE, che ha come obiettivo istituire il 27 di marzo come Giornata Mondiale della Speranza.<\/p>\n<p>Nel terzo anniversario della Statio Orbis e nel decimo anniversario del Pontificato, il Dicastero per la Comunicazione, ha lavorato con soggetti tra loro molto diversi per lanciare, insieme, un rinnovato segno di speranza; a partire da quel primo seme. E\u2019 nato cos\u00ec un progetto, coordinato dal Segretario del Dicastero, Monsignor Lucio Adrian Ruiz, che ha coinvolto, il Consiglio Nazionale delle Ricerche (CNR), l\u2019Agenzia Spaziale Italiana (ASI), Il Politecnico di Torino, l\u2019Instituto para el Di\u00e1logo Global y la Cultura del Encuentro \u2013 IDGCE, l\u2019Istituto Universitario Salesiano Venezia &#8211; IUSVE e l\u2019Apostolato Digitale dell\u2019Arcidiocesi di Torino: la missione spaziale \u201cSpei Satelles\u201d.<\/p>\n<p><strong>Il libro del Papa \u00e8 diventato un \u201cnanobook\u201d<\/strong><\/p>\n<p>Il libro del Papa, \u201cPerch\u00e9 avete paura? non avete ancora fede\u201d, che porta il messaggio della Statio Orbis, \u00e8 diventato, grazie al Consiglio Nazionale delle Ricerche ed in particolare all&#8217;attivit\u00e0 dell&#8217;Istituto di fotonica e nanotecnologie coordinata dal dott. Andrea Notargiacomo, un<br \/>\n\u201cnanobook\u201d (una lastra di silicio, di 2x2x0,2 mm), in cui \u00e8 stato inciso il libro ad alta miniaturizzazione per mezzo di tecnologie di micro e nanofabbricazione.<\/p>\n<p>Per mettere in orbita, come segno e profezia di speranza, questo micro-manufatto, l\u2019Agenzia Spaziale Italiana ed il Politecnico di Torino hanno lavorato poi in stretta sinergia.<\/p>\n<p>I giovani dell\u2019Ateneo torinese, guidati dalla prof. sa Sabrina Corpino, hanno progettato e costruito a tempo di record un CubeSat 3U SpeiSat che potesse ospitare e custodire il nanobook.<\/p>\n<p>L\u2019Agenzia Spaziale Italiana guidata dall\u2019ing. Giorgio Saccoccia ha reso possibile il suo sviluppo, il lancio e la messa in orbita bassa terrestre (Low Earth Orbit-LEO) ad un\u2019altitudine di circa 525 Km. Il lancio \u00e8 previso per il 10 di giugno del 2023 dalla base di Vandenberg (VSFB) in California, USA. Il CubeSat viagger\u00e0 a bordo di un razzo Falcon 9, il vettore in due stadi parzialmente riutilizzabile di SpaceX. Il satellite \u00e8 anche dotato, oltre che della strumentazione di bordo per funzionare ed essere guidato da terra, anche di un trasmettitore radio. Per il tempo di permanenza in orbita saranno captabili, nel momento in cui il satellite sorvoler\u00e0 quella porzione di Terra, e facilmente codificabili in modo testo, frasi desunte dal Magistero Pontificio che hanno a tema la speranza e la pace. I messaggi sono in italiano, inglese e spagnolo.<\/p>\n<p><strong>Scheda virtuale Impegnarsi in un&#8217;opera di misericordia <\/strong><\/p>\n<p>La missione \u00e8 stata pensata anche per attivare coloro che si lasceranno coinvolgere. Attraverso il sito <a href=\"http:\/\/www.speisatelles.org\" rel=\"nofollow\">http:\/\/www.speisatelles.org<\/a> non solo \u00e8 possibile seguire l\u2019evolvere della missione, ma anche iscrivere il proprio nome in un chip che Spei Satelles custodir\u00e0 in orbita. Per ottenere un<br \/>\nvirtuale boarding pass verr\u00e0 chiesto di impegnarsi a fare un\u2019opera di misericordia in favore della pace e la speranza. Ciascuno cos\u00ec pu\u00f2 diventare seme di speranza concreto nel suo ambiente di vita.<\/p>\n<p>Il logo della missione spaziale richiama tutti questi aspetti. \u00c8 stato realizzato nell\u2019ambito di un progetto didattico dagli studenti dell\u2019Istituto Universitario Salesiano di Venezia IUSVE guidati da Marco Sanavio. Il logo richiama innanzitutto le iniziali di Spei Satelles, il Custode della Speranza in lingua latina. Le due lettere \u201cS\u201d, disposte in maniera speculare, indicano la complementarit\u00e0 di \u201cterra\u201d (la semicirconferenza inferiore) e \u201ccielo\u201d (la semicirconferenza superiore), oltre a segnare l\u2019orbita del satellite attorno al nostro pianeta. Un&#8217;altra traccia orbitale pi\u00f9 esterna, tratteggiata, composta da 59 linee tante quante i grani del rosario, unisce tre forme, a rappresentare le tre grandi realt\u00e0 presenti in Piazza S. Pietro la sera del 27 marzo 2020:<\/p>\n<p>\u2022 la croce (nel logo con i lati ricurvi quasi a rappresentare una stella), elemento pi\u00f9 grande e importante dei tre, che indica la presenza di Cristo Salvatore, che richiama sia la Croce di San Marcello che l\u2019Ostensorio contente l\u2019Eucarestia con la quale Papa Francesco ha benedetto<br \/>\nl\u2019umanit\u00e0 nella piazza vuota;<br \/>\n\u2022 la stella a 12 punte, a rappresentare la presenza della Vergine Maria, invocata come Salus Populi Romani;<br \/>\n\u2022 il triangolo pi\u00f9 piccolo richiama la figura del Santo Padre mentre sale i gradini del sagrato della Piazza.<\/p>\n<p><strong>Messaggio che dona speranza all\u2019umanit\u00e0<\/strong><\/p>\n<p>I tre puntini che compaiono a scavalco della traccia orbitale pi\u00f9 esterna sono segno della presenza della Trinit\u00e0, come pure il triplice annuncio della passione, morte e risurrezione nei vangeli sinottici, messaggio che dona speranza all\u2019umanit\u00e0.<\/p>\n<p>Elementi tecnici e di senso, tecnologia e narrazione sono stati tra loro coordinati e tenuti insieme grazie al lavoro dell\u2019Apostolato Digitale dell\u2019Arcidiocesi di Torino guidato da don Luca Peyron.<\/p>\n<p>Gli attori di questa impresa spaziale, che inizia oggi, hanno cos\u00ec commentato:<\/p>\n<p><strong>\u00c8 nato cos\u00ec Spei Satelles realizzato e gestito dai giovan<\/strong><\/p>\n<p>Il Presidente dell\u2019ASI Giorgio Saccoccia sottolinea che: \u201cLa Santa Sede ha chiesto all\u2019Agenzia Spaziale Italiana di aiutarla ad individuare e realizzare, grazie alla tecnologia spaziale, una soluzione<br \/>\nche consentisse alle parole di speranza del Santo Padre di oltrepassare i confini terrestri e di raggiungere dallo spazio il maggior numero possibile di donne e di uomini sul nostro pianeta affannato. Per chi, come noi, \u00e8 abituato a vedere nello spazio il luogo privilegiato dal quale osservare il mondo e comunicare con esso senza confini, \u00e8 stato semplice immaginare una soluzione rapida, umile ed efficace per offrire ali al messaggio del Santo Padre. \u00c8 nato cos\u00ec Spei Satelles, concepito in maniera da essere realizzato e gestito dai giovani, i primi destinatari del messaggio di fiducia che Papa Francesco volle offrire al mondo il 27 marzo del 2020. Un connubio tra fede e tecnologia per nutrire la speranza in un futuro migliore\u201d.<\/p>\n<p>Il Magnifico Rettore prof. Guido Saracco del Politecnico di Torino, istituzione che parimenti si \u00e8 spesa molto per Spei Satelles, cos\u00ec si esprime: \u201cIl programma Spei Satelles, con la progettazione e costruzione del satellite e con il controllo missione successivo, rappresenta<br \/>\nun&#8217;occasione straordinaria per il nostro ateneo, soprattutto per i nostri studenti e ricercatori guidati dalla prof.sa Sabrina Corpino. I nostri giovani hanno potuto misurarsi con una sfida tecnica e scientifica non facile in un quadro valoriale che rappresenta una sfida umana e culturale decisiva. Il messaggio che il Politecnico accoglie e rilancia con questo progetto \u00e8 che scienza e tecnica possono e debbono essere uniti in alleanza come portatori di un messaggio di speranza e di pace per il mondo intero. Tutti abbiamo in mente il 27 di marzo del 2020 e cosa stavamo vivendo. I nostri giovani hanno costruito un artefatto tecnologico che, a partire da quel momento iconico, parler\u00e0 al mondo e<br \/>\npermetter\u00e0 ad ogni persona di essere protagonista di speranza e fratellanza universali insieme a Papa Francesco\u201d.<\/p>\n<p><strong>Abbiamo tutti bisogno di speranza<\/strong><\/p>\n<p>L\u2019Arcivescovo metropolita di Torino, mons. Roberto Repole, sottolinea che: \u201cAbbiamo tutti bisogno di speranza, in modo particolare i giovani. Custodire la speranza \u00e8 la missione di questo satellite progettato e costruito da giovani, raccontato nel logo missione da giovani, abitato, speriamo, da molti giovani che vorranno salire a bordo con il Papa attraverso il sito impegnandosi cos\u00ec a seminare speranza e fraternit\u00e0 l\u00e0 dove abitano. Siamo lieti di aver contribuito con la pastorale universitaria e l\u2019apostolato digitale della nostra Diocesi a far s\u00ec che una intuizione di Papa Francesco si potesse concretizzare a testimonianza tanto della comunione ecclesiale quanto del desiderio dei<br \/>\ncredenti di entrare sempre pi\u00f9 in dialogo con il mondo soprattutto nell\u2019ambito della scienza e della tecnica\u201d<\/p>\n<p><strong>Un unicum<\/strong><\/p>\n<p>La Presidente del CNR, Maria Chiara Carrozza ha dichiarato: \u201cOggi la scienza dell\u2019infinitamente piccolo ci mette davanti a un progresso enorme: la capacit\u00e0 di miniaturizzare il nostro sapere facendolo viaggiare attraverso il tempo e lo spazio. La ricerca scientifica accompagna<br \/>\nil cammino dell\u2019uomo individuando soluzioni per migliorare la qualit\u00e0 della vita, il benessere delle societ\u00e0, la salute del pianeta. Ma \u00e8 anche uno strumento di dialogo grazie al quale abbattere barriere e costruire speranza: un aspetto, questo, particolarmente importante nel momento di conflitto che stiamo attraversando\u201d.<\/p>\n<p>La Presidente del CNR, Maria Chiara Carrozza ha dichiarato: \u201cOggi la scienza dell\u2019infinitamente piccolo ci mette davanti a un progresso enorme: la capacit\u00e0 di miniaturizzare il nostro sapere facendolo viaggiare attraverso il tempo e lo spazio. La ricerca scientifica accompagna<br \/>\nil cammino dell\u2019uomo individuando soluzioni per migliorare la qualit\u00e0 della vita, il benessere delle societ\u00e0, la salute del pianeta. Ma \u00e8 anche uno strumento di dialogo grazie al quale abbattere barriere e costruire speranza: un aspetto, questo, particolarmente importante nel momento di conflitto che stiamo attraversando\u201d.<\/p>\n<p>&nbsp;<\/p>\n<p>&nbsp;<\/p>\n","protected":false},"excerpt":{"rendered":"<p>Il 10 giugno inizia il progetto \u201cSpei Satelles\u201d<\/p>\n","protected":false},"author":17,"featured_media":73112,"comment_status":"closed","ping_status":"closed","sticky":false,"template":"","format":"standard","meta":{"_acf_changed":false,"_crdt_document":"","inline_featured_image":false,"footnotes":""},"categories":[67,131],"tags":[8757,8758,4952],"class_list":["post-73111","post","type-post","status-publish","format-standard","has-post-thumbnail","hentry","category-leone-xiv","category-vaticano","tag-dicastero-della-comunicazione","tag-scienza-e-tecnologia","tag-trending-it"],"acf":[],"yoast_head":"<!-- This site is optimized with the Yoast SEO plugin v27.5 - https:\/\/yoast.com\/product\/yoast-seo-wordpress\/ -->\n<title>\u201cNanobook\u201d: \u201cPerch\u00e9 avete paura? non avete ancora fede\u201d &#8211; Exaudi<\/title>\n<meta name=\"robots\" content=\"index, follow, max-snippet:-1, max-image-preview:large, max-video-preview:-1\" \/>\n<link rel=\"canonical\" href=\"https:\/\/exaudi.org\/it\/nanobook-why-are-you-afraid-you-still-dont-have-faith\/\" \/>\n<meta property=\"og:locale\" content=\"it_IT\" \/>\n<meta property=\"og:type\" content=\"article\" \/>\n<meta property=\"og:title\" content=\"\u201cNanobook\u201d: \u201cPerch\u00e9 avete paura? non avete ancora fede\u201d &#8211; Exaudi\" \/>\n<meta property=\"og:description\" content=\"Il 10 giugno inizia il progetto \u201cSpei Satelles\u201d\" \/>\n<meta property=\"og:url\" content=\"https:\/\/exaudi.org\/nanobook-why-are-you-afraid-you-still-dont-have-faith\/\" \/>\n<meta property=\"og:site_name\" content=\"Exaudi\" \/>\n<meta property=\"article:publisher\" content=\"https:\/\/www.facebook.com\/ExaudiNews\" \/>\n<meta property=\"article:author\" content=\"https:\/\/www.facebook.com\/ExaudiNotizie\/\" \/>\n<meta property=\"article:published_time\" content=\"2023-03-27T18:37:11+00:00\" \/>\n<meta property=\"og:image\" content=\"https:\/\/exaudi.org\/wp-content\/uploads\/2023\/03\/cq5dam.thumbnail.cropped.750.422-1-9.jpeg\" \/>\n\t<meta property=\"og:image:width\" content=\"750\" \/>\n\t<meta property=\"og:image:height\" content=\"422\" \/>\n\t<meta property=\"og:image:type\" content=\"image\/jpeg\" \/>\n<meta name=\"author\" content=\"Exaudi Redazione\" \/>\n<meta name=\"twitter:card\" content=\"summary_large_image\" \/>\n<meta name=\"twitter:creator\" content=\"@Exaudi_Notizie\" \/>\n<meta name=\"twitter:site\" content=\"@Exaudi_News\" \/>\n<meta name=\"twitter:label1\" content=\"Scritto da\" \/>\n\t<meta name=\"twitter:data1\" content=\"Exaudi Redazione\" \/>\n\t<meta name=\"twitter:label2\" content=\"Tempo di lettura stimato\" \/>\n\t<meta name=\"twitter:data2\" content=\"9 minuti\" \/>\n<script type=\"application\/ld+json\" class=\"yoast-schema-graph\">{\"@context\":\"https:\\\/\\\/schema.org\",\"@graph\":[{\"@type\":\"Article\",\"@id\":\"https:\\\/\\\/exaudi.org\\\/nanobook-why-are-you-afraid-you-still-dont-have-faith\\\/#article\",\"isPartOf\":{\"@id\":\"https:\\\/\\\/exaudi.org\\\/nanobook-why-are-you-afraid-you-still-dont-have-faith\\\/\"},\"author\":{\"name\":\"Exaudi Redazione\",\"@id\":\"https:\\\/\\\/exaudi.org\\\/#\\\/schema\\\/person\\\/e1ab6ed07c01774724dd96f925f3a5f0\"},\"headline\":\"\u201cNanobook\u201d: \u201cPerch\u00e9 avete paura? non avete ancora fede\u201d\",\"datePublished\":\"2023-03-27T18:37:11+00:00\",\"mainEntityOfPage\":{\"@id\":\"https:\\\/\\\/exaudi.org\\\/nanobook-why-are-you-afraid-you-still-dont-have-faith\\\/\"},\"wordCount\":1788,\"image\":{\"@id\":\"https:\\\/\\\/exaudi.org\\\/nanobook-why-are-you-afraid-you-still-dont-have-faith\\\/#primaryimage\"},\"thumbnailUrl\":\"https:\\\/\\\/exaudi.org\\\/wp-content\\\/uploads\\\/2023\\\/03\\\/cq5dam.thumbnail.cropped.750.422-1-9.jpeg\",\"keywords\":[\"Dicastero della Comunicazione\",\"Scienza e Tecnologia\",\"Trending\"],\"articleSection\":[\"Leone XIV\",\"Vaticano\"],\"inLanguage\":\"it-IT\"},{\"@type\":\"WebPage\",\"@id\":\"https:\\\/\\\/exaudi.org\\\/nanobook-why-are-you-afraid-you-still-dont-have-faith\\\/\",\"url\":\"https:\\\/\\\/exaudi.org\\\/nanobook-why-are-you-afraid-you-still-dont-have-faith\\\/\",\"name\":\"\u201cNanobook\u201d: \u201cPerch\u00e9 avete paura? non avete ancora fede\u201d &#8211; Exaudi\",\"isPartOf\":{\"@id\":\"https:\\\/\\\/exaudi.org\\\/#website\"},\"primaryImageOfPage\":{\"@id\":\"https:\\\/\\\/exaudi.org\\\/nanobook-why-are-you-afraid-you-still-dont-have-faith\\\/#primaryimage\"},\"image\":{\"@id\":\"https:\\\/\\\/exaudi.org\\\/nanobook-why-are-you-afraid-you-still-dont-have-faith\\\/#primaryimage\"},\"thumbnailUrl\":\"https:\\\/\\\/exaudi.org\\\/wp-content\\\/uploads\\\/2023\\\/03\\\/cq5dam.thumbnail.cropped.750.422-1-9.jpeg\",\"datePublished\":\"2023-03-27T18:37:11+00:00\",\"author\":{\"@id\":\"https:\\\/\\\/exaudi.org\\\/#\\\/schema\\\/person\\\/e1ab6ed07c01774724dd96f925f3a5f0\"},\"breadcrumb\":{\"@id\":\"https:\\\/\\\/exaudi.org\\\/nanobook-why-are-you-afraid-you-still-dont-have-faith\\\/#breadcrumb\"},\"inLanguage\":\"it-IT\",\"potentialAction\":[{\"@type\":\"ReadAction\",\"target\":[\"https:\\\/\\\/exaudi.org\\\/nanobook-why-are-you-afraid-you-still-dont-have-faith\\\/\"]}]},{\"@type\":\"ImageObject\",\"inLanguage\":\"it-IT\",\"@id\":\"https:\\\/\\\/exaudi.org\\\/nanobook-why-are-you-afraid-you-still-dont-have-faith\\\/#primaryimage\",\"url\":\"https:\\\/\\\/exaudi.org\\\/wp-content\\\/uploads\\\/2023\\\/03\\\/cq5dam.thumbnail.cropped.750.422-1-9.jpeg\",\"contentUrl\":\"https:\\\/\\\/exaudi.org\\\/wp-content\\\/uploads\\\/2023\\\/03\\\/cq5dam.thumbnail.cropped.750.422-1-9.jpeg\",\"width\":750,\"height\":422,\"caption\":\"Vatican News\"},{\"@type\":\"BreadcrumbList\",\"@id\":\"https:\\\/\\\/exaudi.org\\\/nanobook-why-are-you-afraid-you-still-dont-have-faith\\\/#breadcrumb\",\"itemListElement\":[{\"@type\":\"ListItem\",\"position\":1,\"name\":\"Portada\",\"item\":\"https:\\\/\\\/exaudi.org\\\/it\\\/\"},{\"@type\":\"ListItem\",\"position\":2,\"name\":\"\u201cNanobook\u201d: \u201cPerch\u00e9 avete paura? non avete ancora fede\u201d\"}]},{\"@type\":\"WebSite\",\"@id\":\"https:\\\/\\\/exaudi.org\\\/#website\",\"url\":\"https:\\\/\\\/exaudi.org\\\/\",\"name\":\"Exaudi\",\"description\":\"News\",\"potentialAction\":[{\"@type\":\"SearchAction\",\"target\":{\"@type\":\"EntryPoint\",\"urlTemplate\":\"https:\\\/\\\/exaudi.org\\\/?s={search_term_string}\"},\"query-input\":{\"@type\":\"PropertyValueSpecification\",\"valueRequired\":true,\"valueName\":\"search_term_string\"}}],\"inLanguage\":\"it-IT\"},{\"@type\":\"Person\",\"@id\":\"https:\\\/\\\/exaudi.org\\\/#\\\/schema\\\/person\\\/e1ab6ed07c01774724dd96f925f3a5f0\",\"name\":\"Exaudi Redazione\",\"image\":{\"@type\":\"ImageObject\",\"inLanguage\":\"it-IT\",\"@id\":\"https:\\\/\\\/secure.gravatar.com\\\/avatar\\\/ad6774b3ada023bf5b939d64f45c94b3adf91502dd883507d469b4308a943bb3?s=96&d=mm&r=g\",\"url\":\"https:\\\/\\\/secure.gravatar.com\\\/avatar\\\/ad6774b3ada023bf5b939d64f45c94b3adf91502dd883507d469b4308a943bb3?s=96&d=mm&r=g\",\"contentUrl\":\"https:\\\/\\\/secure.gravatar.com\\\/avatar\\\/ad6774b3ada023bf5b939d64f45c94b3adf91502dd883507d469b4308a943bb3?s=96&d=mm&r=g\",\"caption\":\"Exaudi Redazione\"},\"description\":\"Che cosa \u00e8 Exaudi News? Exaudi News \u00e8 un agenzia cattolica internazionale che informa, istruisce e trasforma quotidianamente in spagnolo, inglese e italiano. Attraverso notizie, articoli di analisi e trasmissioni in diretta degli eventi del Papa, Exaudi cerca di rafforzare l'unit\u00e0 dei cristiani e di contribuire all'evangelizzazione del mondo, sempre guidato dalla dottrina sociale della Chiesa. Lavoriamo per portare la verit\u00e0 e i valori cristiani in ogni angolo del pianeta. Aiutaci a trasformare il mondo con Exaudi! Noi di Exaudi crediamo che l'evangelizzazione e l'informazione di qualit\u00e0 possano cambiare la vita. Per continuare la nostra missione ed espandere la nostra portata, abbiamo bisogno del tuo aiuto. Stiamo anche cercando persone motivate che vogliano unirsi al nostro team. Grazie al vostro sostegno raggiungeremo pi\u00f9 persone, diffonderemo il messaggio di Cristo e rafforzeremo l'unit\u00e0 dei cristiani. Vuoi unirti alla nostra missione? Per maggiori informazioni su come contribuire, visita Exaudi.org\\\/it o contattaci direttamente: info@exaudi.org Exaudi: informa, forma e trasforma.\",\"sameAs\":[\"https:\\\/\\\/www.facebook.com\\\/ExaudiNotizie\\\/\",\"https:\\\/\\\/www.instagram.com\\\/Exaudi_notizie\\\/\",\"https:\\\/\\\/x.com\\\/Exaudi_Notizie\",\"https:\\\/\\\/www.youtube.com\\\/@exaudicatholicnews\"],\"url\":\"https:\\\/\\\/exaudi.org\\\/it\\\/author\\\/dlvedi-org\\\/\"}]}<\/script>\n<!-- \/ Yoast SEO plugin. -->","yoast_head_json":{"title":"\u201cNanobook\u201d: \u201cPerch\u00e9 avete paura? non avete ancora fede\u201d &#8211; Exaudi","robots":{"index":"index","follow":"follow","max-snippet":"max-snippet:-1","max-image-preview":"max-image-preview:large","max-video-preview":"max-video-preview:-1"},"canonical":"https:\/\/exaudi.org\/it\/nanobook-why-are-you-afraid-you-still-dont-have-faith\/","og_locale":"it_IT","og_type":"article","og_title":"\u201cNanobook\u201d: \u201cPerch\u00e9 avete paura? non avete ancora fede\u201d &#8211; Exaudi","og_description":"Il 10 giugno inizia il progetto \u201cSpei Satelles\u201d","og_url":"https:\/\/exaudi.org\/nanobook-why-are-you-afraid-you-still-dont-have-faith\/","og_site_name":"Exaudi","article_publisher":"https:\/\/www.facebook.com\/ExaudiNews","article_author":"https:\/\/www.facebook.com\/ExaudiNotizie\/","article_published_time":"2023-03-27T18:37:11+00:00","og_image":[{"width":750,"height":422,"url":"https:\/\/exaudi.org\/wp-content\/uploads\/2023\/03\/cq5dam.thumbnail.cropped.750.422-1-9.jpeg","type":"image\/jpeg"}],"author":"Exaudi Redazione","twitter_card":"summary_large_image","twitter_creator":"@Exaudi_Notizie","twitter_site":"@Exaudi_News","twitter_misc":{"Scritto da":"Exaudi Redazione","Tempo di lettura stimato":"9 minuti"},"schema":{"@context":"https:\/\/schema.org","@graph":[{"@type":"Article","@id":"https:\/\/exaudi.org\/nanobook-why-are-you-afraid-you-still-dont-have-faith\/#article","isPartOf":{"@id":"https:\/\/exaudi.org\/nanobook-why-are-you-afraid-you-still-dont-have-faith\/"},"author":{"name":"Exaudi Redazione","@id":"https:\/\/exaudi.org\/#\/schema\/person\/e1ab6ed07c01774724dd96f925f3a5f0"},"headline":"\u201cNanobook\u201d: \u201cPerch\u00e9 avete paura? non avete ancora fede\u201d","datePublished":"2023-03-27T18:37:11+00:00","mainEntityOfPage":{"@id":"https:\/\/exaudi.org\/nanobook-why-are-you-afraid-you-still-dont-have-faith\/"},"wordCount":1788,"image":{"@id":"https:\/\/exaudi.org\/nanobook-why-are-you-afraid-you-still-dont-have-faith\/#primaryimage"},"thumbnailUrl":"https:\/\/exaudi.org\/wp-content\/uploads\/2023\/03\/cq5dam.thumbnail.cropped.750.422-1-9.jpeg","keywords":["Dicastero della Comunicazione","Scienza e Tecnologia","Trending"],"articleSection":["Leone XIV","Vaticano"],"inLanguage":"it-IT"},{"@type":"WebPage","@id":"https:\/\/exaudi.org\/nanobook-why-are-you-afraid-you-still-dont-have-faith\/","url":"https:\/\/exaudi.org\/nanobook-why-are-you-afraid-you-still-dont-have-faith\/","name":"\u201cNanobook\u201d: \u201cPerch\u00e9 avete paura? non avete ancora fede\u201d &#8211; Exaudi","isPartOf":{"@id":"https:\/\/exaudi.org\/#website"},"primaryImageOfPage":{"@id":"https:\/\/exaudi.org\/nanobook-why-are-you-afraid-you-still-dont-have-faith\/#primaryimage"},"image":{"@id":"https:\/\/exaudi.org\/nanobook-why-are-you-afraid-you-still-dont-have-faith\/#primaryimage"},"thumbnailUrl":"https:\/\/exaudi.org\/wp-content\/uploads\/2023\/03\/cq5dam.thumbnail.cropped.750.422-1-9.jpeg","datePublished":"2023-03-27T18:37:11+00:00","author":{"@id":"https:\/\/exaudi.org\/#\/schema\/person\/e1ab6ed07c01774724dd96f925f3a5f0"},"breadcrumb":{"@id":"https:\/\/exaudi.org\/nanobook-why-are-you-afraid-you-still-dont-have-faith\/#breadcrumb"},"inLanguage":"it-IT","potentialAction":[{"@type":"ReadAction","target":["https:\/\/exaudi.org\/nanobook-why-are-you-afraid-you-still-dont-have-faith\/"]}]},{"@type":"ImageObject","inLanguage":"it-IT","@id":"https:\/\/exaudi.org\/nanobook-why-are-you-afraid-you-still-dont-have-faith\/#primaryimage","url":"https:\/\/exaudi.org\/wp-content\/uploads\/2023\/03\/cq5dam.thumbnail.cropped.750.422-1-9.jpeg","contentUrl":"https:\/\/exaudi.org\/wp-content\/uploads\/2023\/03\/cq5dam.thumbnail.cropped.750.422-1-9.jpeg","width":750,"height":422,"caption":"Vatican News"},{"@type":"BreadcrumbList","@id":"https:\/\/exaudi.org\/nanobook-why-are-you-afraid-you-still-dont-have-faith\/#breadcrumb","itemListElement":[{"@type":"ListItem","position":1,"name":"Portada","item":"https:\/\/exaudi.org\/it\/"},{"@type":"ListItem","position":2,"name":"\u201cNanobook\u201d: \u201cPerch\u00e9 avete paura? non avete ancora fede\u201d"}]},{"@type":"WebSite","@id":"https:\/\/exaudi.org\/#website","url":"https:\/\/exaudi.org\/","name":"Exaudi","description":"News","potentialAction":[{"@type":"SearchAction","target":{"@type":"EntryPoint","urlTemplate":"https:\/\/exaudi.org\/?s={search_term_string}"},"query-input":{"@type":"PropertyValueSpecification","valueRequired":true,"valueName":"search_term_string"}}],"inLanguage":"it-IT"},{"@type":"Person","@id":"https:\/\/exaudi.org\/#\/schema\/person\/e1ab6ed07c01774724dd96f925f3a5f0","name":"Exaudi Redazione","image":{"@type":"ImageObject","inLanguage":"it-IT","@id":"https:\/\/secure.gravatar.com\/avatar\/ad6774b3ada023bf5b939d64f45c94b3adf91502dd883507d469b4308a943bb3?s=96&d=mm&r=g","url":"https:\/\/secure.gravatar.com\/avatar\/ad6774b3ada023bf5b939d64f45c94b3adf91502dd883507d469b4308a943bb3?s=96&d=mm&r=g","contentUrl":"https:\/\/secure.gravatar.com\/avatar\/ad6774b3ada023bf5b939d64f45c94b3adf91502dd883507d469b4308a943bb3?s=96&d=mm&r=g","caption":"Exaudi Redazione"},"description":"Che cosa \u00e8 Exaudi News? Exaudi News \u00e8 un agenzia cattolica internazionale che informa, istruisce e trasforma quotidianamente in spagnolo, inglese e italiano. Attraverso notizie, articoli di analisi e trasmissioni in diretta degli eventi del Papa, Exaudi cerca di rafforzare l'unit\u00e0 dei cristiani e di contribuire all'evangelizzazione del mondo, sempre guidato dalla dottrina sociale della Chiesa. Lavoriamo per portare la verit\u00e0 e i valori cristiani in ogni angolo del pianeta. Aiutaci a trasformare il mondo con Exaudi! Noi di Exaudi crediamo che l'evangelizzazione e l'informazione di qualit\u00e0 possano cambiare la vita. Per continuare la nostra missione ed espandere la nostra portata, abbiamo bisogno del tuo aiuto. Stiamo anche cercando persone motivate che vogliano unirsi al nostro team. Grazie al vostro sostegno raggiungeremo pi\u00f9 persone, diffonderemo il messaggio di Cristo e rafforzeremo l'unit\u00e0 dei cristiani. Vuoi unirti alla nostra missione? Per maggiori informazioni su come contribuire, visita Exaudi.org\/it o contattaci direttamente: info@exaudi.org Exaudi: informa, forma e trasforma.","sameAs":["https:\/\/www.facebook.com\/ExaudiNotizie\/","https:\/\/www.instagram.com\/Exaudi_notizie\/","https:\/\/x.com\/Exaudi_Notizie","https:\/\/www.youtube.com\/@exaudicatholicnews"],"url":"https:\/\/exaudi.org\/it\/author\/dlvedi-org\/"}]}},"jetpack_featured_media_url":"https:\/\/exaudi.org\/wp-content\/uploads\/2023\/03\/cq5dam.thumbnail.cropped.750.422-1-9.jpeg","jetpack_shortlink":"https:\/\/wp.me\/pgKjF2-j1d","_links":{"self":[{"href":"https:\/\/exaudi.org\/it\/wp-json\/wp\/v2\/posts\/73111","targetHints":{"allow":["GET"]}}],"collection":[{"href":"https:\/\/exaudi.org\/it\/wp-json\/wp\/v2\/posts"}],"about":[{"href":"https:\/\/exaudi.org\/it\/wp-json\/wp\/v2\/types\/post"}],"author":[{"embeddable":true,"href":"https:\/\/exaudi.org\/it\/wp-json\/wp\/v2\/users\/17"}],"replies":[{"embeddable":true,"href":"https:\/\/exaudi.org\/it\/wp-json\/wp\/v2\/comments?post=73111"}],"version-history":[{"count":0,"href":"https:\/\/exaudi.org\/it\/wp-json\/wp\/v2\/posts\/73111\/revisions"}],"wp:featuredmedia":[{"embeddable":true,"href":"https:\/\/exaudi.org\/it\/wp-json\/wp\/v2\/media\/73112"}],"wp:attachment":[{"href":"https:\/\/exaudi.org\/it\/wp-json\/wp\/v2\/media?parent=73111"}],"wp:term":[{"taxonomy":"category","embeddable":true,"href":"https:\/\/exaudi.org\/it\/wp-json\/wp\/v2\/categories?post=73111"},{"taxonomy":"post_tag","embeddable":true,"href":"https:\/\/exaudi.org\/it\/wp-json\/wp\/v2\/tags?post=73111"}],"curies":[{"name":"wp","href":"https:\/\/api.w.org\/{rel}","templated":true}]}}