{"id":72967,"date":"2023-03-25T18:24:12","date_gmt":"2023-03-25T17:24:12","guid":{"rendered":"https:\/\/exaudi.org\/?p=72967"},"modified":"2023-03-31T19:48:51","modified_gmt":"2023-03-31T17:48:51","slug":"il-papa-ha-promulgato-procedure-contro-gli-abusi-sessuali","status":"publish","type":"post","link":"https:\/\/exaudi.org\/it\/il-papa-ha-promulgato-procedure-contro-gli-abusi-sessuali\/","title":{"rendered":"Il Papa ha promulgato procedure contro gli abusi sessuali"},"content":{"rendered":"<p><strong>Il Papa conferma \u201cVos estis lux mundi\u201d, la procedura contro gli abusi<\/strong><\/p>\n<p><em>Dopo quasi quattro anni di sperimentazione, pubblicata una versione aggiornata delle norme per prevenire e contrastare gli abusi sessuali contro i minori e gli adulti vulnerabili. La novit\u00e0 pi\u00f9 significativa \u00e8 l\u2019estensione delle norme riguardanti la responsabilit\u00e0 dei vescovi e i superiori religiosi anche ai laici moderatori di associazioni internazionali di fedeli riconosciute dalla Santa Sede. Il nuovo testo \u00e8 stato armonizzato con le altre riforme normative introdotte dal 2019 a oggi.<\/em><\/p>\n<p><strong>Vatican News<\/strong><\/p>\n<p>Dopo quasi quattro anni di sperimentazione, consultati gli episcopati e i dicasteri della Curia romana, Papa Francesco ha promulgato definitivamente le procedure per prevenire e contrastare il fenomeno degli abusi sessuali all\u2019interno della Chiesa cattolica. \u00c8 stata pubblicata oggi la nuova versione del motu proprio \u201cVos estis lux mundi\u201d, che entra in vigore il 30 aprile e abroga la precedente del maggio 2019 e<br \/>\nconferma la volont\u00e0 di proseguire nella lotta a questi crimini.<\/p>\n<p>La novit\u00e0 pi\u00f9 significativa introdotta nella nuova versione della normativa riguarda il \u201cTitolo II\u201d con le disposizioni relative alle responsabilit\u00e0 dei vescovi, superiori religiosi e chierici preposti alla guida di una Chiesa particolare o di una prelatura. Sono stati<br \/>\ninfatti aggiunti anche i \u201cfedeli laici che sono o sono stati moderatori di associazioni internazionali di fedeli riconosciute o erette dalla Sede Apostolica, per i fatti commessi\u201d mentre erano in carica.<\/p>\n<p>Molte altre modifiche sono state introdotte per armonizzare il testo delle procedure contro gli abusi con le altre riforme normative introdotte dal 2019 ad oggi, in particolare con la revisione del motu proprio \u201cSacramentorum sanctitatis tutela\u201d (norme emendate nel 2021); con le modifiche al Libro VI del Codice di Diritto Canonico (riforma del 2021) e con la nuova Costituzione sulla Curia Romana, \u201cPraedicate Evangelium\u201d (promulgata nel 2022).<\/p>\n<p>Tra queste c\u2019\u00e8 ad esempio quella che riguarda gli adulti \u201cvulnerabili\u201d. Mentre prima si parlava di \u201catti sessuali con un minore o con una persona vulnerabile\u201d nella nuova versione si parla di \u201cdelitto contro il VI comandamento del decalogo commesso con un minore o con persona che abitualmente ha un uso imperfetto della ragione o con un adulto vulnerabile\u201d. Un\u2019altra modifica riguarda la tutela di chi presenta la segnalazione di un presunto abuso: mentre prima si affermava che a colui che segnala non pu\u00f2 essere imposto alcun vincolo di silenzio, ora si aggiunge che questa tutela va estesa, oltre a chi effettua una segnalazione, anche \u201calla persona che afferma di essere offesa e ai<br \/>\ntestimoni\u201d. Rafforzata anche la parte dove si chiede di salvaguardare \u201cla legittima tutela della buona fama e la sfera privata di tutte le persone coinvolte\u201d, nonch\u00e9 la presunzione di innocenza per chi \u00e8 indagato in attesa che vengano accertate le sue responsabilit\u00e0.<\/p>\n<p>Nella nuova versione di \u201cVos estis lux mundi\u201d viene anche specificato che le diocesi e le eparchie devono dotarsi di \u201corganismi e uffici\u201d &#8211; nel vecchio testo si parlava pi\u00f9 genericamente di \u201csistemi stabili\u201d &#8211; facilmente accessibili al pubblico per ricevere le segnalazioni di abusi. Ed \u00e8 anche precisato che il compito di procedere con l\u2019indagine \u00e8 compito del vescovo del luogo dove sarebbero avvenuti i fatti denunciati.<\/p>\n<p>Come si ricorder\u00e0, le procedure introdotte nel 2019 stabiliscono in modo preciso come comportarsi di fronte alle segnalazioni di casi di abuso e assicurano che vescovi e superiori religiosi \u2013 ora anche i laici a capo di associazioni internazionali \u2013 rendano conto del loro operato e siano obbligati \u2013 con un precetto legale stabilito universalmente &#8211; a segnalare abusi dei quali sono venuti a conoscenza.<\/p>\n<p>Il documento comprendeva e continua a comprendere non soltanto le molestie e le violenze sui minori e sugli adulti vulnerabili, ma riguarda anche la violenza sessuale e le molestie conseguenti all\u2019abuso di autorit\u00e0. Questo obbligo include dunque anche qualsiasi caso di violenza sulle religiose da parte di chierici, come pure il caso delle molestie a seminaristi o novizi maggiorenni.<br \/>\n________________<\/p>\n","protected":false},"excerpt":{"rendered":"<p>Versione aggiornata di &#8220;Vos estis lux mundi&#8221; (ANSA)<\/p>\n","protected":false},"author":17,"featured_media":50523,"comment_status":"closed","ping_status":"closed","sticky":false,"template":"","format":"standard","meta":{"_acf_changed":false,"_crdt_document":"","inline_featured_image":false,"footnotes":""},"categories":[73,67],"tags":[8738,2042,251,1973],"class_list":["post-72967","post","type-post","status-publish","format-standard","has-post-thumbnail","hentry","category-chiesa-e-mondo","category-leone-xiv","tag-abuso","tag-motu-proprio-it","tag-papa-francesco","tag-protezione-dei-minori"],"acf":[],"yoast_head":"<!-- This site is optimized with the Yoast SEO plugin v27.4 - https:\/\/yoast.com\/product\/yoast-seo-wordpress\/ -->\n<title>Il Papa ha promulgato procedure contro gli abusi sessuali &#8211; Exaudi<\/title>\n<meta name=\"robots\" content=\"index, follow, max-snippet:-1, max-image-preview:large, max-video-preview:-1\" \/>\n<link rel=\"canonical\" href=\"https:\/\/exaudi.org\/it\/il-papa-ha-promulgato-procedure-contro-gli-abusi-sessuali\/\" \/>\n<meta property=\"og:locale\" content=\"it_IT\" \/>\n<meta property=\"og:type\" content=\"article\" \/>\n<meta property=\"og:title\" content=\"Il Papa ha promulgato procedure contro gli abusi sessuali &#8211; Exaudi\" \/>\n<meta property=\"og:description\" content=\"Versione aggiornata di &quot;Vos estis lux mundi&quot; (ANSA)\" \/>\n<meta property=\"og:url\" content=\"https:\/\/exaudi.org\/it\/il-papa-ha-promulgato-procedure-contro-gli-abusi-sessuali\/\" \/>\n<meta property=\"og:site_name\" content=\"Exaudi\" \/>\n<meta property=\"article:publisher\" content=\"https:\/\/www.facebook.com\/ExaudiNews\" \/>\n<meta property=\"article:author\" content=\"https:\/\/www.facebook.com\/ExaudiNotizie\/\" \/>\n<meta property=\"article:published_time\" content=\"2023-03-25T17:24:12+00:00\" \/>\n<meta property=\"article:modified_time\" content=\"2023-03-31T17:48:51+00:00\" \/>\n<meta property=\"og:image\" content=\"https:\/\/exaudi.org\/wp-content\/uploads\/2022\/01\/Disen\u0303o-sin-ti\u0301tulo-61.jpg\" \/>\n\t<meta property=\"og:image:width\" content=\"1500\" \/>\n\t<meta property=\"og:image:height\" content=\"1000\" \/>\n\t<meta property=\"og:image:type\" content=\"image\/jpeg\" \/>\n<meta name=\"author\" content=\"Exaudi Redazione\" \/>\n<meta name=\"twitter:card\" content=\"summary_large_image\" \/>\n<meta name=\"twitter:creator\" content=\"@Exaudi_Notizie\" \/>\n<meta name=\"twitter:site\" content=\"@Exaudi_News\" \/>\n<meta name=\"twitter:label1\" content=\"Scritto da\" \/>\n\t<meta name=\"twitter:data1\" content=\"Exaudi Redazione\" \/>\n\t<meta name=\"twitter:label2\" content=\"Tempo di lettura stimato\" \/>\n\t<meta name=\"twitter:data2\" content=\"3 minuti\" \/>\n<script type=\"application\/ld+json\" class=\"yoast-schema-graph\">{\"@context\":\"https:\\\/\\\/schema.org\",\"@graph\":[{\"@type\":\"Article\",\"@id\":\"https:\\\/\\\/exaudi.org\\\/it\\\/il-papa-ha-promulgato-procedure-contro-gli-abusi-sessuali\\\/#article\",\"isPartOf\":{\"@id\":\"https:\\\/\\\/exaudi.org\\\/it\\\/il-papa-ha-promulgato-procedure-contro-gli-abusi-sessuali\\\/\"},\"author\":{\"name\":\"Exaudi Redazione\",\"@id\":\"https:\\\/\\\/exaudi.org\\\/#\\\/schema\\\/person\\\/e1ab6ed07c01774724dd96f925f3a5f0\"},\"headline\":\"Il Papa ha promulgato procedure contro gli abusi sessuali\",\"datePublished\":\"2023-03-25T17:24:12+00:00\",\"dateModified\":\"2023-03-31T17:48:51+00:00\",\"mainEntityOfPage\":{\"@id\":\"https:\\\/\\\/exaudi.org\\\/it\\\/il-papa-ha-promulgato-procedure-contro-gli-abusi-sessuali\\\/\"},\"wordCount\":642,\"image\":{\"@id\":\"https:\\\/\\\/exaudi.org\\\/it\\\/il-papa-ha-promulgato-procedure-contro-gli-abusi-sessuali\\\/#primaryimage\"},\"thumbnailUrl\":\"https:\\\/\\\/exaudi.org\\\/wp-content\\\/uploads\\\/2022\\\/01\\\/Disen\u0303o-sin-ti\u0301tulo-61.jpg\",\"keywords\":[\"abuso\",\"motu proprio\",\"Papa Francesco\",\"Protezione dei minori\"],\"articleSection\":[\"Chiesa e Mondo\",\"Leone XIV\"],\"inLanguage\":\"it-IT\"},{\"@type\":\"WebPage\",\"@id\":\"https:\\\/\\\/exaudi.org\\\/it\\\/il-papa-ha-promulgato-procedure-contro-gli-abusi-sessuali\\\/\",\"url\":\"https:\\\/\\\/exaudi.org\\\/it\\\/il-papa-ha-promulgato-procedure-contro-gli-abusi-sessuali\\\/\",\"name\":\"Il Papa ha promulgato procedure contro gli abusi sessuali &#8211; Exaudi\",\"isPartOf\":{\"@id\":\"https:\\\/\\\/exaudi.org\\\/#website\"},\"primaryImageOfPage\":{\"@id\":\"https:\\\/\\\/exaudi.org\\\/it\\\/il-papa-ha-promulgato-procedure-contro-gli-abusi-sessuali\\\/#primaryimage\"},\"image\":{\"@id\":\"https:\\\/\\\/exaudi.org\\\/it\\\/il-papa-ha-promulgato-procedure-contro-gli-abusi-sessuali\\\/#primaryimage\"},\"thumbnailUrl\":\"https:\\\/\\\/exaudi.org\\\/wp-content\\\/uploads\\\/2022\\\/01\\\/Disen\u0303o-sin-ti\u0301tulo-61.jpg\",\"datePublished\":\"2023-03-25T17:24:12+00:00\",\"dateModified\":\"2023-03-31T17:48:51+00:00\",\"author\":{\"@id\":\"https:\\\/\\\/exaudi.org\\\/#\\\/schema\\\/person\\\/e1ab6ed07c01774724dd96f925f3a5f0\"},\"breadcrumb\":{\"@id\":\"https:\\\/\\\/exaudi.org\\\/it\\\/il-papa-ha-promulgato-procedure-contro-gli-abusi-sessuali\\\/#breadcrumb\"},\"inLanguage\":\"it-IT\",\"potentialAction\":[{\"@type\":\"ReadAction\",\"target\":[\"https:\\\/\\\/exaudi.org\\\/it\\\/il-papa-ha-promulgato-procedure-contro-gli-abusi-sessuali\\\/\"]}]},{\"@type\":\"ImageObject\",\"inLanguage\":\"it-IT\",\"@id\":\"https:\\\/\\\/exaudi.org\\\/it\\\/il-papa-ha-promulgato-procedure-contro-gli-abusi-sessuali\\\/#primaryimage\",\"url\":\"https:\\\/\\\/exaudi.org\\\/wp-content\\\/uploads\\\/2022\\\/01\\\/Disen\u0303o-sin-ti\u0301tulo-61.jpg\",\"contentUrl\":\"https:\\\/\\\/exaudi.org\\\/wp-content\\\/uploads\\\/2022\\\/01\\\/Disen\u0303o-sin-ti\u0301tulo-61.jpg\",\"width\":1500,\"height\":1000,\"caption\":\"\u00a9 Vatican Media\"},{\"@type\":\"BreadcrumbList\",\"@id\":\"https:\\\/\\\/exaudi.org\\\/it\\\/il-papa-ha-promulgato-procedure-contro-gli-abusi-sessuali\\\/#breadcrumb\",\"itemListElement\":[{\"@type\":\"ListItem\",\"position\":1,\"name\":\"Portada\",\"item\":\"https:\\\/\\\/exaudi.org\\\/it\\\/\"},{\"@type\":\"ListItem\",\"position\":2,\"name\":\"Il Papa ha promulgato procedure contro gli abusi sessuali\"}]},{\"@type\":\"WebSite\",\"@id\":\"https:\\\/\\\/exaudi.org\\\/#website\",\"url\":\"https:\\\/\\\/exaudi.org\\\/\",\"name\":\"Exaudi\",\"description\":\"News\",\"potentialAction\":[{\"@type\":\"SearchAction\",\"target\":{\"@type\":\"EntryPoint\",\"urlTemplate\":\"https:\\\/\\\/exaudi.org\\\/?s={search_term_string}\"},\"query-input\":{\"@type\":\"PropertyValueSpecification\",\"valueRequired\":true,\"valueName\":\"search_term_string\"}}],\"inLanguage\":\"it-IT\"},{\"@type\":\"Person\",\"@id\":\"https:\\\/\\\/exaudi.org\\\/#\\\/schema\\\/person\\\/e1ab6ed07c01774724dd96f925f3a5f0\",\"name\":\"Exaudi Redazione\",\"image\":{\"@type\":\"ImageObject\",\"inLanguage\":\"it-IT\",\"@id\":\"https:\\\/\\\/secure.gravatar.com\\\/avatar\\\/ad6774b3ada023bf5b939d64f45c94b3adf91502dd883507d469b4308a943bb3?s=96&d=mm&r=g\",\"url\":\"https:\\\/\\\/secure.gravatar.com\\\/avatar\\\/ad6774b3ada023bf5b939d64f45c94b3adf91502dd883507d469b4308a943bb3?s=96&d=mm&r=g\",\"contentUrl\":\"https:\\\/\\\/secure.gravatar.com\\\/avatar\\\/ad6774b3ada023bf5b939d64f45c94b3adf91502dd883507d469b4308a943bb3?s=96&d=mm&r=g\",\"caption\":\"Exaudi Redazione\"},\"description\":\"Che cosa \u00e8 Exaudi News? Exaudi News \u00e8 un agenzia cattolica internazionale che informa, istruisce e trasforma quotidianamente in spagnolo, inglese e italiano. Attraverso notizie, articoli di analisi e trasmissioni in diretta degli eventi del Papa, Exaudi cerca di rafforzare l'unit\u00e0 dei cristiani e di contribuire all'evangelizzazione del mondo, sempre guidato dalla dottrina sociale della Chiesa. Lavoriamo per portare la verit\u00e0 e i valori cristiani in ogni angolo del pianeta. Aiutaci a trasformare il mondo con Exaudi! Noi di Exaudi crediamo che l'evangelizzazione e l'informazione di qualit\u00e0 possano cambiare la vita. Per continuare la nostra missione ed espandere la nostra portata, abbiamo bisogno del tuo aiuto. Stiamo anche cercando persone motivate che vogliano unirsi al nostro team. Grazie al vostro sostegno raggiungeremo pi\u00f9 persone, diffonderemo il messaggio di Cristo e rafforzeremo l'unit\u00e0 dei cristiani. Vuoi unirti alla nostra missione? Per maggiori informazioni su come contribuire, visita Exaudi.org\\\/it o contattaci direttamente: info@exaudi.org Exaudi: informa, forma e trasforma.\",\"sameAs\":[\"https:\\\/\\\/www.facebook.com\\\/ExaudiNotizie\\\/\",\"https:\\\/\\\/www.instagram.com\\\/Exaudi_notizie\\\/\",\"https:\\\/\\\/x.com\\\/Exaudi_Notizie\",\"https:\\\/\\\/www.youtube.com\\\/@exaudicatholicnews\"],\"url\":\"https:\\\/\\\/exaudi.org\\\/it\\\/author\\\/dlvedi-org\\\/\"}]}<\/script>\n<!-- \/ Yoast SEO plugin. -->","yoast_head_json":{"title":"Il Papa ha promulgato procedure contro gli abusi sessuali &#8211; Exaudi","robots":{"index":"index","follow":"follow","max-snippet":"max-snippet:-1","max-image-preview":"max-image-preview:large","max-video-preview":"max-video-preview:-1"},"canonical":"https:\/\/exaudi.org\/it\/il-papa-ha-promulgato-procedure-contro-gli-abusi-sessuali\/","og_locale":"it_IT","og_type":"article","og_title":"Il Papa ha promulgato procedure contro gli abusi sessuali &#8211; Exaudi","og_description":"Versione aggiornata di \"Vos estis lux mundi\" (ANSA)","og_url":"https:\/\/exaudi.org\/it\/il-papa-ha-promulgato-procedure-contro-gli-abusi-sessuali\/","og_site_name":"Exaudi","article_publisher":"https:\/\/www.facebook.com\/ExaudiNews","article_author":"https:\/\/www.facebook.com\/ExaudiNotizie\/","article_published_time":"2023-03-25T17:24:12+00:00","article_modified_time":"2023-03-31T17:48:51+00:00","og_image":[{"width":1500,"height":1000,"url":"https:\/\/exaudi.org\/wp-content\/uploads\/2022\/01\/Disen\u0303o-sin-ti\u0301tulo-61.jpg","type":"image\/jpeg"}],"author":"Exaudi Redazione","twitter_card":"summary_large_image","twitter_creator":"@Exaudi_Notizie","twitter_site":"@Exaudi_News","twitter_misc":{"Scritto da":"Exaudi Redazione","Tempo di lettura stimato":"3 minuti"},"schema":{"@context":"https:\/\/schema.org","@graph":[{"@type":"Article","@id":"https:\/\/exaudi.org\/it\/il-papa-ha-promulgato-procedure-contro-gli-abusi-sessuali\/#article","isPartOf":{"@id":"https:\/\/exaudi.org\/it\/il-papa-ha-promulgato-procedure-contro-gli-abusi-sessuali\/"},"author":{"name":"Exaudi Redazione","@id":"https:\/\/exaudi.org\/#\/schema\/person\/e1ab6ed07c01774724dd96f925f3a5f0"},"headline":"Il Papa ha promulgato procedure contro gli abusi sessuali","datePublished":"2023-03-25T17:24:12+00:00","dateModified":"2023-03-31T17:48:51+00:00","mainEntityOfPage":{"@id":"https:\/\/exaudi.org\/it\/il-papa-ha-promulgato-procedure-contro-gli-abusi-sessuali\/"},"wordCount":642,"image":{"@id":"https:\/\/exaudi.org\/it\/il-papa-ha-promulgato-procedure-contro-gli-abusi-sessuali\/#primaryimage"},"thumbnailUrl":"https:\/\/exaudi.org\/wp-content\/uploads\/2022\/01\/Disen\u0303o-sin-ti\u0301tulo-61.jpg","keywords":["abuso","motu proprio","Papa Francesco","Protezione dei minori"],"articleSection":["Chiesa e Mondo","Leone XIV"],"inLanguage":"it-IT"},{"@type":"WebPage","@id":"https:\/\/exaudi.org\/it\/il-papa-ha-promulgato-procedure-contro-gli-abusi-sessuali\/","url":"https:\/\/exaudi.org\/it\/il-papa-ha-promulgato-procedure-contro-gli-abusi-sessuali\/","name":"Il Papa ha promulgato procedure contro gli abusi sessuali &#8211; Exaudi","isPartOf":{"@id":"https:\/\/exaudi.org\/#website"},"primaryImageOfPage":{"@id":"https:\/\/exaudi.org\/it\/il-papa-ha-promulgato-procedure-contro-gli-abusi-sessuali\/#primaryimage"},"image":{"@id":"https:\/\/exaudi.org\/it\/il-papa-ha-promulgato-procedure-contro-gli-abusi-sessuali\/#primaryimage"},"thumbnailUrl":"https:\/\/exaudi.org\/wp-content\/uploads\/2022\/01\/Disen\u0303o-sin-ti\u0301tulo-61.jpg","datePublished":"2023-03-25T17:24:12+00:00","dateModified":"2023-03-31T17:48:51+00:00","author":{"@id":"https:\/\/exaudi.org\/#\/schema\/person\/e1ab6ed07c01774724dd96f925f3a5f0"},"breadcrumb":{"@id":"https:\/\/exaudi.org\/it\/il-papa-ha-promulgato-procedure-contro-gli-abusi-sessuali\/#breadcrumb"},"inLanguage":"it-IT","potentialAction":[{"@type":"ReadAction","target":["https:\/\/exaudi.org\/it\/il-papa-ha-promulgato-procedure-contro-gli-abusi-sessuali\/"]}]},{"@type":"ImageObject","inLanguage":"it-IT","@id":"https:\/\/exaudi.org\/it\/il-papa-ha-promulgato-procedure-contro-gli-abusi-sessuali\/#primaryimage","url":"https:\/\/exaudi.org\/wp-content\/uploads\/2022\/01\/Disen\u0303o-sin-ti\u0301tulo-61.jpg","contentUrl":"https:\/\/exaudi.org\/wp-content\/uploads\/2022\/01\/Disen\u0303o-sin-ti\u0301tulo-61.jpg","width":1500,"height":1000,"caption":"\u00a9 Vatican Media"},{"@type":"BreadcrumbList","@id":"https:\/\/exaudi.org\/it\/il-papa-ha-promulgato-procedure-contro-gli-abusi-sessuali\/#breadcrumb","itemListElement":[{"@type":"ListItem","position":1,"name":"Portada","item":"https:\/\/exaudi.org\/it\/"},{"@type":"ListItem","position":2,"name":"Il Papa ha promulgato procedure contro gli abusi sessuali"}]},{"@type":"WebSite","@id":"https:\/\/exaudi.org\/#website","url":"https:\/\/exaudi.org\/","name":"Exaudi","description":"News","potentialAction":[{"@type":"SearchAction","target":{"@type":"EntryPoint","urlTemplate":"https:\/\/exaudi.org\/?s={search_term_string}"},"query-input":{"@type":"PropertyValueSpecification","valueRequired":true,"valueName":"search_term_string"}}],"inLanguage":"it-IT"},{"@type":"Person","@id":"https:\/\/exaudi.org\/#\/schema\/person\/e1ab6ed07c01774724dd96f925f3a5f0","name":"Exaudi Redazione","image":{"@type":"ImageObject","inLanguage":"it-IT","@id":"https:\/\/secure.gravatar.com\/avatar\/ad6774b3ada023bf5b939d64f45c94b3adf91502dd883507d469b4308a943bb3?s=96&d=mm&r=g","url":"https:\/\/secure.gravatar.com\/avatar\/ad6774b3ada023bf5b939d64f45c94b3adf91502dd883507d469b4308a943bb3?s=96&d=mm&r=g","contentUrl":"https:\/\/secure.gravatar.com\/avatar\/ad6774b3ada023bf5b939d64f45c94b3adf91502dd883507d469b4308a943bb3?s=96&d=mm&r=g","caption":"Exaudi Redazione"},"description":"Che cosa \u00e8 Exaudi News? Exaudi News \u00e8 un agenzia cattolica internazionale che informa, istruisce e trasforma quotidianamente in spagnolo, inglese e italiano. Attraverso notizie, articoli di analisi e trasmissioni in diretta degli eventi del Papa, Exaudi cerca di rafforzare l'unit\u00e0 dei cristiani e di contribuire all'evangelizzazione del mondo, sempre guidato dalla dottrina sociale della Chiesa. Lavoriamo per portare la verit\u00e0 e i valori cristiani in ogni angolo del pianeta. Aiutaci a trasformare il mondo con Exaudi! Noi di Exaudi crediamo che l'evangelizzazione e l'informazione di qualit\u00e0 possano cambiare la vita. Per continuare la nostra missione ed espandere la nostra portata, abbiamo bisogno del tuo aiuto. Stiamo anche cercando persone motivate che vogliano unirsi al nostro team. Grazie al vostro sostegno raggiungeremo pi\u00f9 persone, diffonderemo il messaggio di Cristo e rafforzeremo l'unit\u00e0 dei cristiani. Vuoi unirti alla nostra missione? Per maggiori informazioni su come contribuire, visita Exaudi.org\/it o contattaci direttamente: info@exaudi.org Exaudi: informa, forma e trasforma.","sameAs":["https:\/\/www.facebook.com\/ExaudiNotizie\/","https:\/\/www.instagram.com\/Exaudi_notizie\/","https:\/\/x.com\/Exaudi_Notizie","https:\/\/www.youtube.com\/@exaudicatholicnews"],"url":"https:\/\/exaudi.org\/it\/author\/dlvedi-org\/"}]}},"jetpack_featured_media_url":"https:\/\/exaudi.org\/wp-content\/uploads\/2022\/01\/Disen\u0303o-sin-ti\u0301tulo-61.jpg","jetpack_shortlink":"https:\/\/wp.me\/pgKjF2-iYT","_links":{"self":[{"href":"https:\/\/exaudi.org\/it\/wp-json\/wp\/v2\/posts\/72967","targetHints":{"allow":["GET"]}}],"collection":[{"href":"https:\/\/exaudi.org\/it\/wp-json\/wp\/v2\/posts"}],"about":[{"href":"https:\/\/exaudi.org\/it\/wp-json\/wp\/v2\/types\/post"}],"author":[{"embeddable":true,"href":"https:\/\/exaudi.org\/it\/wp-json\/wp\/v2\/users\/17"}],"replies":[{"embeddable":true,"href":"https:\/\/exaudi.org\/it\/wp-json\/wp\/v2\/comments?post=72967"}],"version-history":[{"count":0,"href":"https:\/\/exaudi.org\/it\/wp-json\/wp\/v2\/posts\/72967\/revisions"}],"wp:featuredmedia":[{"embeddable":true,"href":"https:\/\/exaudi.org\/it\/wp-json\/wp\/v2\/media\/50523"}],"wp:attachment":[{"href":"https:\/\/exaudi.org\/it\/wp-json\/wp\/v2\/media?parent=72967"}],"wp:term":[{"taxonomy":"category","embeddable":true,"href":"https:\/\/exaudi.org\/it\/wp-json\/wp\/v2\/categories?post=72967"},{"taxonomy":"post_tag","embeddable":true,"href":"https:\/\/exaudi.org\/it\/wp-json\/wp\/v2\/tags?post=72967"}],"curies":[{"name":"wp","href":"https:\/\/api.w.org\/{rel}","templated":true}]}}