{"id":72954,"date":"2023-03-25T17:05:00","date_gmt":"2023-03-25T16:05:00","guid":{"rendered":"https:\/\/exaudi.org\/?p=72954"},"modified":"2023-03-25T17:05:00","modified_gmt":"2023-03-25T16:05:00","slug":"la-fratellanza-rende-le-persone-piu-libere-e-felici","status":"publish","type":"post","link":"https:\/\/exaudi.org\/it\/la-fratellanza-rende-le-persone-piu-libere-e-felici\/","title":{"rendered":"&#8220;La fratellanza rende le persone pi\u00f9 libere e felici&#8221;"},"content":{"rendered":"<div class=\"titolo\">\n<p class=\"bulltitledate titolo\">Questa mattina, nell\u2019Aula Paolo VI, il Santo Padre Francesco ha ricevuto in Udienza i fedeli dalle Parrocchie di Rho (Milano) e ha rivolto loro il discorso che pubblichiamo di seguito:<\/p>\n<\/div>\n<div class=\"notizia\">\n<div class=\"notizie bullnews\">\n<p><b><u>Discorso del Santo Padre<\/u><\/b><\/p>\n<p>Cari fratelli e sorelle, buongiorno!<\/p>\n<p>Saluto tutti voi e in particolare Mons. Michele Di Tolve, il vostro Parroco, che conosco da tanti anni e che ringrazio per le sue parole. L\u2019ho conosciuto appena nominato cardinale: ero andato a visitare una mia cugina e lei mi ha parlato di un vice-parroco eccezionale che avevano l\u00ec, \u201cguarda, lavora quel prete!\u201d \u2013 \u201cAh s\u00ec? Fammelo conoscere, ma non dirgli che sono un cardinale\u201d \u2013 \u201cNo, non lo dir\u00f2\u201d. Mi sono tolto l\u2019anello, siamo arrivati in oratorio e lui andava da una parte all\u2019altra, si muoveva come un ballerino con tutti\u2026 Cos\u00ec l\u2019ho conosciuto. E cos\u00ec \u00e8 rimasto per tutta la vita: uno che sa muoversi, non aspetta che le pecore vengano a cercarlo. E come rettore del seminario ha fatto tanto bene, ai ragazzi che si preparano al sacerdozio, tanto bene. Adesso, come parroco, fa tanto bene e per questo vorrei davanti a tutti voi dare testimonianza e ringraziare per quello che sta facendo: grazie, grazie!<\/p>\n<p>Tempo fa dissi a don Michele che desideravo conoscervi, e oggi voi mi avete accontentato: grazie di essere venuti! La scorsa estate, chiamando Monsignor Michele al telefono durante le vostre vacanze comunitarie, ho potuto salutare anche alcuni del gruppo e ho sentito la gioia e l\u2019entusiasmo del vostro stare insieme.<\/p>\n<p><strong>La Chiesa e un corpo composto di tante membra<\/strong><\/p>\n<p>Oggi siete venuti numerosi, e so che avete fatto anche qualche sacrificio per poterci essere tutti e per non escludere nessuno. Rappresentate tante realt\u00e0 diverse delle vostre Parrocchie e portate con voi, nel cuore, i fratelli e le sorelle che per vari motivi non sono potuti venire, grazie! Raggruppate generazioni, provenienze, servizi e doni differenti e complementari, e questo \u00e8 bellissimo. La Chiesa \u00e8 questo! La Chiesa infatti \u00e8 un corpo composto di tante membra, tutte al servizio le une delle altre e tutte animate dallo stesso amore: quello di Cristo (cfr\u00a0<i>1 Cor<\/i>\u00a012,12). E quando la Chiesa non \u00e8 cos\u00ec, cade nella mondanit\u00e0, cade nel clericalismo che \u00e8 una cosa bruttissima. Ricordatevi sempre che \u00e8 con la bellezza e la ricchezza di questa variet\u00e0 e di questa comunione che voi portate Ges\u00f9 al mondo: \u00e8 questo il mezzo pi\u00f9 potente con cui annunciate il Vangelo, prima ancora delle parole!<\/p>\n<p>Alcuni dei gruppi presenti quest\u2019anno festeggiano un anniversario speciale. Ringraziamo insieme il Signore, di cui siamo tutti umili servitori, per il bene che ha compiuto e che continua a compiere attraverso di noi, e rinnoviamo il nostro impegno ad essere generosi nel dono di noi stessi e docili alla sua volont\u00e0. Mons. Michele, nel suo saluto, ha ricordato tra l\u2019altro proprio le parole che ho pronunciato dieci anni fa, il 13 marzo 2013. Appena eletto Vescovo di Roma, affacciandomi per la prima volta alla loggia della Basilica di San Pietro, dicevo: \u00abIncominciamo questo cammino insieme: Vescovo e popolo [\u2026]. Un cammino di fratellanza, di amore, di fiducia tra noi\u00bb. \u00c8 il desiderio che mi ha accompagnato per tutti questi anni, ed \u00e8 l\u2019augurio che faccio anche a voi, con il vostro vescovo. Io sono il vescovo di Roma, ma voi ne avete un altro. Avanti!<\/p>\n<p><strong>Camminare insieme come fratelli e sorelle<\/strong><\/p>\n<p>Vi esorto a camminare insieme come fratelli e sorelle, perch\u00e9 la fratellanza rende le persone pi\u00f9 libere e felici. Il mondo non finisce con noi stessi, per favore! La comunit\u00e0 non si fa davanti allo specchio, io e lo specchio, no! Scopriamo veramente il mondo solo quando camminiamo insieme con gli altri, giorno per giorno. Per questo \u00e8 importante la Parrocchia: perch\u00e9 \u00e8 il luogo in cui, alla sequela di Ges\u00f9, ci si incontra, ci si conosce, ci si arricchisce gli uni gli altri, persone di diverse generazioni e diverse condizioni culturali e sociali, tutti con qualcosa di unico da dare e da ricevere. Vediamo nelle nostre citt\u00e0 cosa succede quando ci si dimentica di questo: l\u2019orizzonte si restringe e si diventa tutti pi\u00f9 soli.<\/p>\n<p>Camminare insieme, camminare con amore. L\u2019amore tra voi sia sempre al primo posto (cfr\u00a0<i>1 Cor<\/i>\u00a013,1-13; Enc.\u00a0<i>Fratelli tutti<\/i>, 92). Attraverso le attivit\u00e0 formative, la Scuola dell\u2019Infanzia, i gruppi, le attivit\u00e0 dell\u2019Oratorio, l\u2019attenzione ai poveri e agli ultimi, alle persone anziane e sole, ai fidanzati e alle giovani famiglie, attraverso la banda musicale e le attivit\u00e0 sportive, voi preparate il terreno, a volte un po\u2019 arido e duro, per seminare amore e trasformare il territorio in cui vivete in una campagna rigogliosa, ricca dei frutti buoni del Vangelo. In particolare, amare significa \u201callargare la cerchia\u201d, costruendo unit\u00e0 nella fiducia e nell\u2019accoglienza, lavorando insieme e cercando sempre i punti in comune e le occasioni per fare comunit\u00e0, piuttosto che i motivi di divisione (cfr\u00a0<i>Fratelli tutti<\/i>, 97). Rispettare le differenze.<\/p>\n<p><strong>La Messa con i bambini \u00e8 una cosa bellissima<\/strong><\/p>\n<p>Sapete, io sono stato parroco per sei anni, e quella esperienza la porto nel cuore. A me piaceva la Messa con i bambini\u2026 Pensate che in quel quartiere ce n\u2019erano tanti, e alla Messa domenicale dei bambini ce n\u2019erano 200, 280 \u2013 in quei quartieri, le famiglie hanno quattro-cinque bambini \u2013, e sempre incominciavo a interloquire con loro. Una volta \u2013 era Pentecoste \u2013 dicevo: \u201cOggi \u00e8 Pentecoste!\u201d. I bambini rispondevano: \u201cS\u00ec, padre, s\u00ec\u201d. \u201cInsomma, \u00e8 lo Spirito Santo\u2026 Chi di voi sa chi \u00e8 lo Spirito Santo?\u201d. E alcuni alzavano le mani. \u201cVa bene, tu!\u201d \u2013 \u201cIl paralitico!\u201d. \u201cCosa hai detto?\u201d \u2013 \u201cIl paralitico\u201d \u2013 \u201cQuello che va sulla sedia a rotelle?\u201d \u2013 \u201cS\u00ec!\u201d- \u201cNo, caro, \u00e8 il\u00a0<i>Paraclito<\/i>, \u00e8 un\u2019altra cosa!\u201d. Ma era bello. Un\u2019altra volta, ho parlato di non chiacchierare perch\u00e9 le chiacchiere fanno male, e le persone che chiacchierano fanno male. \u201cAh! \u2013 dice subito un bambino \u2013 come la signora Tale e Tale!\u201d. I bambini sono spontanei, la Messa con i bambini \u00e8 una cosa bellissima: portatela avanti sempre. La Parrocchia \u00e8 un luogo benedetto, dove si va per sentirsi amati. Chi bussa alla porta delle nostre chiese e dei nostri ambienti cerca spesso prima di tutto un sorriso accogliente, cerca braccia e mani aperte, occhi desiderosi di incontro e carichi di affetto.<\/p>\n<p>In una Parrocchia, tu bussi alla porta e, se non \u00e8 l\u2019ora, ti dicono: \u201cVattene, \u00e8 finito l\u2019orario\u201d. Una volta, un parroco mi diceva: \u201cHo voglia di chiudere con mattoni le finestre\u201d \u2013 \u201cMa sei pazzo?\u201d \u2013 \u201cNo, perch\u00e9 la gente viene e se non ricevo alla porta, bussano alle finestre\u201d. La gente non si stanca di chiedere e di chiamare, e noi non dobbiamo stancarci di aprire le porte e le finestre. Se tu sei prete, \u00e8 per questo; se tu sei nel circolo della Parrocchia, \u00e8 per questo: per aprire porte, per aprire finestre, per ricevere sempre con un sorriso. E non dire \u201cnon \u00e8 ora\u201d. Apertura totale: braccia e mani aperte, occhi desiderosi di incontro e carichi di affetto. Questa \u00e8 la pastorale di una parrocchia. In Parrocchia ciascuno porta anche il proprio fardello, per poterlo condividere con qualcun altro e alleggerirne il peso, ma anche per condividere le cose buone che contiene!<\/p>\n<p><strong>Non lasciate entrare il chiacchiericcio<\/strong><\/p>\n<p>S\u00ec, c\u2019\u00e8 un nemico grande, nelle Parrocchie, come dappertutto: il chiacchiericcio. State attenti, non lasciate entrare il chiacchiericcio. Il chiacchiericcio uccide. E non sparlare gli uni degli altri. Se a te non piace questo, non ti piace questa, mangiati il tuo giudizio, ma non condividerlo per rovinare l\u2019altro. \u201cEh, Padre, \u00e8 cos\u00ec facile chiacchierare\u2026\u201d. S\u00ec, \u00e8 facile, \u00e8 vero. Ma c\u2019\u00e8 una medicina molto buona contro il chiacchiericcio, non so se voi la conoscete, ma \u00e8 buona, \u00e8 una medicina buona. Se a te viene voglia di chiacchierare, morditi la lingua! Si gonfier\u00e0 la lingua e non potrai parlare. Morditi la lingua prima di chiacchierare. Niente chiacchiericcio, per favore, quello \u00e8 una peste che rovina le parrocchie, rovina le famiglie e tante cose\u2026<\/p>\n<p>Cari fratelli e sorelle, le vostre Parrocchie si trovano in un luogo ricco di spiritualit\u00e0, caratterizzato da una storia di Chiesa generosa e feconda. Partecipate della grande e vivace eredit\u00e0 pastorale ambrosiana e vivete all\u2019ombra dell\u2019antico Santuario dell\u2019Addolorata di Rho, voluto da San Carlo Borromeo poco prima della sua morte, luogo di devozione e meta di pellegrinaggi ieri come oggi. Vi ringrazio perch\u00e9, con la vostra fede e il vostro amore fraterno, mantenete viva questa eredit\u00e0, cos\u00ec che non smetta di crescere. Ci saranno tante difficolt\u00e0, ci saranno tante lotte interne, tante invidie, ma insieme bisogna reggere, perch\u00e9 questo non distrugga la bella storia parrocchiale che voi avete. Andate avanti! Voi anziani, voi adulti trasmettete ai giovani il testimone che a vostra volta avete ricevuto dalle generazioni che vi hanno preceduto; e lo date arricchito del vostro impegno e della vostra testimonianza. E voi giovani, non abbiate paura a parlare con i vecchi! Vai a parlare, a discutere, vai ad ascoltare i vecchi, perch\u00e9 ti daranno forza, prendendo dalla loro storia, perch\u00e9 tu possa andare avanti, tu che sei giovane adesso. Questo non significa guardare sempre indietro, no. Tu vai dai vecchi, parla, ma guarda avanti, all\u2019orizzonte. \u00c8 importante che i giovani incontrino i vecchi e parlino con i vecchi.<\/p>\n<p>E grazie ancora di questa visita, che si doveva fare due anni fa, credo, ed \u00e8 stata rimandata. Che i Santi Pietro e Paolo vi rafforzino nella fede, nella speranza e nella carit\u00e0. E che la Madonna vi custodisca e vi accompagni sempre. Vi benedico tutti di cuore. E vi raccomando, non dimenticatevi di pregare per me. Grazie!<\/p>\n<\/div>\n<\/div>\n","protected":false},"excerpt":{"rendered":"<p>Udienza ai fedeli dalle Parrocchie di Rho (Milano)<\/p>\n","protected":false},"author":17,"featured_media":72955,"comment_status":"closed","ping_status":"closed","sticky":false,"template":"","format":"standard","meta":{"_acf_changed":false,"_crdt_document":"","inline_featured_image":false,"footnotes":""},"categories":[123,67],"tags":[8732,251,4952,1843],"class_list":["post-72954","post","type-post","status-publish","format-standard","has-post-thumbnail","hentry","category-discorsi","category-leone-xiv","tag-mons-michele-di-tolve","tag-papa-francesco","tag-trending-it","tag-udienza"],"acf":[],"yoast_head":"<!-- This site is optimized with the Yoast SEO plugin v27.5 - https:\/\/yoast.com\/product\/yoast-seo-wordpress\/ -->\n<title>&quot;La fratellanza rende le persone pi\u00f9 libere e felici&quot; &#8211; Exaudi<\/title>\n<meta name=\"robots\" content=\"index, follow, max-snippet:-1, max-image-preview:large, max-video-preview:-1\" \/>\n<link rel=\"canonical\" href=\"https:\/\/exaudi.org\/it\/la-fratellanza-rende-le-persone-piu-libere-e-felici\/\" \/>\n<meta property=\"og:locale\" content=\"it_IT\" \/>\n<meta property=\"og:type\" content=\"article\" \/>\n<meta property=\"og:title\" content=\"&quot;La fratellanza rende le persone pi\u00f9 libere e felici&quot; &#8211; Exaudi\" \/>\n<meta property=\"og:description\" content=\"Udienza ai fedeli dalle Parrocchie di Rho (Milano)\" \/>\n<meta property=\"og:url\" content=\"https:\/\/exaudi.org\/it\/la-fratellanza-rende-le-persone-piu-libere-e-felici\/\" \/>\n<meta property=\"og:site_name\" content=\"Exaudi\" \/>\n<meta property=\"article:publisher\" content=\"https:\/\/www.facebook.com\/ExaudiNews\" \/>\n<meta property=\"article:author\" content=\"https:\/\/www.facebook.com\/ExaudiNotizie\/\" \/>\n<meta property=\"article:published_time\" content=\"2023-03-25T16:05:00+00:00\" \/>\n<meta property=\"og:image\" content=\"https:\/\/exaudi.org\/wp-content\/uploads\/2023\/03\/cq5dam.web_.800.800-7.jpeg\" \/>\n\t<meta property=\"og:image:width\" content=\"800\" \/>\n\t<meta property=\"og:image:height\" content=\"533\" \/>\n\t<meta property=\"og:image:type\" content=\"image\/jpeg\" \/>\n<meta name=\"author\" content=\"Exaudi Redazione\" \/>\n<meta name=\"twitter:card\" content=\"summary_large_image\" \/>\n<meta name=\"twitter:creator\" content=\"@Exaudi_Notizie\" \/>\n<meta name=\"twitter:site\" content=\"@Exaudi_News\" \/>\n<meta name=\"twitter:label1\" content=\"Scritto da\" \/>\n\t<meta name=\"twitter:data1\" content=\"Exaudi Redazione\" \/>\n\t<meta name=\"twitter:label2\" content=\"Tempo di lettura stimato\" \/>\n\t<meta name=\"twitter:data2\" content=\"8 minuti\" \/>\n<script type=\"application\/ld+json\" class=\"yoast-schema-graph\">{\"@context\":\"https:\\\/\\\/schema.org\",\"@graph\":[{\"@type\":\"Article\",\"@id\":\"https:\\\/\\\/exaudi.org\\\/it\\\/la-fratellanza-rende-le-persone-piu-libere-e-felici\\\/#article\",\"isPartOf\":{\"@id\":\"https:\\\/\\\/exaudi.org\\\/it\\\/la-fratellanza-rende-le-persone-piu-libere-e-felici\\\/\"},\"author\":{\"name\":\"Exaudi Redazione\",\"@id\":\"https:\\\/\\\/exaudi.org\\\/#\\\/schema\\\/person\\\/e1ab6ed07c01774724dd96f925f3a5f0\"},\"headline\":\"&#8220;La fratellanza rende le persone pi\u00f9 libere e felici&#8221;\",\"datePublished\":\"2023-03-25T16:05:00+00:00\",\"mainEntityOfPage\":{\"@id\":\"https:\\\/\\\/exaudi.org\\\/it\\\/la-fratellanza-rende-le-persone-piu-libere-e-felici\\\/\"},\"wordCount\":1570,\"image\":{\"@id\":\"https:\\\/\\\/exaudi.org\\\/it\\\/la-fratellanza-rende-le-persone-piu-libere-e-felici\\\/#primaryimage\"},\"thumbnailUrl\":\"https:\\\/\\\/exaudi.org\\\/wp-content\\\/uploads\\\/2023\\\/03\\\/cq5dam.web_.800.800-7.jpeg\",\"keywords\":[\"Mons. Michele Di Tolve\",\"Papa Francesco\",\"Trending\",\"udienza\"],\"articleSection\":[\"Discorsi\",\"Leone XIV\"],\"inLanguage\":\"it-IT\"},{\"@type\":\"WebPage\",\"@id\":\"https:\\\/\\\/exaudi.org\\\/it\\\/la-fratellanza-rende-le-persone-piu-libere-e-felici\\\/\",\"url\":\"https:\\\/\\\/exaudi.org\\\/it\\\/la-fratellanza-rende-le-persone-piu-libere-e-felici\\\/\",\"name\":\"\\\"La fratellanza rende le persone pi\u00f9 libere e felici\\\" &#8211; Exaudi\",\"isPartOf\":{\"@id\":\"https:\\\/\\\/exaudi.org\\\/#website\"},\"primaryImageOfPage\":{\"@id\":\"https:\\\/\\\/exaudi.org\\\/it\\\/la-fratellanza-rende-le-persone-piu-libere-e-felici\\\/#primaryimage\"},\"image\":{\"@id\":\"https:\\\/\\\/exaudi.org\\\/it\\\/la-fratellanza-rende-le-persone-piu-libere-e-felici\\\/#primaryimage\"},\"thumbnailUrl\":\"https:\\\/\\\/exaudi.org\\\/wp-content\\\/uploads\\\/2023\\\/03\\\/cq5dam.web_.800.800-7.jpeg\",\"datePublished\":\"2023-03-25T16:05:00+00:00\",\"author\":{\"@id\":\"https:\\\/\\\/exaudi.org\\\/#\\\/schema\\\/person\\\/e1ab6ed07c01774724dd96f925f3a5f0\"},\"breadcrumb\":{\"@id\":\"https:\\\/\\\/exaudi.org\\\/it\\\/la-fratellanza-rende-le-persone-piu-libere-e-felici\\\/#breadcrumb\"},\"inLanguage\":\"it-IT\",\"potentialAction\":[{\"@type\":\"ReadAction\",\"target\":[\"https:\\\/\\\/exaudi.org\\\/it\\\/la-fratellanza-rende-le-persone-piu-libere-e-felici\\\/\"]}]},{\"@type\":\"ImageObject\",\"inLanguage\":\"it-IT\",\"@id\":\"https:\\\/\\\/exaudi.org\\\/it\\\/la-fratellanza-rende-le-persone-piu-libere-e-felici\\\/#primaryimage\",\"url\":\"https:\\\/\\\/exaudi.org\\\/wp-content\\\/uploads\\\/2023\\\/03\\\/cq5dam.web_.800.800-7.jpeg\",\"contentUrl\":\"https:\\\/\\\/exaudi.org\\\/wp-content\\\/uploads\\\/2023\\\/03\\\/cq5dam.web_.800.800-7.jpeg\",\"width\":800,\"height\":533,\"caption\":\"Vatican Media\"},{\"@type\":\"BreadcrumbList\",\"@id\":\"https:\\\/\\\/exaudi.org\\\/it\\\/la-fratellanza-rende-le-persone-piu-libere-e-felici\\\/#breadcrumb\",\"itemListElement\":[{\"@type\":\"ListItem\",\"position\":1,\"name\":\"Portada\",\"item\":\"https:\\\/\\\/exaudi.org\\\/it\\\/\"},{\"@type\":\"ListItem\",\"position\":2,\"name\":\"&#8220;La fratellanza rende le persone pi\u00f9 libere e felici&#8221;\"}]},{\"@type\":\"WebSite\",\"@id\":\"https:\\\/\\\/exaudi.org\\\/#website\",\"url\":\"https:\\\/\\\/exaudi.org\\\/\",\"name\":\"Exaudi\",\"description\":\"News\",\"potentialAction\":[{\"@type\":\"SearchAction\",\"target\":{\"@type\":\"EntryPoint\",\"urlTemplate\":\"https:\\\/\\\/exaudi.org\\\/?s={search_term_string}\"},\"query-input\":{\"@type\":\"PropertyValueSpecification\",\"valueRequired\":true,\"valueName\":\"search_term_string\"}}],\"inLanguage\":\"it-IT\"},{\"@type\":\"Person\",\"@id\":\"https:\\\/\\\/exaudi.org\\\/#\\\/schema\\\/person\\\/e1ab6ed07c01774724dd96f925f3a5f0\",\"name\":\"Exaudi Redazione\",\"image\":{\"@type\":\"ImageObject\",\"inLanguage\":\"it-IT\",\"@id\":\"https:\\\/\\\/secure.gravatar.com\\\/avatar\\\/ad6774b3ada023bf5b939d64f45c94b3adf91502dd883507d469b4308a943bb3?s=96&d=mm&r=g\",\"url\":\"https:\\\/\\\/secure.gravatar.com\\\/avatar\\\/ad6774b3ada023bf5b939d64f45c94b3adf91502dd883507d469b4308a943bb3?s=96&d=mm&r=g\",\"contentUrl\":\"https:\\\/\\\/secure.gravatar.com\\\/avatar\\\/ad6774b3ada023bf5b939d64f45c94b3adf91502dd883507d469b4308a943bb3?s=96&d=mm&r=g\",\"caption\":\"Exaudi Redazione\"},\"description\":\"Che cosa \u00e8 Exaudi News? Exaudi News \u00e8 un agenzia cattolica internazionale che informa, istruisce e trasforma quotidianamente in spagnolo, inglese e italiano. Attraverso notizie, articoli di analisi e trasmissioni in diretta degli eventi del Papa, Exaudi cerca di rafforzare l'unit\u00e0 dei cristiani e di contribuire all'evangelizzazione del mondo, sempre guidato dalla dottrina sociale della Chiesa. Lavoriamo per portare la verit\u00e0 e i valori cristiani in ogni angolo del pianeta. Aiutaci a trasformare il mondo con Exaudi! Noi di Exaudi crediamo che l'evangelizzazione e l'informazione di qualit\u00e0 possano cambiare la vita. Per continuare la nostra missione ed espandere la nostra portata, abbiamo bisogno del tuo aiuto. Stiamo anche cercando persone motivate che vogliano unirsi al nostro team. Grazie al vostro sostegno raggiungeremo pi\u00f9 persone, diffonderemo il messaggio di Cristo e rafforzeremo l'unit\u00e0 dei cristiani. Vuoi unirti alla nostra missione? Per maggiori informazioni su come contribuire, visita Exaudi.org\\\/it o contattaci direttamente: info@exaudi.org Exaudi: informa, forma e trasforma.\",\"sameAs\":[\"https:\\\/\\\/www.facebook.com\\\/ExaudiNotizie\\\/\",\"https:\\\/\\\/www.instagram.com\\\/Exaudi_notizie\\\/\",\"https:\\\/\\\/x.com\\\/Exaudi_Notizie\",\"https:\\\/\\\/www.youtube.com\\\/@exaudicatholicnews\"],\"url\":\"https:\\\/\\\/exaudi.org\\\/it\\\/author\\\/dlvedi-org\\\/\"}]}<\/script>\n<!-- \/ Yoast SEO plugin. -->","yoast_head_json":{"title":"\"La fratellanza rende le persone pi\u00f9 libere e felici\" &#8211; Exaudi","robots":{"index":"index","follow":"follow","max-snippet":"max-snippet:-1","max-image-preview":"max-image-preview:large","max-video-preview":"max-video-preview:-1"},"canonical":"https:\/\/exaudi.org\/it\/la-fratellanza-rende-le-persone-piu-libere-e-felici\/","og_locale":"it_IT","og_type":"article","og_title":"\"La fratellanza rende le persone pi\u00f9 libere e felici\" &#8211; Exaudi","og_description":"Udienza ai fedeli dalle Parrocchie di Rho (Milano)","og_url":"https:\/\/exaudi.org\/it\/la-fratellanza-rende-le-persone-piu-libere-e-felici\/","og_site_name":"Exaudi","article_publisher":"https:\/\/www.facebook.com\/ExaudiNews","article_author":"https:\/\/www.facebook.com\/ExaudiNotizie\/","article_published_time":"2023-03-25T16:05:00+00:00","og_image":[{"width":800,"height":533,"url":"https:\/\/exaudi.org\/wp-content\/uploads\/2023\/03\/cq5dam.web_.800.800-7.jpeg","type":"image\/jpeg"}],"author":"Exaudi Redazione","twitter_card":"summary_large_image","twitter_creator":"@Exaudi_Notizie","twitter_site":"@Exaudi_News","twitter_misc":{"Scritto da":"Exaudi Redazione","Tempo di lettura stimato":"8 minuti"},"schema":{"@context":"https:\/\/schema.org","@graph":[{"@type":"Article","@id":"https:\/\/exaudi.org\/it\/la-fratellanza-rende-le-persone-piu-libere-e-felici\/#article","isPartOf":{"@id":"https:\/\/exaudi.org\/it\/la-fratellanza-rende-le-persone-piu-libere-e-felici\/"},"author":{"name":"Exaudi Redazione","@id":"https:\/\/exaudi.org\/#\/schema\/person\/e1ab6ed07c01774724dd96f925f3a5f0"},"headline":"&#8220;La fratellanza rende le persone pi\u00f9 libere e felici&#8221;","datePublished":"2023-03-25T16:05:00+00:00","mainEntityOfPage":{"@id":"https:\/\/exaudi.org\/it\/la-fratellanza-rende-le-persone-piu-libere-e-felici\/"},"wordCount":1570,"image":{"@id":"https:\/\/exaudi.org\/it\/la-fratellanza-rende-le-persone-piu-libere-e-felici\/#primaryimage"},"thumbnailUrl":"https:\/\/exaudi.org\/wp-content\/uploads\/2023\/03\/cq5dam.web_.800.800-7.jpeg","keywords":["Mons. Michele Di Tolve","Papa Francesco","Trending","udienza"],"articleSection":["Discorsi","Leone XIV"],"inLanguage":"it-IT"},{"@type":"WebPage","@id":"https:\/\/exaudi.org\/it\/la-fratellanza-rende-le-persone-piu-libere-e-felici\/","url":"https:\/\/exaudi.org\/it\/la-fratellanza-rende-le-persone-piu-libere-e-felici\/","name":"\"La fratellanza rende le persone pi\u00f9 libere e felici\" &#8211; Exaudi","isPartOf":{"@id":"https:\/\/exaudi.org\/#website"},"primaryImageOfPage":{"@id":"https:\/\/exaudi.org\/it\/la-fratellanza-rende-le-persone-piu-libere-e-felici\/#primaryimage"},"image":{"@id":"https:\/\/exaudi.org\/it\/la-fratellanza-rende-le-persone-piu-libere-e-felici\/#primaryimage"},"thumbnailUrl":"https:\/\/exaudi.org\/wp-content\/uploads\/2023\/03\/cq5dam.web_.800.800-7.jpeg","datePublished":"2023-03-25T16:05:00+00:00","author":{"@id":"https:\/\/exaudi.org\/#\/schema\/person\/e1ab6ed07c01774724dd96f925f3a5f0"},"breadcrumb":{"@id":"https:\/\/exaudi.org\/it\/la-fratellanza-rende-le-persone-piu-libere-e-felici\/#breadcrumb"},"inLanguage":"it-IT","potentialAction":[{"@type":"ReadAction","target":["https:\/\/exaudi.org\/it\/la-fratellanza-rende-le-persone-piu-libere-e-felici\/"]}]},{"@type":"ImageObject","inLanguage":"it-IT","@id":"https:\/\/exaudi.org\/it\/la-fratellanza-rende-le-persone-piu-libere-e-felici\/#primaryimage","url":"https:\/\/exaudi.org\/wp-content\/uploads\/2023\/03\/cq5dam.web_.800.800-7.jpeg","contentUrl":"https:\/\/exaudi.org\/wp-content\/uploads\/2023\/03\/cq5dam.web_.800.800-7.jpeg","width":800,"height":533,"caption":"Vatican Media"},{"@type":"BreadcrumbList","@id":"https:\/\/exaudi.org\/it\/la-fratellanza-rende-le-persone-piu-libere-e-felici\/#breadcrumb","itemListElement":[{"@type":"ListItem","position":1,"name":"Portada","item":"https:\/\/exaudi.org\/it\/"},{"@type":"ListItem","position":2,"name":"&#8220;La fratellanza rende le persone pi\u00f9 libere e felici&#8221;"}]},{"@type":"WebSite","@id":"https:\/\/exaudi.org\/#website","url":"https:\/\/exaudi.org\/","name":"Exaudi","description":"News","potentialAction":[{"@type":"SearchAction","target":{"@type":"EntryPoint","urlTemplate":"https:\/\/exaudi.org\/?s={search_term_string}"},"query-input":{"@type":"PropertyValueSpecification","valueRequired":true,"valueName":"search_term_string"}}],"inLanguage":"it-IT"},{"@type":"Person","@id":"https:\/\/exaudi.org\/#\/schema\/person\/e1ab6ed07c01774724dd96f925f3a5f0","name":"Exaudi Redazione","image":{"@type":"ImageObject","inLanguage":"it-IT","@id":"https:\/\/secure.gravatar.com\/avatar\/ad6774b3ada023bf5b939d64f45c94b3adf91502dd883507d469b4308a943bb3?s=96&d=mm&r=g","url":"https:\/\/secure.gravatar.com\/avatar\/ad6774b3ada023bf5b939d64f45c94b3adf91502dd883507d469b4308a943bb3?s=96&d=mm&r=g","contentUrl":"https:\/\/secure.gravatar.com\/avatar\/ad6774b3ada023bf5b939d64f45c94b3adf91502dd883507d469b4308a943bb3?s=96&d=mm&r=g","caption":"Exaudi Redazione"},"description":"Che cosa \u00e8 Exaudi News? Exaudi News \u00e8 un agenzia cattolica internazionale che informa, istruisce e trasforma quotidianamente in spagnolo, inglese e italiano. Attraverso notizie, articoli di analisi e trasmissioni in diretta degli eventi del Papa, Exaudi cerca di rafforzare l'unit\u00e0 dei cristiani e di contribuire all'evangelizzazione del mondo, sempre guidato dalla dottrina sociale della Chiesa. Lavoriamo per portare la verit\u00e0 e i valori cristiani in ogni angolo del pianeta. Aiutaci a trasformare il mondo con Exaudi! Noi di Exaudi crediamo che l'evangelizzazione e l'informazione di qualit\u00e0 possano cambiare la vita. Per continuare la nostra missione ed espandere la nostra portata, abbiamo bisogno del tuo aiuto. Stiamo anche cercando persone motivate che vogliano unirsi al nostro team. Grazie al vostro sostegno raggiungeremo pi\u00f9 persone, diffonderemo il messaggio di Cristo e rafforzeremo l'unit\u00e0 dei cristiani. Vuoi unirti alla nostra missione? Per maggiori informazioni su come contribuire, visita Exaudi.org\/it o contattaci direttamente: info@exaudi.org Exaudi: informa, forma e trasforma.","sameAs":["https:\/\/www.facebook.com\/ExaudiNotizie\/","https:\/\/www.instagram.com\/Exaudi_notizie\/","https:\/\/x.com\/Exaudi_Notizie","https:\/\/www.youtube.com\/@exaudicatholicnews"],"url":"https:\/\/exaudi.org\/it\/author\/dlvedi-org\/"}]}},"jetpack_featured_media_url":"https:\/\/exaudi.org\/wp-content\/uploads\/2023\/03\/cq5dam.web_.800.800-7.jpeg","jetpack_shortlink":"https:\/\/wp.me\/pgKjF2-iYG","_links":{"self":[{"href":"https:\/\/exaudi.org\/it\/wp-json\/wp\/v2\/posts\/72954","targetHints":{"allow":["GET"]}}],"collection":[{"href":"https:\/\/exaudi.org\/it\/wp-json\/wp\/v2\/posts"}],"about":[{"href":"https:\/\/exaudi.org\/it\/wp-json\/wp\/v2\/types\/post"}],"author":[{"embeddable":true,"href":"https:\/\/exaudi.org\/it\/wp-json\/wp\/v2\/users\/17"}],"replies":[{"embeddable":true,"href":"https:\/\/exaudi.org\/it\/wp-json\/wp\/v2\/comments?post=72954"}],"version-history":[{"count":0,"href":"https:\/\/exaudi.org\/it\/wp-json\/wp\/v2\/posts\/72954\/revisions"}],"wp:featuredmedia":[{"embeddable":true,"href":"https:\/\/exaudi.org\/it\/wp-json\/wp\/v2\/media\/72955"}],"wp:attachment":[{"href":"https:\/\/exaudi.org\/it\/wp-json\/wp\/v2\/media?parent=72954"}],"wp:term":[{"taxonomy":"category","embeddable":true,"href":"https:\/\/exaudi.org\/it\/wp-json\/wp\/v2\/categories?post=72954"},{"taxonomy":"post_tag","embeddable":true,"href":"https:\/\/exaudi.org\/it\/wp-json\/wp\/v2\/tags?post=72954"}],"curies":[{"name":"wp","href":"https:\/\/api.w.org\/{rel}","templated":true}]}}