{"id":72890,"date":"2023-03-23T18:20:54","date_gmt":"2023-03-23T17:20:54","guid":{"rendered":"https:\/\/exaudi.org\/?p=72890"},"modified":"2023-03-23T18:20:54","modified_gmt":"2023-03-23T17:20:54","slug":"cerchiamo-di-entrare-con-umilta-e-sapienza-societa-in-cui-viviamo-e-conoscerne-le-dinamiche","status":"publish","type":"post","link":"https:\/\/exaudi.org\/it\/cerchiamo-di-entrare-con-umilta-e-sapienza-societa-in-cui-viviamo-e-conoscerne-le-dinamiche\/","title":{"rendered":"&#8220;Cerchiamo di entrare con umilt\u00e0 e sapienza societ\u00e0 in cui viviamo e conoscerne le dinamiche&#8221;"},"content":{"rendered":"<p>Questa mattina, nel Palazzo Apostolico Vaticano, il Santo Padre Francesco ha ricevuto in Udienza i partecipanti al Convegno promosso dall\u2019Accademia Alfonsiana sul tema: \u201cSant\u2019Alfonso pastore degli ultimi e dottore della Chiesa. L\u2019attualit\u00e0 della proposta morale alfonsiana tra sfide e speranza\u201d.<\/p>\n<p>Pubblichiamo di seguito il discorso che il Papa ha rivolto ai presenti all\u2019Udienza:<\/p>\n<p><b><u>Discorso del Santo Padre<\/u><\/b><\/p>\n<p><i>Cari fratelli e sorelle, buongiorno!<\/i><\/p>\n<p>Sono lieto di accogliervi al termine del vostro Convegno sull\u2019attualit\u00e0 della proposta morale alfonsiana e alla vigilia del 75\u00b0 anniversario di fondazione del vostro Istituto Pontificio, che celebrerete il 9 febbraio del prossimo anno. Ringrazio il Preside per le sue parole e saluto il Moderatore Generale, il Rettore dell\u2019Universit\u00e0 Lateranense, i docenti, gli ufficiali e gli studenti, grato per il servizio formativo che offrite alla Chiesa nell\u2019ambito della teologia morale. Vorrei salutare anche i numerosi Professori Emeriti, che con il loro lavoro hanno lasciato un\u2019impronta nell\u2019Alfonsiana e nella Chiesa, e i tanti ex studenti che si sono formati con voi e continuano a dare il loro contributo nel Popolo di Dio. Grazie per questo prezioso servizio di formazione!<\/p>\n<p>Il\u00a0<a href=\"https:\/\/www.vatican.va\/archive\/hist_councils\/ii_vatican_council\/index_it.htm\">Concilio Vaticano II<\/a>\u00a0afferma che la teologia morale, nutrita della Sacra Scrittura, deve aiutare i fedeli a comprendere la grandezza della loro vocazione di portare nel mondo la carit\u00e0 di Cristo (cfr Decr.\u00a0<i><a href=\"https:\/\/www.vatican.va\/archive\/hist_councils\/ii_vatican_council\/documents\/vat-ii_decree_19651028_optatam-totius_it.html\">Optatam totius<\/a><\/i>, 16). Ogni proposta teologico-morale ha in ultima analisi questo fondamento: \u00e8 l\u2019amore di Dio la nostra guida, la guida delle nostre scelte personali e del nostro cammino esistenziale. Di conseguenza, teologi moralisti, missionari e confessori sono chiamati ad entrare in un rapporto vivo con il Popolo di Dio, facendosi carico specialmente del grido degli ultimi, per comprenderne le difficolt\u00e0 reali, per guardare all\u2019esistenza dalla loro angolazione e per offrire loro risposte che riflettano la luce dell\u2019amore eterno del Padre\u00a0<a class=\" cleaner\" href=\"https:\/\/www.vatican.va\/content\/francesco\/it\/speeches\/2023\/march\/documents\/20230323-accademia-alfonsiana.html#_ftn1\" name=\"_ftnref1\">[1]<\/a>. Fedeli alla tradizione alfonsiana, voi cercate di offrire una proposta di vita cristiana che, nel rispetto delle esigenze della riflessione teologica, non sia per\u00f2 una morale fredda, una morale da scrivania, direi una morale \u201ccasistica\u201d. Lo dico per esperienza, perch\u00e9 purtroppo io ho studiato una morale \u201ccasistica\u201d in quel tempo. Pensate che a noi era vietato leggere il primo libro di H\u00e4ring,\u00a0<i>La legge di Cristo<\/i>: \u201cE\u2019 eretico, non si pu\u00f2 leggere!\u201d. E ho studiato con quella morale: \u201cPeccato mortale se mancano due candele sull\u2019altare, veniale se ne manca una sola\u201d. E tutta la casistica cos\u00ec, lo dico umilmente. Grazie a Dio questo \u00e8 passato, era una morale fredda da scrivania. A voi si chiede una proposta che risponda ad un discernimento pastorale carico di amore misericordioso, rivolto a comprendere, perdonare, accompagnare e soprattutto integrare (cfr Esort. ap. postsin.\u00a0<i><a href=\"https:\/\/www.vatican.va\/content\/francesco\/it\/apost_exhortations\/documents\/papa-francesco_esortazione-ap_20160319_amoris-laetitia.html\">Amoris laetitia<\/a><\/i>, 312). Essere ecclesiale suppone questo: integrare.<\/p>\n<p>In coerenza con l\u2019opera di Sant\u2019Alfonso\u00a0<a class=\" cleaner\" href=\"https:\/\/www.vatican.va\/content\/francesco\/it\/speeches\/2023\/march\/documents\/20230323-accademia-alfonsiana.html#_ftn2\" name=\"_ftnref2\">[2]<\/a>, avete iniziato il vostro Convegno riflettendo sulla coscienza e sul dinamismo della sua formazione. Questo \u00e8 un tema importante. Infatti, nel complesso e rapido cambiamento d\u2019epoca che stiamo vivendo, solo persone dotate di una coscienza matura saranno in grado di esercitare, nella societ\u00e0, un sano protagonismo evangelico a servizio dei fratelli.<\/p>\n<p>La coscienza, del resto, \u00e8 anzitutto il luogo in cui ogni uomo \u00ab\u00e8 solo con Dio, la cui voce risuona nell\u2019intimit\u00e0\u00bb (Cost. past.\u00a0<i><a href=\"https:\/\/www.vatican.va\/archive\/hist_councils\/ii_vatican_council\/documents\/vat-ii_const_19651207_gaudium-et-spes_it.html#16\">Gaudium et spes<\/a><\/i>, 16). La parola che essa dice non \u00e8 sua, ma viene dalla Parola stessa del Creatore, che si \u00e8 fatta carne per stare con gli uomini\u00a0<a class=\" cleaner\" href=\"https:\/\/www.vatican.va\/content\/francesco\/it\/speeches\/2023\/march\/documents\/20230323-accademia-alfonsiana.html#_ftn3\" name=\"_ftnref3\">[3]<\/a>. Ed \u00e8 alla sua scuola, alla scuola del Verbo Incarnato, che ciascuno impara a dialogare con gli altri, coltivando l\u2019aspirazione a una fraternit\u00e0 universale, radicata nel riconoscimento della dignit\u00e0 inviolabile di ogni persona (cfr Enc.\u00a0<i><a href=\"https:\/\/www.vatican.va\/content\/francesco\/it\/encyclicals\/documents\/papa-francesco_20201003_enciclica-fratelli-tutti.html\">Fratelli tutti<\/a><\/i>, 8;\u00a0\u00a0<i><a href=\"https:\/\/www.vatican.va\/archive\/hist_councils\/ii_vatican_council\/documents\/vat-ii_const_19651207_gaudium-et-spes_it.html#16\">Gaudium et spes<\/a><\/i>, 16).<\/p>\n<p>Vi siete soffermati anche su alcune questioni di bioetica. In questo campo complesso vi invito a coltivare la pazienza dell\u2019ascolto e del confronto, come raccomanda Sant\u2019Alfonso per le situazioni conflittuali. Non avere paura di ascoltare. Essa sar\u00e0 fondamentale per la ricerca di soluzioni comuni, che riconoscano e garantiscano il rispetto della sacralit\u00e0 di ogni vita, in ogni condizione. Un arricchimento decisivo verr\u00e0 poi a questo ascolto dall\u2019adozione di metodi di ricerca transdisciplinari (cfr Cost. ap.\u00a0<i><a href=\"https:\/\/www.vatican.va\/content\/francesco\/it\/apost_constitutions\/documents\/papa-francesco_costituzione-ap_20171208_veritatis-gaudium.html\">Veritatis gaudium<\/a><\/i>, 4c), che permettano di accostarsi a sfide nuove con maggiore competenza e capacit\u00e0 critica, alla luce del Vangelo e dell\u2019esperienza umana (cfr\u00a0<i><a href=\"https:\/\/www.vatican.va\/archive\/hist_councils\/ii_vatican_council\/documents\/vat-ii_const_19651207_gaudium-et-spes_it.html#46\">Gaudium et spes<\/a><\/i>, 46). Solo cos\u00ec si potranno elaborare, in campo bioetico, argomenti ragionevoli e solidi, radicati nella fede, adatti a coscienze adulte e responsabili e capaci di ispirare il dibattito socio-politico. Occorre rifuggire da dinamiche estremistiche di polarizzazione, tipiche pi\u00f9 del dibattito mediatico che di una sana e fertile ricerca scientifica e teologica: applicate piuttosto il principio, sempre indicato da S. Alfonso, della \u201cvia media\u201d, che non \u00e8 un equilibrio diplomatico, no, la via media \u00e8 creativa, nasce da una creativit\u00e0 e crea. Soltanto chi ha studiato e chi si \u00e8 esercitato in questa pu\u00f2 capirlo. Non si tratta di equilibrio? No, non \u00e8 questa la via media.<\/p>\n<p><img loading=\"lazy\" decoding=\"async\" class=\"size-medium wp-image-72894 alignleft\" src=\"https:\/\/exaudi.org\/wp-content\/uploads\/2023\/03\/cq5dam.web_.800.800-1-7-300x200.jpeg\" alt=\"\" width=\"300\" height=\"200\" srcset=\"https:\/\/exaudi.org\/wp-content\/uploads\/2023\/03\/cq5dam.web_.800.800-1-7-300x200.jpeg 300w, https:\/\/exaudi.org\/wp-content\/uploads\/2023\/03\/cq5dam.web_.800.800-1-7-770x513.jpeg 770w, https:\/\/exaudi.org\/wp-content\/uploads\/2023\/03\/cq5dam.web_.800.800-1-7-360x240.jpeg?crop=1 360w, https:\/\/exaudi.org\/wp-content\/uploads\/2023\/03\/cq5dam.web_.800.800-1-7-500x333.jpeg 500w, https:\/\/exaudi.org\/wp-content\/uploads\/2023\/03\/cq5dam.web_.800.800-1-7-370x247.jpeg 370w, https:\/\/exaudi.org\/wp-content\/uploads\/2023\/03\/cq5dam.web_.800.800-1-7-293x195.jpeg 293w, https:\/\/exaudi.org\/wp-content\/uploads\/2023\/03\/cq5dam.web_.800.800-1-7-120x80.jpeg 120w, https:\/\/exaudi.org\/wp-content\/uploads\/2023\/03\/cq5dam.web_.800.800-1-7-240x160.jpeg 240w, https:\/\/exaudi.org\/wp-content\/uploads\/2023\/03\/cq5dam.web_.800.800-1-7-390x260.jpeg 390w, https:\/\/exaudi.org\/wp-content\/uploads\/2023\/03\/cq5dam.web_.800.800-1-7.jpeg 800w\" sizes=\"auto, (max-width: 300px) 100vw, 300px\" \/>La proposta bioetica dev\u2019essere attenta ai drammi reali delle persone, che spesso si trovano confuse di fronte ai dilemmi morali della vita\u00a0<a class=\" cleaner\" href=\"https:\/\/www.vatican.va\/content\/francesco\/it\/speeches\/2023\/march\/documents\/20230323-accademia-alfonsiana.html#_ftn4\" name=\"_ftnref4\">[4]<\/a>. Per questo vi raccomando di rendere accessibili i frutti del vostro lavoro usando il \u201clinguaggio del popolo\u201d ed elaborando proposte di vita morale praticabili e umanizzanti. \u201cIl linguaggio del popolo\u201d. Mi raccomando, non dimenticatevi del santo popolo fedele di Dio! Ma non a livello di pensiero, ma a partire dalle tue radici che stanno nel santo popolo di Dio; non dimenticare che tu sei stato preso dal gregge, tu sei di loro, non dimenticare l\u2019aria del popolo, il pensiero del popolo, il sentire del popolo. E questo non \u00e8 comunismo, socialismo, no! Questo \u00e8 il santo popolo fedele di Dio che \u00e8 infallibile \u201cin credendo\u201d: non dimenticare questo, lo dice il Vaticano I e poi il Vaticano II. Per stare sempre dalla parte dell\u2019essere umano concreto, usate gli strumenti della riflessione etica per costruire argini solidi, che lo difendano dalla mentalit\u00e0 dilagante dell\u2019efficientismo e dello scarto (cfr Enc.\u00a0<i><a href=\"https:\/\/www.vatican.va\/content\/francesco\/it\/encyclicals\/documents\/papa-francesco_20150524_enciclica-laudato-si.html#130\">Laudato si\u2019<\/a><\/i>, 130-136).<\/p>\n<p>Il terzo ambito del vostro convegno ha trattato questioni di morale sociale. Anche in questo ambito c\u2019\u00e8 bisogno oggi di una solida riflessione. La crisi ambientale, la transizione ecologica, la guerra, un sistema finanziario capace di condizionare la vita delle persone fino a creare nuovi schiavi, la sfida di costruire fratellanza tra le persone e tra i popoli: questi temi devono stimolarci alla ricerca e al dialogo.<\/p>\n<h2><strong>Umilt\u00e0 e sapienza<\/strong><\/h2>\n<p>\u00abIl Signore \u00e8 il fine della storia\u00bb (<i><a href=\"https:\/\/www.vatican.va\/archive\/hist_councils\/ii_vatican_council\/documents\/vat-ii_const_19651207_gaudium-et-spes_it.html#45\">Gaudium et spes<\/a><\/i>, 45) e il genere umano, rinnovato in Cristo, \u00e8 destinato a crescere come famiglia di Dio (cfr\u00a0<i>ibid<\/i>., 40). Questa \u00e8 la meta del nostro lavoro! Cerchiamo allora di entrare con umilt\u00e0 e sapienza nel tessuto complesso della societ\u00e0 in cui viviamo, per conoscerne bene le dinamiche e proporre agli uomini e alle donne del nostro tempo cammini adeguati di maturazione in questa direzione (cfr\u00a0<i><a href=\"https:\/\/www.vatican.va\/archive\/hist_councils\/ii_vatican_council\/documents\/vat-ii_const_19651207_gaudium-et-spes_it.html\">Gaudium et spes<\/a><\/i>, 26). E parlo di cammino, cammini adeguati, non soluzioni matematiche, cammini adeguati. I problemi si risolvono camminando ecclesialmente come popolo di Dio. E camminare con le persone nello stato morale in cui stanno. Camminare con loro e cercare una via per risolvere i loro problemi, ma camminare, non seduti come dottori che con il dito alzato condannano senza preoccuparsi. Negli ultimi anni abbiamo affrontato questioni morali gravi come le migrazioni e la pedofilia; oggi vediamo l\u2019urgenza di aggiungerne altre, come i profitti concentrati nelle mani di pochi e la divisione dei poteri globali. Accogliamo anche queste sfide con fiducia, pronti a \u00abrendere ragione della speranza che \u00e8 in noi\u00bb (cfr\u00a0<i>1 Pt<\/i>\u00a03,14).<\/p>\n<p>In conclusione, dalla Pontificia Accademia Alfonsiana la Chiesa si attende che sappia conciliare rigore scientifico e vicinanza al santo Popolo fedele di Dio, che dia risposte concrete a problemi reali, che accompagni e che formuli proposte morali umane, attente alla Verit\u00e0 salvifica e al bene delle persone. Sant\u2019Alfonso \u00e8 stato un creatore della vita morale e ha fatto delle proposte\u2026 \u201cMa \u00e8 un grande teologo\u201d. S\u00ec ma era capace \u2013 in questi giorni ho ascoltato i canti che voi mi avete regalato a Natale \u2013 era capace anche di scrivere quelle cose! Come si spiega? Questa \u00e8 la strada, questa \u00e8 la bellezza dell\u2019anima, la delicatezza, questa \u00e8 l\u2019appartenenza al popolo di Dio che mai va negoziata, mai. Lo Spirito Santo vi aiuti ad essere formatori di coscienze, maestri di quella speranza che apre il cuore e conduce a Dio. Vi benedico di cuore, vi ringrazio tanto per il vostro lavoro, e vi chiedo, per favore, di pregare per me. Grazie.<\/p>\n<div>\n<hr align=\"left\" size=\"1\" width=\"33%\" \/>\n<div>\n<p><a class=\" cleaner\" href=\"https:\/\/www.vatican.va\/content\/francesco\/it\/speeches\/2023\/march\/documents\/20230323-accademia-alfonsiana.html#_ftnref1\" name=\"_ftn1\">[1]<\/a>\u00a0Cfr\u00a0<i><a href=\"https:\/\/www.vatican.va\/content\/francesco\/it\/messages\/pont-messages\/2021\/documents\/papa-francesco_20210323_messaggio-santalfonso.html\">Messaggio di per il 150\u00b0 anniversario della proclamazione di Sant\u2019Alfonso a Dottore della Chiesa<\/a><\/i>, 23 marzo 2021<\/p>\n<p><a class=\" cleaner\" href=\"https:\/\/www.vatican.va\/content\/francesco\/it\/speeches\/2023\/march\/documents\/20230323-accademia-alfonsiana.html#_ftnref2\" name=\"_ftn2\">[2]<\/a>\u00a0Cfr specialmente Alfondo Maria de\u2019 Liguori,\u00a0<i>Trattato sulla coscienza<\/i>.<\/p>\n<p><a class=\" cleaner\" href=\"https:\/\/www.vatican.va\/content\/francesco\/it\/speeches\/2023\/march\/documents\/20230323-accademia-alfonsiana.html#_ftnref3\" name=\"_ftn3\">[3]<\/a>\u00a0Cfr B. H\u00e4ring,\u00a0<i>Liberi e fedeli in Cristo<\/i>, I, 1994, 268.<\/p>\n<p><a class=\" cleaner\" href=\"https:\/\/www.vatican.va\/content\/francesco\/it\/speeches\/2023\/march\/documents\/20230323-accademia-alfonsiana.html#_ftnref4\" name=\"_ftn4\">[4]<\/a>\u00a0Cfr\u00a0<i><a href=\"https:\/\/www.vatican.va\/content\/francesco\/it\/speeches\/2019\/february\/documents\/papa-francesco_20190209_accademia-alfonsiana.html\">Discorso ai docenti e studenti dell\u2019Alfonsianum<\/a><\/i>, 9 febbraio 2019.<\/p>\n<\/div>\n<\/div>\n","protected":false},"excerpt":{"rendered":"<p>Il Papa richieste al convegno promosso dall\u2019Accademia Alfonsiana<\/p>\n","protected":false},"author":17,"featured_media":72891,"comment_status":"closed","ping_status":"closed","sticky":false,"template":"","format":"standard","meta":{"_acf_changed":false,"_crdt_document":"","inline_featured_image":false,"footnotes":""},"categories":[123,67],"tags":[251,4952,1843],"class_list":["post-72890","post","type-post","status-publish","format-standard","has-post-thumbnail","hentry","category-discorsi","category-leone-xiv","tag-papa-francesco","tag-trending-it","tag-udienza"],"acf":[],"yoast_head":"<!-- This site is optimized with the Yoast SEO plugin v27.5 - https:\/\/yoast.com\/product\/yoast-seo-wordpress\/ -->\n<title>&quot;Cerchiamo di entrare con umilt\u00e0 e sapienza societ\u00e0 in cui viviamo e conoscerne le dinamiche&quot; &#8211; Exaudi<\/title>\n<meta name=\"robots\" content=\"index, follow, max-snippet:-1, max-image-preview:large, max-video-preview:-1\" \/>\n<link rel=\"canonical\" href=\"https:\/\/exaudi.org\/it\/cerchiamo-di-entrare-con-umilta-e-sapienza-societa-in-cui-viviamo-e-conoscerne-le-dinamiche\/\" \/>\n<meta property=\"og:locale\" content=\"it_IT\" \/>\n<meta property=\"og:type\" content=\"article\" \/>\n<meta property=\"og:title\" content=\"&quot;Cerchiamo di entrare con umilt\u00e0 e sapienza societ\u00e0 in cui viviamo e conoscerne le dinamiche&quot; &#8211; Exaudi\" \/>\n<meta property=\"og:description\" content=\"Il Papa richieste al convegno promosso dall\u2019Accademia Alfonsiana\" \/>\n<meta property=\"og:url\" content=\"https:\/\/exaudi.org\/it\/cerchiamo-di-entrare-con-umilta-e-sapienza-societa-in-cui-viviamo-e-conoscerne-le-dinamiche\/\" \/>\n<meta property=\"og:site_name\" content=\"Exaudi\" \/>\n<meta property=\"article:publisher\" content=\"https:\/\/www.facebook.com\/ExaudiNews\" \/>\n<meta property=\"article:author\" content=\"https:\/\/www.facebook.com\/ExaudiNotizie\/\" \/>\n<meta property=\"article:published_time\" content=\"2023-03-23T17:20:54+00:00\" \/>\n<meta property=\"og:image\" content=\"https:\/\/exaudi.org\/wp-content\/uploads\/2023\/03\/cq5dam.web_.800.800-6.jpeg\" \/>\n\t<meta property=\"og:image:width\" content=\"800\" \/>\n\t<meta property=\"og:image:height\" content=\"533\" \/>\n\t<meta property=\"og:image:type\" content=\"image\/jpeg\" \/>\n<meta name=\"author\" content=\"Exaudi Redazione\" \/>\n<meta name=\"twitter:card\" content=\"summary_large_image\" \/>\n<meta name=\"twitter:creator\" content=\"@Exaudi_Notizie\" \/>\n<meta name=\"twitter:site\" content=\"@Exaudi_News\" \/>\n<meta name=\"twitter:label1\" content=\"Scritto da\" \/>\n\t<meta name=\"twitter:data1\" content=\"Exaudi Redazione\" \/>\n\t<meta name=\"twitter:label2\" content=\"Tempo di lettura stimato\" \/>\n\t<meta name=\"twitter:data2\" content=\"7 minuti\" \/>\n<script type=\"application\/ld+json\" class=\"yoast-schema-graph\">{\"@context\":\"https:\\\/\\\/schema.org\",\"@graph\":[{\"@type\":\"Article\",\"@id\":\"https:\\\/\\\/exaudi.org\\\/it\\\/cerchiamo-di-entrare-con-umilta-e-sapienza-societa-in-cui-viviamo-e-conoscerne-le-dinamiche\\\/#article\",\"isPartOf\":{\"@id\":\"https:\\\/\\\/exaudi.org\\\/it\\\/cerchiamo-di-entrare-con-umilta-e-sapienza-societa-in-cui-viviamo-e-conoscerne-le-dinamiche\\\/\"},\"author\":{\"name\":\"Exaudi Redazione\",\"@id\":\"https:\\\/\\\/exaudi.org\\\/#\\\/schema\\\/person\\\/e1ab6ed07c01774724dd96f925f3a5f0\"},\"headline\":\"&#8220;Cerchiamo di entrare con umilt\u00e0 e sapienza societ\u00e0 in cui viviamo e conoscerne le dinamiche&#8221;\",\"datePublished\":\"2023-03-23T17:20:54+00:00\",\"mainEntityOfPage\":{\"@id\":\"https:\\\/\\\/exaudi.org\\\/it\\\/cerchiamo-di-entrare-con-umilta-e-sapienza-societa-in-cui-viviamo-e-conoscerne-le-dinamiche\\\/\"},\"wordCount\":1447,\"image\":{\"@id\":\"https:\\\/\\\/exaudi.org\\\/it\\\/cerchiamo-di-entrare-con-umilta-e-sapienza-societa-in-cui-viviamo-e-conoscerne-le-dinamiche\\\/#primaryimage\"},\"thumbnailUrl\":\"https:\\\/\\\/exaudi.org\\\/wp-content\\\/uploads\\\/2023\\\/03\\\/cq5dam.web_.800.800-6.jpeg\",\"keywords\":[\"Papa Francesco\",\"Trending\",\"udienza\"],\"articleSection\":[\"Discorsi\",\"Leone XIV\"],\"inLanguage\":\"it-IT\"},{\"@type\":\"WebPage\",\"@id\":\"https:\\\/\\\/exaudi.org\\\/it\\\/cerchiamo-di-entrare-con-umilta-e-sapienza-societa-in-cui-viviamo-e-conoscerne-le-dinamiche\\\/\",\"url\":\"https:\\\/\\\/exaudi.org\\\/it\\\/cerchiamo-di-entrare-con-umilta-e-sapienza-societa-in-cui-viviamo-e-conoscerne-le-dinamiche\\\/\",\"name\":\"\\\"Cerchiamo di entrare con umilt\u00e0 e sapienza societ\u00e0 in cui viviamo e conoscerne le dinamiche\\\" &#8211; Exaudi\",\"isPartOf\":{\"@id\":\"https:\\\/\\\/exaudi.org\\\/#website\"},\"primaryImageOfPage\":{\"@id\":\"https:\\\/\\\/exaudi.org\\\/it\\\/cerchiamo-di-entrare-con-umilta-e-sapienza-societa-in-cui-viviamo-e-conoscerne-le-dinamiche\\\/#primaryimage\"},\"image\":{\"@id\":\"https:\\\/\\\/exaudi.org\\\/it\\\/cerchiamo-di-entrare-con-umilta-e-sapienza-societa-in-cui-viviamo-e-conoscerne-le-dinamiche\\\/#primaryimage\"},\"thumbnailUrl\":\"https:\\\/\\\/exaudi.org\\\/wp-content\\\/uploads\\\/2023\\\/03\\\/cq5dam.web_.800.800-6.jpeg\",\"datePublished\":\"2023-03-23T17:20:54+00:00\",\"author\":{\"@id\":\"https:\\\/\\\/exaudi.org\\\/#\\\/schema\\\/person\\\/e1ab6ed07c01774724dd96f925f3a5f0\"},\"breadcrumb\":{\"@id\":\"https:\\\/\\\/exaudi.org\\\/it\\\/cerchiamo-di-entrare-con-umilta-e-sapienza-societa-in-cui-viviamo-e-conoscerne-le-dinamiche\\\/#breadcrumb\"},\"inLanguage\":\"it-IT\",\"potentialAction\":[{\"@type\":\"ReadAction\",\"target\":[\"https:\\\/\\\/exaudi.org\\\/it\\\/cerchiamo-di-entrare-con-umilta-e-sapienza-societa-in-cui-viviamo-e-conoscerne-le-dinamiche\\\/\"]}]},{\"@type\":\"ImageObject\",\"inLanguage\":\"it-IT\",\"@id\":\"https:\\\/\\\/exaudi.org\\\/it\\\/cerchiamo-di-entrare-con-umilta-e-sapienza-societa-in-cui-viviamo-e-conoscerne-le-dinamiche\\\/#primaryimage\",\"url\":\"https:\\\/\\\/exaudi.org\\\/wp-content\\\/uploads\\\/2023\\\/03\\\/cq5dam.web_.800.800-6.jpeg\",\"contentUrl\":\"https:\\\/\\\/exaudi.org\\\/wp-content\\\/uploads\\\/2023\\\/03\\\/cq5dam.web_.800.800-6.jpeg\",\"width\":800,\"height\":533,\"caption\":\"Vatican Media\"},{\"@type\":\"BreadcrumbList\",\"@id\":\"https:\\\/\\\/exaudi.org\\\/it\\\/cerchiamo-di-entrare-con-umilta-e-sapienza-societa-in-cui-viviamo-e-conoscerne-le-dinamiche\\\/#breadcrumb\",\"itemListElement\":[{\"@type\":\"ListItem\",\"position\":1,\"name\":\"Portada\",\"item\":\"https:\\\/\\\/exaudi.org\\\/it\\\/\"},{\"@type\":\"ListItem\",\"position\":2,\"name\":\"&#8220;Cerchiamo di entrare con umilt\u00e0 e sapienza societ\u00e0 in cui viviamo e conoscerne le dinamiche&#8221;\"}]},{\"@type\":\"WebSite\",\"@id\":\"https:\\\/\\\/exaudi.org\\\/#website\",\"url\":\"https:\\\/\\\/exaudi.org\\\/\",\"name\":\"Exaudi\",\"description\":\"News\",\"potentialAction\":[{\"@type\":\"SearchAction\",\"target\":{\"@type\":\"EntryPoint\",\"urlTemplate\":\"https:\\\/\\\/exaudi.org\\\/?s={search_term_string}\"},\"query-input\":{\"@type\":\"PropertyValueSpecification\",\"valueRequired\":true,\"valueName\":\"search_term_string\"}}],\"inLanguage\":\"it-IT\"},{\"@type\":\"Person\",\"@id\":\"https:\\\/\\\/exaudi.org\\\/#\\\/schema\\\/person\\\/e1ab6ed07c01774724dd96f925f3a5f0\",\"name\":\"Exaudi Redazione\",\"image\":{\"@type\":\"ImageObject\",\"inLanguage\":\"it-IT\",\"@id\":\"https:\\\/\\\/secure.gravatar.com\\\/avatar\\\/ad6774b3ada023bf5b939d64f45c94b3adf91502dd883507d469b4308a943bb3?s=96&d=mm&r=g\",\"url\":\"https:\\\/\\\/secure.gravatar.com\\\/avatar\\\/ad6774b3ada023bf5b939d64f45c94b3adf91502dd883507d469b4308a943bb3?s=96&d=mm&r=g\",\"contentUrl\":\"https:\\\/\\\/secure.gravatar.com\\\/avatar\\\/ad6774b3ada023bf5b939d64f45c94b3adf91502dd883507d469b4308a943bb3?s=96&d=mm&r=g\",\"caption\":\"Exaudi Redazione\"},\"description\":\"Che cosa \u00e8 Exaudi News? Exaudi News \u00e8 un agenzia cattolica internazionale che informa, istruisce e trasforma quotidianamente in spagnolo, inglese e italiano. Attraverso notizie, articoli di analisi e trasmissioni in diretta degli eventi del Papa, Exaudi cerca di rafforzare l'unit\u00e0 dei cristiani e di contribuire all'evangelizzazione del mondo, sempre guidato dalla dottrina sociale della Chiesa. Lavoriamo per portare la verit\u00e0 e i valori cristiani in ogni angolo del pianeta. Aiutaci a trasformare il mondo con Exaudi! Noi di Exaudi crediamo che l'evangelizzazione e l'informazione di qualit\u00e0 possano cambiare la vita. Per continuare la nostra missione ed espandere la nostra portata, abbiamo bisogno del tuo aiuto. Stiamo anche cercando persone motivate che vogliano unirsi al nostro team. Grazie al vostro sostegno raggiungeremo pi\u00f9 persone, diffonderemo il messaggio di Cristo e rafforzeremo l'unit\u00e0 dei cristiani. Vuoi unirti alla nostra missione? Per maggiori informazioni su come contribuire, visita Exaudi.org\\\/it o contattaci direttamente: info@exaudi.org Exaudi: informa, forma e trasforma.\",\"sameAs\":[\"https:\\\/\\\/www.facebook.com\\\/ExaudiNotizie\\\/\",\"https:\\\/\\\/www.instagram.com\\\/Exaudi_notizie\\\/\",\"https:\\\/\\\/x.com\\\/Exaudi_Notizie\",\"https:\\\/\\\/www.youtube.com\\\/@exaudicatholicnews\"],\"url\":\"https:\\\/\\\/exaudi.org\\\/it\\\/author\\\/dlvedi-org\\\/\"}]}<\/script>\n<!-- \/ Yoast SEO plugin. -->","yoast_head_json":{"title":"\"Cerchiamo di entrare con umilt\u00e0 e sapienza societ\u00e0 in cui viviamo e conoscerne le dinamiche\" &#8211; Exaudi","robots":{"index":"index","follow":"follow","max-snippet":"max-snippet:-1","max-image-preview":"max-image-preview:large","max-video-preview":"max-video-preview:-1"},"canonical":"https:\/\/exaudi.org\/it\/cerchiamo-di-entrare-con-umilta-e-sapienza-societa-in-cui-viviamo-e-conoscerne-le-dinamiche\/","og_locale":"it_IT","og_type":"article","og_title":"\"Cerchiamo di entrare con umilt\u00e0 e sapienza societ\u00e0 in cui viviamo e conoscerne le dinamiche\" &#8211; Exaudi","og_description":"Il Papa richieste al convegno promosso dall\u2019Accademia Alfonsiana","og_url":"https:\/\/exaudi.org\/it\/cerchiamo-di-entrare-con-umilta-e-sapienza-societa-in-cui-viviamo-e-conoscerne-le-dinamiche\/","og_site_name":"Exaudi","article_publisher":"https:\/\/www.facebook.com\/ExaudiNews","article_author":"https:\/\/www.facebook.com\/ExaudiNotizie\/","article_published_time":"2023-03-23T17:20:54+00:00","og_image":[{"width":800,"height":533,"url":"https:\/\/exaudi.org\/wp-content\/uploads\/2023\/03\/cq5dam.web_.800.800-6.jpeg","type":"image\/jpeg"}],"author":"Exaudi Redazione","twitter_card":"summary_large_image","twitter_creator":"@Exaudi_Notizie","twitter_site":"@Exaudi_News","twitter_misc":{"Scritto da":"Exaudi Redazione","Tempo di lettura stimato":"7 minuti"},"schema":{"@context":"https:\/\/schema.org","@graph":[{"@type":"Article","@id":"https:\/\/exaudi.org\/it\/cerchiamo-di-entrare-con-umilta-e-sapienza-societa-in-cui-viviamo-e-conoscerne-le-dinamiche\/#article","isPartOf":{"@id":"https:\/\/exaudi.org\/it\/cerchiamo-di-entrare-con-umilta-e-sapienza-societa-in-cui-viviamo-e-conoscerne-le-dinamiche\/"},"author":{"name":"Exaudi Redazione","@id":"https:\/\/exaudi.org\/#\/schema\/person\/e1ab6ed07c01774724dd96f925f3a5f0"},"headline":"&#8220;Cerchiamo di entrare con umilt\u00e0 e sapienza societ\u00e0 in cui viviamo e conoscerne le dinamiche&#8221;","datePublished":"2023-03-23T17:20:54+00:00","mainEntityOfPage":{"@id":"https:\/\/exaudi.org\/it\/cerchiamo-di-entrare-con-umilta-e-sapienza-societa-in-cui-viviamo-e-conoscerne-le-dinamiche\/"},"wordCount":1447,"image":{"@id":"https:\/\/exaudi.org\/it\/cerchiamo-di-entrare-con-umilta-e-sapienza-societa-in-cui-viviamo-e-conoscerne-le-dinamiche\/#primaryimage"},"thumbnailUrl":"https:\/\/exaudi.org\/wp-content\/uploads\/2023\/03\/cq5dam.web_.800.800-6.jpeg","keywords":["Papa Francesco","Trending","udienza"],"articleSection":["Discorsi","Leone XIV"],"inLanguage":"it-IT"},{"@type":"WebPage","@id":"https:\/\/exaudi.org\/it\/cerchiamo-di-entrare-con-umilta-e-sapienza-societa-in-cui-viviamo-e-conoscerne-le-dinamiche\/","url":"https:\/\/exaudi.org\/it\/cerchiamo-di-entrare-con-umilta-e-sapienza-societa-in-cui-viviamo-e-conoscerne-le-dinamiche\/","name":"\"Cerchiamo di entrare con umilt\u00e0 e sapienza societ\u00e0 in cui viviamo e conoscerne le dinamiche\" &#8211; Exaudi","isPartOf":{"@id":"https:\/\/exaudi.org\/#website"},"primaryImageOfPage":{"@id":"https:\/\/exaudi.org\/it\/cerchiamo-di-entrare-con-umilta-e-sapienza-societa-in-cui-viviamo-e-conoscerne-le-dinamiche\/#primaryimage"},"image":{"@id":"https:\/\/exaudi.org\/it\/cerchiamo-di-entrare-con-umilta-e-sapienza-societa-in-cui-viviamo-e-conoscerne-le-dinamiche\/#primaryimage"},"thumbnailUrl":"https:\/\/exaudi.org\/wp-content\/uploads\/2023\/03\/cq5dam.web_.800.800-6.jpeg","datePublished":"2023-03-23T17:20:54+00:00","author":{"@id":"https:\/\/exaudi.org\/#\/schema\/person\/e1ab6ed07c01774724dd96f925f3a5f0"},"breadcrumb":{"@id":"https:\/\/exaudi.org\/it\/cerchiamo-di-entrare-con-umilta-e-sapienza-societa-in-cui-viviamo-e-conoscerne-le-dinamiche\/#breadcrumb"},"inLanguage":"it-IT","potentialAction":[{"@type":"ReadAction","target":["https:\/\/exaudi.org\/it\/cerchiamo-di-entrare-con-umilta-e-sapienza-societa-in-cui-viviamo-e-conoscerne-le-dinamiche\/"]}]},{"@type":"ImageObject","inLanguage":"it-IT","@id":"https:\/\/exaudi.org\/it\/cerchiamo-di-entrare-con-umilta-e-sapienza-societa-in-cui-viviamo-e-conoscerne-le-dinamiche\/#primaryimage","url":"https:\/\/exaudi.org\/wp-content\/uploads\/2023\/03\/cq5dam.web_.800.800-6.jpeg","contentUrl":"https:\/\/exaudi.org\/wp-content\/uploads\/2023\/03\/cq5dam.web_.800.800-6.jpeg","width":800,"height":533,"caption":"Vatican Media"},{"@type":"BreadcrumbList","@id":"https:\/\/exaudi.org\/it\/cerchiamo-di-entrare-con-umilta-e-sapienza-societa-in-cui-viviamo-e-conoscerne-le-dinamiche\/#breadcrumb","itemListElement":[{"@type":"ListItem","position":1,"name":"Portada","item":"https:\/\/exaudi.org\/it\/"},{"@type":"ListItem","position":2,"name":"&#8220;Cerchiamo di entrare con umilt\u00e0 e sapienza societ\u00e0 in cui viviamo e conoscerne le dinamiche&#8221;"}]},{"@type":"WebSite","@id":"https:\/\/exaudi.org\/#website","url":"https:\/\/exaudi.org\/","name":"Exaudi","description":"News","potentialAction":[{"@type":"SearchAction","target":{"@type":"EntryPoint","urlTemplate":"https:\/\/exaudi.org\/?s={search_term_string}"},"query-input":{"@type":"PropertyValueSpecification","valueRequired":true,"valueName":"search_term_string"}}],"inLanguage":"it-IT"},{"@type":"Person","@id":"https:\/\/exaudi.org\/#\/schema\/person\/e1ab6ed07c01774724dd96f925f3a5f0","name":"Exaudi Redazione","image":{"@type":"ImageObject","inLanguage":"it-IT","@id":"https:\/\/secure.gravatar.com\/avatar\/ad6774b3ada023bf5b939d64f45c94b3adf91502dd883507d469b4308a943bb3?s=96&d=mm&r=g","url":"https:\/\/secure.gravatar.com\/avatar\/ad6774b3ada023bf5b939d64f45c94b3adf91502dd883507d469b4308a943bb3?s=96&d=mm&r=g","contentUrl":"https:\/\/secure.gravatar.com\/avatar\/ad6774b3ada023bf5b939d64f45c94b3adf91502dd883507d469b4308a943bb3?s=96&d=mm&r=g","caption":"Exaudi Redazione"},"description":"Che cosa \u00e8 Exaudi News? Exaudi News \u00e8 un agenzia cattolica internazionale che informa, istruisce e trasforma quotidianamente in spagnolo, inglese e italiano. Attraverso notizie, articoli di analisi e trasmissioni in diretta degli eventi del Papa, Exaudi cerca di rafforzare l'unit\u00e0 dei cristiani e di contribuire all'evangelizzazione del mondo, sempre guidato dalla dottrina sociale della Chiesa. Lavoriamo per portare la verit\u00e0 e i valori cristiani in ogni angolo del pianeta. Aiutaci a trasformare il mondo con Exaudi! Noi di Exaudi crediamo che l'evangelizzazione e l'informazione di qualit\u00e0 possano cambiare la vita. Per continuare la nostra missione ed espandere la nostra portata, abbiamo bisogno del tuo aiuto. Stiamo anche cercando persone motivate che vogliano unirsi al nostro team. Grazie al vostro sostegno raggiungeremo pi\u00f9 persone, diffonderemo il messaggio di Cristo e rafforzeremo l'unit\u00e0 dei cristiani. Vuoi unirti alla nostra missione? Per maggiori informazioni su come contribuire, visita Exaudi.org\/it o contattaci direttamente: info@exaudi.org Exaudi: informa, forma e trasforma.","sameAs":["https:\/\/www.facebook.com\/ExaudiNotizie\/","https:\/\/www.instagram.com\/Exaudi_notizie\/","https:\/\/x.com\/Exaudi_Notizie","https:\/\/www.youtube.com\/@exaudicatholicnews"],"url":"https:\/\/exaudi.org\/it\/author\/dlvedi-org\/"}]}},"jetpack_featured_media_url":"https:\/\/exaudi.org\/wp-content\/uploads\/2023\/03\/cq5dam.web_.800.800-6.jpeg","jetpack_shortlink":"https:\/\/wp.me\/pgKjF2-iXE","_links":{"self":[{"href":"https:\/\/exaudi.org\/it\/wp-json\/wp\/v2\/posts\/72890","targetHints":{"allow":["GET"]}}],"collection":[{"href":"https:\/\/exaudi.org\/it\/wp-json\/wp\/v2\/posts"}],"about":[{"href":"https:\/\/exaudi.org\/it\/wp-json\/wp\/v2\/types\/post"}],"author":[{"embeddable":true,"href":"https:\/\/exaudi.org\/it\/wp-json\/wp\/v2\/users\/17"}],"replies":[{"embeddable":true,"href":"https:\/\/exaudi.org\/it\/wp-json\/wp\/v2\/comments?post=72890"}],"version-history":[{"count":0,"href":"https:\/\/exaudi.org\/it\/wp-json\/wp\/v2\/posts\/72890\/revisions"}],"wp:featuredmedia":[{"embeddable":true,"href":"https:\/\/exaudi.org\/it\/wp-json\/wp\/v2\/media\/72891"}],"wp:attachment":[{"href":"https:\/\/exaudi.org\/it\/wp-json\/wp\/v2\/media?parent=72890"}],"wp:term":[{"taxonomy":"category","embeddable":true,"href":"https:\/\/exaudi.org\/it\/wp-json\/wp\/v2\/categories?post=72890"},{"taxonomy":"post_tag","embeddable":true,"href":"https:\/\/exaudi.org\/it\/wp-json\/wp\/v2\/tags?post=72890"}],"curies":[{"name":"wp","href":"https:\/\/api.w.org\/{rel}","templated":true}]}}