{"id":72882,"date":"2023-03-23T17:30:14","date_gmt":"2023-03-23T16:30:14","guid":{"rendered":"https:\/\/exaudi.org\/?p=72882"},"modified":"2023-03-23T17:30:14","modified_gmt":"2023-03-23T16:30:14","slug":"siete-per-missione-costruttori-di-relazioni-di-incontro-di-dialogo","status":"publish","type":"post","link":"https:\/\/exaudi.org\/it\/siete-per-missione-costruttori-di-relazioni-di-incontro-di-dialogo\/","title":{"rendered":"&#8220;Siete per missione costruttori di relazioni, di incontro, di dialogo&#8221;"},"content":{"rendered":"<p>Questa mattina, nel Palazzo Apostolico Vaticano, il Santo Padre Francesco ha ricevuto in Udienza i partecipanti all\u2019Assemblea Plenaria della Commissione degli Episcopati dell\u2019Unione Europea (COMECE) che ha luogo a Roma dal 22 al 24 marzo.<\/p>\n<p>Pubblichiamo di seguito il discorso che il Papa ha rivolto ai partecipanti all\u2019Udienza:<\/p>\n<p><b><u>Discorso del Santo Padre<\/u><\/b><\/p>\n<p>Cari fratelli e sorelle, buongiorno, benvenuti!<\/p>\n<p>Ringrazio il neo-Presidente e gli auguro ogni bene per il suo servizio. Al Cardinale Hollerich va la mia sentita riconoscenza. Lui mai si ferma, mai si ferma! E saluto tutti voi e vi ringrazio per il vostro lavoro, impegnativo anche appassionante, se non ci si arena nella burocrazia e si tiene lo sguardo alto sull\u2019orizzonte, sui valori ispiratori del progetto-Europa. Per questo oggi vorrei brevemente soffermarmi con voi su due punti focali, che corrispondono ai due grandi \u201csogni\u201d dei padri fondatori dell\u2019Europa: il sogno dell\u2019unit\u00e0 e il sogno della pace.<\/p>\n<p><strong>Il sogno dell\u2019unit\u00e0<\/strong><\/p>\n<p><i>L\u2019unit\u00e0<\/i>. Su questo primo punto \u00e8 decisivo precisare che quella europea non pu\u00f2 essere un\u2019unit\u00e0 uniforme, che omologa, ma al contrario dev\u2019essere un\u2019unit\u00e0 che rispetta e valorizza le singolarit\u00e0, le peculiarit\u00e0 dei popoli e delle culture che la compongono. Pensiamo ai padri fondatori: appartenevano a Paesi diversi e a culture differenti: De Gasperi e Spinelli italiani, Monnet e Schuman francesi, Adenauer tedesco, Spaak belga, Beck lussemburghese, per ricordare i principali. La ricchezza dell\u2019Europa sta nella convergenza delle diverse fonti di pensiero e di esperienze storiche. Come un fiume vive dei suoi affluenti. Se gli affluenti vengono indeboliti o bloccati, tutto il fiume ne risente e perde forza. L\u2019originalit\u00e0 degli affluenti. Bisogna rispettare questo: l\u2019originalit\u00e0 di ogni Paese.<\/p>\n<p>Questa \u00e8 la prima idea su cui richiamo la vostra attenzione: l\u2019Europa ha futuro se \u00e8 veramente unione e non riduzione dei Paesi con le rispettive caratteristiche. La sfida \u00e8 proprio questa: l\u2019unit\u00e0 nella diversit\u00e0. Ed \u00e8 possibile se c\u2019\u00e8 una forte ispirazione; altrimenti prevale l\u2019apparato, prevale il paradigma tecnocratico, che per\u00f2 non \u00e8 fecondo perch\u00e9 non appassiona la gente, non attira le nuove generazioni, non coinvolge le forze vive della societ\u00e0 nella costruzione di un progetto comune.<\/p>\n<p>Ci domandiamo: qual \u00e8 il ruolo dell\u2019ispirazione cristiana in questa sfida? Non c\u2019\u00e8 dubbio che nella fase originaria essa ha giocato una parte fondamentale, perch\u00e9 era nei cuori e nelle menti degli uomini e delle donne che hanno iniziato l\u2019impresa. Oggi molto \u00e8 cambiato, certo, ma rimane sempre vero che sono gli uomini e le donne a fare la differenza. Perci\u00f2 il primo compito della Chiesa in questo campo \u00e8 quello di formare persone che, leggendo i segni dei tempi, sappiano interpretare il progetto Europa nella storia di oggi.<\/p>\n<p><strong>Il sogno della pace<\/strong><\/p>\n<p>E qui veniamo al secondo punto:\u00a0<i>la pace<\/i>. La storia di oggi ha bisogno di uomini e donne animati dal sogno di un\u2019Europa unita al servizio della pace. Dopo la seconda guerra mondiale, l\u2019Europa ha vissuto il pi\u00f9 lungo periodo di pace della sua storia. Nel mondo per\u00f2 si sono susseguite diverse guerre. Nei decenni scorsi alcune guerre si sono trascinate per anni, fino ad oggi, tanto che si pu\u00f2 parlare ormai di una terza guerra mondiale. La guerra in Ucraina \u00e8 vicina, e ha scosso la pace europea. Le nazioni confinanti si sono prodigate nell\u2019accoglienza dei profughi; tutti i popoli europei partecipano all\u2019impegno di solidariet\u00e0 con il popolo ucraino. A questa corale risposta sul piano della carit\u00e0 dovrebbe corrispondere \u2013 ma \u00e8 chiaro che non \u00e8 n\u00e9 facile n\u00e9 scontato \u2013 un impegno coeso per la pace.<\/p>\n<p>Questa sfida \u00e8 molto complessa, perch\u00e9 i Paesi dell\u2019Unione Europea sono coinvolti in molteplici alleanze, interessi, strategie, una serie di forze che \u00e8 difficile far convergere in un unico progetto. Tuttavia, un principio dovrebbe essere condiviso da tutti con chiarezza e determinazione: la guerra non pu\u00f2 e non deve pi\u00f9 essere considerata come una soluzione dei conflitti (cfr Enc.\u00a0<i>Fratelli tutti<\/i>, 258). Se i Paesi dell\u2019Europa di oggi non condividono questo principio etico-politico, allora vuol dire che si sono allontanati dal sogno originario. Se invece lo condividono, devono impegnarsi ad attuarlo, con tutta la fatica e la complessit\u00e0 che la situazione storica richiede. Perch\u00e9 \u00abla guerra \u00e8 un fallimento della politica e dell\u2019umanit\u00e0\u00bb (<i>ibid.<\/i>, 261).<b>\u00a0<\/b>Questo dobbiamo ripeterlo ai politici.<\/p>\n<p>Anche su questa sfida della pace la COMECE pu\u00f2 e deve dare il suo contributo valoriale e professionale. Voi siete per natura un \u201cponte\u201d tra le Chiese in Europa e le istituzioni dell\u2019Unione. Siete per missione costruttori di relazioni, di incontro, di dialogo. E questo \u00e8 gi\u00e0 lavorare per la pace. Ma non basta. Ci vuole anche<b>\u00a0<\/b>profezia, ci vuole lungimiranza, ci vuole creativit\u00e0 per far avanzare la causa della pace. In questo cantiere ci vogliono sia architetti sia artigiani; ma direi che il vero costruttore di pace dev\u2019essere sia architetto sia artigiano: cos\u00ec \u00e8 il vero costruttore di pace.<b>\u00a0<\/b>Lo auguro anche ad ognuno di voi, ben sapendo che ciascuno ha i propri carismi personali che concorrono con quelli degli altri al lavoro comune.<\/p>\n<p>Carissimi, vi esprimo di nuovo la mia gratitudine e vi assicuro che prego per voi e prego<b>\u00a0<\/b>per il vostro servizio. Oggi mi sono soffermato su questi due punti focali, particolarmente urgenti, ma vi incoraggio a portare avanti come sempre anche il vostro lavoro sul versante ecclesiale. La Madonna vi custodisca e vi sostenga. Di cuore benedico tutti voi, e vi chiedo per favore di pregare per me.<b>\u00a0<\/b>Grazie.<\/p>\n","protected":false},"excerpt":{"rendered":"<p>Il Papa ha ricevuto nella Sala del Concistoro i Vescovi del COMECE<\/p>\n","protected":false},"author":17,"featured_media":72883,"comment_status":"closed","ping_status":"closed","sticky":false,"template":"","format":"standard","meta":{"_acf_changed":false,"_crdt_document":"","inline_featured_image":false,"footnotes":""},"categories":[123,67],"tags":[251,4952,1843],"class_list":["post-72882","post","type-post","status-publish","format-standard","has-post-thumbnail","hentry","category-discorsi","category-leone-xiv","tag-papa-francesco","tag-trending-it","tag-udienza"],"acf":[],"yoast_head":"<!-- This site is optimized with the Yoast SEO plugin v27.5 - https:\/\/yoast.com\/product\/yoast-seo-wordpress\/ -->\n<title>&quot;Siete per missione costruttori di relazioni, di incontro, di dialogo&quot; &#8211; Exaudi<\/title>\n<meta name=\"robots\" content=\"index, follow, max-snippet:-1, max-image-preview:large, max-video-preview:-1\" \/>\n<link rel=\"canonical\" href=\"https:\/\/exaudi.org\/it\/siete-per-missione-costruttori-di-relazioni-di-incontro-di-dialogo\/\" \/>\n<meta property=\"og:locale\" content=\"it_IT\" \/>\n<meta property=\"og:type\" content=\"article\" \/>\n<meta property=\"og:title\" content=\"&quot;Siete per missione costruttori di relazioni, di incontro, di dialogo&quot; &#8211; Exaudi\" \/>\n<meta property=\"og:description\" content=\"Il Papa ha ricevuto nella Sala del Concistoro i Vescovi del COMECE\" \/>\n<meta property=\"og:url\" content=\"https:\/\/exaudi.org\/it\/siete-per-missione-costruttori-di-relazioni-di-incontro-di-dialogo\/\" \/>\n<meta property=\"og:site_name\" content=\"Exaudi\" \/>\n<meta property=\"article:publisher\" content=\"https:\/\/www.facebook.com\/ExaudiNews\" \/>\n<meta property=\"article:author\" content=\"https:\/\/www.facebook.com\/ExaudiNotizie\/\" \/>\n<meta property=\"article:published_time\" content=\"2023-03-23T16:30:14+00:00\" \/>\n<meta property=\"og:image\" content=\"https:\/\/exaudi.org\/wp-content\/uploads\/2023\/03\/cq5dam.web_.800.800-3-4.jpeg\" \/>\n\t<meta property=\"og:image:width\" content=\"800\" \/>\n\t<meta property=\"og:image:height\" content=\"533\" \/>\n\t<meta property=\"og:image:type\" content=\"image\/jpeg\" \/>\n<meta name=\"author\" content=\"Exaudi Redazione\" \/>\n<meta name=\"twitter:card\" content=\"summary_large_image\" \/>\n<meta name=\"twitter:creator\" content=\"@Exaudi_Notizie\" \/>\n<meta name=\"twitter:site\" content=\"@Exaudi_News\" \/>\n<meta name=\"twitter:label1\" content=\"Scritto da\" \/>\n\t<meta name=\"twitter:data1\" content=\"Exaudi Redazione\" \/>\n\t<meta name=\"twitter:label2\" content=\"Tempo di lettura stimato\" \/>\n\t<meta name=\"twitter:data2\" content=\"5 minuti\" \/>\n<script type=\"application\/ld+json\" class=\"yoast-schema-graph\">{\"@context\":\"https:\\\/\\\/schema.org\",\"@graph\":[{\"@type\":\"Article\",\"@id\":\"https:\\\/\\\/exaudi.org\\\/it\\\/siete-per-missione-costruttori-di-relazioni-di-incontro-di-dialogo\\\/#article\",\"isPartOf\":{\"@id\":\"https:\\\/\\\/exaudi.org\\\/it\\\/siete-per-missione-costruttori-di-relazioni-di-incontro-di-dialogo\\\/\"},\"author\":{\"name\":\"Exaudi Redazione\",\"@id\":\"https:\\\/\\\/exaudi.org\\\/#\\\/schema\\\/person\\\/e1ab6ed07c01774724dd96f925f3a5f0\"},\"headline\":\"&#8220;Siete per missione costruttori di relazioni, di incontro, di dialogo&#8221;\",\"datePublished\":\"2023-03-23T16:30:14+00:00\",\"mainEntityOfPage\":{\"@id\":\"https:\\\/\\\/exaudi.org\\\/it\\\/siete-per-missione-costruttori-di-relazioni-di-incontro-di-dialogo\\\/\"},\"wordCount\":906,\"image\":{\"@id\":\"https:\\\/\\\/exaudi.org\\\/it\\\/siete-per-missione-costruttori-di-relazioni-di-incontro-di-dialogo\\\/#primaryimage\"},\"thumbnailUrl\":\"https:\\\/\\\/exaudi.org\\\/wp-content\\\/uploads\\\/2023\\\/03\\\/cq5dam.web_.800.800-3-4.jpeg\",\"keywords\":[\"Papa Francesco\",\"Trending\",\"udienza\"],\"articleSection\":[\"Discorsi\",\"Leone XIV\"],\"inLanguage\":\"it-IT\"},{\"@type\":\"WebPage\",\"@id\":\"https:\\\/\\\/exaudi.org\\\/it\\\/siete-per-missione-costruttori-di-relazioni-di-incontro-di-dialogo\\\/\",\"url\":\"https:\\\/\\\/exaudi.org\\\/it\\\/siete-per-missione-costruttori-di-relazioni-di-incontro-di-dialogo\\\/\",\"name\":\"\\\"Siete per missione costruttori di relazioni, di incontro, di dialogo\\\" &#8211; Exaudi\",\"isPartOf\":{\"@id\":\"https:\\\/\\\/exaudi.org\\\/#website\"},\"primaryImageOfPage\":{\"@id\":\"https:\\\/\\\/exaudi.org\\\/it\\\/siete-per-missione-costruttori-di-relazioni-di-incontro-di-dialogo\\\/#primaryimage\"},\"image\":{\"@id\":\"https:\\\/\\\/exaudi.org\\\/it\\\/siete-per-missione-costruttori-di-relazioni-di-incontro-di-dialogo\\\/#primaryimage\"},\"thumbnailUrl\":\"https:\\\/\\\/exaudi.org\\\/wp-content\\\/uploads\\\/2023\\\/03\\\/cq5dam.web_.800.800-3-4.jpeg\",\"datePublished\":\"2023-03-23T16:30:14+00:00\",\"author\":{\"@id\":\"https:\\\/\\\/exaudi.org\\\/#\\\/schema\\\/person\\\/e1ab6ed07c01774724dd96f925f3a5f0\"},\"breadcrumb\":{\"@id\":\"https:\\\/\\\/exaudi.org\\\/it\\\/siete-per-missione-costruttori-di-relazioni-di-incontro-di-dialogo\\\/#breadcrumb\"},\"inLanguage\":\"it-IT\",\"potentialAction\":[{\"@type\":\"ReadAction\",\"target\":[\"https:\\\/\\\/exaudi.org\\\/it\\\/siete-per-missione-costruttori-di-relazioni-di-incontro-di-dialogo\\\/\"]}]},{\"@type\":\"ImageObject\",\"inLanguage\":\"it-IT\",\"@id\":\"https:\\\/\\\/exaudi.org\\\/it\\\/siete-per-missione-costruttori-di-relazioni-di-incontro-di-dialogo\\\/#primaryimage\",\"url\":\"https:\\\/\\\/exaudi.org\\\/wp-content\\\/uploads\\\/2023\\\/03\\\/cq5dam.web_.800.800-3-4.jpeg\",\"contentUrl\":\"https:\\\/\\\/exaudi.org\\\/wp-content\\\/uploads\\\/2023\\\/03\\\/cq5dam.web_.800.800-3-4.jpeg\",\"width\":800,\"height\":533,\"caption\":\"Vatican Media\"},{\"@type\":\"BreadcrumbList\",\"@id\":\"https:\\\/\\\/exaudi.org\\\/it\\\/siete-per-missione-costruttori-di-relazioni-di-incontro-di-dialogo\\\/#breadcrumb\",\"itemListElement\":[{\"@type\":\"ListItem\",\"position\":1,\"name\":\"Portada\",\"item\":\"https:\\\/\\\/exaudi.org\\\/it\\\/\"},{\"@type\":\"ListItem\",\"position\":2,\"name\":\"&#8220;Siete per missione costruttori di relazioni, di incontro, di dialogo&#8221;\"}]},{\"@type\":\"WebSite\",\"@id\":\"https:\\\/\\\/exaudi.org\\\/#website\",\"url\":\"https:\\\/\\\/exaudi.org\\\/\",\"name\":\"Exaudi\",\"description\":\"News\",\"potentialAction\":[{\"@type\":\"SearchAction\",\"target\":{\"@type\":\"EntryPoint\",\"urlTemplate\":\"https:\\\/\\\/exaudi.org\\\/?s={search_term_string}\"},\"query-input\":{\"@type\":\"PropertyValueSpecification\",\"valueRequired\":true,\"valueName\":\"search_term_string\"}}],\"inLanguage\":\"it-IT\"},{\"@type\":\"Person\",\"@id\":\"https:\\\/\\\/exaudi.org\\\/#\\\/schema\\\/person\\\/e1ab6ed07c01774724dd96f925f3a5f0\",\"name\":\"Exaudi Redazione\",\"image\":{\"@type\":\"ImageObject\",\"inLanguage\":\"it-IT\",\"@id\":\"https:\\\/\\\/secure.gravatar.com\\\/avatar\\\/ad6774b3ada023bf5b939d64f45c94b3adf91502dd883507d469b4308a943bb3?s=96&d=mm&r=g\",\"url\":\"https:\\\/\\\/secure.gravatar.com\\\/avatar\\\/ad6774b3ada023bf5b939d64f45c94b3adf91502dd883507d469b4308a943bb3?s=96&d=mm&r=g\",\"contentUrl\":\"https:\\\/\\\/secure.gravatar.com\\\/avatar\\\/ad6774b3ada023bf5b939d64f45c94b3adf91502dd883507d469b4308a943bb3?s=96&d=mm&r=g\",\"caption\":\"Exaudi Redazione\"},\"description\":\"Che cosa \u00e8 Exaudi News? Exaudi News \u00e8 un agenzia cattolica internazionale che informa, istruisce e trasforma quotidianamente in spagnolo, inglese e italiano. Attraverso notizie, articoli di analisi e trasmissioni in diretta degli eventi del Papa, Exaudi cerca di rafforzare l'unit\u00e0 dei cristiani e di contribuire all'evangelizzazione del mondo, sempre guidato dalla dottrina sociale della Chiesa. Lavoriamo per portare la verit\u00e0 e i valori cristiani in ogni angolo del pianeta. Aiutaci a trasformare il mondo con Exaudi! Noi di Exaudi crediamo che l'evangelizzazione e l'informazione di qualit\u00e0 possano cambiare la vita. Per continuare la nostra missione ed espandere la nostra portata, abbiamo bisogno del tuo aiuto. Stiamo anche cercando persone motivate che vogliano unirsi al nostro team. Grazie al vostro sostegno raggiungeremo pi\u00f9 persone, diffonderemo il messaggio di Cristo e rafforzeremo l'unit\u00e0 dei cristiani. Vuoi unirti alla nostra missione? Per maggiori informazioni su come contribuire, visita Exaudi.org\\\/it o contattaci direttamente: info@exaudi.org Exaudi: informa, forma e trasforma.\",\"sameAs\":[\"https:\\\/\\\/www.facebook.com\\\/ExaudiNotizie\\\/\",\"https:\\\/\\\/www.instagram.com\\\/Exaudi_notizie\\\/\",\"https:\\\/\\\/x.com\\\/Exaudi_Notizie\",\"https:\\\/\\\/www.youtube.com\\\/@exaudicatholicnews\"],\"url\":\"https:\\\/\\\/exaudi.org\\\/it\\\/author\\\/dlvedi-org\\\/\"}]}<\/script>\n<!-- \/ Yoast SEO plugin. -->","yoast_head_json":{"title":"\"Siete per missione costruttori di relazioni, di incontro, di dialogo\" &#8211; Exaudi","robots":{"index":"index","follow":"follow","max-snippet":"max-snippet:-1","max-image-preview":"max-image-preview:large","max-video-preview":"max-video-preview:-1"},"canonical":"https:\/\/exaudi.org\/it\/siete-per-missione-costruttori-di-relazioni-di-incontro-di-dialogo\/","og_locale":"it_IT","og_type":"article","og_title":"\"Siete per missione costruttori di relazioni, di incontro, di dialogo\" &#8211; Exaudi","og_description":"Il Papa ha ricevuto nella Sala del Concistoro i Vescovi del COMECE","og_url":"https:\/\/exaudi.org\/it\/siete-per-missione-costruttori-di-relazioni-di-incontro-di-dialogo\/","og_site_name":"Exaudi","article_publisher":"https:\/\/www.facebook.com\/ExaudiNews","article_author":"https:\/\/www.facebook.com\/ExaudiNotizie\/","article_published_time":"2023-03-23T16:30:14+00:00","og_image":[{"width":800,"height":533,"url":"https:\/\/exaudi.org\/wp-content\/uploads\/2023\/03\/cq5dam.web_.800.800-3-4.jpeg","type":"image\/jpeg"}],"author":"Exaudi Redazione","twitter_card":"summary_large_image","twitter_creator":"@Exaudi_Notizie","twitter_site":"@Exaudi_News","twitter_misc":{"Scritto da":"Exaudi Redazione","Tempo di lettura stimato":"5 minuti"},"schema":{"@context":"https:\/\/schema.org","@graph":[{"@type":"Article","@id":"https:\/\/exaudi.org\/it\/siete-per-missione-costruttori-di-relazioni-di-incontro-di-dialogo\/#article","isPartOf":{"@id":"https:\/\/exaudi.org\/it\/siete-per-missione-costruttori-di-relazioni-di-incontro-di-dialogo\/"},"author":{"name":"Exaudi Redazione","@id":"https:\/\/exaudi.org\/#\/schema\/person\/e1ab6ed07c01774724dd96f925f3a5f0"},"headline":"&#8220;Siete per missione costruttori di relazioni, di incontro, di dialogo&#8221;","datePublished":"2023-03-23T16:30:14+00:00","mainEntityOfPage":{"@id":"https:\/\/exaudi.org\/it\/siete-per-missione-costruttori-di-relazioni-di-incontro-di-dialogo\/"},"wordCount":906,"image":{"@id":"https:\/\/exaudi.org\/it\/siete-per-missione-costruttori-di-relazioni-di-incontro-di-dialogo\/#primaryimage"},"thumbnailUrl":"https:\/\/exaudi.org\/wp-content\/uploads\/2023\/03\/cq5dam.web_.800.800-3-4.jpeg","keywords":["Papa Francesco","Trending","udienza"],"articleSection":["Discorsi","Leone XIV"],"inLanguage":"it-IT"},{"@type":"WebPage","@id":"https:\/\/exaudi.org\/it\/siete-per-missione-costruttori-di-relazioni-di-incontro-di-dialogo\/","url":"https:\/\/exaudi.org\/it\/siete-per-missione-costruttori-di-relazioni-di-incontro-di-dialogo\/","name":"\"Siete per missione costruttori di relazioni, di incontro, di dialogo\" &#8211; Exaudi","isPartOf":{"@id":"https:\/\/exaudi.org\/#website"},"primaryImageOfPage":{"@id":"https:\/\/exaudi.org\/it\/siete-per-missione-costruttori-di-relazioni-di-incontro-di-dialogo\/#primaryimage"},"image":{"@id":"https:\/\/exaudi.org\/it\/siete-per-missione-costruttori-di-relazioni-di-incontro-di-dialogo\/#primaryimage"},"thumbnailUrl":"https:\/\/exaudi.org\/wp-content\/uploads\/2023\/03\/cq5dam.web_.800.800-3-4.jpeg","datePublished":"2023-03-23T16:30:14+00:00","author":{"@id":"https:\/\/exaudi.org\/#\/schema\/person\/e1ab6ed07c01774724dd96f925f3a5f0"},"breadcrumb":{"@id":"https:\/\/exaudi.org\/it\/siete-per-missione-costruttori-di-relazioni-di-incontro-di-dialogo\/#breadcrumb"},"inLanguage":"it-IT","potentialAction":[{"@type":"ReadAction","target":["https:\/\/exaudi.org\/it\/siete-per-missione-costruttori-di-relazioni-di-incontro-di-dialogo\/"]}]},{"@type":"ImageObject","inLanguage":"it-IT","@id":"https:\/\/exaudi.org\/it\/siete-per-missione-costruttori-di-relazioni-di-incontro-di-dialogo\/#primaryimage","url":"https:\/\/exaudi.org\/wp-content\/uploads\/2023\/03\/cq5dam.web_.800.800-3-4.jpeg","contentUrl":"https:\/\/exaudi.org\/wp-content\/uploads\/2023\/03\/cq5dam.web_.800.800-3-4.jpeg","width":800,"height":533,"caption":"Vatican Media"},{"@type":"BreadcrumbList","@id":"https:\/\/exaudi.org\/it\/siete-per-missione-costruttori-di-relazioni-di-incontro-di-dialogo\/#breadcrumb","itemListElement":[{"@type":"ListItem","position":1,"name":"Portada","item":"https:\/\/exaudi.org\/it\/"},{"@type":"ListItem","position":2,"name":"&#8220;Siete per missione costruttori di relazioni, di incontro, di dialogo&#8221;"}]},{"@type":"WebSite","@id":"https:\/\/exaudi.org\/#website","url":"https:\/\/exaudi.org\/","name":"Exaudi","description":"News","potentialAction":[{"@type":"SearchAction","target":{"@type":"EntryPoint","urlTemplate":"https:\/\/exaudi.org\/?s={search_term_string}"},"query-input":{"@type":"PropertyValueSpecification","valueRequired":true,"valueName":"search_term_string"}}],"inLanguage":"it-IT"},{"@type":"Person","@id":"https:\/\/exaudi.org\/#\/schema\/person\/e1ab6ed07c01774724dd96f925f3a5f0","name":"Exaudi Redazione","image":{"@type":"ImageObject","inLanguage":"it-IT","@id":"https:\/\/secure.gravatar.com\/avatar\/ad6774b3ada023bf5b939d64f45c94b3adf91502dd883507d469b4308a943bb3?s=96&d=mm&r=g","url":"https:\/\/secure.gravatar.com\/avatar\/ad6774b3ada023bf5b939d64f45c94b3adf91502dd883507d469b4308a943bb3?s=96&d=mm&r=g","contentUrl":"https:\/\/secure.gravatar.com\/avatar\/ad6774b3ada023bf5b939d64f45c94b3adf91502dd883507d469b4308a943bb3?s=96&d=mm&r=g","caption":"Exaudi Redazione"},"description":"Che cosa \u00e8 Exaudi News? Exaudi News \u00e8 un agenzia cattolica internazionale che informa, istruisce e trasforma quotidianamente in spagnolo, inglese e italiano. Attraverso notizie, articoli di analisi e trasmissioni in diretta degli eventi del Papa, Exaudi cerca di rafforzare l'unit\u00e0 dei cristiani e di contribuire all'evangelizzazione del mondo, sempre guidato dalla dottrina sociale della Chiesa. Lavoriamo per portare la verit\u00e0 e i valori cristiani in ogni angolo del pianeta. Aiutaci a trasformare il mondo con Exaudi! Noi di Exaudi crediamo che l'evangelizzazione e l'informazione di qualit\u00e0 possano cambiare la vita. Per continuare la nostra missione ed espandere la nostra portata, abbiamo bisogno del tuo aiuto. Stiamo anche cercando persone motivate che vogliano unirsi al nostro team. Grazie al vostro sostegno raggiungeremo pi\u00f9 persone, diffonderemo il messaggio di Cristo e rafforzeremo l'unit\u00e0 dei cristiani. Vuoi unirti alla nostra missione? Per maggiori informazioni su come contribuire, visita Exaudi.org\/it o contattaci direttamente: info@exaudi.org Exaudi: informa, forma e trasforma.","sameAs":["https:\/\/www.facebook.com\/ExaudiNotizie\/","https:\/\/www.instagram.com\/Exaudi_notizie\/","https:\/\/x.com\/Exaudi_Notizie","https:\/\/www.youtube.com\/@exaudicatholicnews"],"url":"https:\/\/exaudi.org\/it\/author\/dlvedi-org\/"}]}},"jetpack_featured_media_url":"https:\/\/exaudi.org\/wp-content\/uploads\/2023\/03\/cq5dam.web_.800.800-3-4.jpeg","jetpack_shortlink":"https:\/\/wp.me\/pgKjF2-iXw","_links":{"self":[{"href":"https:\/\/exaudi.org\/it\/wp-json\/wp\/v2\/posts\/72882","targetHints":{"allow":["GET"]}}],"collection":[{"href":"https:\/\/exaudi.org\/it\/wp-json\/wp\/v2\/posts"}],"about":[{"href":"https:\/\/exaudi.org\/it\/wp-json\/wp\/v2\/types\/post"}],"author":[{"embeddable":true,"href":"https:\/\/exaudi.org\/it\/wp-json\/wp\/v2\/users\/17"}],"replies":[{"embeddable":true,"href":"https:\/\/exaudi.org\/it\/wp-json\/wp\/v2\/comments?post=72882"}],"version-history":[{"count":0,"href":"https:\/\/exaudi.org\/it\/wp-json\/wp\/v2\/posts\/72882\/revisions"}],"wp:featuredmedia":[{"embeddable":true,"href":"https:\/\/exaudi.org\/it\/wp-json\/wp\/v2\/media\/72883"}],"wp:attachment":[{"href":"https:\/\/exaudi.org\/it\/wp-json\/wp\/v2\/media?parent=72882"}],"wp:term":[{"taxonomy":"category","embeddable":true,"href":"https:\/\/exaudi.org\/it\/wp-json\/wp\/v2\/categories?post=72882"},{"taxonomy":"post_tag","embeddable":true,"href":"https:\/\/exaudi.org\/it\/wp-json\/wp\/v2\/tags?post=72882"}],"curies":[{"name":"wp","href":"https:\/\/api.w.org\/{rel}","templated":true}]}}