{"id":72504,"date":"2023-03-18T18:03:11","date_gmt":"2023-03-18T17:03:11","guid":{"rendered":"https:\/\/exaudi.org\/?p=72504"},"modified":"2023-03-20T09:42:31","modified_gmt":"2023-03-20T08:42:31","slug":"perche-quello-che-state-facendo-educare-alla-pace-richiede-una-politica-migliore","status":"publish","type":"post","link":"https:\/\/exaudi.org\/it\/perche-quello-che-state-facendo-educare-alla-pace-richiede-una-politica-migliore\/","title":{"rendered":"Perch\u00e9 quello che state facendo, &#8220;Educare alla pace&#8221;, richiede una politica migliore"},"content":{"rendered":"<audio class=\"wp-audio-shortcode\" id=\"audio-72504-1\" preload=\"none\" style=\"width: 100%;\" controls=\"controls\"><source type=\"audio\/mpeg\" src=\"https:\/\/exaudi.org\/wp-content\/uploads\/2023\/03\/Perche-quello-che-state-facendo-Educare-alla.mp3?_=1\" \/><a href=\"https:\/\/exaudi.org\/wp-content\/uploads\/2023\/03\/Perche-quello-che-state-facendo-Educare-alla.mp3\">https:\/\/exaudi.org\/wp-content\/uploads\/2023\/03\/Perche-quello-che-state-facendo-Educare-alla.mp3<\/a><\/audio>\n<p>Questa mattina, nel Palazzo Apostolico Vaticano, il Santo Padre Francesco ha ricevuto in Udienza i giovani del \u201cProgetto Policoro\u201d promosso dalla Conferenza Episcopale Italiana.<\/p>\n<p>Pubblichiamo di seguito il discorso che il Papa ha rivolto ai presenti nel corso dell\u2019incontro:<\/p>\n<p><b><u>Discorso del Santo Padre<\/u><\/b><\/p>\n<p>Caro Monsignor Baturi, cari giovani, benvenuti!<\/p>\n<p>Grazie per i saluti che mi avete rivolto. Questo incontro mi d\u00e0 l\u2019occasione di incoraggiare il percorso di formazione sociopolitica che d\u00e0 continuit\u00e0 al \u201cProgetto Policoro\u201d della Chiesa italiana. Mi piace sottolineare che l\u2019esigenza di questo percorso \u00e8 nata dal basso, dal vostro bisogno di formarvi ad un servizio nella societ\u00e0 e nella politica; e anche per potere, a vostra volta, collaborare alla formazione di altri giovani.<\/p>\n<p>Quest\u2019anno avete come tema la pace. \u00c8 un tema che non pu\u00f2 mancare nella formazione sociopolitica, e purtroppo \u00e8 anche urgente a causa della situazione attuale. La guerra, \u00e8 il fallimento della politica. Questo va sottolineato: la guerra \u00e8 il fallimento della politica. Si alimenta del veleno che considera l\u2019altro come nemico. La guerra ci fa toccare con mano l\u2019assurdit\u00e0 della corsa agli armamenti e del loro uso per la risoluzione dei conflitti. Mi diceva un tecnico che se per un anno non si facessero armamenti si potrebbe eliminare la fame nel mondo. Dunque, ci vuole una \u201cmigliore politica\u201d (cfr Enc.\u00a0<i>Fratelli tutti<\/i>, cap. 5), che presuppone proprio ci\u00f2 che state facendo voi, cio\u00e8 educarsi alla pace. Questo \u00e8 responsabilit\u00e0 di tutti. Fare la guerra ma un\u2019altra guerra, una guerra interiore, una guerra su se stessi per lavorare per la pace.<\/p>\n<p>Oggi la politica non gode di ottima fama, soprattutto fra i giovani, perch\u00e9 vedono gli scandali, tante cose che tutti conosciamo. Le cause sono molteplici, ma come non pensare alla corruzione, all\u2019inefficienza, alla distanza dalla vita della gente? Proprio per questo c\u2019\u00e8 ancora pi\u00f9 bisogno di buona politica. E la differenza la fanno le persone. Lo vediamo nelle amministrazioni locali: un conto \u00e8 un sindaco o un assessore disponibile, e un altro \u00e8 chi \u00e8 inaccessibile; un conto \u00e8 la politica che ascolta la realt\u00e0, che ascolta i poveri, e un altro \u00e8 quella che sta chiusa nei palazzi, la politica \u201cdistillata\u201d.<\/p>\n<p>Mi viene in mente l\u2019episodio biblico del re Acab e della vigna di Nabot. Il re vuole appropriarsi della vigna di Nabot, per allargare il suo giardino; ma Nabot non vuole e non pu\u00f2 venderla, perch\u00e9 quella vigna \u00e8 l\u2019eredit\u00e0 dei suoi padri. Il re \u00e8 arrabbiato e \u201cmette il muso\u201d, come un bambino viziato. Allora sua moglie, la regina Gezabele \u2013 che \u00e8 un diavoletto! \u2013 risolve il problema facendo eliminare Nabot con una falsa accusa. Cos\u00ec Nabot viene ucciso e il re prende la sua vigna. Acab rappresenta la peggiore politica, quella di andare avanti e farsi spazio facendo fuori gli altri, quella che persegue non il bene comune ma interessi particolari e usa ogni mezzo per soddisfarli. Acab non \u00e8 padre, \u00e8 padrone, e il suo governo \u00e8 il dominio. Sant\u2019Ambrogio scrisse un libretto su questa storia biblica, intitolato\u00a0<i>La vigna di Nabot<\/i>. A un certo punto, rivolgendosi ai potenti, Ambrogio scrive: \u00abPerch\u00e9 scacciate chi \u00e8 compartecipe ai beni della natura e rivendicate per voi soli il possesso dei beni naturali? La terra \u00e8 stata creata in comunione per tutti, per ricchi e per poveri. [\u2026] La natura non sa cosa siano i ricchi, lei che genera tutti ugualmente poveri. Quando nasciamo non abbiamo vestiti, non veniamo al mondo carichi d\u2019oro e d\u2019argento. Questa terra ci mette al mondo nudi, bisognosi di cibo, di vesti e di bevande. La natura [\u2026] ci crea tutti uguali e tutti ugualmente ci racchiude nel grembo di un sepolcro\u00bb (1, 2). Questa piccola ma preziosa opera di Sant\u2019Ambrogio sar\u00e0 utile per la vostra formazione. La politica che esercita il potere come dominio e non come servizio non \u00e8 capace di prendersi cura, calpesta i poveri, sfrutta la terra e affronta i conflitti con la guerra, non sa dialogare.<\/p>\n<p>Come esempio biblico positivo possiamo prendere la figura di Giuseppe figlio di Giacobbe. Ricordate che lui viene venduto come schiavo dai suoi fratelli, che erano invidiosi di lui, e viene portato in Egitto. L\u00ec, dopo alcune peripezie, viene liberato, entra al servizio del Faraone e diventa una specie di Vicer\u00e9. Giuseppe non si comporta da padrone, ma da padre: si prende cura del Paese; quando arriva la carestia organizza le riserve di grano per il bene comune, tanto che il Faraone dice al popolo: \u00abFate quello che [Giuseppe] vi dir\u00e0\u00bb (<i>Gen<\/i>\u00a041,55) \u2013 la stessa frase che Maria dir\u00e0 ai servi alle nozze di Cana riferendosi a Ges\u00f9 \u2013. Giuseppe, che ha sofferto l\u2019ingiustizia personalmente, non cerca il proprio interesse ma quello del popolo, paga di persona per il bene comune, si fa artigiano di pace, tesse rapporti capaci di innovare la societ\u00e0. Scriveva Don Lorenzo Milani: \u00abIl problema degli altri \u00e8 uguale al mio. Sortirne tutti insieme \u00e8 la politica. Sortirne da soli \u00e8 l\u2019avarizia\u00bb.<sup>[1]<\/sup>\u00a0\u00c8 cos\u00ec, \u00e8 semplice.<\/p>\n<p>Questi due esempi biblici, uno negativo, l\u2019altro positivo, ci aiutano a capire quale spiritualit\u00e0 pu\u00f2 alimentare la politica. Ne colgo solo due aspetti: la\u00a0<i>tenerezza<\/i>\u00a0e la\u00a0<i>fecondit\u00e0<\/i>. La tenerezza \u00ab\u00e8 l\u2019amore che si fa vicino e concreto. [\u2026] \u00c8 la strada che hanno percorso gli uomini e le donne pi\u00f9 coraggiosi e forti. In mezzo all\u2019attivit\u00e0 politica, i pi\u00f9 piccoli, i pi\u00f9 deboli, i pi\u00f9 poveri debbono intenerirci: hanno \u201cdiritto\u201d di prenderci l\u2019anima e il cuore\u00bb (Enc.\u00a0<i>Fratelli tutti<\/i>, 194). La fecondit\u00e0 \u00e8 fatta di condivisione, di sguardo a lungo termine, di dialoghi, di fiducia, di comprensione, di ascolto, di tempo speso, di risposte pronte e non rimandate. Significa guardare all\u2019avvenire e investire sulle generazioni future; avviare processi piuttosto che occupare spazi. Questa \u00e8 la regola d\u2019oro: la tua attivit\u00e0 \u00e8 per occupare uno spazio per te? Non va. Per il tuo gruppo? Non va. Occupare spazi non va, avviare processi va. Il tempo \u00e8 superiore allo spazio.<\/p>\n<p>Cari amici, vorrei concludere proponendovi le domande che ogni buon politico dovrebbe farsi: \u00abQuanto amore ho messo nel mio lavoro? In che cosa ho fatto progredire il popolo? Che impronta ho lasciato nella vita della societ\u00e0? Quali legami reali ho costruito? Quali forze positive ho liberato? Quanta pace sociale ho seminato? Che cosa ho prodotto nel posto che mi \u00e8 stato affidato?\u00bb (<i>ibid.<\/i>, 197). La vostra preoccupazione non sia il consenso elettorale n\u00e9 il successo personale, ma coinvolgere le persone, generare imprenditorialit\u00e0, far fiorire sogni, far sentire la bellezza di appartenere a una comunit\u00e0. La partecipazione \u00e8 il balsamo sulle ferite della democrazia. Vi invito a dare il vostro contributo, a partecipare e a invitare i vostri coetanei a farlo, sempre con il fine e lo stile del servizio. Il politico \u00e8 un servitore; quando il politico non \u00e8 un servitore \u00e8 un cattivo politico, non \u00e8 un politico.<\/p>\n<p>Grazie del vostro impegno. Andate avanti e che la Madonna vi accompagni. Di cuore vi benedico, e vi chiedo per favore di pregare per me. Grazie!<\/p>\n<p>&nbsp;<\/p>\n<p>_____________________<\/p>\n<p><sup>[1]<\/sup>\u00a0<i>Lettera a una professoressa<\/i>, Firenze 1994, 14.<\/p>\n","protected":false},"excerpt":{"rendered":"<p>Udienza: il Papa con i giovani del &#8220;Progetto Policoro&#8221;<\/p>\n","protected":false},"author":17,"featured_media":72505,"comment_status":"closed","ping_status":"closed","sticky":false,"template":"","format":"standard","meta":{"_acf_changed":false,"_crdt_document":"","inline_featured_image":false,"footnotes":""},"categories":[123,67],"tags":[251,2697,4952,1843],"class_list":["post-72504","post","type-post","status-publish","format-standard","has-post-thumbnail","hentry","category-discorsi","category-leone-xiv","tag-papa-francesco","tag-progetto-policoro","tag-trending-it","tag-udienza"],"acf":[],"yoast_head":"<!-- This site is optimized with the Yoast SEO plugin v27.5 - https:\/\/yoast.com\/product\/yoast-seo-wordpress\/ -->\n<title>Perch\u00e9 quello che state facendo, &quot;Educare alla pace&quot;, richiede una politica migliore &#8211; Exaudi<\/title>\n<meta name=\"robots\" content=\"index, follow, max-snippet:-1, max-image-preview:large, max-video-preview:-1\" \/>\n<link rel=\"canonical\" href=\"https:\/\/exaudi.org\/it\/perche-quello-che-state-facendo-educare-alla-pace-richiede-una-politica-migliore\/\" \/>\n<meta property=\"og:locale\" content=\"it_IT\" \/>\n<meta property=\"og:type\" content=\"article\" \/>\n<meta property=\"og:title\" content=\"Perch\u00e9 quello che state facendo, &quot;Educare alla pace&quot;, richiede una politica migliore &#8211; Exaudi\" \/>\n<meta property=\"og:description\" content=\"Udienza: il Papa con i giovani del &quot;Progetto Policoro&quot;\" \/>\n<meta property=\"og:url\" content=\"https:\/\/exaudi.org\/it\/perche-quello-che-state-facendo-educare-alla-pace-richiede-una-politica-migliore\/\" \/>\n<meta property=\"og:site_name\" content=\"Exaudi\" \/>\n<meta property=\"article:publisher\" content=\"https:\/\/www.facebook.com\/ExaudiNews\" \/>\n<meta property=\"article:author\" content=\"https:\/\/www.facebook.com\/ExaudiNotizie\/\" \/>\n<meta property=\"article:published_time\" content=\"2023-03-18T17:03:11+00:00\" \/>\n<meta property=\"article:modified_time\" content=\"2023-03-20T08:42:31+00:00\" \/>\n<meta property=\"og:image\" content=\"https:\/\/exaudi.org\/wp-content\/uploads\/2023\/03\/cq5dam.web_.800.800-3-2.jpeg\" \/>\n\t<meta property=\"og:image:width\" content=\"800\" \/>\n\t<meta property=\"og:image:height\" content=\"533\" \/>\n\t<meta property=\"og:image:type\" content=\"image\/jpeg\" \/>\n<meta name=\"author\" content=\"Exaudi Redazione\" \/>\n<meta name=\"twitter:card\" content=\"summary_large_image\" \/>\n<meta name=\"twitter:creator\" content=\"@Exaudi_Notizie\" \/>\n<meta name=\"twitter:site\" content=\"@Exaudi_News\" \/>\n<meta name=\"twitter:label1\" content=\"Scritto da\" \/>\n\t<meta name=\"twitter:data1\" content=\"Exaudi Redazione\" \/>\n\t<meta name=\"twitter:label2\" content=\"Tempo di lettura stimato\" \/>\n\t<meta name=\"twitter:data2\" content=\"6 minuti\" \/>\n<script type=\"application\/ld+json\" class=\"yoast-schema-graph\">{\"@context\":\"https:\\\/\\\/schema.org\",\"@graph\":[{\"@type\":\"Article\",\"@id\":\"https:\\\/\\\/exaudi.org\\\/it\\\/perche-quello-che-state-facendo-educare-alla-pace-richiede-una-politica-migliore\\\/#article\",\"isPartOf\":{\"@id\":\"https:\\\/\\\/exaudi.org\\\/it\\\/perche-quello-che-state-facendo-educare-alla-pace-richiede-una-politica-migliore\\\/\"},\"author\":{\"name\":\"Exaudi Redazione\",\"@id\":\"https:\\\/\\\/exaudi.org\\\/#\\\/schema\\\/person\\\/e1ab6ed07c01774724dd96f925f3a5f0\"},\"headline\":\"Perch\u00e9 quello che state facendo, &#8220;Educare alla pace&#8221;, richiede una politica migliore\",\"datePublished\":\"2023-03-18T17:03:11+00:00\",\"dateModified\":\"2023-03-20T08:42:31+00:00\",\"mainEntityOfPage\":{\"@id\":\"https:\\\/\\\/exaudi.org\\\/it\\\/perche-quello-che-state-facendo-educare-alla-pace-richiede-una-politica-migliore\\\/\"},\"wordCount\":1160,\"image\":{\"@id\":\"https:\\\/\\\/exaudi.org\\\/it\\\/perche-quello-che-state-facendo-educare-alla-pace-richiede-una-politica-migliore\\\/#primaryimage\"},\"thumbnailUrl\":\"https:\\\/\\\/exaudi.org\\\/wp-content\\\/uploads\\\/2023\\\/03\\\/cq5dam.web_.800.800-3-2.jpeg\",\"keywords\":[\"Papa Francesco\",\"Progetto Policoro\",\"Trending\",\"udienza\"],\"articleSection\":[\"Discorsi\",\"Leone XIV\"],\"inLanguage\":\"it-IT\"},{\"@type\":\"WebPage\",\"@id\":\"https:\\\/\\\/exaudi.org\\\/it\\\/perche-quello-che-state-facendo-educare-alla-pace-richiede-una-politica-migliore\\\/\",\"url\":\"https:\\\/\\\/exaudi.org\\\/it\\\/perche-quello-che-state-facendo-educare-alla-pace-richiede-una-politica-migliore\\\/\",\"name\":\"Perch\u00e9 quello che state facendo, \\\"Educare alla pace\\\", richiede una politica migliore &#8211; Exaudi\",\"isPartOf\":{\"@id\":\"https:\\\/\\\/exaudi.org\\\/#website\"},\"primaryImageOfPage\":{\"@id\":\"https:\\\/\\\/exaudi.org\\\/it\\\/perche-quello-che-state-facendo-educare-alla-pace-richiede-una-politica-migliore\\\/#primaryimage\"},\"image\":{\"@id\":\"https:\\\/\\\/exaudi.org\\\/it\\\/perche-quello-che-state-facendo-educare-alla-pace-richiede-una-politica-migliore\\\/#primaryimage\"},\"thumbnailUrl\":\"https:\\\/\\\/exaudi.org\\\/wp-content\\\/uploads\\\/2023\\\/03\\\/cq5dam.web_.800.800-3-2.jpeg\",\"datePublished\":\"2023-03-18T17:03:11+00:00\",\"dateModified\":\"2023-03-20T08:42:31+00:00\",\"author\":{\"@id\":\"https:\\\/\\\/exaudi.org\\\/#\\\/schema\\\/person\\\/e1ab6ed07c01774724dd96f925f3a5f0\"},\"breadcrumb\":{\"@id\":\"https:\\\/\\\/exaudi.org\\\/it\\\/perche-quello-che-state-facendo-educare-alla-pace-richiede-una-politica-migliore\\\/#breadcrumb\"},\"inLanguage\":\"it-IT\",\"potentialAction\":[{\"@type\":\"ReadAction\",\"target\":[\"https:\\\/\\\/exaudi.org\\\/it\\\/perche-quello-che-state-facendo-educare-alla-pace-richiede-una-politica-migliore\\\/\"]}]},{\"@type\":\"ImageObject\",\"inLanguage\":\"it-IT\",\"@id\":\"https:\\\/\\\/exaudi.org\\\/it\\\/perche-quello-che-state-facendo-educare-alla-pace-richiede-una-politica-migliore\\\/#primaryimage\",\"url\":\"https:\\\/\\\/exaudi.org\\\/wp-content\\\/uploads\\\/2023\\\/03\\\/cq5dam.web_.800.800-3-2.jpeg\",\"contentUrl\":\"https:\\\/\\\/exaudi.org\\\/wp-content\\\/uploads\\\/2023\\\/03\\\/cq5dam.web_.800.800-3-2.jpeg\",\"width\":800,\"height\":533,\"caption\":\"Foto file - Vatican News\"},{\"@type\":\"BreadcrumbList\",\"@id\":\"https:\\\/\\\/exaudi.org\\\/it\\\/perche-quello-che-state-facendo-educare-alla-pace-richiede-una-politica-migliore\\\/#breadcrumb\",\"itemListElement\":[{\"@type\":\"ListItem\",\"position\":1,\"name\":\"Portada\",\"item\":\"https:\\\/\\\/exaudi.org\\\/it\\\/\"},{\"@type\":\"ListItem\",\"position\":2,\"name\":\"Perch\u00e9 quello che state facendo, &#8220;Educare alla pace&#8221;, richiede una politica migliore\"}]},{\"@type\":\"WebSite\",\"@id\":\"https:\\\/\\\/exaudi.org\\\/#website\",\"url\":\"https:\\\/\\\/exaudi.org\\\/\",\"name\":\"Exaudi\",\"description\":\"News\",\"potentialAction\":[{\"@type\":\"SearchAction\",\"target\":{\"@type\":\"EntryPoint\",\"urlTemplate\":\"https:\\\/\\\/exaudi.org\\\/?s={search_term_string}\"},\"query-input\":{\"@type\":\"PropertyValueSpecification\",\"valueRequired\":true,\"valueName\":\"search_term_string\"}}],\"inLanguage\":\"it-IT\"},{\"@type\":\"Person\",\"@id\":\"https:\\\/\\\/exaudi.org\\\/#\\\/schema\\\/person\\\/e1ab6ed07c01774724dd96f925f3a5f0\",\"name\":\"Exaudi Redazione\",\"image\":{\"@type\":\"ImageObject\",\"inLanguage\":\"it-IT\",\"@id\":\"https:\\\/\\\/secure.gravatar.com\\\/avatar\\\/ad6774b3ada023bf5b939d64f45c94b3adf91502dd883507d469b4308a943bb3?s=96&d=mm&r=g\",\"url\":\"https:\\\/\\\/secure.gravatar.com\\\/avatar\\\/ad6774b3ada023bf5b939d64f45c94b3adf91502dd883507d469b4308a943bb3?s=96&d=mm&r=g\",\"contentUrl\":\"https:\\\/\\\/secure.gravatar.com\\\/avatar\\\/ad6774b3ada023bf5b939d64f45c94b3adf91502dd883507d469b4308a943bb3?s=96&d=mm&r=g\",\"caption\":\"Exaudi Redazione\"},\"description\":\"Che cosa \u00e8 Exaudi News? Exaudi News \u00e8 un agenzia cattolica internazionale che informa, istruisce e trasforma quotidianamente in spagnolo, inglese e italiano. Attraverso notizie, articoli di analisi e trasmissioni in diretta degli eventi del Papa, Exaudi cerca di rafforzare l'unit\u00e0 dei cristiani e di contribuire all'evangelizzazione del mondo, sempre guidato dalla dottrina sociale della Chiesa. Lavoriamo per portare la verit\u00e0 e i valori cristiani in ogni angolo del pianeta. Aiutaci a trasformare il mondo con Exaudi! Noi di Exaudi crediamo che l'evangelizzazione e l'informazione di qualit\u00e0 possano cambiare la vita. Per continuare la nostra missione ed espandere la nostra portata, abbiamo bisogno del tuo aiuto. Stiamo anche cercando persone motivate che vogliano unirsi al nostro team. Grazie al vostro sostegno raggiungeremo pi\u00f9 persone, diffonderemo il messaggio di Cristo e rafforzeremo l'unit\u00e0 dei cristiani. Vuoi unirti alla nostra missione? Per maggiori informazioni su come contribuire, visita Exaudi.org\\\/it o contattaci direttamente: info@exaudi.org Exaudi: informa, forma e trasforma.\",\"sameAs\":[\"https:\\\/\\\/www.facebook.com\\\/ExaudiNotizie\\\/\",\"https:\\\/\\\/www.instagram.com\\\/Exaudi_notizie\\\/\",\"https:\\\/\\\/x.com\\\/Exaudi_Notizie\",\"https:\\\/\\\/www.youtube.com\\\/@exaudicatholicnews\"],\"url\":\"https:\\\/\\\/exaudi.org\\\/it\\\/author\\\/dlvedi-org\\\/\"}]}<\/script>\n<!-- \/ Yoast SEO plugin. -->","yoast_head_json":{"title":"Perch\u00e9 quello che state facendo, \"Educare alla pace\", richiede una politica migliore &#8211; Exaudi","robots":{"index":"index","follow":"follow","max-snippet":"max-snippet:-1","max-image-preview":"max-image-preview:large","max-video-preview":"max-video-preview:-1"},"canonical":"https:\/\/exaudi.org\/it\/perche-quello-che-state-facendo-educare-alla-pace-richiede-una-politica-migliore\/","og_locale":"it_IT","og_type":"article","og_title":"Perch\u00e9 quello che state facendo, \"Educare alla pace\", richiede una politica migliore &#8211; Exaudi","og_description":"Udienza: il Papa con i giovani del \"Progetto Policoro\"","og_url":"https:\/\/exaudi.org\/it\/perche-quello-che-state-facendo-educare-alla-pace-richiede-una-politica-migliore\/","og_site_name":"Exaudi","article_publisher":"https:\/\/www.facebook.com\/ExaudiNews","article_author":"https:\/\/www.facebook.com\/ExaudiNotizie\/","article_published_time":"2023-03-18T17:03:11+00:00","article_modified_time":"2023-03-20T08:42:31+00:00","og_image":[{"width":800,"height":533,"url":"https:\/\/exaudi.org\/wp-content\/uploads\/2023\/03\/cq5dam.web_.800.800-3-2.jpeg","type":"image\/jpeg"}],"author":"Exaudi Redazione","twitter_card":"summary_large_image","twitter_creator":"@Exaudi_Notizie","twitter_site":"@Exaudi_News","twitter_misc":{"Scritto da":"Exaudi Redazione","Tempo di lettura stimato":"6 minuti"},"schema":{"@context":"https:\/\/schema.org","@graph":[{"@type":"Article","@id":"https:\/\/exaudi.org\/it\/perche-quello-che-state-facendo-educare-alla-pace-richiede-una-politica-migliore\/#article","isPartOf":{"@id":"https:\/\/exaudi.org\/it\/perche-quello-che-state-facendo-educare-alla-pace-richiede-una-politica-migliore\/"},"author":{"name":"Exaudi Redazione","@id":"https:\/\/exaudi.org\/#\/schema\/person\/e1ab6ed07c01774724dd96f925f3a5f0"},"headline":"Perch\u00e9 quello che state facendo, &#8220;Educare alla pace&#8221;, richiede una politica migliore","datePublished":"2023-03-18T17:03:11+00:00","dateModified":"2023-03-20T08:42:31+00:00","mainEntityOfPage":{"@id":"https:\/\/exaudi.org\/it\/perche-quello-che-state-facendo-educare-alla-pace-richiede-una-politica-migliore\/"},"wordCount":1160,"image":{"@id":"https:\/\/exaudi.org\/it\/perche-quello-che-state-facendo-educare-alla-pace-richiede-una-politica-migliore\/#primaryimage"},"thumbnailUrl":"https:\/\/exaudi.org\/wp-content\/uploads\/2023\/03\/cq5dam.web_.800.800-3-2.jpeg","keywords":["Papa Francesco","Progetto Policoro","Trending","udienza"],"articleSection":["Discorsi","Leone XIV"],"inLanguage":"it-IT"},{"@type":"WebPage","@id":"https:\/\/exaudi.org\/it\/perche-quello-che-state-facendo-educare-alla-pace-richiede-una-politica-migliore\/","url":"https:\/\/exaudi.org\/it\/perche-quello-che-state-facendo-educare-alla-pace-richiede-una-politica-migliore\/","name":"Perch\u00e9 quello che state facendo, \"Educare alla pace\", richiede una politica migliore &#8211; Exaudi","isPartOf":{"@id":"https:\/\/exaudi.org\/#website"},"primaryImageOfPage":{"@id":"https:\/\/exaudi.org\/it\/perche-quello-che-state-facendo-educare-alla-pace-richiede-una-politica-migliore\/#primaryimage"},"image":{"@id":"https:\/\/exaudi.org\/it\/perche-quello-che-state-facendo-educare-alla-pace-richiede-una-politica-migliore\/#primaryimage"},"thumbnailUrl":"https:\/\/exaudi.org\/wp-content\/uploads\/2023\/03\/cq5dam.web_.800.800-3-2.jpeg","datePublished":"2023-03-18T17:03:11+00:00","dateModified":"2023-03-20T08:42:31+00:00","author":{"@id":"https:\/\/exaudi.org\/#\/schema\/person\/e1ab6ed07c01774724dd96f925f3a5f0"},"breadcrumb":{"@id":"https:\/\/exaudi.org\/it\/perche-quello-che-state-facendo-educare-alla-pace-richiede-una-politica-migliore\/#breadcrumb"},"inLanguage":"it-IT","potentialAction":[{"@type":"ReadAction","target":["https:\/\/exaudi.org\/it\/perche-quello-che-state-facendo-educare-alla-pace-richiede-una-politica-migliore\/"]}]},{"@type":"ImageObject","inLanguage":"it-IT","@id":"https:\/\/exaudi.org\/it\/perche-quello-che-state-facendo-educare-alla-pace-richiede-una-politica-migliore\/#primaryimage","url":"https:\/\/exaudi.org\/wp-content\/uploads\/2023\/03\/cq5dam.web_.800.800-3-2.jpeg","contentUrl":"https:\/\/exaudi.org\/wp-content\/uploads\/2023\/03\/cq5dam.web_.800.800-3-2.jpeg","width":800,"height":533,"caption":"Foto file - Vatican News"},{"@type":"BreadcrumbList","@id":"https:\/\/exaudi.org\/it\/perche-quello-che-state-facendo-educare-alla-pace-richiede-una-politica-migliore\/#breadcrumb","itemListElement":[{"@type":"ListItem","position":1,"name":"Portada","item":"https:\/\/exaudi.org\/it\/"},{"@type":"ListItem","position":2,"name":"Perch\u00e9 quello che state facendo, &#8220;Educare alla pace&#8221;, richiede una politica migliore"}]},{"@type":"WebSite","@id":"https:\/\/exaudi.org\/#website","url":"https:\/\/exaudi.org\/","name":"Exaudi","description":"News","potentialAction":[{"@type":"SearchAction","target":{"@type":"EntryPoint","urlTemplate":"https:\/\/exaudi.org\/?s={search_term_string}"},"query-input":{"@type":"PropertyValueSpecification","valueRequired":true,"valueName":"search_term_string"}}],"inLanguage":"it-IT"},{"@type":"Person","@id":"https:\/\/exaudi.org\/#\/schema\/person\/e1ab6ed07c01774724dd96f925f3a5f0","name":"Exaudi Redazione","image":{"@type":"ImageObject","inLanguage":"it-IT","@id":"https:\/\/secure.gravatar.com\/avatar\/ad6774b3ada023bf5b939d64f45c94b3adf91502dd883507d469b4308a943bb3?s=96&d=mm&r=g","url":"https:\/\/secure.gravatar.com\/avatar\/ad6774b3ada023bf5b939d64f45c94b3adf91502dd883507d469b4308a943bb3?s=96&d=mm&r=g","contentUrl":"https:\/\/secure.gravatar.com\/avatar\/ad6774b3ada023bf5b939d64f45c94b3adf91502dd883507d469b4308a943bb3?s=96&d=mm&r=g","caption":"Exaudi Redazione"},"description":"Che cosa \u00e8 Exaudi News? Exaudi News \u00e8 un agenzia cattolica internazionale che informa, istruisce e trasforma quotidianamente in spagnolo, inglese e italiano. Attraverso notizie, articoli di analisi e trasmissioni in diretta degli eventi del Papa, Exaudi cerca di rafforzare l'unit\u00e0 dei cristiani e di contribuire all'evangelizzazione del mondo, sempre guidato dalla dottrina sociale della Chiesa. Lavoriamo per portare la verit\u00e0 e i valori cristiani in ogni angolo del pianeta. Aiutaci a trasformare il mondo con Exaudi! Noi di Exaudi crediamo che l'evangelizzazione e l'informazione di qualit\u00e0 possano cambiare la vita. Per continuare la nostra missione ed espandere la nostra portata, abbiamo bisogno del tuo aiuto. Stiamo anche cercando persone motivate che vogliano unirsi al nostro team. Grazie al vostro sostegno raggiungeremo pi\u00f9 persone, diffonderemo il messaggio di Cristo e rafforzeremo l'unit\u00e0 dei cristiani. Vuoi unirti alla nostra missione? Per maggiori informazioni su come contribuire, visita Exaudi.org\/it o contattaci direttamente: info@exaudi.org Exaudi: informa, forma e trasforma.","sameAs":["https:\/\/www.facebook.com\/ExaudiNotizie\/","https:\/\/www.instagram.com\/Exaudi_notizie\/","https:\/\/x.com\/Exaudi_Notizie","https:\/\/www.youtube.com\/@exaudicatholicnews"],"url":"https:\/\/exaudi.org\/it\/author\/dlvedi-org\/"}]}},"jetpack_featured_media_url":"https:\/\/exaudi.org\/wp-content\/uploads\/2023\/03\/cq5dam.web_.800.800-3-2.jpeg","jetpack_shortlink":"https:\/\/wp.me\/pgKjF2-iRq","_links":{"self":[{"href":"https:\/\/exaudi.org\/it\/wp-json\/wp\/v2\/posts\/72504","targetHints":{"allow":["GET"]}}],"collection":[{"href":"https:\/\/exaudi.org\/it\/wp-json\/wp\/v2\/posts"}],"about":[{"href":"https:\/\/exaudi.org\/it\/wp-json\/wp\/v2\/types\/post"}],"author":[{"embeddable":true,"href":"https:\/\/exaudi.org\/it\/wp-json\/wp\/v2\/users\/17"}],"replies":[{"embeddable":true,"href":"https:\/\/exaudi.org\/it\/wp-json\/wp\/v2\/comments?post=72504"}],"version-history":[{"count":0,"href":"https:\/\/exaudi.org\/it\/wp-json\/wp\/v2\/posts\/72504\/revisions"}],"wp:featuredmedia":[{"embeddable":true,"href":"https:\/\/exaudi.org\/it\/wp-json\/wp\/v2\/media\/72505"}],"wp:attachment":[{"href":"https:\/\/exaudi.org\/it\/wp-json\/wp\/v2\/media?parent=72504"}],"wp:term":[{"taxonomy":"category","embeddable":true,"href":"https:\/\/exaudi.org\/it\/wp-json\/wp\/v2\/categories?post=72504"},{"taxonomy":"post_tag","embeddable":true,"href":"https:\/\/exaudi.org\/it\/wp-json\/wp\/v2\/tags?post=72504"}],"curies":[{"name":"wp","href":"https:\/\/api.w.org\/{rel}","templated":true}]}}