{"id":72452,"date":"2023-03-17T16:00:10","date_gmt":"2023-03-17T15:00:10","guid":{"rendered":"https:\/\/exaudi.org\/?p=72452"},"modified":"2023-03-17T16:00:10","modified_gmt":"2023-03-17T15:00:10","slug":"lasciamoci-amare-da-dio-non-le-regole-non-le-disposizioni","status":"publish","type":"post","link":"https:\/\/exaudi.org\/it\/lasciamoci-amare-da-dio-non-le-regole-non-le-disposizioni\/","title":{"rendered":"&#8220;Lasciamoci amare da Dio. Non le regole, non le disposizioni&#8221;"},"content":{"rendered":"<p>Questa mattina, nel Palazzo Apostolico Vaticano, il Santo Padre Francesco ha ricevuto in Udienza i Membri della Congregazione di San Giuseppe (Giuseppini del Murialdo) in occasione del 150\u00b0 anniversario di fondazione.<\/p>\n<p>Pubblichiamo di seguito il discorso che il Papa ha rivolto ai presenti nel corso dell\u2019incontro:<\/p>\n<p><b><u>Discorso del Santo Padre<\/u><\/b><\/p>\n<p>Cari fratelli e sorelle, buongiorno e benvenuti!<\/p>\n<p>Ringrazio di cuore Padre Tullio Locatelli per le parole che mi ha rivolto, saluto i Vescovi presenti e la Madre Generale, e do il benvenuto a tutti voi.<\/p>\n<p>Ci incontriamo nel 150\u00b0 anniversario di fondazione della vostra Congregazione. Infatti, il diciannove marzo 1873 San Leonardo Murialdo fondava la\u00a0<i>Pia Societ\u00e0 Torinese di San Giuseppe<\/i>\u00a0per la cura e la formazione soprattutto dei giovani operai. A me fa pensare tanto questo tempo, l\u00ec, nel \u201cfuoco\u201d \u2013 diciamo cos\u00ec \u2013, nel centro della massoneria, a Torino, nel Piemonte, tanti santi, tanti! E dobbiamo studiare perch\u00e9, perch\u00e9 in quel momento. E proprio nel centro della massoneria e dei \u201cmangiapreti\u201d, i santi, e tanti, non uno, tanti. Dunque ha fondato a Torino, in questo contesto duro, segnato da tanta povert\u00e0 morale, culturale ed economica, di fronte alla quale non \u00e8 rimasto indifferente: ha raccolto la sfida e si \u00e8 messo al lavoro, in mezzo alla massoneria.<\/p>\n<p>Cos\u00ec \u00e8 nata una realt\u00e0 che nel corso di un secolo e mezzo si \u00e8 arricchita di persone, di opere, di esperienze culturali diverse, e soprattutto di tanto amore. Una realt\u00e0 composta oggi da circa cinquecento religiosi \u2013 sono pochi, dovete crescere un po\u2019! \u2013 e, inoltre, dalle suore\u00a0<i>Murialdine<\/i>\u00a0di San Giuseppe \u2013 alle quali pure facciamo gli auguri, nel settantesimo anniversario della loro fondazione \u2013, dall\u2019Istituto secolare e da parecchi laici, tutti uniti in un\u2019unica Famiglia. Tanto \u00e8 cresciuto il seme posto da Dio nella Chiesa per mezzo delle mani generose di San Leonardo Murialdo!<\/p>\n<p>Lo scorso anno, in occasione dell\u2019apertura di questa celebrazione giubilare, ho scritto al vostro Superiore Generale e vi auguravo di continuare a crescere nell\u2019\u00abarte di cogliere le esigenze dei tempi, e di provvedervi con la creativit\u00e0 dello Spirito Santo\u00bb. Non si pu\u00f2 controllare lo Spirito, \u00e8 Lui che ci porta avanti. Ci vogliono solo discernimento e fedelt\u00e0. Vi esortavo a prendervi cura specialmente dei \u00abpi\u00f9 giovani, i quali, oggi pi\u00f9 che mai, hanno bisogno di testimoni credibili\u00bb. E vi incoraggiavo a non smettere mai di sognare, sull\u2019esempio di San Giuseppe, vostro Patrono, e di San Leonardo, in spirito di autentica paternit\u00e01.<\/p>\n<p>Oggi, mentre vi rinnovo questo invito, vorrei sottolinearne tre aspetti, che mi sembrano importanti per la vostra vita e per il vostro apostolato. Essi sono: il\u00a0<i>primato dell\u2019amore di Dio<\/i>,\u00a0<i>l\u2019attenzione al mondo che cambia<\/i>\u00a0e\u00a0<i>la dolcezza paterna della carit\u00e0<\/i>.<\/p>\n<p>L\u2019<i>esperienza dell\u2019amore di Dio<\/i>\u00a0ha segnato profondamente la vita di San Leonardo. Lo sentiva in s\u00e9 forte, concreto, irresistibile, come lui stesso testimonia, scrivendo: \u00abDio mi ama. Che gioia! [\u2026] Non si dimentica mai di me, mi segue e mi guida sempre!\u00bb. E invitava i fratelli a lasciarsi prima di tutto amare da Dio. Lasciarsi amare da Dio: questo \u00e8 stato il segreto della sua vita e del suo apostolato. Non solo amare, no, lasciarsi amare. Quella passivit\u00e0 \u2013 sottolineo \u2013 quella passivit\u00e0 della vita consacrata, che cresce nel silenzio, nella preghiera, nella carit\u00e0 e nel servizio. E l\u2019invito vale anche per noi: lasciamoci amare da Dio per essere testimoni credibili del suo amore; lasciamo che sia sempre pi\u00f9 il suo amore a guidare i nostri affetti, pensieri e azioni. Non le regole, non le disposizioni.<\/p>\n<p>Un aneddoto: quando un Generale della Compagnia di Ges\u00f9, padre\u00a0<i>Ledochowski,\u00a0<\/i>ha voluto mettere insieme tutta la spiritualit\u00e0 della Compagnia in un libro, per \u201cregolare\u201d tutto \u2013 si regolava tutto, c\u2019era la regola del cuoco, tutto regolato, perch\u00e9 la Compagnia di Ges\u00f9 avesse davanti l\u2019ideale \u2013, invi\u00f2 il primo esemplare all\u2019abate benedettino, e lui gli rispose: \u201cCaro Padre Generale, con questo documento ha ucciso la Compagnia di Ges\u00f9!\u201d. Quando si vuole regolare tutto, si \u201cingabbia\u201d lo Spirito Santo. E ce ne sono tanti \u2013 religiosi, consacrati, preti e vescovi \u2013 che hanno ingabbiato lo Spirito Santo. Per favore, lasciare libert\u00e0, lasciare creativit\u00e0. Sempre camminare con la guida dello Spirito.<\/p>\n<p>San Leonardo Murialdo era certamente un uomo profondamente mistico. Proprio questo, per\u00f2, lo ha reso anche molto\u00a0<i>attento e sensibile ai bisogni degli uomini e delle donne del suo tempo<\/i>\u00a0(cfr\u00a0<i>2 Cor<\/i>\u00a05,14), di cui \u00e8 stato un osservatore acuto e un profeta coraggioso. Ha saputo accorgersi dell\u2019esistenza, attorno a s\u00e9, di disagi nuovi, gravi e spesso nascosti, e non ha esitato a prendersene cura. Ha insegnato in particolare ai giovani lavoratori a progettare il loro futuro, a far sentire la loro voce e ad aiutarsi a vicenda. Si \u00e8 fatto portavoce della parola profetica della Chiesa in un mondo dominato da interessi economici e di potere, dando voce ai pi\u00f9 emarginati. Ha saputo poi cogliere il valore del laicato nella vita e nell\u2019apostolato del Popolo di Dio. Nella seconda met\u00e0 dell\u2019ottocento, un secolo prima del\u00a0<i>Vaticano II<\/i>, diceva: \u00abIl laico, di qualsiasi ceto sociale, pu\u00f2 essere [\u2026] un apostolo non meno del prete e, per alcuni ambienti, pi\u00f9 del prete\u00bb2. Per quell\u2019epoca questo suona protestantesimo. Era coraggioso! Era un uomo di Dio intelligente, aperto! Vi invito a coltivare la sua stessa passione e il suo stesso coraggio: insieme, laici, religiosi e religiose, su strade condivise di preghiera, di discernimento e di lavoro, per essere artigiani di giustizia e di comunione.<\/p>\n<p>A questo proposito, vorrei fare riferimento a un ultimo valore importante del vostro carisma:\u00a0<i>la dolcezza paterna della carit\u00e0<\/i>. Possiate ricercarla e viverla tra voi, con spirito di fraternit\u00e0, ed esercitarla nei confronti di tutti. Essere come Maria nostra Madre: allo stesso tempo forti nella testimonianza e dolci nell\u2019amore. San Leonardo diceva: \u00abLa carit\u00e0 \u00e8 guardare e dire il bello di ognuno, perdonare di cuore, avere serenit\u00e0 di volto, affabilit\u00e0, dolcezza\u00bb. E per fare questo bisogna saper portare la croce. Ci vuole preghiera, ci vuole sacrificio. E ancora: \u00abCome senza fede non si piace a Dio, cos\u00ec senza dolcezza non si piace al prossimo\u00bb. Sono parole sue: un semplice e potente programma di vita e di apostolato.<\/p>\n<p>Vorrei anche dare testimonianza dei vostri studenti. Quando ero professore a San Miguel, loro studiavano l\u00ec, e avevano un Superiore molto pratico e molto bravo. Noi dicevamo che quel Giuseppino, il Superiore, era il \u201cpremio Nobel\u201d della furbizia! Perch\u00e9 era un uomo di Dio, ma un furbone! Si muoveva bene! Ricordo bene, un bel gruppo di studenti.<\/p>\n<p>Vorrei concludere ricordando proprio l\u2019invito del Murialdo alla santit\u00e0: \u00abFatevi santi \u2013 diceva \u2013 e fate presto&#8230; Perch\u00e9 il santo ha uno sguardo lungimirante, rende la vita pi\u00f9 umana, comunica speranza e fiducia e sa condividere la sua esperienza che Dio \u00e8 Amore\u00bb.<\/p>\n<p>Cari fratelli, care sorelle, vi ringrazio di ci\u00f2 che siete e di ci\u00f2 che fate nella Chiesa, sulle orme di San Leonardo e ispirati da San Giuseppe. Vi benedico tutti di cuore. E, mi raccomando, non dimenticatevi di pregare per me. Grazie!<\/p>\n<p>______________________<\/p>\n<p><sup>[1]<\/sup>\u00a0Cfr\u00a0<i>Lettera al Padre Generale della Congregazione di San Giuseppe nel 150\u00b0 anniversario di fondazione<\/i>, 2 marzo 2022.<\/p>\n<p><sup>[2]<\/sup>\u00a0S. Leonardo Murialdo,\u00a0<i>Discorso ad una conferenza di San Vincenzo<\/i>, Parigi, 1865.<\/p>\n","protected":false},"excerpt":{"rendered":"<p>Discorso del Papa per il 150\u00b0 anniversario della Congregazione di San Giuseppe <\/p>\n","protected":false},"author":17,"featured_media":72453,"comment_status":"closed","ping_status":"closed","sticky":false,"template":"","format":"standard","meta":{"_acf_changed":false,"_crdt_document":"","inline_featured_image":false,"footnotes":""},"categories":[123,67],"tags":[251,4952,1843],"class_list":["post-72452","post","type-post","status-publish","format-standard","has-post-thumbnail","hentry","category-discorsi","category-leone-xiv","tag-papa-francesco","tag-trending-it","tag-udienza"],"acf":[],"yoast_head":"<!-- This site is optimized with the Yoast SEO plugin v27.5 - https:\/\/yoast.com\/product\/yoast-seo-wordpress\/ -->\n<title>&quot;Lasciamoci amare da Dio. Non le regole, non le disposizioni&quot; &#8211; Exaudi<\/title>\n<meta name=\"robots\" content=\"index, follow, max-snippet:-1, max-image-preview:large, max-video-preview:-1\" \/>\n<link rel=\"canonical\" href=\"https:\/\/exaudi.org\/it\/lasciamoci-amare-da-dio-non-le-regole-non-le-disposizioni\/\" \/>\n<meta property=\"og:locale\" content=\"it_IT\" \/>\n<meta property=\"og:type\" content=\"article\" \/>\n<meta property=\"og:title\" content=\"&quot;Lasciamoci amare da Dio. Non le regole, non le disposizioni&quot; &#8211; Exaudi\" \/>\n<meta property=\"og:description\" content=\"Discorso del Papa per il 150\u00b0 anniversario della Congregazione di San Giuseppe\" \/>\n<meta property=\"og:url\" content=\"https:\/\/exaudi.org\/it\/lasciamoci-amare-da-dio-non-le-regole-non-le-disposizioni\/\" \/>\n<meta property=\"og:site_name\" content=\"Exaudi\" \/>\n<meta property=\"article:publisher\" content=\"https:\/\/www.facebook.com\/ExaudiNews\" \/>\n<meta property=\"article:author\" content=\"https:\/\/www.facebook.com\/ExaudiNotizie\/\" \/>\n<meta property=\"article:published_time\" content=\"2023-03-17T15:00:10+00:00\" \/>\n<meta property=\"og:image\" content=\"https:\/\/exaudi.org\/wp-content\/uploads\/2023\/03\/cq5dam.thumbnail.cropped.750.422-10.jpeg\" \/>\n\t<meta property=\"og:image:width\" content=\"750\" \/>\n\t<meta property=\"og:image:height\" content=\"422\" \/>\n\t<meta property=\"og:image:type\" content=\"image\/jpeg\" \/>\n<meta name=\"author\" content=\"Exaudi Redazione\" \/>\n<meta name=\"twitter:card\" content=\"summary_large_image\" \/>\n<meta name=\"twitter:creator\" content=\"@Exaudi_Notizie\" \/>\n<meta name=\"twitter:site\" content=\"@Exaudi_News\" \/>\n<meta name=\"twitter:label1\" content=\"Scritto da\" \/>\n\t<meta name=\"twitter:data1\" content=\"Exaudi Redazione\" \/>\n\t<meta name=\"twitter:label2\" content=\"Tempo di lettura stimato\" \/>\n\t<meta name=\"twitter:data2\" content=\"6 minuti\" \/>\n<script type=\"application\/ld+json\" class=\"yoast-schema-graph\">{\"@context\":\"https:\\\/\\\/schema.org\",\"@graph\":[{\"@type\":\"Article\",\"@id\":\"https:\\\/\\\/exaudi.org\\\/it\\\/lasciamoci-amare-da-dio-non-le-regole-non-le-disposizioni\\\/#article\",\"isPartOf\":{\"@id\":\"https:\\\/\\\/exaudi.org\\\/it\\\/lasciamoci-amare-da-dio-non-le-regole-non-le-disposizioni\\\/\"},\"author\":{\"name\":\"Exaudi Redazione\",\"@id\":\"https:\\\/\\\/exaudi.org\\\/#\\\/schema\\\/person\\\/e1ab6ed07c01774724dd96f925f3a5f0\"},\"headline\":\"&#8220;Lasciamoci amare da Dio. Non le regole, non le disposizioni&#8221;\",\"datePublished\":\"2023-03-17T15:00:10+00:00\",\"mainEntityOfPage\":{\"@id\":\"https:\\\/\\\/exaudi.org\\\/it\\\/lasciamoci-amare-da-dio-non-le-regole-non-le-disposizioni\\\/\"},\"wordCount\":1188,\"image\":{\"@id\":\"https:\\\/\\\/exaudi.org\\\/it\\\/lasciamoci-amare-da-dio-non-le-regole-non-le-disposizioni\\\/#primaryimage\"},\"thumbnailUrl\":\"https:\\\/\\\/exaudi.org\\\/wp-content\\\/uploads\\\/2023\\\/03\\\/cq5dam.thumbnail.cropped.750.422-10.jpeg\",\"keywords\":[\"Papa Francesco\",\"Trending\",\"udienza\"],\"articleSection\":[\"Discorsi\",\"Leone XIV\"],\"inLanguage\":\"it-IT\"},{\"@type\":\"WebPage\",\"@id\":\"https:\\\/\\\/exaudi.org\\\/it\\\/lasciamoci-amare-da-dio-non-le-regole-non-le-disposizioni\\\/\",\"url\":\"https:\\\/\\\/exaudi.org\\\/it\\\/lasciamoci-amare-da-dio-non-le-regole-non-le-disposizioni\\\/\",\"name\":\"\\\"Lasciamoci amare da Dio. Non le regole, non le disposizioni\\\" &#8211; Exaudi\",\"isPartOf\":{\"@id\":\"https:\\\/\\\/exaudi.org\\\/#website\"},\"primaryImageOfPage\":{\"@id\":\"https:\\\/\\\/exaudi.org\\\/it\\\/lasciamoci-amare-da-dio-non-le-regole-non-le-disposizioni\\\/#primaryimage\"},\"image\":{\"@id\":\"https:\\\/\\\/exaudi.org\\\/it\\\/lasciamoci-amare-da-dio-non-le-regole-non-le-disposizioni\\\/#primaryimage\"},\"thumbnailUrl\":\"https:\\\/\\\/exaudi.org\\\/wp-content\\\/uploads\\\/2023\\\/03\\\/cq5dam.thumbnail.cropped.750.422-10.jpeg\",\"datePublished\":\"2023-03-17T15:00:10+00:00\",\"author\":{\"@id\":\"https:\\\/\\\/exaudi.org\\\/#\\\/schema\\\/person\\\/e1ab6ed07c01774724dd96f925f3a5f0\"},\"breadcrumb\":{\"@id\":\"https:\\\/\\\/exaudi.org\\\/it\\\/lasciamoci-amare-da-dio-non-le-regole-non-le-disposizioni\\\/#breadcrumb\"},\"inLanguage\":\"it-IT\",\"potentialAction\":[{\"@type\":\"ReadAction\",\"target\":[\"https:\\\/\\\/exaudi.org\\\/it\\\/lasciamoci-amare-da-dio-non-le-regole-non-le-disposizioni\\\/\"]}]},{\"@type\":\"ImageObject\",\"inLanguage\":\"it-IT\",\"@id\":\"https:\\\/\\\/exaudi.org\\\/it\\\/lasciamoci-amare-da-dio-non-le-regole-non-le-disposizioni\\\/#primaryimage\",\"url\":\"https:\\\/\\\/exaudi.org\\\/wp-content\\\/uploads\\\/2023\\\/03\\\/cq5dam.thumbnail.cropped.750.422-10.jpeg\",\"contentUrl\":\"https:\\\/\\\/exaudi.org\\\/wp-content\\\/uploads\\\/2023\\\/03\\\/cq5dam.thumbnail.cropped.750.422-10.jpeg\",\"width\":750,\"height\":422,\"caption\":\"Vatican News\"},{\"@type\":\"BreadcrumbList\",\"@id\":\"https:\\\/\\\/exaudi.org\\\/it\\\/lasciamoci-amare-da-dio-non-le-regole-non-le-disposizioni\\\/#breadcrumb\",\"itemListElement\":[{\"@type\":\"ListItem\",\"position\":1,\"name\":\"Portada\",\"item\":\"https:\\\/\\\/exaudi.org\\\/it\\\/\"},{\"@type\":\"ListItem\",\"position\":2,\"name\":\"&#8220;Lasciamoci amare da Dio. Non le regole, non le disposizioni&#8221;\"}]},{\"@type\":\"WebSite\",\"@id\":\"https:\\\/\\\/exaudi.org\\\/#website\",\"url\":\"https:\\\/\\\/exaudi.org\\\/\",\"name\":\"Exaudi\",\"description\":\"News\",\"potentialAction\":[{\"@type\":\"SearchAction\",\"target\":{\"@type\":\"EntryPoint\",\"urlTemplate\":\"https:\\\/\\\/exaudi.org\\\/?s={search_term_string}\"},\"query-input\":{\"@type\":\"PropertyValueSpecification\",\"valueRequired\":true,\"valueName\":\"search_term_string\"}}],\"inLanguage\":\"it-IT\"},{\"@type\":\"Person\",\"@id\":\"https:\\\/\\\/exaudi.org\\\/#\\\/schema\\\/person\\\/e1ab6ed07c01774724dd96f925f3a5f0\",\"name\":\"Exaudi Redazione\",\"image\":{\"@type\":\"ImageObject\",\"inLanguage\":\"it-IT\",\"@id\":\"https:\\\/\\\/secure.gravatar.com\\\/avatar\\\/ad6774b3ada023bf5b939d64f45c94b3adf91502dd883507d469b4308a943bb3?s=96&d=mm&r=g\",\"url\":\"https:\\\/\\\/secure.gravatar.com\\\/avatar\\\/ad6774b3ada023bf5b939d64f45c94b3adf91502dd883507d469b4308a943bb3?s=96&d=mm&r=g\",\"contentUrl\":\"https:\\\/\\\/secure.gravatar.com\\\/avatar\\\/ad6774b3ada023bf5b939d64f45c94b3adf91502dd883507d469b4308a943bb3?s=96&d=mm&r=g\",\"caption\":\"Exaudi Redazione\"},\"description\":\"Che cosa \u00e8 Exaudi News? Exaudi News \u00e8 un agenzia cattolica internazionale che informa, istruisce e trasforma quotidianamente in spagnolo, inglese e italiano. Attraverso notizie, articoli di analisi e trasmissioni in diretta degli eventi del Papa, Exaudi cerca di rafforzare l'unit\u00e0 dei cristiani e di contribuire all'evangelizzazione del mondo, sempre guidato dalla dottrina sociale della Chiesa. Lavoriamo per portare la verit\u00e0 e i valori cristiani in ogni angolo del pianeta. Aiutaci a trasformare il mondo con Exaudi! Noi di Exaudi crediamo che l'evangelizzazione e l'informazione di qualit\u00e0 possano cambiare la vita. Per continuare la nostra missione ed espandere la nostra portata, abbiamo bisogno del tuo aiuto. Stiamo anche cercando persone motivate che vogliano unirsi al nostro team. Grazie al vostro sostegno raggiungeremo pi\u00f9 persone, diffonderemo il messaggio di Cristo e rafforzeremo l'unit\u00e0 dei cristiani. Vuoi unirti alla nostra missione? Per maggiori informazioni su come contribuire, visita Exaudi.org\\\/it o contattaci direttamente: info@exaudi.org Exaudi: informa, forma e trasforma.\",\"sameAs\":[\"https:\\\/\\\/www.facebook.com\\\/ExaudiNotizie\\\/\",\"https:\\\/\\\/www.instagram.com\\\/Exaudi_notizie\\\/\",\"https:\\\/\\\/x.com\\\/Exaudi_Notizie\",\"https:\\\/\\\/www.youtube.com\\\/@exaudicatholicnews\"],\"url\":\"https:\\\/\\\/exaudi.org\\\/it\\\/author\\\/dlvedi-org\\\/\"}]}<\/script>\n<!-- \/ Yoast SEO plugin. -->","yoast_head_json":{"title":"\"Lasciamoci amare da Dio. Non le regole, non le disposizioni\" &#8211; Exaudi","robots":{"index":"index","follow":"follow","max-snippet":"max-snippet:-1","max-image-preview":"max-image-preview:large","max-video-preview":"max-video-preview:-1"},"canonical":"https:\/\/exaudi.org\/it\/lasciamoci-amare-da-dio-non-le-regole-non-le-disposizioni\/","og_locale":"it_IT","og_type":"article","og_title":"\"Lasciamoci amare da Dio. Non le regole, non le disposizioni\" &#8211; Exaudi","og_description":"Discorso del Papa per il 150\u00b0 anniversario della Congregazione di San Giuseppe","og_url":"https:\/\/exaudi.org\/it\/lasciamoci-amare-da-dio-non-le-regole-non-le-disposizioni\/","og_site_name":"Exaudi","article_publisher":"https:\/\/www.facebook.com\/ExaudiNews","article_author":"https:\/\/www.facebook.com\/ExaudiNotizie\/","article_published_time":"2023-03-17T15:00:10+00:00","og_image":[{"width":750,"height":422,"url":"https:\/\/exaudi.org\/wp-content\/uploads\/2023\/03\/cq5dam.thumbnail.cropped.750.422-10.jpeg","type":"image\/jpeg"}],"author":"Exaudi Redazione","twitter_card":"summary_large_image","twitter_creator":"@Exaudi_Notizie","twitter_site":"@Exaudi_News","twitter_misc":{"Scritto da":"Exaudi Redazione","Tempo di lettura stimato":"6 minuti"},"schema":{"@context":"https:\/\/schema.org","@graph":[{"@type":"Article","@id":"https:\/\/exaudi.org\/it\/lasciamoci-amare-da-dio-non-le-regole-non-le-disposizioni\/#article","isPartOf":{"@id":"https:\/\/exaudi.org\/it\/lasciamoci-amare-da-dio-non-le-regole-non-le-disposizioni\/"},"author":{"name":"Exaudi Redazione","@id":"https:\/\/exaudi.org\/#\/schema\/person\/e1ab6ed07c01774724dd96f925f3a5f0"},"headline":"&#8220;Lasciamoci amare da Dio. Non le regole, non le disposizioni&#8221;","datePublished":"2023-03-17T15:00:10+00:00","mainEntityOfPage":{"@id":"https:\/\/exaudi.org\/it\/lasciamoci-amare-da-dio-non-le-regole-non-le-disposizioni\/"},"wordCount":1188,"image":{"@id":"https:\/\/exaudi.org\/it\/lasciamoci-amare-da-dio-non-le-regole-non-le-disposizioni\/#primaryimage"},"thumbnailUrl":"https:\/\/exaudi.org\/wp-content\/uploads\/2023\/03\/cq5dam.thumbnail.cropped.750.422-10.jpeg","keywords":["Papa Francesco","Trending","udienza"],"articleSection":["Discorsi","Leone XIV"],"inLanguage":"it-IT"},{"@type":"WebPage","@id":"https:\/\/exaudi.org\/it\/lasciamoci-amare-da-dio-non-le-regole-non-le-disposizioni\/","url":"https:\/\/exaudi.org\/it\/lasciamoci-amare-da-dio-non-le-regole-non-le-disposizioni\/","name":"\"Lasciamoci amare da Dio. Non le regole, non le disposizioni\" &#8211; Exaudi","isPartOf":{"@id":"https:\/\/exaudi.org\/#website"},"primaryImageOfPage":{"@id":"https:\/\/exaudi.org\/it\/lasciamoci-amare-da-dio-non-le-regole-non-le-disposizioni\/#primaryimage"},"image":{"@id":"https:\/\/exaudi.org\/it\/lasciamoci-amare-da-dio-non-le-regole-non-le-disposizioni\/#primaryimage"},"thumbnailUrl":"https:\/\/exaudi.org\/wp-content\/uploads\/2023\/03\/cq5dam.thumbnail.cropped.750.422-10.jpeg","datePublished":"2023-03-17T15:00:10+00:00","author":{"@id":"https:\/\/exaudi.org\/#\/schema\/person\/e1ab6ed07c01774724dd96f925f3a5f0"},"breadcrumb":{"@id":"https:\/\/exaudi.org\/it\/lasciamoci-amare-da-dio-non-le-regole-non-le-disposizioni\/#breadcrumb"},"inLanguage":"it-IT","potentialAction":[{"@type":"ReadAction","target":["https:\/\/exaudi.org\/it\/lasciamoci-amare-da-dio-non-le-regole-non-le-disposizioni\/"]}]},{"@type":"ImageObject","inLanguage":"it-IT","@id":"https:\/\/exaudi.org\/it\/lasciamoci-amare-da-dio-non-le-regole-non-le-disposizioni\/#primaryimage","url":"https:\/\/exaudi.org\/wp-content\/uploads\/2023\/03\/cq5dam.thumbnail.cropped.750.422-10.jpeg","contentUrl":"https:\/\/exaudi.org\/wp-content\/uploads\/2023\/03\/cq5dam.thumbnail.cropped.750.422-10.jpeg","width":750,"height":422,"caption":"Vatican News"},{"@type":"BreadcrumbList","@id":"https:\/\/exaudi.org\/it\/lasciamoci-amare-da-dio-non-le-regole-non-le-disposizioni\/#breadcrumb","itemListElement":[{"@type":"ListItem","position":1,"name":"Portada","item":"https:\/\/exaudi.org\/it\/"},{"@type":"ListItem","position":2,"name":"&#8220;Lasciamoci amare da Dio. Non le regole, non le disposizioni&#8221;"}]},{"@type":"WebSite","@id":"https:\/\/exaudi.org\/#website","url":"https:\/\/exaudi.org\/","name":"Exaudi","description":"News","potentialAction":[{"@type":"SearchAction","target":{"@type":"EntryPoint","urlTemplate":"https:\/\/exaudi.org\/?s={search_term_string}"},"query-input":{"@type":"PropertyValueSpecification","valueRequired":true,"valueName":"search_term_string"}}],"inLanguage":"it-IT"},{"@type":"Person","@id":"https:\/\/exaudi.org\/#\/schema\/person\/e1ab6ed07c01774724dd96f925f3a5f0","name":"Exaudi Redazione","image":{"@type":"ImageObject","inLanguage":"it-IT","@id":"https:\/\/secure.gravatar.com\/avatar\/ad6774b3ada023bf5b939d64f45c94b3adf91502dd883507d469b4308a943bb3?s=96&d=mm&r=g","url":"https:\/\/secure.gravatar.com\/avatar\/ad6774b3ada023bf5b939d64f45c94b3adf91502dd883507d469b4308a943bb3?s=96&d=mm&r=g","contentUrl":"https:\/\/secure.gravatar.com\/avatar\/ad6774b3ada023bf5b939d64f45c94b3adf91502dd883507d469b4308a943bb3?s=96&d=mm&r=g","caption":"Exaudi Redazione"},"description":"Che cosa \u00e8 Exaudi News? Exaudi News \u00e8 un agenzia cattolica internazionale che informa, istruisce e trasforma quotidianamente in spagnolo, inglese e italiano. Attraverso notizie, articoli di analisi e trasmissioni in diretta degli eventi del Papa, Exaudi cerca di rafforzare l'unit\u00e0 dei cristiani e di contribuire all'evangelizzazione del mondo, sempre guidato dalla dottrina sociale della Chiesa. Lavoriamo per portare la verit\u00e0 e i valori cristiani in ogni angolo del pianeta. Aiutaci a trasformare il mondo con Exaudi! Noi di Exaudi crediamo che l'evangelizzazione e l'informazione di qualit\u00e0 possano cambiare la vita. Per continuare la nostra missione ed espandere la nostra portata, abbiamo bisogno del tuo aiuto. Stiamo anche cercando persone motivate che vogliano unirsi al nostro team. Grazie al vostro sostegno raggiungeremo pi\u00f9 persone, diffonderemo il messaggio di Cristo e rafforzeremo l'unit\u00e0 dei cristiani. Vuoi unirti alla nostra missione? Per maggiori informazioni su come contribuire, visita Exaudi.org\/it o contattaci direttamente: info@exaudi.org Exaudi: informa, forma e trasforma.","sameAs":["https:\/\/www.facebook.com\/ExaudiNotizie\/","https:\/\/www.instagram.com\/Exaudi_notizie\/","https:\/\/x.com\/Exaudi_Notizie","https:\/\/www.youtube.com\/@exaudicatholicnews"],"url":"https:\/\/exaudi.org\/it\/author\/dlvedi-org\/"}]}},"jetpack_featured_media_url":"https:\/\/exaudi.org\/wp-content\/uploads\/2023\/03\/cq5dam.thumbnail.cropped.750.422-10.jpeg","jetpack_shortlink":"https:\/\/wp.me\/pgKjF2-iQA","_links":{"self":[{"href":"https:\/\/exaudi.org\/it\/wp-json\/wp\/v2\/posts\/72452","targetHints":{"allow":["GET"]}}],"collection":[{"href":"https:\/\/exaudi.org\/it\/wp-json\/wp\/v2\/posts"}],"about":[{"href":"https:\/\/exaudi.org\/it\/wp-json\/wp\/v2\/types\/post"}],"author":[{"embeddable":true,"href":"https:\/\/exaudi.org\/it\/wp-json\/wp\/v2\/users\/17"}],"replies":[{"embeddable":true,"href":"https:\/\/exaudi.org\/it\/wp-json\/wp\/v2\/comments?post=72452"}],"version-history":[{"count":0,"href":"https:\/\/exaudi.org\/it\/wp-json\/wp\/v2\/posts\/72452\/revisions"}],"wp:featuredmedia":[{"embeddable":true,"href":"https:\/\/exaudi.org\/it\/wp-json\/wp\/v2\/media\/72453"}],"wp:attachment":[{"href":"https:\/\/exaudi.org\/it\/wp-json\/wp\/v2\/media?parent=72452"}],"wp:term":[{"taxonomy":"category","embeddable":true,"href":"https:\/\/exaudi.org\/it\/wp-json\/wp\/v2\/categories?post=72452"},{"taxonomy":"post_tag","embeddable":true,"href":"https:\/\/exaudi.org\/it\/wp-json\/wp\/v2\/tags?post=72452"}],"curies":[{"name":"wp","href":"https:\/\/api.w.org\/{rel}","templated":true}]}}