{"id":72326,"date":"2023-03-16T17:46:14","date_gmt":"2023-03-16T16:46:14","guid":{"rendered":"https:\/\/exaudi.org\/?p=72326"},"modified":"2023-03-16T17:46:14","modified_gmt":"2023-03-16T16:46:14","slug":"rafforziamo-la-coesistenza-pacifica-per-garantire-la-pace-e-la-stabilita","status":"publish","type":"post","link":"https:\/\/exaudi.org\/it\/rafforziamo-la-coesistenza-pacifica-per-garantire-la-pace-e-la-stabilita\/","title":{"rendered":"&#8220;Rafforziamo la coesistenza pacifica per garantire la pace e la stabilit\u00e0&#8221;"},"content":{"rendered":"<p><strong>Comunicato della Sala Stampa della Santa Sede:<\/strong><\/p>\n<p>Questa mattina, il Santo Padre Francesco ha ricevuto in Udienza il Primo Ministro\u00a0<i>ad interim<\/i>\u00a0del Libano, S.E. il Sig. Najib Mikati, il quale si \u00e8 successivamente incontrato con l\u2019Em.mo Cardinale Pietro Parolin, Segretario di Stato, accompagnato dall\u2019Ecc.mo Mons. Paul Richard Gallagher, Segretario per i Rapporti con gli Stati e le Organizzazioni Internazionali.<\/p>\n<p>Nel corso dei cordiali colloqui in Segreteria di Stato, \u00e8 stata ribadita la preoccupazione della Santa Sede per la difficile situazione socio-economica che la popolazione libanese sta vivendo, aggravata dallo stallo istituzionale in cui versa il Paese, che attende con urgenza l\u2019elezione di un nuovo Presidente della Repubblica.<\/p>\n<p>Nel sottolineare l\u2019importanza dell\u2019irrinunciabile presenza dei cristiani in Libano e in tutto il Medio Oriente, si \u00e8, altres\u00ec, ribadita la necessit\u00e0 che la convivenza pacifica tra i libanesi di diverse fedi venga rafforzata al fine di garantire pace e stabilit\u00e0 anche all\u2019intera regione.<\/p>\n","protected":false},"excerpt":{"rendered":"<p>Il Papa e il Ministro a interim del Libano S.E. il Sig. Najib Mikati<\/p>\n","protected":false},"author":17,"featured_media":72327,"comment_status":"closed","ping_status":"closed","sticky":false,"template":"","format":"standard","meta":{"_acf_changed":false,"_crdt_document":"","inline_featured_image":false,"footnotes":""},"categories":[67],"tags":[411,251,8648,4952,1843],"class_list":["post-72326","post","type-post","status-publish","format-standard","has-post-thumbnail","hentry","category-leone-xiv","tag-libano-it","tag-papa-francesco","tag-s-e-il-sig-najib-mikati","tag-trending-it","tag-udienza"],"acf":[],"yoast_head":"<!-- This site is optimized with the Yoast SEO plugin v27.4 - https:\/\/yoast.com\/product\/yoast-seo-wordpress\/ -->\n<title>&quot;Rafforziamo la coesistenza pacifica per garantire la pace e la stabilit\u00e0&quot; &#8211; Exaudi<\/title>\n<meta name=\"robots\" content=\"index, follow, max-snippet:-1, max-image-preview:large, max-video-preview:-1\" \/>\n<link rel=\"canonical\" href=\"https:\/\/exaudi.org\/it\/rafforziamo-la-coesistenza-pacifica-per-garantire-la-pace-e-la-stabilita\/\" \/>\n<meta property=\"og:locale\" content=\"it_IT\" \/>\n<meta property=\"og:type\" content=\"article\" \/>\n<meta property=\"og:title\" content=\"&quot;Rafforziamo la coesistenza pacifica per garantire la pace e la stabilit\u00e0&quot; &#8211; Exaudi\" \/>\n<meta property=\"og:description\" content=\"Il Papa e il Ministro a interim del Libano S.E. il Sig. Najib Mikati\" \/>\n<meta property=\"og:url\" content=\"https:\/\/exaudi.org\/it\/rafforziamo-la-coesistenza-pacifica-per-garantire-la-pace-e-la-stabilita\/\" \/>\n<meta property=\"og:site_name\" content=\"Exaudi\" \/>\n<meta property=\"article:publisher\" content=\"https:\/\/www.facebook.com\/ExaudiNews\" \/>\n<meta property=\"article:author\" content=\"https:\/\/www.facebook.com\/ExaudiNotizie\/\" \/>\n<meta property=\"article:published_time\" content=\"2023-03-16T16:46:14+00:00\" \/>\n<meta property=\"og:image\" content=\"https:\/\/exaudi.org\/wp-content\/uploads\/2023\/03\/cq5dam.thumbnail.cropped.750.422-1-6.jpeg\" \/>\n\t<meta property=\"og:image:width\" content=\"750\" \/>\n\t<meta property=\"og:image:height\" content=\"422\" \/>\n\t<meta property=\"og:image:type\" content=\"image\/jpeg\" \/>\n<meta name=\"author\" content=\"Exaudi Redazione\" \/>\n<meta name=\"twitter:card\" content=\"summary_large_image\" \/>\n<meta name=\"twitter:creator\" content=\"@Exaudi_Notizie\" \/>\n<meta name=\"twitter:site\" content=\"@Exaudi_News\" \/>\n<meta name=\"twitter:label1\" content=\"Scritto da\" \/>\n\t<meta name=\"twitter:data1\" content=\"Exaudi Redazione\" \/>\n\t<meta name=\"twitter:label2\" content=\"Tempo di lettura stimato\" \/>\n\t<meta name=\"twitter:data2\" content=\"1 minuto\" \/>\n<script type=\"application\/ld+json\" class=\"yoast-schema-graph\">{\"@context\":\"https:\\\/\\\/schema.org\",\"@graph\":[{\"@type\":\"Article\",\"@id\":\"https:\\\/\\\/exaudi.org\\\/it\\\/rafforziamo-la-coesistenza-pacifica-per-garantire-la-pace-e-la-stabilita\\\/#article\",\"isPartOf\":{\"@id\":\"https:\\\/\\\/exaudi.org\\\/it\\\/rafforziamo-la-coesistenza-pacifica-per-garantire-la-pace-e-la-stabilita\\\/\"},\"author\":{\"name\":\"Exaudi Redazione\",\"@id\":\"https:\\\/\\\/exaudi.org\\\/#\\\/schema\\\/person\\\/e1ab6ed07c01774724dd96f925f3a5f0\"},\"headline\":\"&#8220;Rafforziamo la coesistenza pacifica per garantire la pace e la stabilit\u00e0&#8221;\",\"datePublished\":\"2023-03-16T16:46:14+00:00\",\"mainEntityOfPage\":{\"@id\":\"https:\\\/\\\/exaudi.org\\\/it\\\/rafforziamo-la-coesistenza-pacifica-per-garantire-la-pace-e-la-stabilita\\\/\"},\"wordCount\":168,\"image\":{\"@id\":\"https:\\\/\\\/exaudi.org\\\/it\\\/rafforziamo-la-coesistenza-pacifica-per-garantire-la-pace-e-la-stabilita\\\/#primaryimage\"},\"thumbnailUrl\":\"https:\\\/\\\/exaudi.org\\\/wp-content\\\/uploads\\\/2023\\\/03\\\/cq5dam.thumbnail.cropped.750.422-1-6.jpeg\",\"keywords\":[\"L\u00edbano\",\"Papa Francesco\",\"S.E. il Sig. Najib Mikati\",\"Trending\",\"udienza\"],\"articleSection\":[\"Leone XIV\"],\"inLanguage\":\"it-IT\"},{\"@type\":\"WebPage\",\"@id\":\"https:\\\/\\\/exaudi.org\\\/it\\\/rafforziamo-la-coesistenza-pacifica-per-garantire-la-pace-e-la-stabilita\\\/\",\"url\":\"https:\\\/\\\/exaudi.org\\\/it\\\/rafforziamo-la-coesistenza-pacifica-per-garantire-la-pace-e-la-stabilita\\\/\",\"name\":\"\\\"Rafforziamo la coesistenza pacifica per garantire la pace e la stabilit\u00e0\\\" &#8211; Exaudi\",\"isPartOf\":{\"@id\":\"https:\\\/\\\/exaudi.org\\\/#website\"},\"primaryImageOfPage\":{\"@id\":\"https:\\\/\\\/exaudi.org\\\/it\\\/rafforziamo-la-coesistenza-pacifica-per-garantire-la-pace-e-la-stabilita\\\/#primaryimage\"},\"image\":{\"@id\":\"https:\\\/\\\/exaudi.org\\\/it\\\/rafforziamo-la-coesistenza-pacifica-per-garantire-la-pace-e-la-stabilita\\\/#primaryimage\"},\"thumbnailUrl\":\"https:\\\/\\\/exaudi.org\\\/wp-content\\\/uploads\\\/2023\\\/03\\\/cq5dam.thumbnail.cropped.750.422-1-6.jpeg\",\"datePublished\":\"2023-03-16T16:46:14+00:00\",\"author\":{\"@id\":\"https:\\\/\\\/exaudi.org\\\/#\\\/schema\\\/person\\\/e1ab6ed07c01774724dd96f925f3a5f0\"},\"breadcrumb\":{\"@id\":\"https:\\\/\\\/exaudi.org\\\/it\\\/rafforziamo-la-coesistenza-pacifica-per-garantire-la-pace-e-la-stabilita\\\/#breadcrumb\"},\"inLanguage\":\"it-IT\",\"potentialAction\":[{\"@type\":\"ReadAction\",\"target\":[\"https:\\\/\\\/exaudi.org\\\/it\\\/rafforziamo-la-coesistenza-pacifica-per-garantire-la-pace-e-la-stabilita\\\/\"]}]},{\"@type\":\"ImageObject\",\"inLanguage\":\"it-IT\",\"@id\":\"https:\\\/\\\/exaudi.org\\\/it\\\/rafforziamo-la-coesistenza-pacifica-per-garantire-la-pace-e-la-stabilita\\\/#primaryimage\",\"url\":\"https:\\\/\\\/exaudi.org\\\/wp-content\\\/uploads\\\/2023\\\/03\\\/cq5dam.thumbnail.cropped.750.422-1-6.jpeg\",\"contentUrl\":\"https:\\\/\\\/exaudi.org\\\/wp-content\\\/uploads\\\/2023\\\/03\\\/cq5dam.thumbnail.cropped.750.422-1-6.jpeg\",\"width\":750,\"height\":422,\"caption\":\"Vatican News\"},{\"@type\":\"BreadcrumbList\",\"@id\":\"https:\\\/\\\/exaudi.org\\\/it\\\/rafforziamo-la-coesistenza-pacifica-per-garantire-la-pace-e-la-stabilita\\\/#breadcrumb\",\"itemListElement\":[{\"@type\":\"ListItem\",\"position\":1,\"name\":\"Portada\",\"item\":\"https:\\\/\\\/exaudi.org\\\/it\\\/\"},{\"@type\":\"ListItem\",\"position\":2,\"name\":\"&#8220;Rafforziamo la coesistenza pacifica per garantire la pace e la stabilit\u00e0&#8221;\"}]},{\"@type\":\"WebSite\",\"@id\":\"https:\\\/\\\/exaudi.org\\\/#website\",\"url\":\"https:\\\/\\\/exaudi.org\\\/\",\"name\":\"Exaudi\",\"description\":\"News\",\"potentialAction\":[{\"@type\":\"SearchAction\",\"target\":{\"@type\":\"EntryPoint\",\"urlTemplate\":\"https:\\\/\\\/exaudi.org\\\/?s={search_term_string}\"},\"query-input\":{\"@type\":\"PropertyValueSpecification\",\"valueRequired\":true,\"valueName\":\"search_term_string\"}}],\"inLanguage\":\"it-IT\"},{\"@type\":\"Person\",\"@id\":\"https:\\\/\\\/exaudi.org\\\/#\\\/schema\\\/person\\\/e1ab6ed07c01774724dd96f925f3a5f0\",\"name\":\"Exaudi Redazione\",\"image\":{\"@type\":\"ImageObject\",\"inLanguage\":\"it-IT\",\"@id\":\"https:\\\/\\\/secure.gravatar.com\\\/avatar\\\/ad6774b3ada023bf5b939d64f45c94b3adf91502dd883507d469b4308a943bb3?s=96&d=mm&r=g\",\"url\":\"https:\\\/\\\/secure.gravatar.com\\\/avatar\\\/ad6774b3ada023bf5b939d64f45c94b3adf91502dd883507d469b4308a943bb3?s=96&d=mm&r=g\",\"contentUrl\":\"https:\\\/\\\/secure.gravatar.com\\\/avatar\\\/ad6774b3ada023bf5b939d64f45c94b3adf91502dd883507d469b4308a943bb3?s=96&d=mm&r=g\",\"caption\":\"Exaudi Redazione\"},\"description\":\"Che cosa \u00e8 Exaudi News? Exaudi News \u00e8 un agenzia cattolica internazionale che informa, istruisce e trasforma quotidianamente in spagnolo, inglese e italiano. Attraverso notizie, articoli di analisi e trasmissioni in diretta degli eventi del Papa, Exaudi cerca di rafforzare l'unit\u00e0 dei cristiani e di contribuire all'evangelizzazione del mondo, sempre guidato dalla dottrina sociale della Chiesa. Lavoriamo per portare la verit\u00e0 e i valori cristiani in ogni angolo del pianeta. Aiutaci a trasformare il mondo con Exaudi! Noi di Exaudi crediamo che l'evangelizzazione e l'informazione di qualit\u00e0 possano cambiare la vita. Per continuare la nostra missione ed espandere la nostra portata, abbiamo bisogno del tuo aiuto. Stiamo anche cercando persone motivate che vogliano unirsi al nostro team. Grazie al vostro sostegno raggiungeremo pi\u00f9 persone, diffonderemo il messaggio di Cristo e rafforzeremo l'unit\u00e0 dei cristiani. Vuoi unirti alla nostra missione? Per maggiori informazioni su come contribuire, visita Exaudi.org\\\/it o contattaci direttamente: info@exaudi.org Exaudi: informa, forma e trasforma.\",\"sameAs\":[\"https:\\\/\\\/www.facebook.com\\\/ExaudiNotizie\\\/\",\"https:\\\/\\\/www.instagram.com\\\/Exaudi_notizie\\\/\",\"https:\\\/\\\/x.com\\\/Exaudi_Notizie\",\"https:\\\/\\\/www.youtube.com\\\/@exaudicatholicnews\"],\"url\":\"https:\\\/\\\/exaudi.org\\\/it\\\/author\\\/dlvedi-org\\\/\"}]}<\/script>\n<!-- \/ Yoast SEO plugin. -->","yoast_head_json":{"title":"\"Rafforziamo la coesistenza pacifica per garantire la pace e la stabilit\u00e0\" &#8211; Exaudi","robots":{"index":"index","follow":"follow","max-snippet":"max-snippet:-1","max-image-preview":"max-image-preview:large","max-video-preview":"max-video-preview:-1"},"canonical":"https:\/\/exaudi.org\/it\/rafforziamo-la-coesistenza-pacifica-per-garantire-la-pace-e-la-stabilita\/","og_locale":"it_IT","og_type":"article","og_title":"\"Rafforziamo la coesistenza pacifica per garantire la pace e la stabilit\u00e0\" &#8211; Exaudi","og_description":"Il Papa e il Ministro a interim del Libano S.E. il Sig. Najib Mikati","og_url":"https:\/\/exaudi.org\/it\/rafforziamo-la-coesistenza-pacifica-per-garantire-la-pace-e-la-stabilita\/","og_site_name":"Exaudi","article_publisher":"https:\/\/www.facebook.com\/ExaudiNews","article_author":"https:\/\/www.facebook.com\/ExaudiNotizie\/","article_published_time":"2023-03-16T16:46:14+00:00","og_image":[{"width":750,"height":422,"url":"https:\/\/exaudi.org\/wp-content\/uploads\/2023\/03\/cq5dam.thumbnail.cropped.750.422-1-6.jpeg","type":"image\/jpeg"}],"author":"Exaudi Redazione","twitter_card":"summary_large_image","twitter_creator":"@Exaudi_Notizie","twitter_site":"@Exaudi_News","twitter_misc":{"Scritto da":"Exaudi Redazione","Tempo di lettura stimato":"1 minuto"},"schema":{"@context":"https:\/\/schema.org","@graph":[{"@type":"Article","@id":"https:\/\/exaudi.org\/it\/rafforziamo-la-coesistenza-pacifica-per-garantire-la-pace-e-la-stabilita\/#article","isPartOf":{"@id":"https:\/\/exaudi.org\/it\/rafforziamo-la-coesistenza-pacifica-per-garantire-la-pace-e-la-stabilita\/"},"author":{"name":"Exaudi Redazione","@id":"https:\/\/exaudi.org\/#\/schema\/person\/e1ab6ed07c01774724dd96f925f3a5f0"},"headline":"&#8220;Rafforziamo la coesistenza pacifica per garantire la pace e la stabilit\u00e0&#8221;","datePublished":"2023-03-16T16:46:14+00:00","mainEntityOfPage":{"@id":"https:\/\/exaudi.org\/it\/rafforziamo-la-coesistenza-pacifica-per-garantire-la-pace-e-la-stabilita\/"},"wordCount":168,"image":{"@id":"https:\/\/exaudi.org\/it\/rafforziamo-la-coesistenza-pacifica-per-garantire-la-pace-e-la-stabilita\/#primaryimage"},"thumbnailUrl":"https:\/\/exaudi.org\/wp-content\/uploads\/2023\/03\/cq5dam.thumbnail.cropped.750.422-1-6.jpeg","keywords":["L\u00edbano","Papa Francesco","S.E. il Sig. Najib Mikati","Trending","udienza"],"articleSection":["Leone XIV"],"inLanguage":"it-IT"},{"@type":"WebPage","@id":"https:\/\/exaudi.org\/it\/rafforziamo-la-coesistenza-pacifica-per-garantire-la-pace-e-la-stabilita\/","url":"https:\/\/exaudi.org\/it\/rafforziamo-la-coesistenza-pacifica-per-garantire-la-pace-e-la-stabilita\/","name":"\"Rafforziamo la coesistenza pacifica per garantire la pace e la stabilit\u00e0\" &#8211; Exaudi","isPartOf":{"@id":"https:\/\/exaudi.org\/#website"},"primaryImageOfPage":{"@id":"https:\/\/exaudi.org\/it\/rafforziamo-la-coesistenza-pacifica-per-garantire-la-pace-e-la-stabilita\/#primaryimage"},"image":{"@id":"https:\/\/exaudi.org\/it\/rafforziamo-la-coesistenza-pacifica-per-garantire-la-pace-e-la-stabilita\/#primaryimage"},"thumbnailUrl":"https:\/\/exaudi.org\/wp-content\/uploads\/2023\/03\/cq5dam.thumbnail.cropped.750.422-1-6.jpeg","datePublished":"2023-03-16T16:46:14+00:00","author":{"@id":"https:\/\/exaudi.org\/#\/schema\/person\/e1ab6ed07c01774724dd96f925f3a5f0"},"breadcrumb":{"@id":"https:\/\/exaudi.org\/it\/rafforziamo-la-coesistenza-pacifica-per-garantire-la-pace-e-la-stabilita\/#breadcrumb"},"inLanguage":"it-IT","potentialAction":[{"@type":"ReadAction","target":["https:\/\/exaudi.org\/it\/rafforziamo-la-coesistenza-pacifica-per-garantire-la-pace-e-la-stabilita\/"]}]},{"@type":"ImageObject","inLanguage":"it-IT","@id":"https:\/\/exaudi.org\/it\/rafforziamo-la-coesistenza-pacifica-per-garantire-la-pace-e-la-stabilita\/#primaryimage","url":"https:\/\/exaudi.org\/wp-content\/uploads\/2023\/03\/cq5dam.thumbnail.cropped.750.422-1-6.jpeg","contentUrl":"https:\/\/exaudi.org\/wp-content\/uploads\/2023\/03\/cq5dam.thumbnail.cropped.750.422-1-6.jpeg","width":750,"height":422,"caption":"Vatican News"},{"@type":"BreadcrumbList","@id":"https:\/\/exaudi.org\/it\/rafforziamo-la-coesistenza-pacifica-per-garantire-la-pace-e-la-stabilita\/#breadcrumb","itemListElement":[{"@type":"ListItem","position":1,"name":"Portada","item":"https:\/\/exaudi.org\/it\/"},{"@type":"ListItem","position":2,"name":"&#8220;Rafforziamo la coesistenza pacifica per garantire la pace e la stabilit\u00e0&#8221;"}]},{"@type":"WebSite","@id":"https:\/\/exaudi.org\/#website","url":"https:\/\/exaudi.org\/","name":"Exaudi","description":"News","potentialAction":[{"@type":"SearchAction","target":{"@type":"EntryPoint","urlTemplate":"https:\/\/exaudi.org\/?s={search_term_string}"},"query-input":{"@type":"PropertyValueSpecification","valueRequired":true,"valueName":"search_term_string"}}],"inLanguage":"it-IT"},{"@type":"Person","@id":"https:\/\/exaudi.org\/#\/schema\/person\/e1ab6ed07c01774724dd96f925f3a5f0","name":"Exaudi Redazione","image":{"@type":"ImageObject","inLanguage":"it-IT","@id":"https:\/\/secure.gravatar.com\/avatar\/ad6774b3ada023bf5b939d64f45c94b3adf91502dd883507d469b4308a943bb3?s=96&d=mm&r=g","url":"https:\/\/secure.gravatar.com\/avatar\/ad6774b3ada023bf5b939d64f45c94b3adf91502dd883507d469b4308a943bb3?s=96&d=mm&r=g","contentUrl":"https:\/\/secure.gravatar.com\/avatar\/ad6774b3ada023bf5b939d64f45c94b3adf91502dd883507d469b4308a943bb3?s=96&d=mm&r=g","caption":"Exaudi Redazione"},"description":"Che cosa \u00e8 Exaudi News? Exaudi News \u00e8 un agenzia cattolica internazionale che informa, istruisce e trasforma quotidianamente in spagnolo, inglese e italiano. Attraverso notizie, articoli di analisi e trasmissioni in diretta degli eventi del Papa, Exaudi cerca di rafforzare l'unit\u00e0 dei cristiani e di contribuire all'evangelizzazione del mondo, sempre guidato dalla dottrina sociale della Chiesa. Lavoriamo per portare la verit\u00e0 e i valori cristiani in ogni angolo del pianeta. Aiutaci a trasformare il mondo con Exaudi! Noi di Exaudi crediamo che l'evangelizzazione e l'informazione di qualit\u00e0 possano cambiare la vita. Per continuare la nostra missione ed espandere la nostra portata, abbiamo bisogno del tuo aiuto. Stiamo anche cercando persone motivate che vogliano unirsi al nostro team. Grazie al vostro sostegno raggiungeremo pi\u00f9 persone, diffonderemo il messaggio di Cristo e rafforzeremo l'unit\u00e0 dei cristiani. Vuoi unirti alla nostra missione? Per maggiori informazioni su come contribuire, visita Exaudi.org\/it o contattaci direttamente: info@exaudi.org Exaudi: informa, forma e trasforma.","sameAs":["https:\/\/www.facebook.com\/ExaudiNotizie\/","https:\/\/www.instagram.com\/Exaudi_notizie\/","https:\/\/x.com\/Exaudi_Notizie","https:\/\/www.youtube.com\/@exaudicatholicnews"],"url":"https:\/\/exaudi.org\/it\/author\/dlvedi-org\/"}]}},"jetpack_featured_media_url":"https:\/\/exaudi.org\/wp-content\/uploads\/2023\/03\/cq5dam.thumbnail.cropped.750.422-1-6.jpeg","jetpack_shortlink":"https:\/\/wp.me\/pgKjF2-iOy","_links":{"self":[{"href":"https:\/\/exaudi.org\/it\/wp-json\/wp\/v2\/posts\/72326","targetHints":{"allow":["GET"]}}],"collection":[{"href":"https:\/\/exaudi.org\/it\/wp-json\/wp\/v2\/posts"}],"about":[{"href":"https:\/\/exaudi.org\/it\/wp-json\/wp\/v2\/types\/post"}],"author":[{"embeddable":true,"href":"https:\/\/exaudi.org\/it\/wp-json\/wp\/v2\/users\/17"}],"replies":[{"embeddable":true,"href":"https:\/\/exaudi.org\/it\/wp-json\/wp\/v2\/comments?post=72326"}],"version-history":[{"count":0,"href":"https:\/\/exaudi.org\/it\/wp-json\/wp\/v2\/posts\/72326\/revisions"}],"wp:featuredmedia":[{"embeddable":true,"href":"https:\/\/exaudi.org\/it\/wp-json\/wp\/v2\/media\/72327"}],"wp:attachment":[{"href":"https:\/\/exaudi.org\/it\/wp-json\/wp\/v2\/media?parent=72326"}],"wp:term":[{"taxonomy":"category","embeddable":true,"href":"https:\/\/exaudi.org\/it\/wp-json\/wp\/v2\/categories?post=72326"},{"taxonomy":"post_tag","embeddable":true,"href":"https:\/\/exaudi.org\/it\/wp-json\/wp\/v2\/tags?post=72326"}],"curies":[{"name":"wp","href":"https:\/\/api.w.org\/{rel}","templated":true}]}}