{"id":71950,"date":"2023-03-12T17:05:25","date_gmt":"2023-03-12T16:05:25","guid":{"rendered":"https:\/\/exaudi.org\/?p=71950"},"modified":"2023-03-12T17:05:25","modified_gmt":"2023-03-12T16:05:25","slug":"la-sete-di-gesu-infatti-non-e-solo-fisica-e-soprattutto-sete-del-nostro-amore","status":"publish","type":"post","link":"https:\/\/exaudi.org\/it\/la-sete-di-gesu-infatti-non-e-solo-fisica-e-soprattutto-sete-del-nostro-amore\/","title":{"rendered":"&#8220;La sete di Ges\u00f9, infatti, non \u00e8 solo fisica: \u00e8 soprattutto sete del nostro amore&#8221;"},"content":{"rendered":"<p>Alle ore 12 di oggi, il Santo Padre Francesco si \u00e8 affacciato alla finestra dello studio nel Palazzo Apostolico Vaticano per recitare l\u2019Angelus con i fedeli e i pellegrini riuniti in Piazza San Pietro.<\/p>\n<p>Queste le parole del Papa nell\u2019introdurre la preghiera mariana:<\/p>\n<p><a name=\"prima\"><\/a><b><u>Prima dell\u2019Angelus<\/u><\/b><\/p>\n<p>Cari fratelli e sorelle, buongiorno, buona domenica!<\/p>\n<p>Questa domenica il Vangelo ci presenta uno degli incontri pi\u00f9 belli e affascinanti di Ges\u00f9, quello con la samaritana (cfr\u00a0<i>Gv<\/i>\u00a04,5-42). Ges\u00f9 e i discepoli fanno sosta vicino a un pozzo in Samaria. Arriva una donna e Ges\u00f9 le dice: \u00abDammi da bere\u00bb (v. 7). Vorrei soffermarmi proprio su questa espressione:\u00a0<i>Dammi da bere<\/i>.<\/p>\n<p>La scena ci mostra Ges\u00f9 assetato e stanco, che si fa trovare al pozzo dalla samaritana nell\u2019ora pi\u00f9 calda, a mezzogiorno, e come un mendicante chiede ristoro. \u00c8 un\u2019immagine dell\u2019abbassamento di Dio: Dio si abbassa in Ges\u00f9 Cristo per la redenzione, viene da noi. In Ges\u00f9, Dio si \u00e8 fatto uno di noi, si \u00e8 abbassato; assetato come noi, soffre la nostra stessa arsura. Contemplando questa scena, ciascuno di noi pu\u00f2 dire: il Signore, il Maestro \u00abmi chiede da bere. Ha quindi sete come me. Ha la mia sete. Mi sei vicino davvero, Signore! Sei legato alla mia povert\u00e0 \u2013 non posso crederlo! \u2013 mi hai preso dal basso, dal pi\u00f9 basso di me stesso, ove nessuno mi raggiunge\u00bb (P. Mazzolari,\u00a0<i>La Samaritana<\/i>, Bologna 2022, 55-56). E tu sei venuto da me, in basso, e mi hai preso da l\u00ec, perch\u00e9 tu avevi, e hai, sete di me. La sete di Ges\u00f9, infatti, non \u00e8 solo fisica, esprime le arsure pi\u00f9 profonde della nostra vita: \u00e8 soprattutto\u00a0<i>sete del nostro amore<\/i>. \u00c8 pi\u00f9 di un mendicante, \u00e8 un assetato del nostro amore. Ed emerger\u00e0 nel momento culminante della passione, sulla croce; l\u00ec, prima di morire, Ges\u00f9 dir\u00e0: \u00abHo sete\u00bb (<i>Gv\u00a0<\/i>19,28). Quella sete dell\u2019amore che lo ha portato a scendere, ad abbassarsi, ad essere uno di noi.<\/p>\n<p>Ma il Signore, che chiede da bere, \u00e8 Colui che d\u00e0 da bere: incontrando la samaritana le parla dell\u2019acqua viva dello Spirito Santo, e dalla croce effonde dal suo costato trafitto sangue e acqua (cfr\u00a0<i>Gv<\/i>\u00a019,34). Ges\u00f9, assetato d\u2019amore, ci disseta d\u2019amore. E fa con noi come con la samaritana: ci viene incontro nel nostro quotidiano, condivide la nostra sete, ci promette l\u2019acqua viva che fa zampillare in noi la vita eterna (cfr\u00a0<i>Gv<\/i>\u00a04,14).<\/p>\n<p><i>Dammi da bere.<\/i>\u00a0C\u2019\u00e8 un secondo aspetto. Queste parole non sono solo la richiesta di Ges\u00f9 alla samaritana, ma un appello \u2013 a volte silenzioso \u2013 che ogni giorno si leva verso di noi e ci chiede di\u00a0<i>prenderci cura della sete altrui<\/i>.\u00a0<i>Dammi da bere<\/i>\u00a0ci dicono quanti \u2013 in famiglia, sul posto di lavoro, negli altri luoghi che frequentiamo \u2013 hanno sete di vicinanza, di attenzione, di ascolto; ce lo dice chi ha sete della Parola di Dio e ha bisogno di trovare nella Chiesa un\u2019oasi dove abbeverarsi.\u00a0<i>Dammi da bere<\/i>\u00a0\u00e8 l\u2019appello della nostra societ\u00e0, dove la fretta, la corsa al consumo e soprattutto l\u2019indifferenza, questa cultura dell\u2019indifferenza generano aridit\u00e0 e vuoto interiore. E \u2013 non dimentichiamolo \u2013\u00a0<i>dammi da bere<\/i>\u00a0\u00e8 il grido di tanti fratelli e sorelle a cui manca l\u2019acqua per vivere, mentre si continua a inquinare e deturpare la nostra casa comune; e anch\u2019essa, sfinita e riarsa, \u201cha sete\u201d.<\/p>\n<p>Davanti a queste sfide, il Vangelo di oggi offre ad ognuno di noi l\u2019acqua viva che pu\u00f2 farci diventare fonte di ristoro per gli altri. E allora, come la samaritana, che lasci\u00f2 la sua anfora al pozzo e and\u00f2 a chiamare la gente del villaggio (cfr v. 28), anche noi non penseremo pi\u00f9 solo a placare la nostra sete, la nostra sete materiale, intellettuale o culturale, ma con la gioia di aver incontrato il Signore potremo dissetare altri: dare senso alla vita altrui, non come padroni, ma come servitori di questa Parola di Dio che ci ha assetato, che ci asseta continuamente; potremo capire la loro sete e condividere l\u2019amore che Lui ha donato a noi. Mi viene di fare questa domanda, a me e a voi: siamo capaci di capire la sete degli altri? La sete della gente, la sete di tanti della mia famiglia, del mio quartiere? Oggi possiamo chiederci: io ho sete di Dio, mi rendo conto che ho bisogno del suo amore come dell\u2019acqua per vivere? E poi, io che sono assetato, mi preoccupo della sete degli altri, la sete spirituale, la sete materiale?<\/p>\n<p>La Madonna interceda per noi e ci sostenga nel cammino.<\/p>\n<p><iframe loading=\"lazy\" title=\"Angelus, 12 marzo 2023, Papa Francesco\" width=\"500\" height=\"281\" src=\"https:\/\/www.youtube.com\/embed\/dvIklefFvas?feature=oembed\" frameborder=\"0\" allow=\"accelerometer; autoplay; clipboard-write; encrypted-media; gyroscope; picture-in-picture; web-share\" referrerpolicy=\"strict-origin-when-cross-origin\" allowfullscreen><\/iframe><\/p>\n","protected":false},"excerpt":{"rendered":"<p>Le parole del Papa alla recita dell\u2019Angelus<\/p>\n","protected":false},"author":17,"featured_media":71952,"comment_status":"closed","ping_status":"closed","sticky":false,"template":"","format":"standard","meta":{"_acf_changed":false,"_crdt_document":"","inline_featured_image":false,"footnotes":""},"categories":[69,67],"tags":[2487,251],"class_list":["post-71950","post","type-post","status-publish","format-standard","has-post-thumbnail","hentry","category-angelus-it","category-leone-xiv","tag-featured-3","tag-papa-francesco"],"acf":[],"yoast_head":"<!-- This site is optimized with the Yoast SEO plugin v27.5 - https:\/\/yoast.com\/product\/yoast-seo-wordpress\/ -->\n<title>&quot;La sete di Ges\u00f9, infatti, non \u00e8 solo fisica: \u00e8 soprattutto sete del nostro amore&quot; &#8211; Exaudi<\/title>\n<meta name=\"robots\" content=\"index, follow, max-snippet:-1, max-image-preview:large, max-video-preview:-1\" \/>\n<link rel=\"canonical\" href=\"https:\/\/exaudi.org\/it\/la-sete-di-gesu-infatti-non-e-solo-fisica-e-soprattutto-sete-del-nostro-amore\/\" \/>\n<meta property=\"og:locale\" content=\"it_IT\" \/>\n<meta property=\"og:type\" content=\"article\" \/>\n<meta property=\"og:title\" content=\"&quot;La sete di Ges\u00f9, infatti, non \u00e8 solo fisica: \u00e8 soprattutto sete del nostro amore&quot; &#8211; Exaudi\" \/>\n<meta property=\"og:description\" content=\"Le parole del Papa alla recita dell\u2019Angelus\" \/>\n<meta property=\"og:url\" content=\"https:\/\/exaudi.org\/it\/la-sete-di-gesu-infatti-non-e-solo-fisica-e-soprattutto-sete-del-nostro-amore\/\" \/>\n<meta property=\"og:site_name\" content=\"Exaudi\" \/>\n<meta property=\"article:publisher\" content=\"https:\/\/www.facebook.com\/ExaudiNews\" \/>\n<meta property=\"article:author\" content=\"https:\/\/www.facebook.com\/ExaudiNotizie\/\" \/>\n<meta property=\"article:published_time\" content=\"2023-03-12T16:05:25+00:00\" \/>\n<meta property=\"og:image\" content=\"https:\/\/exaudi.org\/wp-content\/uploads\/2023\/03\/cq5dam.web_.800.800-3.jpeg\" \/>\n\t<meta property=\"og:image:width\" content=\"800\" \/>\n\t<meta property=\"og:image:height\" content=\"533\" \/>\n\t<meta property=\"og:image:type\" content=\"image\/jpeg\" \/>\n<meta name=\"author\" content=\"Exaudi Redazione\" \/>\n<meta name=\"twitter:card\" content=\"summary_large_image\" \/>\n<meta name=\"twitter:creator\" content=\"@Exaudi_Notizie\" \/>\n<meta name=\"twitter:site\" content=\"@Exaudi_News\" \/>\n<meta name=\"twitter:label1\" content=\"Scritto da\" \/>\n\t<meta name=\"twitter:data1\" content=\"Exaudi Redazione\" \/>\n\t<meta name=\"twitter:label2\" content=\"Tempo di lettura stimato\" \/>\n\t<meta name=\"twitter:data2\" content=\"4 minuti\" \/>\n<script type=\"application\/ld+json\" class=\"yoast-schema-graph\">{\"@context\":\"https:\\\/\\\/schema.org\",\"@graph\":[{\"@type\":\"Article\",\"@id\":\"https:\\\/\\\/exaudi.org\\\/it\\\/la-sete-di-gesu-infatti-non-e-solo-fisica-e-soprattutto-sete-del-nostro-amore\\\/#article\",\"isPartOf\":{\"@id\":\"https:\\\/\\\/exaudi.org\\\/it\\\/la-sete-di-gesu-infatti-non-e-solo-fisica-e-soprattutto-sete-del-nostro-amore\\\/\"},\"author\":{\"name\":\"Exaudi Redazione\",\"@id\":\"https:\\\/\\\/exaudi.org\\\/#\\\/schema\\\/person\\\/e1ab6ed07c01774724dd96f925f3a5f0\"},\"headline\":\"&#8220;La sete di Ges\u00f9, infatti, non \u00e8 solo fisica: \u00e8 soprattutto sete del nostro amore&#8221;\",\"datePublished\":\"2023-03-12T16:05:25+00:00\",\"mainEntityOfPage\":{\"@id\":\"https:\\\/\\\/exaudi.org\\\/it\\\/la-sete-di-gesu-infatti-non-e-solo-fisica-e-soprattutto-sete-del-nostro-amore\\\/\"},\"wordCount\":767,\"image\":{\"@id\":\"https:\\\/\\\/exaudi.org\\\/it\\\/la-sete-di-gesu-infatti-non-e-solo-fisica-e-soprattutto-sete-del-nostro-amore\\\/#primaryimage\"},\"thumbnailUrl\":\"https:\\\/\\\/exaudi.org\\\/wp-content\\\/uploads\\\/2023\\\/03\\\/cq5dam.web_.800.800-3.jpeg\",\"keywords\":[\"Featured\",\"Papa Francesco\"],\"articleSection\":[\"Angelus\",\"Leone XIV\"],\"inLanguage\":\"it-IT\"},{\"@type\":\"WebPage\",\"@id\":\"https:\\\/\\\/exaudi.org\\\/it\\\/la-sete-di-gesu-infatti-non-e-solo-fisica-e-soprattutto-sete-del-nostro-amore\\\/\",\"url\":\"https:\\\/\\\/exaudi.org\\\/it\\\/la-sete-di-gesu-infatti-non-e-solo-fisica-e-soprattutto-sete-del-nostro-amore\\\/\",\"name\":\"\\\"La sete di Ges\u00f9, infatti, non \u00e8 solo fisica: \u00e8 soprattutto sete del nostro amore\\\" &#8211; Exaudi\",\"isPartOf\":{\"@id\":\"https:\\\/\\\/exaudi.org\\\/#website\"},\"primaryImageOfPage\":{\"@id\":\"https:\\\/\\\/exaudi.org\\\/it\\\/la-sete-di-gesu-infatti-non-e-solo-fisica-e-soprattutto-sete-del-nostro-amore\\\/#primaryimage\"},\"image\":{\"@id\":\"https:\\\/\\\/exaudi.org\\\/it\\\/la-sete-di-gesu-infatti-non-e-solo-fisica-e-soprattutto-sete-del-nostro-amore\\\/#primaryimage\"},\"thumbnailUrl\":\"https:\\\/\\\/exaudi.org\\\/wp-content\\\/uploads\\\/2023\\\/03\\\/cq5dam.web_.800.800-3.jpeg\",\"datePublished\":\"2023-03-12T16:05:25+00:00\",\"author\":{\"@id\":\"https:\\\/\\\/exaudi.org\\\/#\\\/schema\\\/person\\\/e1ab6ed07c01774724dd96f925f3a5f0\"},\"breadcrumb\":{\"@id\":\"https:\\\/\\\/exaudi.org\\\/it\\\/la-sete-di-gesu-infatti-non-e-solo-fisica-e-soprattutto-sete-del-nostro-amore\\\/#breadcrumb\"},\"inLanguage\":\"it-IT\",\"potentialAction\":[{\"@type\":\"ReadAction\",\"target\":[\"https:\\\/\\\/exaudi.org\\\/it\\\/la-sete-di-gesu-infatti-non-e-solo-fisica-e-soprattutto-sete-del-nostro-amore\\\/\"]}]},{\"@type\":\"ImageObject\",\"inLanguage\":\"it-IT\",\"@id\":\"https:\\\/\\\/exaudi.org\\\/it\\\/la-sete-di-gesu-infatti-non-e-solo-fisica-e-soprattutto-sete-del-nostro-amore\\\/#primaryimage\",\"url\":\"https:\\\/\\\/exaudi.org\\\/wp-content\\\/uploads\\\/2023\\\/03\\\/cq5dam.web_.800.800-3.jpeg\",\"contentUrl\":\"https:\\\/\\\/exaudi.org\\\/wp-content\\\/uploads\\\/2023\\\/03\\\/cq5dam.web_.800.800-3.jpeg\",\"width\":800,\"height\":533,\"caption\":\"Vatican Media\"},{\"@type\":\"BreadcrumbList\",\"@id\":\"https:\\\/\\\/exaudi.org\\\/it\\\/la-sete-di-gesu-infatti-non-e-solo-fisica-e-soprattutto-sete-del-nostro-amore\\\/#breadcrumb\",\"itemListElement\":[{\"@type\":\"ListItem\",\"position\":1,\"name\":\"Portada\",\"item\":\"https:\\\/\\\/exaudi.org\\\/it\\\/\"},{\"@type\":\"ListItem\",\"position\":2,\"name\":\"&#8220;La sete di Ges\u00f9, infatti, non \u00e8 solo fisica: \u00e8 soprattutto sete del nostro amore&#8221;\"}]},{\"@type\":\"WebSite\",\"@id\":\"https:\\\/\\\/exaudi.org\\\/#website\",\"url\":\"https:\\\/\\\/exaudi.org\\\/\",\"name\":\"Exaudi\",\"description\":\"News\",\"potentialAction\":[{\"@type\":\"SearchAction\",\"target\":{\"@type\":\"EntryPoint\",\"urlTemplate\":\"https:\\\/\\\/exaudi.org\\\/?s={search_term_string}\"},\"query-input\":{\"@type\":\"PropertyValueSpecification\",\"valueRequired\":true,\"valueName\":\"search_term_string\"}}],\"inLanguage\":\"it-IT\"},{\"@type\":\"Person\",\"@id\":\"https:\\\/\\\/exaudi.org\\\/#\\\/schema\\\/person\\\/e1ab6ed07c01774724dd96f925f3a5f0\",\"name\":\"Exaudi Redazione\",\"image\":{\"@type\":\"ImageObject\",\"inLanguage\":\"it-IT\",\"@id\":\"https:\\\/\\\/secure.gravatar.com\\\/avatar\\\/ad6774b3ada023bf5b939d64f45c94b3adf91502dd883507d469b4308a943bb3?s=96&d=mm&r=g\",\"url\":\"https:\\\/\\\/secure.gravatar.com\\\/avatar\\\/ad6774b3ada023bf5b939d64f45c94b3adf91502dd883507d469b4308a943bb3?s=96&d=mm&r=g\",\"contentUrl\":\"https:\\\/\\\/secure.gravatar.com\\\/avatar\\\/ad6774b3ada023bf5b939d64f45c94b3adf91502dd883507d469b4308a943bb3?s=96&d=mm&r=g\",\"caption\":\"Exaudi Redazione\"},\"description\":\"Che cosa \u00e8 Exaudi News? Exaudi News \u00e8 un agenzia cattolica internazionale che informa, istruisce e trasforma quotidianamente in spagnolo, inglese e italiano. Attraverso notizie, articoli di analisi e trasmissioni in diretta degli eventi del Papa, Exaudi cerca di rafforzare l'unit\u00e0 dei cristiani e di contribuire all'evangelizzazione del mondo, sempre guidato dalla dottrina sociale della Chiesa. Lavoriamo per portare la verit\u00e0 e i valori cristiani in ogni angolo del pianeta. Aiutaci a trasformare il mondo con Exaudi! Noi di Exaudi crediamo che l'evangelizzazione e l'informazione di qualit\u00e0 possano cambiare la vita. Per continuare la nostra missione ed espandere la nostra portata, abbiamo bisogno del tuo aiuto. Stiamo anche cercando persone motivate che vogliano unirsi al nostro team. Grazie al vostro sostegno raggiungeremo pi\u00f9 persone, diffonderemo il messaggio di Cristo e rafforzeremo l'unit\u00e0 dei cristiani. Vuoi unirti alla nostra missione? Per maggiori informazioni su come contribuire, visita Exaudi.org\\\/it o contattaci direttamente: info@exaudi.org Exaudi: informa, forma e trasforma.\",\"sameAs\":[\"https:\\\/\\\/www.facebook.com\\\/ExaudiNotizie\\\/\",\"https:\\\/\\\/www.instagram.com\\\/Exaudi_notizie\\\/\",\"https:\\\/\\\/x.com\\\/Exaudi_Notizie\",\"https:\\\/\\\/www.youtube.com\\\/@exaudicatholicnews\"],\"url\":\"https:\\\/\\\/exaudi.org\\\/it\\\/author\\\/dlvedi-org\\\/\"}]}<\/script>\n<!-- \/ Yoast SEO plugin. -->","yoast_head_json":{"title":"\"La sete di Ges\u00f9, infatti, non \u00e8 solo fisica: \u00e8 soprattutto sete del nostro amore\" &#8211; Exaudi","robots":{"index":"index","follow":"follow","max-snippet":"max-snippet:-1","max-image-preview":"max-image-preview:large","max-video-preview":"max-video-preview:-1"},"canonical":"https:\/\/exaudi.org\/it\/la-sete-di-gesu-infatti-non-e-solo-fisica-e-soprattutto-sete-del-nostro-amore\/","og_locale":"it_IT","og_type":"article","og_title":"\"La sete di Ges\u00f9, infatti, non \u00e8 solo fisica: \u00e8 soprattutto sete del nostro amore\" &#8211; Exaudi","og_description":"Le parole del Papa alla recita dell\u2019Angelus","og_url":"https:\/\/exaudi.org\/it\/la-sete-di-gesu-infatti-non-e-solo-fisica-e-soprattutto-sete-del-nostro-amore\/","og_site_name":"Exaudi","article_publisher":"https:\/\/www.facebook.com\/ExaudiNews","article_author":"https:\/\/www.facebook.com\/ExaudiNotizie\/","article_published_time":"2023-03-12T16:05:25+00:00","og_image":[{"width":800,"height":533,"url":"https:\/\/exaudi.org\/wp-content\/uploads\/2023\/03\/cq5dam.web_.800.800-3.jpeg","type":"image\/jpeg"}],"author":"Exaudi Redazione","twitter_card":"summary_large_image","twitter_creator":"@Exaudi_Notizie","twitter_site":"@Exaudi_News","twitter_misc":{"Scritto da":"Exaudi Redazione","Tempo di lettura stimato":"4 minuti"},"schema":{"@context":"https:\/\/schema.org","@graph":[{"@type":"Article","@id":"https:\/\/exaudi.org\/it\/la-sete-di-gesu-infatti-non-e-solo-fisica-e-soprattutto-sete-del-nostro-amore\/#article","isPartOf":{"@id":"https:\/\/exaudi.org\/it\/la-sete-di-gesu-infatti-non-e-solo-fisica-e-soprattutto-sete-del-nostro-amore\/"},"author":{"name":"Exaudi Redazione","@id":"https:\/\/exaudi.org\/#\/schema\/person\/e1ab6ed07c01774724dd96f925f3a5f0"},"headline":"&#8220;La sete di Ges\u00f9, infatti, non \u00e8 solo fisica: \u00e8 soprattutto sete del nostro amore&#8221;","datePublished":"2023-03-12T16:05:25+00:00","mainEntityOfPage":{"@id":"https:\/\/exaudi.org\/it\/la-sete-di-gesu-infatti-non-e-solo-fisica-e-soprattutto-sete-del-nostro-amore\/"},"wordCount":767,"image":{"@id":"https:\/\/exaudi.org\/it\/la-sete-di-gesu-infatti-non-e-solo-fisica-e-soprattutto-sete-del-nostro-amore\/#primaryimage"},"thumbnailUrl":"https:\/\/exaudi.org\/wp-content\/uploads\/2023\/03\/cq5dam.web_.800.800-3.jpeg","keywords":["Featured","Papa Francesco"],"articleSection":["Angelus","Leone XIV"],"inLanguage":"it-IT"},{"@type":"WebPage","@id":"https:\/\/exaudi.org\/it\/la-sete-di-gesu-infatti-non-e-solo-fisica-e-soprattutto-sete-del-nostro-amore\/","url":"https:\/\/exaudi.org\/it\/la-sete-di-gesu-infatti-non-e-solo-fisica-e-soprattutto-sete-del-nostro-amore\/","name":"\"La sete di Ges\u00f9, infatti, non \u00e8 solo fisica: \u00e8 soprattutto sete del nostro amore\" &#8211; Exaudi","isPartOf":{"@id":"https:\/\/exaudi.org\/#website"},"primaryImageOfPage":{"@id":"https:\/\/exaudi.org\/it\/la-sete-di-gesu-infatti-non-e-solo-fisica-e-soprattutto-sete-del-nostro-amore\/#primaryimage"},"image":{"@id":"https:\/\/exaudi.org\/it\/la-sete-di-gesu-infatti-non-e-solo-fisica-e-soprattutto-sete-del-nostro-amore\/#primaryimage"},"thumbnailUrl":"https:\/\/exaudi.org\/wp-content\/uploads\/2023\/03\/cq5dam.web_.800.800-3.jpeg","datePublished":"2023-03-12T16:05:25+00:00","author":{"@id":"https:\/\/exaudi.org\/#\/schema\/person\/e1ab6ed07c01774724dd96f925f3a5f0"},"breadcrumb":{"@id":"https:\/\/exaudi.org\/it\/la-sete-di-gesu-infatti-non-e-solo-fisica-e-soprattutto-sete-del-nostro-amore\/#breadcrumb"},"inLanguage":"it-IT","potentialAction":[{"@type":"ReadAction","target":["https:\/\/exaudi.org\/it\/la-sete-di-gesu-infatti-non-e-solo-fisica-e-soprattutto-sete-del-nostro-amore\/"]}]},{"@type":"ImageObject","inLanguage":"it-IT","@id":"https:\/\/exaudi.org\/it\/la-sete-di-gesu-infatti-non-e-solo-fisica-e-soprattutto-sete-del-nostro-amore\/#primaryimage","url":"https:\/\/exaudi.org\/wp-content\/uploads\/2023\/03\/cq5dam.web_.800.800-3.jpeg","contentUrl":"https:\/\/exaudi.org\/wp-content\/uploads\/2023\/03\/cq5dam.web_.800.800-3.jpeg","width":800,"height":533,"caption":"Vatican Media"},{"@type":"BreadcrumbList","@id":"https:\/\/exaudi.org\/it\/la-sete-di-gesu-infatti-non-e-solo-fisica-e-soprattutto-sete-del-nostro-amore\/#breadcrumb","itemListElement":[{"@type":"ListItem","position":1,"name":"Portada","item":"https:\/\/exaudi.org\/it\/"},{"@type":"ListItem","position":2,"name":"&#8220;La sete di Ges\u00f9, infatti, non \u00e8 solo fisica: \u00e8 soprattutto sete del nostro amore&#8221;"}]},{"@type":"WebSite","@id":"https:\/\/exaudi.org\/#website","url":"https:\/\/exaudi.org\/","name":"Exaudi","description":"News","potentialAction":[{"@type":"SearchAction","target":{"@type":"EntryPoint","urlTemplate":"https:\/\/exaudi.org\/?s={search_term_string}"},"query-input":{"@type":"PropertyValueSpecification","valueRequired":true,"valueName":"search_term_string"}}],"inLanguage":"it-IT"},{"@type":"Person","@id":"https:\/\/exaudi.org\/#\/schema\/person\/e1ab6ed07c01774724dd96f925f3a5f0","name":"Exaudi Redazione","image":{"@type":"ImageObject","inLanguage":"it-IT","@id":"https:\/\/secure.gravatar.com\/avatar\/ad6774b3ada023bf5b939d64f45c94b3adf91502dd883507d469b4308a943bb3?s=96&d=mm&r=g","url":"https:\/\/secure.gravatar.com\/avatar\/ad6774b3ada023bf5b939d64f45c94b3adf91502dd883507d469b4308a943bb3?s=96&d=mm&r=g","contentUrl":"https:\/\/secure.gravatar.com\/avatar\/ad6774b3ada023bf5b939d64f45c94b3adf91502dd883507d469b4308a943bb3?s=96&d=mm&r=g","caption":"Exaudi Redazione"},"description":"Che cosa \u00e8 Exaudi News? Exaudi News \u00e8 un agenzia cattolica internazionale che informa, istruisce e trasforma quotidianamente in spagnolo, inglese e italiano. Attraverso notizie, articoli di analisi e trasmissioni in diretta degli eventi del Papa, Exaudi cerca di rafforzare l'unit\u00e0 dei cristiani e di contribuire all'evangelizzazione del mondo, sempre guidato dalla dottrina sociale della Chiesa. Lavoriamo per portare la verit\u00e0 e i valori cristiani in ogni angolo del pianeta. Aiutaci a trasformare il mondo con Exaudi! Noi di Exaudi crediamo che l'evangelizzazione e l'informazione di qualit\u00e0 possano cambiare la vita. Per continuare la nostra missione ed espandere la nostra portata, abbiamo bisogno del tuo aiuto. Stiamo anche cercando persone motivate che vogliano unirsi al nostro team. Grazie al vostro sostegno raggiungeremo pi\u00f9 persone, diffonderemo il messaggio di Cristo e rafforzeremo l'unit\u00e0 dei cristiani. Vuoi unirti alla nostra missione? Per maggiori informazioni su come contribuire, visita Exaudi.org\/it o contattaci direttamente: info@exaudi.org Exaudi: informa, forma e trasforma.","sameAs":["https:\/\/www.facebook.com\/ExaudiNotizie\/","https:\/\/www.instagram.com\/Exaudi_notizie\/","https:\/\/x.com\/Exaudi_Notizie","https:\/\/www.youtube.com\/@exaudicatholicnews"],"url":"https:\/\/exaudi.org\/it\/author\/dlvedi-org\/"}]}},"jetpack_featured_media_url":"https:\/\/exaudi.org\/wp-content\/uploads\/2023\/03\/cq5dam.web_.800.800-3.jpeg","jetpack_shortlink":"https:\/\/wp.me\/pgKjF2-iIu","_links":{"self":[{"href":"https:\/\/exaudi.org\/it\/wp-json\/wp\/v2\/posts\/71950","targetHints":{"allow":["GET"]}}],"collection":[{"href":"https:\/\/exaudi.org\/it\/wp-json\/wp\/v2\/posts"}],"about":[{"href":"https:\/\/exaudi.org\/it\/wp-json\/wp\/v2\/types\/post"}],"author":[{"embeddable":true,"href":"https:\/\/exaudi.org\/it\/wp-json\/wp\/v2\/users\/17"}],"replies":[{"embeddable":true,"href":"https:\/\/exaudi.org\/it\/wp-json\/wp\/v2\/comments?post=71950"}],"version-history":[{"count":0,"href":"https:\/\/exaudi.org\/it\/wp-json\/wp\/v2\/posts\/71950\/revisions"}],"wp:featuredmedia":[{"embeddable":true,"href":"https:\/\/exaudi.org\/it\/wp-json\/wp\/v2\/media\/71952"}],"wp:attachment":[{"href":"https:\/\/exaudi.org\/it\/wp-json\/wp\/v2\/media?parent=71950"}],"wp:term":[{"taxonomy":"category","embeddable":true,"href":"https:\/\/exaudi.org\/it\/wp-json\/wp\/v2\/categories?post=71950"},{"taxonomy":"post_tag","embeddable":true,"href":"https:\/\/exaudi.org\/it\/wp-json\/wp\/v2\/tags?post=71950"}],"curies":[{"name":"wp","href":"https:\/\/api.w.org\/{rel}","templated":true}]}}