{"id":71853,"date":"2023-03-09T17:45:18","date_gmt":"2023-03-09T16:45:18","guid":{"rendered":"https:\/\/exaudi.org\/?p=71853"},"modified":"2023-03-09T17:45:18","modified_gmt":"2023-03-09T16:45:18","slug":"solo-una-cultura-sociale-e-politica-che-comprenda-laccoglienza-gratuita-potra-avere-futuro","status":"publish","type":"post","link":"https:\/\/exaudi.org\/it\/solo-una-cultura-sociale-e-politica-che-comprenda-laccoglienza-gratuita-potra-avere-futuro\/","title":{"rendered":"\u00abSolo una cultura sociale e politica che comprenda l\u2019accoglienza gratuita potr\u00e0 avere futuro\u00bb"},"content":{"rendered":"<p>Questa mattina, nel Palazzo Apostolico Vaticano, il Santo Padre Francesco ha ricevuto in Udienza i partecipanti al Convegno formativo della \u201cCattedra dell\u2019Accoglienza\u201d promosso dalla\u00a0<i>Fraterna Domus<\/i>\u00a0di Sacrofano.<\/p>\n<p>Pubblichiamo di seguito il discorso che il Papa ha pronunciato nel corso dell\u2019incontro:<\/p>\n<p>&nbsp;<\/p>\n<p><b><u>Discorso del Santo Padre<\/u><\/b><\/p>\n<p>Cari fratelli e sorelle, buongiorno e benvenuti!<\/p>\n<p>Ringrazio per le sue parole Suor Milena Pizziolo e saluto tutti voi che partecipate al convegno formativo della Cattedra dell\u2019Accoglienza, promossa dalle sorelle della\u00a0<i>Fraterna Domus<\/i>. E voglio anzitutto congratularmi con voi, care sorelle, per questa iniziativa, con la quale avete messo il vostro carisma, la vostra esperienza e anche le vostre strutture al servizio di quanti in diversi modi operano nel campo dell\u2019accoglienza: un ambito ricco di valori e di spiritualit\u00e0, ma anche attraversato dai drammi del nostro tempo. Vi ringrazio per il vostro impegno; e ringrazio anche le altre associazioni, istituti, fondazioni e comunit\u00e0 che collaborano alla Cattedra dell\u2019Accoglienza.<\/p>\n<p>Condivido con voi alcune riflessioni facendo riferimento all\u2019Enciclica\u00a0<i>Fratelli tutti<\/i>\u00a0(<i>FT<\/i>).<\/p>\n<p>L\u2019accoglienza \u00e8 uno dei tratti che caratterizzano quello che ho chiamato \u201cun mondo aperto\u201d (cfr\u00a0<i>FT<\/i>, cap. III). L\u2019Enciclica \u00e8 un appello a \u00abpensare e generare un mondo aperto\u00bb (<i>ibid<\/i>.) \u2013 contro la chiusura \u201cda sagrestia\u201d, che a volte abbiamo noi! \u2013; e voi rispondete a questo appello: lo fate con il lavoro che portate avanti ogni giorno, senza clamori, senza accendere riflettori, e lo fate anche con questi incontri formativi. Infatti, per poter operare, per poter\u00a0<i>generare\u00a0<\/i>accoglienza, bisogna anche\u00a0<i>pensare<\/i>\u00a0l\u2019accoglienza. Ecco il grande valore di momenti come questo che state vivendo, nei quali insieme approfondite i diversi aspetti: antropologico, etico, religioso, storico, e cos\u00ec via. Ma la vostra \u201cCattedra\u201d non \u00e8 un laboratorio asettico in cui si elaborano formule astratte: \u00e8 un momento di riflessione inseparabile dal lavoro sul campo, vanno insieme. Mentre ascoltate e studiate, voi tenete presenti i volti, le storie, i problemi concreti e li condividete con i relatori e nei gruppi di confronto. E questo \u00e8 tanto importante.<\/p>\n<p>Torniamo all\u2019Enciclica. Ci sono due passaggi che mi pare possano essere particolarmente interessanti per voi. Mi concentro su questi.<\/p>\n<p>Il primo lo trovate nel capitolo terzo, sotto il titolo della \u201cprogressiva apertura dell\u2019amore\u201d. Lo cito: \u00abL\u2019amore ci fa tendere verso la comunione universale. Nessuno matura n\u00e9 raggiunge la propria pienezza isolandosi. Per sua stessa dinamica, l\u2019amore esige una progressiva apertura,\u00a0<i>maggiore capacit\u00e0 di accogliere gli altri<\/i>, in un\u2019avventura mai finita che fa convergere tutte le periferie verso un pieno senso di reciproca appartenenza. Ges\u00f9 ci ha detto: \u201cVoi siete tutti fratelli\u201d (<i>Mt<\/i>\u00a023,8)\u00bb (<i>FT<\/i>, 95). L\u2019accoglienza \u00e8 un\u2019espressione dell\u2019amore, di quel dinamismo di apertura che ci spinge a porre l\u2019attenzione sull\u2019altro, a cercare il meglio per la sua vita (cfr\u00a0<i>FT<\/i>, 91-94) e che nella sua purezza \u00e8 la carit\u00e0 infusa da Dio. Nella misura in cui viene permeata da questo atteggiamento di apertura e di accoglienza, una societ\u00e0 diventa capace di integrare tutti i suoi membri, anche quelli che per vari motivi sono \u201cstranieri esistenziali\u201d, o \u201cesiliati occulti\u201d, come a volte, ad esempio, si trovano ad essere le persone con disabilit\u00e0, o gli anziani (cfr\u00a0<i>FT<\/i>, 97-98). Su questo aspetto dell\u2019amore il riferimento fondamentale \u00e8 la prima Enciclica di Benedetto XVI\u00a0<i>Deus caritas est<\/i>\u00a0(25 dicembre 2005).<\/p>\n<p>Il secondo passaggio di\u00a0<i>Fratelli tutti<\/i>\u00a0che vi propongo \u00e8 il numero 141. Lo cito per intero: \u00abLa vera qualit\u00e0 dei diversi Paesi del mondo si misura da questa capacit\u00e0 di pensare non solo come Paese, ma anche come famiglia umana, e questo si dimostra specialmente nei periodi critici. I nazionalismi chiusi manifestano in definitiva questa incapacit\u00e0 di gratuit\u00e0, l\u2019errata persuasione di potersi sviluppare a margine della rovina altrui e che chiudendosi agli altri saranno pi\u00f9 protetti. L\u2019immigrato \u00e8 visto come un usurpatore che non offre nulla. Cos\u00ec, si arriva a pensare ingenuamente che i poveri sono pericolosi o inutili e che i potenti sono generosi benefattori. Solo una cultura sociale e politica che comprenda l\u2019accoglienza gratuita potr\u00e0 avere futuro\u00bb. Siamo nel capitolo quarto, intitolato \u00abUn cuore aperto al mondo intero\u00bb, l\u00e0 dove si parla della \u00abgratuit\u00e0 che accoglie\u00bb (cfr nn. 139-141). L\u2019aspetto della\u00a0<i>gratuit\u00e0<\/i>\u00a0\u00e8 essenziale per generare fraternit\u00e0 e amicizia sociale. Per voi sottolineo l\u2019ultima frase: \u00abSolo una cultura sociale e politica che comprenda\u00a0<i>l\u2019accoglienza gratuita<\/i>\u00a0potr\u00e0 avere futuro\u00bb (n. 141). L\u2019accoglienza gratuita. Spesso si parla dell\u2019apporto che i migranti danno o possono dare alle societ\u00e0 che li accolgono. Questo \u00e8 vero ed \u00e8 importante. Ma il criterio fondamentale non sta nell\u2019utilit\u00e0 della persona, bens\u00ec nel valore in s\u00e9 che essa rappresenta. L\u2019altro merita di essere accolto non tanto per quello che\u00a0<i>ha<\/i>, o che pu\u00f2\u00a0<i>avere<\/i>, o che pu\u00f2\u00a0<i>dare<\/i>, ma per quello che\u00a0<i>\u00e8<\/i>.<\/p>\n<p>Mi ha sempre colpito, nell\u2019Antico Testamento, la ricorrenza \u2013 nei Profeti, nei Libri storici \u2013 delle tre persone per le quali si deve avere una speciale attenzione: la vedova, l\u2019orfano e il migrante. E si ripete nel Deuteronomio, nell\u2019Esodo \u2013 nell\u2019Esodo non tanto, ma nel Deuteronomio \u2013 nel Levitico, si ripete questo: l\u2019attenzione, la cura per le vedove, per i migranti, per gli orfani. \u00c8 ricorrente. Per esempio: \u201cSe tu stai facendo il raccolto, non passare un\u2019altra volta: quello che resta l\u00ec, che avanza l\u00ec, lascialo per la vedova, l\u2019orfano, il migrante\u201d. Sempre c\u2019\u00e8 questo. \u00c8 importante riprendere questa tradizione dell\u2019accoglienza, del modo di accogliere coloro che non hanno o che vivono una situazione difficile.<\/p>\n<p>Cari fratelli e sorelle, vi lascio questi spunti di riflessione, e vi incoraggio a portare avanti il vostro cammino di formazione, per poter sempre meglio vivere l\u2019accoglienza e promuovere una cultura dell\u2019accoglienza. La Madonna vi accompagni. Di cuore vi benedico, e vi chiedo per favore di pregare per me. Grazie!<\/p>\n","protected":false},"excerpt":{"rendered":"<p>Convegno formativo della &#8220;Cattedra dell\u2019Accoglienza&#8221;<\/p>\n","protected":false},"author":17,"featured_media":71857,"comment_status":"closed","ping_status":"closed","sticky":false,"template":"","format":"standard","meta":{"_acf_changed":false,"_crdt_document":"","inline_featured_image":false,"footnotes":""},"categories":[123,67],"tags":[251,4952,1843],"class_list":["post-71853","post","type-post","status-publish","format-standard","has-post-thumbnail","hentry","category-discorsi","category-leone-xiv","tag-papa-francesco","tag-trending-it","tag-udienza"],"acf":[],"yoast_head":"<!-- This site is optimized with the Yoast SEO plugin v27.4 - https:\/\/yoast.com\/product\/yoast-seo-wordpress\/ -->\n<title>\u00abSolo una cultura sociale e politica che comprenda l\u2019accoglienza gratuita potr\u00e0 avere futuro\u00bb &#8211; Exaudi<\/title>\n<meta name=\"robots\" content=\"index, follow, max-snippet:-1, max-image-preview:large, max-video-preview:-1\" \/>\n<link rel=\"canonical\" href=\"https:\/\/exaudi.org\/it\/solo-una-cultura-sociale-e-politica-che-comprenda-laccoglienza-gratuita-potra-avere-futuro\/\" \/>\n<meta property=\"og:locale\" content=\"it_IT\" \/>\n<meta property=\"og:type\" content=\"article\" \/>\n<meta property=\"og:title\" content=\"\u00abSolo una cultura sociale e politica che comprenda l\u2019accoglienza gratuita potr\u00e0 avere futuro\u00bb &#8211; Exaudi\" \/>\n<meta property=\"og:description\" content=\"Convegno formativo della &quot;Cattedra dell\u2019Accoglienza&quot;\" \/>\n<meta property=\"og:url\" content=\"https:\/\/exaudi.org\/it\/solo-una-cultura-sociale-e-politica-che-comprenda-laccoglienza-gratuita-potra-avere-futuro\/\" \/>\n<meta property=\"og:site_name\" content=\"Exaudi\" \/>\n<meta property=\"article:publisher\" content=\"https:\/\/www.facebook.com\/ExaudiNews\" \/>\n<meta property=\"article:author\" content=\"https:\/\/www.facebook.com\/ExaudiNotizie\/\" \/>\n<meta property=\"article:published_time\" content=\"2023-03-09T16:45:18+00:00\" \/>\n<meta property=\"og:image\" content=\"https:\/\/exaudi.org\/wp-content\/uploads\/2023\/03\/cq5dam.web_.800.800.jpeg\" \/>\n\t<meta property=\"og:image:width\" content=\"800\" \/>\n\t<meta property=\"og:image:height\" content=\"533\" \/>\n\t<meta property=\"og:image:type\" content=\"image\/jpeg\" \/>\n<meta name=\"author\" content=\"Exaudi Redazione\" \/>\n<meta name=\"twitter:card\" content=\"summary_large_image\" \/>\n<meta name=\"twitter:creator\" content=\"@Exaudi_Notizie\" \/>\n<meta name=\"twitter:site\" content=\"@Exaudi_News\" \/>\n<meta name=\"twitter:label1\" content=\"Scritto da\" \/>\n\t<meta name=\"twitter:data1\" content=\"Exaudi Redazione\" \/>\n\t<meta name=\"twitter:label2\" content=\"Tempo di lettura stimato\" \/>\n\t<meta name=\"twitter:data2\" content=\"5 minuti\" \/>\n<script type=\"application\/ld+json\" class=\"yoast-schema-graph\">{\"@context\":\"https:\\\/\\\/schema.org\",\"@graph\":[{\"@type\":\"Article\",\"@id\":\"https:\\\/\\\/exaudi.org\\\/it\\\/solo-una-cultura-sociale-e-politica-che-comprenda-laccoglienza-gratuita-potra-avere-futuro\\\/#article\",\"isPartOf\":{\"@id\":\"https:\\\/\\\/exaudi.org\\\/it\\\/solo-una-cultura-sociale-e-politica-che-comprenda-laccoglienza-gratuita-potra-avere-futuro\\\/\"},\"author\":{\"name\":\"Exaudi Redazione\",\"@id\":\"https:\\\/\\\/exaudi.org\\\/#\\\/schema\\\/person\\\/e1ab6ed07c01774724dd96f925f3a5f0\"},\"headline\":\"\u00abSolo una cultura sociale e politica che comprenda l\u2019accoglienza gratuita potr\u00e0 avere futuro\u00bb\",\"datePublished\":\"2023-03-09T16:45:18+00:00\",\"mainEntityOfPage\":{\"@id\":\"https:\\\/\\\/exaudi.org\\\/it\\\/solo-una-cultura-sociale-e-politica-che-comprenda-laccoglienza-gratuita-potra-avere-futuro\\\/\"},\"wordCount\":967,\"image\":{\"@id\":\"https:\\\/\\\/exaudi.org\\\/it\\\/solo-una-cultura-sociale-e-politica-che-comprenda-laccoglienza-gratuita-potra-avere-futuro\\\/#primaryimage\"},\"thumbnailUrl\":\"https:\\\/\\\/exaudi.org\\\/wp-content\\\/uploads\\\/2023\\\/03\\\/cq5dam.web_.800.800.jpeg\",\"keywords\":[\"Papa Francesco\",\"Trending\",\"udienza\"],\"articleSection\":[\"Discorsi\",\"Leone XIV\"],\"inLanguage\":\"it-IT\"},{\"@type\":\"WebPage\",\"@id\":\"https:\\\/\\\/exaudi.org\\\/it\\\/solo-una-cultura-sociale-e-politica-che-comprenda-laccoglienza-gratuita-potra-avere-futuro\\\/\",\"url\":\"https:\\\/\\\/exaudi.org\\\/it\\\/solo-una-cultura-sociale-e-politica-che-comprenda-laccoglienza-gratuita-potra-avere-futuro\\\/\",\"name\":\"\u00abSolo una cultura sociale e politica che comprenda l\u2019accoglienza gratuita potr\u00e0 avere futuro\u00bb &#8211; Exaudi\",\"isPartOf\":{\"@id\":\"https:\\\/\\\/exaudi.org\\\/#website\"},\"primaryImageOfPage\":{\"@id\":\"https:\\\/\\\/exaudi.org\\\/it\\\/solo-una-cultura-sociale-e-politica-che-comprenda-laccoglienza-gratuita-potra-avere-futuro\\\/#primaryimage\"},\"image\":{\"@id\":\"https:\\\/\\\/exaudi.org\\\/it\\\/solo-una-cultura-sociale-e-politica-che-comprenda-laccoglienza-gratuita-potra-avere-futuro\\\/#primaryimage\"},\"thumbnailUrl\":\"https:\\\/\\\/exaudi.org\\\/wp-content\\\/uploads\\\/2023\\\/03\\\/cq5dam.web_.800.800.jpeg\",\"datePublished\":\"2023-03-09T16:45:18+00:00\",\"author\":{\"@id\":\"https:\\\/\\\/exaudi.org\\\/#\\\/schema\\\/person\\\/e1ab6ed07c01774724dd96f925f3a5f0\"},\"breadcrumb\":{\"@id\":\"https:\\\/\\\/exaudi.org\\\/it\\\/solo-una-cultura-sociale-e-politica-che-comprenda-laccoglienza-gratuita-potra-avere-futuro\\\/#breadcrumb\"},\"inLanguage\":\"it-IT\",\"potentialAction\":[{\"@type\":\"ReadAction\",\"target\":[\"https:\\\/\\\/exaudi.org\\\/it\\\/solo-una-cultura-sociale-e-politica-che-comprenda-laccoglienza-gratuita-potra-avere-futuro\\\/\"]}]},{\"@type\":\"ImageObject\",\"inLanguage\":\"it-IT\",\"@id\":\"https:\\\/\\\/exaudi.org\\\/it\\\/solo-una-cultura-sociale-e-politica-che-comprenda-laccoglienza-gratuita-potra-avere-futuro\\\/#primaryimage\",\"url\":\"https:\\\/\\\/exaudi.org\\\/wp-content\\\/uploads\\\/2023\\\/03\\\/cq5dam.web_.800.800.jpeg\",\"contentUrl\":\"https:\\\/\\\/exaudi.org\\\/wp-content\\\/uploads\\\/2023\\\/03\\\/cq5dam.web_.800.800.jpeg\",\"width\":800,\"height\":533,\"caption\":\"Vatican Media\"},{\"@type\":\"BreadcrumbList\",\"@id\":\"https:\\\/\\\/exaudi.org\\\/it\\\/solo-una-cultura-sociale-e-politica-che-comprenda-laccoglienza-gratuita-potra-avere-futuro\\\/#breadcrumb\",\"itemListElement\":[{\"@type\":\"ListItem\",\"position\":1,\"name\":\"Portada\",\"item\":\"https:\\\/\\\/exaudi.org\\\/it\\\/\"},{\"@type\":\"ListItem\",\"position\":2,\"name\":\"\u00abSolo una cultura sociale e politica che comprenda l\u2019accoglienza gratuita potr\u00e0 avere futuro\u00bb\"}]},{\"@type\":\"WebSite\",\"@id\":\"https:\\\/\\\/exaudi.org\\\/#website\",\"url\":\"https:\\\/\\\/exaudi.org\\\/\",\"name\":\"Exaudi\",\"description\":\"News\",\"potentialAction\":[{\"@type\":\"SearchAction\",\"target\":{\"@type\":\"EntryPoint\",\"urlTemplate\":\"https:\\\/\\\/exaudi.org\\\/?s={search_term_string}\"},\"query-input\":{\"@type\":\"PropertyValueSpecification\",\"valueRequired\":true,\"valueName\":\"search_term_string\"}}],\"inLanguage\":\"it-IT\"},{\"@type\":\"Person\",\"@id\":\"https:\\\/\\\/exaudi.org\\\/#\\\/schema\\\/person\\\/e1ab6ed07c01774724dd96f925f3a5f0\",\"name\":\"Exaudi Redazione\",\"image\":{\"@type\":\"ImageObject\",\"inLanguage\":\"it-IT\",\"@id\":\"https:\\\/\\\/secure.gravatar.com\\\/avatar\\\/ad6774b3ada023bf5b939d64f45c94b3adf91502dd883507d469b4308a943bb3?s=96&d=mm&r=g\",\"url\":\"https:\\\/\\\/secure.gravatar.com\\\/avatar\\\/ad6774b3ada023bf5b939d64f45c94b3adf91502dd883507d469b4308a943bb3?s=96&d=mm&r=g\",\"contentUrl\":\"https:\\\/\\\/secure.gravatar.com\\\/avatar\\\/ad6774b3ada023bf5b939d64f45c94b3adf91502dd883507d469b4308a943bb3?s=96&d=mm&r=g\",\"caption\":\"Exaudi Redazione\"},\"description\":\"Che cosa \u00e8 Exaudi News? Exaudi News \u00e8 un agenzia cattolica internazionale che informa, istruisce e trasforma quotidianamente in spagnolo, inglese e italiano. Attraverso notizie, articoli di analisi e trasmissioni in diretta degli eventi del Papa, Exaudi cerca di rafforzare l'unit\u00e0 dei cristiani e di contribuire all'evangelizzazione del mondo, sempre guidato dalla dottrina sociale della Chiesa. Lavoriamo per portare la verit\u00e0 e i valori cristiani in ogni angolo del pianeta. Aiutaci a trasformare il mondo con Exaudi! Noi di Exaudi crediamo che l'evangelizzazione e l'informazione di qualit\u00e0 possano cambiare la vita. Per continuare la nostra missione ed espandere la nostra portata, abbiamo bisogno del tuo aiuto. Stiamo anche cercando persone motivate che vogliano unirsi al nostro team. Grazie al vostro sostegno raggiungeremo pi\u00f9 persone, diffonderemo il messaggio di Cristo e rafforzeremo l'unit\u00e0 dei cristiani. Vuoi unirti alla nostra missione? Per maggiori informazioni su come contribuire, visita Exaudi.org\\\/it o contattaci direttamente: info@exaudi.org Exaudi: informa, forma e trasforma.\",\"sameAs\":[\"https:\\\/\\\/www.facebook.com\\\/ExaudiNotizie\\\/\",\"https:\\\/\\\/www.instagram.com\\\/Exaudi_notizie\\\/\",\"https:\\\/\\\/x.com\\\/Exaudi_Notizie\",\"https:\\\/\\\/www.youtube.com\\\/@exaudicatholicnews\"],\"url\":\"https:\\\/\\\/exaudi.org\\\/it\\\/author\\\/dlvedi-org\\\/\"}]}<\/script>\n<!-- \/ Yoast SEO plugin. -->","yoast_head_json":{"title":"\u00abSolo una cultura sociale e politica che comprenda l\u2019accoglienza gratuita potr\u00e0 avere futuro\u00bb &#8211; Exaudi","robots":{"index":"index","follow":"follow","max-snippet":"max-snippet:-1","max-image-preview":"max-image-preview:large","max-video-preview":"max-video-preview:-1"},"canonical":"https:\/\/exaudi.org\/it\/solo-una-cultura-sociale-e-politica-che-comprenda-laccoglienza-gratuita-potra-avere-futuro\/","og_locale":"it_IT","og_type":"article","og_title":"\u00abSolo una cultura sociale e politica che comprenda l\u2019accoglienza gratuita potr\u00e0 avere futuro\u00bb &#8211; Exaudi","og_description":"Convegno formativo della \"Cattedra dell\u2019Accoglienza\"","og_url":"https:\/\/exaudi.org\/it\/solo-una-cultura-sociale-e-politica-che-comprenda-laccoglienza-gratuita-potra-avere-futuro\/","og_site_name":"Exaudi","article_publisher":"https:\/\/www.facebook.com\/ExaudiNews","article_author":"https:\/\/www.facebook.com\/ExaudiNotizie\/","article_published_time":"2023-03-09T16:45:18+00:00","og_image":[{"width":800,"height":533,"url":"https:\/\/exaudi.org\/wp-content\/uploads\/2023\/03\/cq5dam.web_.800.800.jpeg","type":"image\/jpeg"}],"author":"Exaudi Redazione","twitter_card":"summary_large_image","twitter_creator":"@Exaudi_Notizie","twitter_site":"@Exaudi_News","twitter_misc":{"Scritto da":"Exaudi Redazione","Tempo di lettura stimato":"5 minuti"},"schema":{"@context":"https:\/\/schema.org","@graph":[{"@type":"Article","@id":"https:\/\/exaudi.org\/it\/solo-una-cultura-sociale-e-politica-che-comprenda-laccoglienza-gratuita-potra-avere-futuro\/#article","isPartOf":{"@id":"https:\/\/exaudi.org\/it\/solo-una-cultura-sociale-e-politica-che-comprenda-laccoglienza-gratuita-potra-avere-futuro\/"},"author":{"name":"Exaudi Redazione","@id":"https:\/\/exaudi.org\/#\/schema\/person\/e1ab6ed07c01774724dd96f925f3a5f0"},"headline":"\u00abSolo una cultura sociale e politica che comprenda l\u2019accoglienza gratuita potr\u00e0 avere futuro\u00bb","datePublished":"2023-03-09T16:45:18+00:00","mainEntityOfPage":{"@id":"https:\/\/exaudi.org\/it\/solo-una-cultura-sociale-e-politica-che-comprenda-laccoglienza-gratuita-potra-avere-futuro\/"},"wordCount":967,"image":{"@id":"https:\/\/exaudi.org\/it\/solo-una-cultura-sociale-e-politica-che-comprenda-laccoglienza-gratuita-potra-avere-futuro\/#primaryimage"},"thumbnailUrl":"https:\/\/exaudi.org\/wp-content\/uploads\/2023\/03\/cq5dam.web_.800.800.jpeg","keywords":["Papa Francesco","Trending","udienza"],"articleSection":["Discorsi","Leone XIV"],"inLanguage":"it-IT"},{"@type":"WebPage","@id":"https:\/\/exaudi.org\/it\/solo-una-cultura-sociale-e-politica-che-comprenda-laccoglienza-gratuita-potra-avere-futuro\/","url":"https:\/\/exaudi.org\/it\/solo-una-cultura-sociale-e-politica-che-comprenda-laccoglienza-gratuita-potra-avere-futuro\/","name":"\u00abSolo una cultura sociale e politica che comprenda l\u2019accoglienza gratuita potr\u00e0 avere futuro\u00bb &#8211; Exaudi","isPartOf":{"@id":"https:\/\/exaudi.org\/#website"},"primaryImageOfPage":{"@id":"https:\/\/exaudi.org\/it\/solo-una-cultura-sociale-e-politica-che-comprenda-laccoglienza-gratuita-potra-avere-futuro\/#primaryimage"},"image":{"@id":"https:\/\/exaudi.org\/it\/solo-una-cultura-sociale-e-politica-che-comprenda-laccoglienza-gratuita-potra-avere-futuro\/#primaryimage"},"thumbnailUrl":"https:\/\/exaudi.org\/wp-content\/uploads\/2023\/03\/cq5dam.web_.800.800.jpeg","datePublished":"2023-03-09T16:45:18+00:00","author":{"@id":"https:\/\/exaudi.org\/#\/schema\/person\/e1ab6ed07c01774724dd96f925f3a5f0"},"breadcrumb":{"@id":"https:\/\/exaudi.org\/it\/solo-una-cultura-sociale-e-politica-che-comprenda-laccoglienza-gratuita-potra-avere-futuro\/#breadcrumb"},"inLanguage":"it-IT","potentialAction":[{"@type":"ReadAction","target":["https:\/\/exaudi.org\/it\/solo-una-cultura-sociale-e-politica-che-comprenda-laccoglienza-gratuita-potra-avere-futuro\/"]}]},{"@type":"ImageObject","inLanguage":"it-IT","@id":"https:\/\/exaudi.org\/it\/solo-una-cultura-sociale-e-politica-che-comprenda-laccoglienza-gratuita-potra-avere-futuro\/#primaryimage","url":"https:\/\/exaudi.org\/wp-content\/uploads\/2023\/03\/cq5dam.web_.800.800.jpeg","contentUrl":"https:\/\/exaudi.org\/wp-content\/uploads\/2023\/03\/cq5dam.web_.800.800.jpeg","width":800,"height":533,"caption":"Vatican Media"},{"@type":"BreadcrumbList","@id":"https:\/\/exaudi.org\/it\/solo-una-cultura-sociale-e-politica-che-comprenda-laccoglienza-gratuita-potra-avere-futuro\/#breadcrumb","itemListElement":[{"@type":"ListItem","position":1,"name":"Portada","item":"https:\/\/exaudi.org\/it\/"},{"@type":"ListItem","position":2,"name":"\u00abSolo una cultura sociale e politica che comprenda l\u2019accoglienza gratuita potr\u00e0 avere futuro\u00bb"}]},{"@type":"WebSite","@id":"https:\/\/exaudi.org\/#website","url":"https:\/\/exaudi.org\/","name":"Exaudi","description":"News","potentialAction":[{"@type":"SearchAction","target":{"@type":"EntryPoint","urlTemplate":"https:\/\/exaudi.org\/?s={search_term_string}"},"query-input":{"@type":"PropertyValueSpecification","valueRequired":true,"valueName":"search_term_string"}}],"inLanguage":"it-IT"},{"@type":"Person","@id":"https:\/\/exaudi.org\/#\/schema\/person\/e1ab6ed07c01774724dd96f925f3a5f0","name":"Exaudi Redazione","image":{"@type":"ImageObject","inLanguage":"it-IT","@id":"https:\/\/secure.gravatar.com\/avatar\/ad6774b3ada023bf5b939d64f45c94b3adf91502dd883507d469b4308a943bb3?s=96&d=mm&r=g","url":"https:\/\/secure.gravatar.com\/avatar\/ad6774b3ada023bf5b939d64f45c94b3adf91502dd883507d469b4308a943bb3?s=96&d=mm&r=g","contentUrl":"https:\/\/secure.gravatar.com\/avatar\/ad6774b3ada023bf5b939d64f45c94b3adf91502dd883507d469b4308a943bb3?s=96&d=mm&r=g","caption":"Exaudi Redazione"},"description":"Che cosa \u00e8 Exaudi News? Exaudi News \u00e8 un agenzia cattolica internazionale che informa, istruisce e trasforma quotidianamente in spagnolo, inglese e italiano. Attraverso notizie, articoli di analisi e trasmissioni in diretta degli eventi del Papa, Exaudi cerca di rafforzare l'unit\u00e0 dei cristiani e di contribuire all'evangelizzazione del mondo, sempre guidato dalla dottrina sociale della Chiesa. Lavoriamo per portare la verit\u00e0 e i valori cristiani in ogni angolo del pianeta. Aiutaci a trasformare il mondo con Exaudi! Noi di Exaudi crediamo che l'evangelizzazione e l'informazione di qualit\u00e0 possano cambiare la vita. Per continuare la nostra missione ed espandere la nostra portata, abbiamo bisogno del tuo aiuto. Stiamo anche cercando persone motivate che vogliano unirsi al nostro team. Grazie al vostro sostegno raggiungeremo pi\u00f9 persone, diffonderemo il messaggio di Cristo e rafforzeremo l'unit\u00e0 dei cristiani. Vuoi unirti alla nostra missione? Per maggiori informazioni su come contribuire, visita Exaudi.org\/it o contattaci direttamente: info@exaudi.org Exaudi: informa, forma e trasforma.","sameAs":["https:\/\/www.facebook.com\/ExaudiNotizie\/","https:\/\/www.instagram.com\/Exaudi_notizie\/","https:\/\/x.com\/Exaudi_Notizie","https:\/\/www.youtube.com\/@exaudicatholicnews"],"url":"https:\/\/exaudi.org\/it\/author\/dlvedi-org\/"}]}},"jetpack_featured_media_url":"https:\/\/exaudi.org\/wp-content\/uploads\/2023\/03\/cq5dam.web_.800.800.jpeg","jetpack_shortlink":"https:\/\/wp.me\/pgKjF2-iGV","_links":{"self":[{"href":"https:\/\/exaudi.org\/it\/wp-json\/wp\/v2\/posts\/71853","targetHints":{"allow":["GET"]}}],"collection":[{"href":"https:\/\/exaudi.org\/it\/wp-json\/wp\/v2\/posts"}],"about":[{"href":"https:\/\/exaudi.org\/it\/wp-json\/wp\/v2\/types\/post"}],"author":[{"embeddable":true,"href":"https:\/\/exaudi.org\/it\/wp-json\/wp\/v2\/users\/17"}],"replies":[{"embeddable":true,"href":"https:\/\/exaudi.org\/it\/wp-json\/wp\/v2\/comments?post=71853"}],"version-history":[{"count":0,"href":"https:\/\/exaudi.org\/it\/wp-json\/wp\/v2\/posts\/71853\/revisions"}],"wp:featuredmedia":[{"embeddable":true,"href":"https:\/\/exaudi.org\/it\/wp-json\/wp\/v2\/media\/71857"}],"wp:attachment":[{"href":"https:\/\/exaudi.org\/it\/wp-json\/wp\/v2\/media?parent=71853"}],"wp:term":[{"taxonomy":"category","embeddable":true,"href":"https:\/\/exaudi.org\/it\/wp-json\/wp\/v2\/categories?post=71853"},{"taxonomy":"post_tag","embeddable":true,"href":"https:\/\/exaudi.org\/it\/wp-json\/wp\/v2\/tags?post=71853"}],"curies":[{"name":"wp","href":"https:\/\/api.w.org\/{rel}","templated":true}]}}