{"id":71784,"date":"2023-03-08T18:01:35","date_gmt":"2023-03-08T17:01:35","guid":{"rendered":"https:\/\/exaudi.org\/?p=71784"},"modified":"2023-03-08T18:01:35","modified_gmt":"2023-03-08T17:01:35","slug":"verra-consegnato-un-messaggio-di-papa-francesco-ad-al-sistani","status":"publish","type":"post","link":"https:\/\/exaudi.org\/it\/verra-consegnato-un-messaggio-di-papa-francesco-ad-al-sistani\/","title":{"rendered":"Verr\u00e0 consegnato un messaggio di Papa Francesco ad Al Sistani"},"content":{"rendered":"<p class=\"x_MsoNormal\" style=\"text-align: left\" align=\"center\"><i>Il Cardinale Ayuso: \u201cIl dialogo non \u00e8 segno di debolezza\u201d &#8211; Riccardi: \u201cImparare ad ascoltarsi per superare i propri pregiudizi\u201d &#8211;\u00a0Al-Ishkawari: \u201cLavorare insieme per il bene dell\u2019umanit\u00e0\u201d \u2013 Il patriarca Sako: \u201cCostruire un futuro in cui nessuno sia emarginato per motivi di fede\u201d<\/i><i><\/i><\/p>\n<p class=\"x_MsoNormal\">\u00c8 in corso in Iraq, a Najaf, citt\u00e0 santa per gli sciiti, dove \u00e8 presente il santuario dell\u2019imam Al\u00ec, la prima giornata del convegno internazionale\u00a0<i>Cattolici e sciiti davanti al futuro. A due anni dalla visita di Papa Francesco in Iraq<\/i>, organizzato dalla Comunit\u00e0 di Sant\u2019Egidio insieme all\u2019Istituto Al-Khoei. Introducendo i lavori, il<strong> cardinale Miguel Angel Ayuso Guixot<\/strong>, prefetto del dicastero per il Dialogo interreligioso, ha spiegato che \u201cil dialogo tra le religioni non \u00e8 un segno di debolezza ma una manifestazione del dialogo di Dio con l\u2019umanit\u00e0: la fraternit\u00e0 \u00e8 una sfida per l\u2019intera umanit\u00e0\u201d. <strong>Ha quindi annunciato che domani mattina consegner\u00e0, insieme ad Andrea Riccardi, un messaggio del Papa ad Al Sistani<\/strong>. Il fondatore della Comunit\u00e0 di Sant\u2019Egidio, ricordando lo storico incontro tra Francesco e il Grande Ayatollah, di due anni fa a Najaf, ha sottolineato l\u2019importanza dell\u2019ascolto \u201cper uscire dai propri pregiudizi e dalle categorie\u201d con cui si affrontano la vita e il futuro: \u201cI credenti, nella differenza delle tradizioni e delle teologie, rappresentano un popolo che semina fraternit\u00e0 e la fa crescere. Non si tratta solo di un\u2019azione dei leader, ma anche dei popoli, nella pratica quotidiana della fraternit\u00e0\u201d.<\/p>\n<p class=\"x_MsoNormal\">Nella prima giornata del convegno, dedicata alla \u201cfraternit\u00e0\u201d e a \u201cpreghiera, poveri e pace\u201d, <strong>Al-Ishkawari<\/strong>, dell\u2019Alto seminario sciita di Najaf, ha precisato che l\u2019obiettivo \u201cnon \u00e8 quello di unire le religioni in una sola, ma di lavorare insieme per il bene\u201d. Mentre <strong>Shahid Al-Baghdadi<\/strong>, della direzione generale del Santuario dell\u2019Imam Al\u00ec, ha auspicato che \u201cl\u2019incontro sia parte di un progetto pi\u00f9 vasto con il quale sapienti e saggi, cristiani e musulmani, possano costruire un pensiero di fraternit\u00e0 che circoli per i giardini del mondo\u201d. \u201cDal 2015 \u2013 ha ricordato il segretario generale dell\u2019istituto Al-Khoei, <strong>Jawad Al-Kohei<\/strong> \u2013 cerchiamo, con gli amici di Sant\u2019Egidio, di realizzare un dialogo intellettuale tra cattolici e sciiti, restando nella nostra tradizione, ma cercando gli aspetti comuni nei valori etici e nel rispetto reciproco\u201d.<\/p>\n<p class=\"x_MsoNormal\">\u201cUn\u2019anima credente \u2013 ha sottolineato il patriarca di Baghdad dei Caldei, <strong>Louis Rapha\u00ebl Sako<\/strong>, \u201cnon deve mai far soffrire gli altri. Bisogna rinnovare la mentalit\u00e0 per costruire un futuro in cui nessuno \u00e8 emarginato per motivi di fede\u201d.<\/p>\n<p><strong>Programma: <\/strong><a href=\"https:\/\/www.santegidio.org\/downloads\/NAJAF-PROGRAMMA-2023.pdf\">https:\/\/www.santegidio.org\/downloads\/NAJAF-PROGRAMMA-2023.pdf<\/a><\/p>\n","protected":false},"excerpt":{"rendered":"<p>Iraq Sant\u2019Egidio: Convegno Cattolici e Sciiti<\/p>\n","protected":false},"author":17,"featured_media":71785,"comment_status":"closed","ping_status":"closed","sticky":false,"template":"","format":"standard","meta":{"_acf_changed":false,"_crdt_document":"","inline_featured_image":false,"footnotes":""},"categories":[73,67],"tags":[357,6687,4952],"class_list":["post-71784","post","type-post","status-publish","format-standard","has-post-thumbnail","hentry","category-chiesa-e-mondo","category-leone-xiv","tag-iraq-it","tag-santegidio-it","tag-trending-it"],"acf":[],"yoast_head":"<!-- This site is optimized with the Yoast SEO plugin v27.5 - https:\/\/yoast.com\/product\/yoast-seo-wordpress\/ -->\n<title>Verr\u00e0 consegnato un messaggio di Papa Francesco ad Al Sistani &#8211; Exaudi<\/title>\n<meta name=\"robots\" content=\"index, follow, max-snippet:-1, max-image-preview:large, max-video-preview:-1\" \/>\n<link rel=\"canonical\" href=\"https:\/\/exaudi.org\/it\/verra-consegnato-un-messaggio-di-papa-francesco-ad-al-sistani\/\" \/>\n<meta property=\"og:locale\" content=\"it_IT\" \/>\n<meta property=\"og:type\" content=\"article\" \/>\n<meta property=\"og:title\" content=\"Verr\u00e0 consegnato un messaggio di Papa Francesco ad Al Sistani &#8211; Exaudi\" \/>\n<meta property=\"og:description\" content=\"Iraq Sant\u2019Egidio: Convegno Cattolici e Sciiti\" \/>\n<meta property=\"og:url\" content=\"https:\/\/exaudi.org\/it\/verra-consegnato-un-messaggio-di-papa-francesco-ad-al-sistani\/\" \/>\n<meta property=\"og:site_name\" content=\"Exaudi\" \/>\n<meta property=\"article:publisher\" content=\"https:\/\/www.facebook.com\/ExaudiNews\" \/>\n<meta property=\"article:author\" content=\"https:\/\/www.facebook.com\/ExaudiNotizie\/\" \/>\n<meta property=\"article:published_time\" content=\"2023-03-08T17:01:35+00:00\" \/>\n<meta property=\"og:image\" content=\"https:\/\/exaudi.org\/wp-content\/uploads\/2023\/03\/najaf-2023-c.jpg\" \/>\n\t<meta property=\"og:image:width\" content=\"1024\" \/>\n\t<meta property=\"og:image:height\" content=\"768\" \/>\n\t<meta property=\"og:image:type\" content=\"image\/jpeg\" \/>\n<meta name=\"author\" content=\"Exaudi Redazione\" \/>\n<meta name=\"twitter:card\" content=\"summary_large_image\" \/>\n<meta name=\"twitter:creator\" content=\"@Exaudi_Notizie\" \/>\n<meta name=\"twitter:site\" content=\"@Exaudi_News\" \/>\n<meta name=\"twitter:label1\" content=\"Scritto da\" \/>\n\t<meta name=\"twitter:data1\" content=\"Exaudi Redazione\" \/>\n\t<meta name=\"twitter:label2\" content=\"Tempo di lettura stimato\" \/>\n\t<meta name=\"twitter:data2\" content=\"2 minuti\" \/>\n<script type=\"application\/ld+json\" class=\"yoast-schema-graph\">{\"@context\":\"https:\\\/\\\/schema.org\",\"@graph\":[{\"@type\":\"Article\",\"@id\":\"https:\\\/\\\/exaudi.org\\\/it\\\/verra-consegnato-un-messaggio-di-papa-francesco-ad-al-sistani\\\/#article\",\"isPartOf\":{\"@id\":\"https:\\\/\\\/exaudi.org\\\/it\\\/verra-consegnato-un-messaggio-di-papa-francesco-ad-al-sistani\\\/\"},\"author\":{\"name\":\"Exaudi Redazione\",\"@id\":\"https:\\\/\\\/exaudi.org\\\/#\\\/schema\\\/person\\\/e1ab6ed07c01774724dd96f925f3a5f0\"},\"headline\":\"Verr\u00e0 consegnato un messaggio di Papa Francesco ad Al Sistani\",\"datePublished\":\"2023-03-08T17:01:35+00:00\",\"mainEntityOfPage\":{\"@id\":\"https:\\\/\\\/exaudi.org\\\/it\\\/verra-consegnato-un-messaggio-di-papa-francesco-ad-al-sistani\\\/\"},\"wordCount\":427,\"image\":{\"@id\":\"https:\\\/\\\/exaudi.org\\\/it\\\/verra-consegnato-un-messaggio-di-papa-francesco-ad-al-sistani\\\/#primaryimage\"},\"thumbnailUrl\":\"https:\\\/\\\/exaudi.org\\\/wp-content\\\/uploads\\\/2023\\\/03\\\/najaf-2023-c.jpg\",\"keywords\":[\"iraq\",\"Sant\u2019Egidio\",\"Trending\"],\"articleSection\":[\"Chiesa e Mondo\",\"Leone XIV\"],\"inLanguage\":\"it-IT\"},{\"@type\":\"WebPage\",\"@id\":\"https:\\\/\\\/exaudi.org\\\/it\\\/verra-consegnato-un-messaggio-di-papa-francesco-ad-al-sistani\\\/\",\"url\":\"https:\\\/\\\/exaudi.org\\\/it\\\/verra-consegnato-un-messaggio-di-papa-francesco-ad-al-sistani\\\/\",\"name\":\"Verr\u00e0 consegnato un messaggio di Papa Francesco ad Al Sistani &#8211; Exaudi\",\"isPartOf\":{\"@id\":\"https:\\\/\\\/exaudi.org\\\/#website\"},\"primaryImageOfPage\":{\"@id\":\"https:\\\/\\\/exaudi.org\\\/it\\\/verra-consegnato-un-messaggio-di-papa-francesco-ad-al-sistani\\\/#primaryimage\"},\"image\":{\"@id\":\"https:\\\/\\\/exaudi.org\\\/it\\\/verra-consegnato-un-messaggio-di-papa-francesco-ad-al-sistani\\\/#primaryimage\"},\"thumbnailUrl\":\"https:\\\/\\\/exaudi.org\\\/wp-content\\\/uploads\\\/2023\\\/03\\\/najaf-2023-c.jpg\",\"datePublished\":\"2023-03-08T17:01:35+00:00\",\"author\":{\"@id\":\"https:\\\/\\\/exaudi.org\\\/#\\\/schema\\\/person\\\/e1ab6ed07c01774724dd96f925f3a5f0\"},\"breadcrumb\":{\"@id\":\"https:\\\/\\\/exaudi.org\\\/it\\\/verra-consegnato-un-messaggio-di-papa-francesco-ad-al-sistani\\\/#breadcrumb\"},\"inLanguage\":\"it-IT\",\"potentialAction\":[{\"@type\":\"ReadAction\",\"target\":[\"https:\\\/\\\/exaudi.org\\\/it\\\/verra-consegnato-un-messaggio-di-papa-francesco-ad-al-sistani\\\/\"]}]},{\"@type\":\"ImageObject\",\"inLanguage\":\"it-IT\",\"@id\":\"https:\\\/\\\/exaudi.org\\\/it\\\/verra-consegnato-un-messaggio-di-papa-francesco-ad-al-sistani\\\/#primaryimage\",\"url\":\"https:\\\/\\\/exaudi.org\\\/wp-content\\\/uploads\\\/2023\\\/03\\\/najaf-2023-c.jpg\",\"contentUrl\":\"https:\\\/\\\/exaudi.org\\\/wp-content\\\/uploads\\\/2023\\\/03\\\/najaf-2023-c.jpg\",\"width\":1024,\"height\":768,\"caption\":\"Sant\u2019Egidio\"},{\"@type\":\"BreadcrumbList\",\"@id\":\"https:\\\/\\\/exaudi.org\\\/it\\\/verra-consegnato-un-messaggio-di-papa-francesco-ad-al-sistani\\\/#breadcrumb\",\"itemListElement\":[{\"@type\":\"ListItem\",\"position\":1,\"name\":\"Portada\",\"item\":\"https:\\\/\\\/exaudi.org\\\/it\\\/\"},{\"@type\":\"ListItem\",\"position\":2,\"name\":\"Verr\u00e0 consegnato un messaggio di Papa Francesco ad Al Sistani\"}]},{\"@type\":\"WebSite\",\"@id\":\"https:\\\/\\\/exaudi.org\\\/#website\",\"url\":\"https:\\\/\\\/exaudi.org\\\/\",\"name\":\"Exaudi\",\"description\":\"News\",\"potentialAction\":[{\"@type\":\"SearchAction\",\"target\":{\"@type\":\"EntryPoint\",\"urlTemplate\":\"https:\\\/\\\/exaudi.org\\\/?s={search_term_string}\"},\"query-input\":{\"@type\":\"PropertyValueSpecification\",\"valueRequired\":true,\"valueName\":\"search_term_string\"}}],\"inLanguage\":\"it-IT\"},{\"@type\":\"Person\",\"@id\":\"https:\\\/\\\/exaudi.org\\\/#\\\/schema\\\/person\\\/e1ab6ed07c01774724dd96f925f3a5f0\",\"name\":\"Exaudi Redazione\",\"image\":{\"@type\":\"ImageObject\",\"inLanguage\":\"it-IT\",\"@id\":\"https:\\\/\\\/secure.gravatar.com\\\/avatar\\\/ad6774b3ada023bf5b939d64f45c94b3adf91502dd883507d469b4308a943bb3?s=96&d=mm&r=g\",\"url\":\"https:\\\/\\\/secure.gravatar.com\\\/avatar\\\/ad6774b3ada023bf5b939d64f45c94b3adf91502dd883507d469b4308a943bb3?s=96&d=mm&r=g\",\"contentUrl\":\"https:\\\/\\\/secure.gravatar.com\\\/avatar\\\/ad6774b3ada023bf5b939d64f45c94b3adf91502dd883507d469b4308a943bb3?s=96&d=mm&r=g\",\"caption\":\"Exaudi Redazione\"},\"description\":\"Che cosa \u00e8 Exaudi News? Exaudi News \u00e8 un agenzia cattolica internazionale che informa, istruisce e trasforma quotidianamente in spagnolo, inglese e italiano. Attraverso notizie, articoli di analisi e trasmissioni in diretta degli eventi del Papa, Exaudi cerca di rafforzare l'unit\u00e0 dei cristiani e di contribuire all'evangelizzazione del mondo, sempre guidato dalla dottrina sociale della Chiesa. Lavoriamo per portare la verit\u00e0 e i valori cristiani in ogni angolo del pianeta. Aiutaci a trasformare il mondo con Exaudi! Noi di Exaudi crediamo che l'evangelizzazione e l'informazione di qualit\u00e0 possano cambiare la vita. Per continuare la nostra missione ed espandere la nostra portata, abbiamo bisogno del tuo aiuto. Stiamo anche cercando persone motivate che vogliano unirsi al nostro team. Grazie al vostro sostegno raggiungeremo pi\u00f9 persone, diffonderemo il messaggio di Cristo e rafforzeremo l'unit\u00e0 dei cristiani. Vuoi unirti alla nostra missione? Per maggiori informazioni su come contribuire, visita Exaudi.org\\\/it o contattaci direttamente: info@exaudi.org Exaudi: informa, forma e trasforma.\",\"sameAs\":[\"https:\\\/\\\/www.facebook.com\\\/ExaudiNotizie\\\/\",\"https:\\\/\\\/www.instagram.com\\\/Exaudi_notizie\\\/\",\"https:\\\/\\\/x.com\\\/Exaudi_Notizie\",\"https:\\\/\\\/www.youtube.com\\\/@exaudicatholicnews\"],\"url\":\"https:\\\/\\\/exaudi.org\\\/it\\\/author\\\/dlvedi-org\\\/\"}]}<\/script>\n<!-- \/ Yoast SEO plugin. -->","yoast_head_json":{"title":"Verr\u00e0 consegnato un messaggio di Papa Francesco ad Al Sistani &#8211; Exaudi","robots":{"index":"index","follow":"follow","max-snippet":"max-snippet:-1","max-image-preview":"max-image-preview:large","max-video-preview":"max-video-preview:-1"},"canonical":"https:\/\/exaudi.org\/it\/verra-consegnato-un-messaggio-di-papa-francesco-ad-al-sistani\/","og_locale":"it_IT","og_type":"article","og_title":"Verr\u00e0 consegnato un messaggio di Papa Francesco ad Al Sistani &#8211; Exaudi","og_description":"Iraq Sant\u2019Egidio: Convegno Cattolici e Sciiti","og_url":"https:\/\/exaudi.org\/it\/verra-consegnato-un-messaggio-di-papa-francesco-ad-al-sistani\/","og_site_name":"Exaudi","article_publisher":"https:\/\/www.facebook.com\/ExaudiNews","article_author":"https:\/\/www.facebook.com\/ExaudiNotizie\/","article_published_time":"2023-03-08T17:01:35+00:00","og_image":[{"width":1024,"height":768,"url":"https:\/\/exaudi.org\/wp-content\/uploads\/2023\/03\/najaf-2023-c.jpg","type":"image\/jpeg"}],"author":"Exaudi Redazione","twitter_card":"summary_large_image","twitter_creator":"@Exaudi_Notizie","twitter_site":"@Exaudi_News","twitter_misc":{"Scritto da":"Exaudi Redazione","Tempo di lettura stimato":"2 minuti"},"schema":{"@context":"https:\/\/schema.org","@graph":[{"@type":"Article","@id":"https:\/\/exaudi.org\/it\/verra-consegnato-un-messaggio-di-papa-francesco-ad-al-sistani\/#article","isPartOf":{"@id":"https:\/\/exaudi.org\/it\/verra-consegnato-un-messaggio-di-papa-francesco-ad-al-sistani\/"},"author":{"name":"Exaudi Redazione","@id":"https:\/\/exaudi.org\/#\/schema\/person\/e1ab6ed07c01774724dd96f925f3a5f0"},"headline":"Verr\u00e0 consegnato un messaggio di Papa Francesco ad Al Sistani","datePublished":"2023-03-08T17:01:35+00:00","mainEntityOfPage":{"@id":"https:\/\/exaudi.org\/it\/verra-consegnato-un-messaggio-di-papa-francesco-ad-al-sistani\/"},"wordCount":427,"image":{"@id":"https:\/\/exaudi.org\/it\/verra-consegnato-un-messaggio-di-papa-francesco-ad-al-sistani\/#primaryimage"},"thumbnailUrl":"https:\/\/exaudi.org\/wp-content\/uploads\/2023\/03\/najaf-2023-c.jpg","keywords":["iraq","Sant\u2019Egidio","Trending"],"articleSection":["Chiesa e Mondo","Leone XIV"],"inLanguage":"it-IT"},{"@type":"WebPage","@id":"https:\/\/exaudi.org\/it\/verra-consegnato-un-messaggio-di-papa-francesco-ad-al-sistani\/","url":"https:\/\/exaudi.org\/it\/verra-consegnato-un-messaggio-di-papa-francesco-ad-al-sistani\/","name":"Verr\u00e0 consegnato un messaggio di Papa Francesco ad Al Sistani &#8211; Exaudi","isPartOf":{"@id":"https:\/\/exaudi.org\/#website"},"primaryImageOfPage":{"@id":"https:\/\/exaudi.org\/it\/verra-consegnato-un-messaggio-di-papa-francesco-ad-al-sistani\/#primaryimage"},"image":{"@id":"https:\/\/exaudi.org\/it\/verra-consegnato-un-messaggio-di-papa-francesco-ad-al-sistani\/#primaryimage"},"thumbnailUrl":"https:\/\/exaudi.org\/wp-content\/uploads\/2023\/03\/najaf-2023-c.jpg","datePublished":"2023-03-08T17:01:35+00:00","author":{"@id":"https:\/\/exaudi.org\/#\/schema\/person\/e1ab6ed07c01774724dd96f925f3a5f0"},"breadcrumb":{"@id":"https:\/\/exaudi.org\/it\/verra-consegnato-un-messaggio-di-papa-francesco-ad-al-sistani\/#breadcrumb"},"inLanguage":"it-IT","potentialAction":[{"@type":"ReadAction","target":["https:\/\/exaudi.org\/it\/verra-consegnato-un-messaggio-di-papa-francesco-ad-al-sistani\/"]}]},{"@type":"ImageObject","inLanguage":"it-IT","@id":"https:\/\/exaudi.org\/it\/verra-consegnato-un-messaggio-di-papa-francesco-ad-al-sistani\/#primaryimage","url":"https:\/\/exaudi.org\/wp-content\/uploads\/2023\/03\/najaf-2023-c.jpg","contentUrl":"https:\/\/exaudi.org\/wp-content\/uploads\/2023\/03\/najaf-2023-c.jpg","width":1024,"height":768,"caption":"Sant\u2019Egidio"},{"@type":"BreadcrumbList","@id":"https:\/\/exaudi.org\/it\/verra-consegnato-un-messaggio-di-papa-francesco-ad-al-sistani\/#breadcrumb","itemListElement":[{"@type":"ListItem","position":1,"name":"Portada","item":"https:\/\/exaudi.org\/it\/"},{"@type":"ListItem","position":2,"name":"Verr\u00e0 consegnato un messaggio di Papa Francesco ad Al Sistani"}]},{"@type":"WebSite","@id":"https:\/\/exaudi.org\/#website","url":"https:\/\/exaudi.org\/","name":"Exaudi","description":"News","potentialAction":[{"@type":"SearchAction","target":{"@type":"EntryPoint","urlTemplate":"https:\/\/exaudi.org\/?s={search_term_string}"},"query-input":{"@type":"PropertyValueSpecification","valueRequired":true,"valueName":"search_term_string"}}],"inLanguage":"it-IT"},{"@type":"Person","@id":"https:\/\/exaudi.org\/#\/schema\/person\/e1ab6ed07c01774724dd96f925f3a5f0","name":"Exaudi Redazione","image":{"@type":"ImageObject","inLanguage":"it-IT","@id":"https:\/\/secure.gravatar.com\/avatar\/ad6774b3ada023bf5b939d64f45c94b3adf91502dd883507d469b4308a943bb3?s=96&d=mm&r=g","url":"https:\/\/secure.gravatar.com\/avatar\/ad6774b3ada023bf5b939d64f45c94b3adf91502dd883507d469b4308a943bb3?s=96&d=mm&r=g","contentUrl":"https:\/\/secure.gravatar.com\/avatar\/ad6774b3ada023bf5b939d64f45c94b3adf91502dd883507d469b4308a943bb3?s=96&d=mm&r=g","caption":"Exaudi Redazione"},"description":"Che cosa \u00e8 Exaudi News? Exaudi News \u00e8 un agenzia cattolica internazionale che informa, istruisce e trasforma quotidianamente in spagnolo, inglese e italiano. Attraverso notizie, articoli di analisi e trasmissioni in diretta degli eventi del Papa, Exaudi cerca di rafforzare l'unit\u00e0 dei cristiani e di contribuire all'evangelizzazione del mondo, sempre guidato dalla dottrina sociale della Chiesa. Lavoriamo per portare la verit\u00e0 e i valori cristiani in ogni angolo del pianeta. Aiutaci a trasformare il mondo con Exaudi! Noi di Exaudi crediamo che l'evangelizzazione e l'informazione di qualit\u00e0 possano cambiare la vita. Per continuare la nostra missione ed espandere la nostra portata, abbiamo bisogno del tuo aiuto. Stiamo anche cercando persone motivate che vogliano unirsi al nostro team. Grazie al vostro sostegno raggiungeremo pi\u00f9 persone, diffonderemo il messaggio di Cristo e rafforzeremo l'unit\u00e0 dei cristiani. Vuoi unirti alla nostra missione? Per maggiori informazioni su come contribuire, visita Exaudi.org\/it o contattaci direttamente: info@exaudi.org Exaudi: informa, forma e trasforma.","sameAs":["https:\/\/www.facebook.com\/ExaudiNotizie\/","https:\/\/www.instagram.com\/Exaudi_notizie\/","https:\/\/x.com\/Exaudi_Notizie","https:\/\/www.youtube.com\/@exaudicatholicnews"],"url":"https:\/\/exaudi.org\/it\/author\/dlvedi-org\/"}]}},"jetpack_featured_media_url":"https:\/\/exaudi.org\/wp-content\/uploads\/2023\/03\/najaf-2023-c.jpg","jetpack_shortlink":"https:\/\/wp.me\/pgKjF2-iFO","_links":{"self":[{"href":"https:\/\/exaudi.org\/it\/wp-json\/wp\/v2\/posts\/71784","targetHints":{"allow":["GET"]}}],"collection":[{"href":"https:\/\/exaudi.org\/it\/wp-json\/wp\/v2\/posts"}],"about":[{"href":"https:\/\/exaudi.org\/it\/wp-json\/wp\/v2\/types\/post"}],"author":[{"embeddable":true,"href":"https:\/\/exaudi.org\/it\/wp-json\/wp\/v2\/users\/17"}],"replies":[{"embeddable":true,"href":"https:\/\/exaudi.org\/it\/wp-json\/wp\/v2\/comments?post=71784"}],"version-history":[{"count":0,"href":"https:\/\/exaudi.org\/it\/wp-json\/wp\/v2\/posts\/71784\/revisions"}],"wp:featuredmedia":[{"embeddable":true,"href":"https:\/\/exaudi.org\/it\/wp-json\/wp\/v2\/media\/71785"}],"wp:attachment":[{"href":"https:\/\/exaudi.org\/it\/wp-json\/wp\/v2\/media?parent=71784"}],"wp:term":[{"taxonomy":"category","embeddable":true,"href":"https:\/\/exaudi.org\/it\/wp-json\/wp\/v2\/categories?post=71784"},{"taxonomy":"post_tag","embeddable":true,"href":"https:\/\/exaudi.org\/it\/wp-json\/wp\/v2\/tags?post=71784"}],"curies":[{"name":"wp","href":"https:\/\/api.w.org\/{rel}","templated":true}]}}