{"id":71763,"date":"2023-03-08T16:53:24","date_gmt":"2023-03-08T15:53:24","guid":{"rendered":"https:\/\/exaudi.org\/?p=71763"},"modified":"2023-03-08T16:53:24","modified_gmt":"2023-03-08T15:53:24","slug":"il-papa-levangelizzazione-come-servizio-ecclesiale","status":"publish","type":"post","link":"https:\/\/exaudi.org\/it\/il-papa-levangelizzazione-come-servizio-ecclesiale\/","title":{"rendered":"Il Papa: l&#8217;evangelizzazione come servizio ecclesiale"},"content":{"rendered":"<p>L\u2019Udienza Generale di questa mattina si \u00e8 svolta alle ore 9.00 in Piazza San Pietro, dove il Santo Padre Francesco ha incontrato gruppi di pellegrini e fedeli provenienti dall\u2019Italia e da ogni parte del mondo.<\/p>\n<p>Nel discorso in lingua italiana il Papa, continuando il ciclo di catechesi\u00a0<i>La passione per l\u2019evangelizzazione: lo zelo apostolico del credente<\/i>, ha incentrato la Sua meditazione sul tema: \u201cIl Concilio Vaticano II. L\u2019evangelizzazione come servizio\u201d (Lettura:\u00a0<i>1 Cor\u00a0<\/i>15,1-2).<\/p>\n<p>Dopo aver riassunto la Sua catechesi nelle diverse lingue, il Santo Padre ha indirizzato particolari espressioni di saluto ai fedeli presenti.<\/p>\n<p>L\u2019Udienza Generale si \u00e8 conclusa con la recita del\u00a0<i>Pater Noster<\/i>\u00a0e la Benedizione Apostolica.<\/p>\n<p><a name=\"ca\"><\/a><b>Catechesi. La passione per l\u2019evangelizzazione: lo zelo apostolico del credente. 6. Il Concilio Vaticano II. 1.\u00a0<i>L\u2019evangelizzazione come servizio ecclesiale<\/i><\/b><\/p>\n<p><i>Cari fratelli e sorelle, buongiorno!<\/i><\/p>\n<p>Nella\u00a0<a href=\"https:\/\/www.vatican.va\/content\/francesco\/it\/audiences\/2023\/documents\/20230222-udienza-generale.html\">scorsa catechesi<\/a>\u00a0abbiamo visto che il primo \u201cconcilio\u201d nella storia della Chiesa &#8211; concilio, come quello del Vaticano II -, il primo concilio, fu convocato a Gerusalemme per una questione legata all\u2019evangelizzazione, cio\u00e8 l\u2019annuncio della Buona Notizia ai non ebrei \u2013 si pensava che soltanto agli ebrei si doveva portare l\u2019annuncio del Vangelo. Nel XX secolo, il\u00a0<a href=\"https:\/\/www.vatican.va\/archive\/hist_councils\/ii_vatican_council\/index_it.htm\">Concilio Ecumenico Vaticano II<\/a>\u00a0ha presentato la Chiesa come Popolo di Dio pellegrino nel tempo e\u00a0<i>per sua natura missionario<\/i>\u00a0(cfr Decr.\u00a0<i><a href=\"https:\/\/www.vatican.va\/archive\/hist_councils\/ii_vatican_council\/documents\/vat-ii_decree_19651207_ad-gentes_it.html\">Ad gentes<\/a><\/i>, 2). Cosa significa questo? C\u2019\u00e8 come un ponte tra il primo e l\u2019ultimo Concilio, nel segno dell\u2019evangelizzazione, un ponte il cui architetto \u00e8 lo Spirito Santo. Oggi ci mettiamo in ascolto del\u00a0<a href=\"https:\/\/www.vatican.va\/archive\/hist_councils\/ii_vatican_council\/index_it.htm\">Concilio Vaticano II<\/a>, per scoprire che evangelizzare \u00e8 sempre un\u00a0<i>servizio ecclesiale<\/i>, mai solitario, mai isolato, mai individualistico. L\u2019evangelizzazione si fa sempre\u00a0<i>in ecclesia<\/i>, cio\u00e8 in comunit\u00e0 e senza fare proselitismo perch\u00e9 quello non \u00e8 evangelizzazione.<\/p>\n<p>L\u2019evangelizzatore, infatti, trasmette sempre ci\u00f2 che lui stesso o lei stessa ha ricevuto. Lo scriveva per primo San Paolo: il vangelo che lui annunciava e che le comunit\u00e0 ricevevano e nel quale rimanevano salde \u00e8 quello stesso che l\u2019Apostolo aveva a sua volta ricevuto (cfr\u00a0<i>1 Cor\u00a0<\/i>15,1-3). Si riceve la fede e si trasmette la fede. Questo dinamismo ecclesiale di trasmissione del Messaggio \u00e8 vincolante e garantisce l\u2019autenticit\u00e0 dell\u2019annuncio cristiano. Lo stesso Paolo scrive ai Galati: \u00abSe anche noi stessi, oppure un angelo dal cielo vi annunciasse un vangelo diverso da quello che vi abbiamo annunciato, sia anatema\u00bb (1,8). \u00c8 bello questo e questo viene bene a tante visioni che sono alla moda\u2026<\/p>\n<p>La dimensione ecclesiale dell\u2019evangelizzazione costituisce perci\u00f2 un criterio di verifica dello zelo apostolico. Una verifica necessaria, perch\u00e9 la tentazione di procedere \u201cin solitaria\u201d \u00e8 sempre in agguato, specialmente quando il cammino si fa impervio e sentiamo il peso dell\u2019impegno. Altrettanto pericolosa \u00e8 la tentazione di seguire pi\u00f9 facili vie pseudo-ecclesiali, di adottare la logica mondana dei numeri e dei sondaggi, di contare sulla forza delle nostre idee, dei programmi, delle strutture, delle \u201crelazioni che contano\u201d. Questo non va, questo deve aiutare un po\u2019 ma fondamentale \u00e8 la forza che lo Spirito ti d\u00e0 per annunciare la verit\u00e0 di Ges\u00f9 Cristo, per annunciare il Vangelo. Le altre cose sono secondarie.<\/p>\n<p>Ora, fratelli e sorelle, ci poniamo pi\u00f9 direttamente alla scuola del\u00a0<a href=\"https:\/\/www.vatican.va\/archive\/hist_councils\/ii_vatican_council\/index_it.htm\">Concilio Vaticano II<\/a>, rileggendo alcuni numeri del Decreto\u00a0<i><a href=\"https:\/\/www.vatican.va\/archive\/hist_councils\/ii_vatican_council\/documents\/vat-ii_decree_19651207_ad-gentes_it.html\">Ad gentes<\/a><\/i>\u00a0(<i>AG<\/i>), il documento sull\u2019attivit\u00e0 missionaria della Chiesa. Questi testi del Vaticano II mantengono pienamente il loro valore anche nel nostro contesto complesso e plurale.<\/p>\n<p>Prima di tutto, questo documento,\u00a0<i><a href=\"https:\/\/www.vatican.va\/archive\/hist_councils\/ii_vatican_council\/documents\/vat-ii_decree_19651207_ad-gentes_it.html\">AG<\/a><\/i>, invita a considerare l\u2019amore di Dio Padre, come una sorgente, che \u00abper la sua immensa e misericordiosa benevolenza liberatrice ci crea e, inoltre, per grazia ci chiama a partecipare alla sua vita e alla sua gloria. Questa \u00e8 la nostra vocazione. Egli per pura generosit\u00e0 ha effuso e continua a effondere la sua divina bont\u00e0, in modo che, come di tutti \u00e8 il creatore, cos\u00ec possa essere anche \u201ctutto in tutti\u201d (<i>1 Cor<\/i>\u00a015,28), procurando insieme la sua gloria e la nostra felicit\u00e0\u00bb (<a href=\"https:\/\/www.vatican.va\/archive\/hist_councils\/ii_vatican_council\/documents\/vat-ii_decree_19651207_ad-gentes_it.html#2\">n. 2<\/a>). Questo brano \u00e8 fondamentale, perch\u00e9 dice che l\u2019amore del Padre ha per destinatario\u00a0<i>ogni essere umano<\/i>. L\u2019amore di Dio non \u00e8 per un gruppetto soltanto, no\u2026 per tutti. Quella parola mettetela bene nella testa e nel cuore: tutti, tutti, nessuno escluso, cos\u00ec dice il Signore. E questo amore per ogni essere umano \u00e8 un amore che raggiunge ogni uomo e donna attraverso la missione di Ges\u00f9, mediatore della salvezza e nostro redentore (cfr\u00a0<i><a href=\"https:\/\/www.vatican.va\/archive\/hist_councils\/ii_vatican_council\/documents\/vat-ii_decree_19651207_ad-gentes_it.html#3\">AG<\/a><\/i>, 3), e mediante la missione dello Spirito Santo (cfr\u00a0<i><a href=\"https:\/\/www.vatican.va\/archive\/hist_councils\/ii_vatican_council\/documents\/vat-ii_decree_19651207_ad-gentes_it.html#4\">AG<\/a><\/i>, 4), il quale, Spirito Santo, opera in ciascuno, sia nei battezzati sia nei non battezzati. Lo Spirito Santo opera!<\/p>\n<p>Il Concilio, inoltre, ricorda che \u00e8 compito della Chiesa proseguire la missione di Cristo, il quale \u00e8 stato \u00abinviato a portare la buona novella ai poveri; per questo \u2013 prosegue il documento\u00a0<i><a href=\"https:\/\/www.vatican.va\/archive\/hist_councils\/ii_vatican_council\/documents\/vat-ii_decree_19651207_ad-gentes_it.html\">Ad gentes<\/a><\/i>\u00a0\u2013 \u00e8 necessario che la Chiesa, sempre sotto l\u2019influsso dello Spirito Santo, lo Spirito di Cristo, segua la stessa strada seguita da questi, la strada cio\u00e8 della povert\u00e0, dell\u2019obbedienza, del servizio e del sacrificio di se stesso fino alla morte, da cui poi, risorgendo, Egli usc\u00ec vincitore\u00bb (<i><a href=\"https:\/\/www.vatican.va\/archive\/hist_councils\/ii_vatican_council\/documents\/vat-ii_decree_19651207_ad-gentes_it.html#5\">AG<\/a><\/i>, 5). Se rimane fedele a questa \u201cstrada\u201d, la missione della Chiesa \u00e8 \u00abla manifestazione, cio\u00e8 l\u2019epifania e la realizzazione, del piano divino nel mondo e nella storia\u00bb (<i><a href=\"https:\/\/www.vatican.va\/archive\/hist_councils\/ii_vatican_council\/documents\/vat-ii_decree_19651207_ad-gentes_it.html#9\">AG<\/a><\/i>, 9).<\/p>\n<p>Fratelli e sorelle, questi brevi cenni ci aiutano a comprendere anche il senso ecclesiale dello zelo apostolico di ciascun discepolo-missionario. Lo zelo apostolico non \u00e8 un entusiasmo, \u00e8 un\u2019altra cosa, \u00e8 una grazia di Dio, che dobbiamo custodire. Dobbiamo capire il senso perch\u00e9 nel Popolo di Dio pellegrino ed evangelizzatore non ci sono soggetti attivi e soggetti passivi. Non ci sono quelli che predicano, quelli che annunciano il Vangelo in un modo o nell\u2019altro, e quelli che stanno zitti. No. \u00abCiascun battezzato \u2013 dice\u00a0<i>Evangelii Gaudium<\/i>\u00a0&#8211; qualunque sia la sua funzione nella Chiesa e il grado di istruzione della sua fede, \u00e8 un soggetto attivo di evangelizzazione\u00bb (Esort. ap.\u00a0<i><a href=\"https:\/\/www.vatican.va\/content\/francesco\/it\/apost_exhortations\/documents\/papa-francesco_esortazione-ap_20131124_evangelii-gaudium.html#Tutti_siamo_discepoli_missionari_\">Evangelii gaudium<\/a><\/i>, 120). Tu sei cristiano? \u201cS\u00ec, ho ricevuto il Battesimo\u2026\u201d E tu evangelizzi? \u201cMa cosa significa questo\u2026?\u201d Se tu non evangelizzi, se tu non dai testimonianza, se tu non dai quella testimonianza del Battesimo che hai ricevuto, della fede che il Signore ti ha dato, tu non sei un buon cristiano. In virt\u00f9 del Battesimo ricevuto e della conseguente incorporazione nella Chiesa, ogni battezzato partecipa alla missione della Chiesa e, in essa, alla missione di Cristo Re, Sacerdote e Profeta. Fratelli e sorelle, questo compito \u00ab\u00e8 uno e immutabile in ogni luogo e in ogni situazione, anche se in base al variare delle circostanze non si esplica allo stesso modo\u00bb (<i><a href=\"https:\/\/www.vatican.va\/archive\/hist_councils\/ii_vatican_council\/documents\/vat-ii_decree_19651207_ad-gentes_it.html#6\">AG<\/a><\/i>, 6). Questo ci invita a non sclerotizzarci o fossilizzarci; ci riscatta da questa inquietudine che non \u00e8 di Dio. Lo zelo missionario del credente si esprime anche come ricerca creativa di nuovi modi di annunciare e testimoniare, di nuovi modi per incontrare l\u2019umanit\u00e0 ferita di cui Cristo si \u00e8 fatto carico. Insomma, di nuovi modi per rendere servizio al Vangelo e rendere servizio all\u2019umanit\u00e0. L\u2019evangelizzazione \u00e8 un servizio. Se una persona si dice evangelizzatore e non ha quell\u2019atteggiamento, quel cuore di servitore, e si crede padrone, non \u00e8 un evangelizzatore, no\u2026 \u00e8 un poveraccio.<\/p>\n<p>Risalire all\u2019amore fontale del Padre e alle missioni del Figlio e dello Spirito Santo non ci chiude in spazi di statica tranquillit\u00e0 personale. Al contrario, ci porta a riconoscere la gratuit\u00e0 del dono della pienezza di vita alla quale siamo chiamati, questo dono per il quale lodiamo e ringraziamo Dio. Questo dono non \u00e8 soltanto per noi, ma \u00e8 per darlo agli altri. E ci porta anche a vivere sempre pi\u00f9 pienamente quanto ricevuto condividendolo con gli altri, con senso di responsabilit\u00e0 e percorrendo insieme le strade, tante volte tortuose e difficili della storia, in attesa vigilante e operosa del suo compimento. Chiediamo al Signore questa grazia, di prendere in mano questa vocazione cristiana e rendere grazie al Signore per quello che ci ha dato, questo tesoro. E cercare di comunicarlo agli altri.<\/p>\n<p>_______________________________<\/p>\n<p><b>Saluti<\/b><\/p>\n<p>Rivolgo un cordiale benvenuto ai pellegrini di lingua italiana. In particolare, saluto i sacerdoti di Amalfi-Cava dei Tirreni e quelli della Basilicata, esortandoli a essere pastori secondo il Cuore di Ges\u00f9. Saluto e ringrazio le parrocchie qui presenti, specialmente quelle di Maria Santissima Immacolata in San Giorgio Jonico e San Giovanni Bosco in Potenza. Accolgo con gioia i ragazzi della Cresima della parrocchia Maria Assunta ad Nives in Isola di Capo Rizzuto, incoraggiandoli nel loro percorso di formazione cristiana. Saluto altres\u00ec i Militari dell\u2019Aeronautica di Brindisi. Nella Giornata Internazionale della donna, penso a tutte le donne: le ringrazio per l\u2019impegno a costruire una societ\u00e0 pi\u00f9 umana, mediante la loro capacit\u00e0 di cogliere la realt\u00e0 con sguardo creativo e cuore tenero. Questo \u00e8 un privilegio solo delle donne! Una benedizione particolare per tutte le donne presenti in piazza. E un applauso alle donne! Se lo meritano!<\/p>\n<p>Il mio pensiero va infine, come di consueto ai malati, agli anziani, agli sposi novelli e ai giovani, in particolare agli studenti del Liceo di Paola e agli scolari di Monte Romano. In questi giorni di Quaresima, camminate ancor pi\u00f9 coraggiosamente sulle orme di Cristo, cercando di imitarne l\u2019umilt\u00e0 e la fedelt\u00e0 alla volont\u00e0 divina. E, per favore,<b>\u00a0<\/b>cari fratelli e sorelle,<b>\u00a0<\/b>non dimentichiamo il dolore del martoriato popolo ucraino, soffre tanto\u2026 abbiamolo sempre presente nei nostri cuori e nelle nostre preghiere.<\/p>\n<p>A tutti la mia benedizione<\/p>\n<p><iframe loading=\"lazy\" title=\"Udienza Generale 08 marzo 2023 Papa Francesco\" width=\"500\" height=\"281\" src=\"https:\/\/www.youtube.com\/embed\/qLactpvTC-0?feature=oembed\" frameborder=\"0\" allow=\"accelerometer; autoplay; clipboard-write; encrypted-media; gyroscope; picture-in-picture; web-share\" referrerpolicy=\"strict-origin-when-cross-origin\" allowfullscreen><\/iframe><\/p>\n","protected":false},"excerpt":{"rendered":"<p>Sesta catechesi di Papa Francesco sull&#8217;evangelizzazione<\/p>\n","protected":false},"author":17,"featured_media":71760,"comment_status":"closed","ping_status":"closed","sticky":false,"template":"","format":"standard","meta":{"_acf_changed":false,"_crdt_document":"","inline_featured_image":false,"footnotes":""},"categories":[67,111],"tags":[1092,2487,579],"class_list":["post-71763","post","type-post","status-publish","format-standard","has-post-thumbnail","hentry","category-leone-xiv","category-udienza-generale","tag-evangelizzazione","tag-featured-3","tag-udienza-generale"],"acf":[],"yoast_head":"<!-- This site is optimized with the Yoast SEO plugin v27.4 - https:\/\/yoast.com\/product\/yoast-seo-wordpress\/ -->\n<title>Il Papa: l&#039;evangelizzazione come servizio ecclesiale &#8211; Exaudi<\/title>\n<meta name=\"robots\" content=\"index, follow, max-snippet:-1, max-image-preview:large, max-video-preview:-1\" \/>\n<link rel=\"canonical\" href=\"https:\/\/exaudi.org\/it\/the-pope-evangelization-as-an-ecclesial-service\/\" \/>\n<meta property=\"og:locale\" content=\"it_IT\" \/>\n<meta property=\"og:type\" content=\"article\" \/>\n<meta property=\"og:title\" content=\"Il Papa: l&#039;evangelizzazione come servizio ecclesiale &#8211; Exaudi\" \/>\n<meta property=\"og:description\" content=\"Sesta catechesi di Papa Francesco sull&#039;evangelizzazione\" \/>\n<meta property=\"og:url\" content=\"https:\/\/exaudi.org\/the-pope-evangelization-as-an-ecclesial-service\/\" \/>\n<meta property=\"og:site_name\" content=\"Exaudi\" \/>\n<meta property=\"article:publisher\" content=\"https:\/\/www.facebook.com\/ExaudiNews\" \/>\n<meta property=\"article:author\" content=\"https:\/\/www.facebook.com\/ExaudiNotizie\/\" \/>\n<meta property=\"article:published_time\" content=\"2023-03-08T15:53:24+00:00\" \/>\n<meta property=\"og:image\" content=\"https:\/\/exaudi.org\/wp-content\/uploads\/2023\/03\/Catequesis-Evangelizacion.jpeg\" \/>\n\t<meta property=\"og:image:width\" content=\"800\" \/>\n\t<meta property=\"og:image:height\" content=\"533\" \/>\n\t<meta property=\"og:image:type\" content=\"image\/jpeg\" \/>\n<meta name=\"author\" content=\"Exaudi Redazione\" \/>\n<meta name=\"twitter:card\" content=\"summary_large_image\" \/>\n<meta name=\"twitter:creator\" content=\"@Exaudi_Notizie\" \/>\n<meta name=\"twitter:site\" content=\"@Exaudi_News\" \/>\n<meta name=\"twitter:label1\" content=\"Scritto da\" \/>\n\t<meta name=\"twitter:data1\" content=\"Exaudi Redazione\" \/>\n\t<meta name=\"twitter:label2\" content=\"Tempo di lettura stimato\" \/>\n\t<meta name=\"twitter:data2\" content=\"8 minuti\" \/>\n<script type=\"application\/ld+json\" class=\"yoast-schema-graph\">{\"@context\":\"https:\\\/\\\/schema.org\",\"@graph\":[{\"@type\":\"Article\",\"@id\":\"https:\\\/\\\/exaudi.org\\\/the-pope-evangelization-as-an-ecclesial-service\\\/#article\",\"isPartOf\":{\"@id\":\"https:\\\/\\\/exaudi.org\\\/the-pope-evangelization-as-an-ecclesial-service\\\/\"},\"author\":{\"name\":\"Exaudi Redazione\",\"@id\":\"https:\\\/\\\/exaudi.org\\\/#\\\/schema\\\/person\\\/e1ab6ed07c01774724dd96f925f3a5f0\"},\"headline\":\"Il Papa: l&#8217;evangelizzazione come servizio ecclesiale\",\"datePublished\":\"2023-03-08T15:53:24+00:00\",\"mainEntityOfPage\":{\"@id\":\"https:\\\/\\\/exaudi.org\\\/the-pope-evangelization-as-an-ecclesial-service\\\/\"},\"wordCount\":1534,\"image\":{\"@id\":\"https:\\\/\\\/exaudi.org\\\/the-pope-evangelization-as-an-ecclesial-service\\\/#primaryimage\"},\"thumbnailUrl\":\"https:\\\/\\\/exaudi.org\\\/wp-content\\\/uploads\\\/2023\\\/03\\\/Catequesis-Evangelizacion.jpeg\",\"keywords\":[\"evangelizzazione\",\"Featured\",\"udienza generale\"],\"articleSection\":[\"Leone XIV\",\"Udienza generale\"],\"inLanguage\":\"it-IT\"},{\"@type\":\"WebPage\",\"@id\":\"https:\\\/\\\/exaudi.org\\\/the-pope-evangelization-as-an-ecclesial-service\\\/\",\"url\":\"https:\\\/\\\/exaudi.org\\\/the-pope-evangelization-as-an-ecclesial-service\\\/\",\"name\":\"Il Papa: l'evangelizzazione come servizio ecclesiale &#8211; Exaudi\",\"isPartOf\":{\"@id\":\"https:\\\/\\\/exaudi.org\\\/#website\"},\"primaryImageOfPage\":{\"@id\":\"https:\\\/\\\/exaudi.org\\\/the-pope-evangelization-as-an-ecclesial-service\\\/#primaryimage\"},\"image\":{\"@id\":\"https:\\\/\\\/exaudi.org\\\/the-pope-evangelization-as-an-ecclesial-service\\\/#primaryimage\"},\"thumbnailUrl\":\"https:\\\/\\\/exaudi.org\\\/wp-content\\\/uploads\\\/2023\\\/03\\\/Catequesis-Evangelizacion.jpeg\",\"datePublished\":\"2023-03-08T15:53:24+00:00\",\"author\":{\"@id\":\"https:\\\/\\\/exaudi.org\\\/#\\\/schema\\\/person\\\/e1ab6ed07c01774724dd96f925f3a5f0\"},\"breadcrumb\":{\"@id\":\"https:\\\/\\\/exaudi.org\\\/the-pope-evangelization-as-an-ecclesial-service\\\/#breadcrumb\"},\"inLanguage\":\"it-IT\",\"potentialAction\":[{\"@type\":\"ReadAction\",\"target\":[\"https:\\\/\\\/exaudi.org\\\/the-pope-evangelization-as-an-ecclesial-service\\\/\"]}]},{\"@type\":\"ImageObject\",\"inLanguage\":\"it-IT\",\"@id\":\"https:\\\/\\\/exaudi.org\\\/the-pope-evangelization-as-an-ecclesial-service\\\/#primaryimage\",\"url\":\"https:\\\/\\\/exaudi.org\\\/wp-content\\\/uploads\\\/2023\\\/03\\\/Catequesis-Evangelizacion.jpeg\",\"contentUrl\":\"https:\\\/\\\/exaudi.org\\\/wp-content\\\/uploads\\\/2023\\\/03\\\/Catequesis-Evangelizacion.jpeg\",\"width\":800,\"height\":533,\"caption\":\"\u00a9 Vatican Media\"},{\"@type\":\"BreadcrumbList\",\"@id\":\"https:\\\/\\\/exaudi.org\\\/the-pope-evangelization-as-an-ecclesial-service\\\/#breadcrumb\",\"itemListElement\":[{\"@type\":\"ListItem\",\"position\":1,\"name\":\"Portada\",\"item\":\"https:\\\/\\\/exaudi.org\\\/it\\\/\"},{\"@type\":\"ListItem\",\"position\":2,\"name\":\"Il Papa: l&#8217;evangelizzazione come servizio ecclesiale\"}]},{\"@type\":\"WebSite\",\"@id\":\"https:\\\/\\\/exaudi.org\\\/#website\",\"url\":\"https:\\\/\\\/exaudi.org\\\/\",\"name\":\"Exaudi\",\"description\":\"News\",\"potentialAction\":[{\"@type\":\"SearchAction\",\"target\":{\"@type\":\"EntryPoint\",\"urlTemplate\":\"https:\\\/\\\/exaudi.org\\\/?s={search_term_string}\"},\"query-input\":{\"@type\":\"PropertyValueSpecification\",\"valueRequired\":true,\"valueName\":\"search_term_string\"}}],\"inLanguage\":\"it-IT\"},{\"@type\":\"Person\",\"@id\":\"https:\\\/\\\/exaudi.org\\\/#\\\/schema\\\/person\\\/e1ab6ed07c01774724dd96f925f3a5f0\",\"name\":\"Exaudi Redazione\",\"image\":{\"@type\":\"ImageObject\",\"inLanguage\":\"it-IT\",\"@id\":\"https:\\\/\\\/secure.gravatar.com\\\/avatar\\\/ad6774b3ada023bf5b939d64f45c94b3adf91502dd883507d469b4308a943bb3?s=96&d=mm&r=g\",\"url\":\"https:\\\/\\\/secure.gravatar.com\\\/avatar\\\/ad6774b3ada023bf5b939d64f45c94b3adf91502dd883507d469b4308a943bb3?s=96&d=mm&r=g\",\"contentUrl\":\"https:\\\/\\\/secure.gravatar.com\\\/avatar\\\/ad6774b3ada023bf5b939d64f45c94b3adf91502dd883507d469b4308a943bb3?s=96&d=mm&r=g\",\"caption\":\"Exaudi Redazione\"},\"description\":\"Che cosa \u00e8 Exaudi News? Exaudi News \u00e8 un agenzia cattolica internazionale che informa, istruisce e trasforma quotidianamente in spagnolo, inglese e italiano. Attraverso notizie, articoli di analisi e trasmissioni in diretta degli eventi del Papa, Exaudi cerca di rafforzare l'unit\u00e0 dei cristiani e di contribuire all'evangelizzazione del mondo, sempre guidato dalla dottrina sociale della Chiesa. Lavoriamo per portare la verit\u00e0 e i valori cristiani in ogni angolo del pianeta. Aiutaci a trasformare il mondo con Exaudi! Noi di Exaudi crediamo che l'evangelizzazione e l'informazione di qualit\u00e0 possano cambiare la vita. Per continuare la nostra missione ed espandere la nostra portata, abbiamo bisogno del tuo aiuto. Stiamo anche cercando persone motivate che vogliano unirsi al nostro team. Grazie al vostro sostegno raggiungeremo pi\u00f9 persone, diffonderemo il messaggio di Cristo e rafforzeremo l'unit\u00e0 dei cristiani. Vuoi unirti alla nostra missione? Per maggiori informazioni su come contribuire, visita Exaudi.org\\\/it o contattaci direttamente: info@exaudi.org Exaudi: informa, forma e trasforma.\",\"sameAs\":[\"https:\\\/\\\/www.facebook.com\\\/ExaudiNotizie\\\/\",\"https:\\\/\\\/www.instagram.com\\\/Exaudi_notizie\\\/\",\"https:\\\/\\\/x.com\\\/Exaudi_Notizie\",\"https:\\\/\\\/www.youtube.com\\\/@exaudicatholicnews\"],\"url\":\"https:\\\/\\\/exaudi.org\\\/it\\\/author\\\/dlvedi-org\\\/\"}]}<\/script>\n<!-- \/ Yoast SEO plugin. -->","yoast_head_json":{"title":"Il Papa: l'evangelizzazione come servizio ecclesiale &#8211; Exaudi","robots":{"index":"index","follow":"follow","max-snippet":"max-snippet:-1","max-image-preview":"max-image-preview:large","max-video-preview":"max-video-preview:-1"},"canonical":"https:\/\/exaudi.org\/it\/the-pope-evangelization-as-an-ecclesial-service\/","og_locale":"it_IT","og_type":"article","og_title":"Il Papa: l'evangelizzazione come servizio ecclesiale &#8211; Exaudi","og_description":"Sesta catechesi di Papa Francesco sull'evangelizzazione","og_url":"https:\/\/exaudi.org\/the-pope-evangelization-as-an-ecclesial-service\/","og_site_name":"Exaudi","article_publisher":"https:\/\/www.facebook.com\/ExaudiNews","article_author":"https:\/\/www.facebook.com\/ExaudiNotizie\/","article_published_time":"2023-03-08T15:53:24+00:00","og_image":[{"width":800,"height":533,"url":"https:\/\/exaudi.org\/wp-content\/uploads\/2023\/03\/Catequesis-Evangelizacion.jpeg","type":"image\/jpeg"}],"author":"Exaudi Redazione","twitter_card":"summary_large_image","twitter_creator":"@Exaudi_Notizie","twitter_site":"@Exaudi_News","twitter_misc":{"Scritto da":"Exaudi Redazione","Tempo di lettura stimato":"8 minuti"},"schema":{"@context":"https:\/\/schema.org","@graph":[{"@type":"Article","@id":"https:\/\/exaudi.org\/the-pope-evangelization-as-an-ecclesial-service\/#article","isPartOf":{"@id":"https:\/\/exaudi.org\/the-pope-evangelization-as-an-ecclesial-service\/"},"author":{"name":"Exaudi Redazione","@id":"https:\/\/exaudi.org\/#\/schema\/person\/e1ab6ed07c01774724dd96f925f3a5f0"},"headline":"Il Papa: l&#8217;evangelizzazione come servizio ecclesiale","datePublished":"2023-03-08T15:53:24+00:00","mainEntityOfPage":{"@id":"https:\/\/exaudi.org\/the-pope-evangelization-as-an-ecclesial-service\/"},"wordCount":1534,"image":{"@id":"https:\/\/exaudi.org\/the-pope-evangelization-as-an-ecclesial-service\/#primaryimage"},"thumbnailUrl":"https:\/\/exaudi.org\/wp-content\/uploads\/2023\/03\/Catequesis-Evangelizacion.jpeg","keywords":["evangelizzazione","Featured","udienza generale"],"articleSection":["Leone XIV","Udienza generale"],"inLanguage":"it-IT"},{"@type":"WebPage","@id":"https:\/\/exaudi.org\/the-pope-evangelization-as-an-ecclesial-service\/","url":"https:\/\/exaudi.org\/the-pope-evangelization-as-an-ecclesial-service\/","name":"Il Papa: l'evangelizzazione come servizio ecclesiale &#8211; Exaudi","isPartOf":{"@id":"https:\/\/exaudi.org\/#website"},"primaryImageOfPage":{"@id":"https:\/\/exaudi.org\/the-pope-evangelization-as-an-ecclesial-service\/#primaryimage"},"image":{"@id":"https:\/\/exaudi.org\/the-pope-evangelization-as-an-ecclesial-service\/#primaryimage"},"thumbnailUrl":"https:\/\/exaudi.org\/wp-content\/uploads\/2023\/03\/Catequesis-Evangelizacion.jpeg","datePublished":"2023-03-08T15:53:24+00:00","author":{"@id":"https:\/\/exaudi.org\/#\/schema\/person\/e1ab6ed07c01774724dd96f925f3a5f0"},"breadcrumb":{"@id":"https:\/\/exaudi.org\/the-pope-evangelization-as-an-ecclesial-service\/#breadcrumb"},"inLanguage":"it-IT","potentialAction":[{"@type":"ReadAction","target":["https:\/\/exaudi.org\/the-pope-evangelization-as-an-ecclesial-service\/"]}]},{"@type":"ImageObject","inLanguage":"it-IT","@id":"https:\/\/exaudi.org\/the-pope-evangelization-as-an-ecclesial-service\/#primaryimage","url":"https:\/\/exaudi.org\/wp-content\/uploads\/2023\/03\/Catequesis-Evangelizacion.jpeg","contentUrl":"https:\/\/exaudi.org\/wp-content\/uploads\/2023\/03\/Catequesis-Evangelizacion.jpeg","width":800,"height":533,"caption":"\u00a9 Vatican Media"},{"@type":"BreadcrumbList","@id":"https:\/\/exaudi.org\/the-pope-evangelization-as-an-ecclesial-service\/#breadcrumb","itemListElement":[{"@type":"ListItem","position":1,"name":"Portada","item":"https:\/\/exaudi.org\/it\/"},{"@type":"ListItem","position":2,"name":"Il Papa: l&#8217;evangelizzazione come servizio ecclesiale"}]},{"@type":"WebSite","@id":"https:\/\/exaudi.org\/#website","url":"https:\/\/exaudi.org\/","name":"Exaudi","description":"News","potentialAction":[{"@type":"SearchAction","target":{"@type":"EntryPoint","urlTemplate":"https:\/\/exaudi.org\/?s={search_term_string}"},"query-input":{"@type":"PropertyValueSpecification","valueRequired":true,"valueName":"search_term_string"}}],"inLanguage":"it-IT"},{"@type":"Person","@id":"https:\/\/exaudi.org\/#\/schema\/person\/e1ab6ed07c01774724dd96f925f3a5f0","name":"Exaudi Redazione","image":{"@type":"ImageObject","inLanguage":"it-IT","@id":"https:\/\/secure.gravatar.com\/avatar\/ad6774b3ada023bf5b939d64f45c94b3adf91502dd883507d469b4308a943bb3?s=96&d=mm&r=g","url":"https:\/\/secure.gravatar.com\/avatar\/ad6774b3ada023bf5b939d64f45c94b3adf91502dd883507d469b4308a943bb3?s=96&d=mm&r=g","contentUrl":"https:\/\/secure.gravatar.com\/avatar\/ad6774b3ada023bf5b939d64f45c94b3adf91502dd883507d469b4308a943bb3?s=96&d=mm&r=g","caption":"Exaudi Redazione"},"description":"Che cosa \u00e8 Exaudi News? Exaudi News \u00e8 un agenzia cattolica internazionale che informa, istruisce e trasforma quotidianamente in spagnolo, inglese e italiano. Attraverso notizie, articoli di analisi e trasmissioni in diretta degli eventi del Papa, Exaudi cerca di rafforzare l'unit\u00e0 dei cristiani e di contribuire all'evangelizzazione del mondo, sempre guidato dalla dottrina sociale della Chiesa. Lavoriamo per portare la verit\u00e0 e i valori cristiani in ogni angolo del pianeta. Aiutaci a trasformare il mondo con Exaudi! Noi di Exaudi crediamo che l'evangelizzazione e l'informazione di qualit\u00e0 possano cambiare la vita. Per continuare la nostra missione ed espandere la nostra portata, abbiamo bisogno del tuo aiuto. Stiamo anche cercando persone motivate che vogliano unirsi al nostro team. Grazie al vostro sostegno raggiungeremo pi\u00f9 persone, diffonderemo il messaggio di Cristo e rafforzeremo l'unit\u00e0 dei cristiani. Vuoi unirti alla nostra missione? Per maggiori informazioni su come contribuire, visita Exaudi.org\/it o contattaci direttamente: info@exaudi.org Exaudi: informa, forma e trasforma.","sameAs":["https:\/\/www.facebook.com\/ExaudiNotizie\/","https:\/\/www.instagram.com\/Exaudi_notizie\/","https:\/\/x.com\/Exaudi_Notizie","https:\/\/www.youtube.com\/@exaudicatholicnews"],"url":"https:\/\/exaudi.org\/it\/author\/dlvedi-org\/"}]}},"jetpack_featured_media_url":"https:\/\/exaudi.org\/wp-content\/uploads\/2023\/03\/Catequesis-Evangelizacion.jpeg","jetpack_shortlink":"https:\/\/wp.me\/pgKjF2-iFt","_links":{"self":[{"href":"https:\/\/exaudi.org\/it\/wp-json\/wp\/v2\/posts\/71763","targetHints":{"allow":["GET"]}}],"collection":[{"href":"https:\/\/exaudi.org\/it\/wp-json\/wp\/v2\/posts"}],"about":[{"href":"https:\/\/exaudi.org\/it\/wp-json\/wp\/v2\/types\/post"}],"author":[{"embeddable":true,"href":"https:\/\/exaudi.org\/it\/wp-json\/wp\/v2\/users\/17"}],"replies":[{"embeddable":true,"href":"https:\/\/exaudi.org\/it\/wp-json\/wp\/v2\/comments?post=71763"}],"version-history":[{"count":0,"href":"https:\/\/exaudi.org\/it\/wp-json\/wp\/v2\/posts\/71763\/revisions"}],"wp:featuredmedia":[{"embeddable":true,"href":"https:\/\/exaudi.org\/it\/wp-json\/wp\/v2\/media\/71760"}],"wp:attachment":[{"href":"https:\/\/exaudi.org\/it\/wp-json\/wp\/v2\/media?parent=71763"}],"wp:term":[{"taxonomy":"category","embeddable":true,"href":"https:\/\/exaudi.org\/it\/wp-json\/wp\/v2\/categories?post=71763"},{"taxonomy":"post_tag","embeddable":true,"href":"https:\/\/exaudi.org\/it\/wp-json\/wp\/v2\/tags?post=71763"}],"curies":[{"name":"wp","href":"https:\/\/api.w.org\/{rel}","templated":true}]}}