{"id":71722,"date":"2023-03-07T18:36:46","date_gmt":"2023-03-07T17:36:46","guid":{"rendered":"https:\/\/exaudi.org\/?p=71722"},"modified":"2023-03-08T17:10:29","modified_gmt":"2023-03-08T16:10:29","slug":"accordo-sulla-donazione-dei-frammenti-del-partenone","status":"publish","type":"post","link":"https:\/\/exaudi.org\/it\/accordo-sulla-donazione-dei-frammenti-del-partenone\/","title":{"rendered":"Accordo sulla donazione dei frammenti del Partenone"},"content":{"rendered":"<p>\u00c8 stato firmato questa mattina presso i Musei Vaticani l&#8217;atto di donazione dei tre frammenti del Partenone, voluta dal Santo Padre &#8220;quale segno concreto del sincero desiderio di proseguire nel cammino ecumenico di testimonianza della Verit\u00e0&#8221;.<\/p>\n<p>La cerimonia si \u00e8 svolta alle ore 11:30 presso il Museo Gregoriano Profano e vi hanno preso parte S.Em.R. il Card. Fernando V\u00e9rgez Alzaga, L.C., Presidente della Pontificia Commissione per lo Stato della Citt\u00e0 del Vaticano e Presidente del Governatorato dello Stato della Citt\u00e0 del Vaticano; il Rev.mo Papamikroulis Emmanouil, in rappresentanza di Sua Beatitudine Ieronymos II, Arcivescovo di Atene e di tutta la Grecia; l&#8217;On. Styliani-Lina Mendoni, Ministro della Cultura e dello Sport della Repubblica Ellenica; la Dott.ssa Barbara Jatta, Direttore dei Musei Vaticani.<\/p>\n<p>Il prossimo 24 marzo un rappresentante del Dicastero per l&#8217;Unit\u00e0 dei Cristiani sar\u00e0 presente alla cerimonia che si svolger\u00e0 ad Atene, in occasione dell&#8217;arrivo dei frammenti.<\/p>\n","protected":false},"excerpt":{"rendered":"<p>Il desiderio di restituzione auspicato dal Santo Padre<\/p>\n","protected":false},"author":17,"featured_media":71723,"comment_status":"closed","ping_status":"closed","sticky":false,"template":"","format":"standard","meta":{"_acf_changed":false,"_crdt_document":"","inline_featured_image":false,"footnotes":""},"categories":[73,67],"tags":[7957,1215,251,4952],"class_list":["post-71722","post","type-post","status-publish","format-standard","has-post-thumbnail","hentry","category-chiesa-e-mondo","category-leone-xiv","tag-frammenti-del-partenone","tag-musei-vaticani","tag-papa-francesco","tag-trending-it"],"acf":[],"yoast_head":"<!-- This site is optimized with the Yoast SEO plugin v27.5 - https:\/\/yoast.com\/product\/yoast-seo-wordpress\/ -->\n<title>Accordo sulla donazione dei frammenti del Partenone &#8211; Exaudi<\/title>\n<meta name=\"robots\" content=\"index, follow, max-snippet:-1, max-image-preview:large, max-video-preview:-1\" \/>\n<link rel=\"canonical\" href=\"https:\/\/exaudi.org\/it\/accordo-sulla-donazione-dei-frammenti-del-partenone\/\" \/>\n<meta property=\"og:locale\" content=\"it_IT\" \/>\n<meta property=\"og:type\" content=\"article\" \/>\n<meta property=\"og:title\" content=\"Accordo sulla donazione dei frammenti del Partenone &#8211; Exaudi\" \/>\n<meta property=\"og:description\" content=\"Il desiderio di restituzione auspicato dal Santo Padre\" \/>\n<meta property=\"og:url\" content=\"https:\/\/exaudi.org\/it\/accordo-sulla-donazione-dei-frammenti-del-partenone\/\" \/>\n<meta property=\"og:site_name\" content=\"Exaudi\" \/>\n<meta property=\"article:publisher\" content=\"https:\/\/www.facebook.com\/ExaudiNews\" \/>\n<meta property=\"article:author\" content=\"https:\/\/www.facebook.com\/ExaudiNotizie\/\" \/>\n<meta property=\"article:published_time\" content=\"2023-03-07T17:36:46+00:00\" \/>\n<meta property=\"article:modified_time\" content=\"2023-03-08T16:10:29+00:00\" \/>\n<meta property=\"og:image\" content=\"https:\/\/exaudi.org\/wp-content\/uploads\/2023\/03\/thumbnail_Foto_3.jpg\" \/>\n\t<meta property=\"og:image:width\" content=\"1280\" \/>\n\t<meta property=\"og:image:height\" content=\"853\" \/>\n\t<meta property=\"og:image:type\" content=\"image\/jpeg\" \/>\n<meta name=\"author\" content=\"Exaudi Redazione\" \/>\n<meta name=\"twitter:card\" content=\"summary_large_image\" \/>\n<meta name=\"twitter:creator\" content=\"@Exaudi_Notizie\" \/>\n<meta name=\"twitter:site\" content=\"@Exaudi_News\" \/>\n<meta name=\"twitter:label1\" content=\"Scritto da\" \/>\n\t<meta name=\"twitter:data1\" content=\"Exaudi Redazione\" \/>\n\t<meta name=\"twitter:label2\" content=\"Tempo di lettura stimato\" \/>\n\t<meta name=\"twitter:data2\" content=\"1 minuto\" \/>\n<script type=\"application\/ld+json\" class=\"yoast-schema-graph\">{\"@context\":\"https:\\\/\\\/schema.org\",\"@graph\":[{\"@type\":\"Article\",\"@id\":\"https:\\\/\\\/exaudi.org\\\/it\\\/accordo-sulla-donazione-dei-frammenti-del-partenone\\\/#article\",\"isPartOf\":{\"@id\":\"https:\\\/\\\/exaudi.org\\\/it\\\/accordo-sulla-donazione-dei-frammenti-del-partenone\\\/\"},\"author\":{\"name\":\"Exaudi Redazione\",\"@id\":\"https:\\\/\\\/exaudi.org\\\/#\\\/schema\\\/person\\\/e1ab6ed07c01774724dd96f925f3a5f0\"},\"headline\":\"Accordo sulla donazione dei frammenti del Partenone\",\"datePublished\":\"2023-03-07T17:36:46+00:00\",\"dateModified\":\"2023-03-08T16:10:29+00:00\",\"mainEntityOfPage\":{\"@id\":\"https:\\\/\\\/exaudi.org\\\/it\\\/accordo-sulla-donazione-dei-frammenti-del-partenone\\\/\"},\"wordCount\":160,\"image\":{\"@id\":\"https:\\\/\\\/exaudi.org\\\/it\\\/accordo-sulla-donazione-dei-frammenti-del-partenone\\\/#primaryimage\"},\"thumbnailUrl\":\"https:\\\/\\\/exaudi.org\\\/wp-content\\\/uploads\\\/2023\\\/03\\\/thumbnail_Foto_3.jpg\",\"keywords\":[\"frammenti del Partenone\",\"Musei Vaticani\",\"Papa Francesco\",\"Trending\"],\"articleSection\":[\"Chiesa e Mondo\",\"Leone XIV\"],\"inLanguage\":\"it-IT\"},{\"@type\":\"WebPage\",\"@id\":\"https:\\\/\\\/exaudi.org\\\/it\\\/accordo-sulla-donazione-dei-frammenti-del-partenone\\\/\",\"url\":\"https:\\\/\\\/exaudi.org\\\/it\\\/accordo-sulla-donazione-dei-frammenti-del-partenone\\\/\",\"name\":\"Accordo sulla donazione dei frammenti del Partenone &#8211; Exaudi\",\"isPartOf\":{\"@id\":\"https:\\\/\\\/exaudi.org\\\/#website\"},\"primaryImageOfPage\":{\"@id\":\"https:\\\/\\\/exaudi.org\\\/it\\\/accordo-sulla-donazione-dei-frammenti-del-partenone\\\/#primaryimage\"},\"image\":{\"@id\":\"https:\\\/\\\/exaudi.org\\\/it\\\/accordo-sulla-donazione-dei-frammenti-del-partenone\\\/#primaryimage\"},\"thumbnailUrl\":\"https:\\\/\\\/exaudi.org\\\/wp-content\\\/uploads\\\/2023\\\/03\\\/thumbnail_Foto_3.jpg\",\"datePublished\":\"2023-03-07T17:36:46+00:00\",\"dateModified\":\"2023-03-08T16:10:29+00:00\",\"author\":{\"@id\":\"https:\\\/\\\/exaudi.org\\\/#\\\/schema\\\/person\\\/e1ab6ed07c01774724dd96f925f3a5f0\"},\"breadcrumb\":{\"@id\":\"https:\\\/\\\/exaudi.org\\\/it\\\/accordo-sulla-donazione-dei-frammenti-del-partenone\\\/#breadcrumb\"},\"inLanguage\":\"it-IT\",\"potentialAction\":[{\"@type\":\"ReadAction\",\"target\":[\"https:\\\/\\\/exaudi.org\\\/it\\\/accordo-sulla-donazione-dei-frammenti-del-partenone\\\/\"]}]},{\"@type\":\"ImageObject\",\"inLanguage\":\"it-IT\",\"@id\":\"https:\\\/\\\/exaudi.org\\\/it\\\/accordo-sulla-donazione-dei-frammenti-del-partenone\\\/#primaryimage\",\"url\":\"https:\\\/\\\/exaudi.org\\\/wp-content\\\/uploads\\\/2023\\\/03\\\/thumbnail_Foto_3.jpg\",\"contentUrl\":\"https:\\\/\\\/exaudi.org\\\/wp-content\\\/uploads\\\/2023\\\/03\\\/thumbnail_Foto_3.jpg\",\"width\":1280,\"height\":853,\"caption\":\"Vatican Media\"},{\"@type\":\"BreadcrumbList\",\"@id\":\"https:\\\/\\\/exaudi.org\\\/it\\\/accordo-sulla-donazione-dei-frammenti-del-partenone\\\/#breadcrumb\",\"itemListElement\":[{\"@type\":\"ListItem\",\"position\":1,\"name\":\"Portada\",\"item\":\"https:\\\/\\\/exaudi.org\\\/it\\\/\"},{\"@type\":\"ListItem\",\"position\":2,\"name\":\"Accordo sulla donazione dei frammenti del Partenone\"}]},{\"@type\":\"WebSite\",\"@id\":\"https:\\\/\\\/exaudi.org\\\/#website\",\"url\":\"https:\\\/\\\/exaudi.org\\\/\",\"name\":\"Exaudi\",\"description\":\"News\",\"potentialAction\":[{\"@type\":\"SearchAction\",\"target\":{\"@type\":\"EntryPoint\",\"urlTemplate\":\"https:\\\/\\\/exaudi.org\\\/?s={search_term_string}\"},\"query-input\":{\"@type\":\"PropertyValueSpecification\",\"valueRequired\":true,\"valueName\":\"search_term_string\"}}],\"inLanguage\":\"it-IT\"},{\"@type\":\"Person\",\"@id\":\"https:\\\/\\\/exaudi.org\\\/#\\\/schema\\\/person\\\/e1ab6ed07c01774724dd96f925f3a5f0\",\"name\":\"Exaudi Redazione\",\"image\":{\"@type\":\"ImageObject\",\"inLanguage\":\"it-IT\",\"@id\":\"https:\\\/\\\/secure.gravatar.com\\\/avatar\\\/ad6774b3ada023bf5b939d64f45c94b3adf91502dd883507d469b4308a943bb3?s=96&d=mm&r=g\",\"url\":\"https:\\\/\\\/secure.gravatar.com\\\/avatar\\\/ad6774b3ada023bf5b939d64f45c94b3adf91502dd883507d469b4308a943bb3?s=96&d=mm&r=g\",\"contentUrl\":\"https:\\\/\\\/secure.gravatar.com\\\/avatar\\\/ad6774b3ada023bf5b939d64f45c94b3adf91502dd883507d469b4308a943bb3?s=96&d=mm&r=g\",\"caption\":\"Exaudi Redazione\"},\"description\":\"Che cosa \u00e8 Exaudi News? Exaudi News \u00e8 un agenzia cattolica internazionale che informa, istruisce e trasforma quotidianamente in spagnolo, inglese e italiano. Attraverso notizie, articoli di analisi e trasmissioni in diretta degli eventi del Papa, Exaudi cerca di rafforzare l'unit\u00e0 dei cristiani e di contribuire all'evangelizzazione del mondo, sempre guidato dalla dottrina sociale della Chiesa. Lavoriamo per portare la verit\u00e0 e i valori cristiani in ogni angolo del pianeta. Aiutaci a trasformare il mondo con Exaudi! Noi di Exaudi crediamo che l'evangelizzazione e l'informazione di qualit\u00e0 possano cambiare la vita. Per continuare la nostra missione ed espandere la nostra portata, abbiamo bisogno del tuo aiuto. Stiamo anche cercando persone motivate che vogliano unirsi al nostro team. Grazie al vostro sostegno raggiungeremo pi\u00f9 persone, diffonderemo il messaggio di Cristo e rafforzeremo l'unit\u00e0 dei cristiani. Vuoi unirti alla nostra missione? Per maggiori informazioni su come contribuire, visita Exaudi.org\\\/it o contattaci direttamente: info@exaudi.org Exaudi: informa, forma e trasforma.\",\"sameAs\":[\"https:\\\/\\\/www.facebook.com\\\/ExaudiNotizie\\\/\",\"https:\\\/\\\/www.instagram.com\\\/Exaudi_notizie\\\/\",\"https:\\\/\\\/x.com\\\/Exaudi_Notizie\",\"https:\\\/\\\/www.youtube.com\\\/@exaudicatholicnews\"],\"url\":\"https:\\\/\\\/exaudi.org\\\/it\\\/author\\\/dlvedi-org\\\/\"}]}<\/script>\n<!-- \/ Yoast SEO plugin. -->","yoast_head_json":{"title":"Accordo sulla donazione dei frammenti del Partenone &#8211; Exaudi","robots":{"index":"index","follow":"follow","max-snippet":"max-snippet:-1","max-image-preview":"max-image-preview:large","max-video-preview":"max-video-preview:-1"},"canonical":"https:\/\/exaudi.org\/it\/accordo-sulla-donazione-dei-frammenti-del-partenone\/","og_locale":"it_IT","og_type":"article","og_title":"Accordo sulla donazione dei frammenti del Partenone &#8211; Exaudi","og_description":"Il desiderio di restituzione auspicato dal Santo Padre","og_url":"https:\/\/exaudi.org\/it\/accordo-sulla-donazione-dei-frammenti-del-partenone\/","og_site_name":"Exaudi","article_publisher":"https:\/\/www.facebook.com\/ExaudiNews","article_author":"https:\/\/www.facebook.com\/ExaudiNotizie\/","article_published_time":"2023-03-07T17:36:46+00:00","article_modified_time":"2023-03-08T16:10:29+00:00","og_image":[{"width":1280,"height":853,"url":"https:\/\/exaudi.org\/wp-content\/uploads\/2023\/03\/thumbnail_Foto_3.jpg","type":"image\/jpeg"}],"author":"Exaudi Redazione","twitter_card":"summary_large_image","twitter_creator":"@Exaudi_Notizie","twitter_site":"@Exaudi_News","twitter_misc":{"Scritto da":"Exaudi Redazione","Tempo di lettura stimato":"1 minuto"},"schema":{"@context":"https:\/\/schema.org","@graph":[{"@type":"Article","@id":"https:\/\/exaudi.org\/it\/accordo-sulla-donazione-dei-frammenti-del-partenone\/#article","isPartOf":{"@id":"https:\/\/exaudi.org\/it\/accordo-sulla-donazione-dei-frammenti-del-partenone\/"},"author":{"name":"Exaudi Redazione","@id":"https:\/\/exaudi.org\/#\/schema\/person\/e1ab6ed07c01774724dd96f925f3a5f0"},"headline":"Accordo sulla donazione dei frammenti del Partenone","datePublished":"2023-03-07T17:36:46+00:00","dateModified":"2023-03-08T16:10:29+00:00","mainEntityOfPage":{"@id":"https:\/\/exaudi.org\/it\/accordo-sulla-donazione-dei-frammenti-del-partenone\/"},"wordCount":160,"image":{"@id":"https:\/\/exaudi.org\/it\/accordo-sulla-donazione-dei-frammenti-del-partenone\/#primaryimage"},"thumbnailUrl":"https:\/\/exaudi.org\/wp-content\/uploads\/2023\/03\/thumbnail_Foto_3.jpg","keywords":["frammenti del Partenone","Musei Vaticani","Papa Francesco","Trending"],"articleSection":["Chiesa e Mondo","Leone XIV"],"inLanguage":"it-IT"},{"@type":"WebPage","@id":"https:\/\/exaudi.org\/it\/accordo-sulla-donazione-dei-frammenti-del-partenone\/","url":"https:\/\/exaudi.org\/it\/accordo-sulla-donazione-dei-frammenti-del-partenone\/","name":"Accordo sulla donazione dei frammenti del Partenone &#8211; Exaudi","isPartOf":{"@id":"https:\/\/exaudi.org\/#website"},"primaryImageOfPage":{"@id":"https:\/\/exaudi.org\/it\/accordo-sulla-donazione-dei-frammenti-del-partenone\/#primaryimage"},"image":{"@id":"https:\/\/exaudi.org\/it\/accordo-sulla-donazione-dei-frammenti-del-partenone\/#primaryimage"},"thumbnailUrl":"https:\/\/exaudi.org\/wp-content\/uploads\/2023\/03\/thumbnail_Foto_3.jpg","datePublished":"2023-03-07T17:36:46+00:00","dateModified":"2023-03-08T16:10:29+00:00","author":{"@id":"https:\/\/exaudi.org\/#\/schema\/person\/e1ab6ed07c01774724dd96f925f3a5f0"},"breadcrumb":{"@id":"https:\/\/exaudi.org\/it\/accordo-sulla-donazione-dei-frammenti-del-partenone\/#breadcrumb"},"inLanguage":"it-IT","potentialAction":[{"@type":"ReadAction","target":["https:\/\/exaudi.org\/it\/accordo-sulla-donazione-dei-frammenti-del-partenone\/"]}]},{"@type":"ImageObject","inLanguage":"it-IT","@id":"https:\/\/exaudi.org\/it\/accordo-sulla-donazione-dei-frammenti-del-partenone\/#primaryimage","url":"https:\/\/exaudi.org\/wp-content\/uploads\/2023\/03\/thumbnail_Foto_3.jpg","contentUrl":"https:\/\/exaudi.org\/wp-content\/uploads\/2023\/03\/thumbnail_Foto_3.jpg","width":1280,"height":853,"caption":"Vatican Media"},{"@type":"BreadcrumbList","@id":"https:\/\/exaudi.org\/it\/accordo-sulla-donazione-dei-frammenti-del-partenone\/#breadcrumb","itemListElement":[{"@type":"ListItem","position":1,"name":"Portada","item":"https:\/\/exaudi.org\/it\/"},{"@type":"ListItem","position":2,"name":"Accordo sulla donazione dei frammenti del Partenone"}]},{"@type":"WebSite","@id":"https:\/\/exaudi.org\/#website","url":"https:\/\/exaudi.org\/","name":"Exaudi","description":"News","potentialAction":[{"@type":"SearchAction","target":{"@type":"EntryPoint","urlTemplate":"https:\/\/exaudi.org\/?s={search_term_string}"},"query-input":{"@type":"PropertyValueSpecification","valueRequired":true,"valueName":"search_term_string"}}],"inLanguage":"it-IT"},{"@type":"Person","@id":"https:\/\/exaudi.org\/#\/schema\/person\/e1ab6ed07c01774724dd96f925f3a5f0","name":"Exaudi Redazione","image":{"@type":"ImageObject","inLanguage":"it-IT","@id":"https:\/\/secure.gravatar.com\/avatar\/ad6774b3ada023bf5b939d64f45c94b3adf91502dd883507d469b4308a943bb3?s=96&d=mm&r=g","url":"https:\/\/secure.gravatar.com\/avatar\/ad6774b3ada023bf5b939d64f45c94b3adf91502dd883507d469b4308a943bb3?s=96&d=mm&r=g","contentUrl":"https:\/\/secure.gravatar.com\/avatar\/ad6774b3ada023bf5b939d64f45c94b3adf91502dd883507d469b4308a943bb3?s=96&d=mm&r=g","caption":"Exaudi Redazione"},"description":"Che cosa \u00e8 Exaudi News? Exaudi News \u00e8 un agenzia cattolica internazionale che informa, istruisce e trasforma quotidianamente in spagnolo, inglese e italiano. Attraverso notizie, articoli di analisi e trasmissioni in diretta degli eventi del Papa, Exaudi cerca di rafforzare l'unit\u00e0 dei cristiani e di contribuire all'evangelizzazione del mondo, sempre guidato dalla dottrina sociale della Chiesa. Lavoriamo per portare la verit\u00e0 e i valori cristiani in ogni angolo del pianeta. Aiutaci a trasformare il mondo con Exaudi! Noi di Exaudi crediamo che l'evangelizzazione e l'informazione di qualit\u00e0 possano cambiare la vita. Per continuare la nostra missione ed espandere la nostra portata, abbiamo bisogno del tuo aiuto. Stiamo anche cercando persone motivate che vogliano unirsi al nostro team. Grazie al vostro sostegno raggiungeremo pi\u00f9 persone, diffonderemo il messaggio di Cristo e rafforzeremo l'unit\u00e0 dei cristiani. Vuoi unirti alla nostra missione? Per maggiori informazioni su come contribuire, visita Exaudi.org\/it o contattaci direttamente: info@exaudi.org Exaudi: informa, forma e trasforma.","sameAs":["https:\/\/www.facebook.com\/ExaudiNotizie\/","https:\/\/www.instagram.com\/Exaudi_notizie\/","https:\/\/x.com\/Exaudi_Notizie","https:\/\/www.youtube.com\/@exaudicatholicnews"],"url":"https:\/\/exaudi.org\/it\/author\/dlvedi-org\/"}]}},"jetpack_featured_media_url":"https:\/\/exaudi.org\/wp-content\/uploads\/2023\/03\/thumbnail_Foto_3.jpg","jetpack_shortlink":"https:\/\/wp.me\/pgKjF2-iEO","_links":{"self":[{"href":"https:\/\/exaudi.org\/it\/wp-json\/wp\/v2\/posts\/71722","targetHints":{"allow":["GET"]}}],"collection":[{"href":"https:\/\/exaudi.org\/it\/wp-json\/wp\/v2\/posts"}],"about":[{"href":"https:\/\/exaudi.org\/it\/wp-json\/wp\/v2\/types\/post"}],"author":[{"embeddable":true,"href":"https:\/\/exaudi.org\/it\/wp-json\/wp\/v2\/users\/17"}],"replies":[{"embeddable":true,"href":"https:\/\/exaudi.org\/it\/wp-json\/wp\/v2\/comments?post=71722"}],"version-history":[{"count":0,"href":"https:\/\/exaudi.org\/it\/wp-json\/wp\/v2\/posts\/71722\/revisions"}],"wp:featuredmedia":[{"embeddable":true,"href":"https:\/\/exaudi.org\/it\/wp-json\/wp\/v2\/media\/71723"}],"wp:attachment":[{"href":"https:\/\/exaudi.org\/it\/wp-json\/wp\/v2\/media?parent=71722"}],"wp:term":[{"taxonomy":"category","embeddable":true,"href":"https:\/\/exaudi.org\/it\/wp-json\/wp\/v2\/categories?post=71722"},{"taxonomy":"post_tag","embeddable":true,"href":"https:\/\/exaudi.org\/it\/wp-json\/wp\/v2\/tags?post=71722"}],"curies":[{"name":"wp","href":"https:\/\/api.w.org\/{rel}","templated":true}]}}