{"id":71705,"date":"2023-03-07T17:29:08","date_gmt":"2023-03-07T16:29:08","guid":{"rendered":"https:\/\/exaudi.org\/?p=71705"},"modified":"2023-03-08T17:09:34","modified_gmt":"2023-03-08T16:09:34","slug":"il-santo-padre-papa-francesco-ha-rinnovato-il-consiglio-dei-cardinali","status":"publish","type":"post","link":"https:\/\/exaudi.org\/it\/il-santo-padre-papa-francesco-ha-rinnovato-il-consiglio-dei-cardinali\/","title":{"rendered":"Il Santo Padre, Papa Francesco, ha rinnovato il Consiglio dei Cardinali"},"content":{"rendered":"<p>Il Santo Padre Francesco, dovendo rinnovare il Consiglio Cardinalizio, perch\u00e9 scaduto il mandato del precedente, ha nominato Membri del nuovo Consiglio i seguenti Signori Cardinali:<\/p>\n<p>Em.mo Card. Pietro Parolin, Segretario di Stato;<\/p>\n<p>Em.mo Card. Fernando V\u00e9rgez Alzaga, L.C., Presidente della Pontificia Commissione per lo Stato della Citt\u00e0 del Vaticano e Presidente del Governatorato dello Stato della Citt\u00e0 del Vaticano;<\/p>\n<p>Em.mo Card. Fridolin Ambongo Besungu, O.F.M. Cap., Arcivescovo di Kinshasa (Repubblica Democratica del Congo);<\/p>\n<p>Em.mo Card. Oswald Gracias, Arcivescovo Metropolita di Bombay (India);<\/p>\n<p>Em.mo Card. Se\u00e1n Patrick O&#8217;Malley, O.F.M.Cap., Arcivescovo Metropolita di Boston (Stati Uniti d&#8217;America);<\/p>\n<p>Em.mo Card. Juan Jos\u00e9 Omella Omella, Arcivescovo Metropolita di Barcelona (Spagna);<\/p>\n<p>Em.mo Card. G\u00e9rald C. Lacroix, Arcivescovo di Qu\u00e9bec (Canada);<\/p>\n<p>Em.mo Card. Jean-Claude Hollerich, S.I., Arcivescovo di Luxembourg (Lussemburgo);<\/p>\n<p>Em.mo Card. S\u00e9rgio da Rocha, Arcivescovo Metropolita di S\u00e3o Salvador da Bahia (Brasile).<\/p>\n<p>Il Segretario sar\u00e0 S.E. Mons. Marco Mellino, Vescovo tit. di Cresima (Italia).<\/p>\n<p>La prossima riunione si terr\u00e0 il 24 aprile alle ore 9.00 a Casa Santa Marta.<\/p>\n","protected":false},"excerpt":{"rendered":"<p>Comunicato della Sala Stampa della Santa Sede<\/p>\n","protected":false},"author":17,"featured_media":71766,"comment_status":"closed","ping_status":"closed","sticky":false,"template":"","format":"standard","meta":{"_acf_changed":false,"_crdt_document":"","inline_featured_image":false,"footnotes":""},"categories":[67],"tags":[8585,2178,251,4952],"class_list":["post-71705","post","type-post","status-publish","format-standard","has-post-thumbnail","hentry","category-leone-xiv","tag-c9","tag-consiglio-dei-cardinali","tag-papa-francesco","tag-trending-it"],"acf":[],"yoast_head":"<!-- This site is optimized with the Yoast SEO plugin v27.4 - https:\/\/yoast.com\/product\/yoast-seo-wordpress\/ -->\n<title>Il Santo Padre, Papa Francesco, ha rinnovato il Consiglio dei Cardinali &#8211; Exaudi<\/title>\n<meta name=\"robots\" content=\"index, follow, max-snippet:-1, max-image-preview:large, max-video-preview:-1\" \/>\n<link rel=\"canonical\" href=\"https:\/\/exaudi.org\/it\/il-santo-padre-papa-francesco-ha-rinnovato-il-consiglio-dei-cardinali\/\" \/>\n<meta property=\"og:locale\" content=\"it_IT\" \/>\n<meta property=\"og:type\" content=\"article\" \/>\n<meta property=\"og:title\" content=\"Il Santo Padre, Papa Francesco, ha rinnovato il Consiglio dei Cardinali &#8211; Exaudi\" \/>\n<meta property=\"og:description\" content=\"Comunicato della Sala Stampa della Santa Sede\" \/>\n<meta property=\"og:url\" content=\"https:\/\/exaudi.org\/it\/il-santo-padre-papa-francesco-ha-rinnovato-il-consiglio-dei-cardinali\/\" \/>\n<meta property=\"og:site_name\" content=\"Exaudi\" \/>\n<meta property=\"article:publisher\" content=\"https:\/\/www.facebook.com\/ExaudiNews\" \/>\n<meta property=\"article:author\" content=\"https:\/\/www.facebook.com\/ExaudiNotizie\/\" \/>\n<meta property=\"article:published_time\" content=\"2023-03-07T16:29:08+00:00\" \/>\n<meta property=\"article:modified_time\" content=\"2023-03-08T16:09:34+00:00\" \/>\n<meta property=\"og:image\" content=\"https:\/\/exaudi.org\/wp-content\/uploads\/2023\/03\/cq5dam.thumbnail.cropped.1500.844-2-1.jpeg\" \/>\n\t<meta property=\"og:image:width\" content=\"1500\" \/>\n\t<meta property=\"og:image:height\" content=\"844\" \/>\n\t<meta property=\"og:image:type\" content=\"image\/jpeg\" \/>\n<meta name=\"author\" content=\"Exaudi Redazione\" \/>\n<meta name=\"twitter:card\" content=\"summary_large_image\" \/>\n<meta name=\"twitter:creator\" content=\"@Exaudi_Notizie\" \/>\n<meta name=\"twitter:site\" content=\"@Exaudi_News\" \/>\n<meta name=\"twitter:label1\" content=\"Scritto da\" \/>\n\t<meta name=\"twitter:data1\" content=\"Exaudi Redazione\" \/>\n\t<meta name=\"twitter:label2\" content=\"Tempo di lettura stimato\" \/>\n\t<meta name=\"twitter:data2\" content=\"1 minuto\" \/>\n<script type=\"application\/ld+json\" class=\"yoast-schema-graph\">{\"@context\":\"https:\\\/\\\/schema.org\",\"@graph\":[{\"@type\":\"Article\",\"@id\":\"https:\\\/\\\/exaudi.org\\\/it\\\/il-santo-padre-papa-francesco-ha-rinnovato-il-consiglio-dei-cardinali\\\/#article\",\"isPartOf\":{\"@id\":\"https:\\\/\\\/exaudi.org\\\/it\\\/il-santo-padre-papa-francesco-ha-rinnovato-il-consiglio-dei-cardinali\\\/\"},\"author\":{\"name\":\"Exaudi Redazione\",\"@id\":\"https:\\\/\\\/exaudi.org\\\/#\\\/schema\\\/person\\\/e1ab6ed07c01774724dd96f925f3a5f0\"},\"headline\":\"Il Santo Padre, Papa Francesco, ha rinnovato il Consiglio dei Cardinali\",\"datePublished\":\"2023-03-07T16:29:08+00:00\",\"dateModified\":\"2023-03-08T16:09:34+00:00\",\"mainEntityOfPage\":{\"@id\":\"https:\\\/\\\/exaudi.org\\\/it\\\/il-santo-padre-papa-francesco-ha-rinnovato-il-consiglio-dei-cardinali\\\/\"},\"wordCount\":198,\"image\":{\"@id\":\"https:\\\/\\\/exaudi.org\\\/it\\\/il-santo-padre-papa-francesco-ha-rinnovato-il-consiglio-dei-cardinali\\\/#primaryimage\"},\"thumbnailUrl\":\"https:\\\/\\\/exaudi.org\\\/wp-content\\\/uploads\\\/2023\\\/03\\\/cq5dam.thumbnail.cropped.1500.844-2-1.jpeg\",\"keywords\":[\"C9\",\"Consiglio dei Cardinali\",\"Papa Francesco\",\"Trending\"],\"articleSection\":[\"Leone XIV\"],\"inLanguage\":\"it-IT\"},{\"@type\":\"WebPage\",\"@id\":\"https:\\\/\\\/exaudi.org\\\/it\\\/il-santo-padre-papa-francesco-ha-rinnovato-il-consiglio-dei-cardinali\\\/\",\"url\":\"https:\\\/\\\/exaudi.org\\\/it\\\/il-santo-padre-papa-francesco-ha-rinnovato-il-consiglio-dei-cardinali\\\/\",\"name\":\"Il Santo Padre, Papa Francesco, ha rinnovato il Consiglio dei Cardinali &#8211; Exaudi\",\"isPartOf\":{\"@id\":\"https:\\\/\\\/exaudi.org\\\/#website\"},\"primaryImageOfPage\":{\"@id\":\"https:\\\/\\\/exaudi.org\\\/it\\\/il-santo-padre-papa-francesco-ha-rinnovato-il-consiglio-dei-cardinali\\\/#primaryimage\"},\"image\":{\"@id\":\"https:\\\/\\\/exaudi.org\\\/it\\\/il-santo-padre-papa-francesco-ha-rinnovato-il-consiglio-dei-cardinali\\\/#primaryimage\"},\"thumbnailUrl\":\"https:\\\/\\\/exaudi.org\\\/wp-content\\\/uploads\\\/2023\\\/03\\\/cq5dam.thumbnail.cropped.1500.844-2-1.jpeg\",\"datePublished\":\"2023-03-07T16:29:08+00:00\",\"dateModified\":\"2023-03-08T16:09:34+00:00\",\"author\":{\"@id\":\"https:\\\/\\\/exaudi.org\\\/#\\\/schema\\\/person\\\/e1ab6ed07c01774724dd96f925f3a5f0\"},\"breadcrumb\":{\"@id\":\"https:\\\/\\\/exaudi.org\\\/it\\\/il-santo-padre-papa-francesco-ha-rinnovato-il-consiglio-dei-cardinali\\\/#breadcrumb\"},\"inLanguage\":\"it-IT\",\"potentialAction\":[{\"@type\":\"ReadAction\",\"target\":[\"https:\\\/\\\/exaudi.org\\\/it\\\/il-santo-padre-papa-francesco-ha-rinnovato-il-consiglio-dei-cardinali\\\/\"]}]},{\"@type\":\"ImageObject\",\"inLanguage\":\"it-IT\",\"@id\":\"https:\\\/\\\/exaudi.org\\\/it\\\/il-santo-padre-papa-francesco-ha-rinnovato-il-consiglio-dei-cardinali\\\/#primaryimage\",\"url\":\"https:\\\/\\\/exaudi.org\\\/wp-content\\\/uploads\\\/2023\\\/03\\\/cq5dam.thumbnail.cropped.1500.844-2-1.jpeg\",\"contentUrl\":\"https:\\\/\\\/exaudi.org\\\/wp-content\\\/uploads\\\/2023\\\/03\\\/cq5dam.thumbnail.cropped.1500.844-2-1.jpeg\",\"width\":1500,\"height\":844},{\"@type\":\"BreadcrumbList\",\"@id\":\"https:\\\/\\\/exaudi.org\\\/it\\\/il-santo-padre-papa-francesco-ha-rinnovato-il-consiglio-dei-cardinali\\\/#breadcrumb\",\"itemListElement\":[{\"@type\":\"ListItem\",\"position\":1,\"name\":\"Portada\",\"item\":\"https:\\\/\\\/exaudi.org\\\/it\\\/\"},{\"@type\":\"ListItem\",\"position\":2,\"name\":\"Il Santo Padre, Papa Francesco, ha rinnovato il Consiglio dei Cardinali\"}]},{\"@type\":\"WebSite\",\"@id\":\"https:\\\/\\\/exaudi.org\\\/#website\",\"url\":\"https:\\\/\\\/exaudi.org\\\/\",\"name\":\"Exaudi\",\"description\":\"News\",\"potentialAction\":[{\"@type\":\"SearchAction\",\"target\":{\"@type\":\"EntryPoint\",\"urlTemplate\":\"https:\\\/\\\/exaudi.org\\\/?s={search_term_string}\"},\"query-input\":{\"@type\":\"PropertyValueSpecification\",\"valueRequired\":true,\"valueName\":\"search_term_string\"}}],\"inLanguage\":\"it-IT\"},{\"@type\":\"Person\",\"@id\":\"https:\\\/\\\/exaudi.org\\\/#\\\/schema\\\/person\\\/e1ab6ed07c01774724dd96f925f3a5f0\",\"name\":\"Exaudi Redazione\",\"image\":{\"@type\":\"ImageObject\",\"inLanguage\":\"it-IT\",\"@id\":\"https:\\\/\\\/secure.gravatar.com\\\/avatar\\\/ad6774b3ada023bf5b939d64f45c94b3adf91502dd883507d469b4308a943bb3?s=96&d=mm&r=g\",\"url\":\"https:\\\/\\\/secure.gravatar.com\\\/avatar\\\/ad6774b3ada023bf5b939d64f45c94b3adf91502dd883507d469b4308a943bb3?s=96&d=mm&r=g\",\"contentUrl\":\"https:\\\/\\\/secure.gravatar.com\\\/avatar\\\/ad6774b3ada023bf5b939d64f45c94b3adf91502dd883507d469b4308a943bb3?s=96&d=mm&r=g\",\"caption\":\"Exaudi Redazione\"},\"description\":\"Che cosa \u00e8 Exaudi News? Exaudi News \u00e8 un agenzia cattolica internazionale che informa, istruisce e trasforma quotidianamente in spagnolo, inglese e italiano. Attraverso notizie, articoli di analisi e trasmissioni in diretta degli eventi del Papa, Exaudi cerca di rafforzare l'unit\u00e0 dei cristiani e di contribuire all'evangelizzazione del mondo, sempre guidato dalla dottrina sociale della Chiesa. Lavoriamo per portare la verit\u00e0 e i valori cristiani in ogni angolo del pianeta. Aiutaci a trasformare il mondo con Exaudi! Noi di Exaudi crediamo che l'evangelizzazione e l'informazione di qualit\u00e0 possano cambiare la vita. Per continuare la nostra missione ed espandere la nostra portata, abbiamo bisogno del tuo aiuto. Stiamo anche cercando persone motivate che vogliano unirsi al nostro team. Grazie al vostro sostegno raggiungeremo pi\u00f9 persone, diffonderemo il messaggio di Cristo e rafforzeremo l'unit\u00e0 dei cristiani. Vuoi unirti alla nostra missione? Per maggiori informazioni su come contribuire, visita Exaudi.org\\\/it o contattaci direttamente: info@exaudi.org Exaudi: informa, forma e trasforma.\",\"sameAs\":[\"https:\\\/\\\/www.facebook.com\\\/ExaudiNotizie\\\/\",\"https:\\\/\\\/www.instagram.com\\\/Exaudi_notizie\\\/\",\"https:\\\/\\\/x.com\\\/Exaudi_Notizie\",\"https:\\\/\\\/www.youtube.com\\\/@exaudicatholicnews\"],\"url\":\"https:\\\/\\\/exaudi.org\\\/it\\\/author\\\/dlvedi-org\\\/\"}]}<\/script>\n<!-- \/ Yoast SEO plugin. -->","yoast_head_json":{"title":"Il Santo Padre, Papa Francesco, ha rinnovato il Consiglio dei Cardinali &#8211; Exaudi","robots":{"index":"index","follow":"follow","max-snippet":"max-snippet:-1","max-image-preview":"max-image-preview:large","max-video-preview":"max-video-preview:-1"},"canonical":"https:\/\/exaudi.org\/it\/il-santo-padre-papa-francesco-ha-rinnovato-il-consiglio-dei-cardinali\/","og_locale":"it_IT","og_type":"article","og_title":"Il Santo Padre, Papa Francesco, ha rinnovato il Consiglio dei Cardinali &#8211; Exaudi","og_description":"Comunicato della Sala Stampa della Santa Sede","og_url":"https:\/\/exaudi.org\/it\/il-santo-padre-papa-francesco-ha-rinnovato-il-consiglio-dei-cardinali\/","og_site_name":"Exaudi","article_publisher":"https:\/\/www.facebook.com\/ExaudiNews","article_author":"https:\/\/www.facebook.com\/ExaudiNotizie\/","article_published_time":"2023-03-07T16:29:08+00:00","article_modified_time":"2023-03-08T16:09:34+00:00","og_image":[{"width":1500,"height":844,"url":"https:\/\/exaudi.org\/wp-content\/uploads\/2023\/03\/cq5dam.thumbnail.cropped.1500.844-2-1.jpeg","type":"image\/jpeg"}],"author":"Exaudi Redazione","twitter_card":"summary_large_image","twitter_creator":"@Exaudi_Notizie","twitter_site":"@Exaudi_News","twitter_misc":{"Scritto da":"Exaudi Redazione","Tempo di lettura stimato":"1 minuto"},"schema":{"@context":"https:\/\/schema.org","@graph":[{"@type":"Article","@id":"https:\/\/exaudi.org\/it\/il-santo-padre-papa-francesco-ha-rinnovato-il-consiglio-dei-cardinali\/#article","isPartOf":{"@id":"https:\/\/exaudi.org\/it\/il-santo-padre-papa-francesco-ha-rinnovato-il-consiglio-dei-cardinali\/"},"author":{"name":"Exaudi Redazione","@id":"https:\/\/exaudi.org\/#\/schema\/person\/e1ab6ed07c01774724dd96f925f3a5f0"},"headline":"Il Santo Padre, Papa Francesco, ha rinnovato il Consiglio dei Cardinali","datePublished":"2023-03-07T16:29:08+00:00","dateModified":"2023-03-08T16:09:34+00:00","mainEntityOfPage":{"@id":"https:\/\/exaudi.org\/it\/il-santo-padre-papa-francesco-ha-rinnovato-il-consiglio-dei-cardinali\/"},"wordCount":198,"image":{"@id":"https:\/\/exaudi.org\/it\/il-santo-padre-papa-francesco-ha-rinnovato-il-consiglio-dei-cardinali\/#primaryimage"},"thumbnailUrl":"https:\/\/exaudi.org\/wp-content\/uploads\/2023\/03\/cq5dam.thumbnail.cropped.1500.844-2-1.jpeg","keywords":["C9","Consiglio dei Cardinali","Papa Francesco","Trending"],"articleSection":["Leone XIV"],"inLanguage":"it-IT"},{"@type":"WebPage","@id":"https:\/\/exaudi.org\/it\/il-santo-padre-papa-francesco-ha-rinnovato-il-consiglio-dei-cardinali\/","url":"https:\/\/exaudi.org\/it\/il-santo-padre-papa-francesco-ha-rinnovato-il-consiglio-dei-cardinali\/","name":"Il Santo Padre, Papa Francesco, ha rinnovato il Consiglio dei Cardinali &#8211; Exaudi","isPartOf":{"@id":"https:\/\/exaudi.org\/#website"},"primaryImageOfPage":{"@id":"https:\/\/exaudi.org\/it\/il-santo-padre-papa-francesco-ha-rinnovato-il-consiglio-dei-cardinali\/#primaryimage"},"image":{"@id":"https:\/\/exaudi.org\/it\/il-santo-padre-papa-francesco-ha-rinnovato-il-consiglio-dei-cardinali\/#primaryimage"},"thumbnailUrl":"https:\/\/exaudi.org\/wp-content\/uploads\/2023\/03\/cq5dam.thumbnail.cropped.1500.844-2-1.jpeg","datePublished":"2023-03-07T16:29:08+00:00","dateModified":"2023-03-08T16:09:34+00:00","author":{"@id":"https:\/\/exaudi.org\/#\/schema\/person\/e1ab6ed07c01774724dd96f925f3a5f0"},"breadcrumb":{"@id":"https:\/\/exaudi.org\/it\/il-santo-padre-papa-francesco-ha-rinnovato-il-consiglio-dei-cardinali\/#breadcrumb"},"inLanguage":"it-IT","potentialAction":[{"@type":"ReadAction","target":["https:\/\/exaudi.org\/it\/il-santo-padre-papa-francesco-ha-rinnovato-il-consiglio-dei-cardinali\/"]}]},{"@type":"ImageObject","inLanguage":"it-IT","@id":"https:\/\/exaudi.org\/it\/il-santo-padre-papa-francesco-ha-rinnovato-il-consiglio-dei-cardinali\/#primaryimage","url":"https:\/\/exaudi.org\/wp-content\/uploads\/2023\/03\/cq5dam.thumbnail.cropped.1500.844-2-1.jpeg","contentUrl":"https:\/\/exaudi.org\/wp-content\/uploads\/2023\/03\/cq5dam.thumbnail.cropped.1500.844-2-1.jpeg","width":1500,"height":844},{"@type":"BreadcrumbList","@id":"https:\/\/exaudi.org\/it\/il-santo-padre-papa-francesco-ha-rinnovato-il-consiglio-dei-cardinali\/#breadcrumb","itemListElement":[{"@type":"ListItem","position":1,"name":"Portada","item":"https:\/\/exaudi.org\/it\/"},{"@type":"ListItem","position":2,"name":"Il Santo Padre, Papa Francesco, ha rinnovato il Consiglio dei Cardinali"}]},{"@type":"WebSite","@id":"https:\/\/exaudi.org\/#website","url":"https:\/\/exaudi.org\/","name":"Exaudi","description":"News","potentialAction":[{"@type":"SearchAction","target":{"@type":"EntryPoint","urlTemplate":"https:\/\/exaudi.org\/?s={search_term_string}"},"query-input":{"@type":"PropertyValueSpecification","valueRequired":true,"valueName":"search_term_string"}}],"inLanguage":"it-IT"},{"@type":"Person","@id":"https:\/\/exaudi.org\/#\/schema\/person\/e1ab6ed07c01774724dd96f925f3a5f0","name":"Exaudi Redazione","image":{"@type":"ImageObject","inLanguage":"it-IT","@id":"https:\/\/secure.gravatar.com\/avatar\/ad6774b3ada023bf5b939d64f45c94b3adf91502dd883507d469b4308a943bb3?s=96&d=mm&r=g","url":"https:\/\/secure.gravatar.com\/avatar\/ad6774b3ada023bf5b939d64f45c94b3adf91502dd883507d469b4308a943bb3?s=96&d=mm&r=g","contentUrl":"https:\/\/secure.gravatar.com\/avatar\/ad6774b3ada023bf5b939d64f45c94b3adf91502dd883507d469b4308a943bb3?s=96&d=mm&r=g","caption":"Exaudi Redazione"},"description":"Che cosa \u00e8 Exaudi News? Exaudi News \u00e8 un agenzia cattolica internazionale che informa, istruisce e trasforma quotidianamente in spagnolo, inglese e italiano. Attraverso notizie, articoli di analisi e trasmissioni in diretta degli eventi del Papa, Exaudi cerca di rafforzare l'unit\u00e0 dei cristiani e di contribuire all'evangelizzazione del mondo, sempre guidato dalla dottrina sociale della Chiesa. Lavoriamo per portare la verit\u00e0 e i valori cristiani in ogni angolo del pianeta. Aiutaci a trasformare il mondo con Exaudi! Noi di Exaudi crediamo che l'evangelizzazione e l'informazione di qualit\u00e0 possano cambiare la vita. Per continuare la nostra missione ed espandere la nostra portata, abbiamo bisogno del tuo aiuto. Stiamo anche cercando persone motivate che vogliano unirsi al nostro team. Grazie al vostro sostegno raggiungeremo pi\u00f9 persone, diffonderemo il messaggio di Cristo e rafforzeremo l'unit\u00e0 dei cristiani. Vuoi unirti alla nostra missione? Per maggiori informazioni su come contribuire, visita Exaudi.org\/it o contattaci direttamente: info@exaudi.org Exaudi: informa, forma e trasforma.","sameAs":["https:\/\/www.facebook.com\/ExaudiNotizie\/","https:\/\/www.instagram.com\/Exaudi_notizie\/","https:\/\/x.com\/Exaudi_Notizie","https:\/\/www.youtube.com\/@exaudicatholicnews"],"url":"https:\/\/exaudi.org\/it\/author\/dlvedi-org\/"}]}},"jetpack_featured_media_url":"https:\/\/exaudi.org\/wp-content\/uploads\/2023\/03\/cq5dam.thumbnail.cropped.1500.844-2-1.jpeg","jetpack_shortlink":"https:\/\/wp.me\/pgKjF2-iEx","_links":{"self":[{"href":"https:\/\/exaudi.org\/it\/wp-json\/wp\/v2\/posts\/71705","targetHints":{"allow":["GET"]}}],"collection":[{"href":"https:\/\/exaudi.org\/it\/wp-json\/wp\/v2\/posts"}],"about":[{"href":"https:\/\/exaudi.org\/it\/wp-json\/wp\/v2\/types\/post"}],"author":[{"embeddable":true,"href":"https:\/\/exaudi.org\/it\/wp-json\/wp\/v2\/users\/17"}],"replies":[{"embeddable":true,"href":"https:\/\/exaudi.org\/it\/wp-json\/wp\/v2\/comments?post=71705"}],"version-history":[{"count":0,"href":"https:\/\/exaudi.org\/it\/wp-json\/wp\/v2\/posts\/71705\/revisions"}],"wp:featuredmedia":[{"embeddable":true,"href":"https:\/\/exaudi.org\/it\/wp-json\/wp\/v2\/media\/71766"}],"wp:attachment":[{"href":"https:\/\/exaudi.org\/it\/wp-json\/wp\/v2\/media?parent=71705"}],"wp:term":[{"taxonomy":"category","embeddable":true,"href":"https:\/\/exaudi.org\/it\/wp-json\/wp\/v2\/categories?post=71705"},{"taxonomy":"post_tag","embeddable":true,"href":"https:\/\/exaudi.org\/it\/wp-json\/wp\/v2\/tags?post=71705"}],"curies":[{"name":"wp","href":"https:\/\/api.w.org\/{rel}","templated":true}]}}