{"id":71691,"date":"2023-03-07T14:20:49","date_gmt":"2023-03-07T13:20:49","guid":{"rendered":"https:\/\/exaudi.org\/?p=71691"},"modified":"2023-03-07T14:27:40","modified_gmt":"2023-03-07T13:27:40","slug":"lo-ior-si-rinnova-chirografo-del-papa-e-nuovo-statuto","status":"publish","type":"post","link":"https:\/\/exaudi.org\/it\/lo-ior-si-rinnova-chirografo-del-papa-e-nuovo-statuto\/","title":{"rendered":"Lo IOR si rinnova: Chirografo del Papa e nuovo Statuto"},"content":{"rendered":"<div class=\"article__text\">\n<audio class=\"wp-audio-shortcode\" id=\"audio-71691-1\" preload=\"none\" style=\"width: 100%;\" controls=\"controls\"><source type=\"audio\/mpeg\" src=\"https:\/\/exaudi.org\/wp-content\/uploads\/2023\/03\/Lo-IOR-si-rinnova-Chirografo-del-Papa-e-nuovo_1-1.mp3?_=1\" \/><a href=\"https:\/\/exaudi.org\/wp-content\/uploads\/2023\/03\/Lo-IOR-si-rinnova-Chirografo-del-Papa-e-nuovo_1-1.mp3\">https:\/\/exaudi.org\/wp-content\/uploads\/2023\/03\/Lo-IOR-si-rinnova-Chirografo-del-Papa-e-nuovo_1-1.mp3<\/a><\/audio>\n<p>Lo IOR si rinnova: a meno di quattro anni dall\u2019ultima revisione dello Statuto, l\u2019Istituto per le Opere di Religione cambia per adeguarsi alla nuova Costituzione apostolica\u00a0<i>Praedicate Evangelium<\/i>: durata quinquennale dei mandati con la possibilit\u00e0 di rinnovarli una volta soltanto, struttura di governo pi\u00f9 snella con ruoli meglio definiti tra i diversi organi per evitare sovrapposizioni o duplicazioni di attivit\u00e0. \u00c8 quanto emerge dal\u00a0<a href=\"https:\/\/www.vatican.va\/content\/francesco\/it\/events\/event.dir.html\/content\/vaticanevents\/it\/2023\/3\/7\/chirografo-ior.html\" target=\"_blank\" rel=\"external noopener\">chirografo di Papa Francesco<\/a>\u00a0e dal\u00a0<a href=\"https:\/\/press.vatican.va\/content\/salastampa\/it\/bollettino\/pubblico\/2023\/03\/07\/0183\/00394.html\" target=\"_blank\" rel=\"external noopener\">nuovo Statuto<\/a>, resi noti marted\u00ec 7 marzo, con i quali viene rinnovato lo IOR, il cui scopo, si afferma, \u00e8 \u201cdi provvedere alla custodia e all\u2019amministrazione dei beni mobili ed immobili ad esso trasferiti o affidati da persone fisiche o giuridiche e destinati ad opere di religione o di carit\u00e0\u201d.<\/p>\n<p>Le principali modifiche contenute nei due testi riguardano dunque l\u2019armonizzazione della durata quinquennale e la rinnovabilit\u00e0 dei mandati nei vari organismi, che sar\u00e0 possibile soltanto una volta (dunque al massimo per dieci anni). Il carattere non simultaneo del mandato dei componenti della Commissione cardinalizia e del Consiglio di Sovrintendenza, l\u2019inserimento di una specifica previsione in materia di conflitti di interesse: quest\u2019ultima prevede che \u201cciascun componente del Consiglio di Sovrintendenza si astiene dal partecipare alle votazioni relative a delibere rispetto alle quali abbia un interesse, attuale o potenziale, per conto proprio o di terzi\u201d.<\/p>\n<p>Un\u2019altra modifica riguarda una pi\u00f9 chiara definizione e distinzione dei rispettivi ruoli e responsabilit\u00e0 degli organi dell\u2019Istituto. Al Consiglio di Sovrintendenza spetta la definizione delle linee strategiche, delle politiche generali e della supervisione sull\u2019attivit\u00e0 dello IOR. Mentre al Direttore Generale spetta la gestione e l\u2019amministrazione dell\u2019Istituto. Infine, il cambiamento della Direzione che da organo collegiale, composto dal Direttore e dal Vicedirettore, diventa ente monocratico composto dal solo Direttore Generale. Pertanto, il Vicedirettore cessa di essere organo di governo per diventare una \u201cfunzione\u201d, che il Direttore Generale potr\u00e0 delegare ad uno dei dirigenti.<\/p>\n<p>Il Direttore Generale continua a essere nominato dal Consiglio di Sovrintendenza e approvato dalla Commissione Cardinalizia, ma d\u2019ora in poi \u201csulla base di una rosa di almeno tre candidati idonei\u201d. Potr\u00e0 essere assunto a tempo indeterminato o determinato.<\/p>\n<\/div>\n","protected":false},"excerpt":{"rendered":"<p>Anche l\u2019Istituto per le Opere di Religione si adegua alla nuova Costituzione Praedicate Evangelium<\/p>\n","protected":false},"author":17,"featured_media":66624,"comment_status":"closed","ping_status":"closed","sticky":false,"template":"","format":"standard","meta":{"_acf_changed":false,"_crdt_document":"","inline_featured_image":false,"footnotes":""},"categories":[67,131],"tags":[2806,251,6835,8584,4952],"class_list":["post-71691","post","type-post","status-publish","format-standard","has-post-thumbnail","hentry","category-leone-xiv","category-vaticano","tag-ior","tag-papa-francesco","tag-praedicate-evangelium-it","tag-rinova","tag-trending-it"],"acf":[],"yoast_head":"<!-- This site is optimized with the Yoast SEO plugin v27.4 - https:\/\/yoast.com\/product\/yoast-seo-wordpress\/ -->\n<title>Lo IOR si rinnova: Chirografo del Papa e nuovo Statuto &#8211; Exaudi<\/title>\n<meta name=\"robots\" content=\"index, follow, max-snippet:-1, max-image-preview:large, max-video-preview:-1\" \/>\n<link rel=\"canonical\" href=\"https:\/\/exaudi.org\/it\/new-statutes-issued-for-ior-in-papal-chirograph\/\" \/>\n<meta property=\"og:locale\" content=\"it_IT\" \/>\n<meta property=\"og:type\" content=\"article\" \/>\n<meta property=\"og:title\" content=\"Lo IOR si rinnova: Chirografo del Papa e nuovo Statuto &#8211; Exaudi\" \/>\n<meta property=\"og:description\" content=\"Anche l\u2019Istituto per le Opere di Religione si adegua alla nuova Costituzione Praedicate Evangelium\" \/>\n<meta property=\"og:url\" content=\"https:\/\/exaudi.org\/new-statutes-issued-for-ior-in-papal-chirograph\/\" \/>\n<meta property=\"og:site_name\" content=\"Exaudi\" \/>\n<meta property=\"article:publisher\" content=\"https:\/\/www.facebook.com\/ExaudiNews\" \/>\n<meta property=\"article:author\" content=\"https:\/\/www.facebook.com\/ExaudiNotizie\/\" \/>\n<meta property=\"article:published_time\" content=\"2023-03-07T13:20:49+00:00\" \/>\n<meta property=\"article:modified_time\" content=\"2023-03-07T13:27:40+00:00\" \/>\n<meta property=\"og:image\" content=\"https:\/\/exaudi.org\/wp-content\/uploads\/2022\/12\/pexels-andrea-piacquadio-937690-scaled.jpg\" \/>\n\t<meta property=\"og:image:width\" content=\"2560\" \/>\n\t<meta property=\"og:image:height\" content=\"1665\" \/>\n\t<meta property=\"og:image:type\" content=\"image\/jpeg\" \/>\n<meta name=\"author\" content=\"Exaudi Redazione\" \/>\n<meta name=\"twitter:card\" content=\"summary_large_image\" \/>\n<meta name=\"twitter:creator\" content=\"@Exaudi_Notizie\" \/>\n<meta name=\"twitter:site\" content=\"@Exaudi_News\" \/>\n<meta name=\"twitter:label1\" content=\"Scritto da\" \/>\n\t<meta name=\"twitter:data1\" content=\"Exaudi Redazione\" \/>\n\t<meta name=\"twitter:label2\" content=\"Tempo di lettura stimato\" \/>\n\t<meta name=\"twitter:data2\" content=\"2 minuti\" \/>\n<script type=\"application\/ld+json\" class=\"yoast-schema-graph\">{\"@context\":\"https:\\\/\\\/schema.org\",\"@graph\":[{\"@type\":\"Article\",\"@id\":\"https:\\\/\\\/exaudi.org\\\/new-statutes-issued-for-ior-in-papal-chirograph\\\/#article\",\"isPartOf\":{\"@id\":\"https:\\\/\\\/exaudi.org\\\/new-statutes-issued-for-ior-in-papal-chirograph\\\/\"},\"author\":{\"name\":\"Exaudi Redazione\",\"@id\":\"https:\\\/\\\/exaudi.org\\\/#\\\/schema\\\/person\\\/e1ab6ed07c01774724dd96f925f3a5f0\"},\"headline\":\"Lo IOR si rinnova: Chirografo del Papa e nuovo Statuto\",\"datePublished\":\"2023-03-07T13:20:49+00:00\",\"dateModified\":\"2023-03-07T13:27:40+00:00\",\"mainEntityOfPage\":{\"@id\":\"https:\\\/\\\/exaudi.org\\\/new-statutes-issued-for-ior-in-papal-chirograph\\\/\"},\"wordCount\":373,\"image\":{\"@id\":\"https:\\\/\\\/exaudi.org\\\/new-statutes-issued-for-ior-in-papal-chirograph\\\/#primaryimage\"},\"thumbnailUrl\":\"https:\\\/\\\/exaudi.org\\\/wp-content\\\/uploads\\\/2022\\\/12\\\/pexels-andrea-piacquadio-937690-scaled.jpg\",\"keywords\":[\"ior\",\"Papa Francesco\",\"Praedicate evangelium\",\"Rinova\",\"Trending\"],\"articleSection\":[\"Leone XIV\",\"Vaticano\"],\"inLanguage\":\"it-IT\"},{\"@type\":\"WebPage\",\"@id\":\"https:\\\/\\\/exaudi.org\\\/new-statutes-issued-for-ior-in-papal-chirograph\\\/\",\"url\":\"https:\\\/\\\/exaudi.org\\\/new-statutes-issued-for-ior-in-papal-chirograph\\\/\",\"name\":\"Lo IOR si rinnova: Chirografo del Papa e nuovo Statuto &#8211; Exaudi\",\"isPartOf\":{\"@id\":\"https:\\\/\\\/exaudi.org\\\/#website\"},\"primaryImageOfPage\":{\"@id\":\"https:\\\/\\\/exaudi.org\\\/new-statutes-issued-for-ior-in-papal-chirograph\\\/#primaryimage\"},\"image\":{\"@id\":\"https:\\\/\\\/exaudi.org\\\/new-statutes-issued-for-ior-in-papal-chirograph\\\/#primaryimage\"},\"thumbnailUrl\":\"https:\\\/\\\/exaudi.org\\\/wp-content\\\/uploads\\\/2022\\\/12\\\/pexels-andrea-piacquadio-937690-scaled.jpg\",\"datePublished\":\"2023-03-07T13:20:49+00:00\",\"dateModified\":\"2023-03-07T13:27:40+00:00\",\"author\":{\"@id\":\"https:\\\/\\\/exaudi.org\\\/#\\\/schema\\\/person\\\/e1ab6ed07c01774724dd96f925f3a5f0\"},\"breadcrumb\":{\"@id\":\"https:\\\/\\\/exaudi.org\\\/new-statutes-issued-for-ior-in-papal-chirograph\\\/#breadcrumb\"},\"inLanguage\":\"it-IT\",\"potentialAction\":[{\"@type\":\"ReadAction\",\"target\":[\"https:\\\/\\\/exaudi.org\\\/new-statutes-issued-for-ior-in-papal-chirograph\\\/\"]}]},{\"@type\":\"ImageObject\",\"inLanguage\":\"it-IT\",\"@id\":\"https:\\\/\\\/exaudi.org\\\/new-statutes-issued-for-ior-in-papal-chirograph\\\/#primaryimage\",\"url\":\"https:\\\/\\\/exaudi.org\\\/wp-content\\\/uploads\\\/2022\\\/12\\\/pexels-andrea-piacquadio-937690-scaled.jpg\",\"contentUrl\":\"https:\\\/\\\/exaudi.org\\\/wp-content\\\/uploads\\\/2022\\\/12\\\/pexels-andrea-piacquadio-937690-scaled.jpg\",\"width\":2560,\"height\":1665,\"caption\":\"Vaticano Andrea Piacquadio\"},{\"@type\":\"BreadcrumbList\",\"@id\":\"https:\\\/\\\/exaudi.org\\\/new-statutes-issued-for-ior-in-papal-chirograph\\\/#breadcrumb\",\"itemListElement\":[{\"@type\":\"ListItem\",\"position\":1,\"name\":\"Portada\",\"item\":\"https:\\\/\\\/exaudi.org\\\/it\\\/\"},{\"@type\":\"ListItem\",\"position\":2,\"name\":\"Lo IOR si rinnova: Chirografo del Papa e nuovo Statuto\"}]},{\"@type\":\"WebSite\",\"@id\":\"https:\\\/\\\/exaudi.org\\\/#website\",\"url\":\"https:\\\/\\\/exaudi.org\\\/\",\"name\":\"Exaudi\",\"description\":\"News\",\"potentialAction\":[{\"@type\":\"SearchAction\",\"target\":{\"@type\":\"EntryPoint\",\"urlTemplate\":\"https:\\\/\\\/exaudi.org\\\/?s={search_term_string}\"},\"query-input\":{\"@type\":\"PropertyValueSpecification\",\"valueRequired\":true,\"valueName\":\"search_term_string\"}}],\"inLanguage\":\"it-IT\"},{\"@type\":\"Person\",\"@id\":\"https:\\\/\\\/exaudi.org\\\/#\\\/schema\\\/person\\\/e1ab6ed07c01774724dd96f925f3a5f0\",\"name\":\"Exaudi Redazione\",\"image\":{\"@type\":\"ImageObject\",\"inLanguage\":\"it-IT\",\"@id\":\"https:\\\/\\\/secure.gravatar.com\\\/avatar\\\/ad6774b3ada023bf5b939d64f45c94b3adf91502dd883507d469b4308a943bb3?s=96&d=mm&r=g\",\"url\":\"https:\\\/\\\/secure.gravatar.com\\\/avatar\\\/ad6774b3ada023bf5b939d64f45c94b3adf91502dd883507d469b4308a943bb3?s=96&d=mm&r=g\",\"contentUrl\":\"https:\\\/\\\/secure.gravatar.com\\\/avatar\\\/ad6774b3ada023bf5b939d64f45c94b3adf91502dd883507d469b4308a943bb3?s=96&d=mm&r=g\",\"caption\":\"Exaudi Redazione\"},\"description\":\"Che cosa \u00e8 Exaudi News? Exaudi News \u00e8 un agenzia cattolica internazionale che informa, istruisce e trasforma quotidianamente in spagnolo, inglese e italiano. Attraverso notizie, articoli di analisi e trasmissioni in diretta degli eventi del Papa, Exaudi cerca di rafforzare l'unit\u00e0 dei cristiani e di contribuire all'evangelizzazione del mondo, sempre guidato dalla dottrina sociale della Chiesa. Lavoriamo per portare la verit\u00e0 e i valori cristiani in ogni angolo del pianeta. Aiutaci a trasformare il mondo con Exaudi! Noi di Exaudi crediamo che l'evangelizzazione e l'informazione di qualit\u00e0 possano cambiare la vita. Per continuare la nostra missione ed espandere la nostra portata, abbiamo bisogno del tuo aiuto. Stiamo anche cercando persone motivate che vogliano unirsi al nostro team. Grazie al vostro sostegno raggiungeremo pi\u00f9 persone, diffonderemo il messaggio di Cristo e rafforzeremo l'unit\u00e0 dei cristiani. Vuoi unirti alla nostra missione? Per maggiori informazioni su come contribuire, visita Exaudi.org\\\/it o contattaci direttamente: info@exaudi.org Exaudi: informa, forma e trasforma.\",\"sameAs\":[\"https:\\\/\\\/www.facebook.com\\\/ExaudiNotizie\\\/\",\"https:\\\/\\\/www.instagram.com\\\/Exaudi_notizie\\\/\",\"https:\\\/\\\/x.com\\\/Exaudi_Notizie\",\"https:\\\/\\\/www.youtube.com\\\/@exaudicatholicnews\"],\"url\":\"https:\\\/\\\/exaudi.org\\\/it\\\/author\\\/dlvedi-org\\\/\"}]}<\/script>\n<!-- \/ Yoast SEO plugin. -->","yoast_head_json":{"title":"Lo IOR si rinnova: Chirografo del Papa e nuovo Statuto &#8211; Exaudi","robots":{"index":"index","follow":"follow","max-snippet":"max-snippet:-1","max-image-preview":"max-image-preview:large","max-video-preview":"max-video-preview:-1"},"canonical":"https:\/\/exaudi.org\/it\/new-statutes-issued-for-ior-in-papal-chirograph\/","og_locale":"it_IT","og_type":"article","og_title":"Lo IOR si rinnova: Chirografo del Papa e nuovo Statuto &#8211; Exaudi","og_description":"Anche l\u2019Istituto per le Opere di Religione si adegua alla nuova Costituzione Praedicate Evangelium","og_url":"https:\/\/exaudi.org\/new-statutes-issued-for-ior-in-papal-chirograph\/","og_site_name":"Exaudi","article_publisher":"https:\/\/www.facebook.com\/ExaudiNews","article_author":"https:\/\/www.facebook.com\/ExaudiNotizie\/","article_published_time":"2023-03-07T13:20:49+00:00","article_modified_time":"2023-03-07T13:27:40+00:00","og_image":[{"width":2560,"height":1665,"url":"https:\/\/exaudi.org\/wp-content\/uploads\/2022\/12\/pexels-andrea-piacquadio-937690-scaled.jpg","type":"image\/jpeg"}],"author":"Exaudi Redazione","twitter_card":"summary_large_image","twitter_creator":"@Exaudi_Notizie","twitter_site":"@Exaudi_News","twitter_misc":{"Scritto da":"Exaudi Redazione","Tempo di lettura stimato":"2 minuti"},"schema":{"@context":"https:\/\/schema.org","@graph":[{"@type":"Article","@id":"https:\/\/exaudi.org\/new-statutes-issued-for-ior-in-papal-chirograph\/#article","isPartOf":{"@id":"https:\/\/exaudi.org\/new-statutes-issued-for-ior-in-papal-chirograph\/"},"author":{"name":"Exaudi Redazione","@id":"https:\/\/exaudi.org\/#\/schema\/person\/e1ab6ed07c01774724dd96f925f3a5f0"},"headline":"Lo IOR si rinnova: Chirografo del Papa e nuovo Statuto","datePublished":"2023-03-07T13:20:49+00:00","dateModified":"2023-03-07T13:27:40+00:00","mainEntityOfPage":{"@id":"https:\/\/exaudi.org\/new-statutes-issued-for-ior-in-papal-chirograph\/"},"wordCount":373,"image":{"@id":"https:\/\/exaudi.org\/new-statutes-issued-for-ior-in-papal-chirograph\/#primaryimage"},"thumbnailUrl":"https:\/\/exaudi.org\/wp-content\/uploads\/2022\/12\/pexels-andrea-piacquadio-937690-scaled.jpg","keywords":["ior","Papa Francesco","Praedicate evangelium","Rinova","Trending"],"articleSection":["Leone XIV","Vaticano"],"inLanguage":"it-IT"},{"@type":"WebPage","@id":"https:\/\/exaudi.org\/new-statutes-issued-for-ior-in-papal-chirograph\/","url":"https:\/\/exaudi.org\/new-statutes-issued-for-ior-in-papal-chirograph\/","name":"Lo IOR si rinnova: Chirografo del Papa e nuovo Statuto &#8211; Exaudi","isPartOf":{"@id":"https:\/\/exaudi.org\/#website"},"primaryImageOfPage":{"@id":"https:\/\/exaudi.org\/new-statutes-issued-for-ior-in-papal-chirograph\/#primaryimage"},"image":{"@id":"https:\/\/exaudi.org\/new-statutes-issued-for-ior-in-papal-chirograph\/#primaryimage"},"thumbnailUrl":"https:\/\/exaudi.org\/wp-content\/uploads\/2022\/12\/pexels-andrea-piacquadio-937690-scaled.jpg","datePublished":"2023-03-07T13:20:49+00:00","dateModified":"2023-03-07T13:27:40+00:00","author":{"@id":"https:\/\/exaudi.org\/#\/schema\/person\/e1ab6ed07c01774724dd96f925f3a5f0"},"breadcrumb":{"@id":"https:\/\/exaudi.org\/new-statutes-issued-for-ior-in-papal-chirograph\/#breadcrumb"},"inLanguage":"it-IT","potentialAction":[{"@type":"ReadAction","target":["https:\/\/exaudi.org\/new-statutes-issued-for-ior-in-papal-chirograph\/"]}]},{"@type":"ImageObject","inLanguage":"it-IT","@id":"https:\/\/exaudi.org\/new-statutes-issued-for-ior-in-papal-chirograph\/#primaryimage","url":"https:\/\/exaudi.org\/wp-content\/uploads\/2022\/12\/pexels-andrea-piacquadio-937690-scaled.jpg","contentUrl":"https:\/\/exaudi.org\/wp-content\/uploads\/2022\/12\/pexels-andrea-piacquadio-937690-scaled.jpg","width":2560,"height":1665,"caption":"Vaticano Andrea Piacquadio"},{"@type":"BreadcrumbList","@id":"https:\/\/exaudi.org\/new-statutes-issued-for-ior-in-papal-chirograph\/#breadcrumb","itemListElement":[{"@type":"ListItem","position":1,"name":"Portada","item":"https:\/\/exaudi.org\/it\/"},{"@type":"ListItem","position":2,"name":"Lo IOR si rinnova: Chirografo del Papa e nuovo Statuto"}]},{"@type":"WebSite","@id":"https:\/\/exaudi.org\/#website","url":"https:\/\/exaudi.org\/","name":"Exaudi","description":"News","potentialAction":[{"@type":"SearchAction","target":{"@type":"EntryPoint","urlTemplate":"https:\/\/exaudi.org\/?s={search_term_string}"},"query-input":{"@type":"PropertyValueSpecification","valueRequired":true,"valueName":"search_term_string"}}],"inLanguage":"it-IT"},{"@type":"Person","@id":"https:\/\/exaudi.org\/#\/schema\/person\/e1ab6ed07c01774724dd96f925f3a5f0","name":"Exaudi Redazione","image":{"@type":"ImageObject","inLanguage":"it-IT","@id":"https:\/\/secure.gravatar.com\/avatar\/ad6774b3ada023bf5b939d64f45c94b3adf91502dd883507d469b4308a943bb3?s=96&d=mm&r=g","url":"https:\/\/secure.gravatar.com\/avatar\/ad6774b3ada023bf5b939d64f45c94b3adf91502dd883507d469b4308a943bb3?s=96&d=mm&r=g","contentUrl":"https:\/\/secure.gravatar.com\/avatar\/ad6774b3ada023bf5b939d64f45c94b3adf91502dd883507d469b4308a943bb3?s=96&d=mm&r=g","caption":"Exaudi Redazione"},"description":"Che cosa \u00e8 Exaudi News? Exaudi News \u00e8 un agenzia cattolica internazionale che informa, istruisce e trasforma quotidianamente in spagnolo, inglese e italiano. Attraverso notizie, articoli di analisi e trasmissioni in diretta degli eventi del Papa, Exaudi cerca di rafforzare l'unit\u00e0 dei cristiani e di contribuire all'evangelizzazione del mondo, sempre guidato dalla dottrina sociale della Chiesa. Lavoriamo per portare la verit\u00e0 e i valori cristiani in ogni angolo del pianeta. Aiutaci a trasformare il mondo con Exaudi! Noi di Exaudi crediamo che l'evangelizzazione e l'informazione di qualit\u00e0 possano cambiare la vita. Per continuare la nostra missione ed espandere la nostra portata, abbiamo bisogno del tuo aiuto. Stiamo anche cercando persone motivate che vogliano unirsi al nostro team. Grazie al vostro sostegno raggiungeremo pi\u00f9 persone, diffonderemo il messaggio di Cristo e rafforzeremo l'unit\u00e0 dei cristiani. Vuoi unirti alla nostra missione? Per maggiori informazioni su come contribuire, visita Exaudi.org\/it o contattaci direttamente: info@exaudi.org Exaudi: informa, forma e trasforma.","sameAs":["https:\/\/www.facebook.com\/ExaudiNotizie\/","https:\/\/www.instagram.com\/Exaudi_notizie\/","https:\/\/x.com\/Exaudi_Notizie","https:\/\/www.youtube.com\/@exaudicatholicnews"],"url":"https:\/\/exaudi.org\/it\/author\/dlvedi-org\/"}]}},"jetpack_featured_media_url":"https:\/\/exaudi.org\/wp-content\/uploads\/2022\/12\/pexels-andrea-piacquadio-937690-scaled.jpg","jetpack_shortlink":"https:\/\/wp.me\/pgKjF2-iEj","_links":{"self":[{"href":"https:\/\/exaudi.org\/it\/wp-json\/wp\/v2\/posts\/71691","targetHints":{"allow":["GET"]}}],"collection":[{"href":"https:\/\/exaudi.org\/it\/wp-json\/wp\/v2\/posts"}],"about":[{"href":"https:\/\/exaudi.org\/it\/wp-json\/wp\/v2\/types\/post"}],"author":[{"embeddable":true,"href":"https:\/\/exaudi.org\/it\/wp-json\/wp\/v2\/users\/17"}],"replies":[{"embeddable":true,"href":"https:\/\/exaudi.org\/it\/wp-json\/wp\/v2\/comments?post=71691"}],"version-history":[{"count":0,"href":"https:\/\/exaudi.org\/it\/wp-json\/wp\/v2\/posts\/71691\/revisions"}],"wp:featuredmedia":[{"embeddable":true,"href":"https:\/\/exaudi.org\/it\/wp-json\/wp\/v2\/media\/66624"}],"wp:attachment":[{"href":"https:\/\/exaudi.org\/it\/wp-json\/wp\/v2\/media?parent=71691"}],"wp:term":[{"taxonomy":"category","embeddable":true,"href":"https:\/\/exaudi.org\/it\/wp-json\/wp\/v2\/categories?post=71691"},{"taxonomy":"post_tag","embeddable":true,"href":"https:\/\/exaudi.org\/it\/wp-json\/wp\/v2\/tags?post=71691"}],"curies":[{"name":"wp","href":"https:\/\/api.w.org\/{rel}","templated":true}]}}